{"id":4289,"date":"2021-06-08T13:50:05","date_gmt":"2021-06-08T11:50:05","guid":{"rendered":"https:\/\/casal.puntzero.cat\/noticies\/anar-de-vacances-amb-nens-i-nenes\/"},"modified":"2023-05-01T17:45:30","modified_gmt":"2023-05-01T15:45:30","slug":"anar-de-vacances-amb-nens-i-nenes","status":"publish","type":"post","link":"https:\/\/www.casaldelsinfants.org\/es\/actualidad\/donde-ir-de-vacaciones-con-ninos-y-ninas\/","title":{"rendered":"D\u00f3nde ir de vacaciones con ni\u00f1os y ni\u00f1as"},"content":{"rendered":"<p><span style=\"color:#000000;\">Nos encontramos en la recta final del curso escolar y muchos padres y madres empez\u00e1is a organizar el temido tetris<b> <\/b>para gestionar (un poco aterrados, como cada a\u00f1o) los m\u00e1s de dos meses de vacaciones de vuestros hijos e hijas.\u00a0<\/span><\/p>\n<p><span style=\"color:#000000;\">Salir de la ciudad y tomar aire es una idea genial para relajarnos, cargar las pilas y mantener a los m\u00e1s peque\u00f1os entretenidos, y m\u00e1s despu\u00e9s de un a\u00f1o en el que nos hemos sentido m\u00e1s encerrados que nunca.\u00a0<\/span><\/p>\n<p dir=\"ltr\"><span style=\"color:#000000;\"><meta charset=\"utf-8\" \/><\/span><span style=\"color:#000000;\">Si est\u00e1s pensando en realizar alguna escapada con ni\u00f1os este verano, en este art\u00edculo encontrar\u00e1s algunas ideas para tus <strong>vacaciones con ni\u00f1os y ni\u00f1as<\/strong>.\u00a0<\/span><\/p>\n<p dir=\"ltr\">\u00a0<\/p>\n<p dir=\"ltr\"><b id=\"docs-internal-guid-1dd03ad6-7fff-b328-d5d8-968fd71bcead\">\u00a1Vamos a la playa!<\/b><\/p>\n<p dir=\"ltr\"><span style=\"color:#000000;\">Tenemos la suerte de disponer de playas estupendas en nuestras costas y con el calorcito del verano nada apetece m\u00e1s que un buen chapuz\u00f3n.\u00a0<\/span><\/p>\n<p dir=\"ltr\"><span style=\"color:#000000;\">En verano la playa siempre es uno de los mejores destinos para disfrutar en familia, los ni\u00f1os se lo pasan pipa, t\u00fa puedes morenearte y relajarte (un poco) y adem\u00e1s es gratis.\u00a0<\/span><\/p>\n<p><img decoding=\"async\" alt=\"tumbona i pilota a la platja \" data-entity-type=\"file\" data-entity-uuid=\"a7c7014f-132c-427f-81e5-e50b0c941d06\" data-image-style=\"large\" src=\"\/wp-content\/uploads\/inline-images\/casaldelsinfantsplatja.jpg\" width=\"480\" height=\"320\" typeof=\"foaf:Image\" class=\"align-center\" \/><\/p>\n<p dir=\"ltr\">\u00a0<\/p>\n<p dir=\"ltr\"><span style=\"color:#000000;\">Port de la Selva en Girona, Playa de Laxe en A Coru\u00f1a, la Playa de Las Canteras en Gran Canarias\u2026 son playas que os encantar\u00e1n tanto a ti como a tus hijos e hijas porque son algunas de<\/span><a href=\"https:\/\/saposyprincesas.elmundo.es\/actividades-ninos\/mejores\/las-mejores-playas-para-ir-con-ninos\/\"> <\/a><b><a href=\"https:\/\/saposyprincesas.elmundo.es\/actividades-ninos\/mejores\/las-mejores-playas-para-ir-con-ninos\/\"><u>las mejores playas para ir con ni\u00f1os este verano 2021.<\/u> <\/a>\u00a0<\/b><span style=\"color:#000000;\">\u00a1Prepara la crema solar y la sombrilla para tus vacaciones en familia!\u00a0<\/span><\/p>\n<p dir=\"ltr\"><meta charset=\"utf-8\" \/><\/p>\n<p>\u00a0<\/p>\n<p dir=\"ltr\"><b id=\"docs-internal-guid-519ed7b7-7fff-4e2f-e977-351a03aba917\">Escapadas a la monta\u00f1a\u00a0<\/b><\/p>\n<p dir=\"ltr\"><span style=\"color:#000000;\">Reconectar con la naturaleza, el verde de los montes, escuchar a los pajaritos al despertar y el canto de los grillos por las noches, respirar aire puro, jugar a ser exploradores, organizar gincanas\u2026 son tantas las maravillas que nos ofrecen las vacaciones con ni\u00f1os en la monta\u00f1a.\u00a0<\/span><\/p>\n<p dir=\"ltr\"><span style=\"color:#000000;\">Descubrir Las Rocas Encantadas en Osona o disfrutar con la espectacular belleza del Lago de Malniu en La Cerda\u00f1a son algunas de las excursiones que puedes realizar si decides organizar tus<\/span><b><span style=\"color:#000000;\"> <\/span><\/b><b><u><a href=\"https:\/\/www.petitsgranshotelsdecatalunya.com\/catalunya\/10-excursiones-con-ninos-por-catalunya\/\">vacaciones con ni\u00f1os en la monta\u00f1a<\/a><\/u><span style=\"color:#000000;\">. <\/span><\/b><span style=\"color:#000000;\">Las escapadas en la naturaleza para toda la familia que ofrece el territorio catal\u00e1n son infinitas.\u00a0<\/span><\/p>\n<p><img decoding=\"async\" alt=\"nen a la muntanya\" data-entity-type=\"file\" data-entity-uuid=\"a43e5c55-8c2d-4ddf-a0f0-5c141f1a843c\" data-image-style=\"large\" src=\"\/wp-content\/uploads\/inline-images\/casaldelsinfantsmuntanya.jpg\" width=\"480\" height=\"320\" typeof=\"foaf:Image\" class=\"align-center\" \/><\/p>\n<p dir=\"ltr\">\u00a0<\/p>\n<p dir=\"ltr\"><b id=\"docs-internal-guid-f5c73f9b-7fff-ccc0-8970-39d0f9e2d9ed\">\u00bfD\u00f3nde alojarse con ni\u00f1os?\u00a0<\/b><\/p>\n<p dir=\"ltr\"><span style=\"color:#000000;\">Una vez resuelto el dilema entre playa o monta\u00f1a para tus<b> vacaciones en familia <\/b>para este verano, te queda solucionar otro tema: \u00bfcu\u00e1l es la mejor opci\u00f3n de alojamiento si viajamos con ni\u00f1os?<\/span><\/p>\n<p dir=\"ltr\"><meta charset=\"utf-8\" \/><\/p>\n<p dir=\"ltr\"><span style=\"color:#000000;\">Quiz\u00e1s te seduzca la idea de un hotel con todo inclu\u00eddo, puede que seas m\u00e1s de ir a un camping en el que tus hijos e hijas no se aburran nunca o es posible que a vuestra familia os encante el turismo rural.<\/span><\/p>\n<p dir=\"ltr\"><span style=\"color:#000000;\">Las ofertas son variadas y para todos los gustos, te dejamos algunas propuestas de alojamiento para tus<b> escapadas con ni\u00f1os<\/b>, tambi\u00e9n por si quer\u00e9is que vuestra mascota disfrute de las vacaciones con vosotros:\u00a0<\/span><\/p>\n<ul>\n<li aria-level=\"1\" dir=\"ltr\">\n<p dir=\"ltr\" role=\"presentation\"><u><a href=\"https:\/\/familiasenruta.com\/hoteles-con-ninos-vacaciones-en-familia\/\">Hoteles\u00a0<\/a><\/u><\/p>\n<\/li>\n<li aria-level=\"1\" dir=\"ltr\">\n<p dir=\"ltr\" role=\"presentation\"><u><a href=\"https:\/\/www.etapainfantil.com\/campings-ninos-cataluna\">Campings\u00a0\u00a0<\/a><\/u><\/p>\n<\/li>\n<li aria-level=\"1\" dir=\"ltr\">\n<p dir=\"ltr\" role=\"presentation\"><u><a href=\"https:\/\/www.clubrural.com\/casas-rurales\/cataluna\">Turismo rural\u00a0<\/a><\/u><\/p>\n<\/li>\n<li aria-level=\"1\" dir=\"ltr\">\n<p dir=\"ltr\" role=\"presentation\"><u><a href=\"https:\/\/www.buscounchollo.com\/escapadas\/chollos-ninos\/11\/\">Ofertas econ\u00f3micas\u00a0<\/a><\/u><\/p>\n<\/li>\n<li aria-level=\"1\" dir=\"ltr\">\n<p dir=\"ltr\" role=\"presentation\"><u><a href=\"https:\/\/www.viajes4patas.com\/blog\/397-alojamientos-admiten-mascota-cerca-de-playa-para-perros\">Alojamiento Dog-Friendly\u00a0<\/a><\/u><\/p>\n<\/li>\n<\/ul>\n<p>\u00a0<\/p>\n<p dir=\"ltr\"><b id=\"docs-internal-guid-f5c73f9b-7fff-ccc0-8970-39d0f9e2d9ed\">Campamentos para toda la familia<\/b><\/p>\n<p dir=\"ltr\"><span style=\"color:#000000;\">Normalmente mandamos a los ni\u00f1os de campamentos, que no est\u00e1 nada mal, ya que esos d\u00edas en que est\u00e1n fuera de casa acostumbran a convertirse en nuestras verdaderas vacaciones, pero puede que este a\u00f1o te apetezca probar algo distinto para tus vacaciones en familia.\u00a0<\/span><\/p>\n<p dir=\"ltr\"><span style=\"color:#000000;\">Una propuesta muy original para los padres y madres m\u00e1s conectados con su ni\u00f1o interior, son los campamentos familiares como <\/span><u><a href=\"https:\/\/www.planeta40.com\/actividad\/jugattopia\/\">Jugattop\u00eda<\/a><\/u><span style=\"color:#000000;\">, que se celebra del 9 al 14 de agosto de 2021 en el Pant\u00e0 de Sau con ni\u00f1os y ni\u00f1as de los 0 a los 14 a\u00f1os y sus padres y madres.\u00a0<\/span><\/p>\n<p dir=\"ltr\"><span style=\"color:#000000;\">Naturaleza, mucho juego, aventuras y hacer volar la imaginaci\u00f3n,<b> <\/b><b>compartiendo diversi\u00f3n y experiencias con tus hijos e hijas<\/b> y con otras familias con ganas de pasarlo bien. Un plan perfecto para cargaros de buenos momentos y de recuerdos que os acompa\u00f1ar\u00e1n el resto del a\u00f1o a toda la familia.\u00a0<\/span><\/p>\n<p dir=\"ltr\">\u00a0<\/p>\n<p dir=\"ltr\"><b id=\"docs-internal-guid-f5c73f9b-7fff-ccc0-8970-39d0f9e2d9ed\">Un a\u00f1o muy duro\u00a0<\/b><\/p>\n<p dir=\"ltr\"><span style=\"color:#000000;\">Posiblemente ya estar\u00e1s barajando cu\u00e1l de las escapadas con ni\u00f1os que te hemos propuesto encaja m\u00e1s con vuestra familia, y es que <b>este a\u00f1o, m\u00e1s que nunca, nos merecemos vacaciones y disfrutar de un gran verano.\u00a0<\/b><\/span><\/p>\n<p dir=\"ltr\"><span style=\"color:#000000;\">Ha sido un a\u00f1o largo y dif\u00edcil para todos y todas, tambi\u00e9n para los ni\u00f1os, ni\u00f1as y j\u00f3venes que acompa\u00f1amos cada d\u00eda en el Casal dels Infants. Ellos y ellas tambi\u00e9n se merecen un gran verano, y por eso <b>no cerramos en vacaciones y ofrecemos casales de verano, campamentos y colonias para los ni\u00f1os y ni\u00f1as m\u00e1s vulnerables.\u00a0<\/b><\/span><\/p>\n<p><img decoding=\"async\" alt=\"activitat amb nens al casal dels infants \" data-entity-type=\"file\" data-entity-uuid=\"351bca7b-428c-4a77-a066-01b376c3ec8c\" data-image-style=\"large\" src=\"\/wp-content\/uploads\/inline-images\/casaldelsinfantsactivitat.JPG\" width=\"448\" height=\"299\" typeof=\"foaf:Image\" class=\"align-center\" \/><\/p>\n<p dir=\"ltr\">\u00a0<\/p>\n<p dir=\"ltr\">\u00a0<\/p>\n<p dir=\"ltr\"><meta charset=\"utf-8\" \/><a href=\"https:\/\/www.casaldelsinfants.org\/es\/que-puedes-hacer-tu\/haz-un-donativo\/\" title=\"Haz un donativo\"><b id=\"docs-internal-guid-c2e7eb81-7fff-2e91-29f3-6789b724a03b\">\u00a1Ay\u00fadanos a hacerlo posible! <\/b><\/a><\/p>\n<p dir=\"ltr\"><b>\u00a1Garanticemos que 1.600\u00a0ni\u00f1os, ni\u00f1as y j\u00f3venes en riesgo de exclusi\u00f3n tambi\u00e9n tengan un gran verano!<\/b><\/p>\n<p dir=\"ltr\">\u00a0<\/p>\n<p>\u00a0<\/p>\n<p>\u00a0<\/p>\n","protected":false},"excerpt":{"rendered":"<p>Nos encontramos en la recta final del curso escolar y muchos padres y madres empez\u00e1is a organizar el temido tetris para gestionar (un poco aterrados, como cada a\u00f1o) los m\u00e1s de dos meses de vacaciones de vuestros hijos e hijas.\u00a0 Salir de la ciudad y tomar aire es una idea genial para relajarnos, cargar las [&hellip;]<\/p>\n","protected":false},"author":1,"featured_media":3069,"comment_status":"open","ping_status":"open","sticky":false,"template":"","format":"standard","meta":{"_acf_changed":false,"_et_pb_use_builder":"","_et_pb_old_content":"","_et_gb_content_width":"","inline_featured_image":false,"footnotes":""},"categories":[125],"tags":[],"seus":[],"eixos":[],"class_list":["post-4289","post","type-post","status-publish","format-standard","has-post-thumbnail","hentry","category-noticias"],"acf":[],"yoast_head":"<!-- This site is optimized with the Yoast SEO plugin v27.4 - https:\/\/yoast.com\/product\/yoast-seo-wordpress\/ -->\n<title>noticias | D\u00d3NDE IR DE VACACIONES CON NI\u00d1OS Y NI\u00d1AS<\/title>\n<meta name=\"description\" content=\"\u00a1Descubre los mejores planes para ir de vacaciones con ni\u00f1os y ni\u00f1as este verano 2021!\" \/>\n<meta name=\"robots\" content=\"index, follow, max-snippet:-1, max-image-preview:large, max-video-preview:-1\" \/>\n<link rel=\"canonical\" href=\"https:\/\/www.casaldelsinfants.org\/es\/actualidad\/donde-ir-de-vacaciones-con-ninos-y-ninas\/\" \/>\n<meta property=\"og:locale\" content=\"es_ES\" \/>\n<meta property=\"og:type\" content=\"article\" \/>\n<meta property=\"og:title\" content=\"noticias | D\u00d3NDE IR DE VACACIONES CON NI\u00d1OS Y NI\u00d1AS\" \/>\n<meta property=\"og:description\" content=\"\u00a1Descubre los mejores planes para ir de vacaciones con ni\u00f1os y ni\u00f1as este verano 2021!\" \/>\n<meta property=\"og:url\" content=\"https:\/\/www.casaldelsinfants.org\/es\/actualidad\/donde-ir-de-vacaciones-con-ninos-y-ninas\/\" \/>\n<meta property=\"og:site_name\" content=\"Casal dels Infants\" \/>\n<meta property=\"article:publisher\" content=\"https:\/\/www.facebook.com\/casalinfants\" \/>\n<meta property=\"article:published_time\" content=\"2021-06-08T11:50:05+00:00\" \/>\n<meta property=\"article:modified_time\" content=\"2023-05-01T15:45:30+00:00\" \/>\n<meta property=\"og:image\" content=\"https:\/\/www.casaldelsinfants.org\/wp-content\/uploads\/casaldelsinfantsvacances.jpg\" \/>\n\t<meta property=\"og:image:width\" content=\"640\" \/>\n\t<meta property=\"og:image:height\" content=\"427\" \/>\n\t<meta property=\"og:image:type\" content=\"image\/jpeg\" \/>\n<meta name=\"author\" content=\"cdiAdmin\" \/>\n<meta name=\"twitter:card\" content=\"summary_large_image\" \/>\n<meta name=\"twitter:creator\" content=\"@casalinfants\" \/>\n<meta name=\"twitter:site\" content=\"@casalinfants\" \/>\n<meta name=\"twitter:label1\" content=\"Escrito por\" \/>\n\t<meta name=\"twitter:data1\" content=\"cdiAdmin\" \/>\n\t<meta name=\"twitter:label2\" content=\"Tiempo de lectura\" \/>\n\t<meta name=\"twitter:data2\" content=\"4 minutos\" \/>\n<script type=\"application\/ld+json\" class=\"yoast-schema-graph\">{\"@context\":\"https:\\\/\\\/schema.org\",\"@graph\":[{\"@type\":\"Article\",\"@id\":\"https:\\\/\\\/www.casaldelsinfants.org\\\/es\\\/actualidad\\\/donde-ir-de-vacaciones-con-ninos-y-ninas\\\/#article\",\"isPartOf\":{\"@id\":\"https:\\\/\\\/www.casaldelsinfants.org\\\/es\\\/actualidad\\\/donde-ir-de-vacaciones-con-ninos-y-ninas\\\/\"},\"author\":{\"name\":\"cdiAdmin\",\"@id\":\"https:\\\/\\\/www.casaldelsinfants.org\\\/es\\\/#\\\/schema\\\/person\\\/97707fc8c64900cf36891127dbf9fba8\"},\"headline\":\"D\u00f3nde ir de vacaciones con ni\u00f1os y ni\u00f1as\",\"datePublished\":\"2021-06-08T11:50:05+00:00\",\"dateModified\":\"2023-05-01T15:45:30+00:00\",\"mainEntityOfPage\":{\"@id\":\"https:\\\/\\\/www.casaldelsinfants.org\\\/es\\\/actualidad\\\/donde-ir-de-vacaciones-con-ninos-y-ninas\\\/\"},\"wordCount\":803,\"commentCount\":0,\"publisher\":{\"@id\":\"https:\\\/\\\/www.casaldelsinfants.org\\\/es\\\/#organization\"},\"image\":{\"@id\":\"https:\\\/\\\/www.casaldelsinfants.org\\\/es\\\/actualidad\\\/donde-ir-de-vacaciones-con-ninos-y-ninas\\\/#primaryimage\"},\"thumbnailUrl\":\"https:\\\/\\\/www.casaldelsinfants.org\\\/wp-content\\\/uploads\\\/casaldelsinfantsvacances.jpg\",\"articleSection\":[\"Noticia\"],\"inLanguage\":\"es\",\"potentialAction\":[{\"@type\":\"CommentAction\",\"name\":\"Comment\",\"target\":[\"https:\\\/\\\/www.casaldelsinfants.org\\\/es\\\/actualidad\\\/donde-ir-de-vacaciones-con-ninos-y-ninas\\\/#respond\"]}]},{\"@type\":\"WebPage\",\"@id\":\"https:\\\/\\\/www.casaldelsinfants.org\\\/es\\\/actualidad\\\/donde-ir-de-vacaciones-con-ninos-y-ninas\\\/\",\"url\":\"https:\\\/\\\/www.casaldelsinfants.org\\\/es\\\/actualidad\\\/donde-ir-de-vacaciones-con-ninos-y-ninas\\\/\",\"name\":\"noticias | D\u00d3NDE IR DE VACACIONES CON NI\u00d1OS Y NI\u00d1AS\",\"isPartOf\":{\"@id\":\"https:\\\/\\\/www.casaldelsinfants.org\\\/es\\\/#website\"},\"primaryImageOfPage\":{\"@id\":\"https:\\\/\\\/www.casaldelsinfants.org\\\/es\\\/actualidad\\\/donde-ir-de-vacaciones-con-ninos-y-ninas\\\/#primaryimage\"},\"image\":{\"@id\":\"https:\\\/\\\/www.casaldelsinfants.org\\\/es\\\/actualidad\\\/donde-ir-de-vacaciones-con-ninos-y-ninas\\\/#primaryimage\"},\"thumbnailUrl\":\"https:\\\/\\\/www.casaldelsinfants.org\\\/wp-content\\\/uploads\\\/casaldelsinfantsvacances.jpg\",\"datePublished\":\"2021-06-08T11:50:05+00:00\",\"dateModified\":\"2023-05-01T15:45:30+00:00\",\"description\":\"\u00a1Descubre los mejores planes para ir de vacaciones con ni\u00f1os y ni\u00f1as este verano 2021!\",\"breadcrumb\":{\"@id\":\"https:\\\/\\\/www.casaldelsinfants.org\\\/es\\\/actualidad\\\/donde-ir-de-vacaciones-con-ninos-y-ninas\\\/#breadcrumb\"},\"inLanguage\":\"es\",\"potentialAction\":[{\"@type\":\"ReadAction\",\"target\":[\"https:\\\/\\\/www.casaldelsinfants.org\\\/es\\\/actualidad\\\/donde-ir-de-vacaciones-con-ninos-y-ninas\\\/\"]}]},{\"@type\":\"ImageObject\",\"inLanguage\":\"es\",\"@id\":\"https:\\\/\\\/www.casaldelsinfants.org\\\/es\\\/actualidad\\\/donde-ir-de-vacaciones-con-ninos-y-ninas\\\/#primaryimage\",\"url\":\"https:\\\/\\\/www.casaldelsinfants.org\\\/wp-content\\\/uploads\\\/casaldelsinfantsvacances.jpg\",\"contentUrl\":\"https:\\\/\\\/www.casaldelsinfants.org\\\/wp-content\\\/uploads\\\/casaldelsinfantsvacances.jpg\",\"width\":640,\"height\":427,\"caption\":\"Nens a les col\u00f2nies d'estiu fent foguera\"},{\"@type\":\"BreadcrumbList\",\"@id\":\"https:\\\/\\\/www.casaldelsinfants.org\\\/es\\\/actualidad\\\/donde-ir-de-vacaciones-con-ninos-y-ninas\\\/#breadcrumb\",\"itemListElement\":[{\"@type\":\"ListItem\",\"position\":1,\"name\":\"Inici\",\"item\":\"https:\\\/\\\/www.casaldelsinfants.org\\\/es\\\/\"},{\"@type\":\"ListItem\",\"position\":2,\"name\":\"D\u00f3nde ir de vacaciones con ni\u00f1os y ni\u00f1as\"}]},{\"@type\":\"WebSite\",\"@id\":\"https:\\\/\\\/www.casaldelsinfants.org\\\/es\\\/#website\",\"url\":\"https:\\\/\\\/www.casaldelsinfants.org\\\/es\\\/\",\"name\":\"Casal dels Infants\",\"description\":\"\",\"publisher\":{\"@id\":\"https:\\\/\\\/www.casaldelsinfants.org\\\/es\\\/#organization\"},\"potentialAction\":[{\"@type\":\"SearchAction\",\"target\":{\"@type\":\"EntryPoint\",\"urlTemplate\":\"https:\\\/\\\/www.casaldelsinfants.org\\\/es\\\/?s={search_term_string}\"},\"query-input\":{\"@type\":\"PropertyValueSpecification\",\"valueRequired\":true,\"valueName\":\"search_term_string\"}}],\"inLanguage\":\"es\"},{\"@type\":\"Organization\",\"@id\":\"https:\\\/\\\/www.casaldelsinfants.org\\\/es\\\/#organization\",\"name\":\"Casal dels Infants\",\"url\":\"https:\\\/\\\/www.casaldelsinfants.org\\\/es\\\/\",\"logo\":{\"@type\":\"ImageObject\",\"inLanguage\":\"es\",\"@id\":\"https:\\\/\\\/www.casaldelsinfants.org\\\/es\\\/#\\\/schema\\\/logo\\\/image\\\/\",\"url\":\"https:\\\/\\\/www.casaldelsinfants.org\\\/wp-content\\\/uploads\\\/logo-mail.png\",\"contentUrl\":\"https:\\\/\\\/www.casaldelsinfants.org\\\/wp-content\\\/uploads\\\/logo-mail.png\",\"width\":380,\"height\":158,\"caption\":\"Casal dels Infants\"},\"image\":{\"@id\":\"https:\\\/\\\/www.casaldelsinfants.org\\\/es\\\/#\\\/schema\\\/logo\\\/image\\\/\"},\"sameAs\":[\"https:\\\/\\\/www.facebook.com\\\/casalinfants\",\"https:\\\/\\\/x.com\\\/casalinfants\",\"https:\\\/\\\/www.youtube.com\\\/user\\\/CasaldelsInfants1\",\"https:\\\/\\\/www.instagram.com\\\/casalinfants\\\/\",\"https:\\\/\\\/www.linkedin.com\\\/company\\\/casaldelsinfants?trk=organization-update_share-update_actor-text\"]},{\"@type\":\"Person\",\"@id\":\"https:\\\/\\\/www.casaldelsinfants.org\\\/es\\\/#\\\/schema\\\/person\\\/97707fc8c64900cf36891127dbf9fba8\",\"name\":\"cdiAdmin\",\"sameAs\":[\"https:\\\/\\\/casaldelsinfants.org\"]}]}<\/script>\n<!-- \/ Yoast SEO plugin. -->","yoast_head_json":{"title":"noticias | D\u00d3NDE IR DE VACACIONES CON NI\u00d1OS Y NI\u00d1AS","description":"\u00a1Descubre los mejores planes para ir de vacaciones con ni\u00f1os y ni\u00f1as este verano 2021!","robots":{"index":"index","follow":"follow","max-snippet":"max-snippet:-1","max-image-preview":"max-image-preview:large","max-video-preview":"max-video-preview:-1"},"canonical":"https:\/\/www.casaldelsinfants.org\/es\/actualidad\/donde-ir-de-vacaciones-con-ninos-y-ninas\/","og_locale":"es_ES","og_type":"article","og_title":"noticias | D\u00d3NDE IR DE VACACIONES CON NI\u00d1OS Y NI\u00d1AS","og_description":"\u00a1Descubre los mejores planes para ir de vacaciones con ni\u00f1os y ni\u00f1as este verano 2021!","og_url":"https:\/\/www.casaldelsinfants.org\/es\/actualidad\/donde-ir-de-vacaciones-con-ninos-y-ninas\/","og_site_name":"Casal dels Infants","article_publisher":"https:\/\/www.facebook.com\/casalinfants","article_published_time":"2021-06-08T11:50:05+00:00","article_modified_time":"2023-05-01T15:45:30+00:00","og_image":[{"width":640,"height":427,"url":"https:\/\/www.casaldelsinfants.org\/wp-content\/uploads\/casaldelsinfantsvacances.jpg","type":"image\/jpeg"}],"author":"cdiAdmin","twitter_card":"summary_large_image","twitter_creator":"@casalinfants","twitter_site":"@casalinfants","twitter_misc":{"Escrito por":"cdiAdmin","Tiempo de lectura":"4 minutos"},"schema":{"@context":"https:\/\/schema.org","@graph":[{"@type":"Article","@id":"https:\/\/www.casaldelsinfants.org\/es\/actualidad\/donde-ir-de-vacaciones-con-ninos-y-ninas\/#article","isPartOf":{"@id":"https:\/\/www.casaldelsinfants.org\/es\/actualidad\/donde-ir-de-vacaciones-con-ninos-y-ninas\/"},"author":{"name":"cdiAdmin","@id":"https:\/\/www.casaldelsinfants.org\/es\/#\/schema\/person\/97707fc8c64900cf36891127dbf9fba8"},"headline":"D\u00f3nde ir de vacaciones con ni\u00f1os y ni\u00f1as","datePublished":"2021-06-08T11:50:05+00:00","dateModified":"2023-05-01T15:45:30+00:00","mainEntityOfPage":{"@id":"https:\/\/www.casaldelsinfants.org\/es\/actualidad\/donde-ir-de-vacaciones-con-ninos-y-ninas\/"},"wordCount":803,"commentCount":0,"publisher":{"@id":"https:\/\/www.casaldelsinfants.org\/es\/#organization"},"image":{"@id":"https:\/\/www.casaldelsinfants.org\/es\/actualidad\/donde-ir-de-vacaciones-con-ninos-y-ninas\/#primaryimage"},"thumbnailUrl":"https:\/\/www.casaldelsinfants.org\/wp-content\/uploads\/casaldelsinfantsvacances.jpg","articleSection":["Noticia"],"inLanguage":"es","potentialAction":[{"@type":"CommentAction","name":"Comment","target":["https:\/\/www.casaldelsinfants.org\/es\/actualidad\/donde-ir-de-vacaciones-con-ninos-y-ninas\/#respond"]}]},{"@type":"WebPage","@id":"https:\/\/www.casaldelsinfants.org\/es\/actualidad\/donde-ir-de-vacaciones-con-ninos-y-ninas\/","url":"https:\/\/www.casaldelsinfants.org\/es\/actualidad\/donde-ir-de-vacaciones-con-ninos-y-ninas\/","name":"noticias | D\u00d3NDE IR DE VACACIONES CON NI\u00d1OS Y NI\u00d1AS","isPartOf":{"@id":"https:\/\/www.casaldelsinfants.org\/es\/#website"},"primaryImageOfPage":{"@id":"https:\/\/www.casaldelsinfants.org\/es\/actualidad\/donde-ir-de-vacaciones-con-ninos-y-ninas\/#primaryimage"},"image":{"@id":"https:\/\/www.casaldelsinfants.org\/es\/actualidad\/donde-ir-de-vacaciones-con-ninos-y-ninas\/#primaryimage"},"thumbnailUrl":"https:\/\/www.casaldelsinfants.org\/wp-content\/uploads\/casaldelsinfantsvacances.jpg","datePublished":"2021-06-08T11:50:05+00:00","dateModified":"2023-05-01T15:45:30+00:00","description":"\u00a1Descubre los mejores planes para ir de vacaciones con ni\u00f1os y ni\u00f1as este verano 2021!","breadcrumb":{"@id":"https:\/\/www.casaldelsinfants.org\/es\/actualidad\/donde-ir-de-vacaciones-con-ninos-y-ninas\/#breadcrumb"},"inLanguage":"es","potentialAction":[{"@type":"ReadAction","target":["https:\/\/www.casaldelsinfants.org\/es\/actualidad\/donde-ir-de-vacaciones-con-ninos-y-ninas\/"]}]},{"@type":"ImageObject","inLanguage":"es","@id":"https:\/\/www.casaldelsinfants.org\/es\/actualidad\/donde-ir-de-vacaciones-con-ninos-y-ninas\/#primaryimage","url":"https:\/\/www.casaldelsinfants.org\/wp-content\/uploads\/casaldelsinfantsvacances.jpg","contentUrl":"https:\/\/www.casaldelsinfants.org\/wp-content\/uploads\/casaldelsinfantsvacances.jpg","width":640,"height":427,"caption":"Nens a les col\u00f2nies d'estiu fent foguera"},{"@type":"BreadcrumbList","@id":"https:\/\/www.casaldelsinfants.org\/es\/actualidad\/donde-ir-de-vacaciones-con-ninos-y-ninas\/#breadcrumb","itemListElement":[{"@type":"ListItem","position":1,"name":"Inici","item":"https:\/\/www.casaldelsinfants.org\/es\/"},{"@type":"ListItem","position":2,"name":"D\u00f3nde ir de vacaciones con ni\u00f1os y ni\u00f1as"}]},{"@type":"WebSite","@id":"https:\/\/www.casaldelsinfants.org\/es\/#website","url":"https:\/\/www.casaldelsinfants.org\/es\/","name":"Casal dels Infants","description":"","publisher":{"@id":"https:\/\/www.casaldelsinfants.org\/es\/#organization"},"potentialAction":[{"@type":"SearchAction","target":{"@type":"EntryPoint","urlTemplate":"https:\/\/www.casaldelsinfants.org\/es\/?s={search_term_string}"},"query-input":{"@type":"PropertyValueSpecification","valueRequired":true,"valueName":"search_term_string"}}],"inLanguage":"es"},{"@type":"Organization","@id":"https:\/\/www.casaldelsinfants.org\/es\/#organization","name":"Casal dels Infants","url":"https:\/\/www.casaldelsinfants.org\/es\/","logo":{"@type":"ImageObject","inLanguage":"es","@id":"https:\/\/www.casaldelsinfants.org\/es\/#\/schema\/logo\/image\/","url":"https:\/\/www.casaldelsinfants.org\/wp-content\/uploads\/logo-mail.png","contentUrl":"https:\/\/www.casaldelsinfants.org\/wp-content\/uploads\/logo-mail.png","width":380,"height":158,"caption":"Casal dels Infants"},"image":{"@id":"https:\/\/www.casaldelsinfants.org\/es\/#\/schema\/logo\/image\/"},"sameAs":["https:\/\/www.facebook.com\/casalinfants","https:\/\/x.com\/casalinfants","https:\/\/www.youtube.com\/user\/CasaldelsInfants1","https:\/\/www.instagram.com\/casalinfants\/","https:\/\/www.linkedin.com\/company\/casaldelsinfants?trk=organization-update_share-update_actor-text"]},{"@type":"Person","@id":"https:\/\/www.casaldelsinfants.org\/es\/#\/schema\/person\/97707fc8c64900cf36891127dbf9fba8","name":"cdiAdmin","sameAs":["https:\/\/casaldelsinfants.org"]}]}},"publishpress_future_action":{"enabled":false,"date":"2026-05-09 03:56:24","action":"change-status","newStatus":"draft","terms":[],"taxonomy":"category","extraData":[]},"publishpress_future_workflow_manual_trigger":{"enabledWorkflows":[]},"_links":{"self":[{"href":"https:\/\/www.casaldelsinfants.org\/es\/wp-json\/wp\/v2\/posts\/4289","targetHints":{"allow":["GET"]}}],"collection":[{"href":"https:\/\/www.casaldelsinfants.org\/es\/wp-json\/wp\/v2\/posts"}],"about":[{"href":"https:\/\/www.casaldelsinfants.org\/es\/wp-json\/wp\/v2\/types\/post"}],"author":[{"embeddable":true,"href":"https:\/\/www.casaldelsinfants.org\/es\/wp-json\/wp\/v2\/users\/1"}],"replies":[{"embeddable":true,"href":"https:\/\/www.casaldelsinfants.org\/es\/wp-json\/wp\/v2\/comments?post=4289"}],"version-history":[{"count":1,"href":"https:\/\/www.casaldelsinfants.org\/es\/wp-json\/wp\/v2\/posts\/4289\/revisions"}],"predecessor-version":[{"id":6264,"href":"https:\/\/www.casaldelsinfants.org\/es\/wp-json\/wp\/v2\/posts\/4289\/revisions\/6264"}],"wp:featuredmedia":[{"embeddable":true,"href":"https:\/\/www.casaldelsinfants.org\/es\/wp-json\/wp\/v2\/media\/3069"}],"wp:attachment":[{"href":"https:\/\/www.casaldelsinfants.org\/es\/wp-json\/wp\/v2\/media?parent=4289"}],"wp:term":[{"taxonomy":"category","embeddable":true,"href":"https:\/\/www.casaldelsinfants.org\/es\/wp-json\/wp\/v2\/categories?post=4289"},{"taxonomy":"post_tag","embeddable":true,"href":"https:\/\/www.casaldelsinfants.org\/es\/wp-json\/wp\/v2\/tags?post=4289"},{"taxonomy":"seus","embeddable":true,"href":"https:\/\/www.casaldelsinfants.org\/es\/wp-json\/wp\/v2\/seus?post=4289"},{"taxonomy":"eixos","embeddable":true,"href":"https:\/\/www.casaldelsinfants.org\/es\/wp-json\/wp\/v2\/eixos?post=4289"}],"curies":[{"name":"wp","href":"https:\/\/api.w.org\/{rel}","templated":true}]}}