{"id":4290,"date":"2021-06-02T09:38:48","date_gmt":"2021-06-02T07:38:48","guid":{"rendered":"https:\/\/casal.puntzero.cat\/noticies\/ens-hem-de-sensibilitzar-mes-tenim-desigualtats-molt-greus-en-el-dia-dia\/"},"modified":"2023-05-01T17:45:39","modified_gmt":"2023-05-01T15:45:39","slug":"ens-hem-de-sensibilitzar-mes-tenim-desigualtats-molt-greus-en-el-dia-dia","status":"publish","type":"post","link":"https:\/\/www.casaldelsinfants.org\/es\/actualidad\/tenemos-que-sensibilizarnos-mas-tenemos-desigualdades-muy-graves-en-el-dia-dia\/","title":{"rendered":"\u201cTenemos que sensibilizarnos m\u00e1s. Tenemos desigualdades muy graves en el d\u00eda a d\u00eda\u201d"},"content":{"rendered":"<p class=\"pregunta-entrevista\">\u00bfPor qu\u00e9 te hiciste voluntaria del Casal dels Infants?<\/p>\n<p class=\"verd\"><span style=\"color:#000000;\">Soy adoptada, y he podido tener cerca las desigualdades sociales, ya que vengo de una muy grande. Siempre he tenido ganas de hacer alguna cosa en el mundo del voluntariado y la educaci\u00f3n social. De hecho, quiero formarme en este \u00e1mbito. Primero quise ser voluntaria en Senegal, porque una profesora me lo hab\u00eda recomendado, pero con la Covid-19 no me era posible. Despu\u00e9s encontr\u00e9 un llamado para personas voiluntarias para el Casal dels Infants en hacesfalta.org. Me hablaron muy bien de la entidad, y hice el primer contacto. Me sent\u00ed muy c\u00f3moda y cercana al Casal, me trataron muy bien.<\/span><\/p>\n<p class=\"pregunta-entrevista\">Para alguien que no nos conozca, \u00bfc\u00f3mo explicar\u00edas nuestras actividades de verano?<\/p>\n<p class=\"verd\"><span style=\"color:#000000;\">Durante el verano hacemos muchas actividades. Las de agua encantan\u00a0a los ni\u00f1os y ni\u00f1as: globos, carreras, circuitos de obst\u00e1culos&#8230; Pero tambi\u00e9n hacemos refuerzo educativo, como por ejemplo matem\u00e1ticas, lenguas o comprensi\u00f3n lectora a trav\u00e9s de cuentos. Por las tardes, antes de hacer cualquier actividad, hacemos un rato de relajaci\u00f3n, y tambi\u00e9n estimulamos la creatividad, hablamos de las emociones, de interculturalidad&#8230; Tanto en julio como en agosto las tres primeras semanas hacemos cada d\u00eda casal de verano, de 10 h a 17 h, y la \u00faltima semana de cada mes vamos de colonias, donde disfrutan de la naturaleza y aprenden que se debe cuidar el medio ambiente.<\/span><\/p>\n<p class=\"pregunta-entrevista\">Explicas que est\u00e1s sensibilizada con las desigualdades. Ha sido un a\u00f1o duro para la infancia y las familias que acompa\u00f1amos, con la pandemia. \u00bfPor qu\u00e9 crees que es importante que ahora disfruten del verano?<\/p>\n<p class=\"verd\"><span style=\"color:#000000;\">Cuando llegu\u00e9 el Casal me di cuenta que no hac\u00eda falta ir a \u00c1frica para ver desigualdades graves. En estos meses, las familias han tenido dificultades para cubrir necesidades tan b\u00e1sicas como poder comer. Cuando llegu\u00e9 est\u00e1bamos haciendo el reparto de tarjetas monedero de emergencia para la alimentaci\u00f3n. Tambi\u00e9n me encontr\u00e9 con familias que viv\u00edan seis personas en una habitaci\u00f3n porque las hab\u00edan desahuciado. Son desigualdades que se dan cada d\u00eda, y con la Covid-19 se han agravado. La infancia es una de las edades m\u00e1s importantes, y que ni\u00f1os y ni\u00f1as de 3 o 4 a\u00f1os sufran estas situaciones es puede suponer graves problemas de mayores. Evitarlo y asumir su cuidado es una responsabilidad de la sociedad.<\/span><\/p>\n<p class=\"pregunta-entrevista\">\u00bfQu\u00e9 v\u00ednculo se establece con los ni\u00f1os y ni\u00f1as haciendo voluntariado?<\/p>\n<p class=\"verd\"><span style=\"color:#000000;\">A estos ni\u00f1os y ni\u00f1as de alguna manera te los llevas a casa. Vives las historias de sus familias, y te las llevas para toda la vida. Es llegar al Casal y recibir sonrisas y amor puro. Cualquier persona vendr\u00e1 aqu\u00ed y estar\u00e1 encantada.<\/span><\/p>\n","protected":false},"excerpt":{"rendered":"<div class=\"video-embed-field-responsive-video form-group\"><iframe loading=\"lazy\" width=\"854\" height=\"480\" frameborder=\"0\" allowfullscreen=\"allowfullscreen\" src=\"https:\/\/www.youtube.com\/embed\/hhqKJrlw8X0?autoplay=0&amp;start=0&amp;rel=0\"><\/iframe>\n<\/div>\n<p class=\"text-align-center\">\u00a0<\/p>\n<p class=\"text-align-center\">Adilsia Fern\u00e1ndez tiene 19 a\u00f1os, vive en Barcelona y es voluntaria del Casal dels Infants en Santa Coloma de Gramenet. Explica que la consciencia social y las ganas de luchar contra las desigualdades le vienen por el hecho de ser adoptada. En el Casal ha comprobado que d\u00eda tras d\u00eda hay muchas familias que viven situaciones de exclusi\u00f3n social muy graves, y que como sociedad tenemos que tomar m\u00e1s consciencia y actuar para cambiar la realidad. Empez\u00f3 haciendo de voluntaria el verano pasado, en julio y agosto, con el grupo de medianos (ni\u00f1os y ni\u00f1as de 5 a 8 a\u00f1os). Durante el curso ha seguido apoy\u00e1ndonos en el Centro\u00a0Abierto Anem i Tornem, y este verano volver\u00e1 a participan en el casal de verano y las colonias. Hablamos con ella durante la actividad del Anem y Tornem, en el patio de la escuela Miguel de Unamuno.<\/p>\n<p class=\"text-align-center\">\u00a0<\/p>\n","protected":false},"author":1,"featured_media":0,"comment_status":"open","ping_status":"open","sticky":false,"template":"","format":"standard","meta":{"_acf_changed":false,"_et_pb_use_builder":"","_et_pb_old_content":"","_et_gb_content_width":"","inline_featured_image":false,"footnotes":""},"categories":[127],"tags":[],"seus":[160,19],"eixos":[],"class_list":["post-4290","post","type-post","status-publish","format-standard","hentry","category-entrevista","seus-santa-coloma-de-gramenet"],"acf":[],"yoast_head":"<!-- This site is optimized with the Yoast SEO plugin v27.4 - https:\/\/yoast.com\/product\/yoast-seo-wordpress\/ -->\n<title>entrevista voluntaria Adilsia Fern\u00e1ndez<\/title>\n<meta name=\"description\" content=\"Adilsia Fern\u00e1ndez tiene 19 a\u00f1os, vive en Barcelona y es voluntaria del Casal dels Infants de Santa Coloma de Gamenet. Explica que la consciencia social y las ganas de luchar contra las desigualdades le vienen por el hecho de ser adoptada. Fue voluntaria el verano pasado y este a\u00f1o repetir\u00e1.\" \/>\n<meta name=\"robots\" content=\"index, follow, max-snippet:-1, max-image-preview:large, max-video-preview:-1\" \/>\n<link rel=\"canonical\" href=\"https:\/\/www.casaldelsinfants.org\/es\/actualidad\/tenemos-que-sensibilizarnos-mas-tenemos-desigualdades-muy-graves-en-el-dia-dia\/\" \/>\n<meta property=\"og:locale\" content=\"es_ES\" \/>\n<meta property=\"og:type\" content=\"article\" \/>\n<meta property=\"og:title\" content=\"entrevista voluntaria Adilsia Fern\u00e1ndez\" \/>\n<meta property=\"og:description\" content=\"Adilsia Fern\u00e1ndez tiene 19 a\u00f1os, vive en Barcelona y es voluntaria del Casal dels Infants de Santa Coloma de Gamenet. Explica que la consciencia social y las ganas de luchar contra las desigualdades le vienen por el hecho de ser adoptada. Fue voluntaria el verano pasado y este a\u00f1o repetir\u00e1.\" \/>\n<meta property=\"og:url\" content=\"https:\/\/www.casaldelsinfants.org\/es\/actualidad\/tenemos-que-sensibilizarnos-mas-tenemos-desigualdades-muy-graves-en-el-dia-dia\/\" \/>\n<meta property=\"og:site_name\" content=\"Casal dels Infants\" \/>\n<meta property=\"article:publisher\" content=\"https:\/\/www.facebook.com\/casalinfants\" \/>\n<meta property=\"article:published_time\" content=\"2021-06-02T07:38:48+00:00\" \/>\n<meta property=\"article:modified_time\" content=\"2023-05-01T15:45:39+00:00\" \/>\n<meta name=\"author\" content=\"cdiAdmin\" \/>\n<meta name=\"twitter:card\" content=\"summary_large_image\" \/>\n<meta name=\"twitter:creator\" content=\"@casalinfants\" \/>\n<meta name=\"twitter:site\" content=\"@casalinfants\" \/>\n<meta name=\"twitter:label1\" content=\"Escrito por\" \/>\n\t<meta name=\"twitter:data1\" content=\"cdiAdmin\" \/>\n\t<meta name=\"twitter:label2\" content=\"Tiempo de lectura\" \/>\n\t<meta name=\"twitter:data2\" content=\"2 minutos\" \/>\n<script type=\"application\/ld+json\" class=\"yoast-schema-graph\">{\"@context\":\"https:\\\/\\\/schema.org\",\"@graph\":[{\"@type\":\"Article\",\"@id\":\"https:\\\/\\\/www.casaldelsinfants.org\\\/es\\\/actualidad\\\/tenemos-que-sensibilizarnos-mas-tenemos-desigualdades-muy-graves-en-el-dia-dia\\\/#article\",\"isPartOf\":{\"@id\":\"https:\\\/\\\/www.casaldelsinfants.org\\\/es\\\/actualidad\\\/tenemos-que-sensibilizarnos-mas-tenemos-desigualdades-muy-graves-en-el-dia-dia\\\/\"},\"author\":{\"name\":\"cdiAdmin\",\"@id\":\"https:\\\/\\\/www.casaldelsinfants.org\\\/es\\\/#\\\/schema\\\/person\\\/97707fc8c64900cf36891127dbf9fba8\"},\"headline\":\"\u201cTenemos que sensibilizarnos m\u00e1s. Tenemos desigualdades muy graves en el d\u00eda a d\u00eda\u201d\",\"datePublished\":\"2021-06-02T07:38:48+00:00\",\"dateModified\":\"2023-05-01T15:45:39+00:00\",\"mainEntityOfPage\":{\"@id\":\"https:\\\/\\\/www.casaldelsinfants.org\\\/es\\\/actualidad\\\/tenemos-que-sensibilizarnos-mas-tenemos-desigualdades-muy-graves-en-el-dia-dia\\\/\"},\"wordCount\":485,\"commentCount\":0,\"publisher\":{\"@id\":\"https:\\\/\\\/www.casaldelsinfants.org\\\/es\\\/#organization\"},\"articleSection\":[\"Entrevista\"],\"inLanguage\":\"es\",\"potentialAction\":[{\"@type\":\"CommentAction\",\"name\":\"Comment\",\"target\":[\"https:\\\/\\\/www.casaldelsinfants.org\\\/es\\\/actualidad\\\/tenemos-que-sensibilizarnos-mas-tenemos-desigualdades-muy-graves-en-el-dia-dia\\\/#respond\"]}]},{\"@type\":\"WebPage\",\"@id\":\"https:\\\/\\\/www.casaldelsinfants.org\\\/es\\\/actualidad\\\/tenemos-que-sensibilizarnos-mas-tenemos-desigualdades-muy-graves-en-el-dia-dia\\\/\",\"url\":\"https:\\\/\\\/www.casaldelsinfants.org\\\/es\\\/actualidad\\\/tenemos-que-sensibilizarnos-mas-tenemos-desigualdades-muy-graves-en-el-dia-dia\\\/\",\"name\":\"entrevista voluntaria Adilsia Fern\u00e1ndez\",\"isPartOf\":{\"@id\":\"https:\\\/\\\/www.casaldelsinfants.org\\\/es\\\/#website\"},\"datePublished\":\"2021-06-02T07:38:48+00:00\",\"dateModified\":\"2023-05-01T15:45:39+00:00\",\"description\":\"Adilsia Fern\u00e1ndez tiene 19 a\u00f1os, vive en Barcelona y es voluntaria del Casal dels Infants de Santa Coloma de Gamenet. Explica que la consciencia social y las ganas de luchar contra las desigualdades le vienen por el hecho de ser adoptada. Fue voluntaria el verano pasado y este a\u00f1o repetir\u00e1.\",\"breadcrumb\":{\"@id\":\"https:\\\/\\\/www.casaldelsinfants.org\\\/es\\\/actualidad\\\/tenemos-que-sensibilizarnos-mas-tenemos-desigualdades-muy-graves-en-el-dia-dia\\\/#breadcrumb\"},\"inLanguage\":\"es\",\"potentialAction\":[{\"@type\":\"ReadAction\",\"target\":[\"https:\\\/\\\/www.casaldelsinfants.org\\\/es\\\/actualidad\\\/tenemos-que-sensibilizarnos-mas-tenemos-desigualdades-muy-graves-en-el-dia-dia\\\/\"]}]},{\"@type\":\"BreadcrumbList\",\"@id\":\"https:\\\/\\\/www.casaldelsinfants.org\\\/es\\\/actualidad\\\/tenemos-que-sensibilizarnos-mas-tenemos-desigualdades-muy-graves-en-el-dia-dia\\\/#breadcrumb\",\"itemListElement\":[{\"@type\":\"ListItem\",\"position\":1,\"name\":\"Inici\",\"item\":\"https:\\\/\\\/www.casaldelsinfants.org\\\/es\\\/\"},{\"@type\":\"ListItem\",\"position\":2,\"name\":\"\u201cTenemos que sensibilizarnos m\u00e1s. Tenemos desigualdades muy graves en el d\u00eda a d\u00eda\u201d\"}]},{\"@type\":\"WebSite\",\"@id\":\"https:\\\/\\\/www.casaldelsinfants.org\\\/es\\\/#website\",\"url\":\"https:\\\/\\\/www.casaldelsinfants.org\\\/es\\\/\",\"name\":\"Casal dels Infants\",\"description\":\"\",\"publisher\":{\"@id\":\"https:\\\/\\\/www.casaldelsinfants.org\\\/es\\\/#organization\"},\"potentialAction\":[{\"@type\":\"SearchAction\",\"target\":{\"@type\":\"EntryPoint\",\"urlTemplate\":\"https:\\\/\\\/www.casaldelsinfants.org\\\/es\\\/?s={search_term_string}\"},\"query-input\":{\"@type\":\"PropertyValueSpecification\",\"valueRequired\":true,\"valueName\":\"search_term_string\"}}],\"inLanguage\":\"es\"},{\"@type\":\"Organization\",\"@id\":\"https:\\\/\\\/www.casaldelsinfants.org\\\/es\\\/#organization\",\"name\":\"Casal dels Infants\",\"url\":\"https:\\\/\\\/www.casaldelsinfants.org\\\/es\\\/\",\"logo\":{\"@type\":\"ImageObject\",\"inLanguage\":\"es\",\"@id\":\"https:\\\/\\\/www.casaldelsinfants.org\\\/es\\\/#\\\/schema\\\/logo\\\/image\\\/\",\"url\":\"https:\\\/\\\/www.casaldelsinfants.org\\\/wp-content\\\/uploads\\\/logo-mail.png\",\"contentUrl\":\"https:\\\/\\\/www.casaldelsinfants.org\\\/wp-content\\\/uploads\\\/logo-mail.png\",\"width\":380,\"height\":158,\"caption\":\"Casal dels Infants\"},\"image\":{\"@id\":\"https:\\\/\\\/www.casaldelsinfants.org\\\/es\\\/#\\\/schema\\\/logo\\\/image\\\/\"},\"sameAs\":[\"https:\\\/\\\/www.facebook.com\\\/casalinfants\",\"https:\\\/\\\/x.com\\\/casalinfants\",\"https:\\\/\\\/www.youtube.com\\\/user\\\/CasaldelsInfants1\",\"https:\\\/\\\/www.instagram.com\\\/casalinfants\\\/\",\"https:\\\/\\\/www.linkedin.com\\\/company\\\/casaldelsinfants?trk=organization-update_share-update_actor-text\"]},{\"@type\":\"Person\",\"@id\":\"https:\\\/\\\/www.casaldelsinfants.org\\\/es\\\/#\\\/schema\\\/person\\\/97707fc8c64900cf36891127dbf9fba8\",\"name\":\"cdiAdmin\",\"sameAs\":[\"https:\\\/\\\/casaldelsinfants.org\"]}]}<\/script>\n<!-- \/ Yoast SEO plugin. -->","yoast_head_json":{"title":"entrevista voluntaria Adilsia Fern\u00e1ndez","description":"Adilsia Fern\u00e1ndez tiene 19 a\u00f1os, vive en Barcelona y es voluntaria del Casal dels Infants de Santa Coloma de Gamenet. Explica que la consciencia social y las ganas de luchar contra las desigualdades le vienen por el hecho de ser adoptada. Fue voluntaria el verano pasado y este a\u00f1o repetir\u00e1.","robots":{"index":"index","follow":"follow","max-snippet":"max-snippet:-1","max-image-preview":"max-image-preview:large","max-video-preview":"max-video-preview:-1"},"canonical":"https:\/\/www.casaldelsinfants.org\/es\/actualidad\/tenemos-que-sensibilizarnos-mas-tenemos-desigualdades-muy-graves-en-el-dia-dia\/","og_locale":"es_ES","og_type":"article","og_title":"entrevista voluntaria Adilsia Fern\u00e1ndez","og_description":"Adilsia Fern\u00e1ndez tiene 19 a\u00f1os, vive en Barcelona y es voluntaria del Casal dels Infants de Santa Coloma de Gamenet. Explica que la consciencia social y las ganas de luchar contra las desigualdades le vienen por el hecho de ser adoptada. Fue voluntaria el verano pasado y este a\u00f1o repetir\u00e1.","og_url":"https:\/\/www.casaldelsinfants.org\/es\/actualidad\/tenemos-que-sensibilizarnos-mas-tenemos-desigualdades-muy-graves-en-el-dia-dia\/","og_site_name":"Casal dels Infants","article_publisher":"https:\/\/www.facebook.com\/casalinfants","article_published_time":"2021-06-02T07:38:48+00:00","article_modified_time":"2023-05-01T15:45:39+00:00","author":"cdiAdmin","twitter_card":"summary_large_image","twitter_creator":"@casalinfants","twitter_site":"@casalinfants","twitter_misc":{"Escrito por":"cdiAdmin","Tiempo de lectura":"2 minutos"},"schema":{"@context":"https:\/\/schema.org","@graph":[{"@type":"Article","@id":"https:\/\/www.casaldelsinfants.org\/es\/actualidad\/tenemos-que-sensibilizarnos-mas-tenemos-desigualdades-muy-graves-en-el-dia-dia\/#article","isPartOf":{"@id":"https:\/\/www.casaldelsinfants.org\/es\/actualidad\/tenemos-que-sensibilizarnos-mas-tenemos-desigualdades-muy-graves-en-el-dia-dia\/"},"author":{"name":"cdiAdmin","@id":"https:\/\/www.casaldelsinfants.org\/es\/#\/schema\/person\/97707fc8c64900cf36891127dbf9fba8"},"headline":"\u201cTenemos que sensibilizarnos m\u00e1s. Tenemos desigualdades muy graves en el d\u00eda a d\u00eda\u201d","datePublished":"2021-06-02T07:38:48+00:00","dateModified":"2023-05-01T15:45:39+00:00","mainEntityOfPage":{"@id":"https:\/\/www.casaldelsinfants.org\/es\/actualidad\/tenemos-que-sensibilizarnos-mas-tenemos-desigualdades-muy-graves-en-el-dia-dia\/"},"wordCount":485,"commentCount":0,"publisher":{"@id":"https:\/\/www.casaldelsinfants.org\/es\/#organization"},"articleSection":["Entrevista"],"inLanguage":"es","potentialAction":[{"@type":"CommentAction","name":"Comment","target":["https:\/\/www.casaldelsinfants.org\/es\/actualidad\/tenemos-que-sensibilizarnos-mas-tenemos-desigualdades-muy-graves-en-el-dia-dia\/#respond"]}]},{"@type":"WebPage","@id":"https:\/\/www.casaldelsinfants.org\/es\/actualidad\/tenemos-que-sensibilizarnos-mas-tenemos-desigualdades-muy-graves-en-el-dia-dia\/","url":"https:\/\/www.casaldelsinfants.org\/es\/actualidad\/tenemos-que-sensibilizarnos-mas-tenemos-desigualdades-muy-graves-en-el-dia-dia\/","name":"entrevista voluntaria Adilsia Fern\u00e1ndez","isPartOf":{"@id":"https:\/\/www.casaldelsinfants.org\/es\/#website"},"datePublished":"2021-06-02T07:38:48+00:00","dateModified":"2023-05-01T15:45:39+00:00","description":"Adilsia Fern\u00e1ndez tiene 19 a\u00f1os, vive en Barcelona y es voluntaria del Casal dels Infants de Santa Coloma de Gamenet. Explica que la consciencia social y las ganas de luchar contra las desigualdades le vienen por el hecho de ser adoptada. Fue voluntaria el verano pasado y este a\u00f1o repetir\u00e1.","breadcrumb":{"@id":"https:\/\/www.casaldelsinfants.org\/es\/actualidad\/tenemos-que-sensibilizarnos-mas-tenemos-desigualdades-muy-graves-en-el-dia-dia\/#breadcrumb"},"inLanguage":"es","potentialAction":[{"@type":"ReadAction","target":["https:\/\/www.casaldelsinfants.org\/es\/actualidad\/tenemos-que-sensibilizarnos-mas-tenemos-desigualdades-muy-graves-en-el-dia-dia\/"]}]},{"@type":"BreadcrumbList","@id":"https:\/\/www.casaldelsinfants.org\/es\/actualidad\/tenemos-que-sensibilizarnos-mas-tenemos-desigualdades-muy-graves-en-el-dia-dia\/#breadcrumb","itemListElement":[{"@type":"ListItem","position":1,"name":"Inici","item":"https:\/\/www.casaldelsinfants.org\/es\/"},{"@type":"ListItem","position":2,"name":"\u201cTenemos que sensibilizarnos m\u00e1s. Tenemos desigualdades muy graves en el d\u00eda a d\u00eda\u201d"}]},{"@type":"WebSite","@id":"https:\/\/www.casaldelsinfants.org\/es\/#website","url":"https:\/\/www.casaldelsinfants.org\/es\/","name":"Casal dels Infants","description":"","publisher":{"@id":"https:\/\/www.casaldelsinfants.org\/es\/#organization"},"potentialAction":[{"@type":"SearchAction","target":{"@type":"EntryPoint","urlTemplate":"https:\/\/www.casaldelsinfants.org\/es\/?s={search_term_string}"},"query-input":{"@type":"PropertyValueSpecification","valueRequired":true,"valueName":"search_term_string"}}],"inLanguage":"es"},{"@type":"Organization","@id":"https:\/\/www.casaldelsinfants.org\/es\/#organization","name":"Casal dels Infants","url":"https:\/\/www.casaldelsinfants.org\/es\/","logo":{"@type":"ImageObject","inLanguage":"es","@id":"https:\/\/www.casaldelsinfants.org\/es\/#\/schema\/logo\/image\/","url":"https:\/\/www.casaldelsinfants.org\/wp-content\/uploads\/logo-mail.png","contentUrl":"https:\/\/www.casaldelsinfants.org\/wp-content\/uploads\/logo-mail.png","width":380,"height":158,"caption":"Casal dels Infants"},"image":{"@id":"https:\/\/www.casaldelsinfants.org\/es\/#\/schema\/logo\/image\/"},"sameAs":["https:\/\/www.facebook.com\/casalinfants","https:\/\/x.com\/casalinfants","https:\/\/www.youtube.com\/user\/CasaldelsInfants1","https:\/\/www.instagram.com\/casalinfants\/","https:\/\/www.linkedin.com\/company\/casaldelsinfants?trk=organization-update_share-update_actor-text"]},{"@type":"Person","@id":"https:\/\/www.casaldelsinfants.org\/es\/#\/schema\/person\/97707fc8c64900cf36891127dbf9fba8","name":"cdiAdmin","sameAs":["https:\/\/casaldelsinfants.org"]}]}},"publishpress_future_action":{"enabled":false,"date":"2026-05-09 10:31:08","action":"change-status","newStatus":"draft","terms":[],"taxonomy":"category","extraData":[]},"publishpress_future_workflow_manual_trigger":{"enabledWorkflows":[]},"_links":{"self":[{"href":"https:\/\/www.casaldelsinfants.org\/es\/wp-json\/wp\/v2\/posts\/4290","targetHints":{"allow":["GET"]}}],"collection":[{"href":"https:\/\/www.casaldelsinfants.org\/es\/wp-json\/wp\/v2\/posts"}],"about":[{"href":"https:\/\/www.casaldelsinfants.org\/es\/wp-json\/wp\/v2\/types\/post"}],"author":[{"embeddable":true,"href":"https:\/\/www.casaldelsinfants.org\/es\/wp-json\/wp\/v2\/users\/1"}],"replies":[{"embeddable":true,"href":"https:\/\/www.casaldelsinfants.org\/es\/wp-json\/wp\/v2\/comments?post=4290"}],"version-history":[{"count":1,"href":"https:\/\/www.casaldelsinfants.org\/es\/wp-json\/wp\/v2\/posts\/4290\/revisions"}],"predecessor-version":[{"id":6265,"href":"https:\/\/www.casaldelsinfants.org\/es\/wp-json\/wp\/v2\/posts\/4290\/revisions\/6265"}],"wp:attachment":[{"href":"https:\/\/www.casaldelsinfants.org\/es\/wp-json\/wp\/v2\/media?parent=4290"}],"wp:term":[{"taxonomy":"category","embeddable":true,"href":"https:\/\/www.casaldelsinfants.org\/es\/wp-json\/wp\/v2\/categories?post=4290"},{"taxonomy":"post_tag","embeddable":true,"href":"https:\/\/www.casaldelsinfants.org\/es\/wp-json\/wp\/v2\/tags?post=4290"},{"taxonomy":"seus","embeddable":true,"href":"https:\/\/www.casaldelsinfants.org\/es\/wp-json\/wp\/v2\/seus?post=4290"},{"taxonomy":"eixos","embeddable":true,"href":"https:\/\/www.casaldelsinfants.org\/es\/wp-json\/wp\/v2\/eixos?post=4290"}],"curies":[{"name":"wp","href":"https:\/\/api.w.org\/{rel}","templated":true}]}}