{"id":4292,"date":"2021-06-01T15:21:03","date_gmt":"2021-06-01T13:21:03","guid":{"rendered":"https:\/\/casal.puntzero.cat\/noticies\/la-fundacio-etnia-barcelona-ofereix-revisions-i-terapies-visuals-un-centenar-de-nens-i\/"},"modified":"2023-05-01T17:45:46","modified_gmt":"2023-05-01T15:45:46","slug":"la-fundacio-etnia-barcelona-ofereix-revisions-i-terapies-visuals-un-centenar-de-nens-i","status":"publish","type":"post","link":"https:\/\/www.casaldelsinfants.org\/es\/actualidad\/fundacion-etnia-barcelona-ofrece-revisiones-y-terapias\/","title":{"rendered":"La fundaci\u00f3n Etnia Barcelona ofrece revisiones y terapias visuales a un centenar de ni\u00f1os y ni\u00f1as del Casal dels Infants"},"content":{"rendered":"<p><span style=\"color:#000000;\">La <\/span><u><a href=\"https:\/\/www.etniabarcelonafoundation.org\/ca\/\">fundaci\u00f3n Etnia Barcelona<\/a><\/u><span style=\"color:#000000;\"> ha ofrecido en las \u00faltimas semanas revisiones visuales a 99 ni\u00f1os y ni\u00f1as que participan en el Casal dels Infants. Se trata de una iniciativa gratuita en el marco de su proyecto \u00abTe miramos a los ojos\u00bb, que tiene por objetivo garantizar el acceso a la salud visual a ni\u00f1os y ni\u00f1as de 6 a 18 a\u00f1os en situaci\u00f3n de riesgo del \u00e1rea metropolitana de Barcelona\u00a0\u2014tambi\u00e9n a j\u00f3venes mayores de 18 a\u00f1os, si se da el caso\u2014, detect\u00e1ndoles defectos de refracci\u00f3n y proporcion\u00e1ndoles la compensaci\u00f3n \u00f3ptica necesaria.<\/span><\/p>\n<p><font color=\"#000000\">La primera sesi\u00f3n tuvo lugar el 16 de abril en el Casal dels Infants de Badalona, donde se revis\u00f3 la vista de 52 ni\u00f1os y ni\u00f1as y se hicieron gafas para 34 de estos\u00a0<\/font><span style=\"color:#000000;\">\u201411 no hab\u00edan llevado nunca lentes antes\u2014. La segunda fue el 7 de mayo en el Casal dels Infants de Santa Coloma de Gramenet, fueron revisados 47 ni\u00f1os y ni\u00f1as y se hicieron gafas para 33\u00a0\u201410 no hab\u00edan llevado\u2014. Al finalizar las revisiones, cada ni\u00f1o o ni\u00f1a recibi\u00f3 un informe con los resultados de las pruebas realizadas. Todos los chicos y chicas a los que se hizo la revisi\u00f3n hab\u00edan sido seleccionados previamente por el equipo educativo del Casal dels Infants, que durante las actividades educativas ya les hab\u00edan detectado posibles dificultades de visi\u00f3n.<\/span><\/p>\n<p>\u00a0<\/p>\n<figure role=\"group\" class=\"align-center\">\n<img decoding=\"async\" alt=\"Una nena que participa en el Casal dels Infants de Santa Coloma s'emprova unes ulleres al costat d'un voluntari de la fundaci\u00f3 Etnia Barcelona\" data-entity-type=\"file\" data-entity-uuid=\"a5ceeca7-905a-4ba1-a9f2-e56c43e2074d\" data-image-style=\"large\" height=\"360\" src=\"\/wp-content\/uploads\/inline-images\/WhatsApp%20Image%202021-05-11%20at%2018.07.34.jpeg\" typeof=\"foaf:Image\" width=\"480\" \/><figcaption>Una adolescente del Casal dels Infants de Santa Coloma se prueba unas gafas junto a un voluntario de la fundaci\u00f3n Etnia Barcelona<\/figcaption><\/figure>\n<p>\u00a0<\/p>\n<p>As\u00ed mismo, se detectaron casos de ni\u00f1os y ni\u00f1as que necesitaban terapia visual, tres en Badalona y 10 en Santa Coloma. Esta terapia tambi\u00e9n la asume gratuitamente el equipo de la fundaci\u00f3n Etnia Barcelona, que ya ha empezado a ofrecerla en Badalona. Dos casos de Badalona tambi\u00e9n necesitaron ser derivados a una consulta oftalmol\u00f3gica gratuita.<\/p>\n<p>En octubre la fundaci\u00f3n Etnia Barcelona volver\u00e1 a hacer revisiones a m\u00e1s ni\u00f1os y ni\u00f1as del Casal dels Infants de Badalona y Santa Coloma de Gramenet, y el a\u00f1o que viene a grupos del Casal dels Infants del Bes\u00f2s y la Mina.<\/p>\n<p>\u00a0<\/p>\n<figure role=\"group\" class=\"align-center\">\n<img decoding=\"async\" alt=\"Tres infants amb els informes de la revisi\u00f3 d'&quot;Et mirem als ulls&quot;\" data-entity-type=\"file\" data-entity-uuid=\"273df42a-e097-4eca-bf01-985fdc1cbee1\" data-image-style=\"large\" height=\"360\" src=\"\/wp-content\/uploads\/inline-images\/WhatsApp%20Image%202021-05-12%20at%2012.30.02%20%281%29.jpeg\" typeof=\"foaf:Image\" width=\"480\" \/><figcaption>Los ni\u00f1os y ni\u00f1as reciben el informe de la revisi\u00f3n de \u00abTe miramos a los ojos\u00bb<\/figcaption><\/figure>\n<p>\u00a0<\/p>\n<p><strong>Implicaci\u00f3n de personas voluntarias<\/strong><\/p>\n<p>El proyecto \u00abTe miramos a los ojos\u00bb es posible gracias a la participaci\u00f3n voluntaria de alumnado y profesorado de la Facultad de \u00d3ptica y Optometria de Terrassa (FOOT) de la Universitat Polit\u00e8cnica de Catalunya (UPC) y del Institut Joan Brossa, as\u00ed como a trabajadores y trabajadoras de Etnia Barcelona y Essilor, que proporciona los cristales necesarios.<\/p>\n<p><font color=\"#000000\">Pasado un plazo de tres a cuatro semanas despu\u00e9s de las revisiones, las familias de los ni\u00f1os y ni\u00f1as pueden recoger las gafas que se les hayan prescrito, en una \u00f3ptica cercana. Cuando hayan llevado las gafas durante dos a\u00f1os, se les ofrecer\u00e1 una nueva revisi\u00f3n gratuita de la visi\u00f3n.<\/font><\/p>\n<p><span style=\"color:#000000;\">Desde el Casal dels Infants creemos que recibir una atenci\u00f3n visual adecuada y gratuita forma parte del derecho a la salud de la infancia, y es por ello que agradecemos y valoramos muy positivamente el apoyo de la fundaci\u00f3n \u00c8tnia Barcelona.<\/span><\/p>\n","protected":false},"excerpt":{"rendered":"<p>La fundaci\u00f3n Etnia Barcelona ha ofrecido en las \u00faltimas semanas revisiones visuales a 99 ni\u00f1os y ni\u00f1as que participan en el Casal dels Infants. Se trata de una iniciativa gratuita en el marco de su proyecto \u00abTe miramos a los ojos\u00bb, que tiene por objetivo garantizar el acceso a la salud visual a ni\u00f1os y [&hellip;]<\/p>\n","protected":false},"author":1,"featured_media":3073,"comment_status":"open","ping_status":"open","sticky":false,"template":"","format":"standard","meta":{"_acf_changed":false,"_et_pb_use_builder":"","_et_pb_old_content":"","_et_gb_content_width":"","inline_featured_image":false,"footnotes":""},"categories":[125],"tags":[],"seus":[],"eixos":[99],"class_list":["post-4292","post","type-post","status-publish","format-standard","has-post-thumbnail","hentry","category-noticias","eixos-infancia-y-adolescencia"],"acf":[],"yoast_head":"<!-- This site is optimized with the Yoast SEO plugin v27.4 - https:\/\/yoast.com\/product\/yoast-seo-wordpress\/ -->\n<title>revisions i ter\u00e0pies visuals per a infants al Casal dels Infants amb la fundaci\u00f3 Etnia Barcelona<\/title>\n<meta name=\"robots\" content=\"index, follow, max-snippet:-1, max-image-preview:large, max-video-preview:-1\" \/>\n<link rel=\"canonical\" href=\"https:\/\/www.casaldelsinfants.org\/es\/actualidad\/fundacion-etnia-barcelona-ofrece-revisiones-y-terapias\/\" \/>\n<meta property=\"og:locale\" content=\"es_ES\" \/>\n<meta property=\"og:type\" content=\"article\" \/>\n<meta property=\"og:title\" content=\"revisions i ter\u00e0pies visuals per a infants al Casal dels Infants amb la fundaci\u00f3 Etnia Barcelona\" \/>\n<meta property=\"og:description\" content=\"La fundaci\u00f3n Etnia Barcelona ha ofrecido en las \u00faltimas semanas revisiones visuales a 99 ni\u00f1os y ni\u00f1as que participan en el Casal dels Infants. Se trata de una iniciativa gratuita en el marco de su proyecto \u00abTe miramos a los ojos\u00bb, que tiene por objetivo garantizar el acceso a la salud visual a ni\u00f1os y [&hellip;]\" \/>\n<meta property=\"og:url\" content=\"https:\/\/www.casaldelsinfants.org\/es\/actualidad\/fundacion-etnia-barcelona-ofrece-revisiones-y-terapias\/\" \/>\n<meta property=\"og:site_name\" content=\"Casal dels Infants\" \/>\n<meta property=\"article:publisher\" content=\"https:\/\/www.facebook.com\/casalinfants\" \/>\n<meta property=\"article:published_time\" content=\"2021-06-01T13:21:03+00:00\" \/>\n<meta property=\"article:modified_time\" content=\"2023-05-01T15:45:46+00:00\" \/>\n<meta property=\"og:image\" content=\"https:\/\/www.casaldelsinfants.org\/wp-content\/uploads\/casal_dels_infants_revisions_visuals_fundacio_barcelona_etnia.jpeg\" \/>\n\t<meta property=\"og:image:width\" content=\"1536\" \/>\n\t<meta property=\"og:image:height\" content=\"1119\" \/>\n\t<meta property=\"og:image:type\" content=\"image\/jpeg\" \/>\n<meta name=\"author\" content=\"cdiAdmin\" \/>\n<meta name=\"twitter:card\" content=\"summary_large_image\" \/>\n<meta name=\"twitter:creator\" content=\"@casalinfants\" \/>\n<meta name=\"twitter:site\" content=\"@casalinfants\" \/>\n<meta name=\"twitter:label1\" content=\"Escrito por\" \/>\n\t<meta name=\"twitter:data1\" content=\"cdiAdmin\" \/>\n\t<meta name=\"twitter:label2\" content=\"Tiempo de lectura\" \/>\n\t<meta name=\"twitter:data2\" content=\"3 minutos\" \/>\n<script type=\"application\/ld+json\" class=\"yoast-schema-graph\">{\"@context\":\"https:\\\/\\\/schema.org\",\"@graph\":[{\"@type\":\"Article\",\"@id\":\"https:\\\/\\\/www.casaldelsinfants.org\\\/es\\\/actualidad\\\/fundacion-etnia-barcelona-ofrece-revisiones-y-terapias\\\/#article\",\"isPartOf\":{\"@id\":\"https:\\\/\\\/www.casaldelsinfants.org\\\/es\\\/actualidad\\\/fundacion-etnia-barcelona-ofrece-revisiones-y-terapias\\\/\"},\"author\":{\"name\":\"cdiAdmin\",\"@id\":\"https:\\\/\\\/www.casaldelsinfants.org\\\/es\\\/#\\\/schema\\\/person\\\/97707fc8c64900cf36891127dbf9fba8\"},\"headline\":\"La fundaci\u00f3n Etnia Barcelona ofrece revisiones y terapias visuales a un centenar de ni\u00f1os y ni\u00f1as del Casal dels Infants\",\"datePublished\":\"2021-06-01T13:21:03+00:00\",\"dateModified\":\"2023-05-01T15:45:46+00:00\",\"mainEntityOfPage\":{\"@id\":\"https:\\\/\\\/www.casaldelsinfants.org\\\/es\\\/actualidad\\\/fundacion-etnia-barcelona-ofrece-revisiones-y-terapias\\\/\"},\"wordCount\":571,\"commentCount\":0,\"publisher\":{\"@id\":\"https:\\\/\\\/www.casaldelsinfants.org\\\/es\\\/#organization\"},\"image\":{\"@id\":\"https:\\\/\\\/www.casaldelsinfants.org\\\/es\\\/actualidad\\\/fundacion-etnia-barcelona-ofrece-revisiones-y-terapias\\\/#primaryimage\"},\"thumbnailUrl\":\"https:\\\/\\\/www.casaldelsinfants.org\\\/wp-content\\\/uploads\\\/casal_dels_infants_revisions_visuals_fundacio_barcelona_etnia.jpeg\",\"articleSection\":[\"Noticia\"],\"inLanguage\":\"es\",\"potentialAction\":[{\"@type\":\"CommentAction\",\"name\":\"Comment\",\"target\":[\"https:\\\/\\\/www.casaldelsinfants.org\\\/es\\\/actualidad\\\/fundacion-etnia-barcelona-ofrece-revisiones-y-terapias\\\/#respond\"]}]},{\"@type\":\"WebPage\",\"@id\":\"https:\\\/\\\/www.casaldelsinfants.org\\\/es\\\/actualidad\\\/fundacion-etnia-barcelona-ofrece-revisiones-y-terapias\\\/\",\"url\":\"https:\\\/\\\/www.casaldelsinfants.org\\\/es\\\/actualidad\\\/fundacion-etnia-barcelona-ofrece-revisiones-y-terapias\\\/\",\"name\":\"revisions i ter\u00e0pies visuals per a infants al Casal dels Infants amb la fundaci\u00f3 Etnia Barcelona\",\"isPartOf\":{\"@id\":\"https:\\\/\\\/www.casaldelsinfants.org\\\/es\\\/#website\"},\"primaryImageOfPage\":{\"@id\":\"https:\\\/\\\/www.casaldelsinfants.org\\\/es\\\/actualidad\\\/fundacion-etnia-barcelona-ofrece-revisiones-y-terapias\\\/#primaryimage\"},\"image\":{\"@id\":\"https:\\\/\\\/www.casaldelsinfants.org\\\/es\\\/actualidad\\\/fundacion-etnia-barcelona-ofrece-revisiones-y-terapias\\\/#primaryimage\"},\"thumbnailUrl\":\"https:\\\/\\\/www.casaldelsinfants.org\\\/wp-content\\\/uploads\\\/casal_dels_infants_revisions_visuals_fundacio_barcelona_etnia.jpeg\",\"datePublished\":\"2021-06-01T13:21:03+00:00\",\"dateModified\":\"2023-05-01T15:45:46+00:00\",\"breadcrumb\":{\"@id\":\"https:\\\/\\\/www.casaldelsinfants.org\\\/es\\\/actualidad\\\/fundacion-etnia-barcelona-ofrece-revisiones-y-terapias\\\/#breadcrumb\"},\"inLanguage\":\"es\",\"potentialAction\":[{\"@type\":\"ReadAction\",\"target\":[\"https:\\\/\\\/www.casaldelsinfants.org\\\/es\\\/actualidad\\\/fundacion-etnia-barcelona-ofrece-revisiones-y-terapias\\\/\"]}]},{\"@type\":\"ImageObject\",\"inLanguage\":\"es\",\"@id\":\"https:\\\/\\\/www.casaldelsinfants.org\\\/es\\\/actualidad\\\/fundacion-etnia-barcelona-ofrece-revisiones-y-terapias\\\/#primaryimage\",\"url\":\"https:\\\/\\\/www.casaldelsinfants.org\\\/wp-content\\\/uploads\\\/casal_dels_infants_revisions_visuals_fundacio_barcelona_etnia.jpeg\",\"contentUrl\":\"https:\\\/\\\/www.casaldelsinfants.org\\\/wp-content\\\/uploads\\\/casal_dels_infants_revisions_visuals_fundacio_barcelona_etnia.jpeg\",\"width\":1536,\"height\":1119,\"caption\":\"Revisi\u00f3 visual a una noia.\"},{\"@type\":\"BreadcrumbList\",\"@id\":\"https:\\\/\\\/www.casaldelsinfants.org\\\/es\\\/actualidad\\\/fundacion-etnia-barcelona-ofrece-revisiones-y-terapias\\\/#breadcrumb\",\"itemListElement\":[{\"@type\":\"ListItem\",\"position\":1,\"name\":\"Inici\",\"item\":\"https:\\\/\\\/www.casaldelsinfants.org\\\/es\\\/\"},{\"@type\":\"ListItem\",\"position\":2,\"name\":\"La fundaci\u00f3n Etnia Barcelona ofrece revisiones y terapias visuales a un centenar de ni\u00f1os y ni\u00f1as del Casal dels Infants\"}]},{\"@type\":\"WebSite\",\"@id\":\"https:\\\/\\\/www.casaldelsinfants.org\\\/es\\\/#website\",\"url\":\"https:\\\/\\\/www.casaldelsinfants.org\\\/es\\\/\",\"name\":\"Casal dels Infants\",\"description\":\"\",\"publisher\":{\"@id\":\"https:\\\/\\\/www.casaldelsinfants.org\\\/es\\\/#organization\"},\"potentialAction\":[{\"@type\":\"SearchAction\",\"target\":{\"@type\":\"EntryPoint\",\"urlTemplate\":\"https:\\\/\\\/www.casaldelsinfants.org\\\/es\\\/?s={search_term_string}\"},\"query-input\":{\"@type\":\"PropertyValueSpecification\",\"valueRequired\":true,\"valueName\":\"search_term_string\"}}],\"inLanguage\":\"es\"},{\"@type\":\"Organization\",\"@id\":\"https:\\\/\\\/www.casaldelsinfants.org\\\/es\\\/#organization\",\"name\":\"Casal dels Infants\",\"url\":\"https:\\\/\\\/www.casaldelsinfants.org\\\/es\\\/\",\"logo\":{\"@type\":\"ImageObject\",\"inLanguage\":\"es\",\"@id\":\"https:\\\/\\\/www.casaldelsinfants.org\\\/es\\\/#\\\/schema\\\/logo\\\/image\\\/\",\"url\":\"https:\\\/\\\/www.casaldelsinfants.org\\\/wp-content\\\/uploads\\\/logo-mail.png\",\"contentUrl\":\"https:\\\/\\\/www.casaldelsinfants.org\\\/wp-content\\\/uploads\\\/logo-mail.png\",\"width\":380,\"height\":158,\"caption\":\"Casal dels Infants\"},\"image\":{\"@id\":\"https:\\\/\\\/www.casaldelsinfants.org\\\/es\\\/#\\\/schema\\\/logo\\\/image\\\/\"},\"sameAs\":[\"https:\\\/\\\/www.facebook.com\\\/casalinfants\",\"https:\\\/\\\/x.com\\\/casalinfants\",\"https:\\\/\\\/www.youtube.com\\\/user\\\/CasaldelsInfants1\",\"https:\\\/\\\/www.instagram.com\\\/casalinfants\\\/\",\"https:\\\/\\\/www.linkedin.com\\\/company\\\/casaldelsinfants?trk=organization-update_share-update_actor-text\"]},{\"@type\":\"Person\",\"@id\":\"https:\\\/\\\/www.casaldelsinfants.org\\\/es\\\/#\\\/schema\\\/person\\\/97707fc8c64900cf36891127dbf9fba8\",\"name\":\"cdiAdmin\",\"sameAs\":[\"https:\\\/\\\/casaldelsinfants.org\"]}]}<\/script>\n<!-- \/ Yoast SEO plugin. -->","yoast_head_json":{"title":"revisions i ter\u00e0pies visuals per a infants al Casal dels Infants amb la fundaci\u00f3 Etnia Barcelona","robots":{"index":"index","follow":"follow","max-snippet":"max-snippet:-1","max-image-preview":"max-image-preview:large","max-video-preview":"max-video-preview:-1"},"canonical":"https:\/\/www.casaldelsinfants.org\/es\/actualidad\/fundacion-etnia-barcelona-ofrece-revisiones-y-terapias\/","og_locale":"es_ES","og_type":"article","og_title":"revisions i ter\u00e0pies visuals per a infants al Casal dels Infants amb la fundaci\u00f3 Etnia Barcelona","og_description":"La fundaci\u00f3n Etnia Barcelona ha ofrecido en las \u00faltimas semanas revisiones visuales a 99 ni\u00f1os y ni\u00f1as que participan en el Casal dels Infants. Se trata de una iniciativa gratuita en el marco de su proyecto \u00abTe miramos a los ojos\u00bb, que tiene por objetivo garantizar el acceso a la salud visual a ni\u00f1os y [&hellip;]","og_url":"https:\/\/www.casaldelsinfants.org\/es\/actualidad\/fundacion-etnia-barcelona-ofrece-revisiones-y-terapias\/","og_site_name":"Casal dels Infants","article_publisher":"https:\/\/www.facebook.com\/casalinfants","article_published_time":"2021-06-01T13:21:03+00:00","article_modified_time":"2023-05-01T15:45:46+00:00","og_image":[{"width":1536,"height":1119,"url":"https:\/\/www.casaldelsinfants.org\/wp-content\/uploads\/casal_dels_infants_revisions_visuals_fundacio_barcelona_etnia.jpeg","type":"image\/jpeg"}],"author":"cdiAdmin","twitter_card":"summary_large_image","twitter_creator":"@casalinfants","twitter_site":"@casalinfants","twitter_misc":{"Escrito por":"cdiAdmin","Tiempo de lectura":"3 minutos"},"schema":{"@context":"https:\/\/schema.org","@graph":[{"@type":"Article","@id":"https:\/\/www.casaldelsinfants.org\/es\/actualidad\/fundacion-etnia-barcelona-ofrece-revisiones-y-terapias\/#article","isPartOf":{"@id":"https:\/\/www.casaldelsinfants.org\/es\/actualidad\/fundacion-etnia-barcelona-ofrece-revisiones-y-terapias\/"},"author":{"name":"cdiAdmin","@id":"https:\/\/www.casaldelsinfants.org\/es\/#\/schema\/person\/97707fc8c64900cf36891127dbf9fba8"},"headline":"La fundaci\u00f3n Etnia Barcelona ofrece revisiones y terapias visuales a un centenar de ni\u00f1os y ni\u00f1as del Casal dels Infants","datePublished":"2021-06-01T13:21:03+00:00","dateModified":"2023-05-01T15:45:46+00:00","mainEntityOfPage":{"@id":"https:\/\/www.casaldelsinfants.org\/es\/actualidad\/fundacion-etnia-barcelona-ofrece-revisiones-y-terapias\/"},"wordCount":571,"commentCount":0,"publisher":{"@id":"https:\/\/www.casaldelsinfants.org\/es\/#organization"},"image":{"@id":"https:\/\/www.casaldelsinfants.org\/es\/actualidad\/fundacion-etnia-barcelona-ofrece-revisiones-y-terapias\/#primaryimage"},"thumbnailUrl":"https:\/\/www.casaldelsinfants.org\/wp-content\/uploads\/casal_dels_infants_revisions_visuals_fundacio_barcelona_etnia.jpeg","articleSection":["Noticia"],"inLanguage":"es","potentialAction":[{"@type":"CommentAction","name":"Comment","target":["https:\/\/www.casaldelsinfants.org\/es\/actualidad\/fundacion-etnia-barcelona-ofrece-revisiones-y-terapias\/#respond"]}]},{"@type":"WebPage","@id":"https:\/\/www.casaldelsinfants.org\/es\/actualidad\/fundacion-etnia-barcelona-ofrece-revisiones-y-terapias\/","url":"https:\/\/www.casaldelsinfants.org\/es\/actualidad\/fundacion-etnia-barcelona-ofrece-revisiones-y-terapias\/","name":"revisions i ter\u00e0pies visuals per a infants al Casal dels Infants amb la fundaci\u00f3 Etnia Barcelona","isPartOf":{"@id":"https:\/\/www.casaldelsinfants.org\/es\/#website"},"primaryImageOfPage":{"@id":"https:\/\/www.casaldelsinfants.org\/es\/actualidad\/fundacion-etnia-barcelona-ofrece-revisiones-y-terapias\/#primaryimage"},"image":{"@id":"https:\/\/www.casaldelsinfants.org\/es\/actualidad\/fundacion-etnia-barcelona-ofrece-revisiones-y-terapias\/#primaryimage"},"thumbnailUrl":"https:\/\/www.casaldelsinfants.org\/wp-content\/uploads\/casal_dels_infants_revisions_visuals_fundacio_barcelona_etnia.jpeg","datePublished":"2021-06-01T13:21:03+00:00","dateModified":"2023-05-01T15:45:46+00:00","breadcrumb":{"@id":"https:\/\/www.casaldelsinfants.org\/es\/actualidad\/fundacion-etnia-barcelona-ofrece-revisiones-y-terapias\/#breadcrumb"},"inLanguage":"es","potentialAction":[{"@type":"ReadAction","target":["https:\/\/www.casaldelsinfants.org\/es\/actualidad\/fundacion-etnia-barcelona-ofrece-revisiones-y-terapias\/"]}]},{"@type":"ImageObject","inLanguage":"es","@id":"https:\/\/www.casaldelsinfants.org\/es\/actualidad\/fundacion-etnia-barcelona-ofrece-revisiones-y-terapias\/#primaryimage","url":"https:\/\/www.casaldelsinfants.org\/wp-content\/uploads\/casal_dels_infants_revisions_visuals_fundacio_barcelona_etnia.jpeg","contentUrl":"https:\/\/www.casaldelsinfants.org\/wp-content\/uploads\/casal_dels_infants_revisions_visuals_fundacio_barcelona_etnia.jpeg","width":1536,"height":1119,"caption":"Revisi\u00f3 visual a una noia."},{"@type":"BreadcrumbList","@id":"https:\/\/www.casaldelsinfants.org\/es\/actualidad\/fundacion-etnia-barcelona-ofrece-revisiones-y-terapias\/#breadcrumb","itemListElement":[{"@type":"ListItem","position":1,"name":"Inici","item":"https:\/\/www.casaldelsinfants.org\/es\/"},{"@type":"ListItem","position":2,"name":"La fundaci\u00f3n Etnia Barcelona ofrece revisiones y terapias visuales a un centenar de ni\u00f1os y ni\u00f1as del Casal dels Infants"}]},{"@type":"WebSite","@id":"https:\/\/www.casaldelsinfants.org\/es\/#website","url":"https:\/\/www.casaldelsinfants.org\/es\/","name":"Casal dels Infants","description":"","publisher":{"@id":"https:\/\/www.casaldelsinfants.org\/es\/#organization"},"potentialAction":[{"@type":"SearchAction","target":{"@type":"EntryPoint","urlTemplate":"https:\/\/www.casaldelsinfants.org\/es\/?s={search_term_string}"},"query-input":{"@type":"PropertyValueSpecification","valueRequired":true,"valueName":"search_term_string"}}],"inLanguage":"es"},{"@type":"Organization","@id":"https:\/\/www.casaldelsinfants.org\/es\/#organization","name":"Casal dels Infants","url":"https:\/\/www.casaldelsinfants.org\/es\/","logo":{"@type":"ImageObject","inLanguage":"es","@id":"https:\/\/www.casaldelsinfants.org\/es\/#\/schema\/logo\/image\/","url":"https:\/\/www.casaldelsinfants.org\/wp-content\/uploads\/logo-mail.png","contentUrl":"https:\/\/www.casaldelsinfants.org\/wp-content\/uploads\/logo-mail.png","width":380,"height":158,"caption":"Casal dels Infants"},"image":{"@id":"https:\/\/www.casaldelsinfants.org\/es\/#\/schema\/logo\/image\/"},"sameAs":["https:\/\/www.facebook.com\/casalinfants","https:\/\/x.com\/casalinfants","https:\/\/www.youtube.com\/user\/CasaldelsInfants1","https:\/\/www.instagram.com\/casalinfants\/","https:\/\/www.linkedin.com\/company\/casaldelsinfants?trk=organization-update_share-update_actor-text"]},{"@type":"Person","@id":"https:\/\/www.casaldelsinfants.org\/es\/#\/schema\/person\/97707fc8c64900cf36891127dbf9fba8","name":"cdiAdmin","sameAs":["https:\/\/casaldelsinfants.org"]}]}},"publishpress_future_action":{"enabled":false,"date":"2026-05-08 14:12:18","action":"change-status","newStatus":"draft","terms":[],"taxonomy":"category","extraData":[]},"publishpress_future_workflow_manual_trigger":{"enabledWorkflows":[]},"_links":{"self":[{"href":"https:\/\/www.casaldelsinfants.org\/es\/wp-json\/wp\/v2\/posts\/4292","targetHints":{"allow":["GET"]}}],"collection":[{"href":"https:\/\/www.casaldelsinfants.org\/es\/wp-json\/wp\/v2\/posts"}],"about":[{"href":"https:\/\/www.casaldelsinfants.org\/es\/wp-json\/wp\/v2\/types\/post"}],"author":[{"embeddable":true,"href":"https:\/\/www.casaldelsinfants.org\/es\/wp-json\/wp\/v2\/users\/1"}],"replies":[{"embeddable":true,"href":"https:\/\/www.casaldelsinfants.org\/es\/wp-json\/wp\/v2\/comments?post=4292"}],"version-history":[{"count":1,"href":"https:\/\/www.casaldelsinfants.org\/es\/wp-json\/wp\/v2\/posts\/4292\/revisions"}],"predecessor-version":[{"id":6266,"href":"https:\/\/www.casaldelsinfants.org\/es\/wp-json\/wp\/v2\/posts\/4292\/revisions\/6266"}],"wp:featuredmedia":[{"embeddable":true,"href":"https:\/\/www.casaldelsinfants.org\/es\/wp-json\/wp\/v2\/media\/3073"}],"wp:attachment":[{"href":"https:\/\/www.casaldelsinfants.org\/es\/wp-json\/wp\/v2\/media?parent=4292"}],"wp:term":[{"taxonomy":"category","embeddable":true,"href":"https:\/\/www.casaldelsinfants.org\/es\/wp-json\/wp\/v2\/categories?post=4292"},{"taxonomy":"post_tag","embeddable":true,"href":"https:\/\/www.casaldelsinfants.org\/es\/wp-json\/wp\/v2\/tags?post=4292"},{"taxonomy":"seus","embeddable":true,"href":"https:\/\/www.casaldelsinfants.org\/es\/wp-json\/wp\/v2\/seus?post=4292"},{"taxonomy":"eixos","embeddable":true,"href":"https:\/\/www.casaldelsinfants.org\/es\/wp-json\/wp\/v2\/eixos?post=4292"}],"curies":[{"name":"wp","href":"https:\/\/api.w.org\/{rel}","templated":true}]}}