{"id":4295,"date":"2021-06-01T14:35:58","date_gmt":"2021-06-01T12:35:58","guid":{"rendered":"https:\/\/casal.puntzero.cat\/noticies\/hem-tornat-pujar-montserrat-peu\/"},"modified":"2023-05-01T17:45:53","modified_gmt":"2023-05-01T15:45:53","slug":"hem-tornat-pujar-montserrat-peu","status":"publish","type":"post","link":"https:\/\/www.casaldelsinfants.org\/es\/actualidad\/hemos-vuelto-subir-montserrat-pie\/","title":{"rendered":"\u00a1Hemos vuelto a subir a Montserrat a pie!"},"content":{"rendered":"<p><span style=\"color:#000000;\">Acabamos de repetir con \u00e9xito una de las aventuras m\u00e1s emblem\u00e1ticas del Casal dels Infants, una de las que mejor simboliza nuestra acci\u00f3n social: apoyarnos para salir adelante, trabajar en grupo, no dejar a nadie atr\u00e1s, compartir experiencias mientras hacemos camino&#8230; \u00a1la excursi\u00f3n a pie a Montserrat!<\/span><\/p>\n<p><span style=\"color:#000000;\">El viernes 28 de mayo por la tarde una setentena de adolescentes y j\u00f3venes que participan en la asociaci\u00f3n empezaron la caminata junto a educadores, educadoras y personas voluntarias. Un primer grup encabezado por Enric Canet, director de Relaciones Ciudadanas del Casal, sali\u00f3 de la Rambla del Raval\u00a0\u2014desde el punto donde la asociaci\u00f3n naci\u00f3 en el a\u00f1o 1983\u2014, y los dem\u00e1s se a\u00f1adieron en la Floresta, para andar toda la noche y llegar el s\u00e1bado a media ma\u00f1ana al Monasterio.<\/span><\/p>\n<p><span style=\"color:#000000;\">Este a\u00f1o ha sido una edici\u00f3n especial de la excursi\u00f3n, porque la hemos recuperado despu\u00e9s de que el a\u00f1o pasado se anulara a causa del confinamiento. Tambi\u00e9n\u00a0ha sido especialmente exigente, porque hemos seguido todas las medidas de seguridad para prevenir la Covid-10. En el \u00faltimo tramo, el de la subida a la monta\u00f1a, tambi\u00e9n nos hizo mucho calor. Pese a todo, \u00a1objetivo conseguido! Y con este ya van 27 a\u00f1os coronando Montserrat.<\/span><\/p>\n","protected":false},"excerpt":{"rendered":"<p>Acabamos de repetir con \u00e9xito una de las aventuras m\u00e1s emblem\u00e1ticas del Casal dels Infants, una de las que mejor simboliza nuestra acci\u00f3n social: apoyarnos para salir adelante, trabajar en grupo, no dejar a nadie atr\u00e1s, compartir experiencias mientras hacemos camino&#8230; \u00a1la excursi\u00f3n a pie a Montserrat! El viernes 28 de mayo por la tarde [&hellip;]<\/p>\n","protected":false},"author":1,"featured_media":3077,"comment_status":"open","ping_status":"open","sticky":false,"template":"","format":"standard","meta":{"_acf_changed":false,"_et_pb_use_builder":"","_et_pb_old_content":"","_et_gb_content_width":"","inline_featured_image":false,"footnotes":""},"categories":[125],"tags":[],"seus":[],"eixos":[],"class_list":["post-4295","post","type-post","status-publish","format-standard","has-post-thumbnail","hentry","category-noticias"],"acf":[],"yoast_head":"<!-- This site is optimized with the Yoast SEO plugin v27.4 - https:\/\/yoast.com\/product\/yoast-seo-wordpress\/ -->\n<title>anada a peu a Montserrat 2021<\/title>\n<meta name=\"description\" content=\"El divendres 28 de maig una setantena d&#039;adolescents i joves del Casal dels Infants van fer l&#039;anada a peu a Montserrat acompanyats d&#039;educadors, educadores i persones volunt\u00e0ries.\" \/>\n<meta name=\"robots\" content=\"index, follow, max-snippet:-1, max-image-preview:large, max-video-preview:-1\" \/>\n<link rel=\"canonical\" href=\"https:\/\/www.casaldelsinfants.org\/es\/actualidad\/hemos-vuelto-subir-montserrat-pie\/\" \/>\n<meta property=\"og:locale\" content=\"es_ES\" \/>\n<meta property=\"og:type\" content=\"article\" \/>\n<meta property=\"og:title\" content=\"anada a peu a Montserrat 2021\" \/>\n<meta property=\"og:description\" content=\"El divendres 28 de maig una setantena d&#039;adolescents i joves del Casal dels Infants van fer l&#039;anada a peu a Montserrat acompanyats d&#039;educadors, educadores i persones volunt\u00e0ries.\" \/>\n<meta property=\"og:url\" content=\"https:\/\/www.casaldelsinfants.org\/es\/actualidad\/hemos-vuelto-subir-montserrat-pie\/\" \/>\n<meta property=\"og:site_name\" content=\"Casal dels Infants\" \/>\n<meta property=\"article:publisher\" content=\"https:\/\/www.facebook.com\/casalinfants\" \/>\n<meta property=\"article:published_time\" content=\"2021-06-01T12:35:58+00:00\" \/>\n<meta property=\"article:modified_time\" content=\"2023-05-01T15:45:53+00:00\" \/>\n<meta property=\"og:image\" content=\"https:\/\/www.casaldelsinfants.org\/wp-content\/uploads\/montserrat_2021.jpg\" \/>\n\t<meta property=\"og:image:width\" content=\"2048\" \/>\n\t<meta property=\"og:image:height\" content=\"1536\" \/>\n\t<meta property=\"og:image:type\" content=\"image\/jpeg\" \/>\n<meta name=\"author\" content=\"cdiAdmin\" \/>\n<meta name=\"twitter:card\" content=\"summary_large_image\" \/>\n<meta name=\"twitter:creator\" content=\"@casalinfants\" \/>\n<meta name=\"twitter:site\" content=\"@casalinfants\" \/>\n<meta name=\"twitter:label1\" content=\"Escrito por\" \/>\n\t<meta name=\"twitter:data1\" content=\"cdiAdmin\" \/>\n\t<meta name=\"twitter:label2\" content=\"Tiempo de lectura\" \/>\n\t<meta name=\"twitter:data2\" content=\"1 minuto\" \/>\n<script type=\"application\/ld+json\" class=\"yoast-schema-graph\">{\"@context\":\"https:\\\/\\\/schema.org\",\"@graph\":[{\"@type\":\"Article\",\"@id\":\"https:\\\/\\\/www.casaldelsinfants.org\\\/es\\\/actualidad\\\/hemos-vuelto-subir-montserrat-pie\\\/#article\",\"isPartOf\":{\"@id\":\"https:\\\/\\\/www.casaldelsinfants.org\\\/es\\\/actualidad\\\/hemos-vuelto-subir-montserrat-pie\\\/\"},\"author\":{\"name\":\"cdiAdmin\",\"@id\":\"https:\\\/\\\/www.casaldelsinfants.org\\\/es\\\/#\\\/schema\\\/person\\\/97707fc8c64900cf36891127dbf9fba8\"},\"headline\":\"\u00a1Hemos vuelto a subir a Montserrat a pie!\",\"datePublished\":\"2021-06-01T12:35:58+00:00\",\"dateModified\":\"2023-05-01T15:45:53+00:00\",\"mainEntityOfPage\":{\"@id\":\"https:\\\/\\\/www.casaldelsinfants.org\\\/es\\\/actualidad\\\/hemos-vuelto-subir-montserrat-pie\\\/\"},\"wordCount\":228,\"commentCount\":0,\"publisher\":{\"@id\":\"https:\\\/\\\/www.casaldelsinfants.org\\\/es\\\/#organization\"},\"image\":{\"@id\":\"https:\\\/\\\/www.casaldelsinfants.org\\\/es\\\/actualidad\\\/hemos-vuelto-subir-montserrat-pie\\\/#primaryimage\"},\"thumbnailUrl\":\"https:\\\/\\\/www.casaldelsinfants.org\\\/wp-content\\\/uploads\\\/montserrat_2021.jpg\",\"articleSection\":[\"Noticia\"],\"inLanguage\":\"es\",\"potentialAction\":[{\"@type\":\"CommentAction\",\"name\":\"Comment\",\"target\":[\"https:\\\/\\\/www.casaldelsinfants.org\\\/es\\\/actualidad\\\/hemos-vuelto-subir-montserrat-pie\\\/#respond\"]}]},{\"@type\":\"WebPage\",\"@id\":\"https:\\\/\\\/www.casaldelsinfants.org\\\/es\\\/actualidad\\\/hemos-vuelto-subir-montserrat-pie\\\/\",\"url\":\"https:\\\/\\\/www.casaldelsinfants.org\\\/es\\\/actualidad\\\/hemos-vuelto-subir-montserrat-pie\\\/\",\"name\":\"anada a peu a Montserrat 2021\",\"isPartOf\":{\"@id\":\"https:\\\/\\\/www.casaldelsinfants.org\\\/es\\\/#website\"},\"primaryImageOfPage\":{\"@id\":\"https:\\\/\\\/www.casaldelsinfants.org\\\/es\\\/actualidad\\\/hemos-vuelto-subir-montserrat-pie\\\/#primaryimage\"},\"image\":{\"@id\":\"https:\\\/\\\/www.casaldelsinfants.org\\\/es\\\/actualidad\\\/hemos-vuelto-subir-montserrat-pie\\\/#primaryimage\"},\"thumbnailUrl\":\"https:\\\/\\\/www.casaldelsinfants.org\\\/wp-content\\\/uploads\\\/montserrat_2021.jpg\",\"datePublished\":\"2021-06-01T12:35:58+00:00\",\"dateModified\":\"2023-05-01T15:45:53+00:00\",\"description\":\"El divendres 28 de maig una setantena d'adolescents i joves del Casal dels Infants van fer l'anada a peu a Montserrat acompanyats d'educadors, educadores i persones volunt\u00e0ries.\",\"breadcrumb\":{\"@id\":\"https:\\\/\\\/www.casaldelsinfants.org\\\/es\\\/actualidad\\\/hemos-vuelto-subir-montserrat-pie\\\/#breadcrumb\"},\"inLanguage\":\"es\",\"potentialAction\":[{\"@type\":\"ReadAction\",\"target\":[\"https:\\\/\\\/www.casaldelsinfants.org\\\/es\\\/actualidad\\\/hemos-vuelto-subir-montserrat-pie\\\/\"]}]},{\"@type\":\"ImageObject\",\"inLanguage\":\"es\",\"@id\":\"https:\\\/\\\/www.casaldelsinfants.org\\\/es\\\/actualidad\\\/hemos-vuelto-subir-montserrat-pie\\\/#primaryimage\",\"url\":\"https:\\\/\\\/www.casaldelsinfants.org\\\/wp-content\\\/uploads\\\/montserrat_2021.jpg\",\"contentUrl\":\"https:\\\/\\\/www.casaldelsinfants.org\\\/wp-content\\\/uploads\\\/montserrat_2021.jpg\",\"width\":2048,\"height\":1536,\"caption\":\"La pujada a Montserrat a peu per part de participants, treballadors i voluntaris del Casal dels Infants.\"},{\"@type\":\"BreadcrumbList\",\"@id\":\"https:\\\/\\\/www.casaldelsinfants.org\\\/es\\\/actualidad\\\/hemos-vuelto-subir-montserrat-pie\\\/#breadcrumb\",\"itemListElement\":[{\"@type\":\"ListItem\",\"position\":1,\"name\":\"Inici\",\"item\":\"https:\\\/\\\/www.casaldelsinfants.org\\\/es\\\/\"},{\"@type\":\"ListItem\",\"position\":2,\"name\":\"\u00a1Hemos vuelto a subir a Montserrat a pie!\"}]},{\"@type\":\"WebSite\",\"@id\":\"https:\\\/\\\/www.casaldelsinfants.org\\\/es\\\/#website\",\"url\":\"https:\\\/\\\/www.casaldelsinfants.org\\\/es\\\/\",\"name\":\"Casal dels Infants\",\"description\":\"\",\"publisher\":{\"@id\":\"https:\\\/\\\/www.casaldelsinfants.org\\\/es\\\/#organization\"},\"potentialAction\":[{\"@type\":\"SearchAction\",\"target\":{\"@type\":\"EntryPoint\",\"urlTemplate\":\"https:\\\/\\\/www.casaldelsinfants.org\\\/es\\\/?s={search_term_string}\"},\"query-input\":{\"@type\":\"PropertyValueSpecification\",\"valueRequired\":true,\"valueName\":\"search_term_string\"}}],\"inLanguage\":\"es\"},{\"@type\":\"Organization\",\"@id\":\"https:\\\/\\\/www.casaldelsinfants.org\\\/es\\\/#organization\",\"name\":\"Casal dels Infants\",\"url\":\"https:\\\/\\\/www.casaldelsinfants.org\\\/es\\\/\",\"logo\":{\"@type\":\"ImageObject\",\"inLanguage\":\"es\",\"@id\":\"https:\\\/\\\/www.casaldelsinfants.org\\\/es\\\/#\\\/schema\\\/logo\\\/image\\\/\",\"url\":\"https:\\\/\\\/www.casaldelsinfants.org\\\/wp-content\\\/uploads\\\/logo-mail.png\",\"contentUrl\":\"https:\\\/\\\/www.casaldelsinfants.org\\\/wp-content\\\/uploads\\\/logo-mail.png\",\"width\":380,\"height\":158,\"caption\":\"Casal dels Infants\"},\"image\":{\"@id\":\"https:\\\/\\\/www.casaldelsinfants.org\\\/es\\\/#\\\/schema\\\/logo\\\/image\\\/\"},\"sameAs\":[\"https:\\\/\\\/www.facebook.com\\\/casalinfants\",\"https:\\\/\\\/x.com\\\/casalinfants\",\"https:\\\/\\\/www.youtube.com\\\/user\\\/CasaldelsInfants1\",\"https:\\\/\\\/www.instagram.com\\\/casalinfants\\\/\",\"https:\\\/\\\/www.linkedin.com\\\/company\\\/casaldelsinfants?trk=organization-update_share-update_actor-text\"]},{\"@type\":\"Person\",\"@id\":\"https:\\\/\\\/www.casaldelsinfants.org\\\/es\\\/#\\\/schema\\\/person\\\/97707fc8c64900cf36891127dbf9fba8\",\"name\":\"cdiAdmin\",\"sameAs\":[\"https:\\\/\\\/casaldelsinfants.org\"]}]}<\/script>\n<!-- \/ Yoast SEO plugin. -->","yoast_head_json":{"title":"anada a peu a Montserrat 2021","description":"El divendres 28 de maig una setantena d'adolescents i joves del Casal dels Infants van fer l'anada a peu a Montserrat acompanyats d'educadors, educadores i persones volunt\u00e0ries.","robots":{"index":"index","follow":"follow","max-snippet":"max-snippet:-1","max-image-preview":"max-image-preview:large","max-video-preview":"max-video-preview:-1"},"canonical":"https:\/\/www.casaldelsinfants.org\/es\/actualidad\/hemos-vuelto-subir-montserrat-pie\/","og_locale":"es_ES","og_type":"article","og_title":"anada a peu a Montserrat 2021","og_description":"El divendres 28 de maig una setantena d'adolescents i joves del Casal dels Infants van fer l'anada a peu a Montserrat acompanyats d'educadors, educadores i persones volunt\u00e0ries.","og_url":"https:\/\/www.casaldelsinfants.org\/es\/actualidad\/hemos-vuelto-subir-montserrat-pie\/","og_site_name":"Casal dels Infants","article_publisher":"https:\/\/www.facebook.com\/casalinfants","article_published_time":"2021-06-01T12:35:58+00:00","article_modified_time":"2023-05-01T15:45:53+00:00","og_image":[{"width":2048,"height":1536,"url":"https:\/\/www.casaldelsinfants.org\/wp-content\/uploads\/montserrat_2021.jpg","type":"image\/jpeg"}],"author":"cdiAdmin","twitter_card":"summary_large_image","twitter_creator":"@casalinfants","twitter_site":"@casalinfants","twitter_misc":{"Escrito por":"cdiAdmin","Tiempo de lectura":"1 minuto"},"schema":{"@context":"https:\/\/schema.org","@graph":[{"@type":"Article","@id":"https:\/\/www.casaldelsinfants.org\/es\/actualidad\/hemos-vuelto-subir-montserrat-pie\/#article","isPartOf":{"@id":"https:\/\/www.casaldelsinfants.org\/es\/actualidad\/hemos-vuelto-subir-montserrat-pie\/"},"author":{"name":"cdiAdmin","@id":"https:\/\/www.casaldelsinfants.org\/es\/#\/schema\/person\/97707fc8c64900cf36891127dbf9fba8"},"headline":"\u00a1Hemos vuelto a subir a Montserrat a pie!","datePublished":"2021-06-01T12:35:58+00:00","dateModified":"2023-05-01T15:45:53+00:00","mainEntityOfPage":{"@id":"https:\/\/www.casaldelsinfants.org\/es\/actualidad\/hemos-vuelto-subir-montserrat-pie\/"},"wordCount":228,"commentCount":0,"publisher":{"@id":"https:\/\/www.casaldelsinfants.org\/es\/#organization"},"image":{"@id":"https:\/\/www.casaldelsinfants.org\/es\/actualidad\/hemos-vuelto-subir-montserrat-pie\/#primaryimage"},"thumbnailUrl":"https:\/\/www.casaldelsinfants.org\/wp-content\/uploads\/montserrat_2021.jpg","articleSection":["Noticia"],"inLanguage":"es","potentialAction":[{"@type":"CommentAction","name":"Comment","target":["https:\/\/www.casaldelsinfants.org\/es\/actualidad\/hemos-vuelto-subir-montserrat-pie\/#respond"]}]},{"@type":"WebPage","@id":"https:\/\/www.casaldelsinfants.org\/es\/actualidad\/hemos-vuelto-subir-montserrat-pie\/","url":"https:\/\/www.casaldelsinfants.org\/es\/actualidad\/hemos-vuelto-subir-montserrat-pie\/","name":"anada a peu a Montserrat 2021","isPartOf":{"@id":"https:\/\/www.casaldelsinfants.org\/es\/#website"},"primaryImageOfPage":{"@id":"https:\/\/www.casaldelsinfants.org\/es\/actualidad\/hemos-vuelto-subir-montserrat-pie\/#primaryimage"},"image":{"@id":"https:\/\/www.casaldelsinfants.org\/es\/actualidad\/hemos-vuelto-subir-montserrat-pie\/#primaryimage"},"thumbnailUrl":"https:\/\/www.casaldelsinfants.org\/wp-content\/uploads\/montserrat_2021.jpg","datePublished":"2021-06-01T12:35:58+00:00","dateModified":"2023-05-01T15:45:53+00:00","description":"El divendres 28 de maig una setantena d'adolescents i joves del Casal dels Infants van fer l'anada a peu a Montserrat acompanyats d'educadors, educadores i persones volunt\u00e0ries.","breadcrumb":{"@id":"https:\/\/www.casaldelsinfants.org\/es\/actualidad\/hemos-vuelto-subir-montserrat-pie\/#breadcrumb"},"inLanguage":"es","potentialAction":[{"@type":"ReadAction","target":["https:\/\/www.casaldelsinfants.org\/es\/actualidad\/hemos-vuelto-subir-montserrat-pie\/"]}]},{"@type":"ImageObject","inLanguage":"es","@id":"https:\/\/www.casaldelsinfants.org\/es\/actualidad\/hemos-vuelto-subir-montserrat-pie\/#primaryimage","url":"https:\/\/www.casaldelsinfants.org\/wp-content\/uploads\/montserrat_2021.jpg","contentUrl":"https:\/\/www.casaldelsinfants.org\/wp-content\/uploads\/montserrat_2021.jpg","width":2048,"height":1536,"caption":"La pujada a Montserrat a peu per part de participants, treballadors i voluntaris del Casal dels Infants."},{"@type":"BreadcrumbList","@id":"https:\/\/www.casaldelsinfants.org\/es\/actualidad\/hemos-vuelto-subir-montserrat-pie\/#breadcrumb","itemListElement":[{"@type":"ListItem","position":1,"name":"Inici","item":"https:\/\/www.casaldelsinfants.org\/es\/"},{"@type":"ListItem","position":2,"name":"\u00a1Hemos vuelto a subir a Montserrat a pie!"}]},{"@type":"WebSite","@id":"https:\/\/www.casaldelsinfants.org\/es\/#website","url":"https:\/\/www.casaldelsinfants.org\/es\/","name":"Casal dels Infants","description":"","publisher":{"@id":"https:\/\/www.casaldelsinfants.org\/es\/#organization"},"potentialAction":[{"@type":"SearchAction","target":{"@type":"EntryPoint","urlTemplate":"https:\/\/www.casaldelsinfants.org\/es\/?s={search_term_string}"},"query-input":{"@type":"PropertyValueSpecification","valueRequired":true,"valueName":"search_term_string"}}],"inLanguage":"es"},{"@type":"Organization","@id":"https:\/\/www.casaldelsinfants.org\/es\/#organization","name":"Casal dels Infants","url":"https:\/\/www.casaldelsinfants.org\/es\/","logo":{"@type":"ImageObject","inLanguage":"es","@id":"https:\/\/www.casaldelsinfants.org\/es\/#\/schema\/logo\/image\/","url":"https:\/\/www.casaldelsinfants.org\/wp-content\/uploads\/logo-mail.png","contentUrl":"https:\/\/www.casaldelsinfants.org\/wp-content\/uploads\/logo-mail.png","width":380,"height":158,"caption":"Casal dels Infants"},"image":{"@id":"https:\/\/www.casaldelsinfants.org\/es\/#\/schema\/logo\/image\/"},"sameAs":["https:\/\/www.facebook.com\/casalinfants","https:\/\/x.com\/casalinfants","https:\/\/www.youtube.com\/user\/CasaldelsInfants1","https:\/\/www.instagram.com\/casalinfants\/","https:\/\/www.linkedin.com\/company\/casaldelsinfants?trk=organization-update_share-update_actor-text"]},{"@type":"Person","@id":"https:\/\/www.casaldelsinfants.org\/es\/#\/schema\/person\/97707fc8c64900cf36891127dbf9fba8","name":"cdiAdmin","sameAs":["https:\/\/casaldelsinfants.org"]}]}},"publishpress_future_action":{"enabled":false,"date":"2026-05-09 08:42:06","action":"change-status","newStatus":"draft","terms":[],"taxonomy":"category","extraData":[]},"publishpress_future_workflow_manual_trigger":{"enabledWorkflows":[]},"_links":{"self":[{"href":"https:\/\/www.casaldelsinfants.org\/es\/wp-json\/wp\/v2\/posts\/4295","targetHints":{"allow":["GET"]}}],"collection":[{"href":"https:\/\/www.casaldelsinfants.org\/es\/wp-json\/wp\/v2\/posts"}],"about":[{"href":"https:\/\/www.casaldelsinfants.org\/es\/wp-json\/wp\/v2\/types\/post"}],"author":[{"embeddable":true,"href":"https:\/\/www.casaldelsinfants.org\/es\/wp-json\/wp\/v2\/users\/1"}],"replies":[{"embeddable":true,"href":"https:\/\/www.casaldelsinfants.org\/es\/wp-json\/wp\/v2\/comments?post=4295"}],"version-history":[{"count":1,"href":"https:\/\/www.casaldelsinfants.org\/es\/wp-json\/wp\/v2\/posts\/4295\/revisions"}],"predecessor-version":[{"id":6268,"href":"https:\/\/www.casaldelsinfants.org\/es\/wp-json\/wp\/v2\/posts\/4295\/revisions\/6268"}],"wp:featuredmedia":[{"embeddable":true,"href":"https:\/\/www.casaldelsinfants.org\/es\/wp-json\/wp\/v2\/media\/3077"}],"wp:attachment":[{"href":"https:\/\/www.casaldelsinfants.org\/es\/wp-json\/wp\/v2\/media?parent=4295"}],"wp:term":[{"taxonomy":"category","embeddable":true,"href":"https:\/\/www.casaldelsinfants.org\/es\/wp-json\/wp\/v2\/categories?post=4295"},{"taxonomy":"post_tag","embeddable":true,"href":"https:\/\/www.casaldelsinfants.org\/es\/wp-json\/wp\/v2\/tags?post=4295"},{"taxonomy":"seus","embeddable":true,"href":"https:\/\/www.casaldelsinfants.org\/es\/wp-json\/wp\/v2\/seus?post=4295"},{"taxonomy":"eixos","embeddable":true,"href":"https:\/\/www.casaldelsinfants.org\/es\/wp-json\/wp\/v2\/eixos?post=4295"}],"curies":[{"name":"wp","href":"https:\/\/api.w.org\/{rel}","templated":true}]}}