{"id":4296,"date":"2021-05-12T11:37:12","date_gmt":"2021-05-12T09:37:12","guid":{"rendered":"https:\/\/casal.puntzero.cat\/noticies\/les-families-monoparentals-davant-el-risc-de-pobresa-i-lacces-leducacio-infantil\/"},"modified":"2023-11-06T14:58:19","modified_gmt":"2023-11-06T12:58:19","slug":"les-families-monoparentals-davant-el-risc-de-pobresa-i-lacces-leducacio-infantil","status":"publish","type":"post","link":"https:\/\/www.casaldelsinfants.org\/es\/actualidad\/les-families-monoparentals-davant-el-risc-de-pobresa-i-lacces-leducacio-infantil\/","title":{"rendered":"Les fam\u00edlies monoparentals davant el risc de pobresa i l&#8217;acc\u00e9s a l&#8217;educaci\u00f3 infantil"},"content":{"rendered":"<blockquote><p><strong>Qu\u00e8 hi pots fer tu?<\/strong><\/p>\n<p>Ajuda&#8217;ns a seguir oferint acompanyament a fam\u00edlies monoparentals en situaci\u00f3 de vulnerabilitat i a defensar el drets dels seus infants<\/p>\n<p>Fes un <strong>donatiu<\/strong> <a href=\"https:\/\/www.casaldelsinfants.org\/dona-ara\/\" target=\"_blank\" rel=\"noopener\"><u>aqu\u00ed<\/u><\/a><\/p>\n<p>Apunta&#8217;t a fer\u00a0<strong>voluntarat <\/strong><a href=\"https:\/\/www.casaldelsinfants.org\/que-pots-fer-tu\/voluntariat\/\">aqu\u00ed<\/a><\/p><\/blockquote>\n","protected":false},"excerpt":{"rendered":"<p class=\"text-align-center\">Vincles \u00e9s un servei maternoinfantil del Casal dels Infants que ofereix un espai educatiu a infants de 0 a 3 anys, en una etapa clau per al seu desenvolupament. Les seves mares, que tamb\u00e9 hi participen, estableixen un lligam de suport mutu, reforcen compet\u00e8ncies i reben assessorament en el proc\u00e9s de crian\u00e7a. La Martina Mounir, que hi participa amb el seu fill Marcelio al Casal dels Infants de Santa Coloma de Gramenet, ens parla de les seves dificultats per portar-lo a una escola bressol, per treballar i per accedir a prestacions socials.<\/p>\n<p class=\"text-align-center\">\u00a0<\/p>\n<div class=\"video-embed-field-responsive-video form-group\"><iframe loading=\"lazy\" width=\"854\" height=\"480\" frameborder=\"0\" allowfullscreen=\"allowfullscreen\" src=\"https:\/\/www.youtube.com\/embed\/6ftVO-DdW5c?autoplay=0&amp;start=0&amp;rel=0\"><\/iframe>\n<\/div>\n<p>\u00a0<\/p>\n","protected":false},"author":1,"featured_media":0,"comment_status":"open","ping_status":"open","sticky":false,"template":"","format":"standard","meta":{"_acf_changed":false,"_et_pb_use_builder":"","_et_pb_old_content":"","_et_gb_content_width":"","inline_featured_image":false,"footnotes":""},"categories":[127],"tags":[],"seus":[160],"eixos":[107],"class_list":["post-4296","post","type-post","status-publish","format-standard","hentry","category-entrevista","seus-santa-coloma-de-gramenet","eixos-pequena-infancia"],"acf":[],"yoast_head":"<!-- This site is optimized with the Yoast SEO plugin v27.4 - https:\/\/yoast.com\/product\/yoast-seo-wordpress\/ -->\n<title>Les fam\u00edlies monoparentals davant el risc de pobresa i l&#039;acc\u00e9s a l&#039;educaci\u00f3 infantil - Casal dels Infants<\/title>\n<meta name=\"robots\" content=\"index, follow, max-snippet:-1, max-image-preview:large, max-video-preview:-1\" \/>\n<link rel=\"canonical\" href=\"https:\/\/www.casaldelsinfants.org\/es\/actualidad\/les-families-monoparentals-davant-el-risc-de-pobresa-i-lacces-leducacio-infantil\/\" \/>\n<meta property=\"og:locale\" content=\"es_ES\" \/>\n<meta property=\"og:type\" content=\"article\" \/>\n<meta property=\"og:title\" content=\"Les fam\u00edlies monoparentals davant el risc de pobresa i l&#039;acc\u00e9s a l&#039;educaci\u00f3 infantil - Casal dels Infants\" \/>\n<meta property=\"og:description\" content=\"Vincles \u00e9s un servei maternoinfantil del Casal dels Infants que ofereix un espai educatiu a infants de 0 a 3 anys, en una etapa clau per al seu desenvolupament. Les seves mares, que tamb\u00e9 hi participen, estableixen un lligam de suport mutu, reforcen compet\u00e8ncies i reben assessorament en el proc\u00e9s de crian\u00e7a. La Martina Mounir, que hi participa amb el seu fill Marcelio al Casal dels Infants de Santa Coloma de Gramenet, ens parla de les seves dificultats per portar-lo a una escola bressol, per treballar i per accedir a prestacions socials.  \u00a0      \u00a0\" \/>\n<meta property=\"og:url\" content=\"https:\/\/www.casaldelsinfants.org\/es\/actualidad\/les-families-monoparentals-davant-el-risc-de-pobresa-i-lacces-leducacio-infantil\/\" \/>\n<meta property=\"og:site_name\" content=\"Casal dels Infants\" \/>\n<meta property=\"article:publisher\" content=\"https:\/\/www.facebook.com\/casalinfants\" \/>\n<meta property=\"article:published_time\" content=\"2021-05-12T09:37:12+00:00\" \/>\n<meta property=\"article:modified_time\" content=\"2023-11-06T12:58:19+00:00\" \/>\n<meta name=\"author\" content=\"cdiAdmin\" \/>\n<meta name=\"twitter:card\" content=\"summary_large_image\" \/>\n<meta name=\"twitter:creator\" content=\"@casalinfants\" \/>\n<meta name=\"twitter:site\" content=\"@casalinfants\" \/>\n<meta name=\"twitter:label1\" content=\"Escrito por\" \/>\n\t<meta name=\"twitter:data1\" content=\"cdiAdmin\" \/>\n<script type=\"application\/ld+json\" class=\"yoast-schema-graph\">{\"@context\":\"https:\\\/\\\/schema.org\",\"@graph\":[{\"@type\":\"Article\",\"@id\":\"https:\\\/\\\/www.casaldelsinfants.org\\\/es\\\/actualidad\\\/les-families-monoparentals-davant-el-risc-de-pobresa-i-lacces-leducacio-infantil\\\/#article\",\"isPartOf\":{\"@id\":\"https:\\\/\\\/www.casaldelsinfants.org\\\/es\\\/actualidad\\\/les-families-monoparentals-davant-el-risc-de-pobresa-i-lacces-leducacio-infantil\\\/\"},\"author\":{\"name\":\"cdiAdmin\",\"@id\":\"https:\\\/\\\/www.casaldelsinfants.org\\\/es\\\/#\\\/schema\\\/person\\\/97707fc8c64900cf36891127dbf9fba8\"},\"headline\":\"Les fam\u00edlies monoparentals davant el risc de pobresa i l&#8217;acc\u00e9s a l&#8217;educaci\u00f3 infantil\",\"datePublished\":\"2021-05-12T09:37:12+00:00\",\"dateModified\":\"2023-11-06T12:58:19+00:00\",\"mainEntityOfPage\":{\"@id\":\"https:\\\/\\\/www.casaldelsinfants.org\\\/es\\\/actualidad\\\/les-families-monoparentals-davant-el-risc-de-pobresa-i-lacces-leducacio-infantil\\\/\"},\"wordCount\":54,\"commentCount\":0,\"publisher\":{\"@id\":\"https:\\\/\\\/www.casaldelsinfants.org\\\/es\\\/#organization\"},\"articleSection\":[\"Entrevista\"],\"inLanguage\":\"es\",\"potentialAction\":[{\"@type\":\"CommentAction\",\"name\":\"Comment\",\"target\":[\"https:\\\/\\\/www.casaldelsinfants.org\\\/es\\\/actualidad\\\/les-families-monoparentals-davant-el-risc-de-pobresa-i-lacces-leducacio-infantil\\\/#respond\"]}]},{\"@type\":\"WebPage\",\"@id\":\"https:\\\/\\\/www.casaldelsinfants.org\\\/es\\\/actualidad\\\/les-families-monoparentals-davant-el-risc-de-pobresa-i-lacces-leducacio-infantil\\\/\",\"url\":\"https:\\\/\\\/www.casaldelsinfants.org\\\/es\\\/actualidad\\\/les-families-monoparentals-davant-el-risc-de-pobresa-i-lacces-leducacio-infantil\\\/\",\"name\":\"Les fam\u00edlies monoparentals davant el risc de pobresa i l'acc\u00e9s a l'educaci\u00f3 infantil - Casal dels Infants\",\"isPartOf\":{\"@id\":\"https:\\\/\\\/www.casaldelsinfants.org\\\/es\\\/#website\"},\"datePublished\":\"2021-05-12T09:37:12+00:00\",\"dateModified\":\"2023-11-06T12:58:19+00:00\",\"breadcrumb\":{\"@id\":\"https:\\\/\\\/www.casaldelsinfants.org\\\/es\\\/actualidad\\\/les-families-monoparentals-davant-el-risc-de-pobresa-i-lacces-leducacio-infantil\\\/#breadcrumb\"},\"inLanguage\":\"es\",\"potentialAction\":[{\"@type\":\"ReadAction\",\"target\":[\"https:\\\/\\\/www.casaldelsinfants.org\\\/es\\\/actualidad\\\/les-families-monoparentals-davant-el-risc-de-pobresa-i-lacces-leducacio-infantil\\\/\"]}]},{\"@type\":\"BreadcrumbList\",\"@id\":\"https:\\\/\\\/www.casaldelsinfants.org\\\/es\\\/actualidad\\\/les-families-monoparentals-davant-el-risc-de-pobresa-i-lacces-leducacio-infantil\\\/#breadcrumb\",\"itemListElement\":[{\"@type\":\"ListItem\",\"position\":1,\"name\":\"Inici\",\"item\":\"https:\\\/\\\/www.casaldelsinfants.org\\\/es\\\/\"},{\"@type\":\"ListItem\",\"position\":2,\"name\":\"Les fam\u00edlies monoparentals davant el risc de pobresa i l&#8217;acc\u00e9s a l&#8217;educaci\u00f3 infantil\"}]},{\"@type\":\"WebSite\",\"@id\":\"https:\\\/\\\/www.casaldelsinfants.org\\\/es\\\/#website\",\"url\":\"https:\\\/\\\/www.casaldelsinfants.org\\\/es\\\/\",\"name\":\"Casal dels Infants\",\"description\":\"\",\"publisher\":{\"@id\":\"https:\\\/\\\/www.casaldelsinfants.org\\\/es\\\/#organization\"},\"potentialAction\":[{\"@type\":\"SearchAction\",\"target\":{\"@type\":\"EntryPoint\",\"urlTemplate\":\"https:\\\/\\\/www.casaldelsinfants.org\\\/es\\\/?s={search_term_string}\"},\"query-input\":{\"@type\":\"PropertyValueSpecification\",\"valueRequired\":true,\"valueName\":\"search_term_string\"}}],\"inLanguage\":\"es\"},{\"@type\":\"Organization\",\"@id\":\"https:\\\/\\\/www.casaldelsinfants.org\\\/es\\\/#organization\",\"name\":\"Casal dels Infants\",\"url\":\"https:\\\/\\\/www.casaldelsinfants.org\\\/es\\\/\",\"logo\":{\"@type\":\"ImageObject\",\"inLanguage\":\"es\",\"@id\":\"https:\\\/\\\/www.casaldelsinfants.org\\\/es\\\/#\\\/schema\\\/logo\\\/image\\\/\",\"url\":\"https:\\\/\\\/www.casaldelsinfants.org\\\/wp-content\\\/uploads\\\/logo-mail.png\",\"contentUrl\":\"https:\\\/\\\/www.casaldelsinfants.org\\\/wp-content\\\/uploads\\\/logo-mail.png\",\"width\":380,\"height\":158,\"caption\":\"Casal dels Infants\"},\"image\":{\"@id\":\"https:\\\/\\\/www.casaldelsinfants.org\\\/es\\\/#\\\/schema\\\/logo\\\/image\\\/\"},\"sameAs\":[\"https:\\\/\\\/www.facebook.com\\\/casalinfants\",\"https:\\\/\\\/x.com\\\/casalinfants\",\"https:\\\/\\\/www.youtube.com\\\/user\\\/CasaldelsInfants1\",\"https:\\\/\\\/www.instagram.com\\\/casalinfants\\\/\",\"https:\\\/\\\/www.linkedin.com\\\/company\\\/casaldelsinfants?trk=organization-update_share-update_actor-text\"]},{\"@type\":\"Person\",\"@id\":\"https:\\\/\\\/www.casaldelsinfants.org\\\/es\\\/#\\\/schema\\\/person\\\/97707fc8c64900cf36891127dbf9fba8\",\"name\":\"cdiAdmin\",\"sameAs\":[\"https:\\\/\\\/casaldelsinfants.org\"]}]}<\/script>\n<!-- \/ Yoast SEO plugin. -->","yoast_head_json":{"title":"Les fam\u00edlies monoparentals davant el risc de pobresa i l'acc\u00e9s a l'educaci\u00f3 infantil - Casal dels Infants","robots":{"index":"index","follow":"follow","max-snippet":"max-snippet:-1","max-image-preview":"max-image-preview:large","max-video-preview":"max-video-preview:-1"},"canonical":"https:\/\/www.casaldelsinfants.org\/es\/actualidad\/les-families-monoparentals-davant-el-risc-de-pobresa-i-lacces-leducacio-infantil\/","og_locale":"es_ES","og_type":"article","og_title":"Les fam\u00edlies monoparentals davant el risc de pobresa i l'acc\u00e9s a l'educaci\u00f3 infantil - Casal dels Infants","og_description":"Vincles \u00e9s un servei maternoinfantil del Casal dels Infants que ofereix un espai educatiu a infants de 0 a 3 anys, en una etapa clau per al seu desenvolupament. Les seves mares, que tamb\u00e9 hi participen, estableixen un lligam de suport mutu, reforcen compet\u00e8ncies i reben assessorament en el proc\u00e9s de crian\u00e7a. La Martina Mounir, que hi participa amb el seu fill Marcelio al Casal dels Infants de Santa Coloma de Gramenet, ens parla de les seves dificultats per portar-lo a una escola bressol, per treballar i per accedir a prestacions socials.  \u00a0      \u00a0","og_url":"https:\/\/www.casaldelsinfants.org\/es\/actualidad\/les-families-monoparentals-davant-el-risc-de-pobresa-i-lacces-leducacio-infantil\/","og_site_name":"Casal dels Infants","article_publisher":"https:\/\/www.facebook.com\/casalinfants","article_published_time":"2021-05-12T09:37:12+00:00","article_modified_time":"2023-11-06T12:58:19+00:00","author":"cdiAdmin","twitter_card":"summary_large_image","twitter_creator":"@casalinfants","twitter_site":"@casalinfants","twitter_misc":{"Escrito por":"cdiAdmin"},"schema":{"@context":"https:\/\/schema.org","@graph":[{"@type":"Article","@id":"https:\/\/www.casaldelsinfants.org\/es\/actualidad\/les-families-monoparentals-davant-el-risc-de-pobresa-i-lacces-leducacio-infantil\/#article","isPartOf":{"@id":"https:\/\/www.casaldelsinfants.org\/es\/actualidad\/les-families-monoparentals-davant-el-risc-de-pobresa-i-lacces-leducacio-infantil\/"},"author":{"name":"cdiAdmin","@id":"https:\/\/www.casaldelsinfants.org\/es\/#\/schema\/person\/97707fc8c64900cf36891127dbf9fba8"},"headline":"Les fam\u00edlies monoparentals davant el risc de pobresa i l&#8217;acc\u00e9s a l&#8217;educaci\u00f3 infantil","datePublished":"2021-05-12T09:37:12+00:00","dateModified":"2023-11-06T12:58:19+00:00","mainEntityOfPage":{"@id":"https:\/\/www.casaldelsinfants.org\/es\/actualidad\/les-families-monoparentals-davant-el-risc-de-pobresa-i-lacces-leducacio-infantil\/"},"wordCount":54,"commentCount":0,"publisher":{"@id":"https:\/\/www.casaldelsinfants.org\/es\/#organization"},"articleSection":["Entrevista"],"inLanguage":"es","potentialAction":[{"@type":"CommentAction","name":"Comment","target":["https:\/\/www.casaldelsinfants.org\/es\/actualidad\/les-families-monoparentals-davant-el-risc-de-pobresa-i-lacces-leducacio-infantil\/#respond"]}]},{"@type":"WebPage","@id":"https:\/\/www.casaldelsinfants.org\/es\/actualidad\/les-families-monoparentals-davant-el-risc-de-pobresa-i-lacces-leducacio-infantil\/","url":"https:\/\/www.casaldelsinfants.org\/es\/actualidad\/les-families-monoparentals-davant-el-risc-de-pobresa-i-lacces-leducacio-infantil\/","name":"Les fam\u00edlies monoparentals davant el risc de pobresa i l'acc\u00e9s a l'educaci\u00f3 infantil - Casal dels Infants","isPartOf":{"@id":"https:\/\/www.casaldelsinfants.org\/es\/#website"},"datePublished":"2021-05-12T09:37:12+00:00","dateModified":"2023-11-06T12:58:19+00:00","breadcrumb":{"@id":"https:\/\/www.casaldelsinfants.org\/es\/actualidad\/les-families-monoparentals-davant-el-risc-de-pobresa-i-lacces-leducacio-infantil\/#breadcrumb"},"inLanguage":"es","potentialAction":[{"@type":"ReadAction","target":["https:\/\/www.casaldelsinfants.org\/es\/actualidad\/les-families-monoparentals-davant-el-risc-de-pobresa-i-lacces-leducacio-infantil\/"]}]},{"@type":"BreadcrumbList","@id":"https:\/\/www.casaldelsinfants.org\/es\/actualidad\/les-families-monoparentals-davant-el-risc-de-pobresa-i-lacces-leducacio-infantil\/#breadcrumb","itemListElement":[{"@type":"ListItem","position":1,"name":"Inici","item":"https:\/\/www.casaldelsinfants.org\/es\/"},{"@type":"ListItem","position":2,"name":"Les fam\u00edlies monoparentals davant el risc de pobresa i l&#8217;acc\u00e9s a l&#8217;educaci\u00f3 infantil"}]},{"@type":"WebSite","@id":"https:\/\/www.casaldelsinfants.org\/es\/#website","url":"https:\/\/www.casaldelsinfants.org\/es\/","name":"Casal dels Infants","description":"","publisher":{"@id":"https:\/\/www.casaldelsinfants.org\/es\/#organization"},"potentialAction":[{"@type":"SearchAction","target":{"@type":"EntryPoint","urlTemplate":"https:\/\/www.casaldelsinfants.org\/es\/?s={search_term_string}"},"query-input":{"@type":"PropertyValueSpecification","valueRequired":true,"valueName":"search_term_string"}}],"inLanguage":"es"},{"@type":"Organization","@id":"https:\/\/www.casaldelsinfants.org\/es\/#organization","name":"Casal dels Infants","url":"https:\/\/www.casaldelsinfants.org\/es\/","logo":{"@type":"ImageObject","inLanguage":"es","@id":"https:\/\/www.casaldelsinfants.org\/es\/#\/schema\/logo\/image\/","url":"https:\/\/www.casaldelsinfants.org\/wp-content\/uploads\/logo-mail.png","contentUrl":"https:\/\/www.casaldelsinfants.org\/wp-content\/uploads\/logo-mail.png","width":380,"height":158,"caption":"Casal dels Infants"},"image":{"@id":"https:\/\/www.casaldelsinfants.org\/es\/#\/schema\/logo\/image\/"},"sameAs":["https:\/\/www.facebook.com\/casalinfants","https:\/\/x.com\/casalinfants","https:\/\/www.youtube.com\/user\/CasaldelsInfants1","https:\/\/www.instagram.com\/casalinfants\/","https:\/\/www.linkedin.com\/company\/casaldelsinfants?trk=organization-update_share-update_actor-text"]},{"@type":"Person","@id":"https:\/\/www.casaldelsinfants.org\/es\/#\/schema\/person\/97707fc8c64900cf36891127dbf9fba8","name":"cdiAdmin","sameAs":["https:\/\/casaldelsinfants.org"]}]}},"publishpress_future_action":{"enabled":false,"date":"2026-05-08 17:16:30","action":"change-status","newStatus":"draft","terms":[],"taxonomy":"category","extraData":[]},"publishpress_future_workflow_manual_trigger":{"enabledWorkflows":[]},"_links":{"self":[{"href":"https:\/\/www.casaldelsinfants.org\/es\/wp-json\/wp\/v2\/posts\/4296","targetHints":{"allow":["GET"]}}],"collection":[{"href":"https:\/\/www.casaldelsinfants.org\/es\/wp-json\/wp\/v2\/posts"}],"about":[{"href":"https:\/\/www.casaldelsinfants.org\/es\/wp-json\/wp\/v2\/types\/post"}],"author":[{"embeddable":true,"href":"https:\/\/www.casaldelsinfants.org\/es\/wp-json\/wp\/v2\/users\/1"}],"replies":[{"embeddable":true,"href":"https:\/\/www.casaldelsinfants.org\/es\/wp-json\/wp\/v2\/comments?post=4296"}],"version-history":[{"count":3,"href":"https:\/\/www.casaldelsinfants.org\/es\/wp-json\/wp\/v2\/posts\/4296\/revisions"}],"predecessor-version":[{"id":15382,"href":"https:\/\/www.casaldelsinfants.org\/es\/wp-json\/wp\/v2\/posts\/4296\/revisions\/15382"}],"wp:attachment":[{"href":"https:\/\/www.casaldelsinfants.org\/es\/wp-json\/wp\/v2\/media?parent=4296"}],"wp:term":[{"taxonomy":"category","embeddable":true,"href":"https:\/\/www.casaldelsinfants.org\/es\/wp-json\/wp\/v2\/categories?post=4296"},{"taxonomy":"post_tag","embeddable":true,"href":"https:\/\/www.casaldelsinfants.org\/es\/wp-json\/wp\/v2\/tags?post=4296"},{"taxonomy":"seus","embeddable":true,"href":"https:\/\/www.casaldelsinfants.org\/es\/wp-json\/wp\/v2\/seus?post=4296"},{"taxonomy":"eixos","embeddable":true,"href":"https:\/\/www.casaldelsinfants.org\/es\/wp-json\/wp\/v2\/eixos?post=4296"}],"curies":[{"name":"wp","href":"https:\/\/api.w.org\/{rel}","templated":true}]}}