{"id":4298,"date":"2021-04-22T13:10:17","date_gmt":"2021-04-22T11:10:17","guid":{"rendered":"https:\/\/casal.puntzero.cat\/noticies\/el-centre-socioeducatiu-el-raco-participa-en-el-campionat-de-robotica-vex-spain\/"},"modified":"2023-05-01T17:46:05","modified_gmt":"2023-05-01T15:46:05","slug":"el-centre-socioeducatiu-el-raco-participa-en-el-campionat-de-robotica-vex-spain","status":"publish","type":"post","link":"https:\/\/www.casaldelsinfants.org\/es\/actualidad\/centro-socioeducativo-el-raco-participa-campeonato-robotica-vex\/","title":{"rendered":"El Centro Socioeducativo el Rac\u00f3 participa en el campeonato de rob\u00f3tica Vex-Spain"},"content":{"rendered":"<p><span style=\"color:#000000;\"><meta charset=\"utf-8\" \/><\/span><span style=\"color:#000000;\">El Centro Socioeducativo el Rac\u00f3 del Casal dels Infants del Bes\u00f2s y la Mina particip\u00f3 el pasado s\u00e1bado en el campeonato de rob\u00f3tica Vex-Spain, organizado por la Universitat Polit\u00e8cnica de Catalunya, la Fundaci\u00f3n B-Tec y la asociaci\u00f3n de estudiantes de rob\u00f3tica de la Universitat Polit\u00e8cnica de Catalunya PUCRA. Pod\u00e9is ver el v\u00eddeo de toda la competici\u00f3n <\/span><a href=\"https:\/\/www.youtube.com\/watch?app=desktop&amp;v=xjbM1qRAfXQ\"><span style=\"color:#000000;\"><strong>aqu\u00ed<\/strong><\/span><\/a><span style=\"color:#000000;\">.<\/span><\/p>\n<p><span style=\"color:#000000;\"><meta charset=\"utf-8\" \/><\/span><\/p>\n<p dir=\"ltr\"><span style=\"color:#000000;\">Fue una jornada muy emocionante e intensa, en la que el equipo del Centro Socioeducativo el Rac\u00f3, formado por cuatro ni\u00f1as y dos ni\u00f1os de 9 y 12 a\u00f1os, consigui\u00f3 el trofeo del sexto premio del campeonato.\u00a0<\/span><\/p>\n<p dir=\"ltr\"><span style=\"color:#000000;\">Todo ello es un reconocimiento a la dedicaci\u00f3n de todo el equipo, que desde que empez\u00f3 el curso ha aprendido y luchado mucho para llegar hasta aqu\u00ed. Los ni\u00f1os y ni\u00f1as han contado con el apoyo de Loubna y Toni, estudiantes en pr\u00e1cticas de la UPC que en todos estos meses les han ense\u00f1ado un mont\u00f3n de conocimientos sobre rob\u00f3tica.\u00a0<\/span><\/p>\n<p dir=\"ltr\"><span style=\"color:#000000;\">El taller de rob\u00f3tica de la UPC y la Funcaci\u00f3 B-Tec con el grupo del Casal dels Infants empez\u00f3 en septiembre. Cada viernes, con los consejos de Loubna y Toni, el equipo se encontraba en el local del Casal e iba construyendo el robot, que deb\u00eda cumplir ciertos requisitos por lo que se refiere a la altura, el ancho y el motor.\u00a0<\/span><\/p>\n<p dir=\"ltr\"><span style=\"color:#000000;\">Una vez finalizado y tras haberlo programado en el ordenador, lleg\u00f3 el momento de aprender a dirigirlo con el mando a distancia. A partir del segundo trimestre, el equipo fue cada viernes al campus Diagonal Bes\u00f2s de la UPC para entrenar en el campo de juego: un tablero donde ten\u00edan que conseguir que el robot colocara una serie de piezas cil\u00edndricas como en un tres en raya.\u00a0<\/span><\/p>\n<p dir=\"ltr\"><span style=\"color:#000000;\">La primera competici\u00f3n fue en el mes de marzo, con equipos de Barcelona y Gerona, y dadas las restricciones de la pandemia se celebr\u00f3 telem\u00e1ticamente. El equipo ya hab\u00eda demostrado hasta entonces mucha motivaci\u00f3n con la rob\u00f3tica, y ahora ha vuelto a hacerlo en Vex-Spain. A pesar de ser uno de los equipos participantes m\u00e1s joven y menos experimentado, se han enfrentado con muchas ganas y deportividad a grandes rivales de Andorra, Gerona, Terrassa y el mismo barrio de la Mina.\u00a0<\/span><\/p>\n<p dir=\"ltr\"><span style=\"color:#000000;\">Uno de los retos de los ni\u00f1os y ni\u00f1as del Centro Socioeducativo el Rec\u00f3 de cara al curso que viene es conseguir controlar el robot con direcci\u00f3n aut\u00f3noma, y pronto volver\u00e1n a los entrenamientos para conseguirlo. Antes, pero, se han ganado unos d\u00edas de descanso para saborear el \u00e9xito. \u00a1Muchas felicidades a todos y todas!<\/span><\/p>\n<p dir=\"ltr\">\u00a0<\/p>\n","protected":false},"excerpt":{"rendered":"<p>El Centro Socioeducativo el Rac\u00f3 del Casal dels Infants del Bes\u00f2s y la Mina particip\u00f3 el pasado s\u00e1bado en el campeonato de rob\u00f3tica Vex-Spain, organizado por la Universitat Polit\u00e8cnica de Catalunya, la Fundaci\u00f3n B-Tec y la asociaci\u00f3n de estudiantes de rob\u00f3tica de la Universitat Polit\u00e8cnica de Catalunya PUCRA. Pod\u00e9is ver el v\u00eddeo de toda la [&hellip;]<\/p>\n","protected":false},"author":1,"featured_media":3081,"comment_status":"open","ping_status":"open","sticky":false,"template":"","format":"standard","meta":{"_acf_changed":false,"_et_pb_use_builder":"","_et_pb_old_content":"","_et_gb_content_width":"","inline_featured_image":false,"footnotes":""},"categories":[125],"tags":[],"seus":[17],"eixos":[99],"class_list":["post-4298","post","type-post","status-publish","format-standard","has-post-thumbnail","hentry","category-noticias","seus-besos-la-mina","eixos-infancia-y-adolescencia"],"acf":[],"yoast_head":"<!-- This site is optimized with the Yoast SEO plugin v27.4 - https:\/\/yoast.com\/product\/yoast-seo-wordpress\/ -->\n<title>El Centro Socioeducativo el Rac\u00f3 participa en el campeonato de rob\u00f3tica Vex-Spain - Casal dels Infants<\/title>\n<meta name=\"robots\" content=\"index, follow, max-snippet:-1, max-image-preview:large, max-video-preview:-1\" \/>\n<link rel=\"canonical\" href=\"https:\/\/www.casaldelsinfants.org\/es\/actualidad\/centro-socioeducativo-el-raco-participa-campeonato-robotica-vex\/\" \/>\n<meta property=\"og:locale\" content=\"es_ES\" \/>\n<meta property=\"og:type\" content=\"article\" \/>\n<meta property=\"og:title\" content=\"El Centro Socioeducativo el Rac\u00f3 participa en el campeonato de rob\u00f3tica Vex-Spain - Casal dels Infants\" \/>\n<meta property=\"og:description\" content=\"El Centro Socioeducativo el Rac\u00f3 del Casal dels Infants del Bes\u00f2s y la Mina particip\u00f3 el pasado s\u00e1bado en el campeonato de rob\u00f3tica Vex-Spain, organizado por la Universitat Polit\u00e8cnica de Catalunya, la Fundaci\u00f3n B-Tec y la asociaci\u00f3n de estudiantes de rob\u00f3tica de la Universitat Polit\u00e8cnica de Catalunya PUCRA. Pod\u00e9is ver el v\u00eddeo de toda la [&hellip;]\" \/>\n<meta property=\"og:url\" content=\"https:\/\/www.casaldelsinfants.org\/es\/actualidad\/centro-socioeducativo-el-raco-participa-campeonato-robotica-vex\/\" \/>\n<meta property=\"og:site_name\" content=\"Casal dels Infants\" \/>\n<meta property=\"article:publisher\" content=\"https:\/\/www.facebook.com\/casalinfants\" \/>\n<meta property=\"article:published_time\" content=\"2021-04-22T11:10:17+00:00\" \/>\n<meta property=\"article:modified_time\" content=\"2023-05-01T15:46:05+00:00\" \/>\n<meta property=\"og:image\" content=\"https:\/\/www.casaldelsinfants.org\/wp-content\/uploads\/whatsapp_image_2021-04-12_at_15.41.37.jpeg\" \/>\n\t<meta property=\"og:image:width\" content=\"2048\" \/>\n\t<meta property=\"og:image:height\" content=\"1536\" \/>\n\t<meta property=\"og:image:type\" content=\"image\/jpeg\" \/>\n<meta name=\"author\" content=\"cdiAdmin\" \/>\n<meta name=\"twitter:card\" content=\"summary_large_image\" \/>\n<meta name=\"twitter:creator\" content=\"@casalinfants\" \/>\n<meta name=\"twitter:site\" content=\"@casalinfants\" \/>\n<meta name=\"twitter:label1\" content=\"Escrito por\" \/>\n\t<meta name=\"twitter:data1\" content=\"cdiAdmin\" \/>\n\t<meta name=\"twitter:label2\" content=\"Tiempo de lectura\" \/>\n\t<meta name=\"twitter:data2\" content=\"2 minutos\" \/>\n<script type=\"application\/ld+json\" class=\"yoast-schema-graph\">{\"@context\":\"https:\\\/\\\/schema.org\",\"@graph\":[{\"@type\":\"Article\",\"@id\":\"https:\\\/\\\/www.casaldelsinfants.org\\\/es\\\/actualidad\\\/centro-socioeducativo-el-raco-participa-campeonato-robotica-vex\\\/#article\",\"isPartOf\":{\"@id\":\"https:\\\/\\\/www.casaldelsinfants.org\\\/es\\\/actualidad\\\/centro-socioeducativo-el-raco-participa-campeonato-robotica-vex\\\/\"},\"author\":{\"name\":\"cdiAdmin\",\"@id\":\"https:\\\/\\\/www.casaldelsinfants.org\\\/es\\\/#\\\/schema\\\/person\\\/97707fc8c64900cf36891127dbf9fba8\"},\"headline\":\"El Centro Socioeducativo el Rac\u00f3 participa en el campeonato de rob\u00f3tica Vex-Spain\",\"datePublished\":\"2021-04-22T11:10:17+00:00\",\"dateModified\":\"2023-05-01T15:46:05+00:00\",\"mainEntityOfPage\":{\"@id\":\"https:\\\/\\\/www.casaldelsinfants.org\\\/es\\\/actualidad\\\/centro-socioeducativo-el-raco-participa-campeonato-robotica-vex\\\/\"},\"wordCount\":468,\"commentCount\":0,\"publisher\":{\"@id\":\"https:\\\/\\\/www.casaldelsinfants.org\\\/es\\\/#organization\"},\"image\":{\"@id\":\"https:\\\/\\\/www.casaldelsinfants.org\\\/es\\\/actualidad\\\/centro-socioeducativo-el-raco-participa-campeonato-robotica-vex\\\/#primaryimage\"},\"thumbnailUrl\":\"https:\\\/\\\/www.casaldelsinfants.org\\\/wp-content\\\/uploads\\\/whatsapp_image_2021-04-12_at_15.41.37.jpeg\",\"articleSection\":[\"Noticia\"],\"inLanguage\":\"es\",\"potentialAction\":[{\"@type\":\"CommentAction\",\"name\":\"Comment\",\"target\":[\"https:\\\/\\\/www.casaldelsinfants.org\\\/es\\\/actualidad\\\/centro-socioeducativo-el-raco-participa-campeonato-robotica-vex\\\/#respond\"]}]},{\"@type\":\"WebPage\",\"@id\":\"https:\\\/\\\/www.casaldelsinfants.org\\\/es\\\/actualidad\\\/centro-socioeducativo-el-raco-participa-campeonato-robotica-vex\\\/\",\"url\":\"https:\\\/\\\/www.casaldelsinfants.org\\\/es\\\/actualidad\\\/centro-socioeducativo-el-raco-participa-campeonato-robotica-vex\\\/\",\"name\":\"El Centro Socioeducativo el Rac\u00f3 participa en el campeonato de rob\u00f3tica Vex-Spain - Casal dels Infants\",\"isPartOf\":{\"@id\":\"https:\\\/\\\/www.casaldelsinfants.org\\\/es\\\/#website\"},\"primaryImageOfPage\":{\"@id\":\"https:\\\/\\\/www.casaldelsinfants.org\\\/es\\\/actualidad\\\/centro-socioeducativo-el-raco-participa-campeonato-robotica-vex\\\/#primaryimage\"},\"image\":{\"@id\":\"https:\\\/\\\/www.casaldelsinfants.org\\\/es\\\/actualidad\\\/centro-socioeducativo-el-raco-participa-campeonato-robotica-vex\\\/#primaryimage\"},\"thumbnailUrl\":\"https:\\\/\\\/www.casaldelsinfants.org\\\/wp-content\\\/uploads\\\/whatsapp_image_2021-04-12_at_15.41.37.jpeg\",\"datePublished\":\"2021-04-22T11:10:17+00:00\",\"dateModified\":\"2023-05-01T15:46:05+00:00\",\"breadcrumb\":{\"@id\":\"https:\\\/\\\/www.casaldelsinfants.org\\\/es\\\/actualidad\\\/centro-socioeducativo-el-raco-participa-campeonato-robotica-vex\\\/#breadcrumb\"},\"inLanguage\":\"es\",\"potentialAction\":[{\"@type\":\"ReadAction\",\"target\":[\"https:\\\/\\\/www.casaldelsinfants.org\\\/es\\\/actualidad\\\/centro-socioeducativo-el-raco-participa-campeonato-robotica-vex\\\/\"]}]},{\"@type\":\"ImageObject\",\"inLanguage\":\"es\",\"@id\":\"https:\\\/\\\/www.casaldelsinfants.org\\\/es\\\/actualidad\\\/centro-socioeducativo-el-raco-participa-campeonato-robotica-vex\\\/#primaryimage\",\"url\":\"https:\\\/\\\/www.casaldelsinfants.org\\\/wp-content\\\/uploads\\\/whatsapp_image_2021-04-12_at_15.41.37.jpeg\",\"contentUrl\":\"https:\\\/\\\/www.casaldelsinfants.org\\\/wp-content\\\/uploads\\\/whatsapp_image_2021-04-12_at_15.41.37.jpeg\",\"width\":2048,\"height\":1536,\"caption\":\"Grup de nens i nens a un taller de rob\u00f3tica\"},{\"@type\":\"BreadcrumbList\",\"@id\":\"https:\\\/\\\/www.casaldelsinfants.org\\\/es\\\/actualidad\\\/centro-socioeducativo-el-raco-participa-campeonato-robotica-vex\\\/#breadcrumb\",\"itemListElement\":[{\"@type\":\"ListItem\",\"position\":1,\"name\":\"Inici\",\"item\":\"https:\\\/\\\/www.casaldelsinfants.org\\\/es\\\/\"},{\"@type\":\"ListItem\",\"position\":2,\"name\":\"El Centro Socioeducativo el Rac\u00f3 participa en el campeonato de rob\u00f3tica Vex-Spain\"}]},{\"@type\":\"WebSite\",\"@id\":\"https:\\\/\\\/www.casaldelsinfants.org\\\/es\\\/#website\",\"url\":\"https:\\\/\\\/www.casaldelsinfants.org\\\/es\\\/\",\"name\":\"Casal dels Infants\",\"description\":\"\",\"publisher\":{\"@id\":\"https:\\\/\\\/www.casaldelsinfants.org\\\/es\\\/#organization\"},\"potentialAction\":[{\"@type\":\"SearchAction\",\"target\":{\"@type\":\"EntryPoint\",\"urlTemplate\":\"https:\\\/\\\/www.casaldelsinfants.org\\\/es\\\/?s={search_term_string}\"},\"query-input\":{\"@type\":\"PropertyValueSpecification\",\"valueRequired\":true,\"valueName\":\"search_term_string\"}}],\"inLanguage\":\"es\"},{\"@type\":\"Organization\",\"@id\":\"https:\\\/\\\/www.casaldelsinfants.org\\\/es\\\/#organization\",\"name\":\"Casal dels Infants\",\"url\":\"https:\\\/\\\/www.casaldelsinfants.org\\\/es\\\/\",\"logo\":{\"@type\":\"ImageObject\",\"inLanguage\":\"es\",\"@id\":\"https:\\\/\\\/www.casaldelsinfants.org\\\/es\\\/#\\\/schema\\\/logo\\\/image\\\/\",\"url\":\"https:\\\/\\\/www.casaldelsinfants.org\\\/wp-content\\\/uploads\\\/logo-mail.png\",\"contentUrl\":\"https:\\\/\\\/www.casaldelsinfants.org\\\/wp-content\\\/uploads\\\/logo-mail.png\",\"width\":380,\"height\":158,\"caption\":\"Casal dels Infants\"},\"image\":{\"@id\":\"https:\\\/\\\/www.casaldelsinfants.org\\\/es\\\/#\\\/schema\\\/logo\\\/image\\\/\"},\"sameAs\":[\"https:\\\/\\\/www.facebook.com\\\/casalinfants\",\"https:\\\/\\\/x.com\\\/casalinfants\",\"https:\\\/\\\/www.youtube.com\\\/user\\\/CasaldelsInfants1\",\"https:\\\/\\\/www.instagram.com\\\/casalinfants\\\/\",\"https:\\\/\\\/www.linkedin.com\\\/company\\\/casaldelsinfants?trk=organization-update_share-update_actor-text\"]},{\"@type\":\"Person\",\"@id\":\"https:\\\/\\\/www.casaldelsinfants.org\\\/es\\\/#\\\/schema\\\/person\\\/97707fc8c64900cf36891127dbf9fba8\",\"name\":\"cdiAdmin\",\"sameAs\":[\"https:\\\/\\\/casaldelsinfants.org\"]}]}<\/script>\n<!-- \/ Yoast SEO plugin. -->","yoast_head_json":{"title":"El Centro Socioeducativo el Rac\u00f3 participa en el campeonato de rob\u00f3tica Vex-Spain - Casal dels Infants","robots":{"index":"index","follow":"follow","max-snippet":"max-snippet:-1","max-image-preview":"max-image-preview:large","max-video-preview":"max-video-preview:-1"},"canonical":"https:\/\/www.casaldelsinfants.org\/es\/actualidad\/centro-socioeducativo-el-raco-participa-campeonato-robotica-vex\/","og_locale":"es_ES","og_type":"article","og_title":"El Centro Socioeducativo el Rac\u00f3 participa en el campeonato de rob\u00f3tica Vex-Spain - Casal dels Infants","og_description":"El Centro Socioeducativo el Rac\u00f3 del Casal dels Infants del Bes\u00f2s y la Mina particip\u00f3 el pasado s\u00e1bado en el campeonato de rob\u00f3tica Vex-Spain, organizado por la Universitat Polit\u00e8cnica de Catalunya, la Fundaci\u00f3n B-Tec y la asociaci\u00f3n de estudiantes de rob\u00f3tica de la Universitat Polit\u00e8cnica de Catalunya PUCRA. Pod\u00e9is ver el v\u00eddeo de toda la [&hellip;]","og_url":"https:\/\/www.casaldelsinfants.org\/es\/actualidad\/centro-socioeducativo-el-raco-participa-campeonato-robotica-vex\/","og_site_name":"Casal dels Infants","article_publisher":"https:\/\/www.facebook.com\/casalinfants","article_published_time":"2021-04-22T11:10:17+00:00","article_modified_time":"2023-05-01T15:46:05+00:00","og_image":[{"width":2048,"height":1536,"url":"https:\/\/www.casaldelsinfants.org\/wp-content\/uploads\/whatsapp_image_2021-04-12_at_15.41.37.jpeg","type":"image\/jpeg"}],"author":"cdiAdmin","twitter_card":"summary_large_image","twitter_creator":"@casalinfants","twitter_site":"@casalinfants","twitter_misc":{"Escrito por":"cdiAdmin","Tiempo de lectura":"2 minutos"},"schema":{"@context":"https:\/\/schema.org","@graph":[{"@type":"Article","@id":"https:\/\/www.casaldelsinfants.org\/es\/actualidad\/centro-socioeducativo-el-raco-participa-campeonato-robotica-vex\/#article","isPartOf":{"@id":"https:\/\/www.casaldelsinfants.org\/es\/actualidad\/centro-socioeducativo-el-raco-participa-campeonato-robotica-vex\/"},"author":{"name":"cdiAdmin","@id":"https:\/\/www.casaldelsinfants.org\/es\/#\/schema\/person\/97707fc8c64900cf36891127dbf9fba8"},"headline":"El Centro Socioeducativo el Rac\u00f3 participa en el campeonato de rob\u00f3tica Vex-Spain","datePublished":"2021-04-22T11:10:17+00:00","dateModified":"2023-05-01T15:46:05+00:00","mainEntityOfPage":{"@id":"https:\/\/www.casaldelsinfants.org\/es\/actualidad\/centro-socioeducativo-el-raco-participa-campeonato-robotica-vex\/"},"wordCount":468,"commentCount":0,"publisher":{"@id":"https:\/\/www.casaldelsinfants.org\/es\/#organization"},"image":{"@id":"https:\/\/www.casaldelsinfants.org\/es\/actualidad\/centro-socioeducativo-el-raco-participa-campeonato-robotica-vex\/#primaryimage"},"thumbnailUrl":"https:\/\/www.casaldelsinfants.org\/wp-content\/uploads\/whatsapp_image_2021-04-12_at_15.41.37.jpeg","articleSection":["Noticia"],"inLanguage":"es","potentialAction":[{"@type":"CommentAction","name":"Comment","target":["https:\/\/www.casaldelsinfants.org\/es\/actualidad\/centro-socioeducativo-el-raco-participa-campeonato-robotica-vex\/#respond"]}]},{"@type":"WebPage","@id":"https:\/\/www.casaldelsinfants.org\/es\/actualidad\/centro-socioeducativo-el-raco-participa-campeonato-robotica-vex\/","url":"https:\/\/www.casaldelsinfants.org\/es\/actualidad\/centro-socioeducativo-el-raco-participa-campeonato-robotica-vex\/","name":"El Centro Socioeducativo el Rac\u00f3 participa en el campeonato de rob\u00f3tica Vex-Spain - Casal dels Infants","isPartOf":{"@id":"https:\/\/www.casaldelsinfants.org\/es\/#website"},"primaryImageOfPage":{"@id":"https:\/\/www.casaldelsinfants.org\/es\/actualidad\/centro-socioeducativo-el-raco-participa-campeonato-robotica-vex\/#primaryimage"},"image":{"@id":"https:\/\/www.casaldelsinfants.org\/es\/actualidad\/centro-socioeducativo-el-raco-participa-campeonato-robotica-vex\/#primaryimage"},"thumbnailUrl":"https:\/\/www.casaldelsinfants.org\/wp-content\/uploads\/whatsapp_image_2021-04-12_at_15.41.37.jpeg","datePublished":"2021-04-22T11:10:17+00:00","dateModified":"2023-05-01T15:46:05+00:00","breadcrumb":{"@id":"https:\/\/www.casaldelsinfants.org\/es\/actualidad\/centro-socioeducativo-el-raco-participa-campeonato-robotica-vex\/#breadcrumb"},"inLanguage":"es","potentialAction":[{"@type":"ReadAction","target":["https:\/\/www.casaldelsinfants.org\/es\/actualidad\/centro-socioeducativo-el-raco-participa-campeonato-robotica-vex\/"]}]},{"@type":"ImageObject","inLanguage":"es","@id":"https:\/\/www.casaldelsinfants.org\/es\/actualidad\/centro-socioeducativo-el-raco-participa-campeonato-robotica-vex\/#primaryimage","url":"https:\/\/www.casaldelsinfants.org\/wp-content\/uploads\/whatsapp_image_2021-04-12_at_15.41.37.jpeg","contentUrl":"https:\/\/www.casaldelsinfants.org\/wp-content\/uploads\/whatsapp_image_2021-04-12_at_15.41.37.jpeg","width":2048,"height":1536,"caption":"Grup de nens i nens a un taller de rob\u00f3tica"},{"@type":"BreadcrumbList","@id":"https:\/\/www.casaldelsinfants.org\/es\/actualidad\/centro-socioeducativo-el-raco-participa-campeonato-robotica-vex\/#breadcrumb","itemListElement":[{"@type":"ListItem","position":1,"name":"Inici","item":"https:\/\/www.casaldelsinfants.org\/es\/"},{"@type":"ListItem","position":2,"name":"El Centro Socioeducativo el Rac\u00f3 participa en el campeonato de rob\u00f3tica Vex-Spain"}]},{"@type":"WebSite","@id":"https:\/\/www.casaldelsinfants.org\/es\/#website","url":"https:\/\/www.casaldelsinfants.org\/es\/","name":"Casal dels Infants","description":"","publisher":{"@id":"https:\/\/www.casaldelsinfants.org\/es\/#organization"},"potentialAction":[{"@type":"SearchAction","target":{"@type":"EntryPoint","urlTemplate":"https:\/\/www.casaldelsinfants.org\/es\/?s={search_term_string}"},"query-input":{"@type":"PropertyValueSpecification","valueRequired":true,"valueName":"search_term_string"}}],"inLanguage":"es"},{"@type":"Organization","@id":"https:\/\/www.casaldelsinfants.org\/es\/#organization","name":"Casal dels Infants","url":"https:\/\/www.casaldelsinfants.org\/es\/","logo":{"@type":"ImageObject","inLanguage":"es","@id":"https:\/\/www.casaldelsinfants.org\/es\/#\/schema\/logo\/image\/","url":"https:\/\/www.casaldelsinfants.org\/wp-content\/uploads\/logo-mail.png","contentUrl":"https:\/\/www.casaldelsinfants.org\/wp-content\/uploads\/logo-mail.png","width":380,"height":158,"caption":"Casal dels Infants"},"image":{"@id":"https:\/\/www.casaldelsinfants.org\/es\/#\/schema\/logo\/image\/"},"sameAs":["https:\/\/www.facebook.com\/casalinfants","https:\/\/x.com\/casalinfants","https:\/\/www.youtube.com\/user\/CasaldelsInfants1","https:\/\/www.instagram.com\/casalinfants\/","https:\/\/www.linkedin.com\/company\/casaldelsinfants?trk=organization-update_share-update_actor-text"]},{"@type":"Person","@id":"https:\/\/www.casaldelsinfants.org\/es\/#\/schema\/person\/97707fc8c64900cf36891127dbf9fba8","name":"cdiAdmin","sameAs":["https:\/\/casaldelsinfants.org"]}]}},"publishpress_future_action":{"enabled":false,"date":"2026-05-08 15:42:11","action":"change-status","newStatus":"draft","terms":[],"taxonomy":"category","extraData":[]},"publishpress_future_workflow_manual_trigger":{"enabledWorkflows":[]},"_links":{"self":[{"href":"https:\/\/www.casaldelsinfants.org\/es\/wp-json\/wp\/v2\/posts\/4298","targetHints":{"allow":["GET"]}}],"collection":[{"href":"https:\/\/www.casaldelsinfants.org\/es\/wp-json\/wp\/v2\/posts"}],"about":[{"href":"https:\/\/www.casaldelsinfants.org\/es\/wp-json\/wp\/v2\/types\/post"}],"author":[{"embeddable":true,"href":"https:\/\/www.casaldelsinfants.org\/es\/wp-json\/wp\/v2\/users\/1"}],"replies":[{"embeddable":true,"href":"https:\/\/www.casaldelsinfants.org\/es\/wp-json\/wp\/v2\/comments?post=4298"}],"version-history":[{"count":1,"href":"https:\/\/www.casaldelsinfants.org\/es\/wp-json\/wp\/v2\/posts\/4298\/revisions"}],"predecessor-version":[{"id":6269,"href":"https:\/\/www.casaldelsinfants.org\/es\/wp-json\/wp\/v2\/posts\/4298\/revisions\/6269"}],"wp:featuredmedia":[{"embeddable":true,"href":"https:\/\/www.casaldelsinfants.org\/es\/wp-json\/wp\/v2\/media\/3081"}],"wp:attachment":[{"href":"https:\/\/www.casaldelsinfants.org\/es\/wp-json\/wp\/v2\/media?parent=4298"}],"wp:term":[{"taxonomy":"category","embeddable":true,"href":"https:\/\/www.casaldelsinfants.org\/es\/wp-json\/wp\/v2\/categories?post=4298"},{"taxonomy":"post_tag","embeddable":true,"href":"https:\/\/www.casaldelsinfants.org\/es\/wp-json\/wp\/v2\/tags?post=4298"},{"taxonomy":"seus","embeddable":true,"href":"https:\/\/www.casaldelsinfants.org\/es\/wp-json\/wp\/v2\/seus?post=4298"},{"taxonomy":"eixos","embeddable":true,"href":"https:\/\/www.casaldelsinfants.org\/es\/wp-json\/wp\/v2\/eixos?post=4298"}],"curies":[{"name":"wp","href":"https:\/\/api.w.org\/{rel}","templated":true}]}}