{"id":4299,"date":"2021-04-22T12:59:28","date_gmt":"2021-04-22T10:59:28","guid":{"rendered":"https:\/\/casal.puntzero.cat\/noticies\/sant-jordi-2021-com-vivim-la-lectura-i-lescriptura-al-casal-dels-infants\/"},"modified":"2023-05-01T17:46:12","modified_gmt":"2023-05-01T15:46:12","slug":"sant-jordi-2021-com-vivim-la-lectura-i-lescriptura-al-casal-dels-infants","status":"publish","type":"post","link":"https:\/\/www.casaldelsinfants.org\/es\/actualidad\/sant-jordi-2021-como-vivimos-la-lectura-y-la-escritura-en-el-casal-dels-infants\/","title":{"rendered":"Sant Jordi 2021: \u00bfc\u00f3mo vivimos la lectura y la escritura en el Casal dels Infants?"},"content":{"rendered":"<p>\u00a0<\/p>\n<p><meta charset=\"utf-8\" \/><\/p>\n<p dir=\"ltr\"><span style=\"color:#000000;\">En el Casal dels Infants entendemos que leer nos ayuda a aprender, vivir intensamente, descubrir quienes somos y entender un poco en qu\u00e9 mundo vivimos. Por lo que se refiere a escribir, es una buena manera de digerir las cosas y expresarnos. Por eso reivindicamos que la lectura y la escritura son claves en la educaci\u00f3n y la inclusi\u00f3n social de todos los ni\u00f1os, ni\u00f1as y j\u00f3venes, y deben estar al alcance de todas y todos.\u00a0<\/span><\/p>\n<p dir=\"ltr\"><span style=\"color:#000000;\">Ahora que se acerca Sant Jordi, hacemos una recopilaci\u00f3n de actividades con las que disfrutamos de la lectura y la escritura, ya sea durante todo el a\u00f1o o con motivo de la Diada.<\/span><\/p>\n<p><strong>L\u00e8cxit<\/strong><\/p>\n<p><span style=\"color:#000000;\"><meta charset=\"utf-8\" \/>L\u00e8cxit es un espacio para sumergirse en un mar de imaginaci\u00f3n y letras. Ni\u00f1os y ni\u00f1as del Casal dels Infants se encuentran cada semana con una persona voluntaria con la que comparten un buen rato de lectura. Una buena manera de mejorar la comprensi\u00f3n lectora, reforzar muchas otras competencias en el aprendizaje y, sobre todo, pasar un buen rato. Y si no, que se lo pregunten a Carme y Ayesha, que en este v\u00eddeo nos contaron qu\u00e9 hacen en L\u00e8cxit.<\/span><\/p>\n<div class=\"video-embed-field-responsive-video form-group\"><iframe loading=\"lazy\" width=\"854\" height=\"480\" frameborder=\"0\" allowfullscreen=\"allowfullscreen\" src=\"https:\/\/www.youtube.com\/embed\/SBGs-uCshNA?autoplay=0&amp;start=0&amp;rel=0\"><\/iframe>\n<\/div>\n<p>\u00a0<\/p>\n<p><strong>Concurso de microrelatos<\/strong><\/p>\n<p><span style=\"color:#000000;\"><meta charset=\"utf-8\" \/>Ante el segundo Sant Jordi en pandemia, este a\u00f1o hemos propuesto a j\u00f3venes y adolescentes del Casal mirar atr\u00e1s y explicar c\u00f3mo han vivido los \u00faltimos 13 meses. Sus cr\u00f3nicas hablan de muchos cambios y dificultades, de momentos de angustia y preocupaci\u00f3n, pero tambi\u00e9n de nuevas formas de compartir y tirar adelante. Os destacamos algunas frases: <\/span><\/p>\n<blockquote>\n<p>\u00a0<\/p>\n<p><meta charset=\"utf-8\" \/><\/p>\n<p dir=\"ltr\"><span style=\"color:#000000;\">\u201cAl menos empec\u00e9 a confiar m\u00e1s en mi madre y en mi hermano y empezamos a estar m\u00e1s juntos, haciendo m\u00e1s cosas que cuando no est\u00e1bamos confinados. Todav\u00eda seguimos haci\u00e9ndolo, y eso me encanta\u201d<\/span><\/p>\n<p dir=\"ltr\"><span style=\"color:#000000;\">\u201cAl principio de la cuarentena estaba tranquila ya que estaba con mi familia, pero tambi\u00e9n me estresaba mucho, ya que \u00e9ramos nueve personas en casa\u201d<\/span><\/p>\n<p dir=\"ltr\"><span style=\"color:#000000;\">\u201cAl principio pens\u00e1bamos que era divertido no tener clases, pero no sab\u00edamos lo que nos esperaba\u201d<\/span><\/p>\n<p dir=\"ltr\"><span style=\"color:#000000;\">\u201cEstaba cansado del confinamiento, ahora por fin podemos ir al Casal\u201d<\/span><\/p>\n<\/blockquote>\n<p class=\"pregunta-entrevista\">\u00a0<\/p>\n<p class=\"pregunta-entrevista\"><strong>Fomento de la lectura<\/strong><\/p>\n<p><span style=\"color:#000000;\"><meta charset=\"utf-8\" \/>\u00bfOs imagin\u00e1is poder compartir lectura con las personas que crean los libros y cuentos? En el Casal dels Infants tenemos la suerte de recibir cada semana la visita de autores de la Associaci\u00f3 d\u2019Escriptors en Llengua Catalana (AELC), gracias al proyecto Foment de la lectura. Con ellos y ellas descubrimos un mont\u00f3n de historias, como estas que nos cont\u00f3 Carme Morera.<\/span><\/p>\n<div class=\"video-embed-field-responsive-video form-group\"><iframe loading=\"lazy\" width=\"854\" height=\"480\" frameborder=\"0\" allowfullscreen=\"allowfullscreen\" src=\"https:\/\/www.youtube.com\/embed\/NsOHIBrkAIY?autoplay=0&amp;start=0&amp;rel=0\"><\/iframe>\n<\/div>\n<p>\u00a0<\/p>\n<p><meta charset=\"utf-8\" \/><b id=\"docs-internal-guid-ad5f0515-7fff-25d6-adb8-d5b922840dea\">Taller con la Editorial Stenella<\/b><\/p>\n<p><span style=\"color:#000000;\"><meta charset=\"utf-8\" \/>Aguas Rodr\u00edguez es precisamente una de las escritoras de la AELC con quien compartimos la lectura, y en su caso ha querido ir m\u00e1s all\u00e1. Con la Editorial Stenella, de la que es la creadora, junto a Fer Catal\u00e1n, han impulsado un proyecto muy motivador: editar y publicar una recopilaci\u00f3n de cuentos creados e ilustrados por ni\u00f1os y ni\u00f1as del grupo de medianos de nuestro Centre Obert del Raval. El grupo ya lleva unas cuantas semanas con el proceso creativo, y pronto el resultado ver\u00e1 la luz, tanto en versi\u00f3n digital como impresa. La Editorial Stenella ha organizado una captaci\u00f3n para poder tirar adelante la edici\u00f3n y publicaci\u00f3n, y la Diputaci\u00f3 de Barcelona colaborar\u00e1 en la distribuci\u00f3n para que cada una de las 40 bibliotecas de Barcelona tenga un ejemplar.<\/span><\/p>\n<p><img decoding=\"async\" alt=\"Infants redactant el seu conte amb l'Aguas Rodr\u00edguez de l'Editorial Stenella\" data-entity-type=\"file\" data-entity-uuid=\"58425bed-2a5e-4445-9531-4fd8c0e409ab\" data-image-style=\"large\" src=\"\/wp-content\/uploads\/inline-images\/Taller%20Stenella.jpg\" width=\"480\" height=\"270\" typeof=\"foaf:Image\" class=\"align-center\" \/><\/p>\n<p>\u00a0<\/p>\n<p><meta charset=\"utf-8\" \/><b id=\"docs-internal-guid-af9e3bcf-7fff-dab0-1640-e9431b8a372d\">Decoraciones po\u00e9ticas en Santa Coloma de Gramenet<\/b><\/p>\n<p><span style=\"color:#000000;\"><meta charset=\"utf-8\" \/>Para mantener vivo el esp\u00edritu de Sant Jordi en las calles, desde Santa Coloma de Gramenet las entidades sociales han arrancado una iniciativa comunitaria: decorar nuestros locales con poemas y cuentos. Cada entidad dise\u00f1ar\u00e1 unas plantillas que luego pegar\u00e1 en la puerta de sus locales, con el objetivo de que todos puedan escribir un poema\u00a0 -en el caso de los m\u00e1s peque\u00f1os, un cuento o un dibujo-. Tambi\u00e9n pueden participar las bibliotecas y los comercios de proximidad de la ciudad. \u00a1Ciudadanos y ciudadanas de Santa Coloma, prepararos para salir a la calle con inspiraci\u00f3n y boli! <\/span><\/p>\n<p>\u00a0<\/p>\n<p><strong>Historias\u00a0del Raval<\/strong><\/p>\n<p>\u00a0<\/p>\n<p><meta charset=\"utf-8\" \/><\/p>\n<p dir=\"ltr\"><span style=\"color:#000000;\">Ya tenemos aqu\u00ed la segunda edici\u00f3n del concurso literario y taller de narrativa Historias del Raval, organizado por los escritores Juan Pablo Villalobos y Miqui Otero, la librer\u00eda La Central y la editorial Blackie Books. En la edici\u00f3n del a\u00f1o pasado participaron dos chicas de nuestro Casal Jove, Maheen Mahmood y Sumiya Khayer, que quedaron encantadas con la experiencia. Pod\u00e9is leer sus cuentos en la <\/span><u><a href=\"https:\/\/www.blackiebooks.org\/wp-content\/uploads\/2020\/05\/Histories-del-Raval.pdf\">primera antolog\u00eda de Historias del Raval<\/a><\/u><span style=\"color:#000000;\">.\u00a0<\/span><\/p>\n<p dir=\"ltr\"><span style=\"color:#000000;\">Este a\u00f1o puede participar cualquier joven de entre 15 y 18 a\u00f1os que viva o trabaje en el Raval, presentando un texto inspirado en el barrio antes del 15 de mayo y el jurado escoger\u00e1 entre 8 y 15 ganadores, que como premio podr\u00e1n participar en un taller de escritura en La Central del Raval con Miqui Otero y Juan Pablo Villalobos. El resultado final ser\u00e1 la publicaci\u00f3n de una recopilaci\u00f3n de todos los textos, que se habr\u00e1 editado durante el taller.\u00a0<\/span><u><a href=\"https:\/\/blackiebooks.org\/wp-content\/uploads\/2021\/02\/Histories-del-Raval-2021_bases-participacio.pdf\"><span style=\"color:#000000;\">\u00a1Aqu\u00ed, toda la informaci\u00f3n para participar!<\/span><\/a><\/u><\/p>\n<p>\u00a0<\/p>\n<p><img decoding=\"async\" alt=\"Cartell de la segona edici\u00f3 d'Hist\u00f2ries del Raval\" data-entity-type=\"file\" data-entity-uuid=\"2f65b86a-1b42-440c-86aa-ae07377ee4b3\" data-image-style=\"large\" src=\"\/wp-content\/uploads\/inline-images\/BANNER%20HISTORIES%20DEL%20RAVAL%2002%20%282%29.jpg\" width=\"480\" height=\"246\" typeof=\"foaf:Image\" class=\"align-center\" \/><\/p>\n","protected":false},"excerpt":{"rendered":"<p>\u00a0 En el Casal dels Infants entendemos que leer nos ayuda a aprender, vivir intensamente, descubrir quienes somos y entender un poco en qu\u00e9 mundo vivimos. Por lo que se refiere a escribir, es una buena manera de digerir las cosas y expresarnos. Por eso reivindicamos que la lectura y la escritura son claves en [&hellip;]<\/p>\n","protected":false},"author":1,"featured_media":3084,"comment_status":"open","ping_status":"open","sticky":false,"template":"","format":"standard","meta":{"_acf_changed":false,"_et_pb_use_builder":"","_et_pb_old_content":"","_et_gb_content_width":"","inline_featured_image":false,"footnotes":""},"categories":[125],"tags":[],"seus":[],"eixos":[110],"class_list":["post-4299","post","type-post","status-publish","format-standard","has-post-thumbnail","hentry","category-noticias","eixos-comunidad-casal-dels-infants"],"acf":[],"yoast_head":"<!-- This site is optimized with the Yoast SEO plugin v27.4 - https:\/\/yoast.com\/product\/yoast-seo-wordpress\/ -->\n<title>Sant Jordi 2021: \u00bfc\u00f3mo vivimos la lectura y la escritura en el Casal dels Infants? - Casal dels Infants<\/title>\n<meta name=\"robots\" content=\"index, follow, max-snippet:-1, max-image-preview:large, max-video-preview:-1\" \/>\n<link rel=\"canonical\" href=\"https:\/\/www.casaldelsinfants.org\/es\/actualidad\/sant-jordi-2021-como-vivimos-la-lectura-y-la-escritura-en-el-casal-dels-infants\/\" \/>\n<meta property=\"og:locale\" content=\"es_ES\" \/>\n<meta property=\"og:type\" content=\"article\" \/>\n<meta property=\"og:title\" content=\"Sant Jordi 2021: \u00bfc\u00f3mo vivimos la lectura y la escritura en el Casal dels Infants? - Casal dels Infants\" \/>\n<meta property=\"og:description\" content=\"\u00a0 En el Casal dels Infants entendemos que leer nos ayuda a aprender, vivir intensamente, descubrir quienes somos y entender un poco en qu\u00e9 mundo vivimos. Por lo que se refiere a escribir, es una buena manera de digerir las cosas y expresarnos. Por eso reivindicamos que la lectura y la escritura son claves en [&hellip;]\" \/>\n<meta property=\"og:url\" content=\"https:\/\/www.casaldelsinfants.org\/es\/actualidad\/sant-jordi-2021-como-vivimos-la-lectura-y-la-escritura-en-el-casal-dels-infants\/\" \/>\n<meta property=\"og:site_name\" content=\"Casal dels Infants\" \/>\n<meta property=\"article:publisher\" content=\"https:\/\/www.facebook.com\/casalinfants\" \/>\n<meta property=\"article:published_time\" content=\"2021-04-22T10:59:28+00:00\" \/>\n<meta property=\"article:modified_time\" content=\"2023-05-01T15:46:12+00:00\" \/>\n<meta property=\"og:image\" content=\"https:\/\/www.casaldelsinfants.org\/wp-content\/uploads\/casal_dels_infants_lectura_sant_jordi.jpg\" \/>\n\t<meta property=\"og:image:width\" content=\"1920\" \/>\n\t<meta property=\"og:image:height\" content=\"1080\" \/>\n\t<meta property=\"og:image:type\" content=\"image\/jpeg\" \/>\n<meta name=\"author\" content=\"cdiAdmin\" \/>\n<meta name=\"twitter:card\" content=\"summary_large_image\" \/>\n<meta name=\"twitter:creator\" content=\"@casalinfants\" \/>\n<meta name=\"twitter:site\" content=\"@casalinfants\" \/>\n<meta name=\"twitter:label1\" content=\"Escrito por\" \/>\n\t<meta name=\"twitter:data1\" content=\"cdiAdmin\" \/>\n\t<meta name=\"twitter:label2\" content=\"Tiempo de lectura\" \/>\n\t<meta name=\"twitter:data2\" content=\"4 minutos\" \/>\n<script type=\"application\/ld+json\" class=\"yoast-schema-graph\">{\"@context\":\"https:\\\/\\\/schema.org\",\"@graph\":[{\"@type\":\"Article\",\"@id\":\"https:\\\/\\\/www.casaldelsinfants.org\\\/es\\\/actualidad\\\/sant-jordi-2021-como-vivimos-la-lectura-y-la-escritura-en-el-casal-dels-infants\\\/#article\",\"isPartOf\":{\"@id\":\"https:\\\/\\\/www.casaldelsinfants.org\\\/es\\\/actualidad\\\/sant-jordi-2021-como-vivimos-la-lectura-y-la-escritura-en-el-casal-dels-infants\\\/\"},\"author\":{\"name\":\"cdiAdmin\",\"@id\":\"https:\\\/\\\/www.casaldelsinfants.org\\\/es\\\/#\\\/schema\\\/person\\\/97707fc8c64900cf36891127dbf9fba8\"},\"headline\":\"Sant Jordi 2021: \u00bfc\u00f3mo vivimos la lectura y la escritura en el Casal dels Infants?\",\"datePublished\":\"2021-04-22T10:59:28+00:00\",\"dateModified\":\"2023-05-01T15:46:12+00:00\",\"mainEntityOfPage\":{\"@id\":\"https:\\\/\\\/www.casaldelsinfants.org\\\/es\\\/actualidad\\\/sant-jordi-2021-como-vivimos-la-lectura-y-la-escritura-en-el-casal-dels-infants\\\/\"},\"wordCount\":872,\"commentCount\":0,\"publisher\":{\"@id\":\"https:\\\/\\\/www.casaldelsinfants.org\\\/es\\\/#organization\"},\"image\":{\"@id\":\"https:\\\/\\\/www.casaldelsinfants.org\\\/es\\\/actualidad\\\/sant-jordi-2021-como-vivimos-la-lectura-y-la-escritura-en-el-casal-dels-infants\\\/#primaryimage\"},\"thumbnailUrl\":\"https:\\\/\\\/www.casaldelsinfants.org\\\/wp-content\\\/uploads\\\/casal_dels_infants_lectura_sant_jordi.jpg\",\"articleSection\":[\"Noticia\"],\"inLanguage\":\"es\",\"potentialAction\":[{\"@type\":\"CommentAction\",\"name\":\"Comment\",\"target\":[\"https:\\\/\\\/www.casaldelsinfants.org\\\/es\\\/actualidad\\\/sant-jordi-2021-como-vivimos-la-lectura-y-la-escritura-en-el-casal-dels-infants\\\/#respond\"]}]},{\"@type\":\"WebPage\",\"@id\":\"https:\\\/\\\/www.casaldelsinfants.org\\\/es\\\/actualidad\\\/sant-jordi-2021-como-vivimos-la-lectura-y-la-escritura-en-el-casal-dels-infants\\\/\",\"url\":\"https:\\\/\\\/www.casaldelsinfants.org\\\/es\\\/actualidad\\\/sant-jordi-2021-como-vivimos-la-lectura-y-la-escritura-en-el-casal-dels-infants\\\/\",\"name\":\"Sant Jordi 2021: \u00bfc\u00f3mo vivimos la lectura y la escritura en el Casal dels Infants? - Casal dels Infants\",\"isPartOf\":{\"@id\":\"https:\\\/\\\/www.casaldelsinfants.org\\\/es\\\/#website\"},\"primaryImageOfPage\":{\"@id\":\"https:\\\/\\\/www.casaldelsinfants.org\\\/es\\\/actualidad\\\/sant-jordi-2021-como-vivimos-la-lectura-y-la-escritura-en-el-casal-dels-infants\\\/#primaryimage\"},\"image\":{\"@id\":\"https:\\\/\\\/www.casaldelsinfants.org\\\/es\\\/actualidad\\\/sant-jordi-2021-como-vivimos-la-lectura-y-la-escritura-en-el-casal-dels-infants\\\/#primaryimage\"},\"thumbnailUrl\":\"https:\\\/\\\/www.casaldelsinfants.org\\\/wp-content\\\/uploads\\\/casal_dels_infants_lectura_sant_jordi.jpg\",\"datePublished\":\"2021-04-22T10:59:28+00:00\",\"dateModified\":\"2023-05-01T15:46:12+00:00\",\"breadcrumb\":{\"@id\":\"https:\\\/\\\/www.casaldelsinfants.org\\\/es\\\/actualidad\\\/sant-jordi-2021-como-vivimos-la-lectura-y-la-escritura-en-el-casal-dels-infants\\\/#breadcrumb\"},\"inLanguage\":\"es\",\"potentialAction\":[{\"@type\":\"ReadAction\",\"target\":[\"https:\\\/\\\/www.casaldelsinfants.org\\\/es\\\/actualidad\\\/sant-jordi-2021-como-vivimos-la-lectura-y-la-escritura-en-el-casal-dels-infants\\\/\"]}]},{\"@type\":\"ImageObject\",\"inLanguage\":\"es\",\"@id\":\"https:\\\/\\\/www.casaldelsinfants.org\\\/es\\\/actualidad\\\/sant-jordi-2021-como-vivimos-la-lectura-y-la-escritura-en-el-casal-dels-infants\\\/#primaryimage\",\"url\":\"https:\\\/\\\/www.casaldelsinfants.org\\\/wp-content\\\/uploads\\\/casal_dels_infants_lectura_sant_jordi.jpg\",\"contentUrl\":\"https:\\\/\\\/www.casaldelsinfants.org\\\/wp-content\\\/uploads\\\/casal_dels_infants_lectura_sant_jordi.jpg\",\"width\":1920,\"height\":1080,\"caption\":\"Nens llegint\"},{\"@type\":\"BreadcrumbList\",\"@id\":\"https:\\\/\\\/www.casaldelsinfants.org\\\/es\\\/actualidad\\\/sant-jordi-2021-como-vivimos-la-lectura-y-la-escritura-en-el-casal-dels-infants\\\/#breadcrumb\",\"itemListElement\":[{\"@type\":\"ListItem\",\"position\":1,\"name\":\"Inici\",\"item\":\"https:\\\/\\\/www.casaldelsinfants.org\\\/es\\\/\"},{\"@type\":\"ListItem\",\"position\":2,\"name\":\"Sant Jordi 2021: \u00bfc\u00f3mo vivimos la lectura y la escritura en el Casal dels Infants?\"}]},{\"@type\":\"WebSite\",\"@id\":\"https:\\\/\\\/www.casaldelsinfants.org\\\/es\\\/#website\",\"url\":\"https:\\\/\\\/www.casaldelsinfants.org\\\/es\\\/\",\"name\":\"Casal dels Infants\",\"description\":\"\",\"publisher\":{\"@id\":\"https:\\\/\\\/www.casaldelsinfants.org\\\/es\\\/#organization\"},\"potentialAction\":[{\"@type\":\"SearchAction\",\"target\":{\"@type\":\"EntryPoint\",\"urlTemplate\":\"https:\\\/\\\/www.casaldelsinfants.org\\\/es\\\/?s={search_term_string}\"},\"query-input\":{\"@type\":\"PropertyValueSpecification\",\"valueRequired\":true,\"valueName\":\"search_term_string\"}}],\"inLanguage\":\"es\"},{\"@type\":\"Organization\",\"@id\":\"https:\\\/\\\/www.casaldelsinfants.org\\\/es\\\/#organization\",\"name\":\"Casal dels Infants\",\"url\":\"https:\\\/\\\/www.casaldelsinfants.org\\\/es\\\/\",\"logo\":{\"@type\":\"ImageObject\",\"inLanguage\":\"es\",\"@id\":\"https:\\\/\\\/www.casaldelsinfants.org\\\/es\\\/#\\\/schema\\\/logo\\\/image\\\/\",\"url\":\"https:\\\/\\\/www.casaldelsinfants.org\\\/wp-content\\\/uploads\\\/logo-mail.png\",\"contentUrl\":\"https:\\\/\\\/www.casaldelsinfants.org\\\/wp-content\\\/uploads\\\/logo-mail.png\",\"width\":380,\"height\":158,\"caption\":\"Casal dels Infants\"},\"image\":{\"@id\":\"https:\\\/\\\/www.casaldelsinfants.org\\\/es\\\/#\\\/schema\\\/logo\\\/image\\\/\"},\"sameAs\":[\"https:\\\/\\\/www.facebook.com\\\/casalinfants\",\"https:\\\/\\\/x.com\\\/casalinfants\",\"https:\\\/\\\/www.youtube.com\\\/user\\\/CasaldelsInfants1\",\"https:\\\/\\\/www.instagram.com\\\/casalinfants\\\/\",\"https:\\\/\\\/www.linkedin.com\\\/company\\\/casaldelsinfants?trk=organization-update_share-update_actor-text\"]},{\"@type\":\"Person\",\"@id\":\"https:\\\/\\\/www.casaldelsinfants.org\\\/es\\\/#\\\/schema\\\/person\\\/97707fc8c64900cf36891127dbf9fba8\",\"name\":\"cdiAdmin\",\"sameAs\":[\"https:\\\/\\\/casaldelsinfants.org\"]}]}<\/script>\n<!-- \/ Yoast SEO plugin. -->","yoast_head_json":{"title":"Sant Jordi 2021: \u00bfc\u00f3mo vivimos la lectura y la escritura en el Casal dels Infants? - Casal dels Infants","robots":{"index":"index","follow":"follow","max-snippet":"max-snippet:-1","max-image-preview":"max-image-preview:large","max-video-preview":"max-video-preview:-1"},"canonical":"https:\/\/www.casaldelsinfants.org\/es\/actualidad\/sant-jordi-2021-como-vivimos-la-lectura-y-la-escritura-en-el-casal-dels-infants\/","og_locale":"es_ES","og_type":"article","og_title":"Sant Jordi 2021: \u00bfc\u00f3mo vivimos la lectura y la escritura en el Casal dels Infants? - Casal dels Infants","og_description":"\u00a0 En el Casal dels Infants entendemos que leer nos ayuda a aprender, vivir intensamente, descubrir quienes somos y entender un poco en qu\u00e9 mundo vivimos. Por lo que se refiere a escribir, es una buena manera de digerir las cosas y expresarnos. Por eso reivindicamos que la lectura y la escritura son claves en [&hellip;]","og_url":"https:\/\/www.casaldelsinfants.org\/es\/actualidad\/sant-jordi-2021-como-vivimos-la-lectura-y-la-escritura-en-el-casal-dels-infants\/","og_site_name":"Casal dels Infants","article_publisher":"https:\/\/www.facebook.com\/casalinfants","article_published_time":"2021-04-22T10:59:28+00:00","article_modified_time":"2023-05-01T15:46:12+00:00","og_image":[{"width":1920,"height":1080,"url":"https:\/\/www.casaldelsinfants.org\/wp-content\/uploads\/casal_dels_infants_lectura_sant_jordi.jpg","type":"image\/jpeg"}],"author":"cdiAdmin","twitter_card":"summary_large_image","twitter_creator":"@casalinfants","twitter_site":"@casalinfants","twitter_misc":{"Escrito por":"cdiAdmin","Tiempo de lectura":"4 minutos"},"schema":{"@context":"https:\/\/schema.org","@graph":[{"@type":"Article","@id":"https:\/\/www.casaldelsinfants.org\/es\/actualidad\/sant-jordi-2021-como-vivimos-la-lectura-y-la-escritura-en-el-casal-dels-infants\/#article","isPartOf":{"@id":"https:\/\/www.casaldelsinfants.org\/es\/actualidad\/sant-jordi-2021-como-vivimos-la-lectura-y-la-escritura-en-el-casal-dels-infants\/"},"author":{"name":"cdiAdmin","@id":"https:\/\/www.casaldelsinfants.org\/es\/#\/schema\/person\/97707fc8c64900cf36891127dbf9fba8"},"headline":"Sant Jordi 2021: \u00bfc\u00f3mo vivimos la lectura y la escritura en el Casal dels Infants?","datePublished":"2021-04-22T10:59:28+00:00","dateModified":"2023-05-01T15:46:12+00:00","mainEntityOfPage":{"@id":"https:\/\/www.casaldelsinfants.org\/es\/actualidad\/sant-jordi-2021-como-vivimos-la-lectura-y-la-escritura-en-el-casal-dels-infants\/"},"wordCount":872,"commentCount":0,"publisher":{"@id":"https:\/\/www.casaldelsinfants.org\/es\/#organization"},"image":{"@id":"https:\/\/www.casaldelsinfants.org\/es\/actualidad\/sant-jordi-2021-como-vivimos-la-lectura-y-la-escritura-en-el-casal-dels-infants\/#primaryimage"},"thumbnailUrl":"https:\/\/www.casaldelsinfants.org\/wp-content\/uploads\/casal_dels_infants_lectura_sant_jordi.jpg","articleSection":["Noticia"],"inLanguage":"es","potentialAction":[{"@type":"CommentAction","name":"Comment","target":["https:\/\/www.casaldelsinfants.org\/es\/actualidad\/sant-jordi-2021-como-vivimos-la-lectura-y-la-escritura-en-el-casal-dels-infants\/#respond"]}]},{"@type":"WebPage","@id":"https:\/\/www.casaldelsinfants.org\/es\/actualidad\/sant-jordi-2021-como-vivimos-la-lectura-y-la-escritura-en-el-casal-dels-infants\/","url":"https:\/\/www.casaldelsinfants.org\/es\/actualidad\/sant-jordi-2021-como-vivimos-la-lectura-y-la-escritura-en-el-casal-dels-infants\/","name":"Sant Jordi 2021: \u00bfc\u00f3mo vivimos la lectura y la escritura en el Casal dels Infants? - Casal dels Infants","isPartOf":{"@id":"https:\/\/www.casaldelsinfants.org\/es\/#website"},"primaryImageOfPage":{"@id":"https:\/\/www.casaldelsinfants.org\/es\/actualidad\/sant-jordi-2021-como-vivimos-la-lectura-y-la-escritura-en-el-casal-dels-infants\/#primaryimage"},"image":{"@id":"https:\/\/www.casaldelsinfants.org\/es\/actualidad\/sant-jordi-2021-como-vivimos-la-lectura-y-la-escritura-en-el-casal-dels-infants\/#primaryimage"},"thumbnailUrl":"https:\/\/www.casaldelsinfants.org\/wp-content\/uploads\/casal_dels_infants_lectura_sant_jordi.jpg","datePublished":"2021-04-22T10:59:28+00:00","dateModified":"2023-05-01T15:46:12+00:00","breadcrumb":{"@id":"https:\/\/www.casaldelsinfants.org\/es\/actualidad\/sant-jordi-2021-como-vivimos-la-lectura-y-la-escritura-en-el-casal-dels-infants\/#breadcrumb"},"inLanguage":"es","potentialAction":[{"@type":"ReadAction","target":["https:\/\/www.casaldelsinfants.org\/es\/actualidad\/sant-jordi-2021-como-vivimos-la-lectura-y-la-escritura-en-el-casal-dels-infants\/"]}]},{"@type":"ImageObject","inLanguage":"es","@id":"https:\/\/www.casaldelsinfants.org\/es\/actualidad\/sant-jordi-2021-como-vivimos-la-lectura-y-la-escritura-en-el-casal-dels-infants\/#primaryimage","url":"https:\/\/www.casaldelsinfants.org\/wp-content\/uploads\/casal_dels_infants_lectura_sant_jordi.jpg","contentUrl":"https:\/\/www.casaldelsinfants.org\/wp-content\/uploads\/casal_dels_infants_lectura_sant_jordi.jpg","width":1920,"height":1080,"caption":"Nens llegint"},{"@type":"BreadcrumbList","@id":"https:\/\/www.casaldelsinfants.org\/es\/actualidad\/sant-jordi-2021-como-vivimos-la-lectura-y-la-escritura-en-el-casal-dels-infants\/#breadcrumb","itemListElement":[{"@type":"ListItem","position":1,"name":"Inici","item":"https:\/\/www.casaldelsinfants.org\/es\/"},{"@type":"ListItem","position":2,"name":"Sant Jordi 2021: \u00bfc\u00f3mo vivimos la lectura y la escritura en el Casal dels Infants?"}]},{"@type":"WebSite","@id":"https:\/\/www.casaldelsinfants.org\/es\/#website","url":"https:\/\/www.casaldelsinfants.org\/es\/","name":"Casal dels Infants","description":"","publisher":{"@id":"https:\/\/www.casaldelsinfants.org\/es\/#organization"},"potentialAction":[{"@type":"SearchAction","target":{"@type":"EntryPoint","urlTemplate":"https:\/\/www.casaldelsinfants.org\/es\/?s={search_term_string}"},"query-input":{"@type":"PropertyValueSpecification","valueRequired":true,"valueName":"search_term_string"}}],"inLanguage":"es"},{"@type":"Organization","@id":"https:\/\/www.casaldelsinfants.org\/es\/#organization","name":"Casal dels Infants","url":"https:\/\/www.casaldelsinfants.org\/es\/","logo":{"@type":"ImageObject","inLanguage":"es","@id":"https:\/\/www.casaldelsinfants.org\/es\/#\/schema\/logo\/image\/","url":"https:\/\/www.casaldelsinfants.org\/wp-content\/uploads\/logo-mail.png","contentUrl":"https:\/\/www.casaldelsinfants.org\/wp-content\/uploads\/logo-mail.png","width":380,"height":158,"caption":"Casal dels Infants"},"image":{"@id":"https:\/\/www.casaldelsinfants.org\/es\/#\/schema\/logo\/image\/"},"sameAs":["https:\/\/www.facebook.com\/casalinfants","https:\/\/x.com\/casalinfants","https:\/\/www.youtube.com\/user\/CasaldelsInfants1","https:\/\/www.instagram.com\/casalinfants\/","https:\/\/www.linkedin.com\/company\/casaldelsinfants?trk=organization-update_share-update_actor-text"]},{"@type":"Person","@id":"https:\/\/www.casaldelsinfants.org\/es\/#\/schema\/person\/97707fc8c64900cf36891127dbf9fba8","name":"cdiAdmin","sameAs":["https:\/\/casaldelsinfants.org"]}]}},"publishpress_future_action":{"enabled":false,"date":"2026-05-07 23:04:26","action":"change-status","newStatus":"draft","terms":[],"taxonomy":"category","extraData":[]},"publishpress_future_workflow_manual_trigger":{"enabledWorkflows":[]},"_links":{"self":[{"href":"https:\/\/www.casaldelsinfants.org\/es\/wp-json\/wp\/v2\/posts\/4299","targetHints":{"allow":["GET"]}}],"collection":[{"href":"https:\/\/www.casaldelsinfants.org\/es\/wp-json\/wp\/v2\/posts"}],"about":[{"href":"https:\/\/www.casaldelsinfants.org\/es\/wp-json\/wp\/v2\/types\/post"}],"author":[{"embeddable":true,"href":"https:\/\/www.casaldelsinfants.org\/es\/wp-json\/wp\/v2\/users\/1"}],"replies":[{"embeddable":true,"href":"https:\/\/www.casaldelsinfants.org\/es\/wp-json\/wp\/v2\/comments?post=4299"}],"version-history":[{"count":1,"href":"https:\/\/www.casaldelsinfants.org\/es\/wp-json\/wp\/v2\/posts\/4299\/revisions"}],"predecessor-version":[{"id":6270,"href":"https:\/\/www.casaldelsinfants.org\/es\/wp-json\/wp\/v2\/posts\/4299\/revisions\/6270"}],"wp:featuredmedia":[{"embeddable":true,"href":"https:\/\/www.casaldelsinfants.org\/es\/wp-json\/wp\/v2\/media\/3084"}],"wp:attachment":[{"href":"https:\/\/www.casaldelsinfants.org\/es\/wp-json\/wp\/v2\/media?parent=4299"}],"wp:term":[{"taxonomy":"category","embeddable":true,"href":"https:\/\/www.casaldelsinfants.org\/es\/wp-json\/wp\/v2\/categories?post=4299"},{"taxonomy":"post_tag","embeddable":true,"href":"https:\/\/www.casaldelsinfants.org\/es\/wp-json\/wp\/v2\/tags?post=4299"},{"taxonomy":"seus","embeddable":true,"href":"https:\/\/www.casaldelsinfants.org\/es\/wp-json\/wp\/v2\/seus?post=4299"},{"taxonomy":"eixos","embeddable":true,"href":"https:\/\/www.casaldelsinfants.org\/es\/wp-json\/wp\/v2\/eixos?post=4299"}],"curies":[{"name":"wp","href":"https:\/\/api.w.org\/{rel}","templated":true}]}}