{"id":4300,"date":"2021-04-22T12:56:52","date_gmt":"2021-04-22T10:56:52","guid":{"rendered":"https:\/\/casal.puntzero.cat\/noticies\/engeguem-seminaris-internacionals-amb-la-upf-millorar-la-proteccio-dels-infants-i-joves\/"},"modified":"2023-05-25T00:13:42","modified_gmt":"2023-05-24T22:13:42","slug":"engeguem-seminaris-internacionals-amb-la-upf-millorar-la-proteccio-dels-infants-i-joves","status":"publish","type":"post","link":"https:\/\/www.casaldelsinfants.org\/es\/actualidad\/seminarios-upf-proteccion-infantil\/","title":{"rendered":"Iniciamos seminarios internacionales con la UPF para mejorar la protecci\u00f3n de los ni\u00f1os, ni\u00f1as y j\u00f3venes migrantes en Barcelona y T\u00e1nger"},"content":{"rendered":"<p><span style=\"color:#000000;\">El Casal dels Infants y el grupo de investigaci\u00f3n Transgang de la Universitat Pompeu Fabra hemos iniciado una serie de seminarios internacionales telem\u00e1ticos que pretenden mejorar la protecci\u00f3n de los derechos de los ni\u00f1os, ni\u00f1as y j\u00f3venes en Barcelona y T\u00e1nger que han migrado o han planeado hacerlo. La iniciativa se dirige a los profesionales que desde Catalunya y Marruecos acompa\u00f1an a estos chicos y chicas, y forma parte del proyecto Rassif, que impulsamos en el Casal dels Infants de Marruecos en colaboraci\u00f3n con la entidad marroqu\u00ed Aiceed.<\/span><\/p>\n<p><span style=\"color:#000000;\">Rassif tiene como objetivo la atenci\u00f3n y protecci\u00f3n de los derechos de los menores marroqu\u00edes en proceso migratorio, as\u00ed como responder a los retos que genera su movilidad transnacional, y cuenta con financiaci\u00f3n de la Agencia Catalana de Cooperaci\u00f3n al Desarrollo y el Ayuntamiento de Barcelona. Transgang estudia experiencias de resoluci\u00f3n de conflicotos en asocioaciones de j\u00f3venes en situaci\u00f3n de calle en el sur de Europa, el norte de \u00c1frica y Am\u00e9rica.<\/span><\/p>\n<p><span style=\"color:#000000;\">El objetivo de los seminarios iniciados en colaboraci\u00f3n con Transgang es analizar, construir, evaluar y generar propuestas de intervenci\u00f3n con j\u00f3venes que migran solos, teniendo en cuenta las consecuencias que este proceso les puede generar a largo plazo. Este intercambio no solo tiene como objetivo la transferencia de informaci\u00f3n y conocimientos relevantes entre profesionales de las dos orillas del Mediterr\u00e1neo, sino tambi\u00e9n crear un diagn\u00f3stico, recoger buenas pr\u00e1cticas y elaborar los indicadores necesarios para entender el impacto de los proyectos en la vida de los y las j\u00f3venes. <\/span><\/p>\n<p><span style=\"color:#000000;\">El primer seminario tuvo lugar el 16 de abril y se centr\u00f3 en los derechos humanos, abordando el marco normativo e hist\u00f3rico que los sustenta y los debates sobre su aplicabilidad en el contexto de los ni\u00f1os, ni\u00f1as y j\u00f3venes migrantes. Cont\u00f3 con una presentaci\u00f3n del proyecto Rassif y una ponencia a cargo del antrop\u00f3logo y coordinador cient\u00edfico de Transgang Jos\u00e9 S\u00e1nchez-Garc\u00eda, que introdujo el debate en torno a los derechos humanos desde una perspectiva cr\u00edtica que respete la diversidad cultural y una aplicabilidad transcultural que no sea contraria a los derechos humanos en s\u00ed mismos.<\/span><\/p>\n<p><span style=\"color:#000000;\">El seminario concluy\u00f3 con el debate entre las personas participantes y con el testimonio de j\u00f3venes estudiantes de la escuela de segundas oportunidades de Aiceed en T\u00e1nger, un espacio educativo donde j\u00f3venes que hab\u00edan visto interrumpido su itinerario formativo tienen la oportunidad de retomarlo o de empezar un proceso de inserci\u00f3n laboral.<\/span><\/p>\n<div class=\"video-embed-field-responsive-video form-group\"><iframe loading=\"lazy\" width=\"854\" height=\"480\" frameborder=\"0\" allowfullscreen=\"allowfullscreen\" src=\"https:\/\/www.youtube.com\/embed\/qw2w6jkCxes?autoplay=0&amp;start=0&amp;rel=0\"><\/iframe>\n<\/div>\n<p><span style=\"color:#000000;\">Hasta que acabe el a\u00f1o, cada mes se celebrar\u00e1 un nuevo seminario, y el proceso finalizar\u00e1 con una \u00faltima sesi\u00f3n en Barcelona para presentar los resultados conseguidos y generar propuestas de futuro para mejorar la protecci\u00f3n de los ni\u00f1os, ni\u00f1as y j\u00f3venes migrantes.<\/span><\/p>\n","protected":false},"excerpt":{"rendered":"<p>El Casal dels Infants y el grupo de investigaci\u00f3n Transgang de la Universitat Pompeu Fabra hemos iniciado una serie de seminarios internacionales telem\u00e1ticos que pretenden mejorar la protecci\u00f3n de los derechos de los ni\u00f1os, ni\u00f1as y j\u00f3venes en Barcelona y T\u00e1nger que han migrado o han planeado hacerlo. La iniciativa se dirige a los profesionales [&hellip;]<\/p>\n","protected":false},"author":1,"featured_media":3087,"comment_status":"open","ping_status":"open","sticky":false,"template":"","format":"standard","meta":{"_acf_changed":false,"_et_pb_use_builder":"","_et_pb_old_content":"","_et_gb_content_width":"","inline_featured_image":false,"footnotes":""},"categories":[125],"tags":[],"seus":[158],"eixos":[110],"class_list":["post-4300","post","type-post","status-publish","format-standard","has-post-thumbnail","hentry","category-noticias","seus-marruecos","eixos-comunidad-casal-dels-infants"],"acf":[],"yoast_head":"<!-- This site is optimized with the Yoast SEO plugin v27.4 - https:\/\/yoast.com\/product\/yoast-seo-wordpress\/ -->\n<title>seminaris Rassif UPF protecci\u00f3 dels infants i joves migrants a Barcelona i T\u00e0nger<\/title>\n<meta name=\"description\" content=\"En el marc del projecte Rassif, el Casal dels Infants i el grup de recerca Transgang de la Universitat Pompeu Fabra hem iniciat un seguit de seminaris internacionals telem\u00e0tics que pretenen millorar la protecci\u00f3 dels drets dels infants i joves a Barcelona i T\u00e0nger que han migrat o han planejat fer-ho.\" \/>\n<meta name=\"robots\" content=\"index, follow, max-snippet:-1, max-image-preview:large, max-video-preview:-1\" \/>\n<link rel=\"canonical\" href=\"https:\/\/www.casaldelsinfants.org\/es\/actualidad\/seminarios-upf-proteccion-infantil\/\" \/>\n<meta property=\"og:locale\" content=\"es_ES\" \/>\n<meta property=\"og:type\" content=\"article\" \/>\n<meta property=\"og:title\" content=\"seminaris Rassif UPF protecci\u00f3 dels infants i joves migrants a Barcelona i T\u00e0nger\" \/>\n<meta property=\"og:description\" content=\"En el marc del projecte Rassif, el Casal dels Infants i el grup de recerca Transgang de la Universitat Pompeu Fabra hem iniciat un seguit de seminaris internacionals telem\u00e0tics que pretenen millorar la protecci\u00f3 dels drets dels infants i joves a Barcelona i T\u00e0nger que han migrat o han planejat fer-ho.\" \/>\n<meta property=\"og:url\" content=\"https:\/\/www.casaldelsinfants.org\/es\/actualidad\/seminarios-upf-proteccion-infantil\/\" \/>\n<meta property=\"og:site_name\" content=\"Casal dels Infants\" \/>\n<meta property=\"article:publisher\" content=\"https:\/\/www.facebook.com\/casalinfants\" \/>\n<meta property=\"article:published_time\" content=\"2021-04-22T10:56:52+00:00\" \/>\n<meta property=\"article:modified_time\" content=\"2023-05-24T22:13:42+00:00\" \/>\n<meta property=\"og:image\" content=\"https:\/\/www.casaldelsinfants.org\/wp-content\/uploads\/rassif_1.png\" \/>\n\t<meta property=\"og:image:width\" content=\"1912\" \/>\n\t<meta property=\"og:image:height\" content=\"1019\" \/>\n\t<meta property=\"og:image:type\" content=\"image\/png\" \/>\n<meta name=\"author\" content=\"cdiAdmin\" \/>\n<meta name=\"twitter:card\" content=\"summary_large_image\" \/>\n<meta name=\"twitter:creator\" content=\"@casalinfants\" \/>\n<meta name=\"twitter:site\" content=\"@casalinfants\" \/>\n<meta name=\"twitter:label1\" content=\"Escrito por\" \/>\n\t<meta name=\"twitter:data1\" content=\"cdiAdmin\" \/>\n\t<meta name=\"twitter:label2\" content=\"Tiempo de lectura\" \/>\n\t<meta name=\"twitter:data2\" content=\"3 minutos\" \/>\n<script type=\"application\/ld+json\" class=\"yoast-schema-graph\">{\"@context\":\"https:\\\/\\\/schema.org\",\"@graph\":[{\"@type\":\"Article\",\"@id\":\"https:\\\/\\\/www.casaldelsinfants.org\\\/es\\\/actualidad\\\/seminarios-upf-proteccion-infantil\\\/#article\",\"isPartOf\":{\"@id\":\"https:\\\/\\\/www.casaldelsinfants.org\\\/es\\\/actualidad\\\/seminarios-upf-proteccion-infantil\\\/\"},\"author\":{\"name\":\"cdiAdmin\",\"@id\":\"https:\\\/\\\/www.casaldelsinfants.org\\\/es\\\/#\\\/schema\\\/person\\\/97707fc8c64900cf36891127dbf9fba8\"},\"headline\":\"Iniciamos seminarios internacionales con la UPF para mejorar la protecci\u00f3n de los ni\u00f1os, ni\u00f1as y j\u00f3venes migrantes en Barcelona y T\u00e1nger\",\"datePublished\":\"2021-04-22T10:56:52+00:00\",\"dateModified\":\"2023-05-24T22:13:42+00:00\",\"mainEntityOfPage\":{\"@id\":\"https:\\\/\\\/www.casaldelsinfants.org\\\/es\\\/actualidad\\\/seminarios-upf-proteccion-infantil\\\/\"},\"wordCount\":512,\"commentCount\":0,\"publisher\":{\"@id\":\"https:\\\/\\\/www.casaldelsinfants.org\\\/es\\\/#organization\"},\"image\":{\"@id\":\"https:\\\/\\\/www.casaldelsinfants.org\\\/es\\\/actualidad\\\/seminarios-upf-proteccion-infantil\\\/#primaryimage\"},\"thumbnailUrl\":\"https:\\\/\\\/www.casaldelsinfants.org\\\/wp-content\\\/uploads\\\/rassif_1.png\",\"articleSection\":[\"Noticia\"],\"inLanguage\":\"es\",\"potentialAction\":[{\"@type\":\"CommentAction\",\"name\":\"Comment\",\"target\":[\"https:\\\/\\\/www.casaldelsinfants.org\\\/es\\\/actualidad\\\/seminarios-upf-proteccion-infantil\\\/#respond\"]}]},{\"@type\":\"WebPage\",\"@id\":\"https:\\\/\\\/www.casaldelsinfants.org\\\/es\\\/actualidad\\\/seminarios-upf-proteccion-infantil\\\/\",\"url\":\"https:\\\/\\\/www.casaldelsinfants.org\\\/es\\\/actualidad\\\/seminarios-upf-proteccion-infantil\\\/\",\"name\":\"seminaris Rassif UPF protecci\u00f3 dels infants i joves migrants a Barcelona i T\u00e0nger\",\"isPartOf\":{\"@id\":\"https:\\\/\\\/www.casaldelsinfants.org\\\/es\\\/#website\"},\"primaryImageOfPage\":{\"@id\":\"https:\\\/\\\/www.casaldelsinfants.org\\\/es\\\/actualidad\\\/seminarios-upf-proteccion-infantil\\\/#primaryimage\"},\"image\":{\"@id\":\"https:\\\/\\\/www.casaldelsinfants.org\\\/es\\\/actualidad\\\/seminarios-upf-proteccion-infantil\\\/#primaryimage\"},\"thumbnailUrl\":\"https:\\\/\\\/www.casaldelsinfants.org\\\/wp-content\\\/uploads\\\/rassif_1.png\",\"datePublished\":\"2021-04-22T10:56:52+00:00\",\"dateModified\":\"2023-05-24T22:13:42+00:00\",\"description\":\"En el marc del projecte Rassif, el Casal dels Infants i el grup de recerca Transgang de la Universitat Pompeu Fabra hem iniciat un seguit de seminaris internacionals telem\u00e0tics que pretenen millorar la protecci\u00f3 dels drets dels infants i joves a Barcelona i T\u00e0nger que han migrat o han planejat fer-ho.\",\"breadcrumb\":{\"@id\":\"https:\\\/\\\/www.casaldelsinfants.org\\\/es\\\/actualidad\\\/seminarios-upf-proteccion-infantil\\\/#breadcrumb\"},\"inLanguage\":\"es\",\"potentialAction\":[{\"@type\":\"ReadAction\",\"target\":[\"https:\\\/\\\/www.casaldelsinfants.org\\\/es\\\/actualidad\\\/seminarios-upf-proteccion-infantil\\\/\"]}]},{\"@type\":\"ImageObject\",\"inLanguage\":\"es\",\"@id\":\"https:\\\/\\\/www.casaldelsinfants.org\\\/es\\\/actualidad\\\/seminarios-upf-proteccion-infantil\\\/#primaryimage\",\"url\":\"https:\\\/\\\/www.casaldelsinfants.org\\\/wp-content\\\/uploads\\\/rassif_1.png\",\"contentUrl\":\"https:\\\/\\\/www.casaldelsinfants.org\\\/wp-content\\\/uploads\\\/rassif_1.png\",\"width\":1912,\"height\":1019,\"caption\":\"Engeguem seminaris internacionals amb la UPF per millorar la protecci\u00f3 dels infants i joves migrants a Barcelona i T\u00e0nger\"},{\"@type\":\"BreadcrumbList\",\"@id\":\"https:\\\/\\\/www.casaldelsinfants.org\\\/es\\\/actualidad\\\/seminarios-upf-proteccion-infantil\\\/#breadcrumb\",\"itemListElement\":[{\"@type\":\"ListItem\",\"position\":1,\"name\":\"Inici\",\"item\":\"https:\\\/\\\/www.casaldelsinfants.org\\\/es\\\/\"},{\"@type\":\"ListItem\",\"position\":2,\"name\":\"Iniciamos seminarios internacionales con la UPF para mejorar la protecci\u00f3n de los ni\u00f1os, ni\u00f1as y j\u00f3venes migrantes en Barcelona y T\u00e1nger\"}]},{\"@type\":\"WebSite\",\"@id\":\"https:\\\/\\\/www.casaldelsinfants.org\\\/es\\\/#website\",\"url\":\"https:\\\/\\\/www.casaldelsinfants.org\\\/es\\\/\",\"name\":\"Casal dels Infants\",\"description\":\"\",\"publisher\":{\"@id\":\"https:\\\/\\\/www.casaldelsinfants.org\\\/es\\\/#organization\"},\"potentialAction\":[{\"@type\":\"SearchAction\",\"target\":{\"@type\":\"EntryPoint\",\"urlTemplate\":\"https:\\\/\\\/www.casaldelsinfants.org\\\/es\\\/?s={search_term_string}\"},\"query-input\":{\"@type\":\"PropertyValueSpecification\",\"valueRequired\":true,\"valueName\":\"search_term_string\"}}],\"inLanguage\":\"es\"},{\"@type\":\"Organization\",\"@id\":\"https:\\\/\\\/www.casaldelsinfants.org\\\/es\\\/#organization\",\"name\":\"Casal dels Infants\",\"url\":\"https:\\\/\\\/www.casaldelsinfants.org\\\/es\\\/\",\"logo\":{\"@type\":\"ImageObject\",\"inLanguage\":\"es\",\"@id\":\"https:\\\/\\\/www.casaldelsinfants.org\\\/es\\\/#\\\/schema\\\/logo\\\/image\\\/\",\"url\":\"https:\\\/\\\/www.casaldelsinfants.org\\\/wp-content\\\/uploads\\\/logo-mail.png\",\"contentUrl\":\"https:\\\/\\\/www.casaldelsinfants.org\\\/wp-content\\\/uploads\\\/logo-mail.png\",\"width\":380,\"height\":158,\"caption\":\"Casal dels Infants\"},\"image\":{\"@id\":\"https:\\\/\\\/www.casaldelsinfants.org\\\/es\\\/#\\\/schema\\\/logo\\\/image\\\/\"},\"sameAs\":[\"https:\\\/\\\/www.facebook.com\\\/casalinfants\",\"https:\\\/\\\/x.com\\\/casalinfants\",\"https:\\\/\\\/www.youtube.com\\\/user\\\/CasaldelsInfants1\",\"https:\\\/\\\/www.instagram.com\\\/casalinfants\\\/\",\"https:\\\/\\\/www.linkedin.com\\\/company\\\/casaldelsinfants?trk=organization-update_share-update_actor-text\"]},{\"@type\":\"Person\",\"@id\":\"https:\\\/\\\/www.casaldelsinfants.org\\\/es\\\/#\\\/schema\\\/person\\\/97707fc8c64900cf36891127dbf9fba8\",\"name\":\"cdiAdmin\",\"sameAs\":[\"https:\\\/\\\/casaldelsinfants.org\"]}]}<\/script>\n<!-- \/ Yoast SEO plugin. -->","yoast_head_json":{"title":"seminaris Rassif UPF protecci\u00f3 dels infants i joves migrants a Barcelona i T\u00e0nger","description":"En el marc del projecte Rassif, el Casal dels Infants i el grup de recerca Transgang de la Universitat Pompeu Fabra hem iniciat un seguit de seminaris internacionals telem\u00e0tics que pretenen millorar la protecci\u00f3 dels drets dels infants i joves a Barcelona i T\u00e0nger que han migrat o han planejat fer-ho.","robots":{"index":"index","follow":"follow","max-snippet":"max-snippet:-1","max-image-preview":"max-image-preview:large","max-video-preview":"max-video-preview:-1"},"canonical":"https:\/\/www.casaldelsinfants.org\/es\/actualidad\/seminarios-upf-proteccion-infantil\/","og_locale":"es_ES","og_type":"article","og_title":"seminaris Rassif UPF protecci\u00f3 dels infants i joves migrants a Barcelona i T\u00e0nger","og_description":"En el marc del projecte Rassif, el Casal dels Infants i el grup de recerca Transgang de la Universitat Pompeu Fabra hem iniciat un seguit de seminaris internacionals telem\u00e0tics que pretenen millorar la protecci\u00f3 dels drets dels infants i joves a Barcelona i T\u00e0nger que han migrat o han planejat fer-ho.","og_url":"https:\/\/www.casaldelsinfants.org\/es\/actualidad\/seminarios-upf-proteccion-infantil\/","og_site_name":"Casal dels Infants","article_publisher":"https:\/\/www.facebook.com\/casalinfants","article_published_time":"2021-04-22T10:56:52+00:00","article_modified_time":"2023-05-24T22:13:42+00:00","og_image":[{"width":1912,"height":1019,"url":"https:\/\/www.casaldelsinfants.org\/wp-content\/uploads\/rassif_1.png","type":"image\/png"}],"author":"cdiAdmin","twitter_card":"summary_large_image","twitter_creator":"@casalinfants","twitter_site":"@casalinfants","twitter_misc":{"Escrito por":"cdiAdmin","Tiempo de lectura":"3 minutos"},"schema":{"@context":"https:\/\/schema.org","@graph":[{"@type":"Article","@id":"https:\/\/www.casaldelsinfants.org\/es\/actualidad\/seminarios-upf-proteccion-infantil\/#article","isPartOf":{"@id":"https:\/\/www.casaldelsinfants.org\/es\/actualidad\/seminarios-upf-proteccion-infantil\/"},"author":{"name":"cdiAdmin","@id":"https:\/\/www.casaldelsinfants.org\/es\/#\/schema\/person\/97707fc8c64900cf36891127dbf9fba8"},"headline":"Iniciamos seminarios internacionales con la UPF para mejorar la protecci\u00f3n de los ni\u00f1os, ni\u00f1as y j\u00f3venes migrantes en Barcelona y T\u00e1nger","datePublished":"2021-04-22T10:56:52+00:00","dateModified":"2023-05-24T22:13:42+00:00","mainEntityOfPage":{"@id":"https:\/\/www.casaldelsinfants.org\/es\/actualidad\/seminarios-upf-proteccion-infantil\/"},"wordCount":512,"commentCount":0,"publisher":{"@id":"https:\/\/www.casaldelsinfants.org\/es\/#organization"},"image":{"@id":"https:\/\/www.casaldelsinfants.org\/es\/actualidad\/seminarios-upf-proteccion-infantil\/#primaryimage"},"thumbnailUrl":"https:\/\/www.casaldelsinfants.org\/wp-content\/uploads\/rassif_1.png","articleSection":["Noticia"],"inLanguage":"es","potentialAction":[{"@type":"CommentAction","name":"Comment","target":["https:\/\/www.casaldelsinfants.org\/es\/actualidad\/seminarios-upf-proteccion-infantil\/#respond"]}]},{"@type":"WebPage","@id":"https:\/\/www.casaldelsinfants.org\/es\/actualidad\/seminarios-upf-proteccion-infantil\/","url":"https:\/\/www.casaldelsinfants.org\/es\/actualidad\/seminarios-upf-proteccion-infantil\/","name":"seminaris Rassif UPF protecci\u00f3 dels infants i joves migrants a Barcelona i T\u00e0nger","isPartOf":{"@id":"https:\/\/www.casaldelsinfants.org\/es\/#website"},"primaryImageOfPage":{"@id":"https:\/\/www.casaldelsinfants.org\/es\/actualidad\/seminarios-upf-proteccion-infantil\/#primaryimage"},"image":{"@id":"https:\/\/www.casaldelsinfants.org\/es\/actualidad\/seminarios-upf-proteccion-infantil\/#primaryimage"},"thumbnailUrl":"https:\/\/www.casaldelsinfants.org\/wp-content\/uploads\/rassif_1.png","datePublished":"2021-04-22T10:56:52+00:00","dateModified":"2023-05-24T22:13:42+00:00","description":"En el marc del projecte Rassif, el Casal dels Infants i el grup de recerca Transgang de la Universitat Pompeu Fabra hem iniciat un seguit de seminaris internacionals telem\u00e0tics que pretenen millorar la protecci\u00f3 dels drets dels infants i joves a Barcelona i T\u00e0nger que han migrat o han planejat fer-ho.","breadcrumb":{"@id":"https:\/\/www.casaldelsinfants.org\/es\/actualidad\/seminarios-upf-proteccion-infantil\/#breadcrumb"},"inLanguage":"es","potentialAction":[{"@type":"ReadAction","target":["https:\/\/www.casaldelsinfants.org\/es\/actualidad\/seminarios-upf-proteccion-infantil\/"]}]},{"@type":"ImageObject","inLanguage":"es","@id":"https:\/\/www.casaldelsinfants.org\/es\/actualidad\/seminarios-upf-proteccion-infantil\/#primaryimage","url":"https:\/\/www.casaldelsinfants.org\/wp-content\/uploads\/rassif_1.png","contentUrl":"https:\/\/www.casaldelsinfants.org\/wp-content\/uploads\/rassif_1.png","width":1912,"height":1019,"caption":"Engeguem seminaris internacionals amb la UPF per millorar la protecci\u00f3 dels infants i joves migrants a Barcelona i T\u00e0nger"},{"@type":"BreadcrumbList","@id":"https:\/\/www.casaldelsinfants.org\/es\/actualidad\/seminarios-upf-proteccion-infantil\/#breadcrumb","itemListElement":[{"@type":"ListItem","position":1,"name":"Inici","item":"https:\/\/www.casaldelsinfants.org\/es\/"},{"@type":"ListItem","position":2,"name":"Iniciamos seminarios internacionales con la UPF para mejorar la protecci\u00f3n de los ni\u00f1os, ni\u00f1as y j\u00f3venes migrantes en Barcelona y T\u00e1nger"}]},{"@type":"WebSite","@id":"https:\/\/www.casaldelsinfants.org\/es\/#website","url":"https:\/\/www.casaldelsinfants.org\/es\/","name":"Casal dels Infants","description":"","publisher":{"@id":"https:\/\/www.casaldelsinfants.org\/es\/#organization"},"potentialAction":[{"@type":"SearchAction","target":{"@type":"EntryPoint","urlTemplate":"https:\/\/www.casaldelsinfants.org\/es\/?s={search_term_string}"},"query-input":{"@type":"PropertyValueSpecification","valueRequired":true,"valueName":"search_term_string"}}],"inLanguage":"es"},{"@type":"Organization","@id":"https:\/\/www.casaldelsinfants.org\/es\/#organization","name":"Casal dels Infants","url":"https:\/\/www.casaldelsinfants.org\/es\/","logo":{"@type":"ImageObject","inLanguage":"es","@id":"https:\/\/www.casaldelsinfants.org\/es\/#\/schema\/logo\/image\/","url":"https:\/\/www.casaldelsinfants.org\/wp-content\/uploads\/logo-mail.png","contentUrl":"https:\/\/www.casaldelsinfants.org\/wp-content\/uploads\/logo-mail.png","width":380,"height":158,"caption":"Casal dels Infants"},"image":{"@id":"https:\/\/www.casaldelsinfants.org\/es\/#\/schema\/logo\/image\/"},"sameAs":["https:\/\/www.facebook.com\/casalinfants","https:\/\/x.com\/casalinfants","https:\/\/www.youtube.com\/user\/CasaldelsInfants1","https:\/\/www.instagram.com\/casalinfants\/","https:\/\/www.linkedin.com\/company\/casaldelsinfants?trk=organization-update_share-update_actor-text"]},{"@type":"Person","@id":"https:\/\/www.casaldelsinfants.org\/es\/#\/schema\/person\/97707fc8c64900cf36891127dbf9fba8","name":"cdiAdmin","sameAs":["https:\/\/casaldelsinfants.org"]}]}},"publishpress_future_action":{"enabled":false,"date":"2026-05-07 03:58:28","action":"change-status","newStatus":"draft","terms":[],"taxonomy":"category","extraData":[]},"publishpress_future_workflow_manual_trigger":{"enabledWorkflows":[]},"_links":{"self":[{"href":"https:\/\/www.casaldelsinfants.org\/es\/wp-json\/wp\/v2\/posts\/4300","targetHints":{"allow":["GET"]}}],"collection":[{"href":"https:\/\/www.casaldelsinfants.org\/es\/wp-json\/wp\/v2\/posts"}],"about":[{"href":"https:\/\/www.casaldelsinfants.org\/es\/wp-json\/wp\/v2\/types\/post"}],"author":[{"embeddable":true,"href":"https:\/\/www.casaldelsinfants.org\/es\/wp-json\/wp\/v2\/users\/1"}],"replies":[{"embeddable":true,"href":"https:\/\/www.casaldelsinfants.org\/es\/wp-json\/wp\/v2\/comments?post=4300"}],"version-history":[{"count":1,"href":"https:\/\/www.casaldelsinfants.org\/es\/wp-json\/wp\/v2\/posts\/4300\/revisions"}],"predecessor-version":[{"id":6271,"href":"https:\/\/www.casaldelsinfants.org\/es\/wp-json\/wp\/v2\/posts\/4300\/revisions\/6271"}],"wp:featuredmedia":[{"embeddable":true,"href":"https:\/\/www.casaldelsinfants.org\/es\/wp-json\/wp\/v2\/media\/3087"}],"wp:attachment":[{"href":"https:\/\/www.casaldelsinfants.org\/es\/wp-json\/wp\/v2\/media?parent=4300"}],"wp:term":[{"taxonomy":"category","embeddable":true,"href":"https:\/\/www.casaldelsinfants.org\/es\/wp-json\/wp\/v2\/categories?post=4300"},{"taxonomy":"post_tag","embeddable":true,"href":"https:\/\/www.casaldelsinfants.org\/es\/wp-json\/wp\/v2\/tags?post=4300"},{"taxonomy":"seus","embeddable":true,"href":"https:\/\/www.casaldelsinfants.org\/es\/wp-json\/wp\/v2\/seus?post=4300"},{"taxonomy":"eixos","embeddable":true,"href":"https:\/\/www.casaldelsinfants.org\/es\/wp-json\/wp\/v2\/eixos?post=4300"}],"curies":[{"name":"wp","href":"https:\/\/api.w.org\/{rel}","templated":true}]}}