{"id":4302,"date":"2021-03-26T09:34:09","date_gmt":"2021-03-26T07:34:09","guid":{"rendered":"https:\/\/casal.puntzero.cat\/noticies\/participem-en-la-taula-rodona-decas-i-lajuntament-de-barcelona-sobre-la-implementacio-de\/"},"modified":"2023-05-01T17:46:26","modified_gmt":"2023-05-01T15:46:26","slug":"participem-en-la-taula-rodona-decas-i-lajuntament-de-barcelona-sobre-la-implementacio-de","status":"publish","type":"post","link":"https:\/\/www.casaldelsinfants.org\/es\/actualidad\/mesa-redonda-ecas-ingreso-minimo-vital\/","title":{"rendered":"Participamos en la mesa redonda de ECAS y el Ayuntamiento de Barcelona sobre la implementaci\u00f3n del Ingreso M\u00ednimo Vital"},"content":{"rendered":"<p>\u00a0<\/p>\n<p><span style=\"color:#000000;\">El mi\u00e9rcoles 24 de marzo participamos en la mesa redonda sobre la implementaci\u00f3n del Ingreso M\u00ednimo Vital organizada por la Federaci\u00f3 d\u2019Entitats Catalanes d\u2019Acci\u00f3 Social (ECAS) y el Ayuntamiento de Barcelona. El espacio y el<\/span><strong> <\/strong><a href=\"https:\/\/acciosocial.org\/wp-content\/uploads\/2021\/03\/ECAS-BCN-IGOP_Informe-IMV_2021.pdf\"><u><strong>informe<\/strong><\/u><\/a><span style=\"color:#000000;\"> que se present\u00f3, realizado por un grupo de investigaci\u00f3n del Institut de Govern i Pol\u00edtiques P\u00fabliques (IGOP) de la Universitat Aut\u00f2noma de Barcelona, sirvieron para volver a constatar que urge reformar la prestaci\u00f3n, dado que la gran mayor\u00eda de familias en situaci\u00f3n de vulnerabilidad no est\u00e1n podiendo acceder a la misma.<\/span><\/p>\n<p><span style=\"color:#000000;\">En la mesa redonda intervinieron Amaia Pa\u00edno, de Insercoop; Carme Ferreiro, de C\u00e0ritas Barcelona; Beatrice Carpani, de la Fundaci\u00f3 Surt; y Gl\u00f2ria Llopis, t\u00e9cnica de la Unidad de Apoyo en la Emergencia del Casal dels Infants. El informe lo present\u00f3 su coordinador, Carlos Delcl\u00f2s.<\/span><\/p>\n<p><span style=\"color:#000000;\">En las intervenciones y el debate hubo consenso al considerar que el proceso de solicitud y tramitaci\u00f3n de la prestaci\u00f3n es complejo, largo y excluyente. Se se\u00f1al\u00f3 que la ley que regula la prestaci\u00f3n es poco clara y ha sufrido cinco modificaciones desde su aprobaci\u00f3n, y que es necesario y urgente establecer un reglamento que clarifique y simplifique el tr\u00e1mite. Tambi\u00e9n qued\u00f3 de manifiesto que la cantidad de la prestaci\u00f3n es insuficiente para las personas que consiguen recibirla.<\/span><\/p>\n<p><strong>Personas excluidas <\/strong><\/p>\n<p><span style=\"color:#000000;\">Una de las principales cr\u00edticas al proceso es que los requisitos para acceder excluyen a muchas personas. Es el caso de las menores de 23 a\u00f1os y de muchas de las que no llegan a los 30 \u2014en este segundo caso, no pueden tramitarla si no llevan tres a\u00f1os emancipadas y en este tiempo no han cotizado a la seguridad social durante 12 meses\u2014. La prestaci\u00f3n tambi\u00e9n cierra la puerta a las familias que tienen uno de sus miembros en situaci\u00f3n administrativa irregular.<\/span><\/p>\n<p><span style=\"color:#000000;\">Por otro lado, el hecho de el Ingreso M\u00ednimo Vital se dirija a unidades de convivencia est\u00e1 comportando muchos problemas para que aquellas persones que conviven en una misma vivienda per no comparten ingresos puedan presentar m\u00e1s de una solicitud. Tambi\u00e9n para las que no est\u00e1n empadronadas donde viven o para las que no tienen un domicilio fijo, como por ejemplo las que se encuentran en situaci\u00f3n de sinhogarismo.<\/span><\/p>\n<p><span style=\"color:#000000;\">En estos casos, la \u00faltima modificaci\u00f3n de la ley permite que estas personas soliciten la prestaci\u00f3n, pero para hacerlo necesitan pedir un informe social de los servicios sociales, un requisito que agrava la saturaci\u00f3n y el colapso en el proceso.<\/span><\/p>\n<p><span style=\"color:#000000;\">En cuanto a los requisitos de ingresos, la raz\u00f3n m\u00e1s frecuente de las denegaciones est\u00e1 siendo que durante el 2020 se tuvieron en cuenta principalmente los ingresos del a\u00f1o anterior para valorar si la persona solicitante estaba en situaci\u00f3n de vulnerabilidad. Esto provoca que muchas familias que sufrieron una p\u00e9rdida de ingresos muy fuerte durante la pandemia no est\u00e9n recibiendo la prestaci\u00f3n.<\/span><\/p>\n<p><strong>Brecha digital y falta de apoyo de la administraci\u00f3n<\/strong><\/p>\n<p><span style=\"color:#000000;\">Otra gran queja es la dificultad que supone para las familias entender y realizar por s\u00ed mismas los tr\u00e1mites, en un proceso largo y dif\u00edcil de comprender. El sistema las aboca a desistir o a cometer errores en la tramitaci\u00f3n, si no cuentan con el apoyo de una entidad social. No existe un filtro previo de la administraci\u00f3n para que la persona sepa si cumple los requisitos y si aporta la documentaci\u00f3n necesaria al hacer la solicitud. Por otro lado, tener que realizar la gesti\u00f3n de forma telem\u00e1tica es excluyente para muchas personas sin las competencias necesarias, debido a la brecha digital.<\/span><\/p>\n<p><span style=\"color:#000000;\">En cuanto al tel\u00e9fono de informaci\u00f3n habilitado por la Seguridad Social, no responde a la mayor\u00eda de llamadas, y en los \u00faltimos meses ha reducido su horario de atenci\u00f3n, limit\u00e1ndolo a las ma\u00f1anas. Las personas solicitantes no saben hacer el seguimiento del tr\u00e1mite y cuando reciben la denegaci\u00f3n no saben que pueden realizar una reclamaci\u00f3n. Tardan hasta seis meses en recibir una respuesta a su solicitud, pero solo tienen 10 d\u00edas para reclamar o responder a un requerimiento de la administraci\u00f3n.<\/span><\/p>\n<p><strong>Cifras que exigen una reforma<\/strong><\/p>\n<p><span style=\"color:#000000;\">El informe sobre la implementaci\u00f3n del Ingreso M\u00ednimo Vital se\u00f1ala que la prestaci\u00f3n se cre\u00f3 en julio de 2020 con el objetivo de conseguir que un 25% de las personas bajo el humbral de la pobreza pudiesen salir de esta situaci\u00f3n, pero <\/span><a href=\"https:\/\/www.elperiodico.com\/es\/sociedad\/20210324\/ingreso-minimo-vital-llega-6-11607986\"><strong>la prestaci\u00f3n solo est\u00e1 llegando a un 6% de la poblaci\u00f3n pobre<\/strong><\/a><span style=\"color:#000000;\">.<\/span><\/p>\n<p><span style=\"color:#000000;\">Los \u00faltimos datos facilitados por la Seguridad Social en marzo indican que, en las cuatro provincias catalanas, la gran mayor\u00eda de solicitudes resueltas han sido denegadas. El peor de los casos es el de Barcelona, con un 85% de denegaciones, y el mejor el de Lleida, con un 78%.<\/span><\/p>\n<blockquote>\n<p>Pod\u00e9is volver a ver la mesa redonda sobre la implementaci\u00f3n del Ingreso M\u00ednimo Vital y la presentaci\u00f3n del informe <a href=\"https:\/\/www.youtube.com\/watch?v=0qrif8fMLeE&amp;t=1330s\"><u><strong>aqu\u00ed<\/strong><\/u><\/a><\/p>\n<\/blockquote>\n","protected":false},"excerpt":{"rendered":"<p>\u00a0 El mi\u00e9rcoles 24 de marzo participamos en la mesa redonda sobre la implementaci\u00f3n del Ingreso M\u00ednimo Vital organizada por la Federaci\u00f3 d\u2019Entitats Catalanes d\u2019Acci\u00f3 Social (ECAS) y el Ayuntamiento de Barcelona. El espacio y el informe que se present\u00f3, realizado por un grupo de investigaci\u00f3n del Institut de Govern i Pol\u00edtiques P\u00fabliques (IGOP) de [&hellip;]<\/p>\n","protected":false},"author":1,"featured_media":3090,"comment_status":"open","ping_status":"open","sticky":false,"template":"","format":"standard","meta":{"_acf_changed":false,"_et_pb_use_builder":"","_et_pb_old_content":"","_et_gb_content_width":"","inline_featured_image":false,"footnotes":""},"categories":[125],"tags":[],"seus":[],"eixos":[],"class_list":["post-4302","post","type-post","status-publish","format-standard","has-post-thumbnail","hentry","category-noticias"],"acf":[],"yoast_head":"<!-- This site is optimized with the Yoast SEO plugin v27.4 - https:\/\/yoast.com\/product\/yoast-seo-wordpress\/ -->\n<title>Participamos en la mesa redonda de ECAS y el Ayuntamiento de Barcelona sobre la implementaci\u00f3n del Ingreso M\u00ednimo Vital - Casal dels Infants<\/title>\n<meta name=\"robots\" content=\"index, follow, max-snippet:-1, max-image-preview:large, max-video-preview:-1\" \/>\n<link rel=\"canonical\" href=\"https:\/\/www.casaldelsinfants.org\/es\/actualidad\/mesa-redonda-ecas-ingreso-minimo-vital\/\" \/>\n<meta property=\"og:locale\" content=\"es_ES\" \/>\n<meta property=\"og:type\" content=\"article\" \/>\n<meta property=\"og:title\" content=\"Participamos en la mesa redonda de ECAS y el Ayuntamiento de Barcelona sobre la implementaci\u00f3n del Ingreso M\u00ednimo Vital - Casal dels Infants\" \/>\n<meta property=\"og:description\" content=\"\u00a0 El mi\u00e9rcoles 24 de marzo participamos en la mesa redonda sobre la implementaci\u00f3n del Ingreso M\u00ednimo Vital organizada por la Federaci\u00f3 d\u2019Entitats Catalanes d\u2019Acci\u00f3 Social (ECAS) y el Ayuntamiento de Barcelona. El espacio y el informe que se present\u00f3, realizado por un grupo de investigaci\u00f3n del Institut de Govern i Pol\u00edtiques P\u00fabliques (IGOP) de [&hellip;]\" \/>\n<meta property=\"og:url\" content=\"https:\/\/www.casaldelsinfants.org\/es\/actualidad\/mesa-redonda-ecas-ingreso-minimo-vital\/\" \/>\n<meta property=\"og:site_name\" content=\"Casal dels Infants\" \/>\n<meta property=\"article:publisher\" content=\"https:\/\/www.facebook.com\/casalinfants\" \/>\n<meta property=\"article:published_time\" content=\"2021-03-26T07:34:09+00:00\" \/>\n<meta property=\"article:modified_time\" content=\"2023-05-01T15:46:26+00:00\" \/>\n<meta property=\"og:image\" content=\"https:\/\/www.casaldelsinfants.org\/wp-content\/uploads\/jornada_implementacio_ingres_minim_vital.png\" \/>\n\t<meta property=\"og:image:width\" content=\"506\" \/>\n\t<meta property=\"og:image:height\" content=\"256\" \/>\n\t<meta property=\"og:image:type\" content=\"image\/png\" \/>\n<meta name=\"author\" content=\"cdiAdmin\" \/>\n<meta name=\"twitter:card\" content=\"summary_large_image\" \/>\n<meta name=\"twitter:creator\" content=\"@casalinfants\" \/>\n<meta name=\"twitter:site\" content=\"@casalinfants\" \/>\n<meta name=\"twitter:label1\" content=\"Escrito por\" \/>\n\t<meta name=\"twitter:data1\" content=\"cdiAdmin\" \/>\n\t<meta name=\"twitter:label2\" content=\"Tiempo de lectura\" \/>\n\t<meta name=\"twitter:data2\" content=\"4 minutos\" \/>\n<script type=\"application\/ld+json\" class=\"yoast-schema-graph\">{\"@context\":\"https:\\\/\\\/schema.org\",\"@graph\":[{\"@type\":\"Article\",\"@id\":\"https:\\\/\\\/www.casaldelsinfants.org\\\/es\\\/actualidad\\\/mesa-redonda-ecas-ingreso-minimo-vital\\\/#article\",\"isPartOf\":{\"@id\":\"https:\\\/\\\/www.casaldelsinfants.org\\\/es\\\/actualidad\\\/mesa-redonda-ecas-ingreso-minimo-vital\\\/\"},\"author\":{\"name\":\"cdiAdmin\",\"@id\":\"https:\\\/\\\/www.casaldelsinfants.org\\\/es\\\/#\\\/schema\\\/person\\\/97707fc8c64900cf36891127dbf9fba8\"},\"headline\":\"Participamos en la mesa redonda de ECAS y el Ayuntamiento de Barcelona sobre la implementaci\u00f3n del Ingreso M\u00ednimo Vital\",\"datePublished\":\"2021-03-26T07:34:09+00:00\",\"dateModified\":\"2023-05-01T15:46:26+00:00\",\"mainEntityOfPage\":{\"@id\":\"https:\\\/\\\/www.casaldelsinfants.org\\\/es\\\/actualidad\\\/mesa-redonda-ecas-ingreso-minimo-vital\\\/\"},\"wordCount\":873,\"commentCount\":0,\"publisher\":{\"@id\":\"https:\\\/\\\/www.casaldelsinfants.org\\\/es\\\/#organization\"},\"image\":{\"@id\":\"https:\\\/\\\/www.casaldelsinfants.org\\\/es\\\/actualidad\\\/mesa-redonda-ecas-ingreso-minimo-vital\\\/#primaryimage\"},\"thumbnailUrl\":\"https:\\\/\\\/www.casaldelsinfants.org\\\/wp-content\\\/uploads\\\/jornada_implementacio_ingres_minim_vital.png\",\"articleSection\":[\"Noticia\"],\"inLanguage\":\"es\",\"potentialAction\":[{\"@type\":\"CommentAction\",\"name\":\"Comment\",\"target\":[\"https:\\\/\\\/www.casaldelsinfants.org\\\/es\\\/actualidad\\\/mesa-redonda-ecas-ingreso-minimo-vital\\\/#respond\"]}]},{\"@type\":\"WebPage\",\"@id\":\"https:\\\/\\\/www.casaldelsinfants.org\\\/es\\\/actualidad\\\/mesa-redonda-ecas-ingreso-minimo-vital\\\/\",\"url\":\"https:\\\/\\\/www.casaldelsinfants.org\\\/es\\\/actualidad\\\/mesa-redonda-ecas-ingreso-minimo-vital\\\/\",\"name\":\"Participamos en la mesa redonda de ECAS y el Ayuntamiento de Barcelona sobre la implementaci\u00f3n del Ingreso M\u00ednimo Vital - Casal dels Infants\",\"isPartOf\":{\"@id\":\"https:\\\/\\\/www.casaldelsinfants.org\\\/es\\\/#website\"},\"primaryImageOfPage\":{\"@id\":\"https:\\\/\\\/www.casaldelsinfants.org\\\/es\\\/actualidad\\\/mesa-redonda-ecas-ingreso-minimo-vital\\\/#primaryimage\"},\"image\":{\"@id\":\"https:\\\/\\\/www.casaldelsinfants.org\\\/es\\\/actualidad\\\/mesa-redonda-ecas-ingreso-minimo-vital\\\/#primaryimage\"},\"thumbnailUrl\":\"https:\\\/\\\/www.casaldelsinfants.org\\\/wp-content\\\/uploads\\\/jornada_implementacio_ingres_minim_vital.png\",\"datePublished\":\"2021-03-26T07:34:09+00:00\",\"dateModified\":\"2023-05-01T15:46:26+00:00\",\"breadcrumb\":{\"@id\":\"https:\\\/\\\/www.casaldelsinfants.org\\\/es\\\/actualidad\\\/mesa-redonda-ecas-ingreso-minimo-vital\\\/#breadcrumb\"},\"inLanguage\":\"es\",\"potentialAction\":[{\"@type\":\"ReadAction\",\"target\":[\"https:\\\/\\\/www.casaldelsinfants.org\\\/es\\\/actualidad\\\/mesa-redonda-ecas-ingreso-minimo-vital\\\/\"]}]},{\"@type\":\"ImageObject\",\"inLanguage\":\"es\",\"@id\":\"https:\\\/\\\/www.casaldelsinfants.org\\\/es\\\/actualidad\\\/mesa-redonda-ecas-ingreso-minimo-vital\\\/#primaryimage\",\"url\":\"https:\\\/\\\/www.casaldelsinfants.org\\\/wp-content\\\/uploads\\\/jornada_implementacio_ingres_minim_vital.png\",\"contentUrl\":\"https:\\\/\\\/www.casaldelsinfants.org\\\/wp-content\\\/uploads\\\/jornada_implementacio_ingres_minim_vital.png\",\"width\":506,\"height\":256,\"caption\":\"Logotip Ajuntament de Barcelona - Implementaci\u00f3 de l'Ingr\u00e9s M\u00ednim Vital\"},{\"@type\":\"BreadcrumbList\",\"@id\":\"https:\\\/\\\/www.casaldelsinfants.org\\\/es\\\/actualidad\\\/mesa-redonda-ecas-ingreso-minimo-vital\\\/#breadcrumb\",\"itemListElement\":[{\"@type\":\"ListItem\",\"position\":1,\"name\":\"Inici\",\"item\":\"https:\\\/\\\/www.casaldelsinfants.org\\\/es\\\/\"},{\"@type\":\"ListItem\",\"position\":2,\"name\":\"Participamos en la mesa redonda de ECAS y el Ayuntamiento de Barcelona sobre la implementaci\u00f3n del Ingreso M\u00ednimo Vital\"}]},{\"@type\":\"WebSite\",\"@id\":\"https:\\\/\\\/www.casaldelsinfants.org\\\/es\\\/#website\",\"url\":\"https:\\\/\\\/www.casaldelsinfants.org\\\/es\\\/\",\"name\":\"Casal dels Infants\",\"description\":\"\",\"publisher\":{\"@id\":\"https:\\\/\\\/www.casaldelsinfants.org\\\/es\\\/#organization\"},\"potentialAction\":[{\"@type\":\"SearchAction\",\"target\":{\"@type\":\"EntryPoint\",\"urlTemplate\":\"https:\\\/\\\/www.casaldelsinfants.org\\\/es\\\/?s={search_term_string}\"},\"query-input\":{\"@type\":\"PropertyValueSpecification\",\"valueRequired\":true,\"valueName\":\"search_term_string\"}}],\"inLanguage\":\"es\"},{\"@type\":\"Organization\",\"@id\":\"https:\\\/\\\/www.casaldelsinfants.org\\\/es\\\/#organization\",\"name\":\"Casal dels Infants\",\"url\":\"https:\\\/\\\/www.casaldelsinfants.org\\\/es\\\/\",\"logo\":{\"@type\":\"ImageObject\",\"inLanguage\":\"es\",\"@id\":\"https:\\\/\\\/www.casaldelsinfants.org\\\/es\\\/#\\\/schema\\\/logo\\\/image\\\/\",\"url\":\"https:\\\/\\\/www.casaldelsinfants.org\\\/wp-content\\\/uploads\\\/logo-mail.png\",\"contentUrl\":\"https:\\\/\\\/www.casaldelsinfants.org\\\/wp-content\\\/uploads\\\/logo-mail.png\",\"width\":380,\"height\":158,\"caption\":\"Casal dels Infants\"},\"image\":{\"@id\":\"https:\\\/\\\/www.casaldelsinfants.org\\\/es\\\/#\\\/schema\\\/logo\\\/image\\\/\"},\"sameAs\":[\"https:\\\/\\\/www.facebook.com\\\/casalinfants\",\"https:\\\/\\\/x.com\\\/casalinfants\",\"https:\\\/\\\/www.youtube.com\\\/user\\\/CasaldelsInfants1\",\"https:\\\/\\\/www.instagram.com\\\/casalinfants\\\/\",\"https:\\\/\\\/www.linkedin.com\\\/company\\\/casaldelsinfants?trk=organization-update_share-update_actor-text\"]},{\"@type\":\"Person\",\"@id\":\"https:\\\/\\\/www.casaldelsinfants.org\\\/es\\\/#\\\/schema\\\/person\\\/97707fc8c64900cf36891127dbf9fba8\",\"name\":\"cdiAdmin\",\"sameAs\":[\"https:\\\/\\\/casaldelsinfants.org\"]}]}<\/script>\n<!-- \/ Yoast SEO plugin. -->","yoast_head_json":{"title":"Participamos en la mesa redonda de ECAS y el Ayuntamiento de Barcelona sobre la implementaci\u00f3n del Ingreso M\u00ednimo Vital - Casal dels Infants","robots":{"index":"index","follow":"follow","max-snippet":"max-snippet:-1","max-image-preview":"max-image-preview:large","max-video-preview":"max-video-preview:-1"},"canonical":"https:\/\/www.casaldelsinfants.org\/es\/actualidad\/mesa-redonda-ecas-ingreso-minimo-vital\/","og_locale":"es_ES","og_type":"article","og_title":"Participamos en la mesa redonda de ECAS y el Ayuntamiento de Barcelona sobre la implementaci\u00f3n del Ingreso M\u00ednimo Vital - Casal dels Infants","og_description":"\u00a0 El mi\u00e9rcoles 24 de marzo participamos en la mesa redonda sobre la implementaci\u00f3n del Ingreso M\u00ednimo Vital organizada por la Federaci\u00f3 d\u2019Entitats Catalanes d\u2019Acci\u00f3 Social (ECAS) y el Ayuntamiento de Barcelona. El espacio y el informe que se present\u00f3, realizado por un grupo de investigaci\u00f3n del Institut de Govern i Pol\u00edtiques P\u00fabliques (IGOP) de [&hellip;]","og_url":"https:\/\/www.casaldelsinfants.org\/es\/actualidad\/mesa-redonda-ecas-ingreso-minimo-vital\/","og_site_name":"Casal dels Infants","article_publisher":"https:\/\/www.facebook.com\/casalinfants","article_published_time":"2021-03-26T07:34:09+00:00","article_modified_time":"2023-05-01T15:46:26+00:00","og_image":[{"width":506,"height":256,"url":"https:\/\/www.casaldelsinfants.org\/wp-content\/uploads\/jornada_implementacio_ingres_minim_vital.png","type":"image\/png"}],"author":"cdiAdmin","twitter_card":"summary_large_image","twitter_creator":"@casalinfants","twitter_site":"@casalinfants","twitter_misc":{"Escrito por":"cdiAdmin","Tiempo de lectura":"4 minutos"},"schema":{"@context":"https:\/\/schema.org","@graph":[{"@type":"Article","@id":"https:\/\/www.casaldelsinfants.org\/es\/actualidad\/mesa-redonda-ecas-ingreso-minimo-vital\/#article","isPartOf":{"@id":"https:\/\/www.casaldelsinfants.org\/es\/actualidad\/mesa-redonda-ecas-ingreso-minimo-vital\/"},"author":{"name":"cdiAdmin","@id":"https:\/\/www.casaldelsinfants.org\/es\/#\/schema\/person\/97707fc8c64900cf36891127dbf9fba8"},"headline":"Participamos en la mesa redonda de ECAS y el Ayuntamiento de Barcelona sobre la implementaci\u00f3n del Ingreso M\u00ednimo Vital","datePublished":"2021-03-26T07:34:09+00:00","dateModified":"2023-05-01T15:46:26+00:00","mainEntityOfPage":{"@id":"https:\/\/www.casaldelsinfants.org\/es\/actualidad\/mesa-redonda-ecas-ingreso-minimo-vital\/"},"wordCount":873,"commentCount":0,"publisher":{"@id":"https:\/\/www.casaldelsinfants.org\/es\/#organization"},"image":{"@id":"https:\/\/www.casaldelsinfants.org\/es\/actualidad\/mesa-redonda-ecas-ingreso-minimo-vital\/#primaryimage"},"thumbnailUrl":"https:\/\/www.casaldelsinfants.org\/wp-content\/uploads\/jornada_implementacio_ingres_minim_vital.png","articleSection":["Noticia"],"inLanguage":"es","potentialAction":[{"@type":"CommentAction","name":"Comment","target":["https:\/\/www.casaldelsinfants.org\/es\/actualidad\/mesa-redonda-ecas-ingreso-minimo-vital\/#respond"]}]},{"@type":"WebPage","@id":"https:\/\/www.casaldelsinfants.org\/es\/actualidad\/mesa-redonda-ecas-ingreso-minimo-vital\/","url":"https:\/\/www.casaldelsinfants.org\/es\/actualidad\/mesa-redonda-ecas-ingreso-minimo-vital\/","name":"Participamos en la mesa redonda de ECAS y el Ayuntamiento de Barcelona sobre la implementaci\u00f3n del Ingreso M\u00ednimo Vital - Casal dels Infants","isPartOf":{"@id":"https:\/\/www.casaldelsinfants.org\/es\/#website"},"primaryImageOfPage":{"@id":"https:\/\/www.casaldelsinfants.org\/es\/actualidad\/mesa-redonda-ecas-ingreso-minimo-vital\/#primaryimage"},"image":{"@id":"https:\/\/www.casaldelsinfants.org\/es\/actualidad\/mesa-redonda-ecas-ingreso-minimo-vital\/#primaryimage"},"thumbnailUrl":"https:\/\/www.casaldelsinfants.org\/wp-content\/uploads\/jornada_implementacio_ingres_minim_vital.png","datePublished":"2021-03-26T07:34:09+00:00","dateModified":"2023-05-01T15:46:26+00:00","breadcrumb":{"@id":"https:\/\/www.casaldelsinfants.org\/es\/actualidad\/mesa-redonda-ecas-ingreso-minimo-vital\/#breadcrumb"},"inLanguage":"es","potentialAction":[{"@type":"ReadAction","target":["https:\/\/www.casaldelsinfants.org\/es\/actualidad\/mesa-redonda-ecas-ingreso-minimo-vital\/"]}]},{"@type":"ImageObject","inLanguage":"es","@id":"https:\/\/www.casaldelsinfants.org\/es\/actualidad\/mesa-redonda-ecas-ingreso-minimo-vital\/#primaryimage","url":"https:\/\/www.casaldelsinfants.org\/wp-content\/uploads\/jornada_implementacio_ingres_minim_vital.png","contentUrl":"https:\/\/www.casaldelsinfants.org\/wp-content\/uploads\/jornada_implementacio_ingres_minim_vital.png","width":506,"height":256,"caption":"Logotip Ajuntament de Barcelona - Implementaci\u00f3 de l'Ingr\u00e9s M\u00ednim Vital"},{"@type":"BreadcrumbList","@id":"https:\/\/www.casaldelsinfants.org\/es\/actualidad\/mesa-redonda-ecas-ingreso-minimo-vital\/#breadcrumb","itemListElement":[{"@type":"ListItem","position":1,"name":"Inici","item":"https:\/\/www.casaldelsinfants.org\/es\/"},{"@type":"ListItem","position":2,"name":"Participamos en la mesa redonda de ECAS y el Ayuntamiento de Barcelona sobre la implementaci\u00f3n del Ingreso M\u00ednimo Vital"}]},{"@type":"WebSite","@id":"https:\/\/www.casaldelsinfants.org\/es\/#website","url":"https:\/\/www.casaldelsinfants.org\/es\/","name":"Casal dels Infants","description":"","publisher":{"@id":"https:\/\/www.casaldelsinfants.org\/es\/#organization"},"potentialAction":[{"@type":"SearchAction","target":{"@type":"EntryPoint","urlTemplate":"https:\/\/www.casaldelsinfants.org\/es\/?s={search_term_string}"},"query-input":{"@type":"PropertyValueSpecification","valueRequired":true,"valueName":"search_term_string"}}],"inLanguage":"es"},{"@type":"Organization","@id":"https:\/\/www.casaldelsinfants.org\/es\/#organization","name":"Casal dels Infants","url":"https:\/\/www.casaldelsinfants.org\/es\/","logo":{"@type":"ImageObject","inLanguage":"es","@id":"https:\/\/www.casaldelsinfants.org\/es\/#\/schema\/logo\/image\/","url":"https:\/\/www.casaldelsinfants.org\/wp-content\/uploads\/logo-mail.png","contentUrl":"https:\/\/www.casaldelsinfants.org\/wp-content\/uploads\/logo-mail.png","width":380,"height":158,"caption":"Casal dels Infants"},"image":{"@id":"https:\/\/www.casaldelsinfants.org\/es\/#\/schema\/logo\/image\/"},"sameAs":["https:\/\/www.facebook.com\/casalinfants","https:\/\/x.com\/casalinfants","https:\/\/www.youtube.com\/user\/CasaldelsInfants1","https:\/\/www.instagram.com\/casalinfants\/","https:\/\/www.linkedin.com\/company\/casaldelsinfants?trk=organization-update_share-update_actor-text"]},{"@type":"Person","@id":"https:\/\/www.casaldelsinfants.org\/es\/#\/schema\/person\/97707fc8c64900cf36891127dbf9fba8","name":"cdiAdmin","sameAs":["https:\/\/casaldelsinfants.org"]}]}},"publishpress_future_action":{"enabled":false,"date":"2026-05-08 17:57:29","action":"change-status","newStatus":"draft","terms":[],"taxonomy":"category","extraData":[]},"publishpress_future_workflow_manual_trigger":{"enabledWorkflows":[]},"_links":{"self":[{"href":"https:\/\/www.casaldelsinfants.org\/es\/wp-json\/wp\/v2\/posts\/4302","targetHints":{"allow":["GET"]}}],"collection":[{"href":"https:\/\/www.casaldelsinfants.org\/es\/wp-json\/wp\/v2\/posts"}],"about":[{"href":"https:\/\/www.casaldelsinfants.org\/es\/wp-json\/wp\/v2\/types\/post"}],"author":[{"embeddable":true,"href":"https:\/\/www.casaldelsinfants.org\/es\/wp-json\/wp\/v2\/users\/1"}],"replies":[{"embeddable":true,"href":"https:\/\/www.casaldelsinfants.org\/es\/wp-json\/wp\/v2\/comments?post=4302"}],"version-history":[{"count":1,"href":"https:\/\/www.casaldelsinfants.org\/es\/wp-json\/wp\/v2\/posts\/4302\/revisions"}],"predecessor-version":[{"id":6272,"href":"https:\/\/www.casaldelsinfants.org\/es\/wp-json\/wp\/v2\/posts\/4302\/revisions\/6272"}],"wp:featuredmedia":[{"embeddable":true,"href":"https:\/\/www.casaldelsinfants.org\/es\/wp-json\/wp\/v2\/media\/3090"}],"wp:attachment":[{"href":"https:\/\/www.casaldelsinfants.org\/es\/wp-json\/wp\/v2\/media?parent=4302"}],"wp:term":[{"taxonomy":"category","embeddable":true,"href":"https:\/\/www.casaldelsinfants.org\/es\/wp-json\/wp\/v2\/categories?post=4302"},{"taxonomy":"post_tag","embeddable":true,"href":"https:\/\/www.casaldelsinfants.org\/es\/wp-json\/wp\/v2\/tags?post=4302"},{"taxonomy":"seus","embeddable":true,"href":"https:\/\/www.casaldelsinfants.org\/es\/wp-json\/wp\/v2\/seus?post=4302"},{"taxonomy":"eixos","embeddable":true,"href":"https:\/\/www.casaldelsinfants.org\/es\/wp-json\/wp\/v2\/eixos?post=4302"}],"curies":[{"name":"wp","href":"https:\/\/api.w.org\/{rel}","templated":true}]}}