{"id":4303,"date":"2021-03-25T16:43:17","date_gmt":"2021-03-25T14:43:17","guid":{"rendered":"https:\/\/casal.puntzero.cat\/noticies\/soaf-casal-familiar-intensifiquem-el-suport-les-families-salt-i-santa-coloma-de-gramenet\/"},"modified":"2023-05-01T17:46:33","modified_gmt":"2023-05-01T15:46:33","slug":"soaf-casal-familiar-intensifiquem-el-suport-les-families-salt-i-santa-coloma-de-gramenet","status":"publish","type":"post","link":"https:\/\/www.casaldelsinfants.org\/es\/actualidad\/soaf-casal-familiar-soporte-familias-salt-santa-coloma-gramenet\/","title":{"rendered":"SOAF-Casal Familiar: intensificamos el apoyo a las familias en Salt y Santa Coloma de Gramenet"},"content":{"rendered":"<p><span style=\"color:#000000;\">El servicio SOAF-Casal Familiar, que ofrecemos en Salt y Santa Coloma de Gramenet, ha intensificado en los \u00faltimos meses las actividades de orientaci\u00f3n y acompa\u00f1amiento a familias. Se trata de espacios dirigidos a todas las familias interesadas de cada municipio, con un impacto que va m\u00e1s all\u00e1 de los grupos estables de madres y padres que participan habitualmente en el Casal dels Infants.<\/span><\/p>\n<p><span style=\"color:#000000;\">Una de las novedades del servicio, que pretende fortalecer el bienestar personal, familiar y social de los miembros de cada familia, es la consultor\u00eda familiar, donde se ofrece a los padres y madres pautas educativas adaptadas a las diferentes etapas de crecimiento de sus hijos e hijas. Se trata de un acompa\u00f1amiento que pretende que puedan potenciar la autoestima de los ni\u00f1os y ni\u00f1as, ponerles l\u00edmites, fortalecer su autonom\u00eda, inculcarles h\u00e1bitos saludables, gestionar conflictos o hacer un uso adecuado de las nuevas tecnolog\u00edas.<\/span><\/p>\n<p><span style=\"color:#000000;\">Otro \u00e1mbito de actuaci\u00f3n que se est\u00e1 impulsando es el de la terapia familiar, ofreciendo acompa\u00f1amiento terap\u00e9utico para mejorar las relaciones intrafamiliares o frente a la necesidad de apoyo en la gesti\u00f3n emocional.<\/span><\/p>\n<p><span style=\"color:#000000;\">El punto de orientaci\u00f3n e informaci\u00f3n familiar proporciona a las familias recursos adecuados a sus necesidades, en \u00e1mbitos como la orientaci\u00f3n laboral y formativa, la solicitud de prestaciones o los tr\u00e1mites escolares. Si es necesario, se las deriva a otros recursos de la red p\u00fablica o del territorio.<\/span><\/p>\n<p><span style=\"color:#000000;\">Por otro lado, desde el SOAF-Casal Familiar de Salt se est\u00e1n programando talleres de parentalidad dirigidos a grupos de padres y madres vinculados a recursos de infancia, como pueden ser asociaciones de familias (AFAs) o las guarder\u00edas.<\/span><\/p>\n<p><span style=\"color:#000000;\">Tambi\u00e9n se est\u00e1n organizando charlas abiertas a familias para asesorarlas en aspectos espec\u00edficos, como el tr\u00e1nsito de la educaci\u00f3n infantil a la primaria de sus ni\u00f1os y ni\u00f1as \u2013se trata de charlas adaptadas a grupos estables de padres y madres, frente a la situaci\u00f3n de pandemia\u2014.<\/span><\/p>\n<p><span style=\"color:#000000;\">Otra de las iniciativas es el asesoramiento a profesionales vinculados a la atenci\u00f3n a la infancia, como por ejemplo los claustros educativos, en aspectos espec\u00edficos, como puede ser la educaci\u00f3n\u00a0en la diversidad cultural.<\/span><\/p>\n<p><span style=\"color:#000000;\">M\u00e1s all\u00e1 de estas actividades y espacios de intervenci\u00f3n abiertos a cualquier familia interesada, el SOAF-Casal Familiar acompa\u00f1a grupos estables de familias que encuentran en el servicio un espacio de parentalidad compartida; ratos de refuerzo escolar con familias, hijos e hijas; talleres l\u00fadicos y espacios de fortalecimiento de las competencias de los padres y madres, como el aprendizaje de lenguas.<\/span><\/p>\n","protected":false},"excerpt":{"rendered":"<p>El servicio SOAF-Casal Familiar, que ofrecemos en Salt y Santa Coloma de Gramenet, ha intensificado en los \u00faltimos meses las actividades de orientaci\u00f3n y acompa\u00f1amiento a familias. Se trata de espacios dirigidos a todas las familias interesadas de cada municipio, con un impacto que va m\u00e1s all\u00e1 de los grupos estables de madres y padres [&hellip;]<\/p>\n","protected":false},"author":1,"featured_media":3093,"comment_status":"open","ping_status":"open","sticky":false,"template":"","format":"standard","meta":{"_acf_changed":false,"_et_pb_use_builder":"","_et_pb_old_content":"","_et_gb_content_width":"","inline_featured_image":false,"footnotes":""},"categories":[125],"tags":[],"seus":[],"eixos":[107],"class_list":["post-4303","post","type-post","status-publish","format-standard","has-post-thumbnail","hentry","category-noticias","eixos-pequena-infancia"],"acf":[],"yoast_head":"<!-- This site is optimized with the Yoast SEO plugin v27.4 - https:\/\/yoast.com\/product\/yoast-seo-wordpress\/ -->\n<title>SOAF-Casal Familiar: intensificamos el apoyo a las familias en Salt y Santa Coloma de Gramenet - Casal dels Infants<\/title>\n<meta name=\"robots\" content=\"index, follow, max-snippet:-1, max-image-preview:large, max-video-preview:-1\" \/>\n<link rel=\"canonical\" href=\"https:\/\/www.casaldelsinfants.org\/es\/actualidad\/soaf-casal-familiar-soporte-familias-salt-santa-coloma-gramenet\/\" \/>\n<meta property=\"og:locale\" content=\"es_ES\" \/>\n<meta property=\"og:type\" content=\"article\" \/>\n<meta property=\"og:title\" content=\"SOAF-Casal Familiar: intensificamos el apoyo a las familias en Salt y Santa Coloma de Gramenet - Casal dels Infants\" \/>\n<meta property=\"og:description\" content=\"El servicio SOAF-Casal Familiar, que ofrecemos en Salt y Santa Coloma de Gramenet, ha intensificado en los \u00faltimos meses las actividades de orientaci\u00f3n y acompa\u00f1amiento a familias. Se trata de espacios dirigidos a todas las familias interesadas de cada municipio, con un impacto que va m\u00e1s all\u00e1 de los grupos estables de madres y padres [&hellip;]\" \/>\n<meta property=\"og:url\" content=\"https:\/\/www.casaldelsinfants.org\/es\/actualidad\/soaf-casal-familiar-soporte-familias-salt-santa-coloma-gramenet\/\" \/>\n<meta property=\"og:site_name\" content=\"Casal dels Infants\" \/>\n<meta property=\"article:publisher\" content=\"https:\/\/www.facebook.com\/casalinfants\" \/>\n<meta property=\"article:published_time\" content=\"2021-03-25T14:43:17+00:00\" \/>\n<meta property=\"article:modified_time\" content=\"2023-05-01T15:46:33+00:00\" \/>\n<meta property=\"og:image\" content=\"https:\/\/www.casaldelsinfants.org\/wp-content\/uploads\/familia_casal_dels_infants.jpg\" \/>\n\t<meta property=\"og:image:width\" content=\"2453\" \/>\n\t<meta property=\"og:image:height\" content=\"1635\" \/>\n\t<meta property=\"og:image:type\" content=\"image\/jpeg\" \/>\n<meta name=\"author\" content=\"cdiAdmin\" \/>\n<meta name=\"twitter:card\" content=\"summary_large_image\" \/>\n<meta name=\"twitter:creator\" content=\"@casalinfants\" \/>\n<meta name=\"twitter:site\" content=\"@casalinfants\" \/>\n<meta name=\"twitter:label1\" content=\"Escrito por\" \/>\n\t<meta name=\"twitter:data1\" content=\"cdiAdmin\" \/>\n\t<meta name=\"twitter:label2\" content=\"Tiempo de lectura\" \/>\n\t<meta name=\"twitter:data2\" content=\"2 minutos\" \/>\n<script type=\"application\/ld+json\" class=\"yoast-schema-graph\">{\"@context\":\"https:\\\/\\\/schema.org\",\"@graph\":[{\"@type\":\"Article\",\"@id\":\"https:\\\/\\\/www.casaldelsinfants.org\\\/es\\\/actualidad\\\/soaf-casal-familiar-soporte-familias-salt-santa-coloma-gramenet\\\/#article\",\"isPartOf\":{\"@id\":\"https:\\\/\\\/www.casaldelsinfants.org\\\/es\\\/actualidad\\\/soaf-casal-familiar-soporte-familias-salt-santa-coloma-gramenet\\\/\"},\"author\":{\"name\":\"cdiAdmin\",\"@id\":\"https:\\\/\\\/www.casaldelsinfants.org\\\/es\\\/#\\\/schema\\\/person\\\/97707fc8c64900cf36891127dbf9fba8\"},\"headline\":\"SOAF-Casal Familiar: intensificamos el apoyo a las familias en Salt y Santa Coloma de Gramenet\",\"datePublished\":\"2021-03-25T14:43:17+00:00\",\"dateModified\":\"2023-05-01T15:46:33+00:00\",\"mainEntityOfPage\":{\"@id\":\"https:\\\/\\\/www.casaldelsinfants.org\\\/es\\\/actualidad\\\/soaf-casal-familiar-soporte-familias-salt-santa-coloma-gramenet\\\/\"},\"wordCount\":456,\"commentCount\":0,\"publisher\":{\"@id\":\"https:\\\/\\\/www.casaldelsinfants.org\\\/es\\\/#organization\"},\"image\":{\"@id\":\"https:\\\/\\\/www.casaldelsinfants.org\\\/es\\\/actualidad\\\/soaf-casal-familiar-soporte-familias-salt-santa-coloma-gramenet\\\/#primaryimage\"},\"thumbnailUrl\":\"https:\\\/\\\/www.casaldelsinfants.org\\\/wp-content\\\/uploads\\\/familia_casal_dels_infants.jpg\",\"articleSection\":[\"Noticia\"],\"inLanguage\":\"es\",\"potentialAction\":[{\"@type\":\"CommentAction\",\"name\":\"Comment\",\"target\":[\"https:\\\/\\\/www.casaldelsinfants.org\\\/es\\\/actualidad\\\/soaf-casal-familiar-soporte-familias-salt-santa-coloma-gramenet\\\/#respond\"]}]},{\"@type\":\"WebPage\",\"@id\":\"https:\\\/\\\/www.casaldelsinfants.org\\\/es\\\/actualidad\\\/soaf-casal-familiar-soporte-familias-salt-santa-coloma-gramenet\\\/\",\"url\":\"https:\\\/\\\/www.casaldelsinfants.org\\\/es\\\/actualidad\\\/soaf-casal-familiar-soporte-familias-salt-santa-coloma-gramenet\\\/\",\"name\":\"SOAF-Casal Familiar: intensificamos el apoyo a las familias en Salt y Santa Coloma de Gramenet - Casal dels Infants\",\"isPartOf\":{\"@id\":\"https:\\\/\\\/www.casaldelsinfants.org\\\/es\\\/#website\"},\"primaryImageOfPage\":{\"@id\":\"https:\\\/\\\/www.casaldelsinfants.org\\\/es\\\/actualidad\\\/soaf-casal-familiar-soporte-familias-salt-santa-coloma-gramenet\\\/#primaryimage\"},\"image\":{\"@id\":\"https:\\\/\\\/www.casaldelsinfants.org\\\/es\\\/actualidad\\\/soaf-casal-familiar-soporte-familias-salt-santa-coloma-gramenet\\\/#primaryimage\"},\"thumbnailUrl\":\"https:\\\/\\\/www.casaldelsinfants.org\\\/wp-content\\\/uploads\\\/familia_casal_dels_infants.jpg\",\"datePublished\":\"2021-03-25T14:43:17+00:00\",\"dateModified\":\"2023-05-01T15:46:33+00:00\",\"breadcrumb\":{\"@id\":\"https:\\\/\\\/www.casaldelsinfants.org\\\/es\\\/actualidad\\\/soaf-casal-familiar-soporte-familias-salt-santa-coloma-gramenet\\\/#breadcrumb\"},\"inLanguage\":\"es\",\"potentialAction\":[{\"@type\":\"ReadAction\",\"target\":[\"https:\\\/\\\/www.casaldelsinfants.org\\\/es\\\/actualidad\\\/soaf-casal-familiar-soporte-familias-salt-santa-coloma-gramenet\\\/\"]}]},{\"@type\":\"ImageObject\",\"inLanguage\":\"es\",\"@id\":\"https:\\\/\\\/www.casaldelsinfants.org\\\/es\\\/actualidad\\\/soaf-casal-familiar-soporte-familias-salt-santa-coloma-gramenet\\\/#primaryimage\",\"url\":\"https:\\\/\\\/www.casaldelsinfants.org\\\/wp-content\\\/uploads\\\/familia_casal_dels_infants.jpg\",\"contentUrl\":\"https:\\\/\\\/www.casaldelsinfants.org\\\/wp-content\\\/uploads\\\/familia_casal_dels_infants.jpg\",\"width\":2453,\"height\":1635,\"caption\":\"Fotografia grupal d'un pare, mare i els seus fills\"},{\"@type\":\"BreadcrumbList\",\"@id\":\"https:\\\/\\\/www.casaldelsinfants.org\\\/es\\\/actualidad\\\/soaf-casal-familiar-soporte-familias-salt-santa-coloma-gramenet\\\/#breadcrumb\",\"itemListElement\":[{\"@type\":\"ListItem\",\"position\":1,\"name\":\"Inici\",\"item\":\"https:\\\/\\\/www.casaldelsinfants.org\\\/es\\\/\"},{\"@type\":\"ListItem\",\"position\":2,\"name\":\"SOAF-Casal Familiar: intensificamos el apoyo a las familias en Salt y Santa Coloma de Gramenet\"}]},{\"@type\":\"WebSite\",\"@id\":\"https:\\\/\\\/www.casaldelsinfants.org\\\/es\\\/#website\",\"url\":\"https:\\\/\\\/www.casaldelsinfants.org\\\/es\\\/\",\"name\":\"Casal dels Infants\",\"description\":\"\",\"publisher\":{\"@id\":\"https:\\\/\\\/www.casaldelsinfants.org\\\/es\\\/#organization\"},\"potentialAction\":[{\"@type\":\"SearchAction\",\"target\":{\"@type\":\"EntryPoint\",\"urlTemplate\":\"https:\\\/\\\/www.casaldelsinfants.org\\\/es\\\/?s={search_term_string}\"},\"query-input\":{\"@type\":\"PropertyValueSpecification\",\"valueRequired\":true,\"valueName\":\"search_term_string\"}}],\"inLanguage\":\"es\"},{\"@type\":\"Organization\",\"@id\":\"https:\\\/\\\/www.casaldelsinfants.org\\\/es\\\/#organization\",\"name\":\"Casal dels Infants\",\"url\":\"https:\\\/\\\/www.casaldelsinfants.org\\\/es\\\/\",\"logo\":{\"@type\":\"ImageObject\",\"inLanguage\":\"es\",\"@id\":\"https:\\\/\\\/www.casaldelsinfants.org\\\/es\\\/#\\\/schema\\\/logo\\\/image\\\/\",\"url\":\"https:\\\/\\\/www.casaldelsinfants.org\\\/wp-content\\\/uploads\\\/logo-mail.png\",\"contentUrl\":\"https:\\\/\\\/www.casaldelsinfants.org\\\/wp-content\\\/uploads\\\/logo-mail.png\",\"width\":380,\"height\":158,\"caption\":\"Casal dels Infants\"},\"image\":{\"@id\":\"https:\\\/\\\/www.casaldelsinfants.org\\\/es\\\/#\\\/schema\\\/logo\\\/image\\\/\"},\"sameAs\":[\"https:\\\/\\\/www.facebook.com\\\/casalinfants\",\"https:\\\/\\\/x.com\\\/casalinfants\",\"https:\\\/\\\/www.youtube.com\\\/user\\\/CasaldelsInfants1\",\"https:\\\/\\\/www.instagram.com\\\/casalinfants\\\/\",\"https:\\\/\\\/www.linkedin.com\\\/company\\\/casaldelsinfants?trk=organization-update_share-update_actor-text\"]},{\"@type\":\"Person\",\"@id\":\"https:\\\/\\\/www.casaldelsinfants.org\\\/es\\\/#\\\/schema\\\/person\\\/97707fc8c64900cf36891127dbf9fba8\",\"name\":\"cdiAdmin\",\"sameAs\":[\"https:\\\/\\\/casaldelsinfants.org\"]}]}<\/script>\n<!-- \/ Yoast SEO plugin. -->","yoast_head_json":{"title":"SOAF-Casal Familiar: intensificamos el apoyo a las familias en Salt y Santa Coloma de Gramenet - Casal dels Infants","robots":{"index":"index","follow":"follow","max-snippet":"max-snippet:-1","max-image-preview":"max-image-preview:large","max-video-preview":"max-video-preview:-1"},"canonical":"https:\/\/www.casaldelsinfants.org\/es\/actualidad\/soaf-casal-familiar-soporte-familias-salt-santa-coloma-gramenet\/","og_locale":"es_ES","og_type":"article","og_title":"SOAF-Casal Familiar: intensificamos el apoyo a las familias en Salt y Santa Coloma de Gramenet - Casal dels Infants","og_description":"El servicio SOAF-Casal Familiar, que ofrecemos en Salt y Santa Coloma de Gramenet, ha intensificado en los \u00faltimos meses las actividades de orientaci\u00f3n y acompa\u00f1amiento a familias. Se trata de espacios dirigidos a todas las familias interesadas de cada municipio, con un impacto que va m\u00e1s all\u00e1 de los grupos estables de madres y padres [&hellip;]","og_url":"https:\/\/www.casaldelsinfants.org\/es\/actualidad\/soaf-casal-familiar-soporte-familias-salt-santa-coloma-gramenet\/","og_site_name":"Casal dels Infants","article_publisher":"https:\/\/www.facebook.com\/casalinfants","article_published_time":"2021-03-25T14:43:17+00:00","article_modified_time":"2023-05-01T15:46:33+00:00","og_image":[{"width":2453,"height":1635,"url":"https:\/\/www.casaldelsinfants.org\/wp-content\/uploads\/familia_casal_dels_infants.jpg","type":"image\/jpeg"}],"author":"cdiAdmin","twitter_card":"summary_large_image","twitter_creator":"@casalinfants","twitter_site":"@casalinfants","twitter_misc":{"Escrito por":"cdiAdmin","Tiempo de lectura":"2 minutos"},"schema":{"@context":"https:\/\/schema.org","@graph":[{"@type":"Article","@id":"https:\/\/www.casaldelsinfants.org\/es\/actualidad\/soaf-casal-familiar-soporte-familias-salt-santa-coloma-gramenet\/#article","isPartOf":{"@id":"https:\/\/www.casaldelsinfants.org\/es\/actualidad\/soaf-casal-familiar-soporte-familias-salt-santa-coloma-gramenet\/"},"author":{"name":"cdiAdmin","@id":"https:\/\/www.casaldelsinfants.org\/es\/#\/schema\/person\/97707fc8c64900cf36891127dbf9fba8"},"headline":"SOAF-Casal Familiar: intensificamos el apoyo a las familias en Salt y Santa Coloma de Gramenet","datePublished":"2021-03-25T14:43:17+00:00","dateModified":"2023-05-01T15:46:33+00:00","mainEntityOfPage":{"@id":"https:\/\/www.casaldelsinfants.org\/es\/actualidad\/soaf-casal-familiar-soporte-familias-salt-santa-coloma-gramenet\/"},"wordCount":456,"commentCount":0,"publisher":{"@id":"https:\/\/www.casaldelsinfants.org\/es\/#organization"},"image":{"@id":"https:\/\/www.casaldelsinfants.org\/es\/actualidad\/soaf-casal-familiar-soporte-familias-salt-santa-coloma-gramenet\/#primaryimage"},"thumbnailUrl":"https:\/\/www.casaldelsinfants.org\/wp-content\/uploads\/familia_casal_dels_infants.jpg","articleSection":["Noticia"],"inLanguage":"es","potentialAction":[{"@type":"CommentAction","name":"Comment","target":["https:\/\/www.casaldelsinfants.org\/es\/actualidad\/soaf-casal-familiar-soporte-familias-salt-santa-coloma-gramenet\/#respond"]}]},{"@type":"WebPage","@id":"https:\/\/www.casaldelsinfants.org\/es\/actualidad\/soaf-casal-familiar-soporte-familias-salt-santa-coloma-gramenet\/","url":"https:\/\/www.casaldelsinfants.org\/es\/actualidad\/soaf-casal-familiar-soporte-familias-salt-santa-coloma-gramenet\/","name":"SOAF-Casal Familiar: intensificamos el apoyo a las familias en Salt y Santa Coloma de Gramenet - Casal dels Infants","isPartOf":{"@id":"https:\/\/www.casaldelsinfants.org\/es\/#website"},"primaryImageOfPage":{"@id":"https:\/\/www.casaldelsinfants.org\/es\/actualidad\/soaf-casal-familiar-soporte-familias-salt-santa-coloma-gramenet\/#primaryimage"},"image":{"@id":"https:\/\/www.casaldelsinfants.org\/es\/actualidad\/soaf-casal-familiar-soporte-familias-salt-santa-coloma-gramenet\/#primaryimage"},"thumbnailUrl":"https:\/\/www.casaldelsinfants.org\/wp-content\/uploads\/familia_casal_dels_infants.jpg","datePublished":"2021-03-25T14:43:17+00:00","dateModified":"2023-05-01T15:46:33+00:00","breadcrumb":{"@id":"https:\/\/www.casaldelsinfants.org\/es\/actualidad\/soaf-casal-familiar-soporte-familias-salt-santa-coloma-gramenet\/#breadcrumb"},"inLanguage":"es","potentialAction":[{"@type":"ReadAction","target":["https:\/\/www.casaldelsinfants.org\/es\/actualidad\/soaf-casal-familiar-soporte-familias-salt-santa-coloma-gramenet\/"]}]},{"@type":"ImageObject","inLanguage":"es","@id":"https:\/\/www.casaldelsinfants.org\/es\/actualidad\/soaf-casal-familiar-soporte-familias-salt-santa-coloma-gramenet\/#primaryimage","url":"https:\/\/www.casaldelsinfants.org\/wp-content\/uploads\/familia_casal_dels_infants.jpg","contentUrl":"https:\/\/www.casaldelsinfants.org\/wp-content\/uploads\/familia_casal_dels_infants.jpg","width":2453,"height":1635,"caption":"Fotografia grupal d'un pare, mare i els seus fills"},{"@type":"BreadcrumbList","@id":"https:\/\/www.casaldelsinfants.org\/es\/actualidad\/soaf-casal-familiar-soporte-familias-salt-santa-coloma-gramenet\/#breadcrumb","itemListElement":[{"@type":"ListItem","position":1,"name":"Inici","item":"https:\/\/www.casaldelsinfants.org\/es\/"},{"@type":"ListItem","position":2,"name":"SOAF-Casal Familiar: intensificamos el apoyo a las familias en Salt y Santa Coloma de Gramenet"}]},{"@type":"WebSite","@id":"https:\/\/www.casaldelsinfants.org\/es\/#website","url":"https:\/\/www.casaldelsinfants.org\/es\/","name":"Casal dels Infants","description":"","publisher":{"@id":"https:\/\/www.casaldelsinfants.org\/es\/#organization"},"potentialAction":[{"@type":"SearchAction","target":{"@type":"EntryPoint","urlTemplate":"https:\/\/www.casaldelsinfants.org\/es\/?s={search_term_string}"},"query-input":{"@type":"PropertyValueSpecification","valueRequired":true,"valueName":"search_term_string"}}],"inLanguage":"es"},{"@type":"Organization","@id":"https:\/\/www.casaldelsinfants.org\/es\/#organization","name":"Casal dels Infants","url":"https:\/\/www.casaldelsinfants.org\/es\/","logo":{"@type":"ImageObject","inLanguage":"es","@id":"https:\/\/www.casaldelsinfants.org\/es\/#\/schema\/logo\/image\/","url":"https:\/\/www.casaldelsinfants.org\/wp-content\/uploads\/logo-mail.png","contentUrl":"https:\/\/www.casaldelsinfants.org\/wp-content\/uploads\/logo-mail.png","width":380,"height":158,"caption":"Casal dels Infants"},"image":{"@id":"https:\/\/www.casaldelsinfants.org\/es\/#\/schema\/logo\/image\/"},"sameAs":["https:\/\/www.facebook.com\/casalinfants","https:\/\/x.com\/casalinfants","https:\/\/www.youtube.com\/user\/CasaldelsInfants1","https:\/\/www.instagram.com\/casalinfants\/","https:\/\/www.linkedin.com\/company\/casaldelsinfants?trk=organization-update_share-update_actor-text"]},{"@type":"Person","@id":"https:\/\/www.casaldelsinfants.org\/es\/#\/schema\/person\/97707fc8c64900cf36891127dbf9fba8","name":"cdiAdmin","sameAs":["https:\/\/casaldelsinfants.org"]}]}},"publishpress_future_action":{"enabled":false,"date":"2026-05-07 12:00:59","action":"change-status","newStatus":"draft","terms":[],"taxonomy":"category","extraData":[]},"publishpress_future_workflow_manual_trigger":{"enabledWorkflows":[]},"_links":{"self":[{"href":"https:\/\/www.casaldelsinfants.org\/es\/wp-json\/wp\/v2\/posts\/4303","targetHints":{"allow":["GET"]}}],"collection":[{"href":"https:\/\/www.casaldelsinfants.org\/es\/wp-json\/wp\/v2\/posts"}],"about":[{"href":"https:\/\/www.casaldelsinfants.org\/es\/wp-json\/wp\/v2\/types\/post"}],"author":[{"embeddable":true,"href":"https:\/\/www.casaldelsinfants.org\/es\/wp-json\/wp\/v2\/users\/1"}],"replies":[{"embeddable":true,"href":"https:\/\/www.casaldelsinfants.org\/es\/wp-json\/wp\/v2\/comments?post=4303"}],"version-history":[{"count":1,"href":"https:\/\/www.casaldelsinfants.org\/es\/wp-json\/wp\/v2\/posts\/4303\/revisions"}],"predecessor-version":[{"id":6273,"href":"https:\/\/www.casaldelsinfants.org\/es\/wp-json\/wp\/v2\/posts\/4303\/revisions\/6273"}],"wp:featuredmedia":[{"embeddable":true,"href":"https:\/\/www.casaldelsinfants.org\/es\/wp-json\/wp\/v2\/media\/3093"}],"wp:attachment":[{"href":"https:\/\/www.casaldelsinfants.org\/es\/wp-json\/wp\/v2\/media?parent=4303"}],"wp:term":[{"taxonomy":"category","embeddable":true,"href":"https:\/\/www.casaldelsinfants.org\/es\/wp-json\/wp\/v2\/categories?post=4303"},{"taxonomy":"post_tag","embeddable":true,"href":"https:\/\/www.casaldelsinfants.org\/es\/wp-json\/wp\/v2\/tags?post=4303"},{"taxonomy":"seus","embeddable":true,"href":"https:\/\/www.casaldelsinfants.org\/es\/wp-json\/wp\/v2\/seus?post=4303"},{"taxonomy":"eixos","embeddable":true,"href":"https:\/\/www.casaldelsinfants.org\/es\/wp-json\/wp\/v2\/eixos?post=4303"}],"curies":[{"name":"wp","href":"https:\/\/api.w.org\/{rel}","templated":true}]}}