{"id":4306,"date":"2021-03-25T13:13:13","date_gmt":"2021-03-25T11:13:13","guid":{"rendered":"https:\/\/casal.puntzero.cat\/noticies\/muji-reivindica-el-dia-de-la-terra-venent-una-bossa-solidaria-pintada-nens-i-nenes-del\/"},"modified":"2023-05-01T17:46:43","modified_gmt":"2023-05-01T15:46:43","slug":"muji-reivindica-el-dia-de-la-terra-venent-una-bossa-solidaria-pintada-nens-i-nenes-del","status":"publish","type":"post","link":"https:\/\/www.casaldelsinfants.org\/es\/actualidad\/muji-reivindica-dia-tierra-con-bolsa-solidaria\/","title":{"rendered":"Muji reivindica el d\u00eda de la Tierra vendiendo una bolsa solidaria pintada por ni\u00f1os y ni\u00f1as del Casal dels Infants"},"content":{"rendered":"<p><a href=\"https:\/\/www.muji.com\/es\/\"><strong>Muji<\/strong><\/a><span style=\"color:#000000;\"> ha impulsado una acci\u00f3n que quiere reivindicar el cuidado del medio ambiente y a la vez movilizar la solidaridad<strong> a favor de los ni\u00f1os y ni\u00f1as del Casal del Infants<\/strong>, que tambi\u00e9n se han involucrado en la iniciativa. A partir del 22 de abril, coincidiendo con el <strong>D\u00eda de la Tierra<\/strong>, las tiendas de Muji de Barcelona y Madrid vender\u00e1n una bolsa de tela con un dibujo dise\u00f1ado y pintado por ni\u00f1os y ni\u00f1as que participan en la asociaci\u00f3n en los barrios del Bes\u00f2s y la Mina (Sant Adri\u00e0 de Bes\u00f2s) y el Raval (Barcelona. La bolsa tendr\u00e1 un precio de 4,95 euros y los ingresos de las ventas se destinar\u00e1n \u00edntegramente al Casal dels Infants.<\/span><\/p>\n<p><span style=\"color:#000000;\">Para ello, <strong>70 ni\u00f1os y ni\u00f1as del Bes\u00f2s y la Mina y 50 del Raval<\/strong> han participado en talleres creativos para pintar bolsas de tela de Muji con sus dibujos. Entre las 120 bolsas que han creado, el equipo de Muji ha seleccionado una, que es la que se pondr\u00e1 a la venta, y las dem\u00e1s se expondr\u00e1n en su tienda del Passeig de Gr\u00e0cia de Barcelona. En cuanto la acci\u00f3n finalice, cada ni\u00f1o y ni\u00f1a se quedar\u00e1 con la bolsa que cre\u00f3 y recibir\u00e1 un ejemplar del modelo que se haya puesto a la venta.<\/span><\/p>\n<p><span style=\"color:#000000;\">La experiencia ha estimulado la creatividad de los ni\u00f1os y ni\u00f1as y les ha hecho reflexionar sobre la importancia de utilizar bolsas de tela en lugar de las de pl\u00e1stico, para generar menos residuos y disminuir as\u00ed nuestro impacto en el medio ambiente. En cuanto a la acci\u00f3n solidaria, contribuir\u00e1 a hacer posible que el Casal dels Infants acompa\u00f1e este a\u00f1o a m\u00e1s de 7.000 ni\u00f1os, ni\u00f1as, j\u00f3venes y familias en situaci\u00f3n de vulnerabilidad.<\/span><\/p>\n<p><span style=\"color:#000000;\">El equipo de Muji ha agradecido la implicaci\u00f3n de todos los ni\u00f1os, ni\u00f1as, familias y personas del equipo del Casal dels Infants que han participado en el proyecto: \u00abFormar parte de la comunidad local est\u00e1 en el centro de lo que hacemos, apoyando a productores y proyectos locales. En este caso, hemos querido dar apoyo y voz a la gran labor que lleva haciendo el Casal dels Infants desde 1983\u00bb.<\/span><\/p>\n","protected":false},"excerpt":{"rendered":"<p>Muji ha impulsado una acci\u00f3n que quiere reivindicar el cuidado del medio ambiente y a la vez movilizar la solidaridad a favor de los ni\u00f1os y ni\u00f1as del Casal del Infants, que tambi\u00e9n se han involucrado en la iniciativa. A partir del 22 de abril, coincidiendo con el D\u00eda de la Tierra, las tiendas de [&hellip;]<\/p>\n","protected":false},"author":1,"featured_media":3097,"comment_status":"open","ping_status":"open","sticky":false,"template":"","format":"standard","meta":{"_acf_changed":false,"_et_pb_use_builder":"","_et_pb_old_content":"","_et_gb_content_width":"","inline_featured_image":false,"footnotes":""},"categories":[125],"tags":[],"seus":[],"eixos":[],"class_list":["post-4306","post","type-post","status-publish","format-standard","has-post-thumbnail","hentry","category-noticias"],"acf":[],"yoast_head":"<!-- This site is optimized with the Yoast SEO plugin v27.4 - https:\/\/yoast.com\/product\/yoast-seo-wordpress\/ -->\n<title>Muji bolsa solidaria Casal dels Infants<\/title>\n<meta name=\"description\" content=\"A partir del 22 de abril, coincidiendo con el D\u00eda de la Tierra, las tiendas de Muji de Barcelona y Madrid vender\u00e1n una bolsa de tela con un dibujo dise\u00f1ado y pintado por ni\u00f1os y ni\u00f1as que participan en el Casal dels Infans. Los ingresos de las ventas se destinar\u00e1n \u00edntegramente al Casal dels Infants.\" \/>\n<meta name=\"robots\" content=\"index, follow, max-snippet:-1, max-image-preview:large, max-video-preview:-1\" \/>\n<link rel=\"canonical\" href=\"https:\/\/www.casaldelsinfants.org\/es\/actualidad\/muji-reivindica-dia-tierra-con-bolsa-solidaria\/\" \/>\n<meta property=\"og:locale\" content=\"es_ES\" \/>\n<meta property=\"og:type\" content=\"article\" \/>\n<meta property=\"og:title\" content=\"Muji bolsa solidaria Casal dels Infants\" \/>\n<meta property=\"og:description\" content=\"A partir del 22 de abril, coincidiendo con el D\u00eda de la Tierra, las tiendas de Muji de Barcelona y Madrid vender\u00e1n una bolsa de tela con un dibujo dise\u00f1ado y pintado por ni\u00f1os y ni\u00f1as que participan en el Casal dels Infans. Los ingresos de las ventas se destinar\u00e1n \u00edntegramente al Casal dels Infants.\" \/>\n<meta property=\"og:url\" content=\"https:\/\/www.casaldelsinfants.org\/es\/actualidad\/muji-reivindica-dia-tierra-con-bolsa-solidaria\/\" \/>\n<meta property=\"og:site_name\" content=\"Casal dels Infants\" \/>\n<meta property=\"article:publisher\" content=\"https:\/\/www.facebook.com\/casalinfants\" \/>\n<meta property=\"article:published_time\" content=\"2021-03-25T11:13:13+00:00\" \/>\n<meta property=\"article:modified_time\" content=\"2023-05-01T15:46:43+00:00\" \/>\n<meta property=\"og:image\" content=\"https:\/\/www.casaldelsinfants.org\/wp-content\/uploads\/muji_2.jpg\" \/>\n\t<meta property=\"og:image:width\" content=\"1500\" \/>\n\t<meta property=\"og:image:height\" content=\"1000\" \/>\n\t<meta property=\"og:image:type\" content=\"image\/jpeg\" \/>\n<meta name=\"author\" content=\"cdiAdmin\" \/>\n<meta name=\"twitter:card\" content=\"summary_large_image\" \/>\n<meta name=\"twitter:creator\" content=\"@casalinfants\" \/>\n<meta name=\"twitter:site\" content=\"@casalinfants\" \/>\n<meta name=\"twitter:label1\" content=\"Escrito por\" \/>\n\t<meta name=\"twitter:data1\" content=\"cdiAdmin\" \/>\n\t<meta name=\"twitter:label2\" content=\"Tiempo de lectura\" \/>\n\t<meta name=\"twitter:data2\" content=\"2 minutos\" \/>\n<script type=\"application\/ld+json\" class=\"yoast-schema-graph\">{\"@context\":\"https:\\\/\\\/schema.org\",\"@graph\":[{\"@type\":\"Article\",\"@id\":\"https:\\\/\\\/www.casaldelsinfants.org\\\/es\\\/actualidad\\\/muji-reivindica-dia-tierra-con-bolsa-solidaria\\\/#article\",\"isPartOf\":{\"@id\":\"https:\\\/\\\/www.casaldelsinfants.org\\\/es\\\/actualidad\\\/muji-reivindica-dia-tierra-con-bolsa-solidaria\\\/\"},\"author\":{\"name\":\"cdiAdmin\",\"@id\":\"https:\\\/\\\/www.casaldelsinfants.org\\\/es\\\/#\\\/schema\\\/person\\\/97707fc8c64900cf36891127dbf9fba8\"},\"headline\":\"Muji reivindica el d\u00eda de la Tierra vendiendo una bolsa solidaria pintada por ni\u00f1os y ni\u00f1as del Casal dels Infants\",\"datePublished\":\"2021-03-25T11:13:13+00:00\",\"dateModified\":\"2023-05-01T15:46:43+00:00\",\"mainEntityOfPage\":{\"@id\":\"https:\\\/\\\/www.casaldelsinfants.org\\\/es\\\/actualidad\\\/muji-reivindica-dia-tierra-con-bolsa-solidaria\\\/\"},\"wordCount\":409,\"commentCount\":0,\"publisher\":{\"@id\":\"https:\\\/\\\/www.casaldelsinfants.org\\\/es\\\/#organization\"},\"image\":{\"@id\":\"https:\\\/\\\/www.casaldelsinfants.org\\\/es\\\/actualidad\\\/muji-reivindica-dia-tierra-con-bolsa-solidaria\\\/#primaryimage\"},\"thumbnailUrl\":\"https:\\\/\\\/www.casaldelsinfants.org\\\/wp-content\\\/uploads\\\/muji_2.jpg\",\"articleSection\":[\"Noticia\"],\"inLanguage\":\"es\",\"potentialAction\":[{\"@type\":\"CommentAction\",\"name\":\"Comment\",\"target\":[\"https:\\\/\\\/www.casaldelsinfants.org\\\/es\\\/actualidad\\\/muji-reivindica-dia-tierra-con-bolsa-solidaria\\\/#respond\"]}]},{\"@type\":\"WebPage\",\"@id\":\"https:\\\/\\\/www.casaldelsinfants.org\\\/es\\\/actualidad\\\/muji-reivindica-dia-tierra-con-bolsa-solidaria\\\/\",\"url\":\"https:\\\/\\\/www.casaldelsinfants.org\\\/es\\\/actualidad\\\/muji-reivindica-dia-tierra-con-bolsa-solidaria\\\/\",\"name\":\"Muji bolsa solidaria Casal dels Infants\",\"isPartOf\":{\"@id\":\"https:\\\/\\\/www.casaldelsinfants.org\\\/es\\\/#website\"},\"primaryImageOfPage\":{\"@id\":\"https:\\\/\\\/www.casaldelsinfants.org\\\/es\\\/actualidad\\\/muji-reivindica-dia-tierra-con-bolsa-solidaria\\\/#primaryimage\"},\"image\":{\"@id\":\"https:\\\/\\\/www.casaldelsinfants.org\\\/es\\\/actualidad\\\/muji-reivindica-dia-tierra-con-bolsa-solidaria\\\/#primaryimage\"},\"thumbnailUrl\":\"https:\\\/\\\/www.casaldelsinfants.org\\\/wp-content\\\/uploads\\\/muji_2.jpg\",\"datePublished\":\"2021-03-25T11:13:13+00:00\",\"dateModified\":\"2023-05-01T15:46:43+00:00\",\"description\":\"A partir del 22 de abril, coincidiendo con el D\u00eda de la Tierra, las tiendas de Muji de Barcelona y Madrid vender\u00e1n una bolsa de tela con un dibujo dise\u00f1ado y pintado por ni\u00f1os y ni\u00f1as que participan en el Casal dels Infans. Los ingresos de las ventas se destinar\u00e1n \u00edntegramente al Casal dels Infants.\",\"breadcrumb\":{\"@id\":\"https:\\\/\\\/www.casaldelsinfants.org\\\/es\\\/actualidad\\\/muji-reivindica-dia-tierra-con-bolsa-solidaria\\\/#breadcrumb\"},\"inLanguage\":\"es\",\"potentialAction\":[{\"@type\":\"ReadAction\",\"target\":[\"https:\\\/\\\/www.casaldelsinfants.org\\\/es\\\/actualidad\\\/muji-reivindica-dia-tierra-con-bolsa-solidaria\\\/\"]}]},{\"@type\":\"ImageObject\",\"inLanguage\":\"es\",\"@id\":\"https:\\\/\\\/www.casaldelsinfants.org\\\/es\\\/actualidad\\\/muji-reivindica-dia-tierra-con-bolsa-solidaria\\\/#primaryimage\",\"url\":\"https:\\\/\\\/www.casaldelsinfants.org\\\/wp-content\\\/uploads\\\/muji_2.jpg\",\"contentUrl\":\"https:\\\/\\\/www.casaldelsinfants.org\\\/wp-content\\\/uploads\\\/muji_2.jpg\",\"width\":1500,\"height\":1000,\"caption\":\"Nen dibuixant a una bossa de roba\"},{\"@type\":\"BreadcrumbList\",\"@id\":\"https:\\\/\\\/www.casaldelsinfants.org\\\/es\\\/actualidad\\\/muji-reivindica-dia-tierra-con-bolsa-solidaria\\\/#breadcrumb\",\"itemListElement\":[{\"@type\":\"ListItem\",\"position\":1,\"name\":\"Inici\",\"item\":\"https:\\\/\\\/www.casaldelsinfants.org\\\/es\\\/\"},{\"@type\":\"ListItem\",\"position\":2,\"name\":\"Muji reivindica el d\u00eda de la Tierra vendiendo una bolsa solidaria pintada por ni\u00f1os y ni\u00f1as del Casal dels Infants\"}]},{\"@type\":\"WebSite\",\"@id\":\"https:\\\/\\\/www.casaldelsinfants.org\\\/es\\\/#website\",\"url\":\"https:\\\/\\\/www.casaldelsinfants.org\\\/es\\\/\",\"name\":\"Casal dels Infants\",\"description\":\"\",\"publisher\":{\"@id\":\"https:\\\/\\\/www.casaldelsinfants.org\\\/es\\\/#organization\"},\"potentialAction\":[{\"@type\":\"SearchAction\",\"target\":{\"@type\":\"EntryPoint\",\"urlTemplate\":\"https:\\\/\\\/www.casaldelsinfants.org\\\/es\\\/?s={search_term_string}\"},\"query-input\":{\"@type\":\"PropertyValueSpecification\",\"valueRequired\":true,\"valueName\":\"search_term_string\"}}],\"inLanguage\":\"es\"},{\"@type\":\"Organization\",\"@id\":\"https:\\\/\\\/www.casaldelsinfants.org\\\/es\\\/#organization\",\"name\":\"Casal dels Infants\",\"url\":\"https:\\\/\\\/www.casaldelsinfants.org\\\/es\\\/\",\"logo\":{\"@type\":\"ImageObject\",\"inLanguage\":\"es\",\"@id\":\"https:\\\/\\\/www.casaldelsinfants.org\\\/es\\\/#\\\/schema\\\/logo\\\/image\\\/\",\"url\":\"https:\\\/\\\/www.casaldelsinfants.org\\\/wp-content\\\/uploads\\\/logo-mail.png\",\"contentUrl\":\"https:\\\/\\\/www.casaldelsinfants.org\\\/wp-content\\\/uploads\\\/logo-mail.png\",\"width\":380,\"height\":158,\"caption\":\"Casal dels Infants\"},\"image\":{\"@id\":\"https:\\\/\\\/www.casaldelsinfants.org\\\/es\\\/#\\\/schema\\\/logo\\\/image\\\/\"},\"sameAs\":[\"https:\\\/\\\/www.facebook.com\\\/casalinfants\",\"https:\\\/\\\/x.com\\\/casalinfants\",\"https:\\\/\\\/www.youtube.com\\\/user\\\/CasaldelsInfants1\",\"https:\\\/\\\/www.instagram.com\\\/casalinfants\\\/\",\"https:\\\/\\\/www.linkedin.com\\\/company\\\/casaldelsinfants?trk=organization-update_share-update_actor-text\"]},{\"@type\":\"Person\",\"@id\":\"https:\\\/\\\/www.casaldelsinfants.org\\\/es\\\/#\\\/schema\\\/person\\\/97707fc8c64900cf36891127dbf9fba8\",\"name\":\"cdiAdmin\",\"sameAs\":[\"https:\\\/\\\/casaldelsinfants.org\"]}]}<\/script>\n<!-- \/ Yoast SEO plugin. -->","yoast_head_json":{"title":"Muji bolsa solidaria Casal dels Infants","description":"A partir del 22 de abril, coincidiendo con el D\u00eda de la Tierra, las tiendas de Muji de Barcelona y Madrid vender\u00e1n una bolsa de tela con un dibujo dise\u00f1ado y pintado por ni\u00f1os y ni\u00f1as que participan en el Casal dels Infans. Los ingresos de las ventas se destinar\u00e1n \u00edntegramente al Casal dels Infants.","robots":{"index":"index","follow":"follow","max-snippet":"max-snippet:-1","max-image-preview":"max-image-preview:large","max-video-preview":"max-video-preview:-1"},"canonical":"https:\/\/www.casaldelsinfants.org\/es\/actualidad\/muji-reivindica-dia-tierra-con-bolsa-solidaria\/","og_locale":"es_ES","og_type":"article","og_title":"Muji bolsa solidaria Casal dels Infants","og_description":"A partir del 22 de abril, coincidiendo con el D\u00eda de la Tierra, las tiendas de Muji de Barcelona y Madrid vender\u00e1n una bolsa de tela con un dibujo dise\u00f1ado y pintado por ni\u00f1os y ni\u00f1as que participan en el Casal dels Infans. Los ingresos de las ventas se destinar\u00e1n \u00edntegramente al Casal dels Infants.","og_url":"https:\/\/www.casaldelsinfants.org\/es\/actualidad\/muji-reivindica-dia-tierra-con-bolsa-solidaria\/","og_site_name":"Casal dels Infants","article_publisher":"https:\/\/www.facebook.com\/casalinfants","article_published_time":"2021-03-25T11:13:13+00:00","article_modified_time":"2023-05-01T15:46:43+00:00","og_image":[{"width":1500,"height":1000,"url":"https:\/\/www.casaldelsinfants.org\/wp-content\/uploads\/muji_2.jpg","type":"image\/jpeg"}],"author":"cdiAdmin","twitter_card":"summary_large_image","twitter_creator":"@casalinfants","twitter_site":"@casalinfants","twitter_misc":{"Escrito por":"cdiAdmin","Tiempo de lectura":"2 minutos"},"schema":{"@context":"https:\/\/schema.org","@graph":[{"@type":"Article","@id":"https:\/\/www.casaldelsinfants.org\/es\/actualidad\/muji-reivindica-dia-tierra-con-bolsa-solidaria\/#article","isPartOf":{"@id":"https:\/\/www.casaldelsinfants.org\/es\/actualidad\/muji-reivindica-dia-tierra-con-bolsa-solidaria\/"},"author":{"name":"cdiAdmin","@id":"https:\/\/www.casaldelsinfants.org\/es\/#\/schema\/person\/97707fc8c64900cf36891127dbf9fba8"},"headline":"Muji reivindica el d\u00eda de la Tierra vendiendo una bolsa solidaria pintada por ni\u00f1os y ni\u00f1as del Casal dels Infants","datePublished":"2021-03-25T11:13:13+00:00","dateModified":"2023-05-01T15:46:43+00:00","mainEntityOfPage":{"@id":"https:\/\/www.casaldelsinfants.org\/es\/actualidad\/muji-reivindica-dia-tierra-con-bolsa-solidaria\/"},"wordCount":409,"commentCount":0,"publisher":{"@id":"https:\/\/www.casaldelsinfants.org\/es\/#organization"},"image":{"@id":"https:\/\/www.casaldelsinfants.org\/es\/actualidad\/muji-reivindica-dia-tierra-con-bolsa-solidaria\/#primaryimage"},"thumbnailUrl":"https:\/\/www.casaldelsinfants.org\/wp-content\/uploads\/muji_2.jpg","articleSection":["Noticia"],"inLanguage":"es","potentialAction":[{"@type":"CommentAction","name":"Comment","target":["https:\/\/www.casaldelsinfants.org\/es\/actualidad\/muji-reivindica-dia-tierra-con-bolsa-solidaria\/#respond"]}]},{"@type":"WebPage","@id":"https:\/\/www.casaldelsinfants.org\/es\/actualidad\/muji-reivindica-dia-tierra-con-bolsa-solidaria\/","url":"https:\/\/www.casaldelsinfants.org\/es\/actualidad\/muji-reivindica-dia-tierra-con-bolsa-solidaria\/","name":"Muji bolsa solidaria Casal dels Infants","isPartOf":{"@id":"https:\/\/www.casaldelsinfants.org\/es\/#website"},"primaryImageOfPage":{"@id":"https:\/\/www.casaldelsinfants.org\/es\/actualidad\/muji-reivindica-dia-tierra-con-bolsa-solidaria\/#primaryimage"},"image":{"@id":"https:\/\/www.casaldelsinfants.org\/es\/actualidad\/muji-reivindica-dia-tierra-con-bolsa-solidaria\/#primaryimage"},"thumbnailUrl":"https:\/\/www.casaldelsinfants.org\/wp-content\/uploads\/muji_2.jpg","datePublished":"2021-03-25T11:13:13+00:00","dateModified":"2023-05-01T15:46:43+00:00","description":"A partir del 22 de abril, coincidiendo con el D\u00eda de la Tierra, las tiendas de Muji de Barcelona y Madrid vender\u00e1n una bolsa de tela con un dibujo dise\u00f1ado y pintado por ni\u00f1os y ni\u00f1as que participan en el Casal dels Infans. Los ingresos de las ventas se destinar\u00e1n \u00edntegramente al Casal dels Infants.","breadcrumb":{"@id":"https:\/\/www.casaldelsinfants.org\/es\/actualidad\/muji-reivindica-dia-tierra-con-bolsa-solidaria\/#breadcrumb"},"inLanguage":"es","potentialAction":[{"@type":"ReadAction","target":["https:\/\/www.casaldelsinfants.org\/es\/actualidad\/muji-reivindica-dia-tierra-con-bolsa-solidaria\/"]}]},{"@type":"ImageObject","inLanguage":"es","@id":"https:\/\/www.casaldelsinfants.org\/es\/actualidad\/muji-reivindica-dia-tierra-con-bolsa-solidaria\/#primaryimage","url":"https:\/\/www.casaldelsinfants.org\/wp-content\/uploads\/muji_2.jpg","contentUrl":"https:\/\/www.casaldelsinfants.org\/wp-content\/uploads\/muji_2.jpg","width":1500,"height":1000,"caption":"Nen dibuixant a una bossa de roba"},{"@type":"BreadcrumbList","@id":"https:\/\/www.casaldelsinfants.org\/es\/actualidad\/muji-reivindica-dia-tierra-con-bolsa-solidaria\/#breadcrumb","itemListElement":[{"@type":"ListItem","position":1,"name":"Inici","item":"https:\/\/www.casaldelsinfants.org\/es\/"},{"@type":"ListItem","position":2,"name":"Muji reivindica el d\u00eda de la Tierra vendiendo una bolsa solidaria pintada por ni\u00f1os y ni\u00f1as del Casal dels Infants"}]},{"@type":"WebSite","@id":"https:\/\/www.casaldelsinfants.org\/es\/#website","url":"https:\/\/www.casaldelsinfants.org\/es\/","name":"Casal dels Infants","description":"","publisher":{"@id":"https:\/\/www.casaldelsinfants.org\/es\/#organization"},"potentialAction":[{"@type":"SearchAction","target":{"@type":"EntryPoint","urlTemplate":"https:\/\/www.casaldelsinfants.org\/es\/?s={search_term_string}"},"query-input":{"@type":"PropertyValueSpecification","valueRequired":true,"valueName":"search_term_string"}}],"inLanguage":"es"},{"@type":"Organization","@id":"https:\/\/www.casaldelsinfants.org\/es\/#organization","name":"Casal dels Infants","url":"https:\/\/www.casaldelsinfants.org\/es\/","logo":{"@type":"ImageObject","inLanguage":"es","@id":"https:\/\/www.casaldelsinfants.org\/es\/#\/schema\/logo\/image\/","url":"https:\/\/www.casaldelsinfants.org\/wp-content\/uploads\/logo-mail.png","contentUrl":"https:\/\/www.casaldelsinfants.org\/wp-content\/uploads\/logo-mail.png","width":380,"height":158,"caption":"Casal dels Infants"},"image":{"@id":"https:\/\/www.casaldelsinfants.org\/es\/#\/schema\/logo\/image\/"},"sameAs":["https:\/\/www.facebook.com\/casalinfants","https:\/\/x.com\/casalinfants","https:\/\/www.youtube.com\/user\/CasaldelsInfants1","https:\/\/www.instagram.com\/casalinfants\/","https:\/\/www.linkedin.com\/company\/casaldelsinfants?trk=organization-update_share-update_actor-text"]},{"@type":"Person","@id":"https:\/\/www.casaldelsinfants.org\/es\/#\/schema\/person\/97707fc8c64900cf36891127dbf9fba8","name":"cdiAdmin","sameAs":["https:\/\/casaldelsinfants.org"]}]}},"publishpress_future_action":{"enabled":false,"date":"2026-05-09 08:10:04","action":"change-status","newStatus":"draft","terms":[],"taxonomy":"category","extraData":[]},"publishpress_future_workflow_manual_trigger":{"enabledWorkflows":[]},"_links":{"self":[{"href":"https:\/\/www.casaldelsinfants.org\/es\/wp-json\/wp\/v2\/posts\/4306","targetHints":{"allow":["GET"]}}],"collection":[{"href":"https:\/\/www.casaldelsinfants.org\/es\/wp-json\/wp\/v2\/posts"}],"about":[{"href":"https:\/\/www.casaldelsinfants.org\/es\/wp-json\/wp\/v2\/types\/post"}],"author":[{"embeddable":true,"href":"https:\/\/www.casaldelsinfants.org\/es\/wp-json\/wp\/v2\/users\/1"}],"replies":[{"embeddable":true,"href":"https:\/\/www.casaldelsinfants.org\/es\/wp-json\/wp\/v2\/comments?post=4306"}],"version-history":[{"count":1,"href":"https:\/\/www.casaldelsinfants.org\/es\/wp-json\/wp\/v2\/posts\/4306\/revisions"}],"predecessor-version":[{"id":6275,"href":"https:\/\/www.casaldelsinfants.org\/es\/wp-json\/wp\/v2\/posts\/4306\/revisions\/6275"}],"wp:featuredmedia":[{"embeddable":true,"href":"https:\/\/www.casaldelsinfants.org\/es\/wp-json\/wp\/v2\/media\/3097"}],"wp:attachment":[{"href":"https:\/\/www.casaldelsinfants.org\/es\/wp-json\/wp\/v2\/media?parent=4306"}],"wp:term":[{"taxonomy":"category","embeddable":true,"href":"https:\/\/www.casaldelsinfants.org\/es\/wp-json\/wp\/v2\/categories?post=4306"},{"taxonomy":"post_tag","embeddable":true,"href":"https:\/\/www.casaldelsinfants.org\/es\/wp-json\/wp\/v2\/tags?post=4306"},{"taxonomy":"seus","embeddable":true,"href":"https:\/\/www.casaldelsinfants.org\/es\/wp-json\/wp\/v2\/seus?post=4306"},{"taxonomy":"eixos","embeddable":true,"href":"https:\/\/www.casaldelsinfants.org\/es\/wp-json\/wp\/v2\/eixos?post=4306"}],"curies":[{"name":"wp","href":"https:\/\/api.w.org\/{rel}","templated":true}]}}