{"id":4307,"date":"2021-03-10T14:12:35","date_gmt":"2021-03-10T12:12:35","guid":{"rendered":"https:\/\/casal.puntzero.cat\/noticies\/incorpora-jove-construint-itineraris-de-futur-al-jovent-extutelat\/"},"modified":"2023-11-06T14:56:21","modified_gmt":"2023-11-06T12:56:21","slug":"incorpora-jove-construint-itineraris-de-futur-al-jovent-extutelat","status":"publish","type":"post","link":"https:\/\/www.casaldelsinfants.org\/es\/actualidad\/incorpora-jove-construint-itineraris-de-futur-al-jovent-extutelat\/","title":{"rendered":"Incorpora Jove: construyendo itinerarios de futuro para personas j\u00f3venes extuteladas"},"content":{"rendered":"<p><span style=\"color: #000000;\">\u201cLlegu\u00e9 a Catalunya con pasi\u00f3n para aprender y trabajar\u201d, explica Youssef Nagouri. Con la misma pasi\u00f3n acab\u00f3 su per\u00edodo de tutela, a los 18 a\u00f1os y despu\u00e9s de haber vivido en un centro de acogida y en un Centro Residencial de Acci\u00f3n Educativa (CRAE). Hab\u00eda descubierto que la cocina era su vocaci\u00f3n, se hab\u00eda empezado a formar en el oficio y ten\u00eda en la cabeza trabajar cuanto antes mejor.<\/span><\/p>\n<p><span style=\"color: #000000;\">Pronto entendi\u00f3 que convertirse en chef no se consigue de un d\u00eda al otro. Dejaba atr\u00e1s el camino largo y dif\u00edcil que hab\u00eda hecho para llegar a Catalunya y empezaba uno nuevo para trabajar en su nueva tierra. Y lo hac\u00eda con el apoyo de un nuevo compa\u00f1ero de viaje, el Casal dels Infants, al que se vincul\u00f3 a trav\u00e9s del programa Incorpora Jove de la <\/span><u><a href=\"https:\/\/fundacionlacaixa.org\/es\/?utm_source=sc&amp;utm_medium=cpc&amp;utm_campaign=plan-editorial&amp;utm_content=obra-social-sem&amp;utm_term=602000&amp;gclid=Cj0KCQiA-aGCBhCwARIsAHDl5x-20BmSO9TYTPNP0E3jQdZNkfcuxbvu5F8cKU_HtCryTiaPyeJIbhEaAiP6EALw_wcB\">Obra Social la Caixa<\/a><\/u><span style=\"color: #000000;\">. \u201cDesde el primer d\u00eda el Casal fue como un espejo para m\u00ed: vi qu\u00e9 ten\u00eda que hacer para conseguir lo que quer\u00eda\u201d.<\/span><\/p>\n<p class=\"destacat-noticia\"><span style=\"color: #000000;\">Youssef Nagouri (participante del Casal dels Infants: \u201cDesde el primer d\u00eda el Casal fue como un espejo para m\u00ed: vi qu\u00e9 ten\u00eda que hacer para conseguir lo que quer\u00eda\u201d<\/span><\/p>\n<p><span style=\"color: #000000;\">\u201cLo que hacemos es una propuesta metodol\u00f3gica para acompa\u00f1ar j\u00f3venes extutelados, donde cada joven es un agente activo de su propio proceso de cambio\u201d, explica Meritxell del Horno, educadora referente de Youssef y del programa Incorpora Jove en el Casal dels Infants. Un proceso de cambio basado en buscar acciones que mejoren las competencias formativas, sociales y relacionales de cada chico o chica, con un acompa\u00f1amiento individualizado y de larga duraci\u00f3n para garantizar que pueda acabar encontrando trabajo.<\/span><\/p>\n<p class=\"destacat-noticia\"><span style=\"color: #000000;\">Meritxell del Horno (educadora del Casal dels Infants): \u00a0\u201cLo que hacemos es una propuesta metodol\u00f3gica para acompa\u00f1ar j\u00f3venes extutelados, donde cada joven es un agente activo de su propio proceso de cambio\u201d<\/span><\/p>\n<p><span style=\"color: #000000;\">Los primeros pasos de Youssef en su nueva etapa fueron seguir adquiriendo las bases para ponerse a los fogones, en la formaci\u00f3n de auxiliar de cocina del Casal dels Infants. En paralelo, fue mejorando sus competencias transversales para trabajar: catal\u00e1n y castellano, matem\u00e1ticas, inform\u00e1tica\u2026 A todo esto, empezaba a tomar decisiones para vivir de manera aut\u00f3noma: con la prestaci\u00f3n del \u00c0rea de Suport als Joves Tutelats i Extutelats (ASJTET), de casi 570 euros mensuales, logr\u00f3 alquilar una habitaci\u00f3n por su cuenta.<\/span><\/p>\n<p><span style=\"color: #000000;\">Hasta que con Meritxell encontraron una oportunidad para dar otro paso adelante: el curso de la escuela de cocina Villa Retiro, de la mano del chef con dos estrellas Michelin Fran L\u00f3pez. Youssef solicit\u00f3 inscribirse, lo aceptaron y empez\u00f3 una primera formaci\u00f3n de auxiliar de cocina en Barcelona. Cuando la acab\u00f3, hizo las maletas y se instal\u00f3 en Xerta, donde hizo un curso de cocina de cinco meses en el restaurante Villa Retiro: \u201cHe aprendido mucho en estos meses: t\u00e9cnicas, cortes, cocciones, productos\u2026 He hecho pr\u00e1cticas con cocineros con m\u00e1s experiencia y conocimientos, que me han ense\u00f1ado mucho sobre el oficio\u201d, valora.<\/span><\/p>\n<p><span style=\"color: #000000;\">Ahora Youssef ha vuelto a Barcelona y se ha puesto a buscar con Meritxell nuevas oportunidades para poner en pr\u00e1ctica lo aprendido y crecer profesionalmente. El a\u00f1o pasado, 19 de las personas formadas en el Incorpora Jove del Casal dels Infants fueron contratadas, y 15 han empezado nuevos estudios o est\u00e1n en proceso de matricularse. Para todos ellos y ellas, renovar el permiso de residencia y conseguir el de trabajo es uno de los principales obst\u00e1culos administrativos para salir adelante, <\/span><u><a href=\"https:\/\/www.casaldelsinfants.org\/es\/actualidad\/renovar-residencia-derechos-jovenes\/\">como hemos explicado y denunciado reiteradamente<\/a><\/u><span style=\"color: #000000;\"> des del Casal dels Infants. Pese a las adversidad, sea con trabajo o con m\u00e1s estudios, Youssef tiene claro que seguir\u00e1 luchando para hacer realidad su sue\u00f1o de ser cocinero.<\/span><\/p>\n<blockquote><p>\u00bfQu\u00e9 puedes hacer t\u00fa para que j\u00f3venes en situaci\u00f3n de vulnerabilidad puedan luchar para salir adelante?<br \/>\nHaz un <a href=\"https:\/\/www.casaldelsinfants.org\/es\/dona-ahora\/\">donativo<\/a><br \/>\nHaz <a href=\"https:\/\/www.casaldelsinfants.org\/es\/que-puedes-hacer-tu\/voluntariado\/\">voluntariado<\/a><\/p><\/blockquote>\n","protected":false},"excerpt":{"rendered":"<div class=\"video-embed-field-responsive-video form-group\"><iframe loading=\"lazy\" width=\"854\" height=\"480\" frameborder=\"0\" allowfullscreen=\"allowfullscreen\" src=\"https:\/\/www.youtube.com\/embed\/sjbvKs2emIM?autoplay=0&amp;start=0&amp;rel=0\"><\/iframe>\n<\/div>\n<p class=\"text-align-center\">En el Casal dels Infants, en el marco del proyecto Incorpora Joven de la Obra Social la Caixa, acompa\u00f1amos personas j\u00f3venes extuteladas para orientarlas y reforzar sus competencias de cara a encontrar trabajo. El a\u00f1o pasado participaron en este servicio 40 chicos y chicas, y 19 consiguieron un contrato laboral. El testimonio de Youssef Nagouri, que lleg\u00f3 solo desde Marruecos a los 14 a\u00f1os y ahora lucha para llegar a ser chef, es un ejemplo de lo que significa para estos j\u00f3venes un apoyo para salir adelante.<\/p>\n","protected":false},"author":1,"featured_media":0,"comment_status":"open","ping_status":"open","sticky":false,"template":"","format":"standard","meta":{"_acf_changed":false,"_et_pb_use_builder":"","_et_pb_old_content":"","_et_gb_content_width":"","inline_featured_image":false,"footnotes":""},"categories":[105],"tags":[],"seus":[],"eixos":[102],"class_list":["post-4307","post","type-post","status-publish","format-standard","hentry","category-reportaje","eixos-jovenes"],"acf":[],"yoast_head":"<!-- This site is optimized with the Yoast SEO plugin v27.4 - https:\/\/yoast.com\/product\/yoast-seo-wordpress\/ -->\n<title>Incorpora Joven itinerarios futuro personas j\u00f3venes extuteladas<\/title>\n<meta name=\"description\" content=\"En el Casal dels Infants, en el marco del proyecto Incorpora Joven de la Obra Social la Caixa, acompa\u00f1amos personas j\u00f3venes extuteladas como Youssef Nagouri, para orientarlas y reforzar sus competencias de cara a encontrar trabajo.\" \/>\n<meta name=\"robots\" content=\"index, follow, max-snippet:-1, max-image-preview:large, max-video-preview:-1\" \/>\n<link rel=\"canonical\" href=\"https:\/\/www.casaldelsinfants.org\/es\/actualidad\/incorpora-jove-construint-itineraris-de-futur-al-jovent-extutelat\/\" \/>\n<meta property=\"og:locale\" content=\"es_ES\" \/>\n<meta property=\"og:type\" content=\"article\" \/>\n<meta property=\"og:title\" content=\"Incorpora Joven itinerarios futuro personas j\u00f3venes extuteladas\" \/>\n<meta property=\"og:description\" content=\"En el Casal dels Infants, en el marco del proyecto Incorpora Joven de la Obra Social la Caixa, acompa\u00f1amos personas j\u00f3venes extuteladas como Youssef Nagouri, para orientarlas y reforzar sus competencias de cara a encontrar trabajo.\" \/>\n<meta property=\"og:url\" content=\"https:\/\/www.casaldelsinfants.org\/es\/actualidad\/incorpora-jove-construint-itineraris-de-futur-al-jovent-extutelat\/\" \/>\n<meta property=\"og:site_name\" content=\"Casal dels Infants\" \/>\n<meta property=\"article:publisher\" content=\"https:\/\/www.facebook.com\/casalinfants\" \/>\n<meta property=\"article:published_time\" content=\"2021-03-10T12:12:35+00:00\" \/>\n<meta property=\"article:modified_time\" content=\"2023-11-06T12:56:21+00:00\" \/>\n<meta name=\"author\" content=\"cdiAdmin\" \/>\n<meta name=\"twitter:card\" content=\"summary_large_image\" \/>\n<meta name=\"twitter:creator\" content=\"@casalinfants\" \/>\n<meta name=\"twitter:site\" content=\"@casalinfants\" \/>\n<meta name=\"twitter:label1\" content=\"Escrito por\" \/>\n\t<meta name=\"twitter:data1\" content=\"cdiAdmin\" \/>\n\t<meta name=\"twitter:label2\" content=\"Tiempo de lectura\" \/>\n\t<meta name=\"twitter:data2\" content=\"4 minutos\" \/>\n<script type=\"application\/ld+json\" class=\"yoast-schema-graph\">{\"@context\":\"https:\\\/\\\/schema.org\",\"@graph\":[{\"@type\":\"Article\",\"@id\":\"https:\\\/\\\/www.casaldelsinfants.org\\\/es\\\/actualidad\\\/incorpora-jove-construint-itineraris-de-futur-al-jovent-extutelat\\\/#article\",\"isPartOf\":{\"@id\":\"https:\\\/\\\/www.casaldelsinfants.org\\\/es\\\/actualidad\\\/incorpora-jove-construint-itineraris-de-futur-al-jovent-extutelat\\\/\"},\"author\":{\"name\":\"cdiAdmin\",\"@id\":\"https:\\\/\\\/www.casaldelsinfants.org\\\/es\\\/#\\\/schema\\\/person\\\/97707fc8c64900cf36891127dbf9fba8\"},\"headline\":\"Incorpora Jove: construyendo itinerarios de futuro para personas j\u00f3venes extuteladas\",\"datePublished\":\"2021-03-10T12:12:35+00:00\",\"dateModified\":\"2023-11-06T12:56:21+00:00\",\"mainEntityOfPage\":{\"@id\":\"https:\\\/\\\/www.casaldelsinfants.org\\\/es\\\/actualidad\\\/incorpora-jove-construint-itineraris-de-futur-al-jovent-extutelat\\\/\"},\"wordCount\":679,\"commentCount\":0,\"publisher\":{\"@id\":\"https:\\\/\\\/www.casaldelsinfants.org\\\/es\\\/#organization\"},\"articleSection\":[\"Reportaje\"],\"inLanguage\":\"es\",\"potentialAction\":[{\"@type\":\"CommentAction\",\"name\":\"Comment\",\"target\":[\"https:\\\/\\\/www.casaldelsinfants.org\\\/es\\\/actualidad\\\/incorpora-jove-construint-itineraris-de-futur-al-jovent-extutelat\\\/#respond\"]}]},{\"@type\":\"WebPage\",\"@id\":\"https:\\\/\\\/www.casaldelsinfants.org\\\/es\\\/actualidad\\\/incorpora-jove-construint-itineraris-de-futur-al-jovent-extutelat\\\/\",\"url\":\"https:\\\/\\\/www.casaldelsinfants.org\\\/es\\\/actualidad\\\/incorpora-jove-construint-itineraris-de-futur-al-jovent-extutelat\\\/\",\"name\":\"Incorpora Joven itinerarios futuro personas j\u00f3venes extuteladas\",\"isPartOf\":{\"@id\":\"https:\\\/\\\/www.casaldelsinfants.org\\\/es\\\/#website\"},\"datePublished\":\"2021-03-10T12:12:35+00:00\",\"dateModified\":\"2023-11-06T12:56:21+00:00\",\"description\":\"En el Casal dels Infants, en el marco del proyecto Incorpora Joven de la Obra Social la Caixa, acompa\u00f1amos personas j\u00f3venes extuteladas como Youssef Nagouri, para orientarlas y reforzar sus competencias de cara a encontrar trabajo.\",\"breadcrumb\":{\"@id\":\"https:\\\/\\\/www.casaldelsinfants.org\\\/es\\\/actualidad\\\/incorpora-jove-construint-itineraris-de-futur-al-jovent-extutelat\\\/#breadcrumb\"},\"inLanguage\":\"es\",\"potentialAction\":[{\"@type\":\"ReadAction\",\"target\":[\"https:\\\/\\\/www.casaldelsinfants.org\\\/es\\\/actualidad\\\/incorpora-jove-construint-itineraris-de-futur-al-jovent-extutelat\\\/\"]}]},{\"@type\":\"BreadcrumbList\",\"@id\":\"https:\\\/\\\/www.casaldelsinfants.org\\\/es\\\/actualidad\\\/incorpora-jove-construint-itineraris-de-futur-al-jovent-extutelat\\\/#breadcrumb\",\"itemListElement\":[{\"@type\":\"ListItem\",\"position\":1,\"name\":\"Inici\",\"item\":\"https:\\\/\\\/www.casaldelsinfants.org\\\/es\\\/\"},{\"@type\":\"ListItem\",\"position\":2,\"name\":\"Incorpora Jove: construyendo itinerarios de futuro para personas j\u00f3venes extuteladas\"}]},{\"@type\":\"WebSite\",\"@id\":\"https:\\\/\\\/www.casaldelsinfants.org\\\/es\\\/#website\",\"url\":\"https:\\\/\\\/www.casaldelsinfants.org\\\/es\\\/\",\"name\":\"Casal dels Infants\",\"description\":\"\",\"publisher\":{\"@id\":\"https:\\\/\\\/www.casaldelsinfants.org\\\/es\\\/#organization\"},\"potentialAction\":[{\"@type\":\"SearchAction\",\"target\":{\"@type\":\"EntryPoint\",\"urlTemplate\":\"https:\\\/\\\/www.casaldelsinfants.org\\\/es\\\/?s={search_term_string}\"},\"query-input\":{\"@type\":\"PropertyValueSpecification\",\"valueRequired\":true,\"valueName\":\"search_term_string\"}}],\"inLanguage\":\"es\"},{\"@type\":\"Organization\",\"@id\":\"https:\\\/\\\/www.casaldelsinfants.org\\\/es\\\/#organization\",\"name\":\"Casal dels Infants\",\"url\":\"https:\\\/\\\/www.casaldelsinfants.org\\\/es\\\/\",\"logo\":{\"@type\":\"ImageObject\",\"inLanguage\":\"es\",\"@id\":\"https:\\\/\\\/www.casaldelsinfants.org\\\/es\\\/#\\\/schema\\\/logo\\\/image\\\/\",\"url\":\"https:\\\/\\\/www.casaldelsinfants.org\\\/wp-content\\\/uploads\\\/logo-mail.png\",\"contentUrl\":\"https:\\\/\\\/www.casaldelsinfants.org\\\/wp-content\\\/uploads\\\/logo-mail.png\",\"width\":380,\"height\":158,\"caption\":\"Casal dels Infants\"},\"image\":{\"@id\":\"https:\\\/\\\/www.casaldelsinfants.org\\\/es\\\/#\\\/schema\\\/logo\\\/image\\\/\"},\"sameAs\":[\"https:\\\/\\\/www.facebook.com\\\/casalinfants\",\"https:\\\/\\\/x.com\\\/casalinfants\",\"https:\\\/\\\/www.youtube.com\\\/user\\\/CasaldelsInfants1\",\"https:\\\/\\\/www.instagram.com\\\/casalinfants\\\/\",\"https:\\\/\\\/www.linkedin.com\\\/company\\\/casaldelsinfants?trk=organization-update_share-update_actor-text\"]},{\"@type\":\"Person\",\"@id\":\"https:\\\/\\\/www.casaldelsinfants.org\\\/es\\\/#\\\/schema\\\/person\\\/97707fc8c64900cf36891127dbf9fba8\",\"name\":\"cdiAdmin\",\"sameAs\":[\"https:\\\/\\\/casaldelsinfants.org\"]}]}<\/script>\n<!-- \/ Yoast SEO plugin. -->","yoast_head_json":{"title":"Incorpora Joven itinerarios futuro personas j\u00f3venes extuteladas","description":"En el Casal dels Infants, en el marco del proyecto Incorpora Joven de la Obra Social la Caixa, acompa\u00f1amos personas j\u00f3venes extuteladas como Youssef Nagouri, para orientarlas y reforzar sus competencias de cara a encontrar trabajo.","robots":{"index":"index","follow":"follow","max-snippet":"max-snippet:-1","max-image-preview":"max-image-preview:large","max-video-preview":"max-video-preview:-1"},"canonical":"https:\/\/www.casaldelsinfants.org\/es\/actualidad\/incorpora-jove-construint-itineraris-de-futur-al-jovent-extutelat\/","og_locale":"es_ES","og_type":"article","og_title":"Incorpora Joven itinerarios futuro personas j\u00f3venes extuteladas","og_description":"En el Casal dels Infants, en el marco del proyecto Incorpora Joven de la Obra Social la Caixa, acompa\u00f1amos personas j\u00f3venes extuteladas como Youssef Nagouri, para orientarlas y reforzar sus competencias de cara a encontrar trabajo.","og_url":"https:\/\/www.casaldelsinfants.org\/es\/actualidad\/incorpora-jove-construint-itineraris-de-futur-al-jovent-extutelat\/","og_site_name":"Casal dels Infants","article_publisher":"https:\/\/www.facebook.com\/casalinfants","article_published_time":"2021-03-10T12:12:35+00:00","article_modified_time":"2023-11-06T12:56:21+00:00","author":"cdiAdmin","twitter_card":"summary_large_image","twitter_creator":"@casalinfants","twitter_site":"@casalinfants","twitter_misc":{"Escrito por":"cdiAdmin","Tiempo de lectura":"4 minutos"},"schema":{"@context":"https:\/\/schema.org","@graph":[{"@type":"Article","@id":"https:\/\/www.casaldelsinfants.org\/es\/actualidad\/incorpora-jove-construint-itineraris-de-futur-al-jovent-extutelat\/#article","isPartOf":{"@id":"https:\/\/www.casaldelsinfants.org\/es\/actualidad\/incorpora-jove-construint-itineraris-de-futur-al-jovent-extutelat\/"},"author":{"name":"cdiAdmin","@id":"https:\/\/www.casaldelsinfants.org\/es\/#\/schema\/person\/97707fc8c64900cf36891127dbf9fba8"},"headline":"Incorpora Jove: construyendo itinerarios de futuro para personas j\u00f3venes extuteladas","datePublished":"2021-03-10T12:12:35+00:00","dateModified":"2023-11-06T12:56:21+00:00","mainEntityOfPage":{"@id":"https:\/\/www.casaldelsinfants.org\/es\/actualidad\/incorpora-jove-construint-itineraris-de-futur-al-jovent-extutelat\/"},"wordCount":679,"commentCount":0,"publisher":{"@id":"https:\/\/www.casaldelsinfants.org\/es\/#organization"},"articleSection":["Reportaje"],"inLanguage":"es","potentialAction":[{"@type":"CommentAction","name":"Comment","target":["https:\/\/www.casaldelsinfants.org\/es\/actualidad\/incorpora-jove-construint-itineraris-de-futur-al-jovent-extutelat\/#respond"]}]},{"@type":"WebPage","@id":"https:\/\/www.casaldelsinfants.org\/es\/actualidad\/incorpora-jove-construint-itineraris-de-futur-al-jovent-extutelat\/","url":"https:\/\/www.casaldelsinfants.org\/es\/actualidad\/incorpora-jove-construint-itineraris-de-futur-al-jovent-extutelat\/","name":"Incorpora Joven itinerarios futuro personas j\u00f3venes extuteladas","isPartOf":{"@id":"https:\/\/www.casaldelsinfants.org\/es\/#website"},"datePublished":"2021-03-10T12:12:35+00:00","dateModified":"2023-11-06T12:56:21+00:00","description":"En el Casal dels Infants, en el marco del proyecto Incorpora Joven de la Obra Social la Caixa, acompa\u00f1amos personas j\u00f3venes extuteladas como Youssef Nagouri, para orientarlas y reforzar sus competencias de cara a encontrar trabajo.","breadcrumb":{"@id":"https:\/\/www.casaldelsinfants.org\/es\/actualidad\/incorpora-jove-construint-itineraris-de-futur-al-jovent-extutelat\/#breadcrumb"},"inLanguage":"es","potentialAction":[{"@type":"ReadAction","target":["https:\/\/www.casaldelsinfants.org\/es\/actualidad\/incorpora-jove-construint-itineraris-de-futur-al-jovent-extutelat\/"]}]},{"@type":"BreadcrumbList","@id":"https:\/\/www.casaldelsinfants.org\/es\/actualidad\/incorpora-jove-construint-itineraris-de-futur-al-jovent-extutelat\/#breadcrumb","itemListElement":[{"@type":"ListItem","position":1,"name":"Inici","item":"https:\/\/www.casaldelsinfants.org\/es\/"},{"@type":"ListItem","position":2,"name":"Incorpora Jove: construyendo itinerarios de futuro para personas j\u00f3venes extuteladas"}]},{"@type":"WebSite","@id":"https:\/\/www.casaldelsinfants.org\/es\/#website","url":"https:\/\/www.casaldelsinfants.org\/es\/","name":"Casal dels Infants","description":"","publisher":{"@id":"https:\/\/www.casaldelsinfants.org\/es\/#organization"},"potentialAction":[{"@type":"SearchAction","target":{"@type":"EntryPoint","urlTemplate":"https:\/\/www.casaldelsinfants.org\/es\/?s={search_term_string}"},"query-input":{"@type":"PropertyValueSpecification","valueRequired":true,"valueName":"search_term_string"}}],"inLanguage":"es"},{"@type":"Organization","@id":"https:\/\/www.casaldelsinfants.org\/es\/#organization","name":"Casal dels Infants","url":"https:\/\/www.casaldelsinfants.org\/es\/","logo":{"@type":"ImageObject","inLanguage":"es","@id":"https:\/\/www.casaldelsinfants.org\/es\/#\/schema\/logo\/image\/","url":"https:\/\/www.casaldelsinfants.org\/wp-content\/uploads\/logo-mail.png","contentUrl":"https:\/\/www.casaldelsinfants.org\/wp-content\/uploads\/logo-mail.png","width":380,"height":158,"caption":"Casal dels Infants"},"image":{"@id":"https:\/\/www.casaldelsinfants.org\/es\/#\/schema\/logo\/image\/"},"sameAs":["https:\/\/www.facebook.com\/casalinfants","https:\/\/x.com\/casalinfants","https:\/\/www.youtube.com\/user\/CasaldelsInfants1","https:\/\/www.instagram.com\/casalinfants\/","https:\/\/www.linkedin.com\/company\/casaldelsinfants?trk=organization-update_share-update_actor-text"]},{"@type":"Person","@id":"https:\/\/www.casaldelsinfants.org\/es\/#\/schema\/person\/97707fc8c64900cf36891127dbf9fba8","name":"cdiAdmin","sameAs":["https:\/\/casaldelsinfants.org"]}]}},"publishpress_future_action":{"enabled":false,"date":"2026-05-08 01:16:53","action":"change-status","newStatus":"draft","terms":[],"taxonomy":"category","extraData":[]},"publishpress_future_workflow_manual_trigger":{"enabledWorkflows":[]},"_links":{"self":[{"href":"https:\/\/www.casaldelsinfants.org\/es\/wp-json\/wp\/v2\/posts\/4307","targetHints":{"allow":["GET"]}}],"collection":[{"href":"https:\/\/www.casaldelsinfants.org\/es\/wp-json\/wp\/v2\/posts"}],"about":[{"href":"https:\/\/www.casaldelsinfants.org\/es\/wp-json\/wp\/v2\/types\/post"}],"author":[{"embeddable":true,"href":"https:\/\/www.casaldelsinfants.org\/es\/wp-json\/wp\/v2\/users\/1"}],"replies":[{"embeddable":true,"href":"https:\/\/www.casaldelsinfants.org\/es\/wp-json\/wp\/v2\/comments?post=4307"}],"version-history":[{"count":3,"href":"https:\/\/www.casaldelsinfants.org\/es\/wp-json\/wp\/v2\/posts\/4307\/revisions"}],"predecessor-version":[{"id":15379,"href":"https:\/\/www.casaldelsinfants.org\/es\/wp-json\/wp\/v2\/posts\/4307\/revisions\/15379"}],"wp:attachment":[{"href":"https:\/\/www.casaldelsinfants.org\/es\/wp-json\/wp\/v2\/media?parent=4307"}],"wp:term":[{"taxonomy":"category","embeddable":true,"href":"https:\/\/www.casaldelsinfants.org\/es\/wp-json\/wp\/v2\/categories?post=4307"},{"taxonomy":"post_tag","embeddable":true,"href":"https:\/\/www.casaldelsinfants.org\/es\/wp-json\/wp\/v2\/tags?post=4307"},{"taxonomy":"seus","embeddable":true,"href":"https:\/\/www.casaldelsinfants.org\/es\/wp-json\/wp\/v2\/seus?post=4307"},{"taxonomy":"eixos","embeddable":true,"href":"https:\/\/www.casaldelsinfants.org\/es\/wp-json\/wp\/v2\/eixos?post=4307"}],"curies":[{"name":"wp","href":"https:\/\/api.w.org\/{rel}","templated":true}]}}