{"id":4309,"date":"2021-03-09T11:51:33","date_gmt":"2021-03-09T09:51:33","guid":{"rendered":"https:\/\/casal.puntzero.cat\/noticies\/turris-recpata-mes-de-4000-euros-favor-del-casal-dels-infants\/"},"modified":"2023-05-01T17:46:51","modified_gmt":"2023-05-01T15:46:51","slug":"turris-recpata-mes-de-4000-euros-favor-del-casal-dels-infants","status":"publish","type":"post","link":"https:\/\/www.casaldelsinfants.org\/es\/actualidad\/turris-recauda-mas-de-4000-euros-favor-del-casal-dels-infants\/","title":{"rendered":"Turris recauda m\u00e1s de 4.000 euros a favor del Casal dels Infants"},"content":{"rendered":"<p><span style=\"color:#000000;\">Turris ha entregado 4.108,5 euros al Casal dels Infants que se destinar\u00e1n a nuestros servicios de acompa\u00f1amiento a ni\u00f1os, ni\u00f1as, j\u00f3venes y familias en situaci\u00f3n de vulnerabilidad.<\/span><\/p>\n<p><span style=\"color:#000000;\">Este dinero se recaud\u00f3 gracias a la <a href=\"https:\/\/turris.es\/es\/blog\/noticies\/accio-solidaria-nadal-turris\">acci\u00f3n solidaria de Turris esta Navidad<\/a>, que destin\u00f3 0,5 euros de cada venda de sus tradicionales arbolitos navide\u00f1os al Casal dels Infants.<\/span><\/p>\n<p><span style=\"color:#000000;\">Desde el CAsal dels Infants agradecemos a Turris y a todos sus clientes su compromiso con la igualdad de oportunidades.<\/span><\/p>\n","protected":false},"excerpt":{"rendered":"<p>Turris ha entregado 4.108,5 euros al Casal dels Infants que se destinar\u00e1n a nuestros servicios de acompa\u00f1amiento a ni\u00f1os, ni\u00f1as, j\u00f3venes y familias en situaci\u00f3n de vulnerabilidad. Este dinero se recaud\u00f3 gracias a la acci\u00f3n solidaria de Turris esta Navidad, que destin\u00f3 0,5 euros de cada venda de sus tradicionales arbolitos navide\u00f1os al Casal dels [&hellip;]<\/p>\n","protected":false},"author":1,"featured_media":3101,"comment_status":"open","ping_status":"open","sticky":false,"template":"","format":"standard","meta":{"_acf_changed":false,"_et_pb_use_builder":"","_et_pb_old_content":"","_et_gb_content_width":"","inline_featured_image":false,"footnotes":""},"categories":[125],"tags":[],"seus":[],"eixos":[],"class_list":["post-4309","post","type-post","status-publish","format-standard","has-post-thumbnail","hentry","category-noticias"],"acf":[],"yoast_head":"<!-- This site is optimized with the Yoast SEO plugin v27.4 - https:\/\/yoast.com\/product\/yoast-seo-wordpress\/ -->\n<title>Turris recauda 4.000 euros Casal dels Infants<\/title>\n<meta name=\"description\" content=\"Turris ha entregado 4.108,5 euros al Casal dels Infants que se recaudaron gracias a la acci\u00f3n solidaria de Turris esta NAvidad, que destin\u00f3 0,5 euros de cada venta de sus tradicionales arbolitos navide\u00f1os al Casal dels Infants.\" \/>\n<meta name=\"robots\" content=\"index, follow, max-snippet:-1, max-image-preview:large, max-video-preview:-1\" \/>\n<link rel=\"canonical\" href=\"https:\/\/www.casaldelsinfants.org\/es\/actualidad\/turris-recauda-mas-de-4000-euros-favor-del-casal-dels-infants\/\" \/>\n<meta property=\"og:locale\" content=\"es_ES\" \/>\n<meta property=\"og:type\" content=\"article\" \/>\n<meta property=\"og:title\" content=\"Turris recauda 4.000 euros Casal dels Infants\" \/>\n<meta property=\"og:description\" content=\"Turris ha entregado 4.108,5 euros al Casal dels Infants que se recaudaron gracias a la acci\u00f3n solidaria de Turris esta NAvidad, que destin\u00f3 0,5 euros de cada venta de sus tradicionales arbolitos navide\u00f1os al Casal dels Infants.\" \/>\n<meta property=\"og:url\" content=\"https:\/\/www.casaldelsinfants.org\/es\/actualidad\/turris-recauda-mas-de-4000-euros-favor-del-casal-dels-infants\/\" \/>\n<meta property=\"og:site_name\" content=\"Casal dels Infants\" \/>\n<meta property=\"article:publisher\" content=\"https:\/\/www.facebook.com\/casalinfants\" \/>\n<meta property=\"article:published_time\" content=\"2021-03-09T09:51:33+00:00\" \/>\n<meta property=\"article:modified_time\" content=\"2023-05-01T15:46:51+00:00\" \/>\n<meta property=\"og:image\" content=\"https:\/\/www.casaldelsinfants.org\/wp-content\/uploads\/turris_entrega_xec.jpg\" \/>\n\t<meta property=\"og:image:width\" content=\"2048\" \/>\n\t<meta property=\"og:image:height\" content=\"1536\" \/>\n\t<meta property=\"og:image:type\" content=\"image\/jpeg\" \/>\n<meta name=\"author\" content=\"cdiAdmin\" \/>\n<meta name=\"twitter:card\" content=\"summary_large_image\" \/>\n<meta name=\"twitter:creator\" content=\"@casalinfants\" \/>\n<meta name=\"twitter:site\" content=\"@casalinfants\" \/>\n<meta name=\"twitter:label1\" content=\"Escrito por\" \/>\n\t<meta name=\"twitter:data1\" content=\"cdiAdmin\" \/>\n<script type=\"application\/ld+json\" class=\"yoast-schema-graph\">{\"@context\":\"https:\\\/\\\/schema.org\",\"@graph\":[{\"@type\":\"Article\",\"@id\":\"https:\\\/\\\/www.casaldelsinfants.org\\\/es\\\/actualidad\\\/turris-recauda-mas-de-4000-euros-favor-del-casal-dels-infants\\\/#article\",\"isPartOf\":{\"@id\":\"https:\\\/\\\/www.casaldelsinfants.org\\\/es\\\/actualidad\\\/turris-recauda-mas-de-4000-euros-favor-del-casal-dels-infants\\\/\"},\"author\":{\"name\":\"cdiAdmin\",\"@id\":\"https:\\\/\\\/www.casaldelsinfants.org\\\/es\\\/#\\\/schema\\\/person\\\/97707fc8c64900cf36891127dbf9fba8\"},\"headline\":\"Turris recauda m\u00e1s de 4.000 euros a favor del Casal dels Infants\",\"datePublished\":\"2021-03-09T09:51:33+00:00\",\"dateModified\":\"2023-05-01T15:46:51+00:00\",\"mainEntityOfPage\":{\"@id\":\"https:\\\/\\\/www.casaldelsinfants.org\\\/es\\\/actualidad\\\/turris-recauda-mas-de-4000-euros-favor-del-casal-dels-infants\\\/\"},\"wordCount\":94,\"commentCount\":0,\"publisher\":{\"@id\":\"https:\\\/\\\/www.casaldelsinfants.org\\\/es\\\/#organization\"},\"image\":{\"@id\":\"https:\\\/\\\/www.casaldelsinfants.org\\\/es\\\/actualidad\\\/turris-recauda-mas-de-4000-euros-favor-del-casal-dels-infants\\\/#primaryimage\"},\"thumbnailUrl\":\"https:\\\/\\\/www.casaldelsinfants.org\\\/wp-content\\\/uploads\\\/turris_entrega_xec.jpg\",\"articleSection\":[\"Noticia\"],\"inLanguage\":\"es\",\"potentialAction\":[{\"@type\":\"CommentAction\",\"name\":\"Comment\",\"target\":[\"https:\\\/\\\/www.casaldelsinfants.org\\\/es\\\/actualidad\\\/turris-recauda-mas-de-4000-euros-favor-del-casal-dels-infants\\\/#respond\"]}]},{\"@type\":\"WebPage\",\"@id\":\"https:\\\/\\\/www.casaldelsinfants.org\\\/es\\\/actualidad\\\/turris-recauda-mas-de-4000-euros-favor-del-casal-dels-infants\\\/\",\"url\":\"https:\\\/\\\/www.casaldelsinfants.org\\\/es\\\/actualidad\\\/turris-recauda-mas-de-4000-euros-favor-del-casal-dels-infants\\\/\",\"name\":\"Turris recauda 4.000 euros Casal dels Infants\",\"isPartOf\":{\"@id\":\"https:\\\/\\\/www.casaldelsinfants.org\\\/es\\\/#website\"},\"primaryImageOfPage\":{\"@id\":\"https:\\\/\\\/www.casaldelsinfants.org\\\/es\\\/actualidad\\\/turris-recauda-mas-de-4000-euros-favor-del-casal-dels-infants\\\/#primaryimage\"},\"image\":{\"@id\":\"https:\\\/\\\/www.casaldelsinfants.org\\\/es\\\/actualidad\\\/turris-recauda-mas-de-4000-euros-favor-del-casal-dels-infants\\\/#primaryimage\"},\"thumbnailUrl\":\"https:\\\/\\\/www.casaldelsinfants.org\\\/wp-content\\\/uploads\\\/turris_entrega_xec.jpg\",\"datePublished\":\"2021-03-09T09:51:33+00:00\",\"dateModified\":\"2023-05-01T15:46:51+00:00\",\"description\":\"Turris ha entregado 4.108,5 euros al Casal dels Infants que se recaudaron gracias a la acci\u00f3n solidaria de Turris esta NAvidad, que destin\u00f3 0,5 euros de cada venta de sus tradicionales arbolitos navide\u00f1os al Casal dels Infants.\",\"breadcrumb\":{\"@id\":\"https:\\\/\\\/www.casaldelsinfants.org\\\/es\\\/actualidad\\\/turris-recauda-mas-de-4000-euros-favor-del-casal-dels-infants\\\/#breadcrumb\"},\"inLanguage\":\"es\",\"potentialAction\":[{\"@type\":\"ReadAction\",\"target\":[\"https:\\\/\\\/www.casaldelsinfants.org\\\/es\\\/actualidad\\\/turris-recauda-mas-de-4000-euros-favor-del-casal-dels-infants\\\/\"]}]},{\"@type\":\"ImageObject\",\"inLanguage\":\"es\",\"@id\":\"https:\\\/\\\/www.casaldelsinfants.org\\\/es\\\/actualidad\\\/turris-recauda-mas-de-4000-euros-favor-del-casal-dels-infants\\\/#primaryimage\",\"url\":\"https:\\\/\\\/www.casaldelsinfants.org\\\/wp-content\\\/uploads\\\/turris_entrega_xec.jpg\",\"contentUrl\":\"https:\\\/\\\/www.casaldelsinfants.org\\\/wp-content\\\/uploads\\\/turris_entrega_xec.jpg\",\"width\":2048,\"height\":1536,\"caption\":\"Entrega de la donaci\u00f3 al Casal dels Infants per part de Turris.\"},{\"@type\":\"BreadcrumbList\",\"@id\":\"https:\\\/\\\/www.casaldelsinfants.org\\\/es\\\/actualidad\\\/turris-recauda-mas-de-4000-euros-favor-del-casal-dels-infants\\\/#breadcrumb\",\"itemListElement\":[{\"@type\":\"ListItem\",\"position\":1,\"name\":\"Inici\",\"item\":\"https:\\\/\\\/www.casaldelsinfants.org\\\/es\\\/\"},{\"@type\":\"ListItem\",\"position\":2,\"name\":\"Turris recauda m\u00e1s de 4.000 euros a favor del Casal dels Infants\"}]},{\"@type\":\"WebSite\",\"@id\":\"https:\\\/\\\/www.casaldelsinfants.org\\\/es\\\/#website\",\"url\":\"https:\\\/\\\/www.casaldelsinfants.org\\\/es\\\/\",\"name\":\"Casal dels Infants\",\"description\":\"\",\"publisher\":{\"@id\":\"https:\\\/\\\/www.casaldelsinfants.org\\\/es\\\/#organization\"},\"potentialAction\":[{\"@type\":\"SearchAction\",\"target\":{\"@type\":\"EntryPoint\",\"urlTemplate\":\"https:\\\/\\\/www.casaldelsinfants.org\\\/es\\\/?s={search_term_string}\"},\"query-input\":{\"@type\":\"PropertyValueSpecification\",\"valueRequired\":true,\"valueName\":\"search_term_string\"}}],\"inLanguage\":\"es\"},{\"@type\":\"Organization\",\"@id\":\"https:\\\/\\\/www.casaldelsinfants.org\\\/es\\\/#organization\",\"name\":\"Casal dels Infants\",\"url\":\"https:\\\/\\\/www.casaldelsinfants.org\\\/es\\\/\",\"logo\":{\"@type\":\"ImageObject\",\"inLanguage\":\"es\",\"@id\":\"https:\\\/\\\/www.casaldelsinfants.org\\\/es\\\/#\\\/schema\\\/logo\\\/image\\\/\",\"url\":\"https:\\\/\\\/www.casaldelsinfants.org\\\/wp-content\\\/uploads\\\/logo-mail.png\",\"contentUrl\":\"https:\\\/\\\/www.casaldelsinfants.org\\\/wp-content\\\/uploads\\\/logo-mail.png\",\"width\":380,\"height\":158,\"caption\":\"Casal dels Infants\"},\"image\":{\"@id\":\"https:\\\/\\\/www.casaldelsinfants.org\\\/es\\\/#\\\/schema\\\/logo\\\/image\\\/\"},\"sameAs\":[\"https:\\\/\\\/www.facebook.com\\\/casalinfants\",\"https:\\\/\\\/x.com\\\/casalinfants\",\"https:\\\/\\\/www.youtube.com\\\/user\\\/CasaldelsInfants1\",\"https:\\\/\\\/www.instagram.com\\\/casalinfants\\\/\",\"https:\\\/\\\/www.linkedin.com\\\/company\\\/casaldelsinfants?trk=organization-update_share-update_actor-text\"]},{\"@type\":\"Person\",\"@id\":\"https:\\\/\\\/www.casaldelsinfants.org\\\/es\\\/#\\\/schema\\\/person\\\/97707fc8c64900cf36891127dbf9fba8\",\"name\":\"cdiAdmin\",\"sameAs\":[\"https:\\\/\\\/casaldelsinfants.org\"]}]}<\/script>\n<!-- \/ Yoast SEO plugin. -->","yoast_head_json":{"title":"Turris recauda 4.000 euros Casal dels Infants","description":"Turris ha entregado 4.108,5 euros al Casal dels Infants que se recaudaron gracias a la acci\u00f3n solidaria de Turris esta NAvidad, que destin\u00f3 0,5 euros de cada venta de sus tradicionales arbolitos navide\u00f1os al Casal dels Infants.","robots":{"index":"index","follow":"follow","max-snippet":"max-snippet:-1","max-image-preview":"max-image-preview:large","max-video-preview":"max-video-preview:-1"},"canonical":"https:\/\/www.casaldelsinfants.org\/es\/actualidad\/turris-recauda-mas-de-4000-euros-favor-del-casal-dels-infants\/","og_locale":"es_ES","og_type":"article","og_title":"Turris recauda 4.000 euros Casal dels Infants","og_description":"Turris ha entregado 4.108,5 euros al Casal dels Infants que se recaudaron gracias a la acci\u00f3n solidaria de Turris esta NAvidad, que destin\u00f3 0,5 euros de cada venta de sus tradicionales arbolitos navide\u00f1os al Casal dels Infants.","og_url":"https:\/\/www.casaldelsinfants.org\/es\/actualidad\/turris-recauda-mas-de-4000-euros-favor-del-casal-dels-infants\/","og_site_name":"Casal dels Infants","article_publisher":"https:\/\/www.facebook.com\/casalinfants","article_published_time":"2021-03-09T09:51:33+00:00","article_modified_time":"2023-05-01T15:46:51+00:00","og_image":[{"width":2048,"height":1536,"url":"https:\/\/www.casaldelsinfants.org\/wp-content\/uploads\/turris_entrega_xec.jpg","type":"image\/jpeg"}],"author":"cdiAdmin","twitter_card":"summary_large_image","twitter_creator":"@casalinfants","twitter_site":"@casalinfants","twitter_misc":{"Escrito por":"cdiAdmin"},"schema":{"@context":"https:\/\/schema.org","@graph":[{"@type":"Article","@id":"https:\/\/www.casaldelsinfants.org\/es\/actualidad\/turris-recauda-mas-de-4000-euros-favor-del-casal-dels-infants\/#article","isPartOf":{"@id":"https:\/\/www.casaldelsinfants.org\/es\/actualidad\/turris-recauda-mas-de-4000-euros-favor-del-casal-dels-infants\/"},"author":{"name":"cdiAdmin","@id":"https:\/\/www.casaldelsinfants.org\/es\/#\/schema\/person\/97707fc8c64900cf36891127dbf9fba8"},"headline":"Turris recauda m\u00e1s de 4.000 euros a favor del Casal dels Infants","datePublished":"2021-03-09T09:51:33+00:00","dateModified":"2023-05-01T15:46:51+00:00","mainEntityOfPage":{"@id":"https:\/\/www.casaldelsinfants.org\/es\/actualidad\/turris-recauda-mas-de-4000-euros-favor-del-casal-dels-infants\/"},"wordCount":94,"commentCount":0,"publisher":{"@id":"https:\/\/www.casaldelsinfants.org\/es\/#organization"},"image":{"@id":"https:\/\/www.casaldelsinfants.org\/es\/actualidad\/turris-recauda-mas-de-4000-euros-favor-del-casal-dels-infants\/#primaryimage"},"thumbnailUrl":"https:\/\/www.casaldelsinfants.org\/wp-content\/uploads\/turris_entrega_xec.jpg","articleSection":["Noticia"],"inLanguage":"es","potentialAction":[{"@type":"CommentAction","name":"Comment","target":["https:\/\/www.casaldelsinfants.org\/es\/actualidad\/turris-recauda-mas-de-4000-euros-favor-del-casal-dels-infants\/#respond"]}]},{"@type":"WebPage","@id":"https:\/\/www.casaldelsinfants.org\/es\/actualidad\/turris-recauda-mas-de-4000-euros-favor-del-casal-dels-infants\/","url":"https:\/\/www.casaldelsinfants.org\/es\/actualidad\/turris-recauda-mas-de-4000-euros-favor-del-casal-dels-infants\/","name":"Turris recauda 4.000 euros Casal dels Infants","isPartOf":{"@id":"https:\/\/www.casaldelsinfants.org\/es\/#website"},"primaryImageOfPage":{"@id":"https:\/\/www.casaldelsinfants.org\/es\/actualidad\/turris-recauda-mas-de-4000-euros-favor-del-casal-dels-infants\/#primaryimage"},"image":{"@id":"https:\/\/www.casaldelsinfants.org\/es\/actualidad\/turris-recauda-mas-de-4000-euros-favor-del-casal-dels-infants\/#primaryimage"},"thumbnailUrl":"https:\/\/www.casaldelsinfants.org\/wp-content\/uploads\/turris_entrega_xec.jpg","datePublished":"2021-03-09T09:51:33+00:00","dateModified":"2023-05-01T15:46:51+00:00","description":"Turris ha entregado 4.108,5 euros al Casal dels Infants que se recaudaron gracias a la acci\u00f3n solidaria de Turris esta NAvidad, que destin\u00f3 0,5 euros de cada venta de sus tradicionales arbolitos navide\u00f1os al Casal dels Infants.","breadcrumb":{"@id":"https:\/\/www.casaldelsinfants.org\/es\/actualidad\/turris-recauda-mas-de-4000-euros-favor-del-casal-dels-infants\/#breadcrumb"},"inLanguage":"es","potentialAction":[{"@type":"ReadAction","target":["https:\/\/www.casaldelsinfants.org\/es\/actualidad\/turris-recauda-mas-de-4000-euros-favor-del-casal-dels-infants\/"]}]},{"@type":"ImageObject","inLanguage":"es","@id":"https:\/\/www.casaldelsinfants.org\/es\/actualidad\/turris-recauda-mas-de-4000-euros-favor-del-casal-dels-infants\/#primaryimage","url":"https:\/\/www.casaldelsinfants.org\/wp-content\/uploads\/turris_entrega_xec.jpg","contentUrl":"https:\/\/www.casaldelsinfants.org\/wp-content\/uploads\/turris_entrega_xec.jpg","width":2048,"height":1536,"caption":"Entrega de la donaci\u00f3 al Casal dels Infants per part de Turris."},{"@type":"BreadcrumbList","@id":"https:\/\/www.casaldelsinfants.org\/es\/actualidad\/turris-recauda-mas-de-4000-euros-favor-del-casal-dels-infants\/#breadcrumb","itemListElement":[{"@type":"ListItem","position":1,"name":"Inici","item":"https:\/\/www.casaldelsinfants.org\/es\/"},{"@type":"ListItem","position":2,"name":"Turris recauda m\u00e1s de 4.000 euros a favor del Casal dels Infants"}]},{"@type":"WebSite","@id":"https:\/\/www.casaldelsinfants.org\/es\/#website","url":"https:\/\/www.casaldelsinfants.org\/es\/","name":"Casal dels Infants","description":"","publisher":{"@id":"https:\/\/www.casaldelsinfants.org\/es\/#organization"},"potentialAction":[{"@type":"SearchAction","target":{"@type":"EntryPoint","urlTemplate":"https:\/\/www.casaldelsinfants.org\/es\/?s={search_term_string}"},"query-input":{"@type":"PropertyValueSpecification","valueRequired":true,"valueName":"search_term_string"}}],"inLanguage":"es"},{"@type":"Organization","@id":"https:\/\/www.casaldelsinfants.org\/es\/#organization","name":"Casal dels Infants","url":"https:\/\/www.casaldelsinfants.org\/es\/","logo":{"@type":"ImageObject","inLanguage":"es","@id":"https:\/\/www.casaldelsinfants.org\/es\/#\/schema\/logo\/image\/","url":"https:\/\/www.casaldelsinfants.org\/wp-content\/uploads\/logo-mail.png","contentUrl":"https:\/\/www.casaldelsinfants.org\/wp-content\/uploads\/logo-mail.png","width":380,"height":158,"caption":"Casal dels Infants"},"image":{"@id":"https:\/\/www.casaldelsinfants.org\/es\/#\/schema\/logo\/image\/"},"sameAs":["https:\/\/www.facebook.com\/casalinfants","https:\/\/x.com\/casalinfants","https:\/\/www.youtube.com\/user\/CasaldelsInfants1","https:\/\/www.instagram.com\/casalinfants\/","https:\/\/www.linkedin.com\/company\/casaldelsinfants?trk=organization-update_share-update_actor-text"]},{"@type":"Person","@id":"https:\/\/www.casaldelsinfants.org\/es\/#\/schema\/person\/97707fc8c64900cf36891127dbf9fba8","name":"cdiAdmin","sameAs":["https:\/\/casaldelsinfants.org"]}]}},"publishpress_future_action":{"enabled":false,"date":"2026-05-07 21:18:06","action":"change-status","newStatus":"draft","terms":[],"taxonomy":"category","extraData":[]},"publishpress_future_workflow_manual_trigger":{"enabledWorkflows":[]},"_links":{"self":[{"href":"https:\/\/www.casaldelsinfants.org\/es\/wp-json\/wp\/v2\/posts\/4309","targetHints":{"allow":["GET"]}}],"collection":[{"href":"https:\/\/www.casaldelsinfants.org\/es\/wp-json\/wp\/v2\/posts"}],"about":[{"href":"https:\/\/www.casaldelsinfants.org\/es\/wp-json\/wp\/v2\/types\/post"}],"author":[{"embeddable":true,"href":"https:\/\/www.casaldelsinfants.org\/es\/wp-json\/wp\/v2\/users\/1"}],"replies":[{"embeddable":true,"href":"https:\/\/www.casaldelsinfants.org\/es\/wp-json\/wp\/v2\/comments?post=4309"}],"version-history":[{"count":1,"href":"https:\/\/www.casaldelsinfants.org\/es\/wp-json\/wp\/v2\/posts\/4309\/revisions"}],"predecessor-version":[{"id":6277,"href":"https:\/\/www.casaldelsinfants.org\/es\/wp-json\/wp\/v2\/posts\/4309\/revisions\/6277"}],"wp:featuredmedia":[{"embeddable":true,"href":"https:\/\/www.casaldelsinfants.org\/es\/wp-json\/wp\/v2\/media\/3101"}],"wp:attachment":[{"href":"https:\/\/www.casaldelsinfants.org\/es\/wp-json\/wp\/v2\/media?parent=4309"}],"wp:term":[{"taxonomy":"category","embeddable":true,"href":"https:\/\/www.casaldelsinfants.org\/es\/wp-json\/wp\/v2\/categories?post=4309"},{"taxonomy":"post_tag","embeddable":true,"href":"https:\/\/www.casaldelsinfants.org\/es\/wp-json\/wp\/v2\/tags?post=4309"},{"taxonomy":"seus","embeddable":true,"href":"https:\/\/www.casaldelsinfants.org\/es\/wp-json\/wp\/v2\/seus?post=4309"},{"taxonomy":"eixos","embeddable":true,"href":"https:\/\/www.casaldelsinfants.org\/es\/wp-json\/wp\/v2\/eixos?post=4309"}],"curies":[{"name":"wp","href":"https:\/\/api.w.org\/{rel}","templated":true}]}}