{"id":4310,"date":"2021-02-26T13:23:12","date_gmt":"2021-02-26T11:23:12","guid":{"rendered":"https:\/\/casal.puntzero.cat\/noticies\/amistats-del-raval-adolescents-representant-el-barri-amb-una-camera-analogica\/"},"modified":"2023-05-01T17:46:57","modified_gmt":"2023-05-01T15:46:57","slug":"amistats-del-raval-adolescents-representant-el-barri-amb-una-camera-analogica","status":"publish","type":"post","link":"https:\/\/www.casaldelsinfants.org\/es\/actualidad\/amistades-raval-adolescentes-barrio-con-camara-analogica\/","title":{"rendered":"\u201cAmistades del Raval\u201d: adolescentes del Raval representando el barrio con una c\u00e1mara anal\u00f3gica"},"content":{"rendered":"<p style=\"margin:0cm 0cm 10pt\"><span style=\"color:#000000;\"><span style=\"font-size:11pt\"><span style=\"line-height:115%\"><span style=\"font-family:Calibri,sans-serif\">Doce chicos y chicas participantes de nuestro <strong>Centro Abierto de Adolescentes<\/strong> del barrio del <strong>Raval<\/strong> exponen hasta el 5 de marzo en el Casal de Barri (calle de la Reina Am\u00e0lia, 31) <strong>\u00abAmistades del Raval\u00bb<\/strong>, una muestra de fotograf\u00edas anal\u00f3gicas hechas por ellos y ellas, con las que han querido representar su imagen del barrio.<\/span><\/span><\/span><\/span><\/p>\n<p style=\"margin:0cm 0cm 10pt\"><span style=\"color:#000000;\"><span style=\"font-size:11pt\"><span style=\"line-height:115%\"><span style=\"font-family:Calibri,sans-serif\">Se trata de un proceso creativo que han realizado con el acompa\u00f1amiento de <\/span><\/span><\/span><\/span><u><span style=\"font-size:11pt\"><span style=\"line-height:115%\"><span style=\"font-family:Calibri,sans-serif\"><strong><a href=\"https:\/\/lalaberinta.org\/\">La Laberinta<\/a><\/strong><\/span><\/span><\/span><\/u><span style=\"color:#000000;\"><span style=\"font-size:11pt\"><span style=\"line-height:115%\"><span style=\"font-family:Calibri,sans-serif\">, una cooperativa del barrio que desarrolla proyectos culturales desde la responsabilidad con el territorio y a partir de pr\u00e1cticas colaborativas.<\/span><\/span><\/span><\/span><\/p>\n<p style=\"margin:0cm 0cm 10pt\"><span style=\"color:#000000;\"><span style=\"font-size:11pt\"><span style=\"line-height:115%\"><span style=\"font-family:Calibri,sans-serif\">Todo ello ha sido una reflexi\u00f3n en torno a la identidad, que contrapone la visi\u00f3n del barrio de los chicos y chicas con la imagen estereotipada que a menudo se representa y se gerenaliza a trav\u00e9s de los medios de comunicaci\u00f3n.<\/span><\/span><\/span><\/span><\/p>\n<p style=\"margin:0cm 0cm 10pt\"><span style=\"color:#000000;\"><span style=\"font-size:11pt\"><span style=\"line-height:115%\"><span style=\"font-family:Calibri,sans-serif\">El grupo aprendi\u00f3 a utilizar c\u00e1maras anal\u00f3gicas de un solo uso con el equipo de La Laberinta y decidi\u00f3 qu\u00e9 quer\u00eda representar del barrio. Finalmente, entre todos y todas hicieron una selecci\u00f3n de 20 fotos y prepararon el montaje de la exposici\u00f3n. En<\/span><\/span><\/span><\/span><a href=\"https:\/\/beteve.cat\/cultura\/exposicio-fotografia-joves-raval-folch-torres\/\"><u><strong><span style=\"font-size:11pt\"><span style=\"line-height:115%\"><span style=\"font-family:Calibri,sans-serif\"> este reportaje de Betev\u00e9<\/span><\/span><\/span><\/strong><\/u><\/a><span style=\"color:#000000;\"><span style=\"font-size:11pt\"><span style=\"line-height:115%\"><span style=\"font-family:Calibri,sans-serif\"> explican el proceso creativo Ricardo P\u00e9rez-Hita, de La Laberinta, y tres de los chicos y chicas que comparten la coautor\u00eda de las fotos.<\/span><\/span><\/span><\/span><\/p>\n","protected":false},"excerpt":{"rendered":"<p>Doce chicos y chicas participantes de nuestro Centro Abierto de Adolescentes del barrio del Raval exponen hasta el 5 de marzo en el Casal de Barri (calle de la Reina Am\u00e0lia, 31) \u00abAmistades del Raval\u00bb, una muestra de fotograf\u00edas anal\u00f3gicas hechas por ellos y ellas, con las que han querido representar su imagen del barrio. [&hellip;]<\/p>\n","protected":false},"author":1,"featured_media":3104,"comment_status":"open","ping_status":"open","sticky":false,"template":"","format":"standard","meta":{"_acf_changed":false,"_et_pb_use_builder":"","_et_pb_old_content":"","_et_gb_content_width":"","inline_featured_image":false,"footnotes":""},"categories":[125],"tags":[],"seus":[16],"eixos":[99],"class_list":["post-4310","post","type-post","status-publish","format-standard","has-post-thumbnail","hentry","category-noticias","seus-el-raval","eixos-infancia-y-adolescencia"],"acf":[],"yoast_head":"<!-- This site is optimized with the Yoast SEO plugin v27.4 - https:\/\/yoast.com\/product\/yoast-seo-wordpress\/ -->\n<title>\u201cAmistades del Raval\u201d: adolescentes del Raval representando el barrio con una c\u00e1mara anal\u00f3gica - Casal dels Infants<\/title>\n<meta name=\"robots\" content=\"index, follow, max-snippet:-1, max-image-preview:large, max-video-preview:-1\" \/>\n<link rel=\"canonical\" href=\"https:\/\/www.casaldelsinfants.org\/es\/actualidad\/amistades-raval-adolescentes-barrio-con-camara-analogica\/\" \/>\n<meta property=\"og:locale\" content=\"es_ES\" \/>\n<meta property=\"og:type\" content=\"article\" \/>\n<meta property=\"og:title\" content=\"\u201cAmistades del Raval\u201d: adolescentes del Raval representando el barrio con una c\u00e1mara anal\u00f3gica - Casal dels Infants\" \/>\n<meta property=\"og:description\" content=\"Doce chicos y chicas participantes de nuestro Centro Abierto de Adolescentes del barrio del Raval exponen hasta el 5 de marzo en el Casal de Barri (calle de la Reina Am\u00e0lia, 31) \u00abAmistades del Raval\u00bb, una muestra de fotograf\u00edas anal\u00f3gicas hechas por ellos y ellas, con las que han querido representar su imagen del barrio. [&hellip;]\" \/>\n<meta property=\"og:url\" content=\"https:\/\/www.casaldelsinfants.org\/es\/actualidad\/amistades-raval-adolescentes-barrio-con-camara-analogica\/\" \/>\n<meta property=\"og:site_name\" content=\"Casal dels Infants\" \/>\n<meta property=\"article:publisher\" content=\"https:\/\/www.facebook.com\/casalinfants\" \/>\n<meta property=\"article:published_time\" content=\"2021-02-26T11:23:12+00:00\" \/>\n<meta property=\"article:modified_time\" content=\"2023-05-01T15:46:57+00:00\" \/>\n<meta property=\"og:image\" content=\"https:\/\/www.casaldelsinfants.org\/wp-content\/uploads\/whatsapp_image_2021-02-26_at_13.54.43.jpeg\" \/>\n\t<meta property=\"og:image:width\" content=\"1971\" \/>\n\t<meta property=\"og:image:height\" content=\"1360\" \/>\n\t<meta property=\"og:image:type\" content=\"image\/jpeg\" \/>\n<meta name=\"author\" content=\"cdiAdmin\" \/>\n<meta name=\"twitter:card\" content=\"summary_large_image\" \/>\n<meta name=\"twitter:creator\" content=\"@casalinfants\" \/>\n<meta name=\"twitter:site\" content=\"@casalinfants\" \/>\n<meta name=\"twitter:label1\" content=\"Escrito por\" \/>\n\t<meta name=\"twitter:data1\" content=\"cdiAdmin\" \/>\n\t<meta name=\"twitter:label2\" content=\"Tiempo de lectura\" \/>\n\t<meta name=\"twitter:data2\" content=\"1 minuto\" \/>\n<script type=\"application\/ld+json\" class=\"yoast-schema-graph\">{\"@context\":\"https:\\\/\\\/schema.org\",\"@graph\":[{\"@type\":\"Article\",\"@id\":\"https:\\\/\\\/www.casaldelsinfants.org\\\/es\\\/actualidad\\\/amistades-raval-adolescentes-barrio-con-camara-analogica\\\/#article\",\"isPartOf\":{\"@id\":\"https:\\\/\\\/www.casaldelsinfants.org\\\/es\\\/actualidad\\\/amistades-raval-adolescentes-barrio-con-camara-analogica\\\/\"},\"author\":{\"name\":\"cdiAdmin\",\"@id\":\"https:\\\/\\\/www.casaldelsinfants.org\\\/es\\\/#\\\/schema\\\/person\\\/97707fc8c64900cf36891127dbf9fba8\"},\"headline\":\"\u201cAmistades del Raval\u201d: adolescentes del Raval representando el barrio con una c\u00e1mara anal\u00f3gica\",\"datePublished\":\"2021-02-26T11:23:12+00:00\",\"dateModified\":\"2023-05-01T15:46:57+00:00\",\"mainEntityOfPage\":{\"@id\":\"https:\\\/\\\/www.casaldelsinfants.org\\\/es\\\/actualidad\\\/amistades-raval-adolescentes-barrio-con-camara-analogica\\\/\"},\"wordCount\":229,\"commentCount\":0,\"publisher\":{\"@id\":\"https:\\\/\\\/www.casaldelsinfants.org\\\/es\\\/#organization\"},\"image\":{\"@id\":\"https:\\\/\\\/www.casaldelsinfants.org\\\/es\\\/actualidad\\\/amistades-raval-adolescentes-barrio-con-camara-analogica\\\/#primaryimage\"},\"thumbnailUrl\":\"https:\\\/\\\/www.casaldelsinfants.org\\\/wp-content\\\/uploads\\\/whatsapp_image_2021-02-26_at_13.54.43.jpeg\",\"articleSection\":[\"Noticia\"],\"inLanguage\":\"es\",\"potentialAction\":[{\"@type\":\"CommentAction\",\"name\":\"Comment\",\"target\":[\"https:\\\/\\\/www.casaldelsinfants.org\\\/es\\\/actualidad\\\/amistades-raval-adolescentes-barrio-con-camara-analogica\\\/#respond\"]}]},{\"@type\":\"WebPage\",\"@id\":\"https:\\\/\\\/www.casaldelsinfants.org\\\/es\\\/actualidad\\\/amistades-raval-adolescentes-barrio-con-camara-analogica\\\/\",\"url\":\"https:\\\/\\\/www.casaldelsinfants.org\\\/es\\\/actualidad\\\/amistades-raval-adolescentes-barrio-con-camara-analogica\\\/\",\"name\":\"\u201cAmistades del Raval\u201d: adolescentes del Raval representando el barrio con una c\u00e1mara anal\u00f3gica - Casal dels Infants\",\"isPartOf\":{\"@id\":\"https:\\\/\\\/www.casaldelsinfants.org\\\/es\\\/#website\"},\"primaryImageOfPage\":{\"@id\":\"https:\\\/\\\/www.casaldelsinfants.org\\\/es\\\/actualidad\\\/amistades-raval-adolescentes-barrio-con-camara-analogica\\\/#primaryimage\"},\"image\":{\"@id\":\"https:\\\/\\\/www.casaldelsinfants.org\\\/es\\\/actualidad\\\/amistades-raval-adolescentes-barrio-con-camara-analogica\\\/#primaryimage\"},\"thumbnailUrl\":\"https:\\\/\\\/www.casaldelsinfants.org\\\/wp-content\\\/uploads\\\/whatsapp_image_2021-02-26_at_13.54.43.jpeg\",\"datePublished\":\"2021-02-26T11:23:12+00:00\",\"dateModified\":\"2023-05-01T15:46:57+00:00\",\"breadcrumb\":{\"@id\":\"https:\\\/\\\/www.casaldelsinfants.org\\\/es\\\/actualidad\\\/amistades-raval-adolescentes-barrio-con-camara-analogica\\\/#breadcrumb\"},\"inLanguage\":\"es\",\"potentialAction\":[{\"@type\":\"ReadAction\",\"target\":[\"https:\\\/\\\/www.casaldelsinfants.org\\\/es\\\/actualidad\\\/amistades-raval-adolescentes-barrio-con-camara-analogica\\\/\"]}]},{\"@type\":\"ImageObject\",\"inLanguage\":\"es\",\"@id\":\"https:\\\/\\\/www.casaldelsinfants.org\\\/es\\\/actualidad\\\/amistades-raval-adolescentes-barrio-con-camara-analogica\\\/#primaryimage\",\"url\":\"https:\\\/\\\/www.casaldelsinfants.org\\\/wp-content\\\/uploads\\\/whatsapp_image_2021-02-26_at_13.54.43.jpeg\",\"contentUrl\":\"https:\\\/\\\/www.casaldelsinfants.org\\\/wp-content\\\/uploads\\\/whatsapp_image_2021-02-26_at_13.54.43.jpeg\",\"width\":1971,\"height\":1360,\"caption\":\"joves amb mascareta a l'exposici\u00f3 \\\"Amistats del Raval\\\"\"},{\"@type\":\"BreadcrumbList\",\"@id\":\"https:\\\/\\\/www.casaldelsinfants.org\\\/es\\\/actualidad\\\/amistades-raval-adolescentes-barrio-con-camara-analogica\\\/#breadcrumb\",\"itemListElement\":[{\"@type\":\"ListItem\",\"position\":1,\"name\":\"Inici\",\"item\":\"https:\\\/\\\/www.casaldelsinfants.org\\\/es\\\/\"},{\"@type\":\"ListItem\",\"position\":2,\"name\":\"\u201cAmistades del Raval\u201d: adolescentes del Raval representando el barrio con una c\u00e1mara anal\u00f3gica\"}]},{\"@type\":\"WebSite\",\"@id\":\"https:\\\/\\\/www.casaldelsinfants.org\\\/es\\\/#website\",\"url\":\"https:\\\/\\\/www.casaldelsinfants.org\\\/es\\\/\",\"name\":\"Casal dels Infants\",\"description\":\"\",\"publisher\":{\"@id\":\"https:\\\/\\\/www.casaldelsinfants.org\\\/es\\\/#organization\"},\"potentialAction\":[{\"@type\":\"SearchAction\",\"target\":{\"@type\":\"EntryPoint\",\"urlTemplate\":\"https:\\\/\\\/www.casaldelsinfants.org\\\/es\\\/?s={search_term_string}\"},\"query-input\":{\"@type\":\"PropertyValueSpecification\",\"valueRequired\":true,\"valueName\":\"search_term_string\"}}],\"inLanguage\":\"es\"},{\"@type\":\"Organization\",\"@id\":\"https:\\\/\\\/www.casaldelsinfants.org\\\/es\\\/#organization\",\"name\":\"Casal dels Infants\",\"url\":\"https:\\\/\\\/www.casaldelsinfants.org\\\/es\\\/\",\"logo\":{\"@type\":\"ImageObject\",\"inLanguage\":\"es\",\"@id\":\"https:\\\/\\\/www.casaldelsinfants.org\\\/es\\\/#\\\/schema\\\/logo\\\/image\\\/\",\"url\":\"https:\\\/\\\/www.casaldelsinfants.org\\\/wp-content\\\/uploads\\\/logo-mail.png\",\"contentUrl\":\"https:\\\/\\\/www.casaldelsinfants.org\\\/wp-content\\\/uploads\\\/logo-mail.png\",\"width\":380,\"height\":158,\"caption\":\"Casal dels Infants\"},\"image\":{\"@id\":\"https:\\\/\\\/www.casaldelsinfants.org\\\/es\\\/#\\\/schema\\\/logo\\\/image\\\/\"},\"sameAs\":[\"https:\\\/\\\/www.facebook.com\\\/casalinfants\",\"https:\\\/\\\/x.com\\\/casalinfants\",\"https:\\\/\\\/www.youtube.com\\\/user\\\/CasaldelsInfants1\",\"https:\\\/\\\/www.instagram.com\\\/casalinfants\\\/\",\"https:\\\/\\\/www.linkedin.com\\\/company\\\/casaldelsinfants?trk=organization-update_share-update_actor-text\"]},{\"@type\":\"Person\",\"@id\":\"https:\\\/\\\/www.casaldelsinfants.org\\\/es\\\/#\\\/schema\\\/person\\\/97707fc8c64900cf36891127dbf9fba8\",\"name\":\"cdiAdmin\",\"sameAs\":[\"https:\\\/\\\/casaldelsinfants.org\"]}]}<\/script>\n<!-- \/ Yoast SEO plugin. -->","yoast_head_json":{"title":"\u201cAmistades del Raval\u201d: adolescentes del Raval representando el barrio con una c\u00e1mara anal\u00f3gica - Casal dels Infants","robots":{"index":"index","follow":"follow","max-snippet":"max-snippet:-1","max-image-preview":"max-image-preview:large","max-video-preview":"max-video-preview:-1"},"canonical":"https:\/\/www.casaldelsinfants.org\/es\/actualidad\/amistades-raval-adolescentes-barrio-con-camara-analogica\/","og_locale":"es_ES","og_type":"article","og_title":"\u201cAmistades del Raval\u201d: adolescentes del Raval representando el barrio con una c\u00e1mara anal\u00f3gica - Casal dels Infants","og_description":"Doce chicos y chicas participantes de nuestro Centro Abierto de Adolescentes del barrio del Raval exponen hasta el 5 de marzo en el Casal de Barri (calle de la Reina Am\u00e0lia, 31) \u00abAmistades del Raval\u00bb, una muestra de fotograf\u00edas anal\u00f3gicas hechas por ellos y ellas, con las que han querido representar su imagen del barrio. [&hellip;]","og_url":"https:\/\/www.casaldelsinfants.org\/es\/actualidad\/amistades-raval-adolescentes-barrio-con-camara-analogica\/","og_site_name":"Casal dels Infants","article_publisher":"https:\/\/www.facebook.com\/casalinfants","article_published_time":"2021-02-26T11:23:12+00:00","article_modified_time":"2023-05-01T15:46:57+00:00","og_image":[{"width":1971,"height":1360,"url":"https:\/\/www.casaldelsinfants.org\/wp-content\/uploads\/whatsapp_image_2021-02-26_at_13.54.43.jpeg","type":"image\/jpeg"}],"author":"cdiAdmin","twitter_card":"summary_large_image","twitter_creator":"@casalinfants","twitter_site":"@casalinfants","twitter_misc":{"Escrito por":"cdiAdmin","Tiempo de lectura":"1 minuto"},"schema":{"@context":"https:\/\/schema.org","@graph":[{"@type":"Article","@id":"https:\/\/www.casaldelsinfants.org\/es\/actualidad\/amistades-raval-adolescentes-barrio-con-camara-analogica\/#article","isPartOf":{"@id":"https:\/\/www.casaldelsinfants.org\/es\/actualidad\/amistades-raval-adolescentes-barrio-con-camara-analogica\/"},"author":{"name":"cdiAdmin","@id":"https:\/\/www.casaldelsinfants.org\/es\/#\/schema\/person\/97707fc8c64900cf36891127dbf9fba8"},"headline":"\u201cAmistades del Raval\u201d: adolescentes del Raval representando el barrio con una c\u00e1mara anal\u00f3gica","datePublished":"2021-02-26T11:23:12+00:00","dateModified":"2023-05-01T15:46:57+00:00","mainEntityOfPage":{"@id":"https:\/\/www.casaldelsinfants.org\/es\/actualidad\/amistades-raval-adolescentes-barrio-con-camara-analogica\/"},"wordCount":229,"commentCount":0,"publisher":{"@id":"https:\/\/www.casaldelsinfants.org\/es\/#organization"},"image":{"@id":"https:\/\/www.casaldelsinfants.org\/es\/actualidad\/amistades-raval-adolescentes-barrio-con-camara-analogica\/#primaryimage"},"thumbnailUrl":"https:\/\/www.casaldelsinfants.org\/wp-content\/uploads\/whatsapp_image_2021-02-26_at_13.54.43.jpeg","articleSection":["Noticia"],"inLanguage":"es","potentialAction":[{"@type":"CommentAction","name":"Comment","target":["https:\/\/www.casaldelsinfants.org\/es\/actualidad\/amistades-raval-adolescentes-barrio-con-camara-analogica\/#respond"]}]},{"@type":"WebPage","@id":"https:\/\/www.casaldelsinfants.org\/es\/actualidad\/amistades-raval-adolescentes-barrio-con-camara-analogica\/","url":"https:\/\/www.casaldelsinfants.org\/es\/actualidad\/amistades-raval-adolescentes-barrio-con-camara-analogica\/","name":"\u201cAmistades del Raval\u201d: adolescentes del Raval representando el barrio con una c\u00e1mara anal\u00f3gica - Casal dels Infants","isPartOf":{"@id":"https:\/\/www.casaldelsinfants.org\/es\/#website"},"primaryImageOfPage":{"@id":"https:\/\/www.casaldelsinfants.org\/es\/actualidad\/amistades-raval-adolescentes-barrio-con-camara-analogica\/#primaryimage"},"image":{"@id":"https:\/\/www.casaldelsinfants.org\/es\/actualidad\/amistades-raval-adolescentes-barrio-con-camara-analogica\/#primaryimage"},"thumbnailUrl":"https:\/\/www.casaldelsinfants.org\/wp-content\/uploads\/whatsapp_image_2021-02-26_at_13.54.43.jpeg","datePublished":"2021-02-26T11:23:12+00:00","dateModified":"2023-05-01T15:46:57+00:00","breadcrumb":{"@id":"https:\/\/www.casaldelsinfants.org\/es\/actualidad\/amistades-raval-adolescentes-barrio-con-camara-analogica\/#breadcrumb"},"inLanguage":"es","potentialAction":[{"@type":"ReadAction","target":["https:\/\/www.casaldelsinfants.org\/es\/actualidad\/amistades-raval-adolescentes-barrio-con-camara-analogica\/"]}]},{"@type":"ImageObject","inLanguage":"es","@id":"https:\/\/www.casaldelsinfants.org\/es\/actualidad\/amistades-raval-adolescentes-barrio-con-camara-analogica\/#primaryimage","url":"https:\/\/www.casaldelsinfants.org\/wp-content\/uploads\/whatsapp_image_2021-02-26_at_13.54.43.jpeg","contentUrl":"https:\/\/www.casaldelsinfants.org\/wp-content\/uploads\/whatsapp_image_2021-02-26_at_13.54.43.jpeg","width":1971,"height":1360,"caption":"joves amb mascareta a l'exposici\u00f3 \"Amistats del Raval\""},{"@type":"BreadcrumbList","@id":"https:\/\/www.casaldelsinfants.org\/es\/actualidad\/amistades-raval-adolescentes-barrio-con-camara-analogica\/#breadcrumb","itemListElement":[{"@type":"ListItem","position":1,"name":"Inici","item":"https:\/\/www.casaldelsinfants.org\/es\/"},{"@type":"ListItem","position":2,"name":"\u201cAmistades del Raval\u201d: adolescentes del Raval representando el barrio con una c\u00e1mara anal\u00f3gica"}]},{"@type":"WebSite","@id":"https:\/\/www.casaldelsinfants.org\/es\/#website","url":"https:\/\/www.casaldelsinfants.org\/es\/","name":"Casal dels Infants","description":"","publisher":{"@id":"https:\/\/www.casaldelsinfants.org\/es\/#organization"},"potentialAction":[{"@type":"SearchAction","target":{"@type":"EntryPoint","urlTemplate":"https:\/\/www.casaldelsinfants.org\/es\/?s={search_term_string}"},"query-input":{"@type":"PropertyValueSpecification","valueRequired":true,"valueName":"search_term_string"}}],"inLanguage":"es"},{"@type":"Organization","@id":"https:\/\/www.casaldelsinfants.org\/es\/#organization","name":"Casal dels Infants","url":"https:\/\/www.casaldelsinfants.org\/es\/","logo":{"@type":"ImageObject","inLanguage":"es","@id":"https:\/\/www.casaldelsinfants.org\/es\/#\/schema\/logo\/image\/","url":"https:\/\/www.casaldelsinfants.org\/wp-content\/uploads\/logo-mail.png","contentUrl":"https:\/\/www.casaldelsinfants.org\/wp-content\/uploads\/logo-mail.png","width":380,"height":158,"caption":"Casal dels Infants"},"image":{"@id":"https:\/\/www.casaldelsinfants.org\/es\/#\/schema\/logo\/image\/"},"sameAs":["https:\/\/www.facebook.com\/casalinfants","https:\/\/x.com\/casalinfants","https:\/\/www.youtube.com\/user\/CasaldelsInfants1","https:\/\/www.instagram.com\/casalinfants\/","https:\/\/www.linkedin.com\/company\/casaldelsinfants?trk=organization-update_share-update_actor-text"]},{"@type":"Person","@id":"https:\/\/www.casaldelsinfants.org\/es\/#\/schema\/person\/97707fc8c64900cf36891127dbf9fba8","name":"cdiAdmin","sameAs":["https:\/\/casaldelsinfants.org"]}]}},"publishpress_future_action":{"enabled":false,"date":"2026-05-08 15:49:29","action":"change-status","newStatus":"draft","terms":[],"taxonomy":"category","extraData":[]},"publishpress_future_workflow_manual_trigger":{"enabledWorkflows":[]},"_links":{"self":[{"href":"https:\/\/www.casaldelsinfants.org\/es\/wp-json\/wp\/v2\/posts\/4310","targetHints":{"allow":["GET"]}}],"collection":[{"href":"https:\/\/www.casaldelsinfants.org\/es\/wp-json\/wp\/v2\/posts"}],"about":[{"href":"https:\/\/www.casaldelsinfants.org\/es\/wp-json\/wp\/v2\/types\/post"}],"author":[{"embeddable":true,"href":"https:\/\/www.casaldelsinfants.org\/es\/wp-json\/wp\/v2\/users\/1"}],"replies":[{"embeddable":true,"href":"https:\/\/www.casaldelsinfants.org\/es\/wp-json\/wp\/v2\/comments?post=4310"}],"version-history":[{"count":1,"href":"https:\/\/www.casaldelsinfants.org\/es\/wp-json\/wp\/v2\/posts\/4310\/revisions"}],"predecessor-version":[{"id":6278,"href":"https:\/\/www.casaldelsinfants.org\/es\/wp-json\/wp\/v2\/posts\/4310\/revisions\/6278"}],"wp:featuredmedia":[{"embeddable":true,"href":"https:\/\/www.casaldelsinfants.org\/es\/wp-json\/wp\/v2\/media\/3104"}],"wp:attachment":[{"href":"https:\/\/www.casaldelsinfants.org\/es\/wp-json\/wp\/v2\/media?parent=4310"}],"wp:term":[{"taxonomy":"category","embeddable":true,"href":"https:\/\/www.casaldelsinfants.org\/es\/wp-json\/wp\/v2\/categories?post=4310"},{"taxonomy":"post_tag","embeddable":true,"href":"https:\/\/www.casaldelsinfants.org\/es\/wp-json\/wp\/v2\/tags?post=4310"},{"taxonomy":"seus","embeddable":true,"href":"https:\/\/www.casaldelsinfants.org\/es\/wp-json\/wp\/v2\/seus?post=4310"},{"taxonomy":"eixos","embeddable":true,"href":"https:\/\/www.casaldelsinfants.org\/es\/wp-json\/wp\/v2\/eixos?post=4310"}],"curies":[{"name":"wp","href":"https:\/\/api.w.org\/{rel}","templated":true}]}}