{"id":4312,"date":"2021-02-26T11:48:30","date_gmt":"2021-02-26T09:48:30","guid":{"rendered":"https:\/\/casal.puntzero.cat\/noticies\/la-xarxa-kalimat-condemna-la-mort-de-29-persones-un-taller-textil-tanger\/"},"modified":"2023-05-25T00:14:49","modified_gmt":"2023-05-24T22:14:49","slug":"la-xarxa-kalimat-condemna-la-mort-de-29-persones-un-taller-textil-tanger","status":"publish","type":"post","link":"https:\/\/www.casaldelsinfants.org\/es\/actualidad\/la-red-kalimat-condena-la-muerte-de-29-personas-en-un-taller-textil-en-tanger\/","title":{"rendered":"La red Kalimat condena la muerte de 29 personas en un taller t\u00e9xtil en T\u00e1nger"},"content":{"rendered":"<p><span style=\"color:#000000;\">Las nueve entidades sociales que integramos la red Kalimat hemos condenado en un <\/span><a href=\"https:\/\/twitter.com\/casalinfants\/status\/1361351067334807554\"><u>comunicado<\/u><\/a><span style=\"color:#000000;\"> (en franc\u00e9s) la muerte de 29 personas en un taller textil en T\u00e1nger el 23 de febrero. En el texto reclamamos una investigaci\u00f3n de los hechos y una pol\u00edtica de protecci\u00f3n social en Marruecos que garantice los derechos laborales y sociales de los trabajadores y trabajadoras.<\/span><\/p>\n<p><span style=\"color:#000000;\">Kalimat es una red de entidades sociales que promueve la cohesi\u00f3n social y la acci\u00f3n comunitaria en defensa de los derechos y la protecci\u00f3n social de las mujeres, los ni\u00f1os y ni\u00f1as en situaci\u00f3n de vulnerabilidad en T\u00e1nger. La creamos en 2018 el Casal dels Infants de Marruecos juntamente con las entidaes sociales Hasnouna (AHSUD), Nahda y la Uni\u00f3n de la Acci\u00f3n Feminista-secci\u00f3n T\u00e0nger (UAF), y actualmente tambi\u00e9n la integran AICEED, ASCJ, 100% Mamans, Agissons pour la femme, AMNA y Fondation Orient Occident.<\/span><\/p>\n<p><span style=\"color:#000000;\">La muerte de estas personas se produjo pocas semanas despu\u00e9s de que Kalimat participara, a finales de enero, en una <\/span><u><a href=\"https:\/\/www.casaldelsinfants.org\/es\/actualidad\/proteccion-social-xarxa-kalimat\/\">sesi\u00f3n telem\u00e1tica de consultadas organizada por el Sistema de Naciones Unidas para el Desarrollo en Marruecos<\/a><\/u><span style=\"color:#000000;\">. En este encuentro expusimos a trav\u00e9s de Claire Trichot, directora del Casal dels Infants en Marruecos, las recomendaciones de deber\u00edan tenerse en cuenta en la reforma del sistema de protecci\u00f3n social, para conseguir un nuevo modelo inclusivo, no discriminatorio y que vele por los derechos humanos.<\/span><br \/>\n\u00a0<\/p>\n","protected":false},"excerpt":{"rendered":"<p>Las nueve entidades sociales que integramos la red Kalimat hemos condenado en un comunicado (en franc\u00e9s) la muerte de 29 personas en un taller textil en T\u00e1nger el 23 de febrero. En el texto reclamamos una investigaci\u00f3n de los hechos y una pol\u00edtica de protecci\u00f3n social en Marruecos que garantice los derechos laborales y sociales [&hellip;]<\/p>\n","protected":false},"author":1,"featured_media":3110,"comment_status":"open","ping_status":"open","sticky":false,"template":"","format":"standard","meta":{"_acf_changed":false,"_et_pb_use_builder":"","_et_pb_old_content":"","_et_gb_content_width":"","inline_featured_image":false,"footnotes":""},"categories":[125],"tags":[],"seus":[158],"eixos":[110],"class_list":["post-4312","post","type-post","status-publish","format-standard","has-post-thumbnail","hentry","category-noticias","seus-marruecos","eixos-comunidad-casal-dels-infants"],"acf":[],"yoast_head":"<!-- This site is optimized with the Yoast SEO plugin v27.4 - https:\/\/yoast.com\/product\/yoast-seo-wordpress\/ -->\n<title>La red Kalimat condena la muerte de 29 personas en un taller t\u00e9xtil en T\u00e1nger - Casal dels Infants<\/title>\n<meta name=\"robots\" content=\"index, follow, max-snippet:-1, max-image-preview:large, max-video-preview:-1\" \/>\n<link rel=\"canonical\" href=\"https:\/\/www.casaldelsinfants.org\/es\/actualidad\/la-red-kalimat-condena-la-muerte-de-29-personas-en-un-taller-textil-en-tanger\/\" \/>\n<meta property=\"og:locale\" content=\"es_ES\" \/>\n<meta property=\"og:type\" content=\"article\" \/>\n<meta property=\"og:title\" content=\"La red Kalimat condena la muerte de 29 personas en un taller t\u00e9xtil en T\u00e1nger - Casal dels Infants\" \/>\n<meta property=\"og:description\" content=\"Las nueve entidades sociales que integramos la red Kalimat hemos condenado en un comunicado (en franc\u00e9s) la muerte de 29 personas en un taller textil en T\u00e1nger el 23 de febrero. En el texto reclamamos una investigaci\u00f3n de los hechos y una pol\u00edtica de protecci\u00f3n social en Marruecos que garantice los derechos laborales y sociales [&hellip;]\" \/>\n<meta property=\"og:url\" content=\"https:\/\/www.casaldelsinfants.org\/es\/actualidad\/la-red-kalimat-condena-la-muerte-de-29-personas-en-un-taller-textil-en-tanger\/\" \/>\n<meta property=\"og:site_name\" content=\"Casal dels Infants\" \/>\n<meta property=\"article:publisher\" content=\"https:\/\/www.facebook.com\/casalinfants\" \/>\n<meta property=\"article:published_time\" content=\"2021-02-26T09:48:30+00:00\" \/>\n<meta property=\"article:modified_time\" content=\"2023-05-24T22:14:49+00:00\" \/>\n<meta property=\"og:image\" content=\"https:\/\/www.casaldelsinfants.org\/wp-content\/uploads\/tallers_tanger_eldiarioes.jpg\" \/>\n\t<meta property=\"og:image:width\" content=\"1200\" \/>\n\t<meta property=\"og:image:height\" content=\"628\" \/>\n\t<meta property=\"og:image:type\" content=\"image\/jpeg\" \/>\n<meta name=\"author\" content=\"cdiAdmin\" \/>\n<meta name=\"twitter:card\" content=\"summary_large_image\" \/>\n<meta name=\"twitter:creator\" content=\"@casalinfants\" \/>\n<meta name=\"twitter:site\" content=\"@casalinfants\" \/>\n<meta name=\"twitter:label1\" content=\"Escrito por\" \/>\n\t<meta name=\"twitter:data1\" content=\"cdiAdmin\" \/>\n\t<meta name=\"twitter:label2\" content=\"Tiempo de lectura\" \/>\n\t<meta name=\"twitter:data2\" content=\"2 minutos\" \/>\n<script type=\"application\/ld+json\" class=\"yoast-schema-graph\">{\"@context\":\"https:\\\/\\\/schema.org\",\"@graph\":[{\"@type\":\"Article\",\"@id\":\"https:\\\/\\\/www.casaldelsinfants.org\\\/es\\\/actualidad\\\/la-red-kalimat-condena-la-muerte-de-29-personas-en-un-taller-textil-en-tanger\\\/#article\",\"isPartOf\":{\"@id\":\"https:\\\/\\\/www.casaldelsinfants.org\\\/es\\\/actualidad\\\/la-red-kalimat-condena-la-muerte-de-29-personas-en-un-taller-textil-en-tanger\\\/\"},\"author\":{\"name\":\"cdiAdmin\",\"@id\":\"https:\\\/\\\/www.casaldelsinfants.org\\\/es\\\/#\\\/schema\\\/person\\\/97707fc8c64900cf36891127dbf9fba8\"},\"headline\":\"La red Kalimat condena la muerte de 29 personas en un taller t\u00e9xtil en T\u00e1nger\",\"datePublished\":\"2021-02-26T09:48:30+00:00\",\"dateModified\":\"2023-05-24T22:14:49+00:00\",\"mainEntityOfPage\":{\"@id\":\"https:\\\/\\\/www.casaldelsinfants.org\\\/es\\\/actualidad\\\/la-red-kalimat-condena-la-muerte-de-29-personas-en-un-taller-textil-en-tanger\\\/\"},\"wordCount\":260,\"commentCount\":0,\"publisher\":{\"@id\":\"https:\\\/\\\/www.casaldelsinfants.org\\\/es\\\/#organization\"},\"image\":{\"@id\":\"https:\\\/\\\/www.casaldelsinfants.org\\\/es\\\/actualidad\\\/la-red-kalimat-condena-la-muerte-de-29-personas-en-un-taller-textil-en-tanger\\\/#primaryimage\"},\"thumbnailUrl\":\"https:\\\/\\\/www.casaldelsinfants.org\\\/wp-content\\\/uploads\\\/tallers_tanger_eldiarioes.jpg\",\"articleSection\":[\"Noticia\"],\"inLanguage\":\"es\",\"potentialAction\":[{\"@type\":\"CommentAction\",\"name\":\"Comment\",\"target\":[\"https:\\\/\\\/www.casaldelsinfants.org\\\/es\\\/actualidad\\\/la-red-kalimat-condena-la-muerte-de-29-personas-en-un-taller-textil-en-tanger\\\/#respond\"]}]},{\"@type\":\"WebPage\",\"@id\":\"https:\\\/\\\/www.casaldelsinfants.org\\\/es\\\/actualidad\\\/la-red-kalimat-condena-la-muerte-de-29-personas-en-un-taller-textil-en-tanger\\\/\",\"url\":\"https:\\\/\\\/www.casaldelsinfants.org\\\/es\\\/actualidad\\\/la-red-kalimat-condena-la-muerte-de-29-personas-en-un-taller-textil-en-tanger\\\/\",\"name\":\"La red Kalimat condena la muerte de 29 personas en un taller t\u00e9xtil en T\u00e1nger - Casal dels Infants\",\"isPartOf\":{\"@id\":\"https:\\\/\\\/www.casaldelsinfants.org\\\/es\\\/#website\"},\"primaryImageOfPage\":{\"@id\":\"https:\\\/\\\/www.casaldelsinfants.org\\\/es\\\/actualidad\\\/la-red-kalimat-condena-la-muerte-de-29-personas-en-un-taller-textil-en-tanger\\\/#primaryimage\"},\"image\":{\"@id\":\"https:\\\/\\\/www.casaldelsinfants.org\\\/es\\\/actualidad\\\/la-red-kalimat-condena-la-muerte-de-29-personas-en-un-taller-textil-en-tanger\\\/#primaryimage\"},\"thumbnailUrl\":\"https:\\\/\\\/www.casaldelsinfants.org\\\/wp-content\\\/uploads\\\/tallers_tanger_eldiarioes.jpg\",\"datePublished\":\"2021-02-26T09:48:30+00:00\",\"dateModified\":\"2023-05-24T22:14:49+00:00\",\"breadcrumb\":{\"@id\":\"https:\\\/\\\/www.casaldelsinfants.org\\\/es\\\/actualidad\\\/la-red-kalimat-condena-la-muerte-de-29-personas-en-un-taller-textil-en-tanger\\\/#breadcrumb\"},\"inLanguage\":\"es\",\"potentialAction\":[{\"@type\":\"ReadAction\",\"target\":[\"https:\\\/\\\/www.casaldelsinfants.org\\\/es\\\/actualidad\\\/la-red-kalimat-condena-la-muerte-de-29-personas-en-un-taller-textil-en-tanger\\\/\"]}]},{\"@type\":\"ImageObject\",\"inLanguage\":\"es\",\"@id\":\"https:\\\/\\\/www.casaldelsinfants.org\\\/es\\\/actualidad\\\/la-red-kalimat-condena-la-muerte-de-29-personas-en-un-taller-textil-en-tanger\\\/#primaryimage\",\"url\":\"https:\\\/\\\/www.casaldelsinfants.org\\\/wp-content\\\/uploads\\\/tallers_tanger_eldiarioes.jpg\",\"contentUrl\":\"https:\\\/\\\/www.casaldelsinfants.org\\\/wp-content\\\/uploads\\\/tallers_tanger_eldiarioes.jpg\",\"width\":1200,\"height\":628,\"caption\":\"Noticia: La xarxa Kalimat condemna la mort de 29 persones a un taller textil a T\u00e0nger\"},{\"@type\":\"BreadcrumbList\",\"@id\":\"https:\\\/\\\/www.casaldelsinfants.org\\\/es\\\/actualidad\\\/la-red-kalimat-condena-la-muerte-de-29-personas-en-un-taller-textil-en-tanger\\\/#breadcrumb\",\"itemListElement\":[{\"@type\":\"ListItem\",\"position\":1,\"name\":\"Inici\",\"item\":\"https:\\\/\\\/www.casaldelsinfants.org\\\/es\\\/\"},{\"@type\":\"ListItem\",\"position\":2,\"name\":\"La red Kalimat condena la muerte de 29 personas en un taller t\u00e9xtil en T\u00e1nger\"}]},{\"@type\":\"WebSite\",\"@id\":\"https:\\\/\\\/www.casaldelsinfants.org\\\/es\\\/#website\",\"url\":\"https:\\\/\\\/www.casaldelsinfants.org\\\/es\\\/\",\"name\":\"Casal dels Infants\",\"description\":\"\",\"publisher\":{\"@id\":\"https:\\\/\\\/www.casaldelsinfants.org\\\/es\\\/#organization\"},\"potentialAction\":[{\"@type\":\"SearchAction\",\"target\":{\"@type\":\"EntryPoint\",\"urlTemplate\":\"https:\\\/\\\/www.casaldelsinfants.org\\\/es\\\/?s={search_term_string}\"},\"query-input\":{\"@type\":\"PropertyValueSpecification\",\"valueRequired\":true,\"valueName\":\"search_term_string\"}}],\"inLanguage\":\"es\"},{\"@type\":\"Organization\",\"@id\":\"https:\\\/\\\/www.casaldelsinfants.org\\\/es\\\/#organization\",\"name\":\"Casal dels Infants\",\"url\":\"https:\\\/\\\/www.casaldelsinfants.org\\\/es\\\/\",\"logo\":{\"@type\":\"ImageObject\",\"inLanguage\":\"es\",\"@id\":\"https:\\\/\\\/www.casaldelsinfants.org\\\/es\\\/#\\\/schema\\\/logo\\\/image\\\/\",\"url\":\"https:\\\/\\\/www.casaldelsinfants.org\\\/wp-content\\\/uploads\\\/logo-mail.png\",\"contentUrl\":\"https:\\\/\\\/www.casaldelsinfants.org\\\/wp-content\\\/uploads\\\/logo-mail.png\",\"width\":380,\"height\":158,\"caption\":\"Casal dels Infants\"},\"image\":{\"@id\":\"https:\\\/\\\/www.casaldelsinfants.org\\\/es\\\/#\\\/schema\\\/logo\\\/image\\\/\"},\"sameAs\":[\"https:\\\/\\\/www.facebook.com\\\/casalinfants\",\"https:\\\/\\\/x.com\\\/casalinfants\",\"https:\\\/\\\/www.youtube.com\\\/user\\\/CasaldelsInfants1\",\"https:\\\/\\\/www.instagram.com\\\/casalinfants\\\/\",\"https:\\\/\\\/www.linkedin.com\\\/company\\\/casaldelsinfants?trk=organization-update_share-update_actor-text\"]},{\"@type\":\"Person\",\"@id\":\"https:\\\/\\\/www.casaldelsinfants.org\\\/es\\\/#\\\/schema\\\/person\\\/97707fc8c64900cf36891127dbf9fba8\",\"name\":\"cdiAdmin\",\"sameAs\":[\"https:\\\/\\\/casaldelsinfants.org\"]}]}<\/script>\n<!-- \/ Yoast SEO plugin. -->","yoast_head_json":{"title":"La red Kalimat condena la muerte de 29 personas en un taller t\u00e9xtil en T\u00e1nger - Casal dels Infants","robots":{"index":"index","follow":"follow","max-snippet":"max-snippet:-1","max-image-preview":"max-image-preview:large","max-video-preview":"max-video-preview:-1"},"canonical":"https:\/\/www.casaldelsinfants.org\/es\/actualidad\/la-red-kalimat-condena-la-muerte-de-29-personas-en-un-taller-textil-en-tanger\/","og_locale":"es_ES","og_type":"article","og_title":"La red Kalimat condena la muerte de 29 personas en un taller t\u00e9xtil en T\u00e1nger - Casal dels Infants","og_description":"Las nueve entidades sociales que integramos la red Kalimat hemos condenado en un comunicado (en franc\u00e9s) la muerte de 29 personas en un taller textil en T\u00e1nger el 23 de febrero. En el texto reclamamos una investigaci\u00f3n de los hechos y una pol\u00edtica de protecci\u00f3n social en Marruecos que garantice los derechos laborales y sociales [&hellip;]","og_url":"https:\/\/www.casaldelsinfants.org\/es\/actualidad\/la-red-kalimat-condena-la-muerte-de-29-personas-en-un-taller-textil-en-tanger\/","og_site_name":"Casal dels Infants","article_publisher":"https:\/\/www.facebook.com\/casalinfants","article_published_time":"2021-02-26T09:48:30+00:00","article_modified_time":"2023-05-24T22:14:49+00:00","og_image":[{"width":1200,"height":628,"url":"https:\/\/www.casaldelsinfants.org\/wp-content\/uploads\/tallers_tanger_eldiarioes.jpg","type":"image\/jpeg"}],"author":"cdiAdmin","twitter_card":"summary_large_image","twitter_creator":"@casalinfants","twitter_site":"@casalinfants","twitter_misc":{"Escrito por":"cdiAdmin","Tiempo de lectura":"2 minutos"},"schema":{"@context":"https:\/\/schema.org","@graph":[{"@type":"Article","@id":"https:\/\/www.casaldelsinfants.org\/es\/actualidad\/la-red-kalimat-condena-la-muerte-de-29-personas-en-un-taller-textil-en-tanger\/#article","isPartOf":{"@id":"https:\/\/www.casaldelsinfants.org\/es\/actualidad\/la-red-kalimat-condena-la-muerte-de-29-personas-en-un-taller-textil-en-tanger\/"},"author":{"name":"cdiAdmin","@id":"https:\/\/www.casaldelsinfants.org\/es\/#\/schema\/person\/97707fc8c64900cf36891127dbf9fba8"},"headline":"La red Kalimat condena la muerte de 29 personas en un taller t\u00e9xtil en T\u00e1nger","datePublished":"2021-02-26T09:48:30+00:00","dateModified":"2023-05-24T22:14:49+00:00","mainEntityOfPage":{"@id":"https:\/\/www.casaldelsinfants.org\/es\/actualidad\/la-red-kalimat-condena-la-muerte-de-29-personas-en-un-taller-textil-en-tanger\/"},"wordCount":260,"commentCount":0,"publisher":{"@id":"https:\/\/www.casaldelsinfants.org\/es\/#organization"},"image":{"@id":"https:\/\/www.casaldelsinfants.org\/es\/actualidad\/la-red-kalimat-condena-la-muerte-de-29-personas-en-un-taller-textil-en-tanger\/#primaryimage"},"thumbnailUrl":"https:\/\/www.casaldelsinfants.org\/wp-content\/uploads\/tallers_tanger_eldiarioes.jpg","articleSection":["Noticia"],"inLanguage":"es","potentialAction":[{"@type":"CommentAction","name":"Comment","target":["https:\/\/www.casaldelsinfants.org\/es\/actualidad\/la-red-kalimat-condena-la-muerte-de-29-personas-en-un-taller-textil-en-tanger\/#respond"]}]},{"@type":"WebPage","@id":"https:\/\/www.casaldelsinfants.org\/es\/actualidad\/la-red-kalimat-condena-la-muerte-de-29-personas-en-un-taller-textil-en-tanger\/","url":"https:\/\/www.casaldelsinfants.org\/es\/actualidad\/la-red-kalimat-condena-la-muerte-de-29-personas-en-un-taller-textil-en-tanger\/","name":"La red Kalimat condena la muerte de 29 personas en un taller t\u00e9xtil en T\u00e1nger - Casal dels Infants","isPartOf":{"@id":"https:\/\/www.casaldelsinfants.org\/es\/#website"},"primaryImageOfPage":{"@id":"https:\/\/www.casaldelsinfants.org\/es\/actualidad\/la-red-kalimat-condena-la-muerte-de-29-personas-en-un-taller-textil-en-tanger\/#primaryimage"},"image":{"@id":"https:\/\/www.casaldelsinfants.org\/es\/actualidad\/la-red-kalimat-condena-la-muerte-de-29-personas-en-un-taller-textil-en-tanger\/#primaryimage"},"thumbnailUrl":"https:\/\/www.casaldelsinfants.org\/wp-content\/uploads\/tallers_tanger_eldiarioes.jpg","datePublished":"2021-02-26T09:48:30+00:00","dateModified":"2023-05-24T22:14:49+00:00","breadcrumb":{"@id":"https:\/\/www.casaldelsinfants.org\/es\/actualidad\/la-red-kalimat-condena-la-muerte-de-29-personas-en-un-taller-textil-en-tanger\/#breadcrumb"},"inLanguage":"es","potentialAction":[{"@type":"ReadAction","target":["https:\/\/www.casaldelsinfants.org\/es\/actualidad\/la-red-kalimat-condena-la-muerte-de-29-personas-en-un-taller-textil-en-tanger\/"]}]},{"@type":"ImageObject","inLanguage":"es","@id":"https:\/\/www.casaldelsinfants.org\/es\/actualidad\/la-red-kalimat-condena-la-muerte-de-29-personas-en-un-taller-textil-en-tanger\/#primaryimage","url":"https:\/\/www.casaldelsinfants.org\/wp-content\/uploads\/tallers_tanger_eldiarioes.jpg","contentUrl":"https:\/\/www.casaldelsinfants.org\/wp-content\/uploads\/tallers_tanger_eldiarioes.jpg","width":1200,"height":628,"caption":"Noticia: La xarxa Kalimat condemna la mort de 29 persones a un taller textil a T\u00e0nger"},{"@type":"BreadcrumbList","@id":"https:\/\/www.casaldelsinfants.org\/es\/actualidad\/la-red-kalimat-condena-la-muerte-de-29-personas-en-un-taller-textil-en-tanger\/#breadcrumb","itemListElement":[{"@type":"ListItem","position":1,"name":"Inici","item":"https:\/\/www.casaldelsinfants.org\/es\/"},{"@type":"ListItem","position":2,"name":"La red Kalimat condena la muerte de 29 personas en un taller t\u00e9xtil en T\u00e1nger"}]},{"@type":"WebSite","@id":"https:\/\/www.casaldelsinfants.org\/es\/#website","url":"https:\/\/www.casaldelsinfants.org\/es\/","name":"Casal dels Infants","description":"","publisher":{"@id":"https:\/\/www.casaldelsinfants.org\/es\/#organization"},"potentialAction":[{"@type":"SearchAction","target":{"@type":"EntryPoint","urlTemplate":"https:\/\/www.casaldelsinfants.org\/es\/?s={search_term_string}"},"query-input":{"@type":"PropertyValueSpecification","valueRequired":true,"valueName":"search_term_string"}}],"inLanguage":"es"},{"@type":"Organization","@id":"https:\/\/www.casaldelsinfants.org\/es\/#organization","name":"Casal dels Infants","url":"https:\/\/www.casaldelsinfants.org\/es\/","logo":{"@type":"ImageObject","inLanguage":"es","@id":"https:\/\/www.casaldelsinfants.org\/es\/#\/schema\/logo\/image\/","url":"https:\/\/www.casaldelsinfants.org\/wp-content\/uploads\/logo-mail.png","contentUrl":"https:\/\/www.casaldelsinfants.org\/wp-content\/uploads\/logo-mail.png","width":380,"height":158,"caption":"Casal dels Infants"},"image":{"@id":"https:\/\/www.casaldelsinfants.org\/es\/#\/schema\/logo\/image\/"},"sameAs":["https:\/\/www.facebook.com\/casalinfants","https:\/\/x.com\/casalinfants","https:\/\/www.youtube.com\/user\/CasaldelsInfants1","https:\/\/www.instagram.com\/casalinfants\/","https:\/\/www.linkedin.com\/company\/casaldelsinfants?trk=organization-update_share-update_actor-text"]},{"@type":"Person","@id":"https:\/\/www.casaldelsinfants.org\/es\/#\/schema\/person\/97707fc8c64900cf36891127dbf9fba8","name":"cdiAdmin","sameAs":["https:\/\/casaldelsinfants.org"]}]}},"publishpress_future_action":{"enabled":false,"date":"2026-05-07 11:35:19","action":"change-status","newStatus":"draft","terms":[],"taxonomy":"category","extraData":[]},"publishpress_future_workflow_manual_trigger":{"enabledWorkflows":[]},"_links":{"self":[{"href":"https:\/\/www.casaldelsinfants.org\/es\/wp-json\/wp\/v2\/posts\/4312","targetHints":{"allow":["GET"]}}],"collection":[{"href":"https:\/\/www.casaldelsinfants.org\/es\/wp-json\/wp\/v2\/posts"}],"about":[{"href":"https:\/\/www.casaldelsinfants.org\/es\/wp-json\/wp\/v2\/types\/post"}],"author":[{"embeddable":true,"href":"https:\/\/www.casaldelsinfants.org\/es\/wp-json\/wp\/v2\/users\/1"}],"replies":[{"embeddable":true,"href":"https:\/\/www.casaldelsinfants.org\/es\/wp-json\/wp\/v2\/comments?post=4312"}],"version-history":[{"count":1,"href":"https:\/\/www.casaldelsinfants.org\/es\/wp-json\/wp\/v2\/posts\/4312\/revisions"}],"predecessor-version":[{"id":6280,"href":"https:\/\/www.casaldelsinfants.org\/es\/wp-json\/wp\/v2\/posts\/4312\/revisions\/6280"}],"wp:featuredmedia":[{"embeddable":true,"href":"https:\/\/www.casaldelsinfants.org\/es\/wp-json\/wp\/v2\/media\/3110"}],"wp:attachment":[{"href":"https:\/\/www.casaldelsinfants.org\/es\/wp-json\/wp\/v2\/media?parent=4312"}],"wp:term":[{"taxonomy":"category","embeddable":true,"href":"https:\/\/www.casaldelsinfants.org\/es\/wp-json\/wp\/v2\/categories?post=4312"},{"taxonomy":"post_tag","embeddable":true,"href":"https:\/\/www.casaldelsinfants.org\/es\/wp-json\/wp\/v2\/tags?post=4312"},{"taxonomy":"seus","embeddable":true,"href":"https:\/\/www.casaldelsinfants.org\/es\/wp-json\/wp\/v2\/seus?post=4312"},{"taxonomy":"eixos","embeddable":true,"href":"https:\/\/www.casaldelsinfants.org\/es\/wp-json\/wp\/v2\/eixos?post=4312"}],"curies":[{"name":"wp","href":"https:\/\/api.w.org\/{rel}","templated":true}]}}