{"id":4313,"date":"2021-02-25T18:52:49","date_gmt":"2021-02-25T16:52:49","guid":{"rendered":"https:\/\/casal.puntzero.cat\/noticies\/superant-barreres-joves-cures-i-resiliencia-en-temps-de-pandemia\/"},"modified":"2022-08-17T11:17:48","modified_gmt":"2022-08-17T09:17:48","slug":"superant-barreres-joves-cures-i-resiliencia-en-temps-de-pandemia","status":"publish","type":"post","link":"https:\/\/www.casaldelsinfants.org\/es\/actualidad\/superando-barreras-jovenes-resiliencia-y-cuidados-en-tiempos-de-pandemia\/","title":{"rendered":"Superando barreras: j\u00f3venes, resiliencia y cuidados en tiempos de pandemia"},"content":{"rendered":"<p><span style=\"color:#000000;\">De jefe de cocina al paro en solo unos d\u00edas, con una hija de 2 a\u00f1os a cargo. As\u00ed es como la pandemia cambi\u00f3 la vida de Jonatan D\u00edaz, que tiene 27 a\u00f1os y pronto har\u00e1 tres que lleg\u00f3 de Argentina. Bueno, la pandemia y el hecho de no tener el permiso de residencia y trabajo, lo que facilit\u00f3 que lo echaran del restaurante donde trabajaba en negro. \u201cHasta entonces, llevaba una vida normal, y por primera vez tuve que recurrir a los servicios sociales\u201d.<\/span><\/p>\n<p><span style=\"color:#000000;\">En Catalunya la gente joven ha concentrado casi la mitad de la destrucci\u00f3n de puestos de trabaja en el \u00faltimo a\u00f1o. La tasa de paro juvenil subi\u00f3 hasta el 27% a finales de 2020 (en diciembre de 2019 era del 19,5%), pero si nos fijamos en los j\u00f3venes extranjeros, hoy el 40% no tiene trabajo (el doble que hace un a\u00f1o). Esta realidad nos ha llevado a pedir un plan de choque contra el paro juvenil como uno de los puntos de nuestro documento de medidas prioritarias que reclamamos que adopte el Parlament de Catalunya en la pr\u00f3xima legislatura.<\/span><\/p>\n<p class=\"destacat-noticia\"><span style=\"color:#000000;\">Jonatan D\u00edaz: \u201cHasta la pandemia, llevaba una vida normal, y por primera vez tuve que recurrir a los servicios sociales\u201d<\/span><\/p>\n<p><span style=\"color:#000000;\">Cuando Jonatan se qued\u00f3 en el paro, los servicios sociales le hablaron de la formaci\u00f3n en Asistente Personal que ofrecemos conjuntamente el Hospital de la Santa Creu i Sant Pau, la Fundaci\u00f3 ECOM y el Casal dels Infants. Se inscribi\u00f3, y as\u00ed pas\u00f3 a ser uno de los m\u00e1s de 130 j\u00f3venes que han participado en este itinerario formativo desde que se cre\u00f3 en 2014.\u00a0<\/span><\/p>\n<p>\n<span style=\"color:#000000;\">\u201cUn asistente personal vendr\u00eda a ser las piernas y los brazos de una persona con diversidad funcional, y tambi\u00e9n alguien que puede hacer que la vida de estas personas sea m\u00e1s aut\u00f3noma\u201d, explica Jonatan, ahora que ya ha acabado el curso. En plena pandemia, su testimonio contrasta con la idea generalizada que los j\u00f3venes no se preocupan de la salud de los dem\u00e1s: \u201cLa formaci\u00f3n nos ha ense\u00f1ado a no mirar a los dem\u00e1s de reojo o con l\u00e1stima, sino a tener un poco m\u00e1s de empat\u00eda. Ha sido una lecci\u00f3n de vida, y me gusta la idea de sentirme \u00fatil ayudando a otras personas\u201d, a\u00f1ade.<\/span><\/p>\n<p class=\"destacat-noticia\"><span style=\"color:#000000;\">Jonatan D\u00edaz: \u201cLa formaci\u00f3n nos ha ense\u00f1ado a no mirar a los dem\u00e1s de reojo o con l\u00e1stima, sino a tener un poco m\u00e1s de empat\u00eda.<\/span><\/p>\n<figure role=\"group\" class=\"align-center\">\n<img decoding=\"async\" alt=\"Un jove d'una edici\u00f3 anterior de la formaci\u00f3 d'Assistent Personal acompanya una persona amb diversitat funcional\" data-entity-type=\"file\" data-entity-uuid=\"f8ecb4bd-792b-4c5d-b7d6-8e4b55a5a43e\" data-image-style=\"large\" height=\"320\" src=\"\/wp-content\/uploads\/inline-images\/Assistent%20Personal%20Sant%20Pau.jpg\" typeof=\"foaf:Image\" width=\"480\" \/><figcaption>Un joven de una edici\u00f3n anterior de la formaci\u00f3n de Asistente Personal acompa\u00f1a a una persona con diversidad funcional<\/figcaption><\/figure>\n<p>\u00a0<\/p>\n<p><span style=\"color:#000000;\">Ahora la formaci\u00f3n vuelve a arrancar con una nueva edici\u00f3n, esta vez en el marco del programa de Formaci\u00f3n e Inserci\u00f3n Laboral (FIL) y con el nombre de \u201cSuperando barreras\u201d. Este a\u00f1o se dirige espec\u00edficamente a j\u00f3venes en situaci\u00f3n administrativa irregular, dado que es uno de los colectivos con m\u00e1s obst\u00e1culos para seguir un itinerario formativo y de inserci\u00f3n laboral.<\/span><\/p>\n<p>\n<span style=\"color:#000000;\">Tendr\u00e1 250 horas lectivas semipresenciales, durar\u00e1 hasta la primera semana de mayo y formar\u00e1 a 15 j\u00f3venes. Este mismo curso se har\u00e1 otra edici\u00f3n, que dar\u00e1 inici\u00f3 la \u00faltima semana de mayo y se alargar\u00e1 hasta la \u00faltima de julio. En otros a\u00f1os el alumnado hab\u00eda realizado pr\u00e1cticas en el Hospital de la Santa Creu i Sant Pau, pero ahora mismo la pandemia no lo permite.<\/span><\/p>\n<p><span style=\"color:#000000;\">El contenido est\u00e1 dividido en tres ejes: 80 horas de competencias transversales (lengua catalana, conocimientos del entorno, el mercado laboral y los derechos laborales y nociones de herramientas TIC); 150 horas de formaci\u00f3n t\u00e9cnica en asistente personal (impartida por la Fundaci\u00f3n ECOM y el equipo de terapeutas ocupacionales del Hospital de la Santa Creu i Sant Pau) y 30 horas de recursos para la inserci\u00f3n laboral. Nuestro espacio de taller formativo del Raval, en el n\u00famero 21 de la calle de la Junta de Comer\u00e7, se ha adaptado y contar\u00e1 con dos camillas para poner en pr\u00e1ctica ejercicios propios de un asistente personal.<\/span><\/p>\n<p>\u00a0<\/p>\n<p><strong>El obst\u00e1culo de los papeles<\/strong><\/p>\n<p><span style=\"color:#000000;\">\u00a0\u201cSon muchas las piedras en el camino que nos encontramos para conseguir los papeles\u201d, explica Jonatan. En su caso, como su hija naci\u00f3 en Barcleona y tiene la nacionalidad espa\u00f1ola, puede solicitar el permiso de residencia por arraigo familiar. Aun as\u00ed, topa con la lentitud y las zancadillas de los tr\u00e1mites administrativos. Uno de los documentos que debe presentar es un certificado de antecedentes penales que demuestre que no delinqui\u00f3 en Argentina en los cinco a\u00f1os previos a su llegada al Estado espa\u00f1ol. Este certificado, sin embargo, caduca a los tres meses: \u201cLo tramit\u00e9, lo recib\u00ed al cabo de un mes y cuando consegu\u00ed cita con el abogado de oficio ya me hab\u00eda caducado\u201d. <\/span><\/p>\n<p class=\"destacat-noticia\"><span style=\"color:#000000;\">Jonatan D\u00edaz: \u201cRecib\u00ed mi certificado de antecedentes penales de Argentina, pero tienen una validez de tres meses, y cuando conesgu\u00ed cita con el abogado de oficio ya hab\u00eda caducado\u201d<\/span><\/p>\n<p><span style=\"color:#000000;\">Tambi\u00e9n le reclaman demostrar que est\u00e1 empadronado con su hija, pero la ni\u00f1a est\u00e1 empadronada en el domicilio de su expareja: \u201cSu madre y yo tenemos una buena relaci\u00f3n, entre los dos nos hacemos cargo de la ni\u00f1a. No soy un padre que desatienda a su hija, he llegado a hacer 20 kil\u00f3metros en bici para llevarla a la guarder\u00eda. Que no estemos empadronados juntos no deber\u00eda impedir que yo tramite el permiso de residencia por arraigo familiar\u201d.<\/span><\/p>\n<p><span style=\"color:#000000;\">Mientas este embrollo administrativo injusto no se resuelve, las consecuencias de no tener papeles para Jonatan van m\u00e1s all\u00e1 de de haber perdido el trabajo. \u201cEstoy viviendo en una habitaci\u00f3n, con todas mis cosas, juguetes de mi hija\u2026 y viviendo con un extra\u00f1o. Que alguien me contrate irregularmente es dif\u00edcil, porque se expone a una mula\u201d. Por todo ello, pide un trato distinto para la gente migrada: \u201cSi alguien cambia de pa\u00eds es porque quiere otra cosa mejor para su vida, y no venir a pasarla peor. Somos todos seres humanos, y estar\u00eda bien que no se nos complicase tanto tener una vida como la que todos merecemos\u201d.<\/span><\/p>\n<blockquote>\n<p>\u00bfQu\u00e9 puedes hacer t\u00fa para que sigamos apoyando a j\u00f3venes en situaci\u00f3n de vulnerabilidad?<br \/>\nHaz un donativo:\u00a0<a href=\"https:\/\/www.casaldelsinfants.org\/es\/que-puedes-hacer-tu\/haz-un-donativo\/\">https:\/\/www.casaldelsinfants.org\/es\/que-puedes-hacer-tu\/haz-un-donativo\/<\/a><br \/>\nHaz voluntariado:\u00a0<a href=\"https:\/\/www.casaldelsinfants.org\/es\/que-puedes-hacer-tu\/voluntariado\/\">https:\/\/www.casaldelsinfants.org\/es\/que-puedes-hacer-tu\/voluntariado\/<\/a><\/p>\n<\/blockquote>\n<blockquote>\n<p>\u00a0<\/p>\n<\/blockquote>\n","protected":false},"excerpt":{"rendered":"<div class=\"video-embed-field-responsive-video form-group\"><iframe loading=\"lazy\" width=\"854\" height=\"480\" frameborder=\"0\" allowfullscreen=\"allowfullscreen\" src=\"https:\/\/www.youtube.com\/embed\/IuPO1gHahRM?autoplay=0&amp;start=0&amp;rel=0\"><\/iframe>\n<\/div>\n<p class=\"text-align-center\">\u00a0<\/p>\n<p class=\"text-align-center\">La formaci\u00f3n en Asistente Personal que ofrecemos conjuntamente el Hospital de Sant Pau i la Santa Creu, la Fundaci\u00f3 ECOM y el Casal dels Infants empieza una nueva edici\u00f3n. Este a\u00f1o va dirigida espec\u00edficamente a personas de entre 18 y 29 a\u00f1os en situaci\u00f3n administrativa irregular, uno de los colectivos m\u00e1s afectados por la falta de oportunidades laborales. Jonatan D\u00edaz, uno de los participantes, lucha por salir adelante y quiere ser \u00fatil ayudando a los dem\u00e1s. Sin embargo, como en tantos otros casos, choca con obst\u00e1culos para conseguir los papeles y poder construir \u201cla vida que todos nos merecemos\u201d.<\/p>\n","protected":false},"author":1,"featured_media":0,"comment_status":"open","ping_status":"open","sticky":false,"template":"","format":"standard","meta":{"_acf_changed":false,"_et_pb_use_builder":"","_et_pb_old_content":"","_et_gb_content_width":"","inline_featured_image":false,"footnotes":""},"categories":[105],"tags":[],"seus":[],"eixos":[102],"class_list":["post-4313","post","type-post","status-publish","format-standard","hentry","category-reportaje","eixos-jovenes"],"acf":[],"yoast_head":"<!-- This site is optimized with the Yoast SEO plugin v27.4 - https:\/\/yoast.com\/product\/yoast-seo-wordpress\/ -->\n<title>Superando barreras: j\u00f3venes, resiliencia y cuidados en tiempos de pandemia - Casal dels Infants<\/title>\n<meta name=\"robots\" content=\"index, follow, max-snippet:-1, max-image-preview:large, max-video-preview:-1\" \/>\n<link rel=\"canonical\" href=\"https:\/\/www.casaldelsinfants.org\/es\/actualidad\/superando-barreras-jovenes-resiliencia-y-cuidados-en-tiempos-de-pandemia\/\" \/>\n<meta property=\"og:locale\" content=\"es_ES\" \/>\n<meta property=\"og:type\" content=\"article\" \/>\n<meta property=\"og:title\" content=\"Superando barreras: j\u00f3venes, resiliencia y cuidados en tiempos de pandemia - Casal dels Infants\" \/>\n<meta property=\"og:description\" content=\"\u00a0 La formaci\u00f3n en Asistente Personal que ofrecemos conjuntamente el Hospital de Sant Pau i la Santa Creu, la Fundaci\u00f3 ECOM y el Casal dels Infants empieza una nueva edici\u00f3n. Este a\u00f1o va dirigida espec\u00edficamente a personas de entre 18 y 29 a\u00f1os en situaci\u00f3n administrativa irregular, uno de los colectivos m\u00e1s afectados por la falta de oportunidades laborales. Jonatan D\u00edaz, uno de los participantes, lucha por salir adelante y quiere ser \u00fatil ayudando a los dem\u00e1s. Sin embargo, como en tantos otros casos, choca con obst\u00e1culos para conseguir los papeles y poder construir \u201cla vida que todos nos merecemos\u201d.\" \/>\n<meta property=\"og:url\" content=\"https:\/\/www.casaldelsinfants.org\/es\/actualidad\/superando-barreras-jovenes-resiliencia-y-cuidados-en-tiempos-de-pandemia\/\" \/>\n<meta property=\"og:site_name\" content=\"Casal dels Infants\" \/>\n<meta property=\"article:publisher\" content=\"https:\/\/www.facebook.com\/casalinfants\" \/>\n<meta property=\"article:published_time\" content=\"2021-02-25T16:52:49+00:00\" \/>\n<meta property=\"article:modified_time\" content=\"2022-08-17T09:17:48+00:00\" \/>\n<meta name=\"author\" content=\"cdiAdmin\" \/>\n<meta name=\"twitter:card\" content=\"summary_large_image\" \/>\n<meta name=\"twitter:creator\" content=\"@casalinfants\" \/>\n<meta name=\"twitter:site\" content=\"@casalinfants\" \/>\n<meta name=\"twitter:label1\" content=\"Escrito por\" \/>\n\t<meta name=\"twitter:data1\" content=\"cdiAdmin\" \/>\n\t<meta name=\"twitter:label2\" content=\"Tiempo de lectura\" \/>\n\t<meta name=\"twitter:data2\" content=\"5 minutos\" \/>\n<script type=\"application\/ld+json\" class=\"yoast-schema-graph\">{\"@context\":\"https:\\\/\\\/schema.org\",\"@graph\":[{\"@type\":\"Article\",\"@id\":\"https:\\\/\\\/www.casaldelsinfants.org\\\/es\\\/actualidad\\\/superando-barreras-jovenes-resiliencia-y-cuidados-en-tiempos-de-pandemia\\\/#article\",\"isPartOf\":{\"@id\":\"https:\\\/\\\/www.casaldelsinfants.org\\\/es\\\/actualidad\\\/superando-barreras-jovenes-resiliencia-y-cuidados-en-tiempos-de-pandemia\\\/\"},\"author\":{\"name\":\"cdiAdmin\",\"@id\":\"https:\\\/\\\/www.casaldelsinfants.org\\\/es\\\/#\\\/schema\\\/person\\\/97707fc8c64900cf36891127dbf9fba8\"},\"headline\":\"Superando barreras: j\u00f3venes, resiliencia y cuidados en tiempos de pandemia\",\"datePublished\":\"2021-02-25T16:52:49+00:00\",\"dateModified\":\"2022-08-17T09:17:48+00:00\",\"mainEntityOfPage\":{\"@id\":\"https:\\\/\\\/www.casaldelsinfants.org\\\/es\\\/actualidad\\\/superando-barreras-jovenes-resiliencia-y-cuidados-en-tiempos-de-pandemia\\\/\"},\"wordCount\":1093,\"commentCount\":0,\"publisher\":{\"@id\":\"https:\\\/\\\/www.casaldelsinfants.org\\\/es\\\/#organization\"},\"articleSection\":[\"Reportaje\"],\"inLanguage\":\"es\",\"potentialAction\":[{\"@type\":\"CommentAction\",\"name\":\"Comment\",\"target\":[\"https:\\\/\\\/www.casaldelsinfants.org\\\/es\\\/actualidad\\\/superando-barreras-jovenes-resiliencia-y-cuidados-en-tiempos-de-pandemia\\\/#respond\"]}]},{\"@type\":\"WebPage\",\"@id\":\"https:\\\/\\\/www.casaldelsinfants.org\\\/es\\\/actualidad\\\/superando-barreras-jovenes-resiliencia-y-cuidados-en-tiempos-de-pandemia\\\/\",\"url\":\"https:\\\/\\\/www.casaldelsinfants.org\\\/es\\\/actualidad\\\/superando-barreras-jovenes-resiliencia-y-cuidados-en-tiempos-de-pandemia\\\/\",\"name\":\"Superando barreras: j\u00f3venes, resiliencia y cuidados en tiempos de pandemia - Casal dels Infants\",\"isPartOf\":{\"@id\":\"https:\\\/\\\/www.casaldelsinfants.org\\\/es\\\/#website\"},\"datePublished\":\"2021-02-25T16:52:49+00:00\",\"dateModified\":\"2022-08-17T09:17:48+00:00\",\"breadcrumb\":{\"@id\":\"https:\\\/\\\/www.casaldelsinfants.org\\\/es\\\/actualidad\\\/superando-barreras-jovenes-resiliencia-y-cuidados-en-tiempos-de-pandemia\\\/#breadcrumb\"},\"inLanguage\":\"es\",\"potentialAction\":[{\"@type\":\"ReadAction\",\"target\":[\"https:\\\/\\\/www.casaldelsinfants.org\\\/es\\\/actualidad\\\/superando-barreras-jovenes-resiliencia-y-cuidados-en-tiempos-de-pandemia\\\/\"]}]},{\"@type\":\"BreadcrumbList\",\"@id\":\"https:\\\/\\\/www.casaldelsinfants.org\\\/es\\\/actualidad\\\/superando-barreras-jovenes-resiliencia-y-cuidados-en-tiempos-de-pandemia\\\/#breadcrumb\",\"itemListElement\":[{\"@type\":\"ListItem\",\"position\":1,\"name\":\"Inici\",\"item\":\"https:\\\/\\\/www.casaldelsinfants.org\\\/es\\\/\"},{\"@type\":\"ListItem\",\"position\":2,\"name\":\"Superando barreras: j\u00f3venes, resiliencia y cuidados en tiempos de pandemia\"}]},{\"@type\":\"WebSite\",\"@id\":\"https:\\\/\\\/www.casaldelsinfants.org\\\/es\\\/#website\",\"url\":\"https:\\\/\\\/www.casaldelsinfants.org\\\/es\\\/\",\"name\":\"Casal dels Infants\",\"description\":\"\",\"publisher\":{\"@id\":\"https:\\\/\\\/www.casaldelsinfants.org\\\/es\\\/#organization\"},\"potentialAction\":[{\"@type\":\"SearchAction\",\"target\":{\"@type\":\"EntryPoint\",\"urlTemplate\":\"https:\\\/\\\/www.casaldelsinfants.org\\\/es\\\/?s={search_term_string}\"},\"query-input\":{\"@type\":\"PropertyValueSpecification\",\"valueRequired\":true,\"valueName\":\"search_term_string\"}}],\"inLanguage\":\"es\"},{\"@type\":\"Organization\",\"@id\":\"https:\\\/\\\/www.casaldelsinfants.org\\\/es\\\/#organization\",\"name\":\"Casal dels Infants\",\"url\":\"https:\\\/\\\/www.casaldelsinfants.org\\\/es\\\/\",\"logo\":{\"@type\":\"ImageObject\",\"inLanguage\":\"es\",\"@id\":\"https:\\\/\\\/www.casaldelsinfants.org\\\/es\\\/#\\\/schema\\\/logo\\\/image\\\/\",\"url\":\"https:\\\/\\\/www.casaldelsinfants.org\\\/wp-content\\\/uploads\\\/logo-mail.png\",\"contentUrl\":\"https:\\\/\\\/www.casaldelsinfants.org\\\/wp-content\\\/uploads\\\/logo-mail.png\",\"width\":380,\"height\":158,\"caption\":\"Casal dels Infants\"},\"image\":{\"@id\":\"https:\\\/\\\/www.casaldelsinfants.org\\\/es\\\/#\\\/schema\\\/logo\\\/image\\\/\"},\"sameAs\":[\"https:\\\/\\\/www.facebook.com\\\/casalinfants\",\"https:\\\/\\\/x.com\\\/casalinfants\",\"https:\\\/\\\/www.youtube.com\\\/user\\\/CasaldelsInfants1\",\"https:\\\/\\\/www.instagram.com\\\/casalinfants\\\/\",\"https:\\\/\\\/www.linkedin.com\\\/company\\\/casaldelsinfants?trk=organization-update_share-update_actor-text\"]},{\"@type\":\"Person\",\"@id\":\"https:\\\/\\\/www.casaldelsinfants.org\\\/es\\\/#\\\/schema\\\/person\\\/97707fc8c64900cf36891127dbf9fba8\",\"name\":\"cdiAdmin\",\"sameAs\":[\"https:\\\/\\\/casaldelsinfants.org\"]}]}<\/script>\n<!-- \/ Yoast SEO plugin. -->","yoast_head_json":{"title":"Superando barreras: j\u00f3venes, resiliencia y cuidados en tiempos de pandemia - Casal dels Infants","robots":{"index":"index","follow":"follow","max-snippet":"max-snippet:-1","max-image-preview":"max-image-preview:large","max-video-preview":"max-video-preview:-1"},"canonical":"https:\/\/www.casaldelsinfants.org\/es\/actualidad\/superando-barreras-jovenes-resiliencia-y-cuidados-en-tiempos-de-pandemia\/","og_locale":"es_ES","og_type":"article","og_title":"Superando barreras: j\u00f3venes, resiliencia y cuidados en tiempos de pandemia - Casal dels Infants","og_description":"\u00a0 La formaci\u00f3n en Asistente Personal que ofrecemos conjuntamente el Hospital de Sant Pau i la Santa Creu, la Fundaci\u00f3 ECOM y el Casal dels Infants empieza una nueva edici\u00f3n. Este a\u00f1o va dirigida espec\u00edficamente a personas de entre 18 y 29 a\u00f1os en situaci\u00f3n administrativa irregular, uno de los colectivos m\u00e1s afectados por la falta de oportunidades laborales. Jonatan D\u00edaz, uno de los participantes, lucha por salir adelante y quiere ser \u00fatil ayudando a los dem\u00e1s. Sin embargo, como en tantos otros casos, choca con obst\u00e1culos para conseguir los papeles y poder construir \u201cla vida que todos nos merecemos\u201d.","og_url":"https:\/\/www.casaldelsinfants.org\/es\/actualidad\/superando-barreras-jovenes-resiliencia-y-cuidados-en-tiempos-de-pandemia\/","og_site_name":"Casal dels Infants","article_publisher":"https:\/\/www.facebook.com\/casalinfants","article_published_time":"2021-02-25T16:52:49+00:00","article_modified_time":"2022-08-17T09:17:48+00:00","author":"cdiAdmin","twitter_card":"summary_large_image","twitter_creator":"@casalinfants","twitter_site":"@casalinfants","twitter_misc":{"Escrito por":"cdiAdmin","Tiempo de lectura":"5 minutos"},"schema":{"@context":"https:\/\/schema.org","@graph":[{"@type":"Article","@id":"https:\/\/www.casaldelsinfants.org\/es\/actualidad\/superando-barreras-jovenes-resiliencia-y-cuidados-en-tiempos-de-pandemia\/#article","isPartOf":{"@id":"https:\/\/www.casaldelsinfants.org\/es\/actualidad\/superando-barreras-jovenes-resiliencia-y-cuidados-en-tiempos-de-pandemia\/"},"author":{"name":"cdiAdmin","@id":"https:\/\/www.casaldelsinfants.org\/es\/#\/schema\/person\/97707fc8c64900cf36891127dbf9fba8"},"headline":"Superando barreras: j\u00f3venes, resiliencia y cuidados en tiempos de pandemia","datePublished":"2021-02-25T16:52:49+00:00","dateModified":"2022-08-17T09:17:48+00:00","mainEntityOfPage":{"@id":"https:\/\/www.casaldelsinfants.org\/es\/actualidad\/superando-barreras-jovenes-resiliencia-y-cuidados-en-tiempos-de-pandemia\/"},"wordCount":1093,"commentCount":0,"publisher":{"@id":"https:\/\/www.casaldelsinfants.org\/es\/#organization"},"articleSection":["Reportaje"],"inLanguage":"es","potentialAction":[{"@type":"CommentAction","name":"Comment","target":["https:\/\/www.casaldelsinfants.org\/es\/actualidad\/superando-barreras-jovenes-resiliencia-y-cuidados-en-tiempos-de-pandemia\/#respond"]}]},{"@type":"WebPage","@id":"https:\/\/www.casaldelsinfants.org\/es\/actualidad\/superando-barreras-jovenes-resiliencia-y-cuidados-en-tiempos-de-pandemia\/","url":"https:\/\/www.casaldelsinfants.org\/es\/actualidad\/superando-barreras-jovenes-resiliencia-y-cuidados-en-tiempos-de-pandemia\/","name":"Superando barreras: j\u00f3venes, resiliencia y cuidados en tiempos de pandemia - Casal dels Infants","isPartOf":{"@id":"https:\/\/www.casaldelsinfants.org\/es\/#website"},"datePublished":"2021-02-25T16:52:49+00:00","dateModified":"2022-08-17T09:17:48+00:00","breadcrumb":{"@id":"https:\/\/www.casaldelsinfants.org\/es\/actualidad\/superando-barreras-jovenes-resiliencia-y-cuidados-en-tiempos-de-pandemia\/#breadcrumb"},"inLanguage":"es","potentialAction":[{"@type":"ReadAction","target":["https:\/\/www.casaldelsinfants.org\/es\/actualidad\/superando-barreras-jovenes-resiliencia-y-cuidados-en-tiempos-de-pandemia\/"]}]},{"@type":"BreadcrumbList","@id":"https:\/\/www.casaldelsinfants.org\/es\/actualidad\/superando-barreras-jovenes-resiliencia-y-cuidados-en-tiempos-de-pandemia\/#breadcrumb","itemListElement":[{"@type":"ListItem","position":1,"name":"Inici","item":"https:\/\/www.casaldelsinfants.org\/es\/"},{"@type":"ListItem","position":2,"name":"Superando barreras: j\u00f3venes, resiliencia y cuidados en tiempos de pandemia"}]},{"@type":"WebSite","@id":"https:\/\/www.casaldelsinfants.org\/es\/#website","url":"https:\/\/www.casaldelsinfants.org\/es\/","name":"Casal dels Infants","description":"","publisher":{"@id":"https:\/\/www.casaldelsinfants.org\/es\/#organization"},"potentialAction":[{"@type":"SearchAction","target":{"@type":"EntryPoint","urlTemplate":"https:\/\/www.casaldelsinfants.org\/es\/?s={search_term_string}"},"query-input":{"@type":"PropertyValueSpecification","valueRequired":true,"valueName":"search_term_string"}}],"inLanguage":"es"},{"@type":"Organization","@id":"https:\/\/www.casaldelsinfants.org\/es\/#organization","name":"Casal dels Infants","url":"https:\/\/www.casaldelsinfants.org\/es\/","logo":{"@type":"ImageObject","inLanguage":"es","@id":"https:\/\/www.casaldelsinfants.org\/es\/#\/schema\/logo\/image\/","url":"https:\/\/www.casaldelsinfants.org\/wp-content\/uploads\/logo-mail.png","contentUrl":"https:\/\/www.casaldelsinfants.org\/wp-content\/uploads\/logo-mail.png","width":380,"height":158,"caption":"Casal dels Infants"},"image":{"@id":"https:\/\/www.casaldelsinfants.org\/es\/#\/schema\/logo\/image\/"},"sameAs":["https:\/\/www.facebook.com\/casalinfants","https:\/\/x.com\/casalinfants","https:\/\/www.youtube.com\/user\/CasaldelsInfants1","https:\/\/www.instagram.com\/casalinfants\/","https:\/\/www.linkedin.com\/company\/casaldelsinfants?trk=organization-update_share-update_actor-text"]},{"@type":"Person","@id":"https:\/\/www.casaldelsinfants.org\/es\/#\/schema\/person\/97707fc8c64900cf36891127dbf9fba8","name":"cdiAdmin","sameAs":["https:\/\/casaldelsinfants.org"]}]}},"publishpress_future_action":{"enabled":false,"date":"2026-05-08 17:11:38","action":"change-status","newStatus":"draft","terms":[],"taxonomy":"category","extraData":[]},"publishpress_future_workflow_manual_trigger":{"enabledWorkflows":[]},"_links":{"self":[{"href":"https:\/\/www.casaldelsinfants.org\/es\/wp-json\/wp\/v2\/posts\/4313","targetHints":{"allow":["GET"]}}],"collection":[{"href":"https:\/\/www.casaldelsinfants.org\/es\/wp-json\/wp\/v2\/posts"}],"about":[{"href":"https:\/\/www.casaldelsinfants.org\/es\/wp-json\/wp\/v2\/types\/post"}],"author":[{"embeddable":true,"href":"https:\/\/www.casaldelsinfants.org\/es\/wp-json\/wp\/v2\/users\/1"}],"replies":[{"embeddable":true,"href":"https:\/\/www.casaldelsinfants.org\/es\/wp-json\/wp\/v2\/comments?post=4313"}],"version-history":[{"count":1,"href":"https:\/\/www.casaldelsinfants.org\/es\/wp-json\/wp\/v2\/posts\/4313\/revisions"}],"predecessor-version":[{"id":6281,"href":"https:\/\/www.casaldelsinfants.org\/es\/wp-json\/wp\/v2\/posts\/4313\/revisions\/6281"}],"wp:attachment":[{"href":"https:\/\/www.casaldelsinfants.org\/es\/wp-json\/wp\/v2\/media?parent=4313"}],"wp:term":[{"taxonomy":"category","embeddable":true,"href":"https:\/\/www.casaldelsinfants.org\/es\/wp-json\/wp\/v2\/categories?post=4313"},{"taxonomy":"post_tag","embeddable":true,"href":"https:\/\/www.casaldelsinfants.org\/es\/wp-json\/wp\/v2\/tags?post=4313"},{"taxonomy":"seus","embeddable":true,"href":"https:\/\/www.casaldelsinfants.org\/es\/wp-json\/wp\/v2\/seus?post=4313"},{"taxonomy":"eixos","embeddable":true,"href":"https:\/\/www.casaldelsinfants.org\/es\/wp-json\/wp\/v2\/eixos?post=4313"}],"curies":[{"name":"wp","href":"https:\/\/api.w.org\/{rel}","templated":true}]}}