{"id":4316,"date":"2021-01-27T15:50:41","date_gmt":"2021-01-27T13:50:41","guid":{"rendered":"https:\/\/casal.puntzero.cat\/noticies\/la-xarxa-kalimat-reivindica-en-un-debat-amb-nacions-unides-la-proteccio-social-dels\/"},"modified":"2023-05-25T00:15:31","modified_gmt":"2023-05-24T22:15:31","slug":"la-xarxa-kalimat-reivindica-en-un-debat-amb-nacions-unides-la-proteccio-social-dels","status":"publish","type":"post","link":"https:\/\/www.casaldelsinfants.org\/es\/actualidad\/proteccion-social-xarxa-kalimat\/","title":{"rendered":"La red Kalimat reivindica en un debate con Naciones Unidas la protecci\u00f3n social de los colectivos m\u00e1s vulnerables en Marruecos"},"content":{"rendered":"<p><span style=\"color:#000000;\">La red Kalimat particip\u00f3 el lunes 25 de enero en una sesi\u00f3n telem\u00e0tica de consultas organizada por el Sistema de Naciones Unidas para el Desarrollo en Marruecos, que tuvo por objetivo intercambiar informaci\u00f3n y posicionamientos sobre la reforma del sistema de protecci\u00f3n social que el gobierno marroqu\u00ed ha anunciado que pretende impulsar.<\/span><\/p>\n<p><span style=\"color:#000000;\">Kalimat es una red de entidades sociales que promueve la cohesi\u00f3n social y la acci\u00f3n comunitaria en defensa de los derechos y la protecci\u00f3n social de las mujeres y la infancia en situaci\u00f3n de vulnerabilidad en T\u00e1nger. La creamos en 2018 el Casal dels Infants de Marruecos juntamente con las entidades sociales Hasnouna (AHSUD), Nahda y la Uni\u00f3n de la Acci\u00f3n Feminista-secci\u00f3n T\u00e1nger (UAF), y actualmente tambi\u00e9n la integran AICEED, ASCJ, 100% Mamans, Agissons pour la femme, AMNA y Fondation Orient Occident.<\/span><\/p>\n<p><span style=\"color:#000000;\">La intervenci\u00f3n de Kalimat en las consultas con Naciones Unidas fue a cargo de Claire Trichot, directora del Casal dels Infants en Marruecos, que plante\u00f3 un diagn\u00f3stico de la situaci\u00f3n de los colectivos m\u00e1s vulnerables en T\u00e1nger, a partir de los datos recogidos de las personas acompa\u00f1adas por la red. Tambi\u00e9n recomend\u00f3 medidas que se deber\u00edan contemplar en la reforma del sistema de protecci\u00f3n social, seg\u00fan el criterio de las entidades.<\/span><\/p>\n<p><span style=\"color:#000000;\">En las consultas intervinieron tambi\u00e9n representantes del Ministerio de la Solidaridad, el Desarrollo Social, la Igualdad y la Familia de Marruecos, el Ministerio de Trabajo, el Banco Mundial, la Universidad Mohamed 5 de Rabat, la Confederaci\u00f3n General de Empresas de Marruecos (CGEM) y Unicef.<\/span><\/p>\n<p><strong>Infancia, j\u00f3venes y mujeres<\/strong><\/p>\n<p><span style=\"color:#000000;\">En la intervenci\u00f3n se plante\u00f3 que la infancia en situaci\u00f3n de calle es uno de los colectivos de T\u00e1nger con m\u00e1s dificultades para salir adelantes y m\u00e1s derechos vulnerados. En 2020 AICEED hizo un seguimiento a cerca de 190 ni\u00f1os y ni\u00f1as en esta situaci\u00f3n, de los cales el 80% estaba realizando un proceso migratorio. El 90% se encontraba en situaci\u00f3n de alto riesgo por haber sufrido maltratos o por consumir drogas disolventes, con muchas dificultades para acceder a servicios de salud y otras medidas de protecci\u00f3n. Otro grave problema entre la infancia es la desescolarizaci\u00f3n: la asociaci\u00f3n Nahda acompa\u00f1\u00f3 m\u00e1s de 100 ni\u00f1os y ni\u00f1as que no iban a la escuela, y detect\u00f3 que estos casos a menudo est\u00e1n asociados a situaciones de discriminaci\u00f3n y violencia de g\u00e9nero en los centros educativos.<\/span><\/p>\n<p class=\"destacat-noticia\"><span style=\"color:#000000;\">En 2020 AICEED hizo un seguimiento a cerca de 190 ni\u00f1os y ni\u00f1as en situaci\u00f3n de calle en T\u00e1nger<\/span><\/p>\n<p><span style=\"color:#000000;\">En cuanto a las personas j\u00f3venes, AICEED acompa\u00f1\u00f3 228 chicos y chicas inscritos en la escuela de segunda oportunidad que gestiona. De estos y estas, la mitad no dispon\u00eda\u00a0de la cobertura sanitaria estatal para personas con bajos ingresos (Ramed), y un 20% no contaba con ning\u00fan tipo de protecci\u00f3n social. La falta de acceso a oportunidades laborales y a itinerarios de formaci\u00f3n e inserci\u00f3n sigue siendo el principal obst\u00e1culo para que la juventud en T\u00e1nger salga adelante. <\/span><\/p>\n<p class=\"destacat-noticia\"><font color=\"#000000\">La mitad de los j\u00f3venes acompa\u00f1ados en la escuela de segunda oportunidad de AICEED no dispon\u00eda\u00a0<\/font><span style=\"color:#000000;\">de la cobertura sanitaria estatal para personas con bajos ingresos (Ramed)<\/span><\/p>\n<p><span style=\"color:#000000;\">En relaci\u00f3n a las mujeres, la asociaci\u00f3n 100% Mamans acompa\u00f1\u00f3 el a\u00f1o pasado a m\u00e1s de 300 madres solteras y sus hijos e hijas, de las cuales s\u00f3lo el 3% recib\u00eda prestaciones familiares de la Seguridad Social y el 9% la cobertura sanitaria para personas con bajos ingresos (Ramed). El hecho que muchas se encuentren indocumentadas (el 80% no contaba con el certificado de domicilio) hace que s\u00f3lo puedan acceder a trav\u00e9s de las entidades sociales a medidas sociales de urgencia que les garanticen alojamiento, acceso a la salud y otros itinerarios de inserci\u00f3n. Esta situaci\u00f3n de exclusi\u00f3n es todav\u00eda m\u00e1s cr\u00edtica para las mujeres migrantes y las trabajadoras sexuales, que 100% Mamans tambi\u00e9n acompa\u00f1a.<\/span><\/p>\n<p class=\"destacat-noticia\"><span style=\"color:#000000;\">S\u00f3lo el 3% de las m\u00e1s de 300 madres solteras acompa\u00f1adas por 100% Mamans recib\u00eda prestaciones familiares de la Seguridad Social y el 9 % cobertura sanitaria<\/span><\/p>\n<p><span style=\"color:#000000;\">La situaci\u00f3n de las mujeres en T\u00e1nger tambi\u00e9n se ve condicionada por las dificultades que tienen para acceder a puestos de trabajo y por las condiciones discriminatorias que se encuentran en el empleo en comparaci\u00f3n con los hombres, as\u00ed como por los casos de acoso laboral, tal como han observado las entidades UAF y AMNA acompa\u00f1ando a 92 trabajadoras.<\/span><\/p>\n<p><span style=\"color:#000000;\">Por \u00faltimo, otro de los colectivos que cuenta con muy pocas medidas de protecci\u00f3n social son las personas que consumen drogas. La asociaci\u00f3n AHSUD ha contabilizado cerca de 2.200 casos, algunos a trav\u00e9s de la entidad SDF, y ha registrado que pr\u00e1cticamente todas estas personas se ven excluidas de prestaciones sociales del sistema nacional de salud y de las ayudas de urgencia en el contexto de la Covid-19.<\/span><\/p>\n<p class=\"destacat-noticia\"><span style=\"color:#000000;\">Pr\u00e1cticamente todas las personas que consumen drogas se ven excluidas de prestaciones sociales del sistema nacional de salud y de las ayudas de urgencia en el contexto de la Covid-19<\/span><\/p>\n<p><strong>Recomendaciones<\/strong><\/p>\n<p><span style=\"color:#000000;\">Ante este contexto, la red Kalimat reclama un criterio inclusivo y no discriminatorio en el cribado de las personas que se deben beneficiar de las medidas del nuevo sistema de protecci\u00f3n social. Este enfoque debe garantizar la igualdad de g\u00e9nero y los derechos humanos, con medidas espec\u00edficas para la protecci\u00f3n de colectivos con una vulnerabilidad espec\u00edfica (migrantes, personas sin hogar y con discapacidad).<\/span><\/p>\n<p class=\"destacat-noticia\"><span style=\"color:#000000;\">El nuevo sistema de protecci\u00f3n social debe ser inclusivo, no discriminatorio y\u00a0garantizar la igualdad de g\u00e9nero y los derechos humanos.<\/span><\/p>\n<p><span style=\"color:#000000;\">En la misma l\u00ednea, incide para que se apliquen leyes ya aprobadas que favorecen la protecci\u00f3n social, como la que regula el sector de las trabajadoras dom\u00e9sticas o el c\u00f3digo de trabajo.<\/span><\/p>\n<p><span style=\"color:#000000;\">En cuanto a la elevada indocumentaci\u00f3n entre los colectivos de riesgo, se reclama revisar el proceso de concesi\u00f3n del certificado de domicilio y evaluar si debe ser el documento administrativo necesario para acceder a los programas de protecci\u00f3n social.<\/span><\/p>\n<p><span style=\"color:#000000;\">Kalimat reclama tambi\u00e9n descentralizar estos programas en las instituciones p\u00fablicas locales y, especialmente, reforzar los servicios sociales, ya sea a trav\u00e9s del Estado o incrementando la financiaci\u00f3n de las entidades sociales. Es necesario, as\u00ed mismo, favorecer el acceso a la informaci\u00f3n de la poblaci\u00f3n en situaci\u00f3n de vulnerabilidad y garantizar la concertaci\u00f3n en los actores p\u00fablicos y privados en la aplicaci\u00f3n de la reforma.<\/span><\/p>\n","protected":false},"excerpt":{"rendered":"<p>La red Kalimat particip\u00f3 el lunes 25 de enero en una sesi\u00f3n telem\u00e0tica de consultas organizada por el Sistema de Naciones Unidas para el Desarrollo en Marruecos, que tuvo por objetivo intercambiar informaci\u00f3n y posicionamientos sobre la reforma del sistema de protecci\u00f3n social que el gobierno marroqu\u00ed ha anunciado que pretende impulsar. Kalimat es una [&hellip;]<\/p>\n","protected":false},"author":1,"featured_media":3117,"comment_status":"open","ping_status":"open","sticky":false,"template":"","format":"standard","meta":{"_acf_changed":false,"_et_pb_use_builder":"","_et_pb_old_content":"","_et_gb_content_width":"","inline_featured_image":false,"footnotes":""},"categories":[125],"tags":[],"seus":[158],"eixos":[110],"class_list":["post-4316","post","type-post","status-publish","format-standard","has-post-thumbnail","hentry","category-noticias","seus-marruecos","eixos-comunidad-casal-dels-infants"],"acf":[],"yoast_head":"<!-- This site is optimized with the Yoast SEO plugin v27.4 - https:\/\/yoast.com\/product\/yoast-seo-wordpress\/ -->\n<title>Kalimat Nacions Unides reforma protecci\u00f3 social Marroc<\/title>\n<meta name=\"description\" content=\"Kalimat ha participat en una sessi\u00f3 telem\u00e0tica de consultes organitzada pel Sistema de Nacions Unides per al\u00a0Desenvolupament al Marroc, per intercanviar informaci\u00f3 i posicionaments sobre la reforma del sistema de protecci\u00f3 social que el govern marroqu\u00ed vol impulsar.\" \/>\n<meta name=\"robots\" content=\"index, follow, max-snippet:-1, max-image-preview:large, max-video-preview:-1\" \/>\n<link rel=\"canonical\" href=\"https:\/\/www.casaldelsinfants.org\/es\/actualidad\/proteccion-social-xarxa-kalimat\/\" \/>\n<meta property=\"og:locale\" content=\"es_ES\" \/>\n<meta property=\"og:type\" content=\"article\" \/>\n<meta property=\"og:title\" content=\"Kalimat Nacions Unides reforma protecci\u00f3 social Marroc\" \/>\n<meta property=\"og:description\" content=\"Kalimat ha participat en una sessi\u00f3 telem\u00e0tica de consultes organitzada pel Sistema de Nacions Unides per al\u00a0Desenvolupament al Marroc, per intercanviar informaci\u00f3 i posicionaments sobre la reforma del sistema de protecci\u00f3 social que el govern marroqu\u00ed vol impulsar.\" \/>\n<meta property=\"og:url\" content=\"https:\/\/www.casaldelsinfants.org\/es\/actualidad\/proteccion-social-xarxa-kalimat\/\" \/>\n<meta property=\"og:site_name\" content=\"Casal dels Infants\" \/>\n<meta property=\"article:publisher\" content=\"https:\/\/www.facebook.com\/casalinfants\" \/>\n<meta property=\"article:published_time\" content=\"2021-01-27T13:50:41+00:00\" \/>\n<meta property=\"article:modified_time\" content=\"2023-05-24T22:15:31+00:00\" \/>\n<meta property=\"og:image\" content=\"https:\/\/www.casaldelsinfants.org\/wp-content\/uploads\/kalimat_casal_dels_infants_del_marroc.png\" \/>\n\t<meta property=\"og:image:width\" content=\"895\" \/>\n\t<meta property=\"og:image:height\" content=\"592\" \/>\n\t<meta property=\"og:image:type\" content=\"image\/png\" \/>\n<meta name=\"author\" content=\"cdiAdmin\" \/>\n<meta name=\"twitter:card\" content=\"summary_large_image\" \/>\n<meta name=\"twitter:creator\" content=\"@casalinfants\" \/>\n<meta name=\"twitter:site\" content=\"@casalinfants\" \/>\n<meta name=\"twitter:label1\" content=\"Escrito por\" \/>\n\t<meta name=\"twitter:data1\" content=\"cdiAdmin\" \/>\n\t<meta name=\"twitter:label2\" content=\"Tiempo de lectura\" \/>\n\t<meta name=\"twitter:data2\" content=\"6 minutos\" \/>\n<script type=\"application\/ld+json\" class=\"yoast-schema-graph\">{\"@context\":\"https:\\\/\\\/schema.org\",\"@graph\":[{\"@type\":\"Article\",\"@id\":\"https:\\\/\\\/www.casaldelsinfants.org\\\/es\\\/actualidad\\\/proteccion-social-xarxa-kalimat\\\/#article\",\"isPartOf\":{\"@id\":\"https:\\\/\\\/www.casaldelsinfants.org\\\/es\\\/actualidad\\\/proteccion-social-xarxa-kalimat\\\/\"},\"author\":{\"name\":\"cdiAdmin\",\"@id\":\"https:\\\/\\\/www.casaldelsinfants.org\\\/es\\\/#\\\/schema\\\/person\\\/97707fc8c64900cf36891127dbf9fba8\"},\"headline\":\"La red Kalimat reivindica en un debate con Naciones Unidas la protecci\u00f3n social de los colectivos m\u00e1s vulnerables en Marruecos\",\"datePublished\":\"2021-01-27T13:50:41+00:00\",\"dateModified\":\"2023-05-24T22:15:31+00:00\",\"mainEntityOfPage\":{\"@id\":\"https:\\\/\\\/www.casaldelsinfants.org\\\/es\\\/actualidad\\\/proteccion-social-xarxa-kalimat\\\/\"},\"wordCount\":1139,\"commentCount\":0,\"publisher\":{\"@id\":\"https:\\\/\\\/www.casaldelsinfants.org\\\/es\\\/#organization\"},\"image\":{\"@id\":\"https:\\\/\\\/www.casaldelsinfants.org\\\/es\\\/actualidad\\\/proteccion-social-xarxa-kalimat\\\/#primaryimage\"},\"thumbnailUrl\":\"https:\\\/\\\/www.casaldelsinfants.org\\\/wp-content\\\/uploads\\\/kalimat_casal_dels_infants_del_marroc.png\",\"articleSection\":[\"Noticia\"],\"inLanguage\":\"es\",\"potentialAction\":[{\"@type\":\"CommentAction\",\"name\":\"Comment\",\"target\":[\"https:\\\/\\\/www.casaldelsinfants.org\\\/es\\\/actualidad\\\/proteccion-social-xarxa-kalimat\\\/#respond\"]}]},{\"@type\":\"WebPage\",\"@id\":\"https:\\\/\\\/www.casaldelsinfants.org\\\/es\\\/actualidad\\\/proteccion-social-xarxa-kalimat\\\/\",\"url\":\"https:\\\/\\\/www.casaldelsinfants.org\\\/es\\\/actualidad\\\/proteccion-social-xarxa-kalimat\\\/\",\"name\":\"Kalimat Nacions Unides reforma protecci\u00f3 social Marroc\",\"isPartOf\":{\"@id\":\"https:\\\/\\\/www.casaldelsinfants.org\\\/es\\\/#website\"},\"primaryImageOfPage\":{\"@id\":\"https:\\\/\\\/www.casaldelsinfants.org\\\/es\\\/actualidad\\\/proteccion-social-xarxa-kalimat\\\/#primaryimage\"},\"image\":{\"@id\":\"https:\\\/\\\/www.casaldelsinfants.org\\\/es\\\/actualidad\\\/proteccion-social-xarxa-kalimat\\\/#primaryimage\"},\"thumbnailUrl\":\"https:\\\/\\\/www.casaldelsinfants.org\\\/wp-content\\\/uploads\\\/kalimat_casal_dels_infants_del_marroc.png\",\"datePublished\":\"2021-01-27T13:50:41+00:00\",\"dateModified\":\"2023-05-24T22:15:31+00:00\",\"description\":\"Kalimat ha participat en una sessi\u00f3 telem\u00e0tica de consultes organitzada pel Sistema de Nacions Unides per al\u00a0Desenvolupament al Marroc, per intercanviar informaci\u00f3 i posicionaments sobre la reforma del sistema de protecci\u00f3 social que el govern marroqu\u00ed vol impulsar.\",\"breadcrumb\":{\"@id\":\"https:\\\/\\\/www.casaldelsinfants.org\\\/es\\\/actualidad\\\/proteccion-social-xarxa-kalimat\\\/#breadcrumb\"},\"inLanguage\":\"es\",\"potentialAction\":[{\"@type\":\"ReadAction\",\"target\":[\"https:\\\/\\\/www.casaldelsinfants.org\\\/es\\\/actualidad\\\/proteccion-social-xarxa-kalimat\\\/\"]}]},{\"@type\":\"ImageObject\",\"inLanguage\":\"es\",\"@id\":\"https:\\\/\\\/www.casaldelsinfants.org\\\/es\\\/actualidad\\\/proteccion-social-xarxa-kalimat\\\/#primaryimage\",\"url\":\"https:\\\/\\\/www.casaldelsinfants.org\\\/wp-content\\\/uploads\\\/kalimat_casal_dels_infants_del_marroc.png\",\"contentUrl\":\"https:\\\/\\\/www.casaldelsinfants.org\\\/wp-content\\\/uploads\\\/kalimat_casal_dels_infants_del_marroc.png\",\"width\":895,\"height\":592,\"caption\":\"Foto de grup de nois i noies d'una entitat social del Marroc\"},{\"@type\":\"BreadcrumbList\",\"@id\":\"https:\\\/\\\/www.casaldelsinfants.org\\\/es\\\/actualidad\\\/proteccion-social-xarxa-kalimat\\\/#breadcrumb\",\"itemListElement\":[{\"@type\":\"ListItem\",\"position\":1,\"name\":\"Inici\",\"item\":\"https:\\\/\\\/www.casaldelsinfants.org\\\/es\\\/\"},{\"@type\":\"ListItem\",\"position\":2,\"name\":\"La red Kalimat reivindica en un debate con Naciones Unidas la protecci\u00f3n social de los colectivos m\u00e1s vulnerables en Marruecos\"}]},{\"@type\":\"WebSite\",\"@id\":\"https:\\\/\\\/www.casaldelsinfants.org\\\/es\\\/#website\",\"url\":\"https:\\\/\\\/www.casaldelsinfants.org\\\/es\\\/\",\"name\":\"Casal dels Infants\",\"description\":\"\",\"publisher\":{\"@id\":\"https:\\\/\\\/www.casaldelsinfants.org\\\/es\\\/#organization\"},\"potentialAction\":[{\"@type\":\"SearchAction\",\"target\":{\"@type\":\"EntryPoint\",\"urlTemplate\":\"https:\\\/\\\/www.casaldelsinfants.org\\\/es\\\/?s={search_term_string}\"},\"query-input\":{\"@type\":\"PropertyValueSpecification\",\"valueRequired\":true,\"valueName\":\"search_term_string\"}}],\"inLanguage\":\"es\"},{\"@type\":\"Organization\",\"@id\":\"https:\\\/\\\/www.casaldelsinfants.org\\\/es\\\/#organization\",\"name\":\"Casal dels Infants\",\"url\":\"https:\\\/\\\/www.casaldelsinfants.org\\\/es\\\/\",\"logo\":{\"@type\":\"ImageObject\",\"inLanguage\":\"es\",\"@id\":\"https:\\\/\\\/www.casaldelsinfants.org\\\/es\\\/#\\\/schema\\\/logo\\\/image\\\/\",\"url\":\"https:\\\/\\\/www.casaldelsinfants.org\\\/wp-content\\\/uploads\\\/logo-mail.png\",\"contentUrl\":\"https:\\\/\\\/www.casaldelsinfants.org\\\/wp-content\\\/uploads\\\/logo-mail.png\",\"width\":380,\"height\":158,\"caption\":\"Casal dels Infants\"},\"image\":{\"@id\":\"https:\\\/\\\/www.casaldelsinfants.org\\\/es\\\/#\\\/schema\\\/logo\\\/image\\\/\"},\"sameAs\":[\"https:\\\/\\\/www.facebook.com\\\/casalinfants\",\"https:\\\/\\\/x.com\\\/casalinfants\",\"https:\\\/\\\/www.youtube.com\\\/user\\\/CasaldelsInfants1\",\"https:\\\/\\\/www.instagram.com\\\/casalinfants\\\/\",\"https:\\\/\\\/www.linkedin.com\\\/company\\\/casaldelsinfants?trk=organization-update_share-update_actor-text\"]},{\"@type\":\"Person\",\"@id\":\"https:\\\/\\\/www.casaldelsinfants.org\\\/es\\\/#\\\/schema\\\/person\\\/97707fc8c64900cf36891127dbf9fba8\",\"name\":\"cdiAdmin\",\"sameAs\":[\"https:\\\/\\\/casaldelsinfants.org\"]}]}<\/script>\n<!-- \/ Yoast SEO plugin. -->","yoast_head_json":{"title":"Kalimat Nacions Unides reforma protecci\u00f3 social Marroc","description":"Kalimat ha participat en una sessi\u00f3 telem\u00e0tica de consultes organitzada pel Sistema de Nacions Unides per al\u00a0Desenvolupament al Marroc, per intercanviar informaci\u00f3 i posicionaments sobre la reforma del sistema de protecci\u00f3 social que el govern marroqu\u00ed vol impulsar.","robots":{"index":"index","follow":"follow","max-snippet":"max-snippet:-1","max-image-preview":"max-image-preview:large","max-video-preview":"max-video-preview:-1"},"canonical":"https:\/\/www.casaldelsinfants.org\/es\/actualidad\/proteccion-social-xarxa-kalimat\/","og_locale":"es_ES","og_type":"article","og_title":"Kalimat Nacions Unides reforma protecci\u00f3 social Marroc","og_description":"Kalimat ha participat en una sessi\u00f3 telem\u00e0tica de consultes organitzada pel Sistema de Nacions Unides per al\u00a0Desenvolupament al Marroc, per intercanviar informaci\u00f3 i posicionaments sobre la reforma del sistema de protecci\u00f3 social que el govern marroqu\u00ed vol impulsar.","og_url":"https:\/\/www.casaldelsinfants.org\/es\/actualidad\/proteccion-social-xarxa-kalimat\/","og_site_name":"Casal dels Infants","article_publisher":"https:\/\/www.facebook.com\/casalinfants","article_published_time":"2021-01-27T13:50:41+00:00","article_modified_time":"2023-05-24T22:15:31+00:00","og_image":[{"width":895,"height":592,"url":"https:\/\/www.casaldelsinfants.org\/wp-content\/uploads\/kalimat_casal_dels_infants_del_marroc.png","type":"image\/png"}],"author":"cdiAdmin","twitter_card":"summary_large_image","twitter_creator":"@casalinfants","twitter_site":"@casalinfants","twitter_misc":{"Escrito por":"cdiAdmin","Tiempo de lectura":"6 minutos"},"schema":{"@context":"https:\/\/schema.org","@graph":[{"@type":"Article","@id":"https:\/\/www.casaldelsinfants.org\/es\/actualidad\/proteccion-social-xarxa-kalimat\/#article","isPartOf":{"@id":"https:\/\/www.casaldelsinfants.org\/es\/actualidad\/proteccion-social-xarxa-kalimat\/"},"author":{"name":"cdiAdmin","@id":"https:\/\/www.casaldelsinfants.org\/es\/#\/schema\/person\/97707fc8c64900cf36891127dbf9fba8"},"headline":"La red Kalimat reivindica en un debate con Naciones Unidas la protecci\u00f3n social de los colectivos m\u00e1s vulnerables en Marruecos","datePublished":"2021-01-27T13:50:41+00:00","dateModified":"2023-05-24T22:15:31+00:00","mainEntityOfPage":{"@id":"https:\/\/www.casaldelsinfants.org\/es\/actualidad\/proteccion-social-xarxa-kalimat\/"},"wordCount":1139,"commentCount":0,"publisher":{"@id":"https:\/\/www.casaldelsinfants.org\/es\/#organization"},"image":{"@id":"https:\/\/www.casaldelsinfants.org\/es\/actualidad\/proteccion-social-xarxa-kalimat\/#primaryimage"},"thumbnailUrl":"https:\/\/www.casaldelsinfants.org\/wp-content\/uploads\/kalimat_casal_dels_infants_del_marroc.png","articleSection":["Noticia"],"inLanguage":"es","potentialAction":[{"@type":"CommentAction","name":"Comment","target":["https:\/\/www.casaldelsinfants.org\/es\/actualidad\/proteccion-social-xarxa-kalimat\/#respond"]}]},{"@type":"WebPage","@id":"https:\/\/www.casaldelsinfants.org\/es\/actualidad\/proteccion-social-xarxa-kalimat\/","url":"https:\/\/www.casaldelsinfants.org\/es\/actualidad\/proteccion-social-xarxa-kalimat\/","name":"Kalimat Nacions Unides reforma protecci\u00f3 social Marroc","isPartOf":{"@id":"https:\/\/www.casaldelsinfants.org\/es\/#website"},"primaryImageOfPage":{"@id":"https:\/\/www.casaldelsinfants.org\/es\/actualidad\/proteccion-social-xarxa-kalimat\/#primaryimage"},"image":{"@id":"https:\/\/www.casaldelsinfants.org\/es\/actualidad\/proteccion-social-xarxa-kalimat\/#primaryimage"},"thumbnailUrl":"https:\/\/www.casaldelsinfants.org\/wp-content\/uploads\/kalimat_casal_dels_infants_del_marroc.png","datePublished":"2021-01-27T13:50:41+00:00","dateModified":"2023-05-24T22:15:31+00:00","description":"Kalimat ha participat en una sessi\u00f3 telem\u00e0tica de consultes organitzada pel Sistema de Nacions Unides per al\u00a0Desenvolupament al Marroc, per intercanviar informaci\u00f3 i posicionaments sobre la reforma del sistema de protecci\u00f3 social que el govern marroqu\u00ed vol impulsar.","breadcrumb":{"@id":"https:\/\/www.casaldelsinfants.org\/es\/actualidad\/proteccion-social-xarxa-kalimat\/#breadcrumb"},"inLanguage":"es","potentialAction":[{"@type":"ReadAction","target":["https:\/\/www.casaldelsinfants.org\/es\/actualidad\/proteccion-social-xarxa-kalimat\/"]}]},{"@type":"ImageObject","inLanguage":"es","@id":"https:\/\/www.casaldelsinfants.org\/es\/actualidad\/proteccion-social-xarxa-kalimat\/#primaryimage","url":"https:\/\/www.casaldelsinfants.org\/wp-content\/uploads\/kalimat_casal_dels_infants_del_marroc.png","contentUrl":"https:\/\/www.casaldelsinfants.org\/wp-content\/uploads\/kalimat_casal_dels_infants_del_marroc.png","width":895,"height":592,"caption":"Foto de grup de nois i noies d'una entitat social del Marroc"},{"@type":"BreadcrumbList","@id":"https:\/\/www.casaldelsinfants.org\/es\/actualidad\/proteccion-social-xarxa-kalimat\/#breadcrumb","itemListElement":[{"@type":"ListItem","position":1,"name":"Inici","item":"https:\/\/www.casaldelsinfants.org\/es\/"},{"@type":"ListItem","position":2,"name":"La red Kalimat reivindica en un debate con Naciones Unidas la protecci\u00f3n social de los colectivos m\u00e1s vulnerables en Marruecos"}]},{"@type":"WebSite","@id":"https:\/\/www.casaldelsinfants.org\/es\/#website","url":"https:\/\/www.casaldelsinfants.org\/es\/","name":"Casal dels Infants","description":"","publisher":{"@id":"https:\/\/www.casaldelsinfants.org\/es\/#organization"},"potentialAction":[{"@type":"SearchAction","target":{"@type":"EntryPoint","urlTemplate":"https:\/\/www.casaldelsinfants.org\/es\/?s={search_term_string}"},"query-input":{"@type":"PropertyValueSpecification","valueRequired":true,"valueName":"search_term_string"}}],"inLanguage":"es"},{"@type":"Organization","@id":"https:\/\/www.casaldelsinfants.org\/es\/#organization","name":"Casal dels Infants","url":"https:\/\/www.casaldelsinfants.org\/es\/","logo":{"@type":"ImageObject","inLanguage":"es","@id":"https:\/\/www.casaldelsinfants.org\/es\/#\/schema\/logo\/image\/","url":"https:\/\/www.casaldelsinfants.org\/wp-content\/uploads\/logo-mail.png","contentUrl":"https:\/\/www.casaldelsinfants.org\/wp-content\/uploads\/logo-mail.png","width":380,"height":158,"caption":"Casal dels Infants"},"image":{"@id":"https:\/\/www.casaldelsinfants.org\/es\/#\/schema\/logo\/image\/"},"sameAs":["https:\/\/www.facebook.com\/casalinfants","https:\/\/x.com\/casalinfants","https:\/\/www.youtube.com\/user\/CasaldelsInfants1","https:\/\/www.instagram.com\/casalinfants\/","https:\/\/www.linkedin.com\/company\/casaldelsinfants?trk=organization-update_share-update_actor-text"]},{"@type":"Person","@id":"https:\/\/www.casaldelsinfants.org\/es\/#\/schema\/person\/97707fc8c64900cf36891127dbf9fba8","name":"cdiAdmin","sameAs":["https:\/\/casaldelsinfants.org"]}]}},"publishpress_future_action":{"enabled":false,"date":"2026-05-07 11:35:06","action":"change-status","newStatus":"draft","terms":[],"taxonomy":"category","extraData":[]},"publishpress_future_workflow_manual_trigger":{"enabledWorkflows":[]},"_links":{"self":[{"href":"https:\/\/www.casaldelsinfants.org\/es\/wp-json\/wp\/v2\/posts\/4316","targetHints":{"allow":["GET"]}}],"collection":[{"href":"https:\/\/www.casaldelsinfants.org\/es\/wp-json\/wp\/v2\/posts"}],"about":[{"href":"https:\/\/www.casaldelsinfants.org\/es\/wp-json\/wp\/v2\/types\/post"}],"author":[{"embeddable":true,"href":"https:\/\/www.casaldelsinfants.org\/es\/wp-json\/wp\/v2\/users\/1"}],"replies":[{"embeddable":true,"href":"https:\/\/www.casaldelsinfants.org\/es\/wp-json\/wp\/v2\/comments?post=4316"}],"version-history":[{"count":1,"href":"https:\/\/www.casaldelsinfants.org\/es\/wp-json\/wp\/v2\/posts\/4316\/revisions"}],"predecessor-version":[{"id":6283,"href":"https:\/\/www.casaldelsinfants.org\/es\/wp-json\/wp\/v2\/posts\/4316\/revisions\/6283"}],"wp:featuredmedia":[{"embeddable":true,"href":"https:\/\/www.casaldelsinfants.org\/es\/wp-json\/wp\/v2\/media\/3117"}],"wp:attachment":[{"href":"https:\/\/www.casaldelsinfants.org\/es\/wp-json\/wp\/v2\/media?parent=4316"}],"wp:term":[{"taxonomy":"category","embeddable":true,"href":"https:\/\/www.casaldelsinfants.org\/es\/wp-json\/wp\/v2\/categories?post=4316"},{"taxonomy":"post_tag","embeddable":true,"href":"https:\/\/www.casaldelsinfants.org\/es\/wp-json\/wp\/v2\/tags?post=4316"},{"taxonomy":"seus","embeddable":true,"href":"https:\/\/www.casaldelsinfants.org\/es\/wp-json\/wp\/v2\/seus?post=4316"},{"taxonomy":"eixos","embeddable":true,"href":"https:\/\/www.casaldelsinfants.org\/es\/wp-json\/wp\/v2\/eixos?post=4316"}],"curies":[{"name":"wp","href":"https:\/\/api.w.org\/{rel}","templated":true}]}}