{"id":4317,"date":"2021-01-27T14:33:58","date_gmt":"2021-01-27T12:33:58","guid":{"rendered":"https:\/\/casal.puntzero.cat\/noticies\/parlem-de-santa-coloma-i-el-seu-jovent-partir-del-documental-periferia\/"},"modified":"2023-05-01T17:47:29","modified_gmt":"2023-05-01T15:47:29","slug":"parlem-de-santa-coloma-i-el-seu-jovent-partir-del-documental-periferia","status":"publish","type":"post","link":"https:\/\/www.casaldelsinfants.org\/es\/actualidad\/hablamos-de-santa-coloma-y-la-juventud-partir-del-documental-periferia\/","title":{"rendered":"Hablamos de Santa Coloma y la juventud a partir del documental \u201cPerif\u00e8ria\u201d"},"content":{"rendered":"<p><strong>\u00bfDe qu\u00e9\u00a0habla\u00a0el documental \u201cPerif\u00e8ria\u201d?<\/strong><\/p>\n<p><span style=\"color:#000000;\"><strong>Imane Herraki-<\/strong>\u00a0As\u00ed resumiendo, trata de c\u00f3mo la gente de Santa Coloma de Gramenet hizo de un suburbio un lugar m\u00e1s habitable.<\/span><\/p>\n<p><span style=\"color:#000000;\"><strong>Jamie D\u00e1vila-<\/strong>\u00a0Hicieron un Plan Popular, que fue una manera de que el pueblo se uniera y construyese la ciudad, y a partir de aqu\u00ed fueron creando hospitales, colegios&#8230; Y tambi\u00e9n habla un poco del presente de Santa Coloma, de c\u00f3mo ha cambiado todo despu\u00e9s de tantos a\u00f1os.<\/span><\/p>\n<p><strong>\u00bfPor qu\u00e9 sal\u00eds en el documental y qu\u00e9 papel ten\u00e9is?<\/strong><\/p>\n<p><span style=\"color:#000000;\"><strong>Jamie &#8211;<\/strong>\u00a0Nosotras somos la imagen del presente de Santa Coloma desde un punto de vista de la poblaci\u00f3n de origen migrante. Nos preguntaron por nuestra vida, nuestros <em>hobbies<\/em>, qu\u00e9 hac\u00edamos en el Casal, cu\u00e1l era nuestra actividad en el pueblo&#8230; Nos vieron muy presentes en la ciudad, por decirlo de alguna manera.<\/span><\/p>\n<p><span style=\"color:#000000;\"><strong>Imane &#8211;<\/strong>\u00a0Hacemos actividades para el pueblo, para la gente que viene al Casal, para nuestros amigos&#8230; somos muy activas.<\/span><\/p>\n<p><strong>\u00bfConoc\u00edais la historia de las luchas vecinales de Santa Coloma?<\/strong><\/p>\n<p><span style=\"color:#000000;\"><strong>Imane &#8211;<\/strong>\u00a0 Yo no ten\u00eda ni idea. Conoc\u00ed todo esto a trav\u00e9s de las personas que conoc\u00ed durante la producci\u00f3n del documental, como D\u00eddac (activista de Salvem Ciutat Vella que tambi\u00e9n sale en el film), fuimos muchas reuniones, hablamos con los hijos de Jordi Valls (el arquitecto que impuls\u00f3 el Pla Popular y que a\u00f1os m\u00e1s tarde fue asesinado en el atentado de ETA en el Hipercor).<\/span><\/p>\n<p><span style=\"color:#000000;\"><strong>Jamie &#8211;<\/strong>\u00a0Yo tampoco las conoc\u00eda. Pensaba que Santa Coloma era una ciudad normal, que se hab\u00eda formado como todas las ciudades, pero aprendimos much\u00edsimo. Santa Coloma se cre\u00f3 de la nada, esto era pura monta\u00f1a, y la gente empez\u00f3 a vivir aqu\u00ed como pod\u00eda.<\/span><\/p>\n<p><strong>\u00bfEl documental os ha servido para pensar c\u00f3mo se tendr\u00eda que transformar Santa Coloma hoy?<\/strong><\/p>\n<p><span style=\"color:#000000;\"><strong>Jamie &#8211;\u00a0<\/strong>S\u00ed, sobre todo la iniciativa de pensar que ellos (los vecinos y vecinas involucrados en el Pla Popular) hicieron esto hace mucho tiempo, y nosotras, ahora que tenemos esta oportunidad y somos j\u00f3venes, que Santa Coloma es un lugar habitable, podemos hacer muchas cosas a nivel social, como venir al Casal. Siempre d\u00e1ndonos cuenta de las cosas que fallan y que podemos cambiar nosotras. Han pasado los a\u00f1os y, aunque las anteriores generaciones siguen haciendo cosas y siempre han sido muy activas, ahora es nuestro momento de seguir con el legado.<\/span><\/p>\n<p><span style=\"color:#000000;\"><strong>Imane &#8211;<\/strong>\u00a0Yo creo que lo que se tendr\u00eda que mejorar es que la gente formase una pi\u00f1a (se uniera), que tuviera inter\u00e9s en transmitir los mensajes, decir qu\u00e9 problemas tienen.<\/span><\/p>\n<p><span style=\"color:#000000;\"><strong>Jamie- <\/strong>Sobretodo esto, que sepan lo que pasa en todos los barrios, no s\u00f3lo en el barrio Centre, sino que si hay un desahucio aqu\u00ed en el Motocross nos enteremos todo el mundo. Que sea Santa Coloma en general, y no s\u00f3lo una parte de Santa Coloma. Y dejemos esta estigmatizaci\u00f3n de decir \u00abeste barrio es un poco m\u00e1s chungo, no nos gusta ir tanto, aqu\u00ed pasan m\u00e1s cosas, este instituto es as\u00ed&#8230;\u00bb.\u00a0<\/span><\/p>\n<p><span style=\"color:#000000;\"><strong>Imane &#8211;<\/strong>\u00a0Demostrar que no es as\u00ed.<\/span><\/p>\n<p><span style=\"color:#000000;\"><strong>Jamie &#8211;<\/strong> S\u00ed, y que todos somos j\u00f3venes o personas. Y quiz\u00e1s hay m\u00e1s poblaci\u00f3n migrante, se hablan m\u00e1s idiomas y hay una multiculturalidad incre\u00edble, pero esto es lo bueno, \u00bfno?<\/span><\/p>\n<p><span style=\"color:#000000;\"><strong>Imane &#8211;<\/strong>\u00a0El documental es una buena iniciativa para que la gente se entere de lo que pasa.<\/span><\/p>\n<p>\u00a0<\/p>\n<blockquote>\n<p><strong>Qui s\u00f3n?<\/strong>\u00a0<span style=\"color:#000000;\">Jamie estudia un grado medio de auxiliar de enfermer\u00eda, y en un futuro todav\u00eda no ha decidido si querr\u00e1 ser enfermera o educadora social. Imane no tiene claro qu\u00e9 quiere hacer desde que acab\u00f3 el bachillerato. \u00daltimamente ha tenido trabajos temporales, pero desde que pas\u00f3 la Covid-19 no ha vuelto a tener empleo, y explica que es complicado encontrar uno. Sobre las actividades comunitarias que han hecho con el Casal dels Infants, Jamie (que tambi\u00e9n ha sido voluntaria de la asociaci\u00f3n) habla de c\u00f3mo ayudan a ense\u00f1ar la multiculturalidad de Santa Coloma, por ejemplo cuando las familias han puesto paradas en el espacio p\u00fablico con comida de sus pa\u00edses de origen, o con los grafitis que han pintado con el Casal Jove con mensajes que transmiten que la gente joven piensa en un futuro mejor para la ciudad. Imane tambi\u00e9n ha disfrutado del Casal como un espacio de actividades compartidas, y pone de ejemplo las comparsas de Carnaval, los festivales de baile en fiestas se\u00f1aladas o el t\u00fanel del terror que cada a\u00f1o se organiza duranta la <em>castanyada<\/em>.<\/span><\/p>\n<p><strong>Sobre el documental \u00abPerif\u00e8ria\u00bb:\u00a0<\/strong><span style=\"color:#000000;\">Direcci\u00f3n: Xavier Esteban y Odei A.Etxearte; realizaci\u00f3n: \u00c8rika S\u00e1nchez; fui\u00f3: Xavier Esteban, Odei A.-Etxearte, Xavier Valls, \u00c8rika S\u00e1nchez.\u00a0Producci\u00f3n:\u00a0Antivaho Cinematogr\u00e1fico en coproducci\u00f3n con\u00a0TV3 , Erica de la Estrella S\u00e1nchez Marcos, amb el suport d&#8217;ICAA, ICUB, Pla Estrat\u00e8gic Metropolit\u00e0, AMB y el\u00a0Ayuntamiento de Santa Coloma de Gramenet.<\/span><\/p>\n<\/blockquote>\n<p>\u00a0<\/p>\n<p><img decoding=\"async\" alt=\"Cartell del documental &quot;Perif\u00e8ria&quot;\" data-entity-type=\"file\" data-entity-uuid=\"2ab766ed-cc41-46fd-8474-b2d44ca1b636\" data-image-style=\"max_325x325\" src=\"\/wp-content\/uploads\/inline-images\/Poster-periferia-CAT-400x560.jpg\" width=\"232\" height=\"325\" typeof=\"foaf:Image\" class=\"align-center\" \/><\/p>\n<p>\u00a0<\/p>\n<blockquote>\n<p><strong>\u00bfQu\u00e9\u00a0puedes\u00a0hacer\u00a0t\u00fa<\/strong>\u00a0para que sigamos acompa\u00f1ando a ni\u00f1os, ni\u00f1as, j\u00f3venes y familias en situaci\u00f3n de vulnerabilidad en Santa Coloma de Gramenet?<\/p>\n<p><strong>Haz voluntariado<\/strong>. Descubre c\u00f3mo<span style=\"color:#000000;\">\u00a0y ap\u00fantate a una sesi\u00f3n informativa<\/span><a href=\"https:\/\/www.casaldelsinfants.org\/es\/que-puedes-hacer-tu\/voluntariado\/\">\u00a0<u>aqu\u00ed<\/u><\/a>.<\/p>\n<p><strong>Haz un donativo<\/strong> <a href=\"https:\/\/www.casaldelsinfants.org\/es\/que-puedes-hacer-tu\/haz-un-donativo\/\"><u>aqu\u00ed<\/u><\/a>.<\/p>\n<\/blockquote>\n","protected":false},"excerpt":{"rendered":"<div class=\"video-embed-field-responsive-video form-group\"><iframe loading=\"lazy\" width=\"854\" height=\"480\" frameborder=\"0\" allowfullscreen=\"allowfullscreen\" src=\"https:\/\/www.youtube.com\/embed\/2b_8vsRPt5c?autoplay=0&amp;start=0&amp;rel=0\"><\/iframe>\n<\/div>\n<p class=\"text-align-center\">Imane y Jamie tienen 19 a\u00f1os y llevan muchos participando en el Casal dels Infants de Santa Coloma de Gramenet. Imane naci\u00f3 en Marruecos y lleg\u00f3 a Santa Coloma con dos a\u00f1os; Jamie naci\u00f3 en Barcelona y sus padres son de la Rep\u00fablica Dominicana. Ambas aparecen en \u00abPerif\u00e8ria\u00bb, un documental sobre las luchas vecinales que, a partir de los a\u00f1os sesenta, permitieron dignificar muchas \u00e1mbitos de la vida colomense a trav\u00e9s del Pla Popular, y que es tambi\u00e9n una mirada al presente de la ciudad y su gente. Aprovechamos para hablar con ellas sobre Santa Coloma y el rol de la gente joven.<\/p>\n<p class=\"text-align-center\">\u00a0<\/p>\n","protected":false},"author":1,"featured_media":0,"comment_status":"open","ping_status":"open","sticky":false,"template":"","format":"standard","meta":{"_acf_changed":false,"_et_pb_use_builder":"","_et_pb_old_content":"","_et_gb_content_width":"","inline_featured_image":false,"footnotes":""},"categories":[127],"tags":[],"seus":[19,160],"eixos":[102],"class_list":{"0":"post-4317","1":"post","2":"type-post","3":"status-publish","4":"format-standard","5":"hentry","6":"category-entrevista","7":"seus-santa-coloma-de-gramenet","9":"eixos-jovenes"},"acf":[],"yoast_head":"<!-- This site is optimized with the Yoast SEO plugin v27.4 - https:\/\/yoast.com\/product\/yoast-seo-wordpress\/ -->\n<title>Santa Coloma juventud Perif\u00e8ria<\/title>\n<meta name=\"description\" content=\"Imane y Jamie participan en el Casal dels Infants de Santa Coloma de Gramenet y parecen en \u201cPerif\u00e8ria\u201d, un documental sobre las luchas vecinales que, a partir de los a\u00f1os sensenta, permitieron dignificar muchos \u00e1mbitos de la vida colomense a trav\u00e9s del Pla Popular, y que hace tambi\u00e9n una mirada al presente.\" \/>\n<meta name=\"robots\" content=\"index, follow, max-snippet:-1, max-image-preview:large, max-video-preview:-1\" \/>\n<link rel=\"canonical\" href=\"https:\/\/www.casaldelsinfants.org\/es\/actualidad\/hablamos-de-santa-coloma-y-la-juventud-partir-del-documental-periferia\/\" \/>\n<meta property=\"og:locale\" content=\"es_ES\" \/>\n<meta property=\"og:type\" content=\"article\" \/>\n<meta property=\"og:title\" content=\"Santa Coloma juventud Perif\u00e8ria\" \/>\n<meta property=\"og:description\" content=\"Imane y Jamie participan en el Casal dels Infants de Santa Coloma de Gramenet y parecen en \u201cPerif\u00e8ria\u201d, un documental sobre las luchas vecinales que, a partir de los a\u00f1os sensenta, permitieron dignificar muchos \u00e1mbitos de la vida colomense a trav\u00e9s del Pla Popular, y que hace tambi\u00e9n una mirada al presente.\" \/>\n<meta property=\"og:url\" content=\"https:\/\/www.casaldelsinfants.org\/es\/actualidad\/hablamos-de-santa-coloma-y-la-juventud-partir-del-documental-periferia\/\" \/>\n<meta property=\"og:site_name\" content=\"Casal dels Infants\" \/>\n<meta property=\"article:publisher\" content=\"https:\/\/www.facebook.com\/casalinfants\" \/>\n<meta property=\"article:published_time\" content=\"2021-01-27T12:33:58+00:00\" \/>\n<meta property=\"article:modified_time\" content=\"2023-05-01T15:47:29+00:00\" \/>\n<meta name=\"author\" content=\"cdiAdmin\" \/>\n<meta name=\"twitter:card\" content=\"summary_large_image\" \/>\n<meta name=\"twitter:creator\" content=\"@casalinfants\" \/>\n<meta name=\"twitter:site\" content=\"@casalinfants\" \/>\n<meta name=\"twitter:label1\" content=\"Escrito por\" \/>\n\t<meta name=\"twitter:data1\" content=\"cdiAdmin\" \/>\n\t<meta name=\"twitter:label2\" content=\"Tiempo de lectura\" \/>\n\t<meta name=\"twitter:data2\" content=\"4 minutos\" \/>\n<script type=\"application\/ld+json\" class=\"yoast-schema-graph\">{\"@context\":\"https:\\\/\\\/schema.org\",\"@graph\":[{\"@type\":\"Article\",\"@id\":\"https:\\\/\\\/www.casaldelsinfants.org\\\/es\\\/actualidad\\\/hablamos-de-santa-coloma-y-la-juventud-partir-del-documental-periferia\\\/#article\",\"isPartOf\":{\"@id\":\"https:\\\/\\\/www.casaldelsinfants.org\\\/es\\\/actualidad\\\/hablamos-de-santa-coloma-y-la-juventud-partir-del-documental-periferia\\\/\"},\"author\":{\"name\":\"cdiAdmin\",\"@id\":\"https:\\\/\\\/www.casaldelsinfants.org\\\/es\\\/#\\\/schema\\\/person\\\/97707fc8c64900cf36891127dbf9fba8\"},\"headline\":\"Hablamos de Santa Coloma y la juventud a partir del documental \u201cPerif\u00e8ria\u201d\",\"datePublished\":\"2021-01-27T12:33:58+00:00\",\"dateModified\":\"2023-05-01T15:47:29+00:00\",\"mainEntityOfPage\":{\"@id\":\"https:\\\/\\\/www.casaldelsinfants.org\\\/es\\\/actualidad\\\/hablamos-de-santa-coloma-y-la-juventud-partir-del-documental-periferia\\\/\"},\"wordCount\":911,\"commentCount\":0,\"publisher\":{\"@id\":\"https:\\\/\\\/www.casaldelsinfants.org\\\/es\\\/#organization\"},\"articleSection\":[\"Entrevista\"],\"inLanguage\":\"es\",\"potentialAction\":[{\"@type\":\"CommentAction\",\"name\":\"Comment\",\"target\":[\"https:\\\/\\\/www.casaldelsinfants.org\\\/es\\\/actualidad\\\/hablamos-de-santa-coloma-y-la-juventud-partir-del-documental-periferia\\\/#respond\"]}]},{\"@type\":\"WebPage\",\"@id\":\"https:\\\/\\\/www.casaldelsinfants.org\\\/es\\\/actualidad\\\/hablamos-de-santa-coloma-y-la-juventud-partir-del-documental-periferia\\\/\",\"url\":\"https:\\\/\\\/www.casaldelsinfants.org\\\/es\\\/actualidad\\\/hablamos-de-santa-coloma-y-la-juventud-partir-del-documental-periferia\\\/\",\"name\":\"Santa Coloma juventud Perif\u00e8ria\",\"isPartOf\":{\"@id\":\"https:\\\/\\\/www.casaldelsinfants.org\\\/es\\\/#website\"},\"datePublished\":\"2021-01-27T12:33:58+00:00\",\"dateModified\":\"2023-05-01T15:47:29+00:00\",\"description\":\"Imane y Jamie participan en el Casal dels Infants de Santa Coloma de Gramenet y parecen en \u201cPerif\u00e8ria\u201d, un documental sobre las luchas vecinales que, a partir de los a\u00f1os sensenta, permitieron dignificar muchos \u00e1mbitos de la vida colomense a trav\u00e9s del Pla Popular, y que hace tambi\u00e9n una mirada al presente.\",\"breadcrumb\":{\"@id\":\"https:\\\/\\\/www.casaldelsinfants.org\\\/es\\\/actualidad\\\/hablamos-de-santa-coloma-y-la-juventud-partir-del-documental-periferia\\\/#breadcrumb\"},\"inLanguage\":\"es\",\"potentialAction\":[{\"@type\":\"ReadAction\",\"target\":[\"https:\\\/\\\/www.casaldelsinfants.org\\\/es\\\/actualidad\\\/hablamos-de-santa-coloma-y-la-juventud-partir-del-documental-periferia\\\/\"]}]},{\"@type\":\"BreadcrumbList\",\"@id\":\"https:\\\/\\\/www.casaldelsinfants.org\\\/es\\\/actualidad\\\/hablamos-de-santa-coloma-y-la-juventud-partir-del-documental-periferia\\\/#breadcrumb\",\"itemListElement\":[{\"@type\":\"ListItem\",\"position\":1,\"name\":\"Inici\",\"item\":\"https:\\\/\\\/www.casaldelsinfants.org\\\/es\\\/\"},{\"@type\":\"ListItem\",\"position\":2,\"name\":\"Hablamos de Santa Coloma y la juventud a partir del documental \u201cPerif\u00e8ria\u201d\"}]},{\"@type\":\"WebSite\",\"@id\":\"https:\\\/\\\/www.casaldelsinfants.org\\\/es\\\/#website\",\"url\":\"https:\\\/\\\/www.casaldelsinfants.org\\\/es\\\/\",\"name\":\"Casal dels Infants\",\"description\":\"\",\"publisher\":{\"@id\":\"https:\\\/\\\/www.casaldelsinfants.org\\\/es\\\/#organization\"},\"potentialAction\":[{\"@type\":\"SearchAction\",\"target\":{\"@type\":\"EntryPoint\",\"urlTemplate\":\"https:\\\/\\\/www.casaldelsinfants.org\\\/es\\\/?s={search_term_string}\"},\"query-input\":{\"@type\":\"PropertyValueSpecification\",\"valueRequired\":true,\"valueName\":\"search_term_string\"}}],\"inLanguage\":\"es\"},{\"@type\":\"Organization\",\"@id\":\"https:\\\/\\\/www.casaldelsinfants.org\\\/es\\\/#organization\",\"name\":\"Casal dels Infants\",\"url\":\"https:\\\/\\\/www.casaldelsinfants.org\\\/es\\\/\",\"logo\":{\"@type\":\"ImageObject\",\"inLanguage\":\"es\",\"@id\":\"https:\\\/\\\/www.casaldelsinfants.org\\\/es\\\/#\\\/schema\\\/logo\\\/image\\\/\",\"url\":\"https:\\\/\\\/www.casaldelsinfants.org\\\/wp-content\\\/uploads\\\/logo-mail.png\",\"contentUrl\":\"https:\\\/\\\/www.casaldelsinfants.org\\\/wp-content\\\/uploads\\\/logo-mail.png\",\"width\":380,\"height\":158,\"caption\":\"Casal dels Infants\"},\"image\":{\"@id\":\"https:\\\/\\\/www.casaldelsinfants.org\\\/es\\\/#\\\/schema\\\/logo\\\/image\\\/\"},\"sameAs\":[\"https:\\\/\\\/www.facebook.com\\\/casalinfants\",\"https:\\\/\\\/x.com\\\/casalinfants\",\"https:\\\/\\\/www.youtube.com\\\/user\\\/CasaldelsInfants1\",\"https:\\\/\\\/www.instagram.com\\\/casalinfants\\\/\",\"https:\\\/\\\/www.linkedin.com\\\/company\\\/casaldelsinfants?trk=organization-update_share-update_actor-text\"]},{\"@type\":\"Person\",\"@id\":\"https:\\\/\\\/www.casaldelsinfants.org\\\/es\\\/#\\\/schema\\\/person\\\/97707fc8c64900cf36891127dbf9fba8\",\"name\":\"cdiAdmin\",\"sameAs\":[\"https:\\\/\\\/casaldelsinfants.org\"]}]}<\/script>\n<!-- \/ Yoast SEO plugin. -->","yoast_head_json":{"title":"Santa Coloma juventud Perif\u00e8ria","description":"Imane y Jamie participan en el Casal dels Infants de Santa Coloma de Gramenet y parecen en \u201cPerif\u00e8ria\u201d, un documental sobre las luchas vecinales que, a partir de los a\u00f1os sensenta, permitieron dignificar muchos \u00e1mbitos de la vida colomense a trav\u00e9s del Pla Popular, y que hace tambi\u00e9n una mirada al presente.","robots":{"index":"index","follow":"follow","max-snippet":"max-snippet:-1","max-image-preview":"max-image-preview:large","max-video-preview":"max-video-preview:-1"},"canonical":"https:\/\/www.casaldelsinfants.org\/es\/actualidad\/hablamos-de-santa-coloma-y-la-juventud-partir-del-documental-periferia\/","og_locale":"es_ES","og_type":"article","og_title":"Santa Coloma juventud Perif\u00e8ria","og_description":"Imane y Jamie participan en el Casal dels Infants de Santa Coloma de Gramenet y parecen en \u201cPerif\u00e8ria\u201d, un documental sobre las luchas vecinales que, a partir de los a\u00f1os sensenta, permitieron dignificar muchos \u00e1mbitos de la vida colomense a trav\u00e9s del Pla Popular, y que hace tambi\u00e9n una mirada al presente.","og_url":"https:\/\/www.casaldelsinfants.org\/es\/actualidad\/hablamos-de-santa-coloma-y-la-juventud-partir-del-documental-periferia\/","og_site_name":"Casal dels Infants","article_publisher":"https:\/\/www.facebook.com\/casalinfants","article_published_time":"2021-01-27T12:33:58+00:00","article_modified_time":"2023-05-01T15:47:29+00:00","author":"cdiAdmin","twitter_card":"summary_large_image","twitter_creator":"@casalinfants","twitter_site":"@casalinfants","twitter_misc":{"Escrito por":"cdiAdmin","Tiempo de lectura":"4 minutos"},"schema":{"@context":"https:\/\/schema.org","@graph":[{"@type":"Article","@id":"https:\/\/www.casaldelsinfants.org\/es\/actualidad\/hablamos-de-santa-coloma-y-la-juventud-partir-del-documental-periferia\/#article","isPartOf":{"@id":"https:\/\/www.casaldelsinfants.org\/es\/actualidad\/hablamos-de-santa-coloma-y-la-juventud-partir-del-documental-periferia\/"},"author":{"name":"cdiAdmin","@id":"https:\/\/www.casaldelsinfants.org\/es\/#\/schema\/person\/97707fc8c64900cf36891127dbf9fba8"},"headline":"Hablamos de Santa Coloma y la juventud a partir del documental \u201cPerif\u00e8ria\u201d","datePublished":"2021-01-27T12:33:58+00:00","dateModified":"2023-05-01T15:47:29+00:00","mainEntityOfPage":{"@id":"https:\/\/www.casaldelsinfants.org\/es\/actualidad\/hablamos-de-santa-coloma-y-la-juventud-partir-del-documental-periferia\/"},"wordCount":911,"commentCount":0,"publisher":{"@id":"https:\/\/www.casaldelsinfants.org\/es\/#organization"},"articleSection":["Entrevista"],"inLanguage":"es","potentialAction":[{"@type":"CommentAction","name":"Comment","target":["https:\/\/www.casaldelsinfants.org\/es\/actualidad\/hablamos-de-santa-coloma-y-la-juventud-partir-del-documental-periferia\/#respond"]}]},{"@type":"WebPage","@id":"https:\/\/www.casaldelsinfants.org\/es\/actualidad\/hablamos-de-santa-coloma-y-la-juventud-partir-del-documental-periferia\/","url":"https:\/\/www.casaldelsinfants.org\/es\/actualidad\/hablamos-de-santa-coloma-y-la-juventud-partir-del-documental-periferia\/","name":"Santa Coloma juventud Perif\u00e8ria","isPartOf":{"@id":"https:\/\/www.casaldelsinfants.org\/es\/#website"},"datePublished":"2021-01-27T12:33:58+00:00","dateModified":"2023-05-01T15:47:29+00:00","description":"Imane y Jamie participan en el Casal dels Infants de Santa Coloma de Gramenet y parecen en \u201cPerif\u00e8ria\u201d, un documental sobre las luchas vecinales que, a partir de los a\u00f1os sensenta, permitieron dignificar muchos \u00e1mbitos de la vida colomense a trav\u00e9s del Pla Popular, y que hace tambi\u00e9n una mirada al presente.","breadcrumb":{"@id":"https:\/\/www.casaldelsinfants.org\/es\/actualidad\/hablamos-de-santa-coloma-y-la-juventud-partir-del-documental-periferia\/#breadcrumb"},"inLanguage":"es","potentialAction":[{"@type":"ReadAction","target":["https:\/\/www.casaldelsinfants.org\/es\/actualidad\/hablamos-de-santa-coloma-y-la-juventud-partir-del-documental-periferia\/"]}]},{"@type":"BreadcrumbList","@id":"https:\/\/www.casaldelsinfants.org\/es\/actualidad\/hablamos-de-santa-coloma-y-la-juventud-partir-del-documental-periferia\/#breadcrumb","itemListElement":[{"@type":"ListItem","position":1,"name":"Inici","item":"https:\/\/www.casaldelsinfants.org\/es\/"},{"@type":"ListItem","position":2,"name":"Hablamos de Santa Coloma y la juventud a partir del documental \u201cPerif\u00e8ria\u201d"}]},{"@type":"WebSite","@id":"https:\/\/www.casaldelsinfants.org\/es\/#website","url":"https:\/\/www.casaldelsinfants.org\/es\/","name":"Casal dels Infants","description":"","publisher":{"@id":"https:\/\/www.casaldelsinfants.org\/es\/#organization"},"potentialAction":[{"@type":"SearchAction","target":{"@type":"EntryPoint","urlTemplate":"https:\/\/www.casaldelsinfants.org\/es\/?s={search_term_string}"},"query-input":{"@type":"PropertyValueSpecification","valueRequired":true,"valueName":"search_term_string"}}],"inLanguage":"es"},{"@type":"Organization","@id":"https:\/\/www.casaldelsinfants.org\/es\/#organization","name":"Casal dels Infants","url":"https:\/\/www.casaldelsinfants.org\/es\/","logo":{"@type":"ImageObject","inLanguage":"es","@id":"https:\/\/www.casaldelsinfants.org\/es\/#\/schema\/logo\/image\/","url":"https:\/\/www.casaldelsinfants.org\/wp-content\/uploads\/logo-mail.png","contentUrl":"https:\/\/www.casaldelsinfants.org\/wp-content\/uploads\/logo-mail.png","width":380,"height":158,"caption":"Casal dels Infants"},"image":{"@id":"https:\/\/www.casaldelsinfants.org\/es\/#\/schema\/logo\/image\/"},"sameAs":["https:\/\/www.facebook.com\/casalinfants","https:\/\/x.com\/casalinfants","https:\/\/www.youtube.com\/user\/CasaldelsInfants1","https:\/\/www.instagram.com\/casalinfants\/","https:\/\/www.linkedin.com\/company\/casaldelsinfants?trk=organization-update_share-update_actor-text"]},{"@type":"Person","@id":"https:\/\/www.casaldelsinfants.org\/es\/#\/schema\/person\/97707fc8c64900cf36891127dbf9fba8","name":"cdiAdmin","sameAs":["https:\/\/casaldelsinfants.org"]}]}},"publishpress_future_action":{"enabled":false,"date":"2026-05-08 17:08:12","action":"change-status","newStatus":"draft","terms":[],"taxonomy":"category","extraData":[]},"publishpress_future_workflow_manual_trigger":{"enabledWorkflows":[]},"_links":{"self":[{"href":"https:\/\/www.casaldelsinfants.org\/es\/wp-json\/wp\/v2\/posts\/4317","targetHints":{"allow":["GET"]}}],"collection":[{"href":"https:\/\/www.casaldelsinfants.org\/es\/wp-json\/wp\/v2\/posts"}],"about":[{"href":"https:\/\/www.casaldelsinfants.org\/es\/wp-json\/wp\/v2\/types\/post"}],"author":[{"embeddable":true,"href":"https:\/\/www.casaldelsinfants.org\/es\/wp-json\/wp\/v2\/users\/1"}],"replies":[{"embeddable":true,"href":"https:\/\/www.casaldelsinfants.org\/es\/wp-json\/wp\/v2\/comments?post=4317"}],"version-history":[{"count":1,"href":"https:\/\/www.casaldelsinfants.org\/es\/wp-json\/wp\/v2\/posts\/4317\/revisions"}],"predecessor-version":[{"id":6284,"href":"https:\/\/www.casaldelsinfants.org\/es\/wp-json\/wp\/v2\/posts\/4317\/revisions\/6284"}],"wp:attachment":[{"href":"https:\/\/www.casaldelsinfants.org\/es\/wp-json\/wp\/v2\/media?parent=4317"}],"wp:term":[{"taxonomy":"category","embeddable":true,"href":"https:\/\/www.casaldelsinfants.org\/es\/wp-json\/wp\/v2\/categories?post=4317"},{"taxonomy":"post_tag","embeddable":true,"href":"https:\/\/www.casaldelsinfants.org\/es\/wp-json\/wp\/v2\/tags?post=4317"},{"taxonomy":"seus","embeddable":true,"href":"https:\/\/www.casaldelsinfants.org\/es\/wp-json\/wp\/v2\/seus?post=4317"},{"taxonomy":"eixos","embeddable":true,"href":"https:\/\/www.casaldelsinfants.org\/es\/wp-json\/wp\/v2\/eixos?post=4317"}],"curies":[{"name":"wp","href":"https:\/\/api.w.org\/{rel}","templated":true}]}}