{"id":4320,"date":"2020-12-23T11:51:36","date_gmt":"2020-12-23T09:51:36","guid":{"rendered":"https:\/\/casal.puntzero.cat\/noticies\/ajuts-covid-lhabitatge\/"},"modified":"2023-11-23T12:36:35","modified_gmt":"2023-11-23T10:36:35","slug":"ajuts-covid-lhabitatge","status":"publish","type":"post","link":"https:\/\/www.casaldelsinfants.org\/es\/actualidad\/ajuts-covid-lhabitatge\/","title":{"rendered":"Ayudas Covid para la vivienda"},"content":{"rendered":"<p><span style=\"color: #000000;\">La situaci\u00f3n de pandemia que estamos viviendo desde el mes de marzo ha dejado a muchas personas que ya se encontraban en situaci\u00f3n de vulnerabilidad en una<\/span><a href=\"https:\/\/www.casaldelsinfants.org\/es\/que-puedes-hacer-tu\/haz-un-donativo\/\"> <u>situaci\u00f3n de alto riesgo <\/u><\/a><span style=\"color: #000000;\">y con <strong>graves problemas de vivienda<\/strong>.\u00a0<\/span><\/p>\n<p><span style=\"color: #000000;\">Con la avalancha constante de informaci\u00f3n que nos llega a trav\u00e9s de los medios de comunicaci\u00f3n, a veces es dif\u00edcil identificar las diferentes ayudas y saber a cu\u00e1les se puede acceder.\u00a0<\/span><\/p>\n<p><span style=\"color: #000000;\">En este art\u00edculo te explicamos cu\u00e1les son las <strong>ayudas sociales para la vivienda impulsadas por la Generalitat de Catalu\u00f1a a ra\u00edz de la Covid-19<\/strong> para personas o familias afectadas econ\u00f3micamente por la pandemia.\u00a0<\/span><\/p>\n<p dir=\"ltr\"><strong>Desahucios\u00a0<\/strong><\/p>\n<p><span style=\"color: #000000;\">El problema de la vivienda no es nuevo, muchas familias en riesgo de exclusi\u00f3n ya estaban sufriendo graves problemas para pagar el alquiler antes de la pandemia, <\/span><u><a href=\"https:\/\/www.casaldelsinfants.org\/es\/actualidad\/vulneracion-derechos-vivienda-familias-no-seguras\/\">como nos contaba Marina<\/a><\/u><span style=\"color: #000000;\">, participante del Casal Joven del barrio del Raval.\u00a0<\/span><\/p>\n<p><span style=\"color: #000000;\">Ella y su familia tuvieron que cambiar varias veces de piso porque no pod\u00edan pagar el alquiler, y eso afectaba emocionalmente tanto a ella como a sus padres y hermanos, que viv\u00edan con una sensaci\u00f3n de inseguridad constante.\u00a0<\/span><\/p>\n<p><span style=\"color: #000000;\">A ra\u00edz de la crisis actual las situaciones se han agravado, y <\/span><u><a href=\"https:\/\/www.casaldelsinfants.org\/es\/que-puedes-hacer-tu\/haz-un-donativo\/\">muchas personas se han encontrado sin ninguna fuente de ingresos<\/a><\/u><span style=\"color: #000000;\"> y con el peligro y la angustia de ser desahuciadas.\u00a0<\/span><\/p>\n<p><span style=\"color: #000000;\"><strong>Las ayudas sociales en moratoria de desahucios<\/strong> establecen que hasta el 31 de enero de 2021, se mantiene vigente la prohibici\u00f3n de desahucios para hogares vulnerables sin alternativa habitacional.<\/span><\/p>\n<p><span style=\"color: #000000;\">Tambi\u00e9n se ampl\u00eda la posibilidad de pedir al propietario una pr\u00f3rroga de seis meses del contrato vigente de alquiler si acaba antes del 31 de enero de 2021, una medida que no se aplicar\u00e1 si se ha llegado a un acuerdo previo distinto o si el propietario necesita la vivienda para usarla \u00e9l.\u00a0<\/span><\/p>\n<p><span style=\"color: #000000;\">Estas ayudas las pueden solicitar las personas arrendatarias en situaci\u00f3n de vulnerabilidad, sin alternativa de otra vivienda, que tengan una demanda de desahucio por falta de pago del alquiler en curso, con o sin una fecha de desahucio.<\/span><\/p>\n<p><span style=\"color: #000000;\">Aqu\u00ed encontrar\u00e9is <\/span><u><a href=\"https:\/\/canalsalut.gencat.cat\/ca\/salut-a-z\/c\/covid-19\/\">toda la informaci\u00f3n sobre ayudas en moratoria de desahucios<\/a><span style=\"color: #000000;\">.<\/span><\/u><\/p>\n<p>&nbsp;<\/p>\n<p><strong>Aplazamiento del alquiler<\/strong><\/p>\n<p><span style=\"color: #000000;\"><strong>Las ayudas para pagar el alquiler<\/strong> que pueden pedir las personas que se han visto afectadas econ\u00f3micamente por la Covid-19 son medidas que no ofrecen soluciones a largo plazo, ya que si se consigue una moratoria de pago se deber\u00e1 hacer frente a \u00e9ste en un futuro, y en las viviendas privadas \u00e9sta no se extender\u00e1 m\u00e1s de 4 meses. Adem\u00e1s, se piden una serie de requisitos que quiz\u00e1s no todas las personas en grave situaci\u00f3n de vulnerabilidad cumplir\u00e1n y por tanto no podr\u00e1n acceder a estas ayudas.\u00a0<\/span><\/p>\n<ul>\n<li dir=\"ltr\">\n<p dir=\"ltr\" role=\"presentation\"><strong>Viviendas p\u00fablicas\u00a0<\/strong><\/p>\n<\/li>\n<\/ul>\n<p dir=\"ltr\"><span style=\"color: #000000;\">Por lo que se refiere a las<\/span><u> <strong><a href=\"https:\/\/canalsalut.gencat.cat\/ca\/salut-a-z\/c\/covid-19\/\">ayudas para viviendas p\u00fablicas<\/a><\/strong><\/u><span style=\"color: #000000;\"> el Gobierno de la Generalitat ha suspendido la facturaci\u00f3n de los meses de abril, mayo y junio de los contratos de alquiler incluidos en esta medida y el aplazamiento alargar\u00e1 mientras dure la situaci\u00f3n de excepcionalidad.<\/span><\/p>\n<p><span style=\"color: #000000;\">Las rentas que no se paguen mientras dure este aplazamiento se facturar\u00e1n de forma prorrateada durante los 12 pr\u00f3ximos recibos mensuales una vez que termine esta situaci\u00f3n.<\/span><\/p>\n<ul>\n<li dir=\"ltr\">\n<p dir=\"ltr\" role=\"presentation\"><strong>Contratos privados y locales\u00a0<\/strong><\/p>\n<\/li>\n<\/ul>\n<p><span style=\"color: #000000;\">Para los <strong>contratos privados de vivienda y locales<\/strong>, tambi\u00e9n hay la opci\u00f3n que el propietario y el inquilino acuerden usar la fianza depositada en INCAS\u00d2L como pago del alquiler. Este acuerdo ha de ser de las dos partes. Se debe formalizar en el modelo de documento de INCAS\u00d2L y registrar una copia firmada del documento en formato \u201cpdf\u201d por correo electr\u00f3nico a <\/span><a href=\"mailto:fiances.ingressos@gencat.cat\"><span style=\"color: #000000;\">fiances.ingressos@gencat.cat<\/span><\/a><span style=\"color: #000000;\"> haciendo referencia al n\u00famero de control (NC) del Modelo 2 de ingreso o del n\u00famero de registro emitido por INCAS\u00d2L.\u00a0<\/span><\/p>\n<ul>\n<li dir=\"ltr\">\n<p dir=\"ltr\" role=\"presentation\"><strong>Grandes propietarios\u00a0<\/strong><\/p>\n<\/li>\n<\/ul>\n<p dir=\"ltr\"><span style=\"color: #000000;\">\u00a0Se ha establecido un aplazamiento del pago del alquiler o una reducci\u00f3n al 50% para viviendas de grandes propietarios, empresas o entidades p\u00fablicas que no sean la Generalitat.\u00a0<\/span><\/p>\n<p><span style=\"color: #000000;\">Se trata de un aplazamiento del pago del alquiler o una reducci\u00f3n del 50% de la renta del alquiler para las personas y familias vulnerables. <strong>No significa la condonaci\u00f3n de los recibos no pagados durante el per\u00edodo de excepcionalidad, sino el aplazamiento temporal y extraordinario del pago de la renta de alquiler.<\/strong><\/span><\/p>\n<p><span style=\"color: #000000;\">Las personas y familias en situaci\u00f3n de vulnerabilidad que vivan en una vivienda de un gran propietario, una empresa o entidad p\u00fablica que no sea la Generalitat<strong> pueden pedir esta ayuda si cumplen estos requisitos<\/strong>:<\/span><\/p>\n<ul dir=\"ltr\">\n<li role=\"presentation\"><span style=\"color: #000000;\">Que tengan un contrato de alquiler de vivienda habitual seg\u00fan la Ley de arrendamiento urbanos.<\/span><\/li>\n<li role=\"presentation\"><span style=\"color: #000000;\">Que el propietario sea una empresa o una entidad p\u00fablica de viviendas o sea titular de m\u00e1s de 10 viviendas, excluyendo garajes y trasteros, o que tenga una superficie construida de m\u00e1s de 1.500 m2.<\/span><\/li>\n<li role=\"presentation\"><span style=\"color: #000000;\">Que est\u00e9n obligadas a pagar el importe del alquiler y haber pasado a situaci\u00f3n de desempleo, expediente temporal de regulaci\u00f3n de empleo (ERTE), o haber visto reducida la jornada de trabajo por motivos de cuidados, en caso de ser empresario, o otras circunstancias similares que hayan supuesto una p\u00e9rdida de ingresos, siempre que los ingresos del conjunto de la unidad familiar del mes anterior a la solicitud no superen los 1.613,52 euros mensuales.<\/span><\/li>\n<li role=\"presentation\"><span style=\"color: #000000;\">Sin embargo, este m\u00e1ximo se ampl\u00eda a 2.151,36 euros mensuales cuando la unidad familiar, que incluye los c\u00f3nyuges y sus descendientes bajo tutela que conviven juntos, tengan a cargo alg\u00fan miembro con una discapacidad reconocida superior al 33% (intelectual) o al 65% (sensorial o f\u00edsica) o con una enfermedad grave que le incapacite para trabajar.<\/span><\/li>\n<li role=\"presentation\"><span style=\"color: #000000;\">Si es la persona deudora principal quien sufre esta discapacidad, el l\u00edmite de ingresos aumenta hasta los 2.689,20 euros mensuales. Adem\u00e1s, estos ingresos m\u00e1ximos se podr\u00e1n incrementar en 53,78 euros por cada hijo a cargo o 80,67 euros por hijo si la familia es monoparental.<\/span><\/li>\n<li role=\"presentation\"><span style=\"color: #000000;\">La suma de la renta del alquiler, los gastos y suministros b\u00e1sicos de la vivienda (luz, gas, gas\u00f3leo para calefacci\u00f3n, agua, telefon\u00eda y cuota de la comunidad) debe ser de m\u00e1s del 35% de los ingresos netos de la unidad familiar.<\/span><\/li>\n<li role=\"presentation\"><span style=\"color: #000000;\">Esta medida se mantendr\u00e1 durante un m\u00e1ximo de cuatro meses. En el caso de la moratoria, lo no pagado ahora se devolver\u00e1 de forma fraccionada durante un m\u00ednimo de tres a\u00f1os pero, y esto es importante, siempre dentro del tiempo de duraci\u00f3n del contrato<\/span><\/li>\n<\/ul>\n<p>&nbsp;<\/p>\n<p><strong>Subvenciones para el pago del alquiler para personas mayores y v\u00edctimas de violencia machista\u00a0<\/strong><\/p>\n<p><span style=\"color: #000000;\">Tambi\u00e9n se estableci\u00f3 un adelanto de los pagos de las ayudas al alquiler a las personas <\/span><u>mayores de 65 a\u00f1os y las mujeres v\u00edctimas de violencia machista<\/u><span style=\"color: #000000;\">, en el que la Generalitat de Catalunya adelantar\u00e1 el pago de las ayudas al alquiler a los colectivos especialmente vulnerables.\u00a0<\/span><\/p>\n<p dir=\"ltr\"><strong>El Ingreso M\u00ednimo Vital\u00a0<\/strong><\/p>\n<p><span style=\"color: #000000;\">Sin ser espec\u00edficamente para la vivienda, <strong>una de las ayudas de las que m\u00e1s se habla es el Ingreso M\u00ednimo Vital<\/strong>, la prestaci\u00f3n dirigida a prevenir el riesgo de pobreza y exclusi\u00f3n social de las personas que\u00a0carecen de recursos econ\u00f3micos b\u00e1sicos para cubrir sus necesidades b\u00e1sicas.\u00a0<\/span><\/p>\n<p>&nbsp;<\/p>\n<p><span style=\"color: #000000;\">El problema es que tramitar el ingreso m\u00ednimo vital se est\u00e1 convirtiendo en una verdadera odisea para muchas personas, como os cont\u00e1bamos en<\/span><u> este art\u00edculo sobre la USSEM: la Unitat de Suport Social en Emerg\u00e8ncia que ayuda a familias que participan en la asociaci\u00f3n a tramitar la prestaci\u00f3n,<\/u><span style=\"color: #000000;\"> y por lo tanto esta ayuda ni est\u00e1 llegando a miles de personas que la necesitan.\u00a0<\/span><\/p>\n<blockquote><p><span style=\"color: #000000;\">Desde el Casal dels Infants continuamos trabajando para facilitar el acceso de las familias m\u00e1s vulnerables a esta ayuda y para <\/span><u><strong><a href=\"https:\/\/www.casaldelsinfants.org\/es\/que-puedes-hacer-tu\/haz-un-donativo\/\">garantizar que todos los ni\u00f1os y ni\u00f1as crezcan en igualdad de oportunidades<\/a>.\u00a0<\/strong><\/u><\/p><\/blockquote>\n<p dir=\"ltr\">\n","protected":false},"excerpt":{"rendered":"<p>La situaci\u00f3n de pandemia que estamos viviendo desde el mes de marzo ha dejado a muchas personas que ya se encontraban en situaci\u00f3n de vulnerabilidad en una situaci\u00f3n de alto riesgo y con graves problemas de vivienda.\u00a0 Con la avalancha constante de informaci\u00f3n que nos llega a trav\u00e9s de los medios de comunicaci\u00f3n, a veces [&hellip;]<\/p>\n","protected":false},"author":1,"featured_media":3124,"comment_status":"open","ping_status":"open","sticky":false,"template":"","format":"standard","meta":{"_acf_changed":false,"_et_pb_use_builder":"","_et_pb_old_content":"","_et_gb_content_width":"","inline_featured_image":false,"footnotes":""},"categories":[125],"tags":[],"seus":[],"eixos":[],"class_list":["post-4320","post","type-post","status-publish","format-standard","has-post-thumbnail","hentry","category-noticias"],"acf":[],"yoast_head":"<!-- This site is optimized with the Yoast SEO plugin v27.4 - https:\/\/yoast.com\/product\/yoast-seo-wordpress\/ -->\n<title>Ayudas Covid para la vivienda | Noticias<\/title>\n<meta name=\"description\" content=\"Con la crisis actual el problema de la vivienda se ha agravado para muchas familias en riesgo de exclusi\u00f3n social. Te explicamos cu\u00e1les son las ayudas Covid para la vivienda de la Generalitat de Catalu\u00f1a.\" \/>\n<meta name=\"robots\" content=\"index, follow, max-snippet:-1, max-image-preview:large, max-video-preview:-1\" \/>\n<link rel=\"canonical\" href=\"https:\/\/www.casaldelsinfants.org\/es\/actualidad\/ajuts-covid-lhabitatge\/\" \/>\n<meta property=\"og:locale\" content=\"es_ES\" \/>\n<meta property=\"og:type\" content=\"article\" \/>\n<meta property=\"og:title\" content=\"Ayudas Covid para la vivienda | Noticias\" \/>\n<meta property=\"og:description\" content=\"Con la crisis actual el problema de la vivienda se ha agravado para muchas familias en riesgo de exclusi\u00f3n social. Te explicamos cu\u00e1les son las ayudas Covid para la vivienda de la Generalitat de Catalu\u00f1a.\" \/>\n<meta property=\"og:url\" content=\"https:\/\/www.casaldelsinfants.org\/es\/actualidad\/ajuts-covid-lhabitatge\/\" \/>\n<meta property=\"og:site_name\" content=\"Casal dels Infants\" \/>\n<meta property=\"article:publisher\" content=\"https:\/\/www.facebook.com\/casalinfants\" \/>\n<meta property=\"article:published_time\" content=\"2020-12-23T09:51:36+00:00\" \/>\n<meta property=\"article:modified_time\" content=\"2023-11-23T10:36:35+00:00\" \/>\n<meta property=\"og:image\" content=\"https:\/\/www.casaldelsinfants.org\/wp-content\/uploads\/490x_vivienda.jpg\" \/>\n\t<meta property=\"og:image:width\" content=\"489\" \/>\n\t<meta property=\"og:image:height\" content=\"267\" \/>\n\t<meta property=\"og:image:type\" content=\"image\/jpeg\" \/>\n<meta name=\"author\" content=\"cdiAdmin\" \/>\n<meta name=\"twitter:card\" content=\"summary_large_image\" \/>\n<meta name=\"twitter:creator\" content=\"@casalinfants\" \/>\n<meta name=\"twitter:site\" content=\"@casalinfants\" \/>\n<meta name=\"twitter:label1\" content=\"Escrito por\" \/>\n\t<meta name=\"twitter:data1\" content=\"cdiAdmin\" \/>\n\t<meta name=\"twitter:label2\" content=\"Tiempo de lectura\" \/>\n\t<meta name=\"twitter:data2\" content=\"7 minutos\" \/>\n<script type=\"application\/ld+json\" class=\"yoast-schema-graph\">{\"@context\":\"https:\\\/\\\/schema.org\",\"@graph\":[{\"@type\":\"Article\",\"@id\":\"https:\\\/\\\/www.casaldelsinfants.org\\\/es\\\/actualidad\\\/ajuts-covid-lhabitatge\\\/#article\",\"isPartOf\":{\"@id\":\"https:\\\/\\\/www.casaldelsinfants.org\\\/es\\\/actualidad\\\/ajuts-covid-lhabitatge\\\/\"},\"author\":{\"name\":\"cdiAdmin\",\"@id\":\"https:\\\/\\\/www.casaldelsinfants.org\\\/es\\\/#\\\/schema\\\/person\\\/97707fc8c64900cf36891127dbf9fba8\"},\"headline\":\"Ayudas Covid para la vivienda\",\"datePublished\":\"2020-12-23T09:51:36+00:00\",\"dateModified\":\"2023-11-23T10:36:35+00:00\",\"mainEntityOfPage\":{\"@id\":\"https:\\\/\\\/www.casaldelsinfants.org\\\/es\\\/actualidad\\\/ajuts-covid-lhabitatge\\\/\"},\"wordCount\":1323,\"commentCount\":0,\"publisher\":{\"@id\":\"https:\\\/\\\/www.casaldelsinfants.org\\\/es\\\/#organization\"},\"image\":{\"@id\":\"https:\\\/\\\/www.casaldelsinfants.org\\\/es\\\/actualidad\\\/ajuts-covid-lhabitatge\\\/#primaryimage\"},\"thumbnailUrl\":\"https:\\\/\\\/www.casaldelsinfants.org\\\/wp-content\\\/uploads\\\/490x_vivienda.jpg\",\"articleSection\":[\"Noticia\"],\"inLanguage\":\"es\",\"potentialAction\":[{\"@type\":\"CommentAction\",\"name\":\"Comment\",\"target\":[\"https:\\\/\\\/www.casaldelsinfants.org\\\/es\\\/actualidad\\\/ajuts-covid-lhabitatge\\\/#respond\"]}]},{\"@type\":\"WebPage\",\"@id\":\"https:\\\/\\\/www.casaldelsinfants.org\\\/es\\\/actualidad\\\/ajuts-covid-lhabitatge\\\/\",\"url\":\"https:\\\/\\\/www.casaldelsinfants.org\\\/es\\\/actualidad\\\/ajuts-covid-lhabitatge\\\/\",\"name\":\"Ayudas Covid para la vivienda | Noticias\",\"isPartOf\":{\"@id\":\"https:\\\/\\\/www.casaldelsinfants.org\\\/es\\\/#website\"},\"primaryImageOfPage\":{\"@id\":\"https:\\\/\\\/www.casaldelsinfants.org\\\/es\\\/actualidad\\\/ajuts-covid-lhabitatge\\\/#primaryimage\"},\"image\":{\"@id\":\"https:\\\/\\\/www.casaldelsinfants.org\\\/es\\\/actualidad\\\/ajuts-covid-lhabitatge\\\/#primaryimage\"},\"thumbnailUrl\":\"https:\\\/\\\/www.casaldelsinfants.org\\\/wp-content\\\/uploads\\\/490x_vivienda.jpg\",\"datePublished\":\"2020-12-23T09:51:36+00:00\",\"dateModified\":\"2023-11-23T10:36:35+00:00\",\"description\":\"Con la crisis actual el problema de la vivienda se ha agravado para muchas familias en riesgo de exclusi\u00f3n social. Te explicamos cu\u00e1les son las ayudas Covid para la vivienda de la Generalitat de Catalu\u00f1a.\",\"breadcrumb\":{\"@id\":\"https:\\\/\\\/www.casaldelsinfants.org\\\/es\\\/actualidad\\\/ajuts-covid-lhabitatge\\\/#breadcrumb\"},\"inLanguage\":\"es\",\"potentialAction\":[{\"@type\":\"ReadAction\",\"target\":[\"https:\\\/\\\/www.casaldelsinfants.org\\\/es\\\/actualidad\\\/ajuts-covid-lhabitatge\\\/\"]}]},{\"@type\":\"ImageObject\",\"inLanguage\":\"es\",\"@id\":\"https:\\\/\\\/www.casaldelsinfants.org\\\/es\\\/actualidad\\\/ajuts-covid-lhabitatge\\\/#primaryimage\",\"url\":\"https:\\\/\\\/www.casaldelsinfants.org\\\/wp-content\\\/uploads\\\/490x_vivienda.jpg\",\"contentUrl\":\"https:\\\/\\\/www.casaldelsinfants.org\\\/wp-content\\\/uploads\\\/490x_vivienda.jpg\",\"width\":489,\"height\":267,\"caption\":\"M\u00e0 amb una casa\"},{\"@type\":\"BreadcrumbList\",\"@id\":\"https:\\\/\\\/www.casaldelsinfants.org\\\/es\\\/actualidad\\\/ajuts-covid-lhabitatge\\\/#breadcrumb\",\"itemListElement\":[{\"@type\":\"ListItem\",\"position\":1,\"name\":\"Inici\",\"item\":\"https:\\\/\\\/www.casaldelsinfants.org\\\/es\\\/\"},{\"@type\":\"ListItem\",\"position\":2,\"name\":\"Ayudas Covid para la vivienda\"}]},{\"@type\":\"WebSite\",\"@id\":\"https:\\\/\\\/www.casaldelsinfants.org\\\/es\\\/#website\",\"url\":\"https:\\\/\\\/www.casaldelsinfants.org\\\/es\\\/\",\"name\":\"Casal dels Infants\",\"description\":\"\",\"publisher\":{\"@id\":\"https:\\\/\\\/www.casaldelsinfants.org\\\/es\\\/#organization\"},\"potentialAction\":[{\"@type\":\"SearchAction\",\"target\":{\"@type\":\"EntryPoint\",\"urlTemplate\":\"https:\\\/\\\/www.casaldelsinfants.org\\\/es\\\/?s={search_term_string}\"},\"query-input\":{\"@type\":\"PropertyValueSpecification\",\"valueRequired\":true,\"valueName\":\"search_term_string\"}}],\"inLanguage\":\"es\"},{\"@type\":\"Organization\",\"@id\":\"https:\\\/\\\/www.casaldelsinfants.org\\\/es\\\/#organization\",\"name\":\"Casal dels Infants\",\"url\":\"https:\\\/\\\/www.casaldelsinfants.org\\\/es\\\/\",\"logo\":{\"@type\":\"ImageObject\",\"inLanguage\":\"es\",\"@id\":\"https:\\\/\\\/www.casaldelsinfants.org\\\/es\\\/#\\\/schema\\\/logo\\\/image\\\/\",\"url\":\"https:\\\/\\\/www.casaldelsinfants.org\\\/wp-content\\\/uploads\\\/logo-mail.png\",\"contentUrl\":\"https:\\\/\\\/www.casaldelsinfants.org\\\/wp-content\\\/uploads\\\/logo-mail.png\",\"width\":380,\"height\":158,\"caption\":\"Casal dels Infants\"},\"image\":{\"@id\":\"https:\\\/\\\/www.casaldelsinfants.org\\\/es\\\/#\\\/schema\\\/logo\\\/image\\\/\"},\"sameAs\":[\"https:\\\/\\\/www.facebook.com\\\/casalinfants\",\"https:\\\/\\\/x.com\\\/casalinfants\",\"https:\\\/\\\/www.youtube.com\\\/user\\\/CasaldelsInfants1\",\"https:\\\/\\\/www.instagram.com\\\/casalinfants\\\/\",\"https:\\\/\\\/www.linkedin.com\\\/company\\\/casaldelsinfants?trk=organization-update_share-update_actor-text\"]},{\"@type\":\"Person\",\"@id\":\"https:\\\/\\\/www.casaldelsinfants.org\\\/es\\\/#\\\/schema\\\/person\\\/97707fc8c64900cf36891127dbf9fba8\",\"name\":\"cdiAdmin\",\"sameAs\":[\"https:\\\/\\\/casaldelsinfants.org\"]}]}<\/script>\n<!-- \/ Yoast SEO plugin. -->","yoast_head_json":{"title":"Ayudas Covid para la vivienda | Noticias","description":"Con la crisis actual el problema de la vivienda se ha agravado para muchas familias en riesgo de exclusi\u00f3n social. Te explicamos cu\u00e1les son las ayudas Covid para la vivienda de la Generalitat de Catalu\u00f1a.","robots":{"index":"index","follow":"follow","max-snippet":"max-snippet:-1","max-image-preview":"max-image-preview:large","max-video-preview":"max-video-preview:-1"},"canonical":"https:\/\/www.casaldelsinfants.org\/es\/actualidad\/ajuts-covid-lhabitatge\/","og_locale":"es_ES","og_type":"article","og_title":"Ayudas Covid para la vivienda | Noticias","og_description":"Con la crisis actual el problema de la vivienda se ha agravado para muchas familias en riesgo de exclusi\u00f3n social. Te explicamos cu\u00e1les son las ayudas Covid para la vivienda de la Generalitat de Catalu\u00f1a.","og_url":"https:\/\/www.casaldelsinfants.org\/es\/actualidad\/ajuts-covid-lhabitatge\/","og_site_name":"Casal dels Infants","article_publisher":"https:\/\/www.facebook.com\/casalinfants","article_published_time":"2020-12-23T09:51:36+00:00","article_modified_time":"2023-11-23T10:36:35+00:00","og_image":[{"width":489,"height":267,"url":"https:\/\/www.casaldelsinfants.org\/wp-content\/uploads\/490x_vivienda.jpg","type":"image\/jpeg"}],"author":"cdiAdmin","twitter_card":"summary_large_image","twitter_creator":"@casalinfants","twitter_site":"@casalinfants","twitter_misc":{"Escrito por":"cdiAdmin","Tiempo de lectura":"7 minutos"},"schema":{"@context":"https:\/\/schema.org","@graph":[{"@type":"Article","@id":"https:\/\/www.casaldelsinfants.org\/es\/actualidad\/ajuts-covid-lhabitatge\/#article","isPartOf":{"@id":"https:\/\/www.casaldelsinfants.org\/es\/actualidad\/ajuts-covid-lhabitatge\/"},"author":{"name":"cdiAdmin","@id":"https:\/\/www.casaldelsinfants.org\/es\/#\/schema\/person\/97707fc8c64900cf36891127dbf9fba8"},"headline":"Ayudas Covid para la vivienda","datePublished":"2020-12-23T09:51:36+00:00","dateModified":"2023-11-23T10:36:35+00:00","mainEntityOfPage":{"@id":"https:\/\/www.casaldelsinfants.org\/es\/actualidad\/ajuts-covid-lhabitatge\/"},"wordCount":1323,"commentCount":0,"publisher":{"@id":"https:\/\/www.casaldelsinfants.org\/es\/#organization"},"image":{"@id":"https:\/\/www.casaldelsinfants.org\/es\/actualidad\/ajuts-covid-lhabitatge\/#primaryimage"},"thumbnailUrl":"https:\/\/www.casaldelsinfants.org\/wp-content\/uploads\/490x_vivienda.jpg","articleSection":["Noticia"],"inLanguage":"es","potentialAction":[{"@type":"CommentAction","name":"Comment","target":["https:\/\/www.casaldelsinfants.org\/es\/actualidad\/ajuts-covid-lhabitatge\/#respond"]}]},{"@type":"WebPage","@id":"https:\/\/www.casaldelsinfants.org\/es\/actualidad\/ajuts-covid-lhabitatge\/","url":"https:\/\/www.casaldelsinfants.org\/es\/actualidad\/ajuts-covid-lhabitatge\/","name":"Ayudas Covid para la vivienda | Noticias","isPartOf":{"@id":"https:\/\/www.casaldelsinfants.org\/es\/#website"},"primaryImageOfPage":{"@id":"https:\/\/www.casaldelsinfants.org\/es\/actualidad\/ajuts-covid-lhabitatge\/#primaryimage"},"image":{"@id":"https:\/\/www.casaldelsinfants.org\/es\/actualidad\/ajuts-covid-lhabitatge\/#primaryimage"},"thumbnailUrl":"https:\/\/www.casaldelsinfants.org\/wp-content\/uploads\/490x_vivienda.jpg","datePublished":"2020-12-23T09:51:36+00:00","dateModified":"2023-11-23T10:36:35+00:00","description":"Con la crisis actual el problema de la vivienda se ha agravado para muchas familias en riesgo de exclusi\u00f3n social. Te explicamos cu\u00e1les son las ayudas Covid para la vivienda de la Generalitat de Catalu\u00f1a.","breadcrumb":{"@id":"https:\/\/www.casaldelsinfants.org\/es\/actualidad\/ajuts-covid-lhabitatge\/#breadcrumb"},"inLanguage":"es","potentialAction":[{"@type":"ReadAction","target":["https:\/\/www.casaldelsinfants.org\/es\/actualidad\/ajuts-covid-lhabitatge\/"]}]},{"@type":"ImageObject","inLanguage":"es","@id":"https:\/\/www.casaldelsinfants.org\/es\/actualidad\/ajuts-covid-lhabitatge\/#primaryimage","url":"https:\/\/www.casaldelsinfants.org\/wp-content\/uploads\/490x_vivienda.jpg","contentUrl":"https:\/\/www.casaldelsinfants.org\/wp-content\/uploads\/490x_vivienda.jpg","width":489,"height":267,"caption":"M\u00e0 amb una casa"},{"@type":"BreadcrumbList","@id":"https:\/\/www.casaldelsinfants.org\/es\/actualidad\/ajuts-covid-lhabitatge\/#breadcrumb","itemListElement":[{"@type":"ListItem","position":1,"name":"Inici","item":"https:\/\/www.casaldelsinfants.org\/es\/"},{"@type":"ListItem","position":2,"name":"Ayudas Covid para la vivienda"}]},{"@type":"WebSite","@id":"https:\/\/www.casaldelsinfants.org\/es\/#website","url":"https:\/\/www.casaldelsinfants.org\/es\/","name":"Casal dels Infants","description":"","publisher":{"@id":"https:\/\/www.casaldelsinfants.org\/es\/#organization"},"potentialAction":[{"@type":"SearchAction","target":{"@type":"EntryPoint","urlTemplate":"https:\/\/www.casaldelsinfants.org\/es\/?s={search_term_string}"},"query-input":{"@type":"PropertyValueSpecification","valueRequired":true,"valueName":"search_term_string"}}],"inLanguage":"es"},{"@type":"Organization","@id":"https:\/\/www.casaldelsinfants.org\/es\/#organization","name":"Casal dels Infants","url":"https:\/\/www.casaldelsinfants.org\/es\/","logo":{"@type":"ImageObject","inLanguage":"es","@id":"https:\/\/www.casaldelsinfants.org\/es\/#\/schema\/logo\/image\/","url":"https:\/\/www.casaldelsinfants.org\/wp-content\/uploads\/logo-mail.png","contentUrl":"https:\/\/www.casaldelsinfants.org\/wp-content\/uploads\/logo-mail.png","width":380,"height":158,"caption":"Casal dels Infants"},"image":{"@id":"https:\/\/www.casaldelsinfants.org\/es\/#\/schema\/logo\/image\/"},"sameAs":["https:\/\/www.facebook.com\/casalinfants","https:\/\/x.com\/casalinfants","https:\/\/www.youtube.com\/user\/CasaldelsInfants1","https:\/\/www.instagram.com\/casalinfants\/","https:\/\/www.linkedin.com\/company\/casaldelsinfants?trk=organization-update_share-update_actor-text"]},{"@type":"Person","@id":"https:\/\/www.casaldelsinfants.org\/es\/#\/schema\/person\/97707fc8c64900cf36891127dbf9fba8","name":"cdiAdmin","sameAs":["https:\/\/casaldelsinfants.org"]}]}},"publishpress_future_action":{"enabled":false,"date":"2026-05-09 08:09:14","action":"change-status","newStatus":"draft","terms":[],"taxonomy":"category","extraData":[]},"publishpress_future_workflow_manual_trigger":{"enabledWorkflows":[]},"_links":{"self":[{"href":"https:\/\/www.casaldelsinfants.org\/es\/wp-json\/wp\/v2\/posts\/4320","targetHints":{"allow":["GET"]}}],"collection":[{"href":"https:\/\/www.casaldelsinfants.org\/es\/wp-json\/wp\/v2\/posts"}],"about":[{"href":"https:\/\/www.casaldelsinfants.org\/es\/wp-json\/wp\/v2\/types\/post"}],"author":[{"embeddable":true,"href":"https:\/\/www.casaldelsinfants.org\/es\/wp-json\/wp\/v2\/users\/1"}],"replies":[{"embeddable":true,"href":"https:\/\/www.casaldelsinfants.org\/es\/wp-json\/wp\/v2\/comments?post=4320"}],"version-history":[{"count":3,"href":"https:\/\/www.casaldelsinfants.org\/es\/wp-json\/wp\/v2\/posts\/4320\/revisions"}],"predecessor-version":[{"id":16119,"href":"https:\/\/www.casaldelsinfants.org\/es\/wp-json\/wp\/v2\/posts\/4320\/revisions\/16119"}],"wp:featuredmedia":[{"embeddable":true,"href":"https:\/\/www.casaldelsinfants.org\/es\/wp-json\/wp\/v2\/media\/3124"}],"wp:attachment":[{"href":"https:\/\/www.casaldelsinfants.org\/es\/wp-json\/wp\/v2\/media?parent=4320"}],"wp:term":[{"taxonomy":"category","embeddable":true,"href":"https:\/\/www.casaldelsinfants.org\/es\/wp-json\/wp\/v2\/categories?post=4320"},{"taxonomy":"post_tag","embeddable":true,"href":"https:\/\/www.casaldelsinfants.org\/es\/wp-json\/wp\/v2\/tags?post=4320"},{"taxonomy":"seus","embeddable":true,"href":"https:\/\/www.casaldelsinfants.org\/es\/wp-json\/wp\/v2\/seus?post=4320"},{"taxonomy":"eixos","embeddable":true,"href":"https:\/\/www.casaldelsinfants.org\/es\/wp-json\/wp\/v2\/eixos?post=4320"}],"curies":[{"name":"wp","href":"https:\/\/api.w.org\/{rel}","templated":true}]}}