{"id":4323,"date":"2020-12-17T12:11:39","date_gmt":"2020-12-17T10:11:39","guid":{"rendered":"https:\/\/casal.puntzero.cat\/noticies\/joves-del-casal-dels-infants-sencarreguen-del-servei-del-programa-masterchef-celebrity-la\/"},"modified":"2023-05-01T17:48:04","modified_gmt":"2023-05-01T15:48:04","slug":"joves-del-casal-dels-infants-sencarreguen-del-servei-del-programa-masterchef-celebrity-la","status":"publish","type":"post","link":"https:\/\/www.casaldelsinfants.org\/es\/actualidad\/joveness-casal-infants-programa-masterchef\/","title":{"rendered":"J\u00f3venes del Casal dels Infants se encargan del servicio del programa Masterchef Celebrity en la Rambla"},"content":{"rendered":"<p><span style=\"color:#000000;\">Una veintena de j\u00f3venes formados en el Aula de Hosteler\u00eda del Casal dels Infants se encarg\u00f3 del servicio de la prueba de exteriores del octavo programa <\/span><u><a href=\"https:\/\/www.rtve.es\/alacarta\/videos\/masterchef-celebrity-5\/programa-9\/5718136\/\">Masterchef Celebrity 5 de La1<\/a><\/u><span style=\"color:#000000;\"> (a partir del minuto\u00a0<\/span>1:04:12)<span style=\"color:#000000;\">, rodado en la Rambla de Barcelona y que se emiti\u00f3 el 17 de noviembre.<\/span><\/p>\n<p><span style=\"color:#000000;\">Se trata de j\u00f3venes que han aprendido el oficio de camarero en el marco de las acciones formativas del Punto de Formaci\u00f3n Incorpora de la Caixa, una apuesta clave del Programa de Formaci\u00f3n e Inserci\u00f3n del Casal dels Infants para la inserci\u00f3n sociolaboral de personal en situaci\u00f3n de vulnerabilidad social.<\/span><\/p>\n<p><img decoding=\"async\" alt=\"Joves de l'Aula d'Hostaleria durant el rodatge del programa Masterchef Celebrity 5\" data-entity-type=\"file\" data-entity-uuid=\"3d81cff8-2b6a-465f-a286-4e884cc252f6\" data-image-style=\"large\" src=\"\/wp-content\/uploads\/inline-images\/Masterchef%20Casal%20dels%20Infants%20II.jpg\" width=\"480\" height=\"480\" typeof=\"foaf:Image\" class=\"align-center\" \/><\/p>\n<p>\u00a0<\/p>\n<p><span style=\"color:#000000;\">El rodaje fue una oportunidad para que el alumnado del Aula de Hosteler\u00eda demostrara sus competencias y habilidades en el oficio, en una prueba exigente y ante chefs de referencia como Jordi Cruz, Pepe Rodr\u00edguez y Samantha Vallejo-N\u00e1guera. La participaci\u00f3n del Aula de Hosteler\u00eda en Masterchef Celebrity fue posible gracias a la colaboraci\u00f3n de la asociaci\u00f3n Amics de la Rambla.<\/span><\/p>\n<p>\u00a0<\/p>\n<p><span style=\"color:#000000;\">Con el apoyo de:<\/span><\/p>\n<p><span style=\"color:#000000;\"><img decoding=\"async\" alt=\"Logo Programa Incorpora\" data-entity-type=\"file\" data-entity-uuid=\"303459a9-4c6c-47bb-a107-d0c3d86b41fd\" data-image-style=\"medium\" src=\"\/wp-content\/uploads\/inline-images\/Logo%20programa%20incorpora%20de%20la%20Caixa.png\" width=\"220\" height=\"57\" typeof=\"foaf:Image\" class=\"align-left\" \/><\/span><\/p>\n<p>\u00a0<\/p>\n","protected":false},"excerpt":{"rendered":"<p>Una veintena de j\u00f3venes formados en el Aula de Hosteler\u00eda del Casal dels Infants se encarg\u00f3 del servicio de la prueba de exteriores del octavo programa Masterchef Celebrity 5 de La1 (a partir del minuto\u00a01:04:12), rodado en la Rambla de Barcelona y que se emiti\u00f3 el 17 de noviembre. Se trata de j\u00f3venes que han [&hellip;]<\/p>\n","protected":false},"author":1,"featured_media":3133,"comment_status":"open","ping_status":"open","sticky":false,"template":"","format":"standard","meta":{"_acf_changed":false,"_et_pb_use_builder":"","_et_pb_old_content":"","_et_gb_content_width":"","inline_featured_image":false,"footnotes":""},"categories":[125],"tags":[],"seus":[],"eixos":[102],"class_list":["post-4323","post","type-post","status-publish","format-standard","has-post-thumbnail","hentry","category-noticias","eixos-jovenes"],"acf":[],"yoast_head":"<!-- This site is optimized with the Yoast SEO plugin v27.4 - https:\/\/yoast.com\/product\/yoast-seo-wordpress\/ -->\n<title>Masterchef Celebrity 5 Casal dels Infants La Ramba<\/title>\n<meta name=\"description\" content=\"Una vintena de joves formats a l&#039;Aula d&#039;Hostaleria del Casal dels Infants es va encarregar del servei de la prova d&#039;exteriors del vuit\u00e8 programa\u00a0Masterchef\u00a0Celebrity\u00a05 de\u00a0La1, rodat a la Rambla de Barcelona i que es va emetre el 17 de novembre.\" \/>\n<meta name=\"robots\" content=\"index, follow, max-snippet:-1, max-image-preview:large, max-video-preview:-1\" \/>\n<link rel=\"canonical\" href=\"https:\/\/www.casaldelsinfants.org\/es\/actualidad\/joveness-casal-infants-programa-masterchef\/\" \/>\n<meta property=\"og:locale\" content=\"es_ES\" \/>\n<meta property=\"og:type\" content=\"article\" \/>\n<meta property=\"og:title\" content=\"Masterchef Celebrity 5 Casal dels Infants La Ramba\" \/>\n<meta property=\"og:description\" content=\"Una vintena de joves formats a l&#039;Aula d&#039;Hostaleria del Casal dels Infants es va encarregar del servei de la prova d&#039;exteriors del vuit\u00e8 programa\u00a0Masterchef\u00a0Celebrity\u00a05 de\u00a0La1, rodat a la Rambla de Barcelona i que es va emetre el 17 de novembre.\" \/>\n<meta property=\"og:url\" content=\"https:\/\/www.casaldelsinfants.org\/es\/actualidad\/joveness-casal-infants-programa-masterchef\/\" \/>\n<meta property=\"og:site_name\" content=\"Casal dels Infants\" \/>\n<meta property=\"article:publisher\" content=\"https:\/\/www.facebook.com\/casalinfants\" \/>\n<meta property=\"article:published_time\" content=\"2020-12-17T10:11:39+00:00\" \/>\n<meta property=\"article:modified_time\" content=\"2023-05-01T15:48:04+00:00\" \/>\n<meta property=\"og:image\" content=\"https:\/\/www.casaldelsinfants.org\/wp-content\/uploads\/masterchefcasaldelsinfants.jpg\" \/>\n\t<meta property=\"og:image:width\" content=\"2048\" \/>\n\t<meta property=\"og:image:height\" content=\"1511\" \/>\n\t<meta property=\"og:image:type\" content=\"image\/jpeg\" \/>\n<meta name=\"author\" content=\"cdiAdmin\" \/>\n<meta name=\"twitter:card\" content=\"summary_large_image\" \/>\n<meta name=\"twitter:creator\" content=\"@casalinfants\" \/>\n<meta name=\"twitter:site\" content=\"@casalinfants\" \/>\n<meta name=\"twitter:label1\" content=\"Escrito por\" \/>\n\t<meta name=\"twitter:data1\" content=\"cdiAdmin\" \/>\n\t<meta name=\"twitter:label2\" content=\"Tiempo de lectura\" \/>\n\t<meta name=\"twitter:data2\" content=\"1 minuto\" \/>\n<script type=\"application\/ld+json\" class=\"yoast-schema-graph\">{\"@context\":\"https:\\\/\\\/schema.org\",\"@graph\":[{\"@type\":\"Article\",\"@id\":\"https:\\\/\\\/www.casaldelsinfants.org\\\/es\\\/actualidad\\\/joveness-casal-infants-programa-masterchef\\\/#article\",\"isPartOf\":{\"@id\":\"https:\\\/\\\/www.casaldelsinfants.org\\\/es\\\/actualidad\\\/joveness-casal-infants-programa-masterchef\\\/\"},\"author\":{\"name\":\"cdiAdmin\",\"@id\":\"https:\\\/\\\/www.casaldelsinfants.org\\\/es\\\/#\\\/schema\\\/person\\\/97707fc8c64900cf36891127dbf9fba8\"},\"headline\":\"J\u00f3venes del Casal dels Infants se encargan del servicio del programa Masterchef Celebrity en la Rambla\",\"datePublished\":\"2020-12-17T10:11:39+00:00\",\"dateModified\":\"2023-05-01T15:48:04+00:00\",\"mainEntityOfPage\":{\"@id\":\"https:\\\/\\\/www.casaldelsinfants.org\\\/es\\\/actualidad\\\/joveness-casal-infants-programa-masterchef\\\/\"},\"wordCount\":193,\"commentCount\":0,\"publisher\":{\"@id\":\"https:\\\/\\\/www.casaldelsinfants.org\\\/es\\\/#organization\"},\"image\":{\"@id\":\"https:\\\/\\\/www.casaldelsinfants.org\\\/es\\\/actualidad\\\/joveness-casal-infants-programa-masterchef\\\/#primaryimage\"},\"thumbnailUrl\":\"https:\\\/\\\/www.casaldelsinfants.org\\\/wp-content\\\/uploads\\\/masterchefcasaldelsinfants.jpg\",\"articleSection\":[\"Noticia\"],\"inLanguage\":\"es\",\"potentialAction\":[{\"@type\":\"CommentAction\",\"name\":\"Comment\",\"target\":[\"https:\\\/\\\/www.casaldelsinfants.org\\\/es\\\/actualidad\\\/joveness-casal-infants-programa-masterchef\\\/#respond\"]}]},{\"@type\":\"WebPage\",\"@id\":\"https:\\\/\\\/www.casaldelsinfants.org\\\/es\\\/actualidad\\\/joveness-casal-infants-programa-masterchef\\\/\",\"url\":\"https:\\\/\\\/www.casaldelsinfants.org\\\/es\\\/actualidad\\\/joveness-casal-infants-programa-masterchef\\\/\",\"name\":\"Masterchef Celebrity 5 Casal dels Infants La Ramba\",\"isPartOf\":{\"@id\":\"https:\\\/\\\/www.casaldelsinfants.org\\\/es\\\/#website\"},\"primaryImageOfPage\":{\"@id\":\"https:\\\/\\\/www.casaldelsinfants.org\\\/es\\\/actualidad\\\/joveness-casal-infants-programa-masterchef\\\/#primaryimage\"},\"image\":{\"@id\":\"https:\\\/\\\/www.casaldelsinfants.org\\\/es\\\/actualidad\\\/joveness-casal-infants-programa-masterchef\\\/#primaryimage\"},\"thumbnailUrl\":\"https:\\\/\\\/www.casaldelsinfants.org\\\/wp-content\\\/uploads\\\/masterchefcasaldelsinfants.jpg\",\"datePublished\":\"2020-12-17T10:11:39+00:00\",\"dateModified\":\"2023-05-01T15:48:04+00:00\",\"description\":\"Una vintena de joves formats a l'Aula d'Hostaleria del Casal dels Infants es va encarregar del servei de la prova d'exteriors del vuit\u00e8 programa\u00a0Masterchef\u00a0Celebrity\u00a05 de\u00a0La1, rodat a la Rambla de Barcelona i que es va emetre el 17 de novembre.\",\"breadcrumb\":{\"@id\":\"https:\\\/\\\/www.casaldelsinfants.org\\\/es\\\/actualidad\\\/joveness-casal-infants-programa-masterchef\\\/#breadcrumb\"},\"inLanguage\":\"es\",\"potentialAction\":[{\"@type\":\"ReadAction\",\"target\":[\"https:\\\/\\\/www.casaldelsinfants.org\\\/es\\\/actualidad\\\/joveness-casal-infants-programa-masterchef\\\/\"]}]},{\"@type\":\"ImageObject\",\"inLanguage\":\"es\",\"@id\":\"https:\\\/\\\/www.casaldelsinfants.org\\\/es\\\/actualidad\\\/joveness-casal-infants-programa-masterchef\\\/#primaryimage\",\"url\":\"https:\\\/\\\/www.casaldelsinfants.org\\\/wp-content\\\/uploads\\\/masterchefcasaldelsinfants.jpg\",\"contentUrl\":\"https:\\\/\\\/www.casaldelsinfants.org\\\/wp-content\\\/uploads\\\/masterchefcasaldelsinfants.jpg\",\"width\":2048,\"height\":1511,\"caption\":\"Joves del Casal dels Infants s\u2019encarreguen del servei del programa Masterchef Celebrity a la Rambla\"},{\"@type\":\"BreadcrumbList\",\"@id\":\"https:\\\/\\\/www.casaldelsinfants.org\\\/es\\\/actualidad\\\/joveness-casal-infants-programa-masterchef\\\/#breadcrumb\",\"itemListElement\":[{\"@type\":\"ListItem\",\"position\":1,\"name\":\"Inici\",\"item\":\"https:\\\/\\\/www.casaldelsinfants.org\\\/es\\\/\"},{\"@type\":\"ListItem\",\"position\":2,\"name\":\"J\u00f3venes del Casal dels Infants se encargan del servicio del programa Masterchef Celebrity en la Rambla\"}]},{\"@type\":\"WebSite\",\"@id\":\"https:\\\/\\\/www.casaldelsinfants.org\\\/es\\\/#website\",\"url\":\"https:\\\/\\\/www.casaldelsinfants.org\\\/es\\\/\",\"name\":\"Casal dels Infants\",\"description\":\"\",\"publisher\":{\"@id\":\"https:\\\/\\\/www.casaldelsinfants.org\\\/es\\\/#organization\"},\"potentialAction\":[{\"@type\":\"SearchAction\",\"target\":{\"@type\":\"EntryPoint\",\"urlTemplate\":\"https:\\\/\\\/www.casaldelsinfants.org\\\/es\\\/?s={search_term_string}\"},\"query-input\":{\"@type\":\"PropertyValueSpecification\",\"valueRequired\":true,\"valueName\":\"search_term_string\"}}],\"inLanguage\":\"es\"},{\"@type\":\"Organization\",\"@id\":\"https:\\\/\\\/www.casaldelsinfants.org\\\/es\\\/#organization\",\"name\":\"Casal dels Infants\",\"url\":\"https:\\\/\\\/www.casaldelsinfants.org\\\/es\\\/\",\"logo\":{\"@type\":\"ImageObject\",\"inLanguage\":\"es\",\"@id\":\"https:\\\/\\\/www.casaldelsinfants.org\\\/es\\\/#\\\/schema\\\/logo\\\/image\\\/\",\"url\":\"https:\\\/\\\/www.casaldelsinfants.org\\\/wp-content\\\/uploads\\\/logo-mail.png\",\"contentUrl\":\"https:\\\/\\\/www.casaldelsinfants.org\\\/wp-content\\\/uploads\\\/logo-mail.png\",\"width\":380,\"height\":158,\"caption\":\"Casal dels Infants\"},\"image\":{\"@id\":\"https:\\\/\\\/www.casaldelsinfants.org\\\/es\\\/#\\\/schema\\\/logo\\\/image\\\/\"},\"sameAs\":[\"https:\\\/\\\/www.facebook.com\\\/casalinfants\",\"https:\\\/\\\/x.com\\\/casalinfants\",\"https:\\\/\\\/www.youtube.com\\\/user\\\/CasaldelsInfants1\",\"https:\\\/\\\/www.instagram.com\\\/casalinfants\\\/\",\"https:\\\/\\\/www.linkedin.com\\\/company\\\/casaldelsinfants?trk=organization-update_share-update_actor-text\"]},{\"@type\":\"Person\",\"@id\":\"https:\\\/\\\/www.casaldelsinfants.org\\\/es\\\/#\\\/schema\\\/person\\\/97707fc8c64900cf36891127dbf9fba8\",\"name\":\"cdiAdmin\",\"sameAs\":[\"https:\\\/\\\/casaldelsinfants.org\"]}]}<\/script>\n<!-- \/ Yoast SEO plugin. -->","yoast_head_json":{"title":"Masterchef Celebrity 5 Casal dels Infants La Ramba","description":"Una vintena de joves formats a l'Aula d'Hostaleria del Casal dels Infants es va encarregar del servei de la prova d'exteriors del vuit\u00e8 programa\u00a0Masterchef\u00a0Celebrity\u00a05 de\u00a0La1, rodat a la Rambla de Barcelona i que es va emetre el 17 de novembre.","robots":{"index":"index","follow":"follow","max-snippet":"max-snippet:-1","max-image-preview":"max-image-preview:large","max-video-preview":"max-video-preview:-1"},"canonical":"https:\/\/www.casaldelsinfants.org\/es\/actualidad\/joveness-casal-infants-programa-masterchef\/","og_locale":"es_ES","og_type":"article","og_title":"Masterchef Celebrity 5 Casal dels Infants La Ramba","og_description":"Una vintena de joves formats a l'Aula d'Hostaleria del Casal dels Infants es va encarregar del servei de la prova d'exteriors del vuit\u00e8 programa\u00a0Masterchef\u00a0Celebrity\u00a05 de\u00a0La1, rodat a la Rambla de Barcelona i que es va emetre el 17 de novembre.","og_url":"https:\/\/www.casaldelsinfants.org\/es\/actualidad\/joveness-casal-infants-programa-masterchef\/","og_site_name":"Casal dels Infants","article_publisher":"https:\/\/www.facebook.com\/casalinfants","article_published_time":"2020-12-17T10:11:39+00:00","article_modified_time":"2023-05-01T15:48:04+00:00","og_image":[{"width":2048,"height":1511,"url":"https:\/\/www.casaldelsinfants.org\/wp-content\/uploads\/masterchefcasaldelsinfants.jpg","type":"image\/jpeg"}],"author":"cdiAdmin","twitter_card":"summary_large_image","twitter_creator":"@casalinfants","twitter_site":"@casalinfants","twitter_misc":{"Escrito por":"cdiAdmin","Tiempo de lectura":"1 minuto"},"schema":{"@context":"https:\/\/schema.org","@graph":[{"@type":"Article","@id":"https:\/\/www.casaldelsinfants.org\/es\/actualidad\/joveness-casal-infants-programa-masterchef\/#article","isPartOf":{"@id":"https:\/\/www.casaldelsinfants.org\/es\/actualidad\/joveness-casal-infants-programa-masterchef\/"},"author":{"name":"cdiAdmin","@id":"https:\/\/www.casaldelsinfants.org\/es\/#\/schema\/person\/97707fc8c64900cf36891127dbf9fba8"},"headline":"J\u00f3venes del Casal dels Infants se encargan del servicio del programa Masterchef Celebrity en la Rambla","datePublished":"2020-12-17T10:11:39+00:00","dateModified":"2023-05-01T15:48:04+00:00","mainEntityOfPage":{"@id":"https:\/\/www.casaldelsinfants.org\/es\/actualidad\/joveness-casal-infants-programa-masterchef\/"},"wordCount":193,"commentCount":0,"publisher":{"@id":"https:\/\/www.casaldelsinfants.org\/es\/#organization"},"image":{"@id":"https:\/\/www.casaldelsinfants.org\/es\/actualidad\/joveness-casal-infants-programa-masterchef\/#primaryimage"},"thumbnailUrl":"https:\/\/www.casaldelsinfants.org\/wp-content\/uploads\/masterchefcasaldelsinfants.jpg","articleSection":["Noticia"],"inLanguage":"es","potentialAction":[{"@type":"CommentAction","name":"Comment","target":["https:\/\/www.casaldelsinfants.org\/es\/actualidad\/joveness-casal-infants-programa-masterchef\/#respond"]}]},{"@type":"WebPage","@id":"https:\/\/www.casaldelsinfants.org\/es\/actualidad\/joveness-casal-infants-programa-masterchef\/","url":"https:\/\/www.casaldelsinfants.org\/es\/actualidad\/joveness-casal-infants-programa-masterchef\/","name":"Masterchef Celebrity 5 Casal dels Infants La Ramba","isPartOf":{"@id":"https:\/\/www.casaldelsinfants.org\/es\/#website"},"primaryImageOfPage":{"@id":"https:\/\/www.casaldelsinfants.org\/es\/actualidad\/joveness-casal-infants-programa-masterchef\/#primaryimage"},"image":{"@id":"https:\/\/www.casaldelsinfants.org\/es\/actualidad\/joveness-casal-infants-programa-masterchef\/#primaryimage"},"thumbnailUrl":"https:\/\/www.casaldelsinfants.org\/wp-content\/uploads\/masterchefcasaldelsinfants.jpg","datePublished":"2020-12-17T10:11:39+00:00","dateModified":"2023-05-01T15:48:04+00:00","description":"Una vintena de joves formats a l'Aula d'Hostaleria del Casal dels Infants es va encarregar del servei de la prova d'exteriors del vuit\u00e8 programa\u00a0Masterchef\u00a0Celebrity\u00a05 de\u00a0La1, rodat a la Rambla de Barcelona i que es va emetre el 17 de novembre.","breadcrumb":{"@id":"https:\/\/www.casaldelsinfants.org\/es\/actualidad\/joveness-casal-infants-programa-masterchef\/#breadcrumb"},"inLanguage":"es","potentialAction":[{"@type":"ReadAction","target":["https:\/\/www.casaldelsinfants.org\/es\/actualidad\/joveness-casal-infants-programa-masterchef\/"]}]},{"@type":"ImageObject","inLanguage":"es","@id":"https:\/\/www.casaldelsinfants.org\/es\/actualidad\/joveness-casal-infants-programa-masterchef\/#primaryimage","url":"https:\/\/www.casaldelsinfants.org\/wp-content\/uploads\/masterchefcasaldelsinfants.jpg","contentUrl":"https:\/\/www.casaldelsinfants.org\/wp-content\/uploads\/masterchefcasaldelsinfants.jpg","width":2048,"height":1511,"caption":"Joves del Casal dels Infants s\u2019encarreguen del servei del programa Masterchef Celebrity a la Rambla"},{"@type":"BreadcrumbList","@id":"https:\/\/www.casaldelsinfants.org\/es\/actualidad\/joveness-casal-infants-programa-masterchef\/#breadcrumb","itemListElement":[{"@type":"ListItem","position":1,"name":"Inici","item":"https:\/\/www.casaldelsinfants.org\/es\/"},{"@type":"ListItem","position":2,"name":"J\u00f3venes del Casal dels Infants se encargan del servicio del programa Masterchef Celebrity en la Rambla"}]},{"@type":"WebSite","@id":"https:\/\/www.casaldelsinfants.org\/es\/#website","url":"https:\/\/www.casaldelsinfants.org\/es\/","name":"Casal dels Infants","description":"","publisher":{"@id":"https:\/\/www.casaldelsinfants.org\/es\/#organization"},"potentialAction":[{"@type":"SearchAction","target":{"@type":"EntryPoint","urlTemplate":"https:\/\/www.casaldelsinfants.org\/es\/?s={search_term_string}"},"query-input":{"@type":"PropertyValueSpecification","valueRequired":true,"valueName":"search_term_string"}}],"inLanguage":"es"},{"@type":"Organization","@id":"https:\/\/www.casaldelsinfants.org\/es\/#organization","name":"Casal dels Infants","url":"https:\/\/www.casaldelsinfants.org\/es\/","logo":{"@type":"ImageObject","inLanguage":"es","@id":"https:\/\/www.casaldelsinfants.org\/es\/#\/schema\/logo\/image\/","url":"https:\/\/www.casaldelsinfants.org\/wp-content\/uploads\/logo-mail.png","contentUrl":"https:\/\/www.casaldelsinfants.org\/wp-content\/uploads\/logo-mail.png","width":380,"height":158,"caption":"Casal dels Infants"},"image":{"@id":"https:\/\/www.casaldelsinfants.org\/es\/#\/schema\/logo\/image\/"},"sameAs":["https:\/\/www.facebook.com\/casalinfants","https:\/\/x.com\/casalinfants","https:\/\/www.youtube.com\/user\/CasaldelsInfants1","https:\/\/www.instagram.com\/casalinfants\/","https:\/\/www.linkedin.com\/company\/casaldelsinfants?trk=organization-update_share-update_actor-text"]},{"@type":"Person","@id":"https:\/\/www.casaldelsinfants.org\/es\/#\/schema\/person\/97707fc8c64900cf36891127dbf9fba8","name":"cdiAdmin","sameAs":["https:\/\/casaldelsinfants.org"]}]}},"publishpress_future_action":{"enabled":false,"date":"2026-05-08 22:25:03","action":"change-status","newStatus":"draft","terms":[],"taxonomy":"category","extraData":[]},"publishpress_future_workflow_manual_trigger":{"enabledWorkflows":[]},"_links":{"self":[{"href":"https:\/\/www.casaldelsinfants.org\/es\/wp-json\/wp\/v2\/posts\/4323","targetHints":{"allow":["GET"]}}],"collection":[{"href":"https:\/\/www.casaldelsinfants.org\/es\/wp-json\/wp\/v2\/posts"}],"about":[{"href":"https:\/\/www.casaldelsinfants.org\/es\/wp-json\/wp\/v2\/types\/post"}],"author":[{"embeddable":true,"href":"https:\/\/www.casaldelsinfants.org\/es\/wp-json\/wp\/v2\/users\/1"}],"replies":[{"embeddable":true,"href":"https:\/\/www.casaldelsinfants.org\/es\/wp-json\/wp\/v2\/comments?post=4323"}],"version-history":[{"count":1,"href":"https:\/\/www.casaldelsinfants.org\/es\/wp-json\/wp\/v2\/posts\/4323\/revisions"}],"predecessor-version":[{"id":6289,"href":"https:\/\/www.casaldelsinfants.org\/es\/wp-json\/wp\/v2\/posts\/4323\/revisions\/6289"}],"wp:featuredmedia":[{"embeddable":true,"href":"https:\/\/www.casaldelsinfants.org\/es\/wp-json\/wp\/v2\/media\/3133"}],"wp:attachment":[{"href":"https:\/\/www.casaldelsinfants.org\/es\/wp-json\/wp\/v2\/media?parent=4323"}],"wp:term":[{"taxonomy":"category","embeddable":true,"href":"https:\/\/www.casaldelsinfants.org\/es\/wp-json\/wp\/v2\/categories?post=4323"},{"taxonomy":"post_tag","embeddable":true,"href":"https:\/\/www.casaldelsinfants.org\/es\/wp-json\/wp\/v2\/tags?post=4323"},{"taxonomy":"seus","embeddable":true,"href":"https:\/\/www.casaldelsinfants.org\/es\/wp-json\/wp\/v2\/seus?post=4323"},{"taxonomy":"eixos","embeddable":true,"href":"https:\/\/www.casaldelsinfants.org\/es\/wp-json\/wp\/v2\/eixos?post=4323"}],"curies":[{"name":"wp","href":"https:\/\/api.w.org\/{rel}","templated":true}]}}