{"id":4326,"date":"2020-12-16T17:52:39","date_gmt":"2020-12-16T15:52:39","guid":{"rendered":"https:\/\/casal.puntzero.cat\/noticies\/com-pots-donar-suport-al-casal-casal-dels-infants-aquestes-festes\/"},"modified":"2023-05-01T17:48:19","modified_gmt":"2023-05-01T15:48:19","slug":"com-pots-donar-suport-al-casal-casal-dels-infants-aquestes-festes","status":"publish","type":"post","link":"https:\/\/www.casaldelsinfants.org\/es\/actualidad\/como-puedes-apoyar-al-casal-dels-infants-esta-navidad\/","title":{"rendered":"\u00bfC\u00f3mo puedes apoyar al Casal dels Infants estas fiestas?"},"content":{"rendered":"<p><span style=\"color:#000000;\">Este a\u00f1o la pandemia hace que no podamos celebrar las fiestas como quisi\u00e9ramos. A\u00fan y as\u00ed, en el Casal dels Infants creemos que la mejor manera de proteger la ilusi\u00f3n, ahora y durante todo el a\u00f1o, es garantizar los derechos de todos los ni\u00f1os, ni\u00f1as y j\u00f3venes. Con la Covid-10, el aumento de las desigualdades pone en peligro las condiciones de vida de muchos chicos y chicas y sus familias. Ahora m\u00e1s que nunca, queremos seguir actuando para evitarlo.<\/span><\/p>\n<p><span style=\"color:#000000;\">\u00bfC\u00f3mo nos puedes apoyar para que el a\u00f1o que viene sigamos acompa\u00f1ando a m\u00e1s de 7.200 ni\u00f1os, ni\u00f1as, j\u00f3venes y familias a trav\u00e9s de nuestros 55 servicios socioeducativos?<\/span><\/p>\n<ul>\n<li><b>Haz un donativo<\/b><\/li>\n<\/ul>\n<p><a href=\"https:\/\/www.casaldelsinfants.org\/es\/que-puedes-hacer-tu\/haz-un-donativo\/\"><u>Aqu\u00ed<\/u><\/a> <span style=\"color:#000000;\">podr\u00e1s hacer tu donativo de forma r\u00e1pida y sencilla. El apoyo que puedas ofrecernos tendr\u00e1 un impacto directo en el d\u00eda a d\u00eda de los ni\u00f1os, ni\u00f1as, j\u00f3venes y familias que acompa\u00f1amos. Antes de la Covid-19, 1 de cada 3 ni\u00f1os y ni\u00f1as estaba en riesgo de pobreza o exclusi\u00f3n social en Catalunya. En los \u00faltimos meses hemos comprobado que las desigualdades estructurales se han agravado de forma alarmante, y necesitamos seguir acompa\u00f1ando a quien m\u00e1s ha sufrido la p\u00e9rdida de ingresos.<\/span><\/p>\n<ul>\n<li><strong>Haz tu regalo solidario<\/strong><\/li>\n<\/ul>\n<p><span style=\"color:#000000;\">Haz un regalo solidario <a href=\"https:\/\/www.casaldelsinfants.org\/es\/que-puedes-hacer-tu\/haz-un-donativo\/regalos-solidarios\/\">aqu\u00ed<\/a> para los ni\u00f1os, ni\u00f1as y j\u00f3venes en riesgo de exclusi\u00f3n social que participan en el Casal dels Infants, con el que fortalecer\u00e1s su educaci\u00f3n y sus recursos para salir adelante. Una vez hayas elegido el tuyo, recibir\u00e1s por correo electr\u00f3nico una postal solidaria para que puedas felicitar las fiestas y compartir tu solidaridad con quienes m\u00e1s quieres.<\/span><\/p>\n<ul>\n<li><strong>Regala el arbolito solidario de Turris<\/strong><\/li>\n<\/ul>\n<p><span style=\"color:#000000;\">Estas fiestas, Turris destinar\u00e1 0,5 \u20ac al Casal dels Infants por cada venta de sus tradicionales dulces en forma de arbolito de Navidad. \u00a1Son buen\u00edsimos! Puedes elegir la versi\u00f3n de frutos secos, que tiene una base de coca de madalena y llega especies, pasas, orejones, naranja a dados, almendra, ciruelas, frutas deshidratas y avellanas. Si prefieres el chocolate, te recomendamos el de chips de chocolate. Inf\u00f3rmate<\/span> <a href=\"https:\/\/turris.es\/es\/accion-solidaria-de-navidad-turris-ayuda-al-casal-dels-infants\/\"><u>aqu\u00ed<\/u><\/a>.<\/p>\n<ul>\n<li><strong>Ap\u00f3yanos\u00a0a trav\u00e9s d\u2019Abacus<\/strong><\/li>\n<\/ul>\n<p><span style=\"color:#000000;\">En la <\/span><u><a href=\"https:\/\/www.abacus.coop\/es\/otros\/navidad\/navidad-solidaria-casal-dels-infants\">tienda online de Abacus<\/a><\/u><span style=\"color:#000000;\"> o en sus establecimientos podr\u00e1s hacer una aportaci\u00f3n econ\u00f3mica solidaria a favor de los ni\u00f1os y ni\u00f1as del Casal dels Infants. Lo puedes hacer hasta el d\u00eda de Reyes, aportando 1 \u20ac, 5 \u20ac o 10 \u20ac. La recaudaci\u00f3n se destinar\u00e1 a material escolar y juegos educativos para los ni\u00f1os, ni\u00f1as y j\u00f3venes del Casal dels Infants.<\/span><\/p>\n<ul>\n<li><strong>Participa en la rifa solidaria de Mediolanum y\u00a0Cristina Filgueiras<\/strong><\/li>\n<\/ul>\n<p><span style=\"color:#000000;\">El Casal dels Infants es una de las entidades que recibir\u00e1 el apoyo de la <a href=\"https:\/\/www.migranodearena.org\/evento\/semana-solidaria-mediolanum\">semana solidaria de Banco Mediolanum<\/a> a trav\u00e9s de distintas iniciativas. Una de estas es la<u><strong><a href=\"https:\/\/www.ihelp.org.es\/es\/challenge\/rifa-solidaria-casal-dels-infants\"> rifa solidaria<\/a><\/strong><\/u> de dos packs de asesoramiento nutricional con Cristina Filgueiras, t\u00e9cnica diet\u00e9tica especialista en nutrici\u00f3n deportiva. Podr\u00e1s participar hasta las 12 PM del 17 de diciembre. Cada papeleta vale 10 euros, y los fondos se destinar\u00e1n al Casal dles Infants. As\u00ed mismo, Cristina ofrecer\u00e1 una charla sobre Covid-19, nutrici\u00f3n y ejercicio f\u00edscio el mismo d\u00eda 17 a las 19:00 en su <\/span><u><a href=\"https:\/\/www.youtube.com\/channel\/UC1IFb2LAfKenlMCD8YOUUNw\">canal de Youtube<\/a><\/u><span style=\"color:#000000;\">.<\/span><\/p>\n","protected":false},"excerpt":{"rendered":"<p>Este a\u00f1o la pandemia hace que no podamos celebrar las fiestas como quisi\u00e9ramos. A\u00fan y as\u00ed, en el Casal dels Infants creemos que la mejor manera de proteger la ilusi\u00f3n, ahora y durante todo el a\u00f1o, es garantizar los derechos de todos los ni\u00f1os, ni\u00f1as y j\u00f3venes. Con la Covid-10, el aumento de las desigualdades [&hellip;]<\/p>\n","protected":false},"author":1,"featured_media":3137,"comment_status":"open","ping_status":"open","sticky":false,"template":"","format":"standard","meta":{"_acf_changed":false,"_et_pb_use_builder":"","_et_pb_old_content":"","_et_gb_content_width":"","inline_featured_image":false,"footnotes":""},"categories":[125],"tags":[],"seus":[],"eixos":[110],"class_list":["post-4326","post","type-post","status-publish","format-standard","has-post-thumbnail","hentry","category-noticias","eixos-comunidad-casal-dels-infants"],"acf":[],"yoast_head":"<!-- This site is optimized with the Yoast SEO plugin v27.4 - https:\/\/yoast.com\/product\/yoast-seo-wordpress\/ -->\n<title>\u00bfC\u00f3mo puedes apoyar al Casal dels Infants estas fiestas? - Casal dels Infants<\/title>\n<meta name=\"robots\" content=\"index, follow, max-snippet:-1, max-image-preview:large, max-video-preview:-1\" \/>\n<link rel=\"canonical\" href=\"https:\/\/www.casaldelsinfants.org\/es\/actualidad\/como-puedes-apoyar-al-casal-dels-infants-esta-navidad\/\" \/>\n<meta property=\"og:locale\" content=\"es_ES\" \/>\n<meta property=\"og:type\" content=\"article\" \/>\n<meta property=\"og:title\" content=\"\u00bfC\u00f3mo puedes apoyar al Casal dels Infants estas fiestas? - Casal dels Infants\" \/>\n<meta property=\"og:description\" content=\"Este a\u00f1o la pandemia hace que no podamos celebrar las fiestas como quisi\u00e9ramos. A\u00fan y as\u00ed, en el Casal dels Infants creemos que la mejor manera de proteger la ilusi\u00f3n, ahora y durante todo el a\u00f1o, es garantizar los derechos de todos los ni\u00f1os, ni\u00f1as y j\u00f3venes. Con la Covid-10, el aumento de las desigualdades [&hellip;]\" \/>\n<meta property=\"og:url\" content=\"https:\/\/www.casaldelsinfants.org\/es\/actualidad\/como-puedes-apoyar-al-casal-dels-infants-esta-navidad\/\" \/>\n<meta property=\"og:site_name\" content=\"Casal dels Infants\" \/>\n<meta property=\"article:publisher\" content=\"https:\/\/www.facebook.com\/casalinfants\" \/>\n<meta property=\"article:published_time\" content=\"2020-12-16T15:52:39+00:00\" \/>\n<meta property=\"article:modified_time\" content=\"2023-05-01T15:48:19+00:00\" \/>\n<meta property=\"og:image\" content=\"https:\/\/www.casaldelsinfants.org\/wp-content\/uploads\/foto_suport_festes_casal_dels_infants.jpg\" \/>\n\t<meta property=\"og:image:width\" content=\"540\" \/>\n\t<meta property=\"og:image:height\" content=\"360\" \/>\n\t<meta property=\"og:image:type\" content=\"image\/jpeg\" \/>\n<meta name=\"author\" content=\"cdiAdmin\" \/>\n<meta name=\"twitter:card\" content=\"summary_large_image\" \/>\n<meta name=\"twitter:creator\" content=\"@casalinfants\" \/>\n<meta name=\"twitter:site\" content=\"@casalinfants\" \/>\n<meta name=\"twitter:label1\" content=\"Escrito por\" \/>\n\t<meta name=\"twitter:data1\" content=\"cdiAdmin\" \/>\n\t<meta name=\"twitter:label2\" content=\"Tiempo de lectura\" \/>\n\t<meta name=\"twitter:data2\" content=\"3 minutos\" \/>\n<script type=\"application\/ld+json\" class=\"yoast-schema-graph\">{\"@context\":\"https:\\\/\\\/schema.org\",\"@graph\":[{\"@type\":\"Article\",\"@id\":\"https:\\\/\\\/www.casaldelsinfants.org\\\/es\\\/actualidad\\\/como-puedes-apoyar-al-casal-dels-infants-esta-navidad\\\/#article\",\"isPartOf\":{\"@id\":\"https:\\\/\\\/www.casaldelsinfants.org\\\/es\\\/actualidad\\\/como-puedes-apoyar-al-casal-dels-infants-esta-navidad\\\/\"},\"author\":{\"name\":\"cdiAdmin\",\"@id\":\"https:\\\/\\\/www.casaldelsinfants.org\\\/es\\\/#\\\/schema\\\/person\\\/97707fc8c64900cf36891127dbf9fba8\"},\"headline\":\"\u00bfC\u00f3mo puedes apoyar al Casal dels Infants estas fiestas?\",\"datePublished\":\"2020-12-16T15:52:39+00:00\",\"dateModified\":\"2023-05-01T15:48:19+00:00\",\"mainEntityOfPage\":{\"@id\":\"https:\\\/\\\/www.casaldelsinfants.org\\\/es\\\/actualidad\\\/como-puedes-apoyar-al-casal-dels-infants-esta-navidad\\\/\"},\"wordCount\":562,\"commentCount\":0,\"publisher\":{\"@id\":\"https:\\\/\\\/www.casaldelsinfants.org\\\/es\\\/#organization\"},\"image\":{\"@id\":\"https:\\\/\\\/www.casaldelsinfants.org\\\/es\\\/actualidad\\\/como-puedes-apoyar-al-casal-dels-infants-esta-navidad\\\/#primaryimage\"},\"thumbnailUrl\":\"https:\\\/\\\/www.casaldelsinfants.org\\\/wp-content\\\/uploads\\\/foto_suport_festes_casal_dels_infants.jpg\",\"articleSection\":[\"Noticia\"],\"inLanguage\":\"es\",\"potentialAction\":[{\"@type\":\"CommentAction\",\"name\":\"Comment\",\"target\":[\"https:\\\/\\\/www.casaldelsinfants.org\\\/es\\\/actualidad\\\/como-puedes-apoyar-al-casal-dels-infants-esta-navidad\\\/#respond\"]}]},{\"@type\":\"WebPage\",\"@id\":\"https:\\\/\\\/www.casaldelsinfants.org\\\/es\\\/actualidad\\\/como-puedes-apoyar-al-casal-dels-infants-esta-navidad\\\/\",\"url\":\"https:\\\/\\\/www.casaldelsinfants.org\\\/es\\\/actualidad\\\/como-puedes-apoyar-al-casal-dels-infants-esta-navidad\\\/\",\"name\":\"\u00bfC\u00f3mo puedes apoyar al Casal dels Infants estas fiestas? - Casal dels Infants\",\"isPartOf\":{\"@id\":\"https:\\\/\\\/www.casaldelsinfants.org\\\/es\\\/#website\"},\"primaryImageOfPage\":{\"@id\":\"https:\\\/\\\/www.casaldelsinfants.org\\\/es\\\/actualidad\\\/como-puedes-apoyar-al-casal-dels-infants-esta-navidad\\\/#primaryimage\"},\"image\":{\"@id\":\"https:\\\/\\\/www.casaldelsinfants.org\\\/es\\\/actualidad\\\/como-puedes-apoyar-al-casal-dels-infants-esta-navidad\\\/#primaryimage\"},\"thumbnailUrl\":\"https:\\\/\\\/www.casaldelsinfants.org\\\/wp-content\\\/uploads\\\/foto_suport_festes_casal_dels_infants.jpg\",\"datePublished\":\"2020-12-16T15:52:39+00:00\",\"dateModified\":\"2023-05-01T15:48:19+00:00\",\"breadcrumb\":{\"@id\":\"https:\\\/\\\/www.casaldelsinfants.org\\\/es\\\/actualidad\\\/como-puedes-apoyar-al-casal-dels-infants-esta-navidad\\\/#breadcrumb\"},\"inLanguage\":\"es\",\"potentialAction\":[{\"@type\":\"ReadAction\",\"target\":[\"https:\\\/\\\/www.casaldelsinfants.org\\\/es\\\/actualidad\\\/como-puedes-apoyar-al-casal-dels-infants-esta-navidad\\\/\"]}]},{\"@type\":\"ImageObject\",\"inLanguage\":\"es\",\"@id\":\"https:\\\/\\\/www.casaldelsinfants.org\\\/es\\\/actualidad\\\/como-puedes-apoyar-al-casal-dels-infants-esta-navidad\\\/#primaryimage\",\"url\":\"https:\\\/\\\/www.casaldelsinfants.org\\\/wp-content\\\/uploads\\\/foto_suport_festes_casal_dels_infants.jpg\",\"contentUrl\":\"https:\\\/\\\/www.casaldelsinfants.org\\\/wp-content\\\/uploads\\\/foto_suport_festes_casal_dels_infants.jpg\",\"width\":540,\"height\":360,\"caption\":\"Monitora ajudant a una nena a fer dueres\"},{\"@type\":\"BreadcrumbList\",\"@id\":\"https:\\\/\\\/www.casaldelsinfants.org\\\/es\\\/actualidad\\\/como-puedes-apoyar-al-casal-dels-infants-esta-navidad\\\/#breadcrumb\",\"itemListElement\":[{\"@type\":\"ListItem\",\"position\":1,\"name\":\"Inici\",\"item\":\"https:\\\/\\\/www.casaldelsinfants.org\\\/es\\\/\"},{\"@type\":\"ListItem\",\"position\":2,\"name\":\"\u00bfC\u00f3mo puedes apoyar al Casal dels Infants estas fiestas?\"}]},{\"@type\":\"WebSite\",\"@id\":\"https:\\\/\\\/www.casaldelsinfants.org\\\/es\\\/#website\",\"url\":\"https:\\\/\\\/www.casaldelsinfants.org\\\/es\\\/\",\"name\":\"Casal dels Infants\",\"description\":\"\",\"publisher\":{\"@id\":\"https:\\\/\\\/www.casaldelsinfants.org\\\/es\\\/#organization\"},\"potentialAction\":[{\"@type\":\"SearchAction\",\"target\":{\"@type\":\"EntryPoint\",\"urlTemplate\":\"https:\\\/\\\/www.casaldelsinfants.org\\\/es\\\/?s={search_term_string}\"},\"query-input\":{\"@type\":\"PropertyValueSpecification\",\"valueRequired\":true,\"valueName\":\"search_term_string\"}}],\"inLanguage\":\"es\"},{\"@type\":\"Organization\",\"@id\":\"https:\\\/\\\/www.casaldelsinfants.org\\\/es\\\/#organization\",\"name\":\"Casal dels Infants\",\"url\":\"https:\\\/\\\/www.casaldelsinfants.org\\\/es\\\/\",\"logo\":{\"@type\":\"ImageObject\",\"inLanguage\":\"es\",\"@id\":\"https:\\\/\\\/www.casaldelsinfants.org\\\/es\\\/#\\\/schema\\\/logo\\\/image\\\/\",\"url\":\"https:\\\/\\\/www.casaldelsinfants.org\\\/wp-content\\\/uploads\\\/logo-mail.png\",\"contentUrl\":\"https:\\\/\\\/www.casaldelsinfants.org\\\/wp-content\\\/uploads\\\/logo-mail.png\",\"width\":380,\"height\":158,\"caption\":\"Casal dels Infants\"},\"image\":{\"@id\":\"https:\\\/\\\/www.casaldelsinfants.org\\\/es\\\/#\\\/schema\\\/logo\\\/image\\\/\"},\"sameAs\":[\"https:\\\/\\\/www.facebook.com\\\/casalinfants\",\"https:\\\/\\\/x.com\\\/casalinfants\",\"https:\\\/\\\/www.youtube.com\\\/user\\\/CasaldelsInfants1\",\"https:\\\/\\\/www.instagram.com\\\/casalinfants\\\/\",\"https:\\\/\\\/www.linkedin.com\\\/company\\\/casaldelsinfants?trk=organization-update_share-update_actor-text\"]},{\"@type\":\"Person\",\"@id\":\"https:\\\/\\\/www.casaldelsinfants.org\\\/es\\\/#\\\/schema\\\/person\\\/97707fc8c64900cf36891127dbf9fba8\",\"name\":\"cdiAdmin\",\"sameAs\":[\"https:\\\/\\\/casaldelsinfants.org\"]}]}<\/script>\n<!-- \/ Yoast SEO plugin. -->","yoast_head_json":{"title":"\u00bfC\u00f3mo puedes apoyar al Casal dels Infants estas fiestas? - Casal dels Infants","robots":{"index":"index","follow":"follow","max-snippet":"max-snippet:-1","max-image-preview":"max-image-preview:large","max-video-preview":"max-video-preview:-1"},"canonical":"https:\/\/www.casaldelsinfants.org\/es\/actualidad\/como-puedes-apoyar-al-casal-dels-infants-esta-navidad\/","og_locale":"es_ES","og_type":"article","og_title":"\u00bfC\u00f3mo puedes apoyar al Casal dels Infants estas fiestas? - Casal dels Infants","og_description":"Este a\u00f1o la pandemia hace que no podamos celebrar las fiestas como quisi\u00e9ramos. A\u00fan y as\u00ed, en el Casal dels Infants creemos que la mejor manera de proteger la ilusi\u00f3n, ahora y durante todo el a\u00f1o, es garantizar los derechos de todos los ni\u00f1os, ni\u00f1as y j\u00f3venes. Con la Covid-10, el aumento de las desigualdades [&hellip;]","og_url":"https:\/\/www.casaldelsinfants.org\/es\/actualidad\/como-puedes-apoyar-al-casal-dels-infants-esta-navidad\/","og_site_name":"Casal dels Infants","article_publisher":"https:\/\/www.facebook.com\/casalinfants","article_published_time":"2020-12-16T15:52:39+00:00","article_modified_time":"2023-05-01T15:48:19+00:00","og_image":[{"width":540,"height":360,"url":"https:\/\/www.casaldelsinfants.org\/wp-content\/uploads\/foto_suport_festes_casal_dels_infants.jpg","type":"image\/jpeg"}],"author":"cdiAdmin","twitter_card":"summary_large_image","twitter_creator":"@casalinfants","twitter_site":"@casalinfants","twitter_misc":{"Escrito por":"cdiAdmin","Tiempo de lectura":"3 minutos"},"schema":{"@context":"https:\/\/schema.org","@graph":[{"@type":"Article","@id":"https:\/\/www.casaldelsinfants.org\/es\/actualidad\/como-puedes-apoyar-al-casal-dels-infants-esta-navidad\/#article","isPartOf":{"@id":"https:\/\/www.casaldelsinfants.org\/es\/actualidad\/como-puedes-apoyar-al-casal-dels-infants-esta-navidad\/"},"author":{"name":"cdiAdmin","@id":"https:\/\/www.casaldelsinfants.org\/es\/#\/schema\/person\/97707fc8c64900cf36891127dbf9fba8"},"headline":"\u00bfC\u00f3mo puedes apoyar al Casal dels Infants estas fiestas?","datePublished":"2020-12-16T15:52:39+00:00","dateModified":"2023-05-01T15:48:19+00:00","mainEntityOfPage":{"@id":"https:\/\/www.casaldelsinfants.org\/es\/actualidad\/como-puedes-apoyar-al-casal-dels-infants-esta-navidad\/"},"wordCount":562,"commentCount":0,"publisher":{"@id":"https:\/\/www.casaldelsinfants.org\/es\/#organization"},"image":{"@id":"https:\/\/www.casaldelsinfants.org\/es\/actualidad\/como-puedes-apoyar-al-casal-dels-infants-esta-navidad\/#primaryimage"},"thumbnailUrl":"https:\/\/www.casaldelsinfants.org\/wp-content\/uploads\/foto_suport_festes_casal_dels_infants.jpg","articleSection":["Noticia"],"inLanguage":"es","potentialAction":[{"@type":"CommentAction","name":"Comment","target":["https:\/\/www.casaldelsinfants.org\/es\/actualidad\/como-puedes-apoyar-al-casal-dels-infants-esta-navidad\/#respond"]}]},{"@type":"WebPage","@id":"https:\/\/www.casaldelsinfants.org\/es\/actualidad\/como-puedes-apoyar-al-casal-dels-infants-esta-navidad\/","url":"https:\/\/www.casaldelsinfants.org\/es\/actualidad\/como-puedes-apoyar-al-casal-dels-infants-esta-navidad\/","name":"\u00bfC\u00f3mo puedes apoyar al Casal dels Infants estas fiestas? - Casal dels Infants","isPartOf":{"@id":"https:\/\/www.casaldelsinfants.org\/es\/#website"},"primaryImageOfPage":{"@id":"https:\/\/www.casaldelsinfants.org\/es\/actualidad\/como-puedes-apoyar-al-casal-dels-infants-esta-navidad\/#primaryimage"},"image":{"@id":"https:\/\/www.casaldelsinfants.org\/es\/actualidad\/como-puedes-apoyar-al-casal-dels-infants-esta-navidad\/#primaryimage"},"thumbnailUrl":"https:\/\/www.casaldelsinfants.org\/wp-content\/uploads\/foto_suport_festes_casal_dels_infants.jpg","datePublished":"2020-12-16T15:52:39+00:00","dateModified":"2023-05-01T15:48:19+00:00","breadcrumb":{"@id":"https:\/\/www.casaldelsinfants.org\/es\/actualidad\/como-puedes-apoyar-al-casal-dels-infants-esta-navidad\/#breadcrumb"},"inLanguage":"es","potentialAction":[{"@type":"ReadAction","target":["https:\/\/www.casaldelsinfants.org\/es\/actualidad\/como-puedes-apoyar-al-casal-dels-infants-esta-navidad\/"]}]},{"@type":"ImageObject","inLanguage":"es","@id":"https:\/\/www.casaldelsinfants.org\/es\/actualidad\/como-puedes-apoyar-al-casal-dels-infants-esta-navidad\/#primaryimage","url":"https:\/\/www.casaldelsinfants.org\/wp-content\/uploads\/foto_suport_festes_casal_dels_infants.jpg","contentUrl":"https:\/\/www.casaldelsinfants.org\/wp-content\/uploads\/foto_suport_festes_casal_dels_infants.jpg","width":540,"height":360,"caption":"Monitora ajudant a una nena a fer dueres"},{"@type":"BreadcrumbList","@id":"https:\/\/www.casaldelsinfants.org\/es\/actualidad\/como-puedes-apoyar-al-casal-dels-infants-esta-navidad\/#breadcrumb","itemListElement":[{"@type":"ListItem","position":1,"name":"Inici","item":"https:\/\/www.casaldelsinfants.org\/es\/"},{"@type":"ListItem","position":2,"name":"\u00bfC\u00f3mo puedes apoyar al Casal dels Infants estas fiestas?"}]},{"@type":"WebSite","@id":"https:\/\/www.casaldelsinfants.org\/es\/#website","url":"https:\/\/www.casaldelsinfants.org\/es\/","name":"Casal dels Infants","description":"","publisher":{"@id":"https:\/\/www.casaldelsinfants.org\/es\/#organization"},"potentialAction":[{"@type":"SearchAction","target":{"@type":"EntryPoint","urlTemplate":"https:\/\/www.casaldelsinfants.org\/es\/?s={search_term_string}"},"query-input":{"@type":"PropertyValueSpecification","valueRequired":true,"valueName":"search_term_string"}}],"inLanguage":"es"},{"@type":"Organization","@id":"https:\/\/www.casaldelsinfants.org\/es\/#organization","name":"Casal dels Infants","url":"https:\/\/www.casaldelsinfants.org\/es\/","logo":{"@type":"ImageObject","inLanguage":"es","@id":"https:\/\/www.casaldelsinfants.org\/es\/#\/schema\/logo\/image\/","url":"https:\/\/www.casaldelsinfants.org\/wp-content\/uploads\/logo-mail.png","contentUrl":"https:\/\/www.casaldelsinfants.org\/wp-content\/uploads\/logo-mail.png","width":380,"height":158,"caption":"Casal dels Infants"},"image":{"@id":"https:\/\/www.casaldelsinfants.org\/es\/#\/schema\/logo\/image\/"},"sameAs":["https:\/\/www.facebook.com\/casalinfants","https:\/\/x.com\/casalinfants","https:\/\/www.youtube.com\/user\/CasaldelsInfants1","https:\/\/www.instagram.com\/casalinfants\/","https:\/\/www.linkedin.com\/company\/casaldelsinfants?trk=organization-update_share-update_actor-text"]},{"@type":"Person","@id":"https:\/\/www.casaldelsinfants.org\/es\/#\/schema\/person\/97707fc8c64900cf36891127dbf9fba8","name":"cdiAdmin","sameAs":["https:\/\/casaldelsinfants.org"]}]}},"publishpress_future_action":{"enabled":false,"date":"2026-05-08 09:03:30","action":"change-status","newStatus":"draft","terms":[],"taxonomy":"category","extraData":[]},"publishpress_future_workflow_manual_trigger":{"enabledWorkflows":[]},"_links":{"self":[{"href":"https:\/\/www.casaldelsinfants.org\/es\/wp-json\/wp\/v2\/posts\/4326","targetHints":{"allow":["GET"]}}],"collection":[{"href":"https:\/\/www.casaldelsinfants.org\/es\/wp-json\/wp\/v2\/posts"}],"about":[{"href":"https:\/\/www.casaldelsinfants.org\/es\/wp-json\/wp\/v2\/types\/post"}],"author":[{"embeddable":true,"href":"https:\/\/www.casaldelsinfants.org\/es\/wp-json\/wp\/v2\/users\/1"}],"replies":[{"embeddable":true,"href":"https:\/\/www.casaldelsinfants.org\/es\/wp-json\/wp\/v2\/comments?post=4326"}],"version-history":[{"count":1,"href":"https:\/\/www.casaldelsinfants.org\/es\/wp-json\/wp\/v2\/posts\/4326\/revisions"}],"predecessor-version":[{"id":9923,"href":"https:\/\/www.casaldelsinfants.org\/es\/wp-json\/wp\/v2\/posts\/4326\/revisions\/9923"}],"wp:featuredmedia":[{"embeddable":true,"href":"https:\/\/www.casaldelsinfants.org\/es\/wp-json\/wp\/v2\/media\/3137"}],"wp:attachment":[{"href":"https:\/\/www.casaldelsinfants.org\/es\/wp-json\/wp\/v2\/media?parent=4326"}],"wp:term":[{"taxonomy":"category","embeddable":true,"href":"https:\/\/www.casaldelsinfants.org\/es\/wp-json\/wp\/v2\/categories?post=4326"},{"taxonomy":"post_tag","embeddable":true,"href":"https:\/\/www.casaldelsinfants.org\/es\/wp-json\/wp\/v2\/tags?post=4326"},{"taxonomy":"seus","embeddable":true,"href":"https:\/\/www.casaldelsinfants.org\/es\/wp-json\/wp\/v2\/seus?post=4326"},{"taxonomy":"eixos","embeddable":true,"href":"https:\/\/www.casaldelsinfants.org\/es\/wp-json\/wp\/v2\/eixos?post=4326"}],"curies":[{"name":"wp","href":"https:\/\/api.w.org\/{rel}","templated":true}]}}