{"id":4327,"date":"2020-12-09T17:27:50","date_gmt":"2020-12-09T15:27:50","guid":{"rendered":"https:\/\/casal.puntzero.cat\/noticies\/regals-solidaris-i-alternatius-un-nadal-no-consumista\/"},"modified":"2023-05-01T17:48:29","modified_gmt":"2023-05-01T15:48:29","slug":"regals-solidaris-i-alternatius-un-nadal-no-consumista","status":"publish","type":"post","link":"https:\/\/www.casaldelsinfants.org\/es\/actualidad\/regalos-solidarios-y-alternativos-para-una-navidad-no-consumista\/","title":{"rendered":"Regalos solidarios y alternativos para una Navidad no consumista"},"content":{"rendered":"<p><meta charset=\"utf-8\" \/><\/p>\n<p dir=\"ltr\"><span style=\"color:#000000;\">Se acerca la Navidad, una \u00e9poca del a\u00f1o ligada al compartir, celebrar, estar con la familia (este a\u00f1o en grupos m\u00e1s reducidos), comer, cantar\u2026 pero tambi\u00e9n es una \u00e9poca de acoso publicitario constante, de compras compulsivas, excesos, estr\u00e9s y <strong>acumulaci\u00f3n de regalos innecesarios<\/strong>.\u00a0<\/span><\/p>\n<p dir=\"ltr\"><span style=\"color:#000000;\">Compartir no tiene que ir asociado al consumir, los regalos son una manera de cuidar y comunicar a los dem\u00e1s nuestro aprecio, y eso lo puedes hacer de muchas maneras distintas, proponi\u00e9ndote <strong>ser original, haciendo regalos solidarios y no fomentando el consumismo<\/strong>.\u00a0<\/span><\/p>\n<p dir=\"ltr\"><span style=\"color:#000000;\">En este art\u00edculo te damos algunas ideas de <strong>regalos alternativos y regalos solidarios<\/strong> para esta Navidad, para no acabar comprando la bufanda de siempre porque es lo que toca, y de paso, transmitir los <strong>valores de la responsabilidad, del no consumismo y la solidaridad<\/strong> a los m\u00e1s peque\u00f1os de la casa.\u00a0<\/span><\/p>\n<p dir=\"ltr\">\u00a0<\/p>\n<p dir=\"ltr\"><strong>No todo se tiene que comprar\u00a0<\/strong><\/p>\n<p dir=\"ltr\"><span style=\"color:#000000;\">Dedicar tu tiempo a crear alguna cosa para alguien que te importa\u00a0 cuesta muy poco y tiene mucho valor. Conecta con tu creatividad y ponte manos a la obra, \u00a1seguro que triunfar\u00e1s con tu <strong>regalo original<\/strong>!\u00a0<\/span><\/p>\n<ul dir=\"ltr\">\n<li role=\"presentation\"><span style=\"color:#000000;\">Haz un dibujo, pinta un cuadro, \u00a1ens\u00faciate las manos de pintura y realiza tu obra de arte particular!<\/span><\/li>\n<li role=\"presentation\"><span style=\"color:#000000;\">Escribe un relato inventado, un cuento de Navidad o un texto recordando alg\u00fan momento bonito con la otra persona, una an\u00e9cdota&#8230;<\/span><\/li>\n<li role=\"presentation\"><span style=\"color:#000000;\">Haz una selecci\u00f3n de canciones escogidas para la otra persona y gr\u00e1bale un cd (no est\u00e1 pasado de moda, no\u00a0\u00a1las canciones nos transportan y nos alegran el alma!)<\/span><\/li>\n<li role=\"presentation\"><span style=\"color:#000000;\">Haz una selecci\u00f3n de fotos y elabora un \u00e1lbum bien chulo, lo puedes decorar, poner comentarios divertidos\u2026 Ahora que hacemos mil fotos al d\u00eda pero no las miramos nunca, hace ilusi\u00f3n tenerlas todas juntas en formato no digital.\u00a0<\/span><\/li>\n<\/ul>\n<p dir=\"ltr\">\u00a0<\/p>\n<p dir=\"ltr\"><strong>Hecho en casa y para chuparse los dedos<\/strong><\/p>\n<p dir=\"ltr\"><span style=\"color:#000000;\">Pasar un tiempo en la cocina durante las vacaciones no es solo un fant\u00e1stico pasatiempo, con tus creaciones puedes hacer <strong>regalos deliciosos y no consumistas<\/strong> que seguro disfrutar\u00e1n las personas que los reciban.\u00a0<\/span><\/p>\n<p dir=\"ltr\"><span style=\"color:#000000;\">Regalar un dulce hecho en casa siempre es una buena opci\u00f3n para\u00a0 arrancar una sonrisa a nuestros amigos y familiares, <\/span><u><a href=\"https:\/\/www.pequerecetas.com\/receta\/galletas-navidad-recetas\/\">aqu\u00ed tienes<\/a><\/u><span style=\"color:#000000;\"> la receta de unas galletas de mantequilla muy f\u00e1ciles de hacer y riqu\u00edsimas.\u00a0<\/span><\/p>\n<p dir=\"ltr\"><span style=\"color:#000000;\">Las puedes decorar con motivos navide\u00f1os y ponerlas en una caja bonita, \u00a1un <strong>regalo de Navidad original <\/strong>que nunca falla!\u00a0\u00a0<\/span><\/p>\n<p>\u00a0<\/p>\n<p><strong>Regalos solidarios<\/strong><\/p>\n<p><span style=\"color:#000000;\">La Navidad es tiempo de celebraci\u00f3n, pero no todas las personas disponen de los recursos necesarios para preparar una buena comida de fiesta, comprar regalos o hacer una mini escapada a la monta\u00f1a.\u00a0<\/span><\/p>\n<p dir=\"ltr\"><span style=\"color:#000000;\">La crisis sanitaria mundial que estamos viviendo ha agravado la situaci\u00f3n de las personas m\u00e1s vulnerables dej\u00e1ndolas en una situaci\u00f3n de alto riesgo.\u00a0<\/span><\/p>\n<p dir=\"ltr\"><span style=\"color:#000000;\">Por eso, este a\u00f1o m\u00e1s que nunca, la mejor opci\u00f3n de regalo no consumista son los <strong>regalos de Navidad solidarios<\/strong>, con los que apoyas a ONGs y entidades que trabajan al lado de las personas en situaci\u00f3n de vulnerabilidad.\u00a0<\/span><\/p>\n<ul dir=\"ltr\">\n<li role=\"presentation\"><span style=\"color:#000000;\">Regala la <\/span><u><strong><a href=\"https:\/\/www.casaldelsinfants.org\/es\/que-puedes-hacer-tu\/haz-un-donativo\/regalos-solidarios\/\">postal solidaria<\/a> <\/strong><\/u><span style=\"color:#000000;\">del Casal dels Infants esta Navidad y ay\u00fadanos a continuar dando apoyo a los ni\u00f1os, ni\u00f1as, j\u00f3venes y familias en riesgo de exclusi\u00f3n social.\u00a0<\/span><\/li>\n<\/ul>\n<p>\u00a0<\/p>\n<p dir=\"ltr\"><strong>No todo deben ser objetos\u00a0<\/strong><\/p>\n<p><span style=\"color:#000000;\">Se pueden<strong> regalar cosas inmateriales <\/strong>como tarjetas \u201cVALE POR TIEMPO\u201d: haces peque\u00f1as tarjetas que puedes pintar y decorar como quieras y escribes: \u201cVALE POR\u2026\u201d y alguna cosa que implique tiempo, por ejemplo un masaje de pies, un d\u00eda entero juntos, una semana sin lavar los platos\u2026 \u00a1 todo lo que se te ocurra!\u00a0<\/span><\/p>\n<p dir=\"ltr\">\u00a0<\/p>\n<p dir=\"ltr\"><strong>Experiencias con los m\u00e1s peque\u00f1os\u00a0<\/strong><\/p>\n<p dir=\"ltr\"><span style=\"color:#000000;\">Para los m\u00e1s peque\u00f1os el mejor regalo son las experiencias, hacer una actividad juntos y compartir buenos momentos es un<strong> regalo con mucho valor<\/strong>, que seguro recordar\u00e1n y no quedar\u00e1 olvidado en un rinc\u00f3n como pasa con los juguetes una vez han perdido el atractivo de la novedad inicial.\u00a0<\/span><\/p>\n<p dir=\"ltr\"><span style=\"color:#000000;\">Ir a una ludoteca, a merendar unos churros o un helado, descubrir espacios de la ciudad en la que vivimos\u2026 <\/span><u><a href=\"https:\/\/www.timeout.cat\/barcelona\/ca\/amb-nens\/50-llocs-per-portar-els-nens-a-barcelona\">Aqu\u00ed puedes consultar<\/a> <\/u><span style=\"color:#000000;\">una serie de propuestas de sitios para ir con los ni\u00f1os y ni\u00f1as en Barcelona, hay muchas opciones gratuitas y al aire libre, como por ejemplo el Parque de la pegaso o los Jardines Joan Brossa. Son tiempos inusuales, as\u00ed que comprueba que se puede ir\u00a0 antes de tener a los peque\u00f1os preparados en la puerta para salir de casa\u2026\u00a0<\/span><\/p>\n<p dir=\"ltr\"><span style=\"color:#000000;\">Otro <strong>regalo original, educativo y no consumista <\/strong>que puedes hacerles a tus hijos es una mesa de luz, que si est\u00e1 hecha con tus propias manos todav\u00eda tiene m\u00e1s valor y seguro que pasar\u00e1s un buen rato construy\u00e9ndola. En <\/span><a href=\"https:\/\/disfruti.com\/como-hacer-una-mesa-de-luz-para-ninos\/\"><u>este tutorial<\/u><span style=\"color:#000000;\"> <\/span><\/a><span style=\"color:#000000;\">te explican c\u00f3mo hacerla paso a paso.\u00a0<\/span><\/p>\n<p dir=\"ltr\">\u00a0<\/p>\n<p dir=\"ltr\"><strong>Regalos poco consumistas\u00a0<\/strong><\/p>\n<p dir=\"ltr\"><span style=\"color:#000000;\">Tambi\u00e9n puedes hacer regalos que, aun siendo comprados, sean <strong>poco consumistas<\/strong> y con los que apoyas a sectores que, a ra\u00edz de la crisis sanitaria, se han visto muy afectados, como el sector cultural.\u00a0<\/span><\/p>\n<p dir=\"ltr\"><span style=\"color:#000000;\">Un libro siempre es un acierto para todas las edades, o unas entradas para el cine o el teatro, con las que de paso compartir\u00e1s una experiencia divertida con la otra persona. Tambi\u00e9n puedes regalar una suscripci\u00f3n a alguna revista o peri\u00f3dico, al bicing\u2026\u00a0<\/span><\/p>\n<p dir=\"ltr\">\u00a0<\/p>\n<p dir=\"ltr\"><strong>Productos de comercio justo<\/strong><\/p>\n<p dir=\"ltr\"><span style=\"color:#000000;\">Cualquier compra tiene un impacto e implica una responsabilidad, hay <strong>regalos solidarios<\/strong>\u00a0como los de comercio justo con los que puedes <strong>fomentar valores<\/strong> y h\u00e1bitos respetuosos con los derechos humanos, la igualdad de g\u00e9nero y el medio ambiente.\u00a0<\/span><\/p>\n<p><span style=\"color:#000000;\">Te dejo <\/span><u><a href=\"https:\/\/comercjustibancaetica.org\/botigues-de-comerc-just\/\">este listado<\/a><\/u><span style=\"color:#000000;\"> con las tiendas de comercio justo en Barcelona y <\/span><a href=\"https:\/\/ajuntament.barcelona.cat\/lafabricadelsol\/es\/content\/comercio-justo-y-sus-productos\"><u>aqu\u00ed<\/u><span style=\"color:#000000;\"> <\/span><\/a><span style=\"color:#000000;\">puedes encontrar m\u00e1s informaci\u00f3n sobre este tipo de comercio. <\/span><meta charset=\"utf-8\" \/><\/p>\n<p>\u00a0<\/p>\n<blockquote>\n<p dir=\"ltr\"><span style=\"color:#000000;\">Ahora ya no tienes excusa para no ser original y responsable con tus regalos, y si adem\u00e1s son <strong>regalos de Navidad solidarios <\/strong>con los que das tu apoyo a las personas que m\u00e1s lo necesitan, \u00a1doble regalo!<\/span><\/p>\n<p>\u00a0<\/p>\n<\/blockquote>\n<p><span style=\"color:#000000;\"><meta charset=\"utf-8\" \/><\/span><\/p>\n","protected":false},"excerpt":{"rendered":"<p><meta charset=\"utf-8\" \/><\/p>\n<p dir=\"ltr\">\u00a0<\/p>\n","protected":false},"author":1,"featured_media":3140,"comment_status":"open","ping_status":"open","sticky":false,"template":"","format":"standard","meta":{"_acf_changed":false,"_et_pb_use_builder":"","_et_pb_old_content":"","_et_gb_content_width":"","inline_featured_image":false,"footnotes":""},"categories":[125],"tags":[],"seus":[],"eixos":[],"class_list":["post-4327","post","type-post","status-publish","format-standard","has-post-thumbnail","hentry","category-noticias"],"acf":[],"yoast_head":"<!-- This site is optimized with the Yoast SEO plugin v27.4 - https:\/\/yoast.com\/product\/yoast-seo-wordpress\/ -->\n<title>Regalos solidarios y alternativos para una Navidad no consumista | Noticias<\/title>\n<meta name=\"description\" content=\"Regalos de Navidad alternativos y no consumistas, regalos solidarios.\" \/>\n<meta name=\"robots\" content=\"index, follow, max-snippet:-1, max-image-preview:large, max-video-preview:-1\" \/>\n<link rel=\"canonical\" href=\"https:\/\/www.casaldelsinfants.org\/es\/actualidad\/regalos-solidarios-y-alternativos-para-una-navidad-no-consumista\/\" \/>\n<meta property=\"og:locale\" content=\"es_ES\" \/>\n<meta property=\"og:type\" content=\"article\" \/>\n<meta property=\"og:title\" content=\"Regalos solidarios y alternativos para una Navidad no consumista | Noticias\" \/>\n<meta property=\"og:description\" content=\"Regalos de Navidad alternativos y no consumistas, regalos solidarios.\" \/>\n<meta property=\"og:url\" content=\"https:\/\/www.casaldelsinfants.org\/es\/actualidad\/regalos-solidarios-y-alternativos-para-una-navidad-no-consumista\/\" \/>\n<meta property=\"og:site_name\" content=\"Casal dels Infants\" \/>\n<meta property=\"article:publisher\" content=\"https:\/\/www.facebook.com\/casalinfants\" \/>\n<meta property=\"article:published_time\" content=\"2020-12-09T15:27:50+00:00\" \/>\n<meta property=\"article:modified_time\" content=\"2023-05-01T15:48:29+00:00\" \/>\n<meta property=\"og:image\" content=\"https:\/\/www.casaldelsinfants.org\/wp-content\/uploads\/casal_dels_infants_galetes-de-nadal.jpg\" \/>\n\t<meta property=\"og:image:width\" content=\"640\" \/>\n\t<meta property=\"og:image:height\" content=\"480\" \/>\n\t<meta property=\"og:image:type\" content=\"image\/jpeg\" \/>\n<meta name=\"author\" content=\"cdiAdmin\" \/>\n<meta name=\"twitter:card\" content=\"summary_large_image\" \/>\n<meta name=\"twitter:creator\" content=\"@casalinfants\" \/>\n<meta name=\"twitter:site\" content=\"@casalinfants\" \/>\n<meta name=\"twitter:label1\" content=\"Escrito por\" \/>\n\t<meta name=\"twitter:data1\" content=\"cdiAdmin\" \/>\n\t<meta name=\"twitter:label2\" content=\"Tiempo de lectura\" \/>\n\t<meta name=\"twitter:data2\" content=\"5 minutos\" \/>\n<script type=\"application\/ld+json\" class=\"yoast-schema-graph\">{\"@context\":\"https:\\\/\\\/schema.org\",\"@graph\":[{\"@type\":\"Article\",\"@id\":\"https:\\\/\\\/www.casaldelsinfants.org\\\/es\\\/actualidad\\\/regalos-solidarios-y-alternativos-para-una-navidad-no-consumista\\\/#article\",\"isPartOf\":{\"@id\":\"https:\\\/\\\/www.casaldelsinfants.org\\\/es\\\/actualidad\\\/regalos-solidarios-y-alternativos-para-una-navidad-no-consumista\\\/\"},\"author\":{\"name\":\"cdiAdmin\",\"@id\":\"https:\\\/\\\/www.casaldelsinfants.org\\\/es\\\/#\\\/schema\\\/person\\\/97707fc8c64900cf36891127dbf9fba8\"},\"headline\":\"Regalos solidarios y alternativos para una Navidad no consumista\",\"datePublished\":\"2020-12-09T15:27:50+00:00\",\"dateModified\":\"2023-05-01T15:48:29+00:00\",\"mainEntityOfPage\":{\"@id\":\"https:\\\/\\\/www.casaldelsinfants.org\\\/es\\\/actualidad\\\/regalos-solidarios-y-alternativos-para-una-navidad-no-consumista\\\/\"},\"wordCount\":1008,\"commentCount\":0,\"publisher\":{\"@id\":\"https:\\\/\\\/www.casaldelsinfants.org\\\/es\\\/#organization\"},\"image\":{\"@id\":\"https:\\\/\\\/www.casaldelsinfants.org\\\/es\\\/actualidad\\\/regalos-solidarios-y-alternativos-para-una-navidad-no-consumista\\\/#primaryimage\"},\"thumbnailUrl\":\"https:\\\/\\\/www.casaldelsinfants.org\\\/wp-content\\\/uploads\\\/casal_dels_infants_galetes-de-nadal.jpg\",\"articleSection\":[\"Noticia\"],\"inLanguage\":\"es\",\"potentialAction\":[{\"@type\":\"CommentAction\",\"name\":\"Comment\",\"target\":[\"https:\\\/\\\/www.casaldelsinfants.org\\\/es\\\/actualidad\\\/regalos-solidarios-y-alternativos-para-una-navidad-no-consumista\\\/#respond\"]}]},{\"@type\":\"WebPage\",\"@id\":\"https:\\\/\\\/www.casaldelsinfants.org\\\/es\\\/actualidad\\\/regalos-solidarios-y-alternativos-para-una-navidad-no-consumista\\\/\",\"url\":\"https:\\\/\\\/www.casaldelsinfants.org\\\/es\\\/actualidad\\\/regalos-solidarios-y-alternativos-para-una-navidad-no-consumista\\\/\",\"name\":\"Regalos solidarios y alternativos para una Navidad no consumista | Noticias\",\"isPartOf\":{\"@id\":\"https:\\\/\\\/www.casaldelsinfants.org\\\/es\\\/#website\"},\"primaryImageOfPage\":{\"@id\":\"https:\\\/\\\/www.casaldelsinfants.org\\\/es\\\/actualidad\\\/regalos-solidarios-y-alternativos-para-una-navidad-no-consumista\\\/#primaryimage\"},\"image\":{\"@id\":\"https:\\\/\\\/www.casaldelsinfants.org\\\/es\\\/actualidad\\\/regalos-solidarios-y-alternativos-para-una-navidad-no-consumista\\\/#primaryimage\"},\"thumbnailUrl\":\"https:\\\/\\\/www.casaldelsinfants.org\\\/wp-content\\\/uploads\\\/casal_dels_infants_galetes-de-nadal.jpg\",\"datePublished\":\"2020-12-09T15:27:50+00:00\",\"dateModified\":\"2023-05-01T15:48:29+00:00\",\"description\":\"Regalos de Navidad alternativos y no consumistas, regalos solidarios.\",\"breadcrumb\":{\"@id\":\"https:\\\/\\\/www.casaldelsinfants.org\\\/es\\\/actualidad\\\/regalos-solidarios-y-alternativos-para-una-navidad-no-consumista\\\/#breadcrumb\"},\"inLanguage\":\"es\",\"potentialAction\":[{\"@type\":\"ReadAction\",\"target\":[\"https:\\\/\\\/www.casaldelsinfants.org\\\/es\\\/actualidad\\\/regalos-solidarios-y-alternativos-para-una-navidad-no-consumista\\\/\"]}]},{\"@type\":\"ImageObject\",\"inLanguage\":\"es\",\"@id\":\"https:\\\/\\\/www.casaldelsinfants.org\\\/es\\\/actualidad\\\/regalos-solidarios-y-alternativos-para-una-navidad-no-consumista\\\/#primaryimage\",\"url\":\"https:\\\/\\\/www.casaldelsinfants.org\\\/wp-content\\\/uploads\\\/casal_dels_infants_galetes-de-nadal.jpg\",\"contentUrl\":\"https:\\\/\\\/www.casaldelsinfants.org\\\/wp-content\\\/uploads\\\/casal_dels_infants_galetes-de-nadal.jpg\",\"width\":640,\"height\":480,\"caption\":\"Regals solidaris i alternatius per un Nadal no consumista\"},{\"@type\":\"BreadcrumbList\",\"@id\":\"https:\\\/\\\/www.casaldelsinfants.org\\\/es\\\/actualidad\\\/regalos-solidarios-y-alternativos-para-una-navidad-no-consumista\\\/#breadcrumb\",\"itemListElement\":[{\"@type\":\"ListItem\",\"position\":1,\"name\":\"Inici\",\"item\":\"https:\\\/\\\/www.casaldelsinfants.org\\\/es\\\/\"},{\"@type\":\"ListItem\",\"position\":2,\"name\":\"Regalos solidarios y alternativos para una Navidad no consumista\"}]},{\"@type\":\"WebSite\",\"@id\":\"https:\\\/\\\/www.casaldelsinfants.org\\\/es\\\/#website\",\"url\":\"https:\\\/\\\/www.casaldelsinfants.org\\\/es\\\/\",\"name\":\"Casal dels Infants\",\"description\":\"\",\"publisher\":{\"@id\":\"https:\\\/\\\/www.casaldelsinfants.org\\\/es\\\/#organization\"},\"potentialAction\":[{\"@type\":\"SearchAction\",\"target\":{\"@type\":\"EntryPoint\",\"urlTemplate\":\"https:\\\/\\\/www.casaldelsinfants.org\\\/es\\\/?s={search_term_string}\"},\"query-input\":{\"@type\":\"PropertyValueSpecification\",\"valueRequired\":true,\"valueName\":\"search_term_string\"}}],\"inLanguage\":\"es\"},{\"@type\":\"Organization\",\"@id\":\"https:\\\/\\\/www.casaldelsinfants.org\\\/es\\\/#organization\",\"name\":\"Casal dels Infants\",\"url\":\"https:\\\/\\\/www.casaldelsinfants.org\\\/es\\\/\",\"logo\":{\"@type\":\"ImageObject\",\"inLanguage\":\"es\",\"@id\":\"https:\\\/\\\/www.casaldelsinfants.org\\\/es\\\/#\\\/schema\\\/logo\\\/image\\\/\",\"url\":\"https:\\\/\\\/www.casaldelsinfants.org\\\/wp-content\\\/uploads\\\/logo-mail.png\",\"contentUrl\":\"https:\\\/\\\/www.casaldelsinfants.org\\\/wp-content\\\/uploads\\\/logo-mail.png\",\"width\":380,\"height\":158,\"caption\":\"Casal dels Infants\"},\"image\":{\"@id\":\"https:\\\/\\\/www.casaldelsinfants.org\\\/es\\\/#\\\/schema\\\/logo\\\/image\\\/\"},\"sameAs\":[\"https:\\\/\\\/www.facebook.com\\\/casalinfants\",\"https:\\\/\\\/x.com\\\/casalinfants\",\"https:\\\/\\\/www.youtube.com\\\/user\\\/CasaldelsInfants1\",\"https:\\\/\\\/www.instagram.com\\\/casalinfants\\\/\",\"https:\\\/\\\/www.linkedin.com\\\/company\\\/casaldelsinfants?trk=organization-update_share-update_actor-text\"]},{\"@type\":\"Person\",\"@id\":\"https:\\\/\\\/www.casaldelsinfants.org\\\/es\\\/#\\\/schema\\\/person\\\/97707fc8c64900cf36891127dbf9fba8\",\"name\":\"cdiAdmin\",\"sameAs\":[\"https:\\\/\\\/casaldelsinfants.org\"]}]}<\/script>\n<!-- \/ Yoast SEO plugin. -->","yoast_head_json":{"title":"Regalos solidarios y alternativos para una Navidad no consumista | Noticias","description":"Regalos de Navidad alternativos y no consumistas, regalos solidarios.","robots":{"index":"index","follow":"follow","max-snippet":"max-snippet:-1","max-image-preview":"max-image-preview:large","max-video-preview":"max-video-preview:-1"},"canonical":"https:\/\/www.casaldelsinfants.org\/es\/actualidad\/regalos-solidarios-y-alternativos-para-una-navidad-no-consumista\/","og_locale":"es_ES","og_type":"article","og_title":"Regalos solidarios y alternativos para una Navidad no consumista | Noticias","og_description":"Regalos de Navidad alternativos y no consumistas, regalos solidarios.","og_url":"https:\/\/www.casaldelsinfants.org\/es\/actualidad\/regalos-solidarios-y-alternativos-para-una-navidad-no-consumista\/","og_site_name":"Casal dels Infants","article_publisher":"https:\/\/www.facebook.com\/casalinfants","article_published_time":"2020-12-09T15:27:50+00:00","article_modified_time":"2023-05-01T15:48:29+00:00","og_image":[{"width":640,"height":480,"url":"https:\/\/www.casaldelsinfants.org\/wp-content\/uploads\/casal_dels_infants_galetes-de-nadal.jpg","type":"image\/jpeg"}],"author":"cdiAdmin","twitter_card":"summary_large_image","twitter_creator":"@casalinfants","twitter_site":"@casalinfants","twitter_misc":{"Escrito por":"cdiAdmin","Tiempo de lectura":"5 minutos"},"schema":{"@context":"https:\/\/schema.org","@graph":[{"@type":"Article","@id":"https:\/\/www.casaldelsinfants.org\/es\/actualidad\/regalos-solidarios-y-alternativos-para-una-navidad-no-consumista\/#article","isPartOf":{"@id":"https:\/\/www.casaldelsinfants.org\/es\/actualidad\/regalos-solidarios-y-alternativos-para-una-navidad-no-consumista\/"},"author":{"name":"cdiAdmin","@id":"https:\/\/www.casaldelsinfants.org\/es\/#\/schema\/person\/97707fc8c64900cf36891127dbf9fba8"},"headline":"Regalos solidarios y alternativos para una Navidad no consumista","datePublished":"2020-12-09T15:27:50+00:00","dateModified":"2023-05-01T15:48:29+00:00","mainEntityOfPage":{"@id":"https:\/\/www.casaldelsinfants.org\/es\/actualidad\/regalos-solidarios-y-alternativos-para-una-navidad-no-consumista\/"},"wordCount":1008,"commentCount":0,"publisher":{"@id":"https:\/\/www.casaldelsinfants.org\/es\/#organization"},"image":{"@id":"https:\/\/www.casaldelsinfants.org\/es\/actualidad\/regalos-solidarios-y-alternativos-para-una-navidad-no-consumista\/#primaryimage"},"thumbnailUrl":"https:\/\/www.casaldelsinfants.org\/wp-content\/uploads\/casal_dels_infants_galetes-de-nadal.jpg","articleSection":["Noticia"],"inLanguage":"es","potentialAction":[{"@type":"CommentAction","name":"Comment","target":["https:\/\/www.casaldelsinfants.org\/es\/actualidad\/regalos-solidarios-y-alternativos-para-una-navidad-no-consumista\/#respond"]}]},{"@type":"WebPage","@id":"https:\/\/www.casaldelsinfants.org\/es\/actualidad\/regalos-solidarios-y-alternativos-para-una-navidad-no-consumista\/","url":"https:\/\/www.casaldelsinfants.org\/es\/actualidad\/regalos-solidarios-y-alternativos-para-una-navidad-no-consumista\/","name":"Regalos solidarios y alternativos para una Navidad no consumista | Noticias","isPartOf":{"@id":"https:\/\/www.casaldelsinfants.org\/es\/#website"},"primaryImageOfPage":{"@id":"https:\/\/www.casaldelsinfants.org\/es\/actualidad\/regalos-solidarios-y-alternativos-para-una-navidad-no-consumista\/#primaryimage"},"image":{"@id":"https:\/\/www.casaldelsinfants.org\/es\/actualidad\/regalos-solidarios-y-alternativos-para-una-navidad-no-consumista\/#primaryimage"},"thumbnailUrl":"https:\/\/www.casaldelsinfants.org\/wp-content\/uploads\/casal_dels_infants_galetes-de-nadal.jpg","datePublished":"2020-12-09T15:27:50+00:00","dateModified":"2023-05-01T15:48:29+00:00","description":"Regalos de Navidad alternativos y no consumistas, regalos solidarios.","breadcrumb":{"@id":"https:\/\/www.casaldelsinfants.org\/es\/actualidad\/regalos-solidarios-y-alternativos-para-una-navidad-no-consumista\/#breadcrumb"},"inLanguage":"es","potentialAction":[{"@type":"ReadAction","target":["https:\/\/www.casaldelsinfants.org\/es\/actualidad\/regalos-solidarios-y-alternativos-para-una-navidad-no-consumista\/"]}]},{"@type":"ImageObject","inLanguage":"es","@id":"https:\/\/www.casaldelsinfants.org\/es\/actualidad\/regalos-solidarios-y-alternativos-para-una-navidad-no-consumista\/#primaryimage","url":"https:\/\/www.casaldelsinfants.org\/wp-content\/uploads\/casal_dels_infants_galetes-de-nadal.jpg","contentUrl":"https:\/\/www.casaldelsinfants.org\/wp-content\/uploads\/casal_dels_infants_galetes-de-nadal.jpg","width":640,"height":480,"caption":"Regals solidaris i alternatius per un Nadal no consumista"},{"@type":"BreadcrumbList","@id":"https:\/\/www.casaldelsinfants.org\/es\/actualidad\/regalos-solidarios-y-alternativos-para-una-navidad-no-consumista\/#breadcrumb","itemListElement":[{"@type":"ListItem","position":1,"name":"Inici","item":"https:\/\/www.casaldelsinfants.org\/es\/"},{"@type":"ListItem","position":2,"name":"Regalos solidarios y alternativos para una Navidad no consumista"}]},{"@type":"WebSite","@id":"https:\/\/www.casaldelsinfants.org\/es\/#website","url":"https:\/\/www.casaldelsinfants.org\/es\/","name":"Casal dels Infants","description":"","publisher":{"@id":"https:\/\/www.casaldelsinfants.org\/es\/#organization"},"potentialAction":[{"@type":"SearchAction","target":{"@type":"EntryPoint","urlTemplate":"https:\/\/www.casaldelsinfants.org\/es\/?s={search_term_string}"},"query-input":{"@type":"PropertyValueSpecification","valueRequired":true,"valueName":"search_term_string"}}],"inLanguage":"es"},{"@type":"Organization","@id":"https:\/\/www.casaldelsinfants.org\/es\/#organization","name":"Casal dels Infants","url":"https:\/\/www.casaldelsinfants.org\/es\/","logo":{"@type":"ImageObject","inLanguage":"es","@id":"https:\/\/www.casaldelsinfants.org\/es\/#\/schema\/logo\/image\/","url":"https:\/\/www.casaldelsinfants.org\/wp-content\/uploads\/logo-mail.png","contentUrl":"https:\/\/www.casaldelsinfants.org\/wp-content\/uploads\/logo-mail.png","width":380,"height":158,"caption":"Casal dels Infants"},"image":{"@id":"https:\/\/www.casaldelsinfants.org\/es\/#\/schema\/logo\/image\/"},"sameAs":["https:\/\/www.facebook.com\/casalinfants","https:\/\/x.com\/casalinfants","https:\/\/www.youtube.com\/user\/CasaldelsInfants1","https:\/\/www.instagram.com\/casalinfants\/","https:\/\/www.linkedin.com\/company\/casaldelsinfants?trk=organization-update_share-update_actor-text"]},{"@type":"Person","@id":"https:\/\/www.casaldelsinfants.org\/es\/#\/schema\/person\/97707fc8c64900cf36891127dbf9fba8","name":"cdiAdmin","sameAs":["https:\/\/casaldelsinfants.org"]}]}},"publishpress_future_action":{"enabled":false,"date":"2026-05-08 11:12:22","action":"change-status","newStatus":"draft","terms":[],"taxonomy":"category","extraData":[]},"publishpress_future_workflow_manual_trigger":{"enabledWorkflows":[]},"_links":{"self":[{"href":"https:\/\/www.casaldelsinfants.org\/es\/wp-json\/wp\/v2\/posts\/4327","targetHints":{"allow":["GET"]}}],"collection":[{"href":"https:\/\/www.casaldelsinfants.org\/es\/wp-json\/wp\/v2\/posts"}],"about":[{"href":"https:\/\/www.casaldelsinfants.org\/es\/wp-json\/wp\/v2\/types\/post"}],"author":[{"embeddable":true,"href":"https:\/\/www.casaldelsinfants.org\/es\/wp-json\/wp\/v2\/users\/1"}],"replies":[{"embeddable":true,"href":"https:\/\/www.casaldelsinfants.org\/es\/wp-json\/wp\/v2\/comments?post=4327"}],"version-history":[{"count":1,"href":"https:\/\/www.casaldelsinfants.org\/es\/wp-json\/wp\/v2\/posts\/4327\/revisions"}],"predecessor-version":[{"id":6291,"href":"https:\/\/www.casaldelsinfants.org\/es\/wp-json\/wp\/v2\/posts\/4327\/revisions\/6291"}],"wp:featuredmedia":[{"embeddable":true,"href":"https:\/\/www.casaldelsinfants.org\/es\/wp-json\/wp\/v2\/media\/3140"}],"wp:attachment":[{"href":"https:\/\/www.casaldelsinfants.org\/es\/wp-json\/wp\/v2\/media?parent=4327"}],"wp:term":[{"taxonomy":"category","embeddable":true,"href":"https:\/\/www.casaldelsinfants.org\/es\/wp-json\/wp\/v2\/categories?post=4327"},{"taxonomy":"post_tag","embeddable":true,"href":"https:\/\/www.casaldelsinfants.org\/es\/wp-json\/wp\/v2\/tags?post=4327"},{"taxonomy":"seus","embeddable":true,"href":"https:\/\/www.casaldelsinfants.org\/es\/wp-json\/wp\/v2\/seus?post=4327"},{"taxonomy":"eixos","embeddable":true,"href":"https:\/\/www.casaldelsinfants.org\/es\/wp-json\/wp\/v2\/eixos?post=4327"}],"curies":[{"name":"wp","href":"https:\/\/api.w.org\/{rel}","templated":true}]}}