{"id":4328,"date":"2020-12-04T13:56:37","date_gmt":"2020-12-04T11:56:37","guid":{"rendered":"https:\/\/casal.puntzero.cat\/noticies\/el-centre-obert-dadolescents-del-raval-sendinsa-en-el-teatre-lliure-i-en-la-dissidencia\/"},"modified":"2023-05-01T17:48:43","modified_gmt":"2023-05-01T15:48:43","slug":"el-centre-obert-dadolescents-del-raval-sendinsa-en-el-teatre-lliure-i-en-la-dissidencia","status":"publish","type":"post","link":"https:\/\/www.casaldelsinfants.org\/es\/actualidad\/centro-abierto-adolescentes-raval-teatro-libre-disidencia\/","title":{"rendered":"El Centro Abierto del Raval se adentra en el Teatre Lliure y en la disidencia LGTBI de Barcelona"},"content":{"rendered":"<p><span style=\"color:#000000;\">Los <strong>servicios socioeducativos<\/strong> son un espacio de relaci\u00f3n, apoyo en los estudios y atenci\u00f3n a situaciones de riesgo muy importantes en el d\u00eda a d\u00eda de muchos chicos y chicas. La <strong>cultura<\/strong> nos permite expresarnos, reivindicarnos y disfrutar, as\u00ed como entender y transformar la sociedad. Dos espacios de participaci\u00f3n fundamentales,\u00a0a\u00fan m\u00e1s si cabe en tiempos de pandemia, que esta semana se han encontrado gracias al <\/span><a href=\"https:\/\/www.teatrelliure.com\/es\"><u><strong>Teatre Lliure<\/strong><\/u><\/a><span style=\"color:#000000;\"> y al <\/span>Casal dels Infants<span style=\"color:#000000;\">.<\/span><\/p>\n<p><span style=\"color:#000000;\">El lunes 30 de noviembre uno de los grupos del <strong>Centro Abierto de Adolescentes (COA)<\/strong> del Casal dels Infants en el barrio del Raval visit\u00f3 el Teatre Lliure de Montju\u00efc, donde los recibi\u00f3 el equipo creativo de la compa\u00f1\u00eda residente <strong>La l\u00ednea<\/strong>. Los y las adolescentes pudieron ver un ensayo de la obra que la compa\u00f1\u00eda estrenar\u00e1 en marzo, <strong>\u00abJos\u00e9 y la Barcelona Disidente\u00bb<\/strong>, una reflexi\u00f3n sobre el colectivo <strong>LGTBI<\/strong> y su papel disidente en la Barcelona de los a\u00f1os 70 y 80.<\/span><\/p>\n<p><span style=\"color:#000000;\">La obra tiene por hilo conductor la historia real de <strong>Jos\u00e9 Tenorio<\/strong>, una persona transg\u00e9nero vecina del Raval y el Poblessec, que sirve para visibilizar la estigmatizaci\u00f3n que ha vivido el colectivo LGTBI y el SIDA.<\/span><\/p>\n<p><span style=\"color:#000000;\">M\u00e1s all\u00e1 del ensayo, el equipo de La l\u00ednea organiz\u00f3 din\u00e1micas para que el grupo del COA se expresara y reflexionara a cerca de este proceso creativo. Un est\u00edmulo muy enriquecedor para el grupo, que se implic\u00f3 y motiv\u00f3 con la propuesta y podr\u00e1 asistir a una de las representaciones de la obra cuando se estrene.<\/span><\/p>\n<blockquote>\n<p>\u00bfQu\u00e9 puedes hacer t\u00fa para que sigamos acompa\u00f1ando adolescentes y velando por sus derechos a trav\u00e9s de nuestros servicios socioeducativos?<\/p>\n<p><strong>Haz un donativo<\/strong> <u><a href=\"https:\/\/www.casaldelsinfants.org\/es\/que-puedes-hacer-tu\/haz-un-donativo\/\">aqu\u00ed<\/a><\/u><a href=\"https:\/\/www.casaldelsinfants.org\/es\/que-puedes-hacer-tu\/haz-un-donativo\/\"><u>.<\/u><\/a><\/p>\n<p><strong>Haz voluntariado<\/strong>. Inf\u00f3rmate\u00a0<u><a href=\"https:\/\/www.casaldelsinfants.org\/es\/que-puedes-hacer-tu\/voluntariado\/\">aqu\u00ed<\/a><\/u>.<\/p>\n<\/blockquote>\n","protected":false},"excerpt":{"rendered":"<p>Los servicios socioeducativos son un espacio de relaci\u00f3n, apoyo en los estudios y atenci\u00f3n a situaciones de riesgo muy importantes en el d\u00eda a d\u00eda de muchos chicos y chicas. La cultura nos permite expresarnos, reivindicarnos y disfrutar, as\u00ed como entender y transformar la sociedad. Dos espacios de participaci\u00f3n fundamentales,\u00a0a\u00fan m\u00e1s si cabe en tiempos [&hellip;]<\/p>\n","protected":false},"author":1,"featured_media":3143,"comment_status":"open","ping_status":"open","sticky":false,"template":"","format":"standard","meta":{"_acf_changed":false,"_et_pb_use_builder":"","_et_pb_old_content":"","_et_gb_content_width":"","inline_featured_image":false,"footnotes":""},"categories":[125],"tags":[],"seus":[157,16],"eixos":[207,99],"class_list":{"0":"post-4328","1":"post","2":"type-post","3":"status-publish","4":"format-standard","5":"has-post-thumbnail","6":"hentry","7":"category-noticias","8":"seus-el-raval","10":"eixos-infancia-i-adolescencia-es-2","11":"eixos-infancia-y-adolescencia"},"acf":[],"yoast_head":"<!-- This site is optimized with the Yoast SEO plugin v27.4 - https:\/\/yoast.com\/product\/yoast-seo-wordpress\/ -->\n<title>Casal dels Infants Teatre Llire dissid\u00e8ncia LGTBI<\/title>\n<meta name=\"description\" content=\"Un dels grups del Centre Obert d\u2019Adolescents (COA) del Casal dels Infants al barri del Raval ha visitat el Teatre Lliure de Montju\u00efc, on ha realitzat din\u00e0miques de reflexi\u00f3 i expressi\u00f3 al voltant de la dissid\u00e8ncia LGTBI a Barcelona.\" \/>\n<meta name=\"robots\" content=\"index, follow, max-snippet:-1, max-image-preview:large, max-video-preview:-1\" \/>\n<link rel=\"canonical\" href=\"https:\/\/www.casaldelsinfants.org\/es\/actualidad\/centro-abierto-adolescentes-raval-teatro-libre-disidencia\/\" \/>\n<meta property=\"og:locale\" content=\"es_ES\" \/>\n<meta property=\"og:type\" content=\"article\" \/>\n<meta property=\"og:title\" content=\"Casal dels Infants Teatre Llire dissid\u00e8ncia LGTBI\" \/>\n<meta property=\"og:description\" content=\"Un dels grups del Centre Obert d\u2019Adolescents (COA) del Casal dels Infants al barri del Raval ha visitat el Teatre Lliure de Montju\u00efc, on ha realitzat din\u00e0miques de reflexi\u00f3 i expressi\u00f3 al voltant de la dissid\u00e8ncia LGTBI a Barcelona.\" \/>\n<meta property=\"og:url\" content=\"https:\/\/www.casaldelsinfants.org\/es\/actualidad\/centro-abierto-adolescentes-raval-teatro-libre-disidencia\/\" \/>\n<meta property=\"og:site_name\" content=\"Casal dels Infants\" \/>\n<meta property=\"article:publisher\" content=\"https:\/\/www.facebook.com\/casalinfants\" \/>\n<meta property=\"article:published_time\" content=\"2020-12-04T11:56:37+00:00\" \/>\n<meta property=\"article:modified_time\" content=\"2023-05-01T15:48:43+00:00\" \/>\n<meta property=\"og:image\" content=\"https:\/\/www.casaldelsinfants.org\/wp-content\/uploads\/whatsapp_image_2020-12-02_at_16.18.45.jpeg\" \/>\n\t<meta property=\"og:image:width\" content=\"1024\" \/>\n\t<meta property=\"og:image:height\" content=\"768\" \/>\n\t<meta property=\"og:image:type\" content=\"image\/jpeg\" \/>\n<meta name=\"author\" content=\"cdiAdmin\" \/>\n<meta name=\"twitter:card\" content=\"summary_large_image\" \/>\n<meta name=\"twitter:creator\" content=\"@casalinfants\" \/>\n<meta name=\"twitter:site\" content=\"@casalinfants\" \/>\n<meta name=\"twitter:label1\" content=\"Escrito por\" \/>\n\t<meta name=\"twitter:data1\" content=\"cdiAdmin\" \/>\n\t<meta name=\"twitter:label2\" content=\"Tiempo de lectura\" \/>\n\t<meta name=\"twitter:data2\" content=\"1 minuto\" \/>\n<script type=\"application\/ld+json\" class=\"yoast-schema-graph\">{\"@context\":\"https:\\\/\\\/schema.org\",\"@graph\":[{\"@type\":\"Article\",\"@id\":\"https:\\\/\\\/www.casaldelsinfants.org\\\/es\\\/actualidad\\\/centro-abierto-adolescentes-raval-teatro-libre-disidencia\\\/#article\",\"isPartOf\":{\"@id\":\"https:\\\/\\\/www.casaldelsinfants.org\\\/es\\\/actualidad\\\/centro-abierto-adolescentes-raval-teatro-libre-disidencia\\\/\"},\"author\":{\"name\":\"cdiAdmin\",\"@id\":\"https:\\\/\\\/www.casaldelsinfants.org\\\/es\\\/#\\\/schema\\\/person\\\/97707fc8c64900cf36891127dbf9fba8\"},\"headline\":\"El Centro Abierto del Raval se adentra en el Teatre Lliure y en la disidencia LGTBI de Barcelona\",\"datePublished\":\"2020-12-04T11:56:37+00:00\",\"dateModified\":\"2023-05-01T15:48:43+00:00\",\"mainEntityOfPage\":{\"@id\":\"https:\\\/\\\/www.casaldelsinfants.org\\\/es\\\/actualidad\\\/centro-abierto-adolescentes-raval-teatro-libre-disidencia\\\/\"},\"wordCount\":313,\"commentCount\":0,\"publisher\":{\"@id\":\"https:\\\/\\\/www.casaldelsinfants.org\\\/es\\\/#organization\"},\"image\":{\"@id\":\"https:\\\/\\\/www.casaldelsinfants.org\\\/es\\\/actualidad\\\/centro-abierto-adolescentes-raval-teatro-libre-disidencia\\\/#primaryimage\"},\"thumbnailUrl\":\"https:\\\/\\\/www.casaldelsinfants.org\\\/wp-content\\\/uploads\\\/whatsapp_image_2020-12-02_at_16.18.45.jpeg\",\"articleSection\":[\"Noticia\"],\"inLanguage\":\"es\",\"potentialAction\":[{\"@type\":\"CommentAction\",\"name\":\"Comment\",\"target\":[\"https:\\\/\\\/www.casaldelsinfants.org\\\/es\\\/actualidad\\\/centro-abierto-adolescentes-raval-teatro-libre-disidencia\\\/#respond\"]}]},{\"@type\":\"WebPage\",\"@id\":\"https:\\\/\\\/www.casaldelsinfants.org\\\/es\\\/actualidad\\\/centro-abierto-adolescentes-raval-teatro-libre-disidencia\\\/\",\"url\":\"https:\\\/\\\/www.casaldelsinfants.org\\\/es\\\/actualidad\\\/centro-abierto-adolescentes-raval-teatro-libre-disidencia\\\/\",\"name\":\"Casal dels Infants Teatre Llire dissid\u00e8ncia LGTBI\",\"isPartOf\":{\"@id\":\"https:\\\/\\\/www.casaldelsinfants.org\\\/es\\\/#website\"},\"primaryImageOfPage\":{\"@id\":\"https:\\\/\\\/www.casaldelsinfants.org\\\/es\\\/actualidad\\\/centro-abierto-adolescentes-raval-teatro-libre-disidencia\\\/#primaryimage\"},\"image\":{\"@id\":\"https:\\\/\\\/www.casaldelsinfants.org\\\/es\\\/actualidad\\\/centro-abierto-adolescentes-raval-teatro-libre-disidencia\\\/#primaryimage\"},\"thumbnailUrl\":\"https:\\\/\\\/www.casaldelsinfants.org\\\/wp-content\\\/uploads\\\/whatsapp_image_2020-12-02_at_16.18.45.jpeg\",\"datePublished\":\"2020-12-04T11:56:37+00:00\",\"dateModified\":\"2023-05-01T15:48:43+00:00\",\"description\":\"Un dels grups del Centre Obert d\u2019Adolescents (COA) del Casal dels Infants al barri del Raval ha visitat el Teatre Lliure de Montju\u00efc, on ha realitzat din\u00e0miques de reflexi\u00f3 i expressi\u00f3 al voltant de la dissid\u00e8ncia LGTBI a Barcelona.\",\"breadcrumb\":{\"@id\":\"https:\\\/\\\/www.casaldelsinfants.org\\\/es\\\/actualidad\\\/centro-abierto-adolescentes-raval-teatro-libre-disidencia\\\/#breadcrumb\"},\"inLanguage\":\"es\",\"potentialAction\":[{\"@type\":\"ReadAction\",\"target\":[\"https:\\\/\\\/www.casaldelsinfants.org\\\/es\\\/actualidad\\\/centro-abierto-adolescentes-raval-teatro-libre-disidencia\\\/\"]}]},{\"@type\":\"ImageObject\",\"inLanguage\":\"es\",\"@id\":\"https:\\\/\\\/www.casaldelsinfants.org\\\/es\\\/actualidad\\\/centro-abierto-adolescentes-raval-teatro-libre-disidencia\\\/#primaryimage\",\"url\":\"https:\\\/\\\/www.casaldelsinfants.org\\\/wp-content\\\/uploads\\\/whatsapp_image_2020-12-02_at_16.18.45.jpeg\",\"contentUrl\":\"https:\\\/\\\/www.casaldelsinfants.org\\\/wp-content\\\/uploads\\\/whatsapp_image_2020-12-02_at_16.18.45.jpeg\",\"width\":1024,\"height\":768,\"caption\":\"Partipants del Casal dels Infants del Raval en el teatre Lliure\"},{\"@type\":\"BreadcrumbList\",\"@id\":\"https:\\\/\\\/www.casaldelsinfants.org\\\/es\\\/actualidad\\\/centro-abierto-adolescentes-raval-teatro-libre-disidencia\\\/#breadcrumb\",\"itemListElement\":[{\"@type\":\"ListItem\",\"position\":1,\"name\":\"Inici\",\"item\":\"https:\\\/\\\/www.casaldelsinfants.org\\\/es\\\/\"},{\"@type\":\"ListItem\",\"position\":2,\"name\":\"El Centro Abierto del Raval se adentra en el Teatre Lliure y en la disidencia LGTBI de Barcelona\"}]},{\"@type\":\"WebSite\",\"@id\":\"https:\\\/\\\/www.casaldelsinfants.org\\\/es\\\/#website\",\"url\":\"https:\\\/\\\/www.casaldelsinfants.org\\\/es\\\/\",\"name\":\"Casal dels Infants\",\"description\":\"\",\"publisher\":{\"@id\":\"https:\\\/\\\/www.casaldelsinfants.org\\\/es\\\/#organization\"},\"potentialAction\":[{\"@type\":\"SearchAction\",\"target\":{\"@type\":\"EntryPoint\",\"urlTemplate\":\"https:\\\/\\\/www.casaldelsinfants.org\\\/es\\\/?s={search_term_string}\"},\"query-input\":{\"@type\":\"PropertyValueSpecification\",\"valueRequired\":true,\"valueName\":\"search_term_string\"}}],\"inLanguage\":\"es\"},{\"@type\":\"Organization\",\"@id\":\"https:\\\/\\\/www.casaldelsinfants.org\\\/es\\\/#organization\",\"name\":\"Casal dels Infants\",\"url\":\"https:\\\/\\\/www.casaldelsinfants.org\\\/es\\\/\",\"logo\":{\"@type\":\"ImageObject\",\"inLanguage\":\"es\",\"@id\":\"https:\\\/\\\/www.casaldelsinfants.org\\\/es\\\/#\\\/schema\\\/logo\\\/image\\\/\",\"url\":\"https:\\\/\\\/www.casaldelsinfants.org\\\/wp-content\\\/uploads\\\/logo-mail.png\",\"contentUrl\":\"https:\\\/\\\/www.casaldelsinfants.org\\\/wp-content\\\/uploads\\\/logo-mail.png\",\"width\":380,\"height\":158,\"caption\":\"Casal dels Infants\"},\"image\":{\"@id\":\"https:\\\/\\\/www.casaldelsinfants.org\\\/es\\\/#\\\/schema\\\/logo\\\/image\\\/\"},\"sameAs\":[\"https:\\\/\\\/www.facebook.com\\\/casalinfants\",\"https:\\\/\\\/x.com\\\/casalinfants\",\"https:\\\/\\\/www.youtube.com\\\/user\\\/CasaldelsInfants1\",\"https:\\\/\\\/www.instagram.com\\\/casalinfants\\\/\",\"https:\\\/\\\/www.linkedin.com\\\/company\\\/casaldelsinfants?trk=organization-update_share-update_actor-text\"]},{\"@type\":\"Person\",\"@id\":\"https:\\\/\\\/www.casaldelsinfants.org\\\/es\\\/#\\\/schema\\\/person\\\/97707fc8c64900cf36891127dbf9fba8\",\"name\":\"cdiAdmin\",\"sameAs\":[\"https:\\\/\\\/casaldelsinfants.org\"]}]}<\/script>\n<!-- \/ Yoast SEO plugin. -->","yoast_head_json":{"title":"Casal dels Infants Teatre Llire dissid\u00e8ncia LGTBI","description":"Un dels grups del Centre Obert d\u2019Adolescents (COA) del Casal dels Infants al barri del Raval ha visitat el Teatre Lliure de Montju\u00efc, on ha realitzat din\u00e0miques de reflexi\u00f3 i expressi\u00f3 al voltant de la dissid\u00e8ncia LGTBI a Barcelona.","robots":{"index":"index","follow":"follow","max-snippet":"max-snippet:-1","max-image-preview":"max-image-preview:large","max-video-preview":"max-video-preview:-1"},"canonical":"https:\/\/www.casaldelsinfants.org\/es\/actualidad\/centro-abierto-adolescentes-raval-teatro-libre-disidencia\/","og_locale":"es_ES","og_type":"article","og_title":"Casal dels Infants Teatre Llire dissid\u00e8ncia LGTBI","og_description":"Un dels grups del Centre Obert d\u2019Adolescents (COA) del Casal dels Infants al barri del Raval ha visitat el Teatre Lliure de Montju\u00efc, on ha realitzat din\u00e0miques de reflexi\u00f3 i expressi\u00f3 al voltant de la dissid\u00e8ncia LGTBI a Barcelona.","og_url":"https:\/\/www.casaldelsinfants.org\/es\/actualidad\/centro-abierto-adolescentes-raval-teatro-libre-disidencia\/","og_site_name":"Casal dels Infants","article_publisher":"https:\/\/www.facebook.com\/casalinfants","article_published_time":"2020-12-04T11:56:37+00:00","article_modified_time":"2023-05-01T15:48:43+00:00","og_image":[{"width":1024,"height":768,"url":"https:\/\/www.casaldelsinfants.org\/wp-content\/uploads\/whatsapp_image_2020-12-02_at_16.18.45.jpeg","type":"image\/jpeg"}],"author":"cdiAdmin","twitter_card":"summary_large_image","twitter_creator":"@casalinfants","twitter_site":"@casalinfants","twitter_misc":{"Escrito por":"cdiAdmin","Tiempo de lectura":"1 minuto"},"schema":{"@context":"https:\/\/schema.org","@graph":[{"@type":"Article","@id":"https:\/\/www.casaldelsinfants.org\/es\/actualidad\/centro-abierto-adolescentes-raval-teatro-libre-disidencia\/#article","isPartOf":{"@id":"https:\/\/www.casaldelsinfants.org\/es\/actualidad\/centro-abierto-adolescentes-raval-teatro-libre-disidencia\/"},"author":{"name":"cdiAdmin","@id":"https:\/\/www.casaldelsinfants.org\/es\/#\/schema\/person\/97707fc8c64900cf36891127dbf9fba8"},"headline":"El Centro Abierto del Raval se adentra en el Teatre Lliure y en la disidencia LGTBI de Barcelona","datePublished":"2020-12-04T11:56:37+00:00","dateModified":"2023-05-01T15:48:43+00:00","mainEntityOfPage":{"@id":"https:\/\/www.casaldelsinfants.org\/es\/actualidad\/centro-abierto-adolescentes-raval-teatro-libre-disidencia\/"},"wordCount":313,"commentCount":0,"publisher":{"@id":"https:\/\/www.casaldelsinfants.org\/es\/#organization"},"image":{"@id":"https:\/\/www.casaldelsinfants.org\/es\/actualidad\/centro-abierto-adolescentes-raval-teatro-libre-disidencia\/#primaryimage"},"thumbnailUrl":"https:\/\/www.casaldelsinfants.org\/wp-content\/uploads\/whatsapp_image_2020-12-02_at_16.18.45.jpeg","articleSection":["Noticia"],"inLanguage":"es","potentialAction":[{"@type":"CommentAction","name":"Comment","target":["https:\/\/www.casaldelsinfants.org\/es\/actualidad\/centro-abierto-adolescentes-raval-teatro-libre-disidencia\/#respond"]}]},{"@type":"WebPage","@id":"https:\/\/www.casaldelsinfants.org\/es\/actualidad\/centro-abierto-adolescentes-raval-teatro-libre-disidencia\/","url":"https:\/\/www.casaldelsinfants.org\/es\/actualidad\/centro-abierto-adolescentes-raval-teatro-libre-disidencia\/","name":"Casal dels Infants Teatre Llire dissid\u00e8ncia LGTBI","isPartOf":{"@id":"https:\/\/www.casaldelsinfants.org\/es\/#website"},"primaryImageOfPage":{"@id":"https:\/\/www.casaldelsinfants.org\/es\/actualidad\/centro-abierto-adolescentes-raval-teatro-libre-disidencia\/#primaryimage"},"image":{"@id":"https:\/\/www.casaldelsinfants.org\/es\/actualidad\/centro-abierto-adolescentes-raval-teatro-libre-disidencia\/#primaryimage"},"thumbnailUrl":"https:\/\/www.casaldelsinfants.org\/wp-content\/uploads\/whatsapp_image_2020-12-02_at_16.18.45.jpeg","datePublished":"2020-12-04T11:56:37+00:00","dateModified":"2023-05-01T15:48:43+00:00","description":"Un dels grups del Centre Obert d\u2019Adolescents (COA) del Casal dels Infants al barri del Raval ha visitat el Teatre Lliure de Montju\u00efc, on ha realitzat din\u00e0miques de reflexi\u00f3 i expressi\u00f3 al voltant de la dissid\u00e8ncia LGTBI a Barcelona.","breadcrumb":{"@id":"https:\/\/www.casaldelsinfants.org\/es\/actualidad\/centro-abierto-adolescentes-raval-teatro-libre-disidencia\/#breadcrumb"},"inLanguage":"es","potentialAction":[{"@type":"ReadAction","target":["https:\/\/www.casaldelsinfants.org\/es\/actualidad\/centro-abierto-adolescentes-raval-teatro-libre-disidencia\/"]}]},{"@type":"ImageObject","inLanguage":"es","@id":"https:\/\/www.casaldelsinfants.org\/es\/actualidad\/centro-abierto-adolescentes-raval-teatro-libre-disidencia\/#primaryimage","url":"https:\/\/www.casaldelsinfants.org\/wp-content\/uploads\/whatsapp_image_2020-12-02_at_16.18.45.jpeg","contentUrl":"https:\/\/www.casaldelsinfants.org\/wp-content\/uploads\/whatsapp_image_2020-12-02_at_16.18.45.jpeg","width":1024,"height":768,"caption":"Partipants del Casal dels Infants del Raval en el teatre Lliure"},{"@type":"BreadcrumbList","@id":"https:\/\/www.casaldelsinfants.org\/es\/actualidad\/centro-abierto-adolescentes-raval-teatro-libre-disidencia\/#breadcrumb","itemListElement":[{"@type":"ListItem","position":1,"name":"Inici","item":"https:\/\/www.casaldelsinfants.org\/es\/"},{"@type":"ListItem","position":2,"name":"El Centro Abierto del Raval se adentra en el Teatre Lliure y en la disidencia LGTBI de Barcelona"}]},{"@type":"WebSite","@id":"https:\/\/www.casaldelsinfants.org\/es\/#website","url":"https:\/\/www.casaldelsinfants.org\/es\/","name":"Casal dels Infants","description":"","publisher":{"@id":"https:\/\/www.casaldelsinfants.org\/es\/#organization"},"potentialAction":[{"@type":"SearchAction","target":{"@type":"EntryPoint","urlTemplate":"https:\/\/www.casaldelsinfants.org\/es\/?s={search_term_string}"},"query-input":{"@type":"PropertyValueSpecification","valueRequired":true,"valueName":"search_term_string"}}],"inLanguage":"es"},{"@type":"Organization","@id":"https:\/\/www.casaldelsinfants.org\/es\/#organization","name":"Casal dels Infants","url":"https:\/\/www.casaldelsinfants.org\/es\/","logo":{"@type":"ImageObject","inLanguage":"es","@id":"https:\/\/www.casaldelsinfants.org\/es\/#\/schema\/logo\/image\/","url":"https:\/\/www.casaldelsinfants.org\/wp-content\/uploads\/logo-mail.png","contentUrl":"https:\/\/www.casaldelsinfants.org\/wp-content\/uploads\/logo-mail.png","width":380,"height":158,"caption":"Casal dels Infants"},"image":{"@id":"https:\/\/www.casaldelsinfants.org\/es\/#\/schema\/logo\/image\/"},"sameAs":["https:\/\/www.facebook.com\/casalinfants","https:\/\/x.com\/casalinfants","https:\/\/www.youtube.com\/user\/CasaldelsInfants1","https:\/\/www.instagram.com\/casalinfants\/","https:\/\/www.linkedin.com\/company\/casaldelsinfants?trk=organization-update_share-update_actor-text"]},{"@type":"Person","@id":"https:\/\/www.casaldelsinfants.org\/es\/#\/schema\/person\/97707fc8c64900cf36891127dbf9fba8","name":"cdiAdmin","sameAs":["https:\/\/casaldelsinfants.org"]}]}},"publishpress_future_action":{"enabled":false,"date":"2026-05-08 15:40:26","action":"change-status","newStatus":"draft","terms":[],"taxonomy":"category","extraData":[]},"publishpress_future_workflow_manual_trigger":{"enabledWorkflows":[]},"_links":{"self":[{"href":"https:\/\/www.casaldelsinfants.org\/es\/wp-json\/wp\/v2\/posts\/4328","targetHints":{"allow":["GET"]}}],"collection":[{"href":"https:\/\/www.casaldelsinfants.org\/es\/wp-json\/wp\/v2\/posts"}],"about":[{"href":"https:\/\/www.casaldelsinfants.org\/es\/wp-json\/wp\/v2\/types\/post"}],"author":[{"embeddable":true,"href":"https:\/\/www.casaldelsinfants.org\/es\/wp-json\/wp\/v2\/users\/1"}],"replies":[{"embeddable":true,"href":"https:\/\/www.casaldelsinfants.org\/es\/wp-json\/wp\/v2\/comments?post=4328"}],"version-history":[{"count":1,"href":"https:\/\/www.casaldelsinfants.org\/es\/wp-json\/wp\/v2\/posts\/4328\/revisions"}],"predecessor-version":[{"id":6292,"href":"https:\/\/www.casaldelsinfants.org\/es\/wp-json\/wp\/v2\/posts\/4328\/revisions\/6292"}],"wp:featuredmedia":[{"embeddable":true,"href":"https:\/\/www.casaldelsinfants.org\/es\/wp-json\/wp\/v2\/media\/3143"}],"wp:attachment":[{"href":"https:\/\/www.casaldelsinfants.org\/es\/wp-json\/wp\/v2\/media?parent=4328"}],"wp:term":[{"taxonomy":"category","embeddable":true,"href":"https:\/\/www.casaldelsinfants.org\/es\/wp-json\/wp\/v2\/categories?post=4328"},{"taxonomy":"post_tag","embeddable":true,"href":"https:\/\/www.casaldelsinfants.org\/es\/wp-json\/wp\/v2\/tags?post=4328"},{"taxonomy":"seus","embeddable":true,"href":"https:\/\/www.casaldelsinfants.org\/es\/wp-json\/wp\/v2\/seus?post=4328"},{"taxonomy":"eixos","embeddable":true,"href":"https:\/\/www.casaldelsinfants.org\/es\/wp-json\/wp\/v2\/eixos?post=4328"}],"curies":[{"name":"wp","href":"https:\/\/api.w.org\/{rel}","templated":true}]}}