{"id":4329,"date":"2020-11-25T15:35:17","date_gmt":"2020-11-25T13:35:17","guid":{"rendered":"https:\/\/casal.puntzero.cat\/noticies\/giving-tuesday-un-dia-ser-solidaris\/"},"modified":"2023-05-01T17:48:51","modified_gmt":"2023-05-01T15:48:51","slug":"giving-tuesday-un-dia-ser-solidaris","status":"publish","type":"post","link":"https:\/\/www.casaldelsinfants.org\/es\/actualidad\/giving-tuesday-un-dia-para-ser-solidarios\/","title":{"rendered":"Giving Tuesday: un d\u00eda para ser solidarios"},"content":{"rendered":"<p><meta charset=\"utf-8\" \/><\/p>\n<p dir=\"ltr\"><span style=\"color:#000000;\"><strong>La solidaridad<\/strong> es un valor que nos define, se ha demostrado en numerosas ocasiones y durante estos tiempos de pandemia, y en el Casal lo podemos ver en el apoyo que recibimos de todas las personas que hac\u00e9is posible que continuemos acompa\u00f1ando a los ni\u00f1os, ni\u00f1as y familias que m\u00e1s lo necesitan.\u00a0\u00a0<\/span><\/p>\n<p dir=\"ltr\"><span style=\"color:#000000;\">Se acerca la 6\u00aa edici\u00f3n del <strong>Giving Tuesday<\/strong>, un d\u00eda dedicado a dar y a ser solidarios, y este a\u00f1o en el Casal nos hemos propuesto un <\/span><u><a href=\"https:\/\/www.migranodearena.org\/reto\/equipo-tecnologico-para-el-refuerzo-escolar-de-60-ninos-y-ninas-en-situacion-de-alto-riesgo\">reto<\/a>:<\/u><span style=\"color:#000000;\"> conseguir equipamiento tecnol\u00f3gico para el refuerzo escolar de 60 ni\u00f1os y ni\u00f1as en situaci\u00f3n de alto riesgo.\u00a0<\/span><\/p>\n<p dir=\"ltr\"><span style=\"color:#000000;\">T\u00fa tambi\u00e9n puedes formar parte del #GivingTuesday de muchas maneras, en este art\u00edculo te explicamos en qu\u00e9 consiste este movimiento global y c\u00f3mo participar en \u00e9l.\u00a0<\/span><\/p>\n<p dir=\"ltr\"><strong>\u00bfQu\u00e9 es el Giving Tuesday?\u00a0<\/strong><\/p>\n<p dir=\"ltr\"><span style=\"color:#000000;\">El #GivingTuesday es un movimiento mundial, sin \u00e1nimo de lucro, que promueve acciones solidarias de las personas. Se trata de un <strong>d\u00eda para pensar en los dem\u00e1s y promover el altruismo colaborando con proyectos solidarios<\/strong>. El #GivingTuesday quiere celebrar la acci\u00f3n de dar, movilizando ciudadanos y ciudadanas, organizaciones y empresas para que participen en este gran d\u00eda de la solidaridad y extenderla luego a todos los d\u00edas del a\u00f1o.\u00a0<\/span><\/p>\n<p dir=\"ltr\"><span style=\"color:#000000;\">Este a\u00f1o el #GivingTuesday se realiza el<strong> 1 de diciembre<\/strong>, pero \u00bfcu\u00e1ndo empez\u00f3 este <strong>movimiento solidario<\/strong>?\u00a0<\/span><\/p>\n<p dir=\"ltr\"><strong>\u00bfC\u00f3mo naci\u00f3 el Giving Tuesday?<\/strong><\/p>\n<p dir=\"ltr\"><span style=\"color:#000000;\">El #GivingTuesday (martes para dar) naci\u00f3 en los EEUU el a\u00f1o 2012, como alternativa al Black Friday y el Cyber Monday, que promueven las compras de antes de Navidad. La primera edici\u00f3n ya fue todo un \u00e9xito y miles de personas se unieron a este <strong>llamamiento de la solidaridad<\/strong>.\u00a0<\/span><\/p>\n<p dir=\"ltr\"><span style=\"color:#000000;\">Tres a\u00f1os m\u00e1s tarde, en 2015, el movimiento #GivingTuesday lleg\u00f3 a Espa\u00f1a, consiguiendo unos resultados espectaculares (405.000\u20ac destinados a m\u00e1s de 260 proyectos sociales) y una gran repercusi\u00f3n (trending topic durante 5 horas). <strong>En 2019 m\u00e1s de 70 pa\u00edses participaron en el d\u00eda de la solidaridad y el hashtag #GivingTuesday fue trending topic durante 11 horas<\/strong>.\u00a0<\/span><\/p>\n<p dir=\"ltr\"><strong>\u00bfCu\u00e1l es el objetivo del Giving Tuesday?\u00a0<\/strong><\/p>\n<p dir=\"ltr\"><span style=\"color:#000000;\">El objetivo principal de #GivingTuesday es que la solidaridad tenga un d\u00eda para ser celebrada en todo el mundo, y que las personas seamos conscientes de la<strong> importancia de dar<\/strong> y ayudarnos los unos a los otros. Darnos cuenta de lo que tenemos, estar agradecidos y compartir, haciendo crecer m\u00e1s y m\u00e1s el c\u00edrculo de la solidaridad.\u00a0<\/span><\/p>\n<p dir=\"ltr\"><strong>Ser solidarios \u00bfpor qu\u00e9?\u00a0<\/strong><\/p>\n<p dir=\"ltr\"><span style=\"color:#000000;\">Estos \u00faltimos meses, con la situaci\u00f3n de crisis sanitaria mundial, hemos aprendido que solo con <strong>la solidaridad y la participaci\u00f3n de todos y todas<\/strong> podremos parar esta pandemia y paliar sus consecuencias.\u00a0\u00a0<\/span><\/p>\n<p dir=\"ltr\"><span style=\"color:#000000;\">Los ni\u00f1os, ni\u00f1as, j\u00f3venes y familias m\u00e1s vulnerables han visto agravadas las desigualdades que ya sufr\u00edan, dej\u00e1ndoles en una situaci\u00f3n de alto riesgo. <strong>Ahora, m\u00e1s que nunca, las entidades sociales necesitamos todo tu apoyo.\u00a0<\/strong><\/span><\/p>\n<p dir=\"ltr\"><span style=\"color:#000000;\">Adem\u00e1s, siendo solidarios generamos emociones positivas, contribuimos a mejorar la vida de las personas que m\u00e1s lo necesitan, fomentamos la generosidad y transmitimos valores a los m\u00e1s peque\u00f1os de la casa.\u00a0<\/span><\/p>\n<p dir=\"ltr\"><span style=\"color:#000000;\">Y seguramente te est\u00e1s preguntando: <strong>\u00bfc\u00f3mo puedo ser solidario y formar parte del movimiento global #GivingTuesday?<\/strong><\/span><\/p>\n<p dir=\"ltr\"><strong>Maneras de ser solidario y colaborar<\/strong><\/p>\n<p dir=\"ltr\"><span style=\"color:#000000;\">Puedes unirte al movimiento <strong>#GivingTuesday 2020<\/strong> de muchas maneras:\u00a0\u00a0<\/span><\/p>\n<ul dir=\"ltr\">\n<li role=\"presentation\"><span style=\"color:#000000;\">Dona ropa, juguetes o material que ya no necesites a alguna causa solidaria<\/span><\/li>\n<li role=\"presentation\"><span style=\"color:#000000;\">Regala tu tiempo haciendo <\/span><u><a href=\"https:\/\/www.casaldelsinfants.org\/es\/que-puedes-hacer-tu\/voluntariado\/\">voluntariado<\/a>\u00a0<\/u>\u00a0\u00a0\u00a0\u00a0\u00a0\u00a0\u00a0\u00a0<\/li>\n<li role=\"presentation\"><span style=\"color:#000000;\">Colabora con los proyectos sociales\u00a0<\/span><\/li>\n<li role=\"presentation\"><span style=\"color:#000000;\">Dona sangre\u00a0<\/span><\/li>\n<li role=\"presentation\"><span style=\"color:#000000;\">Crea y pon en marcha una acci\u00f3n solidaria con tu familia, amigos\u2026<\/span><\/li>\n<li role=\"presentation\"><span style=\"color:#000000;\">Participa en alg\u00fan acto solidario organizado por #GivingTuesday<\/span><\/li>\n<li role=\"presentation\"><span style=\"color:#000000;\">Difunde el mensaje en redes sociales utilizando el hashtag #Giving Tuesday para animar a otras personas, organizaciones y empresas a sumarse al d\u00eda de la solidaridad.\u00a0<\/span><\/li>\n<\/ul>\n<p dir=\"ltr\"><span style=\"color:#000000;\">En <\/span><u><a href=\"http:\/\/givingtuesday.es\/\">esta p\u00e1gina<\/a><\/u><span style=\"color:#000000;\"> encontrar\u00e1s m\u00e1s informaci\u00f3n.\u00a0<\/span><\/p>\n<p dir=\"ltr\"><strong>\u00bfC\u00f3mo colaborar con el Casal dels Infants?\u00a0<\/strong><\/p>\n<p dir=\"ltr\"><span style=\"color:#000000;\">La situaci\u00f3n derivada de la crisis de la covid-19 ha puesto de manifiesto la situaci\u00f3n de grave vulnerabilidad en que se encuentran miles de ni\u00f1os, ni\u00f1as y familias en riesgo de exclusi\u00f3n en nuestro pa\u00eds.\u00a0<\/span><\/p>\n<p dir=\"ltr\"><strong><span style=\"color:#000000;\">Este 1 de diciembre, uni\u00e9ndote al\u00a0 #GivingTuesday 2020, tu solidaridad puede marcar la diferencia para el presente y futuro de muchos ni\u00f1os y ni\u00f1as.\u00a0<\/span><\/strong><\/p>\n<blockquote>\n<ul>\n<li dir=\"ltr\">\n<p dir=\"ltr\" role=\"presentation\"><u><a href=\"https:\/\/www.casaldelsinfants.org\/es\/que-puedes-hacer-tu\/haz-un-donativo\/\">Haz un donativo o hazte socio\/a <\/a><\/u><span style=\"color:#000000;\">del Casal dels Infants: Necesitamos tu apoyo para continuar acompa\u00f1ando a 2.000 ni\u00f1os, ni\u00f1as y j\u00f3venes en situaci\u00f3n de alto riesgo.\u00a0<\/span><\/p>\n<\/li>\n<li dir=\"ltr\">\n<p dir=\"ltr\" role=\"presentation\">\u00a0<\/p>\n<\/li>\n<li dir=\"ltr\">\n<p dir=\"ltr\" role=\"presentation\"><span style=\"color:#000000;\">Participa en nuestro reto de migranodearena <\/span><u><a href=\"https:\/\/www.migranodearena.org\/reto\/equipo-tecnologico-para-el-refuerzo-escolar-de-60-ninos-y-ninas-en-situacion-de-alto-riesgo\">equipamiento tecnol\u00f3gico<\/a> <\/u><span style=\"color:#000000;\">para el refuerzo escolar de 60 ni\u00f1os y ni\u00f1as en situaci\u00f3n de alto riesgo. \u00a1Ay\u00fadanos a hacerlo posible!\u00a0<\/span><\/p>\n<\/li>\n<\/ul>\n<p><meta charset=\"utf-8\" \/><\/p>\n<p dir=\"ltr\">\u00a0<\/p>\n<\/blockquote>\n","protected":false},"excerpt":{"rendered":"<p>La solidaridad es un valor que nos define, se ha demostrado en numerosas ocasiones y durante estos tiempos de pandemia, y en el Casal lo podemos ver en el apoyo que recibimos de todas las personas que hac\u00e9is posible que continuemos acompa\u00f1ando a los ni\u00f1os, ni\u00f1as y familias que m\u00e1s lo necesitan.\u00a0\u00a0 Se acerca la [&hellip;]<\/p>\n","protected":false},"author":1,"featured_media":3146,"comment_status":"open","ping_status":"open","sticky":false,"template":"","format":"standard","meta":{"_acf_changed":false,"_et_pb_use_builder":"","_et_pb_old_content":"","_et_gb_content_width":"","inline_featured_image":false,"footnotes":""},"categories":[125],"tags":[],"seus":[],"eixos":[],"class_list":["post-4329","post","type-post","status-publish","format-standard","has-post-thumbnail","hentry","category-noticias"],"acf":[],"yoast_head":"<!-- This site is optimized with the Yoast SEO plugin v27.4 - https:\/\/yoast.com\/product\/yoast-seo-wordpress\/ -->\n<title>Giving Tuesday | Noticia<\/title>\n<meta name=\"description\" content=\"El 2 de diciembre se celebra el Giving Tuesday 2020, un d\u00eda para ser solidarios y celebrar la acci\u00f3n de dar.\" \/>\n<meta name=\"robots\" content=\"index, follow, max-snippet:-1, max-image-preview:large, max-video-preview:-1\" \/>\n<link rel=\"canonical\" href=\"https:\/\/www.casaldelsinfants.org\/es\/actualidad\/giving-tuesday-un-dia-para-ser-solidarios\/\" \/>\n<meta property=\"og:locale\" content=\"es_ES\" \/>\n<meta property=\"og:type\" content=\"article\" \/>\n<meta property=\"og:title\" content=\"Giving Tuesday | Noticia\" \/>\n<meta property=\"og:description\" content=\"El 2 de diciembre se celebra el Giving Tuesday 2020, un d\u00eda para ser solidarios y celebrar la acci\u00f3n de dar.\" \/>\n<meta property=\"og:url\" content=\"https:\/\/www.casaldelsinfants.org\/es\/actualidad\/giving-tuesday-un-dia-para-ser-solidarios\/\" \/>\n<meta property=\"og:site_name\" content=\"Casal dels Infants\" \/>\n<meta property=\"article:publisher\" content=\"https:\/\/www.facebook.com\/casalinfants\" \/>\n<meta property=\"article:published_time\" content=\"2020-11-25T13:35:17+00:00\" \/>\n<meta property=\"article:modified_time\" content=\"2023-05-01T15:48:51+00:00\" \/>\n<meta property=\"og:image\" content=\"https:\/\/www.casaldelsinfants.org\/wp-content\/uploads\/casal_dels_infants_giving_tuesday.jpg\" \/>\n\t<meta property=\"og:image:width\" content=\"2560\" \/>\n\t<meta property=\"og:image:height\" content=\"1810\" \/>\n\t<meta property=\"og:image:type\" content=\"image\/jpeg\" \/>\n<meta name=\"author\" content=\"cdiAdmin\" \/>\n<meta name=\"twitter:card\" content=\"summary_large_image\" \/>\n<meta name=\"twitter:creator\" content=\"@casalinfants\" \/>\n<meta name=\"twitter:site\" content=\"@casalinfants\" \/>\n<meta name=\"twitter:label1\" content=\"Escrito por\" \/>\n\t<meta name=\"twitter:data1\" content=\"cdiAdmin\" \/>\n\t<meta name=\"twitter:label2\" content=\"Tiempo de lectura\" \/>\n\t<meta name=\"twitter:data2\" content=\"4 minutos\" \/>\n<script type=\"application\/ld+json\" class=\"yoast-schema-graph\">{\"@context\":\"https:\\\/\\\/schema.org\",\"@graph\":[{\"@type\":\"Article\",\"@id\":\"https:\\\/\\\/www.casaldelsinfants.org\\\/es\\\/actualidad\\\/giving-tuesday-un-dia-para-ser-solidarios\\\/#article\",\"isPartOf\":{\"@id\":\"https:\\\/\\\/www.casaldelsinfants.org\\\/es\\\/actualidad\\\/giving-tuesday-un-dia-para-ser-solidarios\\\/\"},\"author\":{\"name\":\"cdiAdmin\",\"@id\":\"https:\\\/\\\/www.casaldelsinfants.org\\\/es\\\/#\\\/schema\\\/person\\\/97707fc8c64900cf36891127dbf9fba8\"},\"headline\":\"Giving Tuesday: un d\u00eda para ser solidarios\",\"datePublished\":\"2020-11-25T13:35:17+00:00\",\"dateModified\":\"2023-05-01T15:48:51+00:00\",\"mainEntityOfPage\":{\"@id\":\"https:\\\/\\\/www.casaldelsinfants.org\\\/es\\\/actualidad\\\/giving-tuesday-un-dia-para-ser-solidarios\\\/\"},\"wordCount\":790,\"commentCount\":0,\"publisher\":{\"@id\":\"https:\\\/\\\/www.casaldelsinfants.org\\\/es\\\/#organization\"},\"image\":{\"@id\":\"https:\\\/\\\/www.casaldelsinfants.org\\\/es\\\/actualidad\\\/giving-tuesday-un-dia-para-ser-solidarios\\\/#primaryimage\"},\"thumbnailUrl\":\"https:\\\/\\\/www.casaldelsinfants.org\\\/wp-content\\\/uploads\\\/casal_dels_infants_giving_tuesday.jpg\",\"articleSection\":[\"Noticia\"],\"inLanguage\":\"es\",\"potentialAction\":[{\"@type\":\"CommentAction\",\"name\":\"Comment\",\"target\":[\"https:\\\/\\\/www.casaldelsinfants.org\\\/es\\\/actualidad\\\/giving-tuesday-un-dia-para-ser-solidarios\\\/#respond\"]}]},{\"@type\":\"WebPage\",\"@id\":\"https:\\\/\\\/www.casaldelsinfants.org\\\/es\\\/actualidad\\\/giving-tuesday-un-dia-para-ser-solidarios\\\/\",\"url\":\"https:\\\/\\\/www.casaldelsinfants.org\\\/es\\\/actualidad\\\/giving-tuesday-un-dia-para-ser-solidarios\\\/\",\"name\":\"Giving Tuesday | Noticia\",\"isPartOf\":{\"@id\":\"https:\\\/\\\/www.casaldelsinfants.org\\\/es\\\/#website\"},\"primaryImageOfPage\":{\"@id\":\"https:\\\/\\\/www.casaldelsinfants.org\\\/es\\\/actualidad\\\/giving-tuesday-un-dia-para-ser-solidarios\\\/#primaryimage\"},\"image\":{\"@id\":\"https:\\\/\\\/www.casaldelsinfants.org\\\/es\\\/actualidad\\\/giving-tuesday-un-dia-para-ser-solidarios\\\/#primaryimage\"},\"thumbnailUrl\":\"https:\\\/\\\/www.casaldelsinfants.org\\\/wp-content\\\/uploads\\\/casal_dels_infants_giving_tuesday.jpg\",\"datePublished\":\"2020-11-25T13:35:17+00:00\",\"dateModified\":\"2023-05-01T15:48:51+00:00\",\"description\":\"El 2 de diciembre se celebra el Giving Tuesday 2020, un d\u00eda para ser solidarios y celebrar la acci\u00f3n de dar.\",\"breadcrumb\":{\"@id\":\"https:\\\/\\\/www.casaldelsinfants.org\\\/es\\\/actualidad\\\/giving-tuesday-un-dia-para-ser-solidarios\\\/#breadcrumb\"},\"inLanguage\":\"es\",\"potentialAction\":[{\"@type\":\"ReadAction\",\"target\":[\"https:\\\/\\\/www.casaldelsinfants.org\\\/es\\\/actualidad\\\/giving-tuesday-un-dia-para-ser-solidarios\\\/\"]}]},{\"@type\":\"ImageObject\",\"inLanguage\":\"es\",\"@id\":\"https:\\\/\\\/www.casaldelsinfants.org\\\/es\\\/actualidad\\\/giving-tuesday-un-dia-para-ser-solidarios\\\/#primaryimage\",\"url\":\"https:\\\/\\\/www.casaldelsinfants.org\\\/wp-content\\\/uploads\\\/casal_dels_infants_giving_tuesday.jpg\",\"contentUrl\":\"https:\\\/\\\/www.casaldelsinfants.org\\\/wp-content\\\/uploads\\\/casal_dels_infants_giving_tuesday.jpg\",\"width\":2560,\"height\":1810,\"caption\":\"Cartell giving tuesday\"},{\"@type\":\"BreadcrumbList\",\"@id\":\"https:\\\/\\\/www.casaldelsinfants.org\\\/es\\\/actualidad\\\/giving-tuesday-un-dia-para-ser-solidarios\\\/#breadcrumb\",\"itemListElement\":[{\"@type\":\"ListItem\",\"position\":1,\"name\":\"Inici\",\"item\":\"https:\\\/\\\/www.casaldelsinfants.org\\\/es\\\/\"},{\"@type\":\"ListItem\",\"position\":2,\"name\":\"Giving Tuesday: un d\u00eda para ser solidarios\"}]},{\"@type\":\"WebSite\",\"@id\":\"https:\\\/\\\/www.casaldelsinfants.org\\\/es\\\/#website\",\"url\":\"https:\\\/\\\/www.casaldelsinfants.org\\\/es\\\/\",\"name\":\"Casal dels Infants\",\"description\":\"\",\"publisher\":{\"@id\":\"https:\\\/\\\/www.casaldelsinfants.org\\\/es\\\/#organization\"},\"potentialAction\":[{\"@type\":\"SearchAction\",\"target\":{\"@type\":\"EntryPoint\",\"urlTemplate\":\"https:\\\/\\\/www.casaldelsinfants.org\\\/es\\\/?s={search_term_string}\"},\"query-input\":{\"@type\":\"PropertyValueSpecification\",\"valueRequired\":true,\"valueName\":\"search_term_string\"}}],\"inLanguage\":\"es\"},{\"@type\":\"Organization\",\"@id\":\"https:\\\/\\\/www.casaldelsinfants.org\\\/es\\\/#organization\",\"name\":\"Casal dels Infants\",\"url\":\"https:\\\/\\\/www.casaldelsinfants.org\\\/es\\\/\",\"logo\":{\"@type\":\"ImageObject\",\"inLanguage\":\"es\",\"@id\":\"https:\\\/\\\/www.casaldelsinfants.org\\\/es\\\/#\\\/schema\\\/logo\\\/image\\\/\",\"url\":\"https:\\\/\\\/www.casaldelsinfants.org\\\/wp-content\\\/uploads\\\/logo-mail.png\",\"contentUrl\":\"https:\\\/\\\/www.casaldelsinfants.org\\\/wp-content\\\/uploads\\\/logo-mail.png\",\"width\":380,\"height\":158,\"caption\":\"Casal dels Infants\"},\"image\":{\"@id\":\"https:\\\/\\\/www.casaldelsinfants.org\\\/es\\\/#\\\/schema\\\/logo\\\/image\\\/\"},\"sameAs\":[\"https:\\\/\\\/www.facebook.com\\\/casalinfants\",\"https:\\\/\\\/x.com\\\/casalinfants\",\"https:\\\/\\\/www.youtube.com\\\/user\\\/CasaldelsInfants1\",\"https:\\\/\\\/www.instagram.com\\\/casalinfants\\\/\",\"https:\\\/\\\/www.linkedin.com\\\/company\\\/casaldelsinfants?trk=organization-update_share-update_actor-text\"]},{\"@type\":\"Person\",\"@id\":\"https:\\\/\\\/www.casaldelsinfants.org\\\/es\\\/#\\\/schema\\\/person\\\/97707fc8c64900cf36891127dbf9fba8\",\"name\":\"cdiAdmin\",\"sameAs\":[\"https:\\\/\\\/casaldelsinfants.org\"]}]}<\/script>\n<!-- \/ Yoast SEO plugin. -->","yoast_head_json":{"title":"Giving Tuesday | Noticia","description":"El 2 de diciembre se celebra el Giving Tuesday 2020, un d\u00eda para ser solidarios y celebrar la acci\u00f3n de dar.","robots":{"index":"index","follow":"follow","max-snippet":"max-snippet:-1","max-image-preview":"max-image-preview:large","max-video-preview":"max-video-preview:-1"},"canonical":"https:\/\/www.casaldelsinfants.org\/es\/actualidad\/giving-tuesday-un-dia-para-ser-solidarios\/","og_locale":"es_ES","og_type":"article","og_title":"Giving Tuesday | Noticia","og_description":"El 2 de diciembre se celebra el Giving Tuesday 2020, un d\u00eda para ser solidarios y celebrar la acci\u00f3n de dar.","og_url":"https:\/\/www.casaldelsinfants.org\/es\/actualidad\/giving-tuesday-un-dia-para-ser-solidarios\/","og_site_name":"Casal dels Infants","article_publisher":"https:\/\/www.facebook.com\/casalinfants","article_published_time":"2020-11-25T13:35:17+00:00","article_modified_time":"2023-05-01T15:48:51+00:00","og_image":[{"width":2560,"height":1810,"url":"https:\/\/www.casaldelsinfants.org\/wp-content\/uploads\/casal_dels_infants_giving_tuesday.jpg","type":"image\/jpeg"}],"author":"cdiAdmin","twitter_card":"summary_large_image","twitter_creator":"@casalinfants","twitter_site":"@casalinfants","twitter_misc":{"Escrito por":"cdiAdmin","Tiempo de lectura":"4 minutos"},"schema":{"@context":"https:\/\/schema.org","@graph":[{"@type":"Article","@id":"https:\/\/www.casaldelsinfants.org\/es\/actualidad\/giving-tuesday-un-dia-para-ser-solidarios\/#article","isPartOf":{"@id":"https:\/\/www.casaldelsinfants.org\/es\/actualidad\/giving-tuesday-un-dia-para-ser-solidarios\/"},"author":{"name":"cdiAdmin","@id":"https:\/\/www.casaldelsinfants.org\/es\/#\/schema\/person\/97707fc8c64900cf36891127dbf9fba8"},"headline":"Giving Tuesday: un d\u00eda para ser solidarios","datePublished":"2020-11-25T13:35:17+00:00","dateModified":"2023-05-01T15:48:51+00:00","mainEntityOfPage":{"@id":"https:\/\/www.casaldelsinfants.org\/es\/actualidad\/giving-tuesday-un-dia-para-ser-solidarios\/"},"wordCount":790,"commentCount":0,"publisher":{"@id":"https:\/\/www.casaldelsinfants.org\/es\/#organization"},"image":{"@id":"https:\/\/www.casaldelsinfants.org\/es\/actualidad\/giving-tuesday-un-dia-para-ser-solidarios\/#primaryimage"},"thumbnailUrl":"https:\/\/www.casaldelsinfants.org\/wp-content\/uploads\/casal_dels_infants_giving_tuesday.jpg","articleSection":["Noticia"],"inLanguage":"es","potentialAction":[{"@type":"CommentAction","name":"Comment","target":["https:\/\/www.casaldelsinfants.org\/es\/actualidad\/giving-tuesday-un-dia-para-ser-solidarios\/#respond"]}]},{"@type":"WebPage","@id":"https:\/\/www.casaldelsinfants.org\/es\/actualidad\/giving-tuesday-un-dia-para-ser-solidarios\/","url":"https:\/\/www.casaldelsinfants.org\/es\/actualidad\/giving-tuesday-un-dia-para-ser-solidarios\/","name":"Giving Tuesday | Noticia","isPartOf":{"@id":"https:\/\/www.casaldelsinfants.org\/es\/#website"},"primaryImageOfPage":{"@id":"https:\/\/www.casaldelsinfants.org\/es\/actualidad\/giving-tuesday-un-dia-para-ser-solidarios\/#primaryimage"},"image":{"@id":"https:\/\/www.casaldelsinfants.org\/es\/actualidad\/giving-tuesday-un-dia-para-ser-solidarios\/#primaryimage"},"thumbnailUrl":"https:\/\/www.casaldelsinfants.org\/wp-content\/uploads\/casal_dels_infants_giving_tuesday.jpg","datePublished":"2020-11-25T13:35:17+00:00","dateModified":"2023-05-01T15:48:51+00:00","description":"El 2 de diciembre se celebra el Giving Tuesday 2020, un d\u00eda para ser solidarios y celebrar la acci\u00f3n de dar.","breadcrumb":{"@id":"https:\/\/www.casaldelsinfants.org\/es\/actualidad\/giving-tuesday-un-dia-para-ser-solidarios\/#breadcrumb"},"inLanguage":"es","potentialAction":[{"@type":"ReadAction","target":["https:\/\/www.casaldelsinfants.org\/es\/actualidad\/giving-tuesday-un-dia-para-ser-solidarios\/"]}]},{"@type":"ImageObject","inLanguage":"es","@id":"https:\/\/www.casaldelsinfants.org\/es\/actualidad\/giving-tuesday-un-dia-para-ser-solidarios\/#primaryimage","url":"https:\/\/www.casaldelsinfants.org\/wp-content\/uploads\/casal_dels_infants_giving_tuesday.jpg","contentUrl":"https:\/\/www.casaldelsinfants.org\/wp-content\/uploads\/casal_dels_infants_giving_tuesday.jpg","width":2560,"height":1810,"caption":"Cartell giving tuesday"},{"@type":"BreadcrumbList","@id":"https:\/\/www.casaldelsinfants.org\/es\/actualidad\/giving-tuesday-un-dia-para-ser-solidarios\/#breadcrumb","itemListElement":[{"@type":"ListItem","position":1,"name":"Inici","item":"https:\/\/www.casaldelsinfants.org\/es\/"},{"@type":"ListItem","position":2,"name":"Giving Tuesday: un d\u00eda para ser solidarios"}]},{"@type":"WebSite","@id":"https:\/\/www.casaldelsinfants.org\/es\/#website","url":"https:\/\/www.casaldelsinfants.org\/es\/","name":"Casal dels Infants","description":"","publisher":{"@id":"https:\/\/www.casaldelsinfants.org\/es\/#organization"},"potentialAction":[{"@type":"SearchAction","target":{"@type":"EntryPoint","urlTemplate":"https:\/\/www.casaldelsinfants.org\/es\/?s={search_term_string}"},"query-input":{"@type":"PropertyValueSpecification","valueRequired":true,"valueName":"search_term_string"}}],"inLanguage":"es"},{"@type":"Organization","@id":"https:\/\/www.casaldelsinfants.org\/es\/#organization","name":"Casal dels Infants","url":"https:\/\/www.casaldelsinfants.org\/es\/","logo":{"@type":"ImageObject","inLanguage":"es","@id":"https:\/\/www.casaldelsinfants.org\/es\/#\/schema\/logo\/image\/","url":"https:\/\/www.casaldelsinfants.org\/wp-content\/uploads\/logo-mail.png","contentUrl":"https:\/\/www.casaldelsinfants.org\/wp-content\/uploads\/logo-mail.png","width":380,"height":158,"caption":"Casal dels Infants"},"image":{"@id":"https:\/\/www.casaldelsinfants.org\/es\/#\/schema\/logo\/image\/"},"sameAs":["https:\/\/www.facebook.com\/casalinfants","https:\/\/x.com\/casalinfants","https:\/\/www.youtube.com\/user\/CasaldelsInfants1","https:\/\/www.instagram.com\/casalinfants\/","https:\/\/www.linkedin.com\/company\/casaldelsinfants?trk=organization-update_share-update_actor-text"]},{"@type":"Person","@id":"https:\/\/www.casaldelsinfants.org\/es\/#\/schema\/person\/97707fc8c64900cf36891127dbf9fba8","name":"cdiAdmin","sameAs":["https:\/\/casaldelsinfants.org"]}]}},"publishpress_future_action":{"enabled":false,"date":"2026-05-08 19:01:15","action":"change-status","newStatus":"draft","terms":[],"taxonomy":"category","extraData":[]},"publishpress_future_workflow_manual_trigger":{"enabledWorkflows":[]},"_links":{"self":[{"href":"https:\/\/www.casaldelsinfants.org\/es\/wp-json\/wp\/v2\/posts\/4329","targetHints":{"allow":["GET"]}}],"collection":[{"href":"https:\/\/www.casaldelsinfants.org\/es\/wp-json\/wp\/v2\/posts"}],"about":[{"href":"https:\/\/www.casaldelsinfants.org\/es\/wp-json\/wp\/v2\/types\/post"}],"author":[{"embeddable":true,"href":"https:\/\/www.casaldelsinfants.org\/es\/wp-json\/wp\/v2\/users\/1"}],"replies":[{"embeddable":true,"href":"https:\/\/www.casaldelsinfants.org\/es\/wp-json\/wp\/v2\/comments?post=4329"}],"version-history":[{"count":1,"href":"https:\/\/www.casaldelsinfants.org\/es\/wp-json\/wp\/v2\/posts\/4329\/revisions"}],"predecessor-version":[{"id":6293,"href":"https:\/\/www.casaldelsinfants.org\/es\/wp-json\/wp\/v2\/posts\/4329\/revisions\/6293"}],"wp:featuredmedia":[{"embeddable":true,"href":"https:\/\/www.casaldelsinfants.org\/es\/wp-json\/wp\/v2\/media\/3146"}],"wp:attachment":[{"href":"https:\/\/www.casaldelsinfants.org\/es\/wp-json\/wp\/v2\/media?parent=4329"}],"wp:term":[{"taxonomy":"category","embeddable":true,"href":"https:\/\/www.casaldelsinfants.org\/es\/wp-json\/wp\/v2\/categories?post=4329"},{"taxonomy":"post_tag","embeddable":true,"href":"https:\/\/www.casaldelsinfants.org\/es\/wp-json\/wp\/v2\/tags?post=4329"},{"taxonomy":"seus","embeddable":true,"href":"https:\/\/www.casaldelsinfants.org\/es\/wp-json\/wp\/v2\/seus?post=4329"},{"taxonomy":"eixos","embeddable":true,"href":"https:\/\/www.casaldelsinfants.org\/es\/wp-json\/wp\/v2\/eixos?post=4329"}],"curies":[{"name":"wp","href":"https:\/\/api.w.org\/{rel}","templated":true}]}}