{"id":4331,"date":"2020-11-20T10:50:15","date_gmt":"2020-11-20T08:50:15","guid":{"rendered":"https:\/\/casal.puntzero.cat\/noticies\/competencies-tic-contra-la-bretxa-digital\/"},"modified":"2022-08-17T11:18:12","modified_gmt":"2022-08-17T09:18:12","slug":"competencies-tic-contra-la-bretxa-digital","status":"publish","type":"post","link":"https:\/\/www.casaldelsinfants.org\/es\/actualidad\/competencias-tic-contra-la-brecha-digital\/","title":{"rendered":"Competencias TIC contra la brecha digital"},"content":{"rendered":"<p style=\"text-align:justify; margin:0cm 0cm 10pt\">La brecha digital viene de lejos, pero se ha visibilizado con el confinamiento: los ni\u00f1os y ni\u00f1as en casa ten\u00edan dificultades para hacer las tareas de la escula, las familias no consegu\u00edan ayudarlos, padres y madres que no pod\u00edan tramitar prestaciones urgentes porque no pod\u00edan hacer la solicitud telem\u00e1tica, un uso poco saludable de las pantallas de los m\u00e1s peque\u00f1os y peque\u00f1as&#8230;<\/p>\n<p style=\"text-align:justify; margin:0cm 0cm 10pt\">Para ponerle remedio, TecCasal es una prueba piloto que hemos impulsado este curso en el barrio del Raval, con el objetivo de acabarla aplicando en todos los barrios donde actuamos, y que tiene por ojbetivo dotar de competencias digitales a los ni\u00f1os, ni\u00f1as y familias que acompa\u00f1amos.<\/p>\n<p style=\"text-align:justify; margin:0cm 0cm 10pt\">Desde septiembre estamos realizando c\u00e1psulas formativas a padres y madres, divididas en cuatro bloques: alfabetizaci\u00f3n digital (familiarizarse con los dispositivos y adquirir competencias b\u00e1sicas), educaci\u00f3n (entender y utilizar las herramientas que usan los centros educativos para obtener un mayor conocimiento de la escuela y poder acompa\u00f1ar a los ni\u00f1os y ni\u00f1as en el proceso de aprendizaje) y participaci\u00f3n (el uso de las herramientas digitales para entrar en contacto o formar comunidades a partir de intereses o realidades comunas, en el entorno f\u00edsico o virtual, y vehicular propuestas y reivindicaciones de mejora social).<\/p>\n<p style=\"text-align:justify; margin:0cm 0cm 10pt\">En cuanto a los ni\u00f1os y ni\u00f1as, tambi\u00e9n reciben una formaci\u00f3n en competencias b\u00e1sicas adaptada a sus edades y necesidades, se les imparte una c\u00e1psula para hacer un uso m\u00e1s eficiente y responsable de las redes sociales y, por \u00faltimo, tambi\u00e9n profundizan en el conocimiento y uso de las plataformas educativas de los centros educativos. En este \u00faltimo \u00e1mbito, realizamos c\u00e1psulas formativas conjuntamente con ni\u00f1os, ni\u00f1as y familias para que se habit\u00faen a usar herramientas como Moodle o Google Classroom, fortaleciendo as\u00ed el apoyo familiar en los estudios.<\/p>\n<p style=\"text-align:justify; margin:0cm 0cm 10pt\">TecCasal, pues, quiere ser una herramienta para combatir las desigualdades educativas, que se han agrandado con el confinamiento. Es tambi\u00e9n una puerta abierta para quitar muchos miedos a las familias, que se familiarizan con gestiones telem\u00e1ticas que facilitan su d\u00eda a d\u00eda: pedir hora en el m\u00e9dico, solicitar una tarjeta de transporte para sus hijos, renovar el NIE, tramitar una prestaci\u00f3n a distancia&#8230; Y por \u00faltimo, es una oportunidad para fortalecer la red comunitaria y de apoyo mutuo que se crea alrededor del Casla: que las familias se puedan mantener conectas cuando salen del Casal, que tengan nuevos espacios de encuentro y organizarse mejor para hacer actividades en el barrio.<\/p>\n<p style=\"text-align:justify; margin:0cm 0cm 10pt\">Para sacar adelante la estrategia TecCasal hemos contado con el apoyo de la Fundaci\u00f3 MACBA, y nuestro objetivo es sumar colaboraciones de empresas e iniciativas vinculadas al sector de las TIC que puedan reforzar la digitalizaci\u00f3n de nuestros servicios en todos los barrios donde actuamos.<\/p>\n<blockquote>\n<p style=\"text-align:justify; margin:0cm 0cm 10pt\">\u00bfC\u00f3mo puedes ayudarnos a digitalizar nuestros servicios?<\/p>\n<p style=\"text-align:justify; margin:0cm 0cm 10pt\">Haz un donativo:\u00a0<a href=\"https:\/\/www.casaldelsinfants.org\/es\/que-puedes-hacer-tu\/haz-un-donativo\/\">https:\/\/www.casaldelsinfants.org\/es\/que-puedes-hacer-tu\/haz-un-donativo\/<\/a><\/p>\n<p style=\"text-align:justify; margin:0cm 0cm 10pt\">Haz voluntariado:\u00a0<a href=\"https:\/\/www.casaldelsinfants.org\/es\/que-puedes-hacer-tu\/voluntariado\/\">https:\/\/www.casaldelsinfants.org\/es\/que-puedes-hacer-tu\/voluntariado\/<\/a><\/p>\n<\/blockquote>\n","protected":false},"excerpt":{"rendered":"<div class=\"video-embed-field-responsive-video form-group\"><iframe loading=\"lazy\" width=\"854\" height=\"480\" frameborder=\"0\" allowfullscreen=\"allowfullscreen\" src=\"https:\/\/www.youtube.com\/embed\/onoeNia3YM4?autoplay=0&amp;start=0&amp;rel=0\"><\/iframe>\n<\/div>\n<p class=\"text-align-center\">\u00a0<\/p>\n<p class=\"text-align-center\">No basta con garantizar una conexi\u00f3n a internet y hacer llegar dispositivos tecnol\u00f3gicos a los ni\u00f1os y ni\u00f1as y sus familias. Los \u00faltimos meses nos han demostrado que es necesario tambi\u00e9n que sepan utilizar estas herramientas, porque cada vez son m\u00e1s indispensables para que ejerzan sus derechos. Desde principios de curso estamos impulsando el TecCasal, una estrategia transversal de digitalizaci\u00f3n de nuestros servicios para profundizar en la formaci\u00f3n de la infancia y las familias en el \u00e1mbito de las tecnolog\u00edas de la informaci\u00f3n y la comunicaci\u00f3n.<\/p>\n","protected":false},"author":1,"featured_media":0,"comment_status":"open","ping_status":"open","sticky":false,"template":"","format":"standard","meta":{"_acf_changed":false,"_et_pb_use_builder":"","_et_pb_old_content":"","_et_gb_content_width":"","inline_featured_image":false,"footnotes":""},"categories":[105],"tags":[],"seus":[],"eixos":[110],"class_list":["post-4331","post","type-post","status-publish","format-standard","hentry","category-reportaje","eixos-comunidad-casal-dels-infants"],"acf":[],"yoast_head":"<!-- This site is optimized with the Yoast SEO plugin v27.4 - https:\/\/yoast.com\/product\/yoast-seo-wordpress\/ -->\n<title>Competencias TIC contra la brecha digital - Casal dels Infants<\/title>\n<meta name=\"robots\" content=\"index, follow, max-snippet:-1, max-image-preview:large, max-video-preview:-1\" \/>\n<link rel=\"canonical\" href=\"https:\/\/www.casaldelsinfants.org\/es\/actualidad\/competencias-tic-contra-la-brecha-digital\/\" \/>\n<meta property=\"og:locale\" content=\"es_ES\" \/>\n<meta property=\"og:type\" content=\"article\" \/>\n<meta property=\"og:title\" content=\"Competencias TIC contra la brecha digital - Casal dels Infants\" \/>\n<meta property=\"og:description\" content=\"\u00a0 No basta con garantizar una conexi\u00f3n a internet y hacer llegar dispositivos tecnol\u00f3gicos a los ni\u00f1os y ni\u00f1as y sus familias. Los \u00faltimos meses nos han demostrado que es necesario tambi\u00e9n que sepan utilizar estas herramientas, porque cada vez son m\u00e1s indispensables para que ejerzan sus derechos. Desde principios de curso estamos impulsando el TecCasal, una estrategia transversal de digitalizaci\u00f3n de nuestros servicios para profundizar en la formaci\u00f3n de la infancia y las familias en el \u00e1mbito de las tecnolog\u00edas de la informaci\u00f3n y la comunicaci\u00f3n.\" \/>\n<meta property=\"og:url\" content=\"https:\/\/www.casaldelsinfants.org\/es\/actualidad\/competencias-tic-contra-la-brecha-digital\/\" \/>\n<meta property=\"og:site_name\" content=\"Casal dels Infants\" \/>\n<meta property=\"article:publisher\" content=\"https:\/\/www.facebook.com\/casalinfants\" \/>\n<meta property=\"article:published_time\" content=\"2020-11-20T08:50:15+00:00\" \/>\n<meta property=\"article:modified_time\" content=\"2022-08-17T09:18:12+00:00\" \/>\n<meta name=\"author\" content=\"cdiAdmin\" \/>\n<meta name=\"twitter:card\" content=\"summary_large_image\" \/>\n<meta name=\"twitter:creator\" content=\"@casalinfants\" \/>\n<meta name=\"twitter:site\" content=\"@casalinfants\" \/>\n<meta name=\"twitter:label1\" content=\"Escrito por\" \/>\n\t<meta name=\"twitter:data1\" content=\"cdiAdmin\" \/>\n\t<meta name=\"twitter:label2\" content=\"Tiempo de lectura\" \/>\n\t<meta name=\"twitter:data2\" content=\"3 minutos\" \/>\n<script type=\"application\/ld+json\" class=\"yoast-schema-graph\">{\"@context\":\"https:\\\/\\\/schema.org\",\"@graph\":[{\"@type\":\"Article\",\"@id\":\"https:\\\/\\\/www.casaldelsinfants.org\\\/es\\\/actualidad\\\/competencias-tic-contra-la-brecha-digital\\\/#article\",\"isPartOf\":{\"@id\":\"https:\\\/\\\/www.casaldelsinfants.org\\\/es\\\/actualidad\\\/competencias-tic-contra-la-brecha-digital\\\/\"},\"author\":{\"name\":\"cdiAdmin\",\"@id\":\"https:\\\/\\\/www.casaldelsinfants.org\\\/es\\\/#\\\/schema\\\/person\\\/97707fc8c64900cf36891127dbf9fba8\"},\"headline\":\"Competencias TIC contra la brecha digital\",\"datePublished\":\"2020-11-20T08:50:15+00:00\",\"dateModified\":\"2022-08-17T09:18:12+00:00\",\"mainEntityOfPage\":{\"@id\":\"https:\\\/\\\/www.casaldelsinfants.org\\\/es\\\/actualidad\\\/competencias-tic-contra-la-brecha-digital\\\/\"},\"wordCount\":518,\"commentCount\":0,\"publisher\":{\"@id\":\"https:\\\/\\\/www.casaldelsinfants.org\\\/es\\\/#organization\"},\"articleSection\":[\"Reportaje\"],\"inLanguage\":\"es\",\"potentialAction\":[{\"@type\":\"CommentAction\",\"name\":\"Comment\",\"target\":[\"https:\\\/\\\/www.casaldelsinfants.org\\\/es\\\/actualidad\\\/competencias-tic-contra-la-brecha-digital\\\/#respond\"]}]},{\"@type\":\"WebPage\",\"@id\":\"https:\\\/\\\/www.casaldelsinfants.org\\\/es\\\/actualidad\\\/competencias-tic-contra-la-brecha-digital\\\/\",\"url\":\"https:\\\/\\\/www.casaldelsinfants.org\\\/es\\\/actualidad\\\/competencias-tic-contra-la-brecha-digital\\\/\",\"name\":\"Competencias TIC contra la brecha digital - Casal dels Infants\",\"isPartOf\":{\"@id\":\"https:\\\/\\\/www.casaldelsinfants.org\\\/es\\\/#website\"},\"datePublished\":\"2020-11-20T08:50:15+00:00\",\"dateModified\":\"2022-08-17T09:18:12+00:00\",\"breadcrumb\":{\"@id\":\"https:\\\/\\\/www.casaldelsinfants.org\\\/es\\\/actualidad\\\/competencias-tic-contra-la-brecha-digital\\\/#breadcrumb\"},\"inLanguage\":\"es\",\"potentialAction\":[{\"@type\":\"ReadAction\",\"target\":[\"https:\\\/\\\/www.casaldelsinfants.org\\\/es\\\/actualidad\\\/competencias-tic-contra-la-brecha-digital\\\/\"]}]},{\"@type\":\"BreadcrumbList\",\"@id\":\"https:\\\/\\\/www.casaldelsinfants.org\\\/es\\\/actualidad\\\/competencias-tic-contra-la-brecha-digital\\\/#breadcrumb\",\"itemListElement\":[{\"@type\":\"ListItem\",\"position\":1,\"name\":\"Inici\",\"item\":\"https:\\\/\\\/www.casaldelsinfants.org\\\/es\\\/\"},{\"@type\":\"ListItem\",\"position\":2,\"name\":\"Competencias TIC contra la brecha digital\"}]},{\"@type\":\"WebSite\",\"@id\":\"https:\\\/\\\/www.casaldelsinfants.org\\\/es\\\/#website\",\"url\":\"https:\\\/\\\/www.casaldelsinfants.org\\\/es\\\/\",\"name\":\"Casal dels Infants\",\"description\":\"\",\"publisher\":{\"@id\":\"https:\\\/\\\/www.casaldelsinfants.org\\\/es\\\/#organization\"},\"potentialAction\":[{\"@type\":\"SearchAction\",\"target\":{\"@type\":\"EntryPoint\",\"urlTemplate\":\"https:\\\/\\\/www.casaldelsinfants.org\\\/es\\\/?s={search_term_string}\"},\"query-input\":{\"@type\":\"PropertyValueSpecification\",\"valueRequired\":true,\"valueName\":\"search_term_string\"}}],\"inLanguage\":\"es\"},{\"@type\":\"Organization\",\"@id\":\"https:\\\/\\\/www.casaldelsinfants.org\\\/es\\\/#organization\",\"name\":\"Casal dels Infants\",\"url\":\"https:\\\/\\\/www.casaldelsinfants.org\\\/es\\\/\",\"logo\":{\"@type\":\"ImageObject\",\"inLanguage\":\"es\",\"@id\":\"https:\\\/\\\/www.casaldelsinfants.org\\\/es\\\/#\\\/schema\\\/logo\\\/image\\\/\",\"url\":\"https:\\\/\\\/www.casaldelsinfants.org\\\/wp-content\\\/uploads\\\/logo-mail.png\",\"contentUrl\":\"https:\\\/\\\/www.casaldelsinfants.org\\\/wp-content\\\/uploads\\\/logo-mail.png\",\"width\":380,\"height\":158,\"caption\":\"Casal dels Infants\"},\"image\":{\"@id\":\"https:\\\/\\\/www.casaldelsinfants.org\\\/es\\\/#\\\/schema\\\/logo\\\/image\\\/\"},\"sameAs\":[\"https:\\\/\\\/www.facebook.com\\\/casalinfants\",\"https:\\\/\\\/x.com\\\/casalinfants\",\"https:\\\/\\\/www.youtube.com\\\/user\\\/CasaldelsInfants1\",\"https:\\\/\\\/www.instagram.com\\\/casalinfants\\\/\",\"https:\\\/\\\/www.linkedin.com\\\/company\\\/casaldelsinfants?trk=organization-update_share-update_actor-text\"]},{\"@type\":\"Person\",\"@id\":\"https:\\\/\\\/www.casaldelsinfants.org\\\/es\\\/#\\\/schema\\\/person\\\/97707fc8c64900cf36891127dbf9fba8\",\"name\":\"cdiAdmin\",\"sameAs\":[\"https:\\\/\\\/casaldelsinfants.org\"]}]}<\/script>\n<!-- \/ Yoast SEO plugin. -->","yoast_head_json":{"title":"Competencias TIC contra la brecha digital - Casal dels Infants","robots":{"index":"index","follow":"follow","max-snippet":"max-snippet:-1","max-image-preview":"max-image-preview:large","max-video-preview":"max-video-preview:-1"},"canonical":"https:\/\/www.casaldelsinfants.org\/es\/actualidad\/competencias-tic-contra-la-brecha-digital\/","og_locale":"es_ES","og_type":"article","og_title":"Competencias TIC contra la brecha digital - Casal dels Infants","og_description":"\u00a0 No basta con garantizar una conexi\u00f3n a internet y hacer llegar dispositivos tecnol\u00f3gicos a los ni\u00f1os y ni\u00f1as y sus familias. Los \u00faltimos meses nos han demostrado que es necesario tambi\u00e9n que sepan utilizar estas herramientas, porque cada vez son m\u00e1s indispensables para que ejerzan sus derechos. Desde principios de curso estamos impulsando el TecCasal, una estrategia transversal de digitalizaci\u00f3n de nuestros servicios para profundizar en la formaci\u00f3n de la infancia y las familias en el \u00e1mbito de las tecnolog\u00edas de la informaci\u00f3n y la comunicaci\u00f3n.","og_url":"https:\/\/www.casaldelsinfants.org\/es\/actualidad\/competencias-tic-contra-la-brecha-digital\/","og_site_name":"Casal dels Infants","article_publisher":"https:\/\/www.facebook.com\/casalinfants","article_published_time":"2020-11-20T08:50:15+00:00","article_modified_time":"2022-08-17T09:18:12+00:00","author":"cdiAdmin","twitter_card":"summary_large_image","twitter_creator":"@casalinfants","twitter_site":"@casalinfants","twitter_misc":{"Escrito por":"cdiAdmin","Tiempo de lectura":"3 minutos"},"schema":{"@context":"https:\/\/schema.org","@graph":[{"@type":"Article","@id":"https:\/\/www.casaldelsinfants.org\/es\/actualidad\/competencias-tic-contra-la-brecha-digital\/#article","isPartOf":{"@id":"https:\/\/www.casaldelsinfants.org\/es\/actualidad\/competencias-tic-contra-la-brecha-digital\/"},"author":{"name":"cdiAdmin","@id":"https:\/\/www.casaldelsinfants.org\/es\/#\/schema\/person\/97707fc8c64900cf36891127dbf9fba8"},"headline":"Competencias TIC contra la brecha digital","datePublished":"2020-11-20T08:50:15+00:00","dateModified":"2022-08-17T09:18:12+00:00","mainEntityOfPage":{"@id":"https:\/\/www.casaldelsinfants.org\/es\/actualidad\/competencias-tic-contra-la-brecha-digital\/"},"wordCount":518,"commentCount":0,"publisher":{"@id":"https:\/\/www.casaldelsinfants.org\/es\/#organization"},"articleSection":["Reportaje"],"inLanguage":"es","potentialAction":[{"@type":"CommentAction","name":"Comment","target":["https:\/\/www.casaldelsinfants.org\/es\/actualidad\/competencias-tic-contra-la-brecha-digital\/#respond"]}]},{"@type":"WebPage","@id":"https:\/\/www.casaldelsinfants.org\/es\/actualidad\/competencias-tic-contra-la-brecha-digital\/","url":"https:\/\/www.casaldelsinfants.org\/es\/actualidad\/competencias-tic-contra-la-brecha-digital\/","name":"Competencias TIC contra la brecha digital - Casal dels Infants","isPartOf":{"@id":"https:\/\/www.casaldelsinfants.org\/es\/#website"},"datePublished":"2020-11-20T08:50:15+00:00","dateModified":"2022-08-17T09:18:12+00:00","breadcrumb":{"@id":"https:\/\/www.casaldelsinfants.org\/es\/actualidad\/competencias-tic-contra-la-brecha-digital\/#breadcrumb"},"inLanguage":"es","potentialAction":[{"@type":"ReadAction","target":["https:\/\/www.casaldelsinfants.org\/es\/actualidad\/competencias-tic-contra-la-brecha-digital\/"]}]},{"@type":"BreadcrumbList","@id":"https:\/\/www.casaldelsinfants.org\/es\/actualidad\/competencias-tic-contra-la-brecha-digital\/#breadcrumb","itemListElement":[{"@type":"ListItem","position":1,"name":"Inici","item":"https:\/\/www.casaldelsinfants.org\/es\/"},{"@type":"ListItem","position":2,"name":"Competencias TIC contra la brecha digital"}]},{"@type":"WebSite","@id":"https:\/\/www.casaldelsinfants.org\/es\/#website","url":"https:\/\/www.casaldelsinfants.org\/es\/","name":"Casal dels Infants","description":"","publisher":{"@id":"https:\/\/www.casaldelsinfants.org\/es\/#organization"},"potentialAction":[{"@type":"SearchAction","target":{"@type":"EntryPoint","urlTemplate":"https:\/\/www.casaldelsinfants.org\/es\/?s={search_term_string}"},"query-input":{"@type":"PropertyValueSpecification","valueRequired":true,"valueName":"search_term_string"}}],"inLanguage":"es"},{"@type":"Organization","@id":"https:\/\/www.casaldelsinfants.org\/es\/#organization","name":"Casal dels Infants","url":"https:\/\/www.casaldelsinfants.org\/es\/","logo":{"@type":"ImageObject","inLanguage":"es","@id":"https:\/\/www.casaldelsinfants.org\/es\/#\/schema\/logo\/image\/","url":"https:\/\/www.casaldelsinfants.org\/wp-content\/uploads\/logo-mail.png","contentUrl":"https:\/\/www.casaldelsinfants.org\/wp-content\/uploads\/logo-mail.png","width":380,"height":158,"caption":"Casal dels Infants"},"image":{"@id":"https:\/\/www.casaldelsinfants.org\/es\/#\/schema\/logo\/image\/"},"sameAs":["https:\/\/www.facebook.com\/casalinfants","https:\/\/x.com\/casalinfants","https:\/\/www.youtube.com\/user\/CasaldelsInfants1","https:\/\/www.instagram.com\/casalinfants\/","https:\/\/www.linkedin.com\/company\/casaldelsinfants?trk=organization-update_share-update_actor-text"]},{"@type":"Person","@id":"https:\/\/www.casaldelsinfants.org\/es\/#\/schema\/person\/97707fc8c64900cf36891127dbf9fba8","name":"cdiAdmin","sameAs":["https:\/\/casaldelsinfants.org"]}]}},"publishpress_future_action":{"enabled":false,"date":"2026-05-09 04:57:17","action":"change-status","newStatus":"draft","terms":[],"taxonomy":"category","extraData":[]},"publishpress_future_workflow_manual_trigger":{"enabledWorkflows":[]},"_links":{"self":[{"href":"https:\/\/www.casaldelsinfants.org\/es\/wp-json\/wp\/v2\/posts\/4331","targetHints":{"allow":["GET"]}}],"collection":[{"href":"https:\/\/www.casaldelsinfants.org\/es\/wp-json\/wp\/v2\/posts"}],"about":[{"href":"https:\/\/www.casaldelsinfants.org\/es\/wp-json\/wp\/v2\/types\/post"}],"author":[{"embeddable":true,"href":"https:\/\/www.casaldelsinfants.org\/es\/wp-json\/wp\/v2\/users\/1"}],"replies":[{"embeddable":true,"href":"https:\/\/www.casaldelsinfants.org\/es\/wp-json\/wp\/v2\/comments?post=4331"}],"version-history":[{"count":1,"href":"https:\/\/www.casaldelsinfants.org\/es\/wp-json\/wp\/v2\/posts\/4331\/revisions"}],"predecessor-version":[{"id":6295,"href":"https:\/\/www.casaldelsinfants.org\/es\/wp-json\/wp\/v2\/posts\/4331\/revisions\/6295"}],"wp:attachment":[{"href":"https:\/\/www.casaldelsinfants.org\/es\/wp-json\/wp\/v2\/media?parent=4331"}],"wp:term":[{"taxonomy":"category","embeddable":true,"href":"https:\/\/www.casaldelsinfants.org\/es\/wp-json\/wp\/v2\/categories?post=4331"},{"taxonomy":"post_tag","embeddable":true,"href":"https:\/\/www.casaldelsinfants.org\/es\/wp-json\/wp\/v2\/tags?post=4331"},{"taxonomy":"seus","embeddable":true,"href":"https:\/\/www.casaldelsinfants.org\/es\/wp-json\/wp\/v2\/seus?post=4331"},{"taxonomy":"eixos","embeddable":true,"href":"https:\/\/www.casaldelsinfants.org\/es\/wp-json\/wp\/v2\/eixos?post=4331"}],"curies":[{"name":"wp","href":"https:\/\/api.w.org\/{rel}","templated":true}]}}