{"id":4335,"date":"2020-11-11T12:42:26","date_gmt":"2020-11-11T10:42:26","guid":{"rendered":"https:\/\/casal.puntzero.cat\/noticies\/el-casal-obert-dadolescents-de-salt-gaudeix-duns-dies-de-colonies-celra\/"},"modified":"2023-06-08T12:56:03","modified_gmt":"2023-06-08T10:56:03","slug":"el-casal-obert-dadolescents-de-salt-gaudeix-duns-dies-de-colonies-celra","status":"publish","type":"post","link":"https:\/\/www.casaldelsinfants.org\/es\/actualidad\/el-casal-obert-dadolescents-de-salt-disfruta-de-unos-dias-de-colonias\/","title":{"rendered":"El Casal Obert d\u2019Adolescents de Salt gaudeix d\u2019uns dies de col\u00f2nies a Celr\u00e0"},"content":{"rendered":"<p style=\"margin:0cm 0cm 10pt\"><span style=\"color:#000000;\"><span style=\"font-size:11pt\"><span style=\"line-height:115%\"><span style=\"font-family:Calibri,sans-serif\">Una vintena de nois i noies del <strong>Casal Obert d\u2019Adolescents<\/strong> (COA) del <strong>Casal dels Infants de Salt <\/strong>ha gaudit de tres dies de col\u00f2nies a la torre Desvern, al municipi de Celr\u00e0 (Giron\u00e8s), entre el 22 i el 24 de juliol.<\/span><\/span><\/span><\/span><\/p>\n<p style=\"margin:0cm 0cm 10pt\"><span style=\"color:#000000;\"><span style=\"font-size:11pt\"><span style=\"line-height:115%\"><span style=\"font-family:Calibri,sans-serif\">Han estat uns dies plens d\u2019activitats de lleure que han enfortit l\u2019autonomia de cada adolescent i la cohesi\u00f3 del grup, treballant valors com el suport mutu, la companyonia i el respecte per la natura. Els nois i noies han conegut\u00a0l&#8217;entorn natural de Celr\u00e0\u00a0fent excursions a la serra de les Gavarres, han organitzat una gimcana al casc hist\u00f2ric i s\u2019han refrescat a la piscina municipal per passar millor la calor, entre altres activitats.<\/span><\/span><\/span><\/span><\/p>\n<p style=\"margin:0cm 0cm 10pt\"><span style=\"color:#000000;\"><span style=\"font-size:11pt\"><span style=\"line-height:115%\"><span style=\"font-family:Calibri,sans-serif\">\u201cGaireb\u00e9 tot el que hem fet aquests tres dies ho han organitzat\u00a0els i les adolescents de forma autogestionada. S\u2019han encarregat de cuinar i d\u2019organitzar diferents activitats en grups petits per a la resta de companys i companyes, com tallers de percussi\u00f3 o una gimcana esportiva\u201d, explica l\u2019Alicia Pe\u00f1arroya, educadora del servei.<\/span><\/span><\/span><\/span><\/p>\n<p style=\"margin:0cm 0cm 10pt\"><span style=\"color:#000000;\"><span style=\"font-size:11pt\"><span style=\"line-height:115%\"><span style=\"font-family:Calibri,sans-serif\">Al Casal Obert d\u2019Adolescents de Salt han participat durant aquest curs <strong>32 nois i noies<\/strong>, que han compartit un espai de relaci\u00f3, participaci\u00f3, refor\u00e7 d&#8217;h\u00e0bits saludables\u00a0i suport en els estudis, amb l\u2019acompanyament de l\u2019equip educatiu del servei.<\/span><\/span><\/span><\/span><\/p>\n<blockquote>\n<p><span lang=\"CA\" style=\"font-size:11.0pt\" xml_lang=\"CA\"><span style=\"line-height:115%\"><span style=\"font-family:&quot;Calibri&quot;,&quot;sans-serif&quot;\">Amb el suport ec\u00f2nomic de <a href=\"https:\/\/www.dipsalut.cat\/\"><u>Dipsalut<\/u><\/a>, l\u2019Organisme de Salut P\u00fablica de la Diputaci\u00f3 de Girona.<\/span><\/span><\/span><\/p>\n<\/blockquote>\n","protected":false},"excerpt":{"rendered":"<p>Una vintena de nois i noies del Casal Obert d\u2019Adolescents (COA) del Casal dels Infants de Salt ha gaudit de tres dies de col\u00f2nies a la torre Desvern, al municipi de Celr\u00e0 (Giron\u00e8s), entre el 22 i el 24 de juliol. Han estat uns dies plens d\u2019activitats de lleure que han enfortit l\u2019autonomia de cada [&hellip;]<\/p>\n","protected":false},"author":1,"featured_media":3154,"comment_status":"open","ping_status":"open","sticky":false,"template":"","format":"standard","meta":{"_acf_changed":false,"_et_pb_use_builder":"","_et_pb_old_content":"","_et_gb_content_width":"","inline_featured_image":false,"footnotes":""},"categories":[125],"tags":[],"seus":[159],"eixos":[22,99],"class_list":["post-4335","post","type-post","status-publish","format-standard","has-post-thumbnail","hentry","category-noticias","seus-salt","eixos-infancia-i-adolescencia","eixos-infancia-y-adolescencia"],"acf":[],"yoast_head":"<!-- This site is optimized with the Yoast SEO plugin v27.4 - https:\/\/yoast.com\/product\/yoast-seo-wordpress\/ -->\n<title>El Casal Obert d\u2019Adolescents de Salt gaudeix d\u2019uns dies de col\u00f2nies a Celr\u00e0 - Casal dels Infants<\/title>\n<meta name=\"robots\" content=\"index, follow, max-snippet:-1, max-image-preview:large, max-video-preview:-1\" \/>\n<link rel=\"canonical\" href=\"https:\/\/www.casaldelsinfants.org\/es\/actualidad\/el-casal-obert-dadolescents-de-salt-disfruta-de-unos-dias-de-colonias\/\" \/>\n<meta property=\"og:locale\" content=\"es_ES\" \/>\n<meta property=\"og:type\" content=\"article\" \/>\n<meta property=\"og:title\" content=\"El Casal Obert d\u2019Adolescents de Salt gaudeix d\u2019uns dies de col\u00f2nies a Celr\u00e0 - Casal dels Infants\" \/>\n<meta property=\"og:description\" content=\"Una vintena de nois i noies del Casal Obert d\u2019Adolescents (COA) del Casal dels Infants de Salt ha gaudit de tres dies de col\u00f2nies a la torre Desvern, al municipi de Celr\u00e0 (Giron\u00e8s), entre el 22 i el 24 de juliol. Han estat uns dies plens d\u2019activitats de lleure que han enfortit l\u2019autonomia de cada [&hellip;]\" \/>\n<meta property=\"og:url\" content=\"https:\/\/www.casaldelsinfants.org\/es\/actualidad\/el-casal-obert-dadolescents-de-salt-disfruta-de-unos-dias-de-colonias\/\" \/>\n<meta property=\"og:site_name\" content=\"Casal dels Infants\" \/>\n<meta property=\"article:publisher\" content=\"https:\/\/www.facebook.com\/casalinfants\" \/>\n<meta property=\"article:published_time\" content=\"2020-11-11T10:42:26+00:00\" \/>\n<meta property=\"article:modified_time\" content=\"2023-06-08T10:56:03+00:00\" \/>\n<meta property=\"og:image\" content=\"https:\/\/www.casaldelsinfants.org\/wp-content\/uploads\/coa_salt_colonies_celra_2019_casal_dels_ifnants.jpg\" \/>\n\t<meta property=\"og:image:width\" content=\"1292\" \/>\n\t<meta property=\"og:image:height\" content=\"969\" \/>\n\t<meta property=\"og:image:type\" content=\"image\/jpeg\" \/>\n<meta name=\"author\" content=\"cdiAdmin\" \/>\n<meta name=\"twitter:card\" content=\"summary_large_image\" \/>\n<meta name=\"twitter:creator\" content=\"@casalinfants\" \/>\n<meta name=\"twitter:site\" content=\"@casalinfants\" \/>\n<meta name=\"twitter:label1\" content=\"Escrito por\" \/>\n\t<meta name=\"twitter:data1\" content=\"cdiAdmin\" \/>\n\t<meta name=\"twitter:label2\" content=\"Tiempo de lectura\" \/>\n\t<meta name=\"twitter:data2\" content=\"2 minutos\" \/>\n<script type=\"application\/ld+json\" class=\"yoast-schema-graph\">{\"@context\":\"https:\\\/\\\/schema.org\",\"@graph\":[{\"@type\":\"Article\",\"@id\":\"https:\\\/\\\/www.casaldelsinfants.org\\\/es\\\/actualidad\\\/el-casal-obert-dadolescents-de-salt-disfruta-de-unos-dias-de-colonias\\\/#article\",\"isPartOf\":{\"@id\":\"https:\\\/\\\/www.casaldelsinfants.org\\\/es\\\/actualidad\\\/el-casal-obert-dadolescents-de-salt-disfruta-de-unos-dias-de-colonias\\\/\"},\"author\":{\"name\":\"cdiAdmin\",\"@id\":\"https:\\\/\\\/www.casaldelsinfants.org\\\/es\\\/#\\\/schema\\\/person\\\/97707fc8c64900cf36891127dbf9fba8\"},\"headline\":\"El Casal Obert d\u2019Adolescents de Salt gaudeix d\u2019uns dies de col\u00f2nies a Celr\u00e0\",\"datePublished\":\"2020-11-11T10:42:26+00:00\",\"dateModified\":\"2023-06-08T10:56:03+00:00\",\"mainEntityOfPage\":{\"@id\":\"https:\\\/\\\/www.casaldelsinfants.org\\\/es\\\/actualidad\\\/el-casal-obert-dadolescents-de-salt-disfruta-de-unos-dias-de-colonias\\\/\"},\"wordCount\":253,\"commentCount\":0,\"publisher\":{\"@id\":\"https:\\\/\\\/www.casaldelsinfants.org\\\/es\\\/#organization\"},\"image\":{\"@id\":\"https:\\\/\\\/www.casaldelsinfants.org\\\/es\\\/actualidad\\\/el-casal-obert-dadolescents-de-salt-disfruta-de-unos-dias-de-colonias\\\/#primaryimage\"},\"thumbnailUrl\":\"https:\\\/\\\/www.casaldelsinfants.org\\\/wp-content\\\/uploads\\\/coa_salt_colonies_celra_2019_casal_dels_ifnants.jpg\",\"articleSection\":[\"Noticia\"],\"inLanguage\":\"es\",\"potentialAction\":[{\"@type\":\"CommentAction\",\"name\":\"Comment\",\"target\":[\"https:\\\/\\\/www.casaldelsinfants.org\\\/es\\\/actualidad\\\/el-casal-obert-dadolescents-de-salt-disfruta-de-unos-dias-de-colonias\\\/#respond\"]}]},{\"@type\":\"WebPage\",\"@id\":\"https:\\\/\\\/www.casaldelsinfants.org\\\/es\\\/actualidad\\\/el-casal-obert-dadolescents-de-salt-disfruta-de-unos-dias-de-colonias\\\/\",\"url\":\"https:\\\/\\\/www.casaldelsinfants.org\\\/es\\\/actualidad\\\/el-casal-obert-dadolescents-de-salt-disfruta-de-unos-dias-de-colonias\\\/\",\"name\":\"El Casal Obert d\u2019Adolescents de Salt gaudeix d\u2019uns dies de col\u00f2nies a Celr\u00e0 - Casal dels Infants\",\"isPartOf\":{\"@id\":\"https:\\\/\\\/www.casaldelsinfants.org\\\/es\\\/#website\"},\"primaryImageOfPage\":{\"@id\":\"https:\\\/\\\/www.casaldelsinfants.org\\\/es\\\/actualidad\\\/el-casal-obert-dadolescents-de-salt-disfruta-de-unos-dias-de-colonias\\\/#primaryimage\"},\"image\":{\"@id\":\"https:\\\/\\\/www.casaldelsinfants.org\\\/es\\\/actualidad\\\/el-casal-obert-dadolescents-de-salt-disfruta-de-unos-dias-de-colonias\\\/#primaryimage\"},\"thumbnailUrl\":\"https:\\\/\\\/www.casaldelsinfants.org\\\/wp-content\\\/uploads\\\/coa_salt_colonies_celra_2019_casal_dels_ifnants.jpg\",\"datePublished\":\"2020-11-11T10:42:26+00:00\",\"dateModified\":\"2023-06-08T10:56:03+00:00\",\"breadcrumb\":{\"@id\":\"https:\\\/\\\/www.casaldelsinfants.org\\\/es\\\/actualidad\\\/el-casal-obert-dadolescents-de-salt-disfruta-de-unos-dias-de-colonias\\\/#breadcrumb\"},\"inLanguage\":\"es\",\"potentialAction\":[{\"@type\":\"ReadAction\",\"target\":[\"https:\\\/\\\/www.casaldelsinfants.org\\\/es\\\/actualidad\\\/el-casal-obert-dadolescents-de-salt-disfruta-de-unos-dias-de-colonias\\\/\"]}]},{\"@type\":\"ImageObject\",\"inLanguage\":\"es\",\"@id\":\"https:\\\/\\\/www.casaldelsinfants.org\\\/es\\\/actualidad\\\/el-casal-obert-dadolescents-de-salt-disfruta-de-unos-dias-de-colonias\\\/#primaryimage\",\"url\":\"https:\\\/\\\/www.casaldelsinfants.org\\\/wp-content\\\/uploads\\\/coa_salt_colonies_celra_2019_casal_dels_ifnants.jpg\",\"contentUrl\":\"https:\\\/\\\/www.casaldelsinfants.org\\\/wp-content\\\/uploads\\\/coa_salt_colonies_celra_2019_casal_dels_ifnants.jpg\",\"width\":1292,\"height\":969,\"caption\":\"Adolescents de Salt gaudeix d'unes dies de col\u00f2nies a Celr\u00e0.\"},{\"@type\":\"BreadcrumbList\",\"@id\":\"https:\\\/\\\/www.casaldelsinfants.org\\\/es\\\/actualidad\\\/el-casal-obert-dadolescents-de-salt-disfruta-de-unos-dias-de-colonias\\\/#breadcrumb\",\"itemListElement\":[{\"@type\":\"ListItem\",\"position\":1,\"name\":\"Inici\",\"item\":\"https:\\\/\\\/www.casaldelsinfants.org\\\/es\\\/\"},{\"@type\":\"ListItem\",\"position\":2,\"name\":\"El Casal Obert d\u2019Adolescents de Salt gaudeix d\u2019uns dies de col\u00f2nies a Celr\u00e0\"}]},{\"@type\":\"WebSite\",\"@id\":\"https:\\\/\\\/www.casaldelsinfants.org\\\/es\\\/#website\",\"url\":\"https:\\\/\\\/www.casaldelsinfants.org\\\/es\\\/\",\"name\":\"Casal dels Infants\",\"description\":\"\",\"publisher\":{\"@id\":\"https:\\\/\\\/www.casaldelsinfants.org\\\/es\\\/#organization\"},\"potentialAction\":[{\"@type\":\"SearchAction\",\"target\":{\"@type\":\"EntryPoint\",\"urlTemplate\":\"https:\\\/\\\/www.casaldelsinfants.org\\\/es\\\/?s={search_term_string}\"},\"query-input\":{\"@type\":\"PropertyValueSpecification\",\"valueRequired\":true,\"valueName\":\"search_term_string\"}}],\"inLanguage\":\"es\"},{\"@type\":\"Organization\",\"@id\":\"https:\\\/\\\/www.casaldelsinfants.org\\\/es\\\/#organization\",\"name\":\"Casal dels Infants\",\"url\":\"https:\\\/\\\/www.casaldelsinfants.org\\\/es\\\/\",\"logo\":{\"@type\":\"ImageObject\",\"inLanguage\":\"es\",\"@id\":\"https:\\\/\\\/www.casaldelsinfants.org\\\/es\\\/#\\\/schema\\\/logo\\\/image\\\/\",\"url\":\"https:\\\/\\\/www.casaldelsinfants.org\\\/wp-content\\\/uploads\\\/logo-mail.png\",\"contentUrl\":\"https:\\\/\\\/www.casaldelsinfants.org\\\/wp-content\\\/uploads\\\/logo-mail.png\",\"width\":380,\"height\":158,\"caption\":\"Casal dels Infants\"},\"image\":{\"@id\":\"https:\\\/\\\/www.casaldelsinfants.org\\\/es\\\/#\\\/schema\\\/logo\\\/image\\\/\"},\"sameAs\":[\"https:\\\/\\\/www.facebook.com\\\/casalinfants\",\"https:\\\/\\\/x.com\\\/casalinfants\",\"https:\\\/\\\/www.youtube.com\\\/user\\\/CasaldelsInfants1\",\"https:\\\/\\\/www.instagram.com\\\/casalinfants\\\/\",\"https:\\\/\\\/www.linkedin.com\\\/company\\\/casaldelsinfants?trk=organization-update_share-update_actor-text\"]},{\"@type\":\"Person\",\"@id\":\"https:\\\/\\\/www.casaldelsinfants.org\\\/es\\\/#\\\/schema\\\/person\\\/97707fc8c64900cf36891127dbf9fba8\",\"name\":\"cdiAdmin\",\"sameAs\":[\"https:\\\/\\\/casaldelsinfants.org\"]}]}<\/script>\n<!-- \/ Yoast SEO plugin. -->","yoast_head_json":{"title":"El Casal Obert d\u2019Adolescents de Salt gaudeix d\u2019uns dies de col\u00f2nies a Celr\u00e0 - Casal dels Infants","robots":{"index":"index","follow":"follow","max-snippet":"max-snippet:-1","max-image-preview":"max-image-preview:large","max-video-preview":"max-video-preview:-1"},"canonical":"https:\/\/www.casaldelsinfants.org\/es\/actualidad\/el-casal-obert-dadolescents-de-salt-disfruta-de-unos-dias-de-colonias\/","og_locale":"es_ES","og_type":"article","og_title":"El Casal Obert d\u2019Adolescents de Salt gaudeix d\u2019uns dies de col\u00f2nies a Celr\u00e0 - Casal dels Infants","og_description":"Una vintena de nois i noies del Casal Obert d\u2019Adolescents (COA) del Casal dels Infants de Salt ha gaudit de tres dies de col\u00f2nies a la torre Desvern, al municipi de Celr\u00e0 (Giron\u00e8s), entre el 22 i el 24 de juliol. Han estat uns dies plens d\u2019activitats de lleure que han enfortit l\u2019autonomia de cada [&hellip;]","og_url":"https:\/\/www.casaldelsinfants.org\/es\/actualidad\/el-casal-obert-dadolescents-de-salt-disfruta-de-unos-dias-de-colonias\/","og_site_name":"Casal dels Infants","article_publisher":"https:\/\/www.facebook.com\/casalinfants","article_published_time":"2020-11-11T10:42:26+00:00","article_modified_time":"2023-06-08T10:56:03+00:00","og_image":[{"width":1292,"height":969,"url":"https:\/\/www.casaldelsinfants.org\/wp-content\/uploads\/coa_salt_colonies_celra_2019_casal_dels_ifnants.jpg","type":"image\/jpeg"}],"author":"cdiAdmin","twitter_card":"summary_large_image","twitter_creator":"@casalinfants","twitter_site":"@casalinfants","twitter_misc":{"Escrito por":"cdiAdmin","Tiempo de lectura":"2 minutos"},"schema":{"@context":"https:\/\/schema.org","@graph":[{"@type":"Article","@id":"https:\/\/www.casaldelsinfants.org\/es\/actualidad\/el-casal-obert-dadolescents-de-salt-disfruta-de-unos-dias-de-colonias\/#article","isPartOf":{"@id":"https:\/\/www.casaldelsinfants.org\/es\/actualidad\/el-casal-obert-dadolescents-de-salt-disfruta-de-unos-dias-de-colonias\/"},"author":{"name":"cdiAdmin","@id":"https:\/\/www.casaldelsinfants.org\/es\/#\/schema\/person\/97707fc8c64900cf36891127dbf9fba8"},"headline":"El Casal Obert d\u2019Adolescents de Salt gaudeix d\u2019uns dies de col\u00f2nies a Celr\u00e0","datePublished":"2020-11-11T10:42:26+00:00","dateModified":"2023-06-08T10:56:03+00:00","mainEntityOfPage":{"@id":"https:\/\/www.casaldelsinfants.org\/es\/actualidad\/el-casal-obert-dadolescents-de-salt-disfruta-de-unos-dias-de-colonias\/"},"wordCount":253,"commentCount":0,"publisher":{"@id":"https:\/\/www.casaldelsinfants.org\/es\/#organization"},"image":{"@id":"https:\/\/www.casaldelsinfants.org\/es\/actualidad\/el-casal-obert-dadolescents-de-salt-disfruta-de-unos-dias-de-colonias\/#primaryimage"},"thumbnailUrl":"https:\/\/www.casaldelsinfants.org\/wp-content\/uploads\/coa_salt_colonies_celra_2019_casal_dels_ifnants.jpg","articleSection":["Noticia"],"inLanguage":"es","potentialAction":[{"@type":"CommentAction","name":"Comment","target":["https:\/\/www.casaldelsinfants.org\/es\/actualidad\/el-casal-obert-dadolescents-de-salt-disfruta-de-unos-dias-de-colonias\/#respond"]}]},{"@type":"WebPage","@id":"https:\/\/www.casaldelsinfants.org\/es\/actualidad\/el-casal-obert-dadolescents-de-salt-disfruta-de-unos-dias-de-colonias\/","url":"https:\/\/www.casaldelsinfants.org\/es\/actualidad\/el-casal-obert-dadolescents-de-salt-disfruta-de-unos-dias-de-colonias\/","name":"El Casal Obert d\u2019Adolescents de Salt gaudeix d\u2019uns dies de col\u00f2nies a Celr\u00e0 - Casal dels Infants","isPartOf":{"@id":"https:\/\/www.casaldelsinfants.org\/es\/#website"},"primaryImageOfPage":{"@id":"https:\/\/www.casaldelsinfants.org\/es\/actualidad\/el-casal-obert-dadolescents-de-salt-disfruta-de-unos-dias-de-colonias\/#primaryimage"},"image":{"@id":"https:\/\/www.casaldelsinfants.org\/es\/actualidad\/el-casal-obert-dadolescents-de-salt-disfruta-de-unos-dias-de-colonias\/#primaryimage"},"thumbnailUrl":"https:\/\/www.casaldelsinfants.org\/wp-content\/uploads\/coa_salt_colonies_celra_2019_casal_dels_ifnants.jpg","datePublished":"2020-11-11T10:42:26+00:00","dateModified":"2023-06-08T10:56:03+00:00","breadcrumb":{"@id":"https:\/\/www.casaldelsinfants.org\/es\/actualidad\/el-casal-obert-dadolescents-de-salt-disfruta-de-unos-dias-de-colonias\/#breadcrumb"},"inLanguage":"es","potentialAction":[{"@type":"ReadAction","target":["https:\/\/www.casaldelsinfants.org\/es\/actualidad\/el-casal-obert-dadolescents-de-salt-disfruta-de-unos-dias-de-colonias\/"]}]},{"@type":"ImageObject","inLanguage":"es","@id":"https:\/\/www.casaldelsinfants.org\/es\/actualidad\/el-casal-obert-dadolescents-de-salt-disfruta-de-unos-dias-de-colonias\/#primaryimage","url":"https:\/\/www.casaldelsinfants.org\/wp-content\/uploads\/coa_salt_colonies_celra_2019_casal_dels_ifnants.jpg","contentUrl":"https:\/\/www.casaldelsinfants.org\/wp-content\/uploads\/coa_salt_colonies_celra_2019_casal_dels_ifnants.jpg","width":1292,"height":969,"caption":"Adolescents de Salt gaudeix d'unes dies de col\u00f2nies a Celr\u00e0."},{"@type":"BreadcrumbList","@id":"https:\/\/www.casaldelsinfants.org\/es\/actualidad\/el-casal-obert-dadolescents-de-salt-disfruta-de-unos-dias-de-colonias\/#breadcrumb","itemListElement":[{"@type":"ListItem","position":1,"name":"Inici","item":"https:\/\/www.casaldelsinfants.org\/es\/"},{"@type":"ListItem","position":2,"name":"El Casal Obert d\u2019Adolescents de Salt gaudeix d\u2019uns dies de col\u00f2nies a Celr\u00e0"}]},{"@type":"WebSite","@id":"https:\/\/www.casaldelsinfants.org\/es\/#website","url":"https:\/\/www.casaldelsinfants.org\/es\/","name":"Casal dels Infants","description":"","publisher":{"@id":"https:\/\/www.casaldelsinfants.org\/es\/#organization"},"potentialAction":[{"@type":"SearchAction","target":{"@type":"EntryPoint","urlTemplate":"https:\/\/www.casaldelsinfants.org\/es\/?s={search_term_string}"},"query-input":{"@type":"PropertyValueSpecification","valueRequired":true,"valueName":"search_term_string"}}],"inLanguage":"es"},{"@type":"Organization","@id":"https:\/\/www.casaldelsinfants.org\/es\/#organization","name":"Casal dels Infants","url":"https:\/\/www.casaldelsinfants.org\/es\/","logo":{"@type":"ImageObject","inLanguage":"es","@id":"https:\/\/www.casaldelsinfants.org\/es\/#\/schema\/logo\/image\/","url":"https:\/\/www.casaldelsinfants.org\/wp-content\/uploads\/logo-mail.png","contentUrl":"https:\/\/www.casaldelsinfants.org\/wp-content\/uploads\/logo-mail.png","width":380,"height":158,"caption":"Casal dels Infants"},"image":{"@id":"https:\/\/www.casaldelsinfants.org\/es\/#\/schema\/logo\/image\/"},"sameAs":["https:\/\/www.facebook.com\/casalinfants","https:\/\/x.com\/casalinfants","https:\/\/www.youtube.com\/user\/CasaldelsInfants1","https:\/\/www.instagram.com\/casalinfants\/","https:\/\/www.linkedin.com\/company\/casaldelsinfants?trk=organization-update_share-update_actor-text"]},{"@type":"Person","@id":"https:\/\/www.casaldelsinfants.org\/es\/#\/schema\/person\/97707fc8c64900cf36891127dbf9fba8","name":"cdiAdmin","sameAs":["https:\/\/casaldelsinfants.org"]}]}},"publishpress_future_action":{"enabled":false,"date":"2026-05-07 10:05:54","action":"change-status","newStatus":"draft","terms":[],"taxonomy":"category","extraData":[]},"publishpress_future_workflow_manual_trigger":{"enabledWorkflows":[]},"_links":{"self":[{"href":"https:\/\/www.casaldelsinfants.org\/es\/wp-json\/wp\/v2\/posts\/4335","targetHints":{"allow":["GET"]}}],"collection":[{"href":"https:\/\/www.casaldelsinfants.org\/es\/wp-json\/wp\/v2\/posts"}],"about":[{"href":"https:\/\/www.casaldelsinfants.org\/es\/wp-json\/wp\/v2\/types\/post"}],"author":[{"embeddable":true,"href":"https:\/\/www.casaldelsinfants.org\/es\/wp-json\/wp\/v2\/users\/1"}],"replies":[{"embeddable":true,"href":"https:\/\/www.casaldelsinfants.org\/es\/wp-json\/wp\/v2\/comments?post=4335"}],"version-history":[{"count":2,"href":"https:\/\/www.casaldelsinfants.org\/es\/wp-json\/wp\/v2\/posts\/4335\/revisions"}],"predecessor-version":[{"id":11948,"href":"https:\/\/www.casaldelsinfants.org\/es\/wp-json\/wp\/v2\/posts\/4335\/revisions\/11948"}],"wp:featuredmedia":[{"embeddable":true,"href":"https:\/\/www.casaldelsinfants.org\/es\/wp-json\/wp\/v2\/media\/3154"}],"wp:attachment":[{"href":"https:\/\/www.casaldelsinfants.org\/es\/wp-json\/wp\/v2\/media?parent=4335"}],"wp:term":[{"taxonomy":"category","embeddable":true,"href":"https:\/\/www.casaldelsinfants.org\/es\/wp-json\/wp\/v2\/categories?post=4335"},{"taxonomy":"post_tag","embeddable":true,"href":"https:\/\/www.casaldelsinfants.org\/es\/wp-json\/wp\/v2\/tags?post=4335"},{"taxonomy":"seus","embeddable":true,"href":"https:\/\/www.casaldelsinfants.org\/es\/wp-json\/wp\/v2\/seus?post=4335"},{"taxonomy":"eixos","embeddable":true,"href":"https:\/\/www.casaldelsinfants.org\/es\/wp-json\/wp\/v2\/eixos?post=4335"}],"curies":[{"name":"wp","href":"https:\/\/api.w.org\/{rel}","templated":true}]}}