{"id":4346,"date":"2020-09-15T07:41:11","date_gmt":"2020-09-15T05:41:11","guid":{"rendered":"https:\/\/casal.puntzero.cat\/noticies\/nou-curs-deures-pendents-ii-les-prioritats-en-latencio-la-infancia-les-families-i-el\/"},"modified":"2023-04-04T13:10:14","modified_gmt":"2023-04-04T11:10:14","slug":"nou-curs-deures-pendents-ii-les-prioritats-en-latencio-la-infancia-les-families-i-el","status":"publish","type":"post","link":"https:\/\/www.casaldelsinfants.org\/es\/actualidad\/deberes-pendientes-prioridades-atencion-infancia-en-riesgo\/","title":{"rendered":"Nuevo curso, deberes pendientes (II): las prioridades en la atenci\u00f3n a la infancia, las familias y la juventud en riesgo"},"content":{"rendered":"<p><strong>Atenci\u00f3n y prevenci\u00f3n para la infancia en riesgo<\/strong><\/p>\n<p><span style=\"color: #000000;\">Velar por los derechos de los ni\u00f1os y ni\u00f1as que m\u00e1s est\u00e1n sufriendo esta crisis requiere un trabajo en red que implique a toda la comunidad. Las escuelas e institutos, m\u00e1s all\u00e1 de garantizar la adquisici\u00f3n de aprendizajes, debe ser un espacio de relaci\u00f3n seguro y tambi\u00e9n de detecci\u00f3n de situaciones de riesgo que desde los servicios sociales y otros \u00e1mbitos de las administraciones p\u00fablicas se deber\u00e1n abordar. Es por ello que hay que asegurar que los centros educativos garanticen una atenci\u00f3n presencial durante todo el curso.<\/span><\/p>\n<p><span style=\"color: #000000;\">Hay que ir m\u00e1s all\u00e1 de las aulas, sin embargo. Los servicios de intervenci\u00f3n socioeducativa para ni\u00f1os, ni\u00f1as y adolescentes en situaci\u00f3n de riesgo son m\u00e1s necesarios que nunca. Servicios como los Centros Abiertos, que ofrecemos en el Casal dels Infants y que forman parte de la cartera de servicios sociales, son fundamentales para atender y prevenir situaciones de riesgo y favorecer el desarrollo adecuado de los ni\u00f1os y ni\u00f1as. Cada tarde, cuando acaba la escuela o el instituto, los ni\u00f1os y ni\u00f1as cuentan con el acompa\u00f1amiento de educadores y educadoras que son un referente para su bienestar: hacen un seguimiento a su situaci\u00f3n, mantienen tutor\u00edas con sus familias y trabajan en red con los servicios b\u00e1sicos de atenci\u00f3n social y la red de entidades del territorio.<\/span><\/p>\n<p><span style=\"color: #000000;\">En un momento cr\u00edtico como el actual, defendemos que se debe garantizar la presencialidad de estos servicios de acompa\u00f1amiento a la infancia en riesgo: no podemos volver a velar por los derechos de la infancia en riesgo desde la distancia, como muchas entidades tuvimos que hacer durante el confinamiento \u2014en el caso del Casal dels Infants, acompa\u00f1amos a 2.000 ni\u00f1os y ni\u00f1as y su familias\u2014. Es necesario, as\u00ed mismo, mantener mesas de coordinaci\u00f3n locales para la gesti\u00f3n de la emergencia social que involucren las \u00e1reas de educaci\u00f3n y salud de las administraciones, los servicios sociales y las entidades de cada territorio.<\/span><\/p>\n<figure class=\"align-center\" role=\"group\"><img decoding=\"async\" src=\"\/wp-content\/uploads\/infancia-en-risc-1.webp\" alt=\"La prevenci\u00f3 i l'atenci\u00f3 de les situacions de risc en la inf\u00e0ncia requereixen un acompanyament presencial\" width=\"480\" height=\"321\" data-entity-type=\"file\" data-entity-uuid=\"fe8c0b64-747d-41e2-8934-042fe0ee5e6b\" data-image-style=\"large\" \/><figcaption>La prevenci\u00f3n y la atenci\u00f3n de las situaciones de riesgo en la infancia requieren un acompa\u00f1amiento presencial<\/figcaption><\/figure>\n<p><strong>Prestaciones \u00e1giles y formaci\u00f3n para las familias vulnerables<\/strong><\/p>\n<p><span style=\"color: #000000;\">Antes de la crisis, una de cada cuatro familias en riesgo con hijos e hijas se encontraba en riesgo de pobreza, el doble que las que no ten\u00edan menores a cargo. La situaci\u00f3n ya era especialmente complicada para las monoparentales, ya que casi la mitad se encontraba bajo el umbral de la pobreza. Con la crisis de la Covid-19, muchas se han encontrado con el agravante de entrar en el paro, verse afectas por un ERTO o haber perdido su fuente de ingresos en la econom\u00eda sumergida. Si nos fijamos en las cifras, en agosto hab\u00eda 480.600 personas paradas en Catalunya y 170.200 afectadas por un ERTO.<\/span><\/p>\n<p><span style=\"color: #000000;\">La respuesta de las administraciones a la situaci\u00f3n de estos hogares est\u00e1 siendo lenta e insuficiente. El despliegue del Ingreso M\u00ednimo Vital, una medida necesaria a la espera de que es acabe atendiendo la demanda de una renda b\u00e1sica, est\u00e1 dando una respuesta muy poco \u00e1gil a las solicitudes de la ciudadan\u00eda. Desde la aprobaci\u00f3n de la prestaci\u00f3n, se han saturado los canales presenciales y telem\u00e1ticos para tramitarla, tal y como ha denunciado el Colegio Oficial de Trabajo Social de Catalunya y hemos podido comprobar las entidades sociales en el d\u00eda a d\u00eda.<\/span><\/p>\n<p><span style=\"color: #000000;\">Este contexto nos ha obligado, como entidades sociales, a dar una respuesta a las necesidades de las familias, asesor\u00e1ndose en una tramitaci\u00f3n engorrosa y con excesivos obst\u00e1culos. Desde el Casal dels Infants lo hemos hecho desde el inicio del confinamiento, y este mes ponemos en marcha un nuevo servicio espec\u00edfico para ofrecer apoyo a las familias en estas gestiones. Es urgente, sin embargo, simplificar este proceso de tramitaci\u00f3n de las prestaciones y dotas a los servicios sociales y de ocupaci\u00f3n con el personal necesario para gestionarlas con agilidad.<\/span><\/p>\n<p><span style=\"color: #000000;\">Urge, as\u00ed mismo, reforzar los programas de formaci\u00f3n e inserci\u00f3n para adultos, para que las familias que han perdido el trabajo ganen competencias y mejoren su ocupabilidad. Hay que tener en cuentas que para conseguirlo se deber\u00e1n destinar m\u00e1s recursos para espacios de guarda y cuidado de los ni\u00f1os y ni\u00f1as, para facilitar la b\u00fasqueda de empleo de los padres y madres, especialmente de las madres solteras.<\/span><\/p>\n<figure class=\"align-center\" role=\"group\"><img decoding=\"async\" src=\"\/wp-content\/uploads\/inline-images\/_1150822.JPG\" alt=\"La tramitaci\u00f3 de prestacions per a les fam\u00edlies en risc ha de ser m\u00e9s \u00e0gil i efica\u00e7\" width=\"480\" height=\"360\" data-entity-type=\"file\" data-entity-uuid=\"9f0aeea5-9e44-424c-aca9-1358b56f5fd3\" data-image-style=\"large\" \/><figcaption>La tramitaci\u00f3n de las prestaciones para las familias en riesgo tiene que ser m\u00e1s r\u00e1pida y eficaz.<\/figcaption><\/figure>\n<p><strong>Igualdad de condiciones educativas<\/strong><\/p>\n<p><span style=\"color: #000000;\">Los meses de confinamiento han ampliado la brecha de desigualdad en las condiciones educativas de la infancia. Si antes de la pandemia el origen social y migratorio ya determinaba el \u00e9xito educativo del alumnado \u2014los hijos e hijas de familias migradas o con un nivel socioecon\u00f3mico bajo sufr\u00edan m\u00e1s el fracaso escolar, el abandono escolar prematuro y unos resultados acad\u00e9micos inferiores a la media\u2014, ahora lo hace todav\u00eda m\u00e1s. Que todo el curso se desarrolle de manera presencial ser\u00e1 clave para revertir esta tendencia.\u00a0<\/span><\/p>\n<p><span style=\"color: #000000;\">Uno de los motivos de este empeoramiento de las desigualdades educativas es que el acompa\u00f1amiento familiar, que ya era un factor clave en el proceso de aprendizaje de los chicos y chicas, ha sido m\u00e1s determinante que nunca durante el confinamiento. No todas las familias han tenido el capital cultural y las competencias necesarias para ayudas a sus hijos con las tareas de la escuela y el instituto desde casa.<\/span><\/p>\n<p><span style=\"color: #000000;\">Por otro lado, muchas familias han tenido dificultades para acceder a dispositivos tecnol\u00f3gicos y a internet para que sus hijos e hijas continuaran estudiando \u2014en abril, el Departament d\u2019Educaci\u00f3 detect\u00f3 que 55.000 familias no ten\u00edan dispositivos o conexi\u00f3n a su alcance\u2014. Aunque desde las administraciones p\u00fablicas y las entidades sociales hemos repartido dispositivos \u2014en el Casal dels Infants hemos entregado tablets a cerca de 300 ni\u00f1os y ni\u00f1as y hemos garantizado conexi\u00f3n a la red a 50 familias\u2014, ser\u00e1 necesario destinar m\u00e1s recursos a este \u00e1mbito. Para combatir la brecha digital, adem\u00e1s, hace falta que las familias sepan utilizar los dispositivos y velen porque sus hijos e hijas los usen de forma saludable, y esto requiere dotarlas de competencias a trav\u00e9s de servicios formativos.<\/span><\/p>\n<p><span style=\"color: #000000;\">Es necesario abordar, as\u00ed mismo, los problemas estructurales del sistema educativo. En este sentido, desde el S\u00edndic de Greuges se ha se\u00f1alado la infrafinanciaci\u00f3n que sufren los centros y la necesidad, ahora m\u00e1s que nunca, de priorizar los recursos para los de elevada complejidad, incrementando sus plantillas e incorporando profesionales multidisciplinares, como integradores sociales, para gestionar las situaciones de vulnerabilidad de la infancia y las familias. Tambi\u00e9n urge desplegar el Pacto contra la segregaci\u00f3n escolar en Catalunya, para avanzar hacia una composici\u00f3n del alumnado m\u00e1s equilibrada en las escuelas e institutos.<\/span><\/p>\n<p><span style=\"color: #000000;\">M\u00e1s all\u00e1 de lo que ocurra en los centros, el aumento de las desigualdades educativas se debe afrontar necesariamente tambi\u00e9n fuera del horario lectivo. Es necesario garantizar servicios de refuerzo escolar cuando acaben las clases al alumnado de familias en situaci\u00f3n de vulnerabilidad, como los que desarrollamos cada tarde en el Casal dels Infants. Son ratos en los que, con el apoyo del equipo educativo, los ni\u00f1os y ni\u00f1as consolidan lo que han aprendido a la escuela y resuelven dudas.<\/span><\/p>\n<p><span style=\"color: #000000;\">Urge, en la misma l\u00ednea, hacer part\u00edcipes a las familias de este apoyo en el aprendizaje. Por un lado, su implicaci\u00f3n es un gran est\u00edmulo para el \u00e9xito educativo de los ni\u00f1os y ni\u00f1as. Por el otro, los meses de confinamiento pueden haber debilitado el v\u00ednculo entre los centros educativos y las familias, y fortalecerlo ser\u00e1 imprescindible para evitar un incremento del absentismo y del abandono escolar prematuro.<\/span><\/p>\n<figure class=\"align-center\" role=\"group\"><img decoding=\"async\" src=\"\/wp-content\/uploads\/inline-images\/_1170704.JPG\" alt=\"Una nena que participa en el Casal dels Infants de Badalona escola els educadors i educadores\" width=\"480\" height=\"360\" data-entity-type=\"file\" data-entity-uuid=\"1880b2ac-453f-4c87-886b-494869a2aa84\" data-image-style=\"large\" \/><figcaption>Para garantizar la igualdad de condiciones educativas se debe actuar dentro y fuera de las aulas.<\/figcaption><\/figure>\n<p><strong>Reforzar los itinerarios de la juventud<\/strong><\/p>\n<p><span style=\"color: #000000;\">Los y las j\u00f3venes han sido uno de los colectivos m\u00e1s afectados por el impacto social de la Covid-19, ya que sus itinerarios formativos y laborales se han visto afectados por el confinamiento y la crisis econ\u00f3mica. Entre los que se encuentran en situaci\u00f3n de vulnerabilidad, este curso es imprescindible ofrecerles espacios de refuerzo educativo y de orientaci\u00f3n en los itinerarios formativos, para evitar la desafecci\u00f3n hacia los estudios postobligatorios.<\/span><\/p>\n<p><span style=\"color: #000000;\">Los programas de formaci\u00f3n e inserci\u00f3n laboral, como el que impulsamos desde el Casal dels Infants, tambi\u00e9n requieren un incremento de recursos para parar el golpe de un paro juvenil creciente. Durante el segundo trimestre de 2020 se han destruido m\u00e1s de 80.000 puestos de trabajo entre la poblaci\u00f3n joven, lo que significa que la juventud ha absorbido el 40% de la p\u00e9rdida de ocupaci\u00f3n en Catalunya, seg\u00fan el Observatori Catal\u00e0 de la Joventut. Para revertir esta din\u00e1mica, ser\u00e1 necesario seguir contando con la implicaci\u00f3n de las empresas en los programas de formaci\u00f3n dual.<\/span><\/p>\n<p><span style=\"color: #000000;\">En cuanto a la juventud migrada, contin\u00faa expuesta a las situaciones de vulnerabilidad m\u00e1s graves. Los obst\u00e1culos para regularizar la situaci\u00f3n administrativa de estos chicos y chicas contin\u00faan siendo un grave obst\u00e1culo para que estos chicos y chicas salgan adelante. El endurecimiento de los requisitos para conseguir el permiso de trabajo, que les exige unos ingresos inalcanzables, ha sido la gota que ha colmado el vaso. La reforma de la ley de extranjer\u00eda es urgente, como tambi\u00e9n m\u00e1s voluntad pol\u00edtica para garantizar los derechos de estos chicos y chicas, tanto durante su tutela por parte de la Direcci\u00f3 General d\u2019Atenci\u00f3 a la Inf\u00e0ncia i l\u2019Adolesc\u00e8ncia (DGAIA) como cuando han alcanzado la mayor\u00eda de edad.<\/span><\/p>\n<figure class=\"align-center\" role=\"group\"><img decoding=\"async\" src=\"\/wp-content\/uploads\/inline-images\/_1170584.JPG\" alt=\"Joves participants del Servei de Transici\u00f3 a l'Autonomia conversant amb un educador al pis que comparteixen\" width=\"480\" height=\"360\" data-entity-type=\"file\" data-entity-uuid=\"fd5831e8-fca9-4681-ba79-6bb1ebd33366\" data-image-style=\"large\" \/><figcaption>Las barreras administrativas son un grabe obst\u00e1culos para que la juventud migrada salga adelante.<\/figcaption><\/figure>\n","protected":false},"excerpt":{"rendered":"<p class=\"text-align-center\">\u00a0<\/p>\n<p class=\"text-align-center\">El inicio del nuevo curso escolar debe\u00a0servir para poner de una vez por todas a la infancia en el centro de las medidas urgentes para combatir la crisis socioecon\u00f3mica de la Covid-19. El derecho a la educaci\u00f3n en igualdad de condiciones centra el debate estos d\u00edas, y es necesario que sea una prioridad, pero tambi\u00e9n es imprescindible garantizar y fortalecer los servicios de atenci\u00f3n y prevenci\u00f3n de las situaciones de riesgo de exclusi\u00f3n social entre los ni\u00f1os y ni\u00f1as. Hacen falta, as\u00ed mismo, m\u00e1s recursos y agilidad administrativa para que las familias con hijos e hijas a carga que est\u00e1n con el agua al cuello puedan salir adelante. En cuanto a los j\u00f3venes, es necesario destinar esfuerzos para que su itinerario hacia la adultez no se vea truncado, y esto pasa por que puedan continuar estudiando y prepar\u00e1ndose para el mundo laboral. La atenci\u00f3n en clave de emergencia no nos debe hacer perder de vista la situaci\u00f3n de partida antes de la pandemia: urgen pol\u00edticas p\u00fablicas contra las desigualdades estructurales ya arrastr\u00e1bamos.<\/p>\n","protected":false},"author":1,"featured_media":3177,"comment_status":"open","ping_status":"open","sticky":false,"template":"","format":"standard","meta":{"_acf_changed":false,"_et_pb_use_builder":"","_et_pb_old_content":"","_et_gb_content_width":"","inline_featured_image":false,"footnotes":""},"categories":[105],"tags":[],"seus":[],"eixos":[107],"class_list":["post-4346","post","type-post","status-publish","format-standard","has-post-thumbnail","hentry","category-reportaje","eixos-pequena-infancia"],"acf":[],"yoast_head":"<!-- This site is optimized with the Yoast SEO plugin v27.4 - https:\/\/yoast.com\/product\/yoast-seo-wordpress\/ -->\n<title>Nuevo curso, deberes pendientes (II): las prioridades en la atenci\u00f3n a la infancia, las familias y la juventud en riesgo - Casal dels Infants<\/title>\n<meta name=\"robots\" content=\"index, follow, max-snippet:-1, max-image-preview:large, max-video-preview:-1\" \/>\n<link rel=\"canonical\" href=\"https:\/\/www.casaldelsinfants.org\/es\/actualidad\/deberes-pendientes-prioridades-atencion-infancia-en-riesgo\/\" \/>\n<meta property=\"og:locale\" content=\"es_ES\" \/>\n<meta property=\"og:type\" content=\"article\" \/>\n<meta property=\"og:title\" content=\"Nuevo curso, deberes pendientes (II): las prioridades en la atenci\u00f3n a la infancia, las familias y la juventud en riesgo - Casal dels Infants\" \/>\n<meta property=\"og:description\" content=\"\u00a0  El inicio del nuevo curso escolar debe\u00a0servir para poner de una vez por todas a la infancia en el centro de las medidas urgentes para combatir la crisis socioecon\u00f3mica de la Covid-19. El derecho a la educaci\u00f3n en igualdad de condiciones centra el debate estos d\u00edas, y es necesario que sea una prioridad, pero tambi\u00e9n es imprescindible garantizar y fortalecer los servicios de atenci\u00f3n y prevenci\u00f3n de las situaciones de riesgo de exclusi\u00f3n social entre los ni\u00f1os y ni\u00f1as. Hacen falta, as\u00ed mismo, m\u00e1s recursos y agilidad administrativa para que las familias con hijos e hijas a carga que est\u00e1n con el agua al cuello puedan salir adelante. En cuanto a los j\u00f3venes, es necesario destinar esfuerzos para que su itinerario hacia la adultez no se vea truncado, y esto pasa por que puedan continuar estudiando y prepar\u00e1ndose para el mundo laboral. La atenci\u00f3n en clave de emergencia no nos debe hacer perder de vista la situaci\u00f3n de partida antes de la pandemia: urgen pol\u00edticas p\u00fablicas contra las desigualdades estructurales ya arrastr\u00e1bamos.\" \/>\n<meta property=\"og:url\" content=\"https:\/\/www.casaldelsinfants.org\/es\/actualidad\/deberes-pendientes-prioridades-atencion-infancia-en-riesgo\/\" \/>\n<meta property=\"og:site_name\" content=\"Casal dels Infants\" \/>\n<meta property=\"article:publisher\" content=\"https:\/\/www.facebook.com\/casalinfants\" \/>\n<meta property=\"article:published_time\" content=\"2020-09-15T05:41:11+00:00\" \/>\n<meta property=\"article:modified_time\" content=\"2023-04-04T11:10:14+00:00\" \/>\n<meta property=\"og:image\" content=\"https:\/\/www.casaldelsinfants.org\/wp-content\/uploads\/casal_dels_infants_aula_badalona-scaled.jpg\" \/>\n\t<meta property=\"og:image:width\" content=\"2560\" \/>\n\t<meta property=\"og:image:height\" content=\"1922\" \/>\n\t<meta property=\"og:image:type\" content=\"image\/jpeg\" \/>\n<meta name=\"author\" content=\"cdiAdmin\" \/>\n<meta name=\"twitter:card\" content=\"summary_large_image\" \/>\n<meta name=\"twitter:creator\" content=\"@casalinfants\" \/>\n<meta name=\"twitter:site\" content=\"@casalinfants\" \/>\n<meta name=\"twitter:label1\" content=\"Escrito por\" \/>\n\t<meta name=\"twitter:data1\" content=\"cdiAdmin\" \/>\n\t<meta name=\"twitter:label2\" content=\"Tiempo de lectura\" \/>\n\t<meta name=\"twitter:data2\" content=\"10 minutos\" \/>\n<script type=\"application\/ld+json\" class=\"yoast-schema-graph\">{\"@context\":\"https:\\\/\\\/schema.org\",\"@graph\":[{\"@type\":\"Article\",\"@id\":\"https:\\\/\\\/www.casaldelsinfants.org\\\/es\\\/actualidad\\\/deberes-pendientes-prioridades-atencion-infancia-en-riesgo\\\/#article\",\"isPartOf\":{\"@id\":\"https:\\\/\\\/www.casaldelsinfants.org\\\/es\\\/actualidad\\\/deberes-pendientes-prioridades-atencion-infancia-en-riesgo\\\/\"},\"author\":{\"name\":\"cdiAdmin\",\"@id\":\"https:\\\/\\\/www.casaldelsinfants.org\\\/es\\\/#\\\/schema\\\/person\\\/97707fc8c64900cf36891127dbf9fba8\"},\"headline\":\"Nuevo curso, deberes pendientes (II): las prioridades en la atenci\u00f3n a la infancia, las familias y la juventud en riesgo\",\"datePublished\":\"2020-09-15T05:41:11+00:00\",\"dateModified\":\"2023-04-04T11:10:14+00:00\",\"mainEntityOfPage\":{\"@id\":\"https:\\\/\\\/www.casaldelsinfants.org\\\/es\\\/actualidad\\\/deberes-pendientes-prioridades-atencion-infancia-en-riesgo\\\/\"},\"wordCount\":1709,\"commentCount\":0,\"publisher\":{\"@id\":\"https:\\\/\\\/www.casaldelsinfants.org\\\/es\\\/#organization\"},\"image\":{\"@id\":\"https:\\\/\\\/www.casaldelsinfants.org\\\/es\\\/actualidad\\\/deberes-pendientes-prioridades-atencion-infancia-en-riesgo\\\/#primaryimage\"},\"thumbnailUrl\":\"https:\\\/\\\/www.casaldelsinfants.org\\\/wp-content\\\/uploads\\\/casal_dels_infants_aula_badalona-scaled.jpg\",\"articleSection\":[\"Reportaje\"],\"inLanguage\":\"es\",\"potentialAction\":[{\"@type\":\"CommentAction\",\"name\":\"Comment\",\"target\":[\"https:\\\/\\\/www.casaldelsinfants.org\\\/es\\\/actualidad\\\/deberes-pendientes-prioridades-atencion-infancia-en-riesgo\\\/#respond\"]}]},{\"@type\":\"WebPage\",\"@id\":\"https:\\\/\\\/www.casaldelsinfants.org\\\/es\\\/actualidad\\\/deberes-pendientes-prioridades-atencion-infancia-en-riesgo\\\/\",\"url\":\"https:\\\/\\\/www.casaldelsinfants.org\\\/es\\\/actualidad\\\/deberes-pendientes-prioridades-atencion-infancia-en-riesgo\\\/\",\"name\":\"Nuevo curso, deberes pendientes (II): las prioridades en la atenci\u00f3n a la infancia, las familias y la juventud en riesgo - Casal dels Infants\",\"isPartOf\":{\"@id\":\"https:\\\/\\\/www.casaldelsinfants.org\\\/es\\\/#website\"},\"primaryImageOfPage\":{\"@id\":\"https:\\\/\\\/www.casaldelsinfants.org\\\/es\\\/actualidad\\\/deberes-pendientes-prioridades-atencion-infancia-en-riesgo\\\/#primaryimage\"},\"image\":{\"@id\":\"https:\\\/\\\/www.casaldelsinfants.org\\\/es\\\/actualidad\\\/deberes-pendientes-prioridades-atencion-infancia-en-riesgo\\\/#primaryimage\"},\"thumbnailUrl\":\"https:\\\/\\\/www.casaldelsinfants.org\\\/wp-content\\\/uploads\\\/casal_dels_infants_aula_badalona-scaled.jpg\",\"datePublished\":\"2020-09-15T05:41:11+00:00\",\"dateModified\":\"2023-04-04T11:10:14+00:00\",\"breadcrumb\":{\"@id\":\"https:\\\/\\\/www.casaldelsinfants.org\\\/es\\\/actualidad\\\/deberes-pendientes-prioridades-atencion-infancia-en-riesgo\\\/#breadcrumb\"},\"inLanguage\":\"es\",\"potentialAction\":[{\"@type\":\"ReadAction\",\"target\":[\"https:\\\/\\\/www.casaldelsinfants.org\\\/es\\\/actualidad\\\/deberes-pendientes-prioridades-atencion-infancia-en-riesgo\\\/\"]}]},{\"@type\":\"ImageObject\",\"inLanguage\":\"es\",\"@id\":\"https:\\\/\\\/www.casaldelsinfants.org\\\/es\\\/actualidad\\\/deberes-pendientes-prioridades-atencion-infancia-en-riesgo\\\/#primaryimage\",\"url\":\"https:\\\/\\\/www.casaldelsinfants.org\\\/wp-content\\\/uploads\\\/casal_dels_infants_aula_badalona-scaled.jpg\",\"contentUrl\":\"https:\\\/\\\/www.casaldelsinfants.org\\\/wp-content\\\/uploads\\\/casal_dels_infants_aula_badalona-scaled.jpg\",\"width\":2560,\"height\":1922,\"caption\":\"Monitor explicant\"},{\"@type\":\"BreadcrumbList\",\"@id\":\"https:\\\/\\\/www.casaldelsinfants.org\\\/es\\\/actualidad\\\/deberes-pendientes-prioridades-atencion-infancia-en-riesgo\\\/#breadcrumb\",\"itemListElement\":[{\"@type\":\"ListItem\",\"position\":1,\"name\":\"Inici\",\"item\":\"https:\\\/\\\/www.casaldelsinfants.org\\\/es\\\/\"},{\"@type\":\"ListItem\",\"position\":2,\"name\":\"Nuevo curso, deberes pendientes (II): las prioridades en la atenci\u00f3n a la infancia, las familias y la juventud en riesgo\"}]},{\"@type\":\"WebSite\",\"@id\":\"https:\\\/\\\/www.casaldelsinfants.org\\\/es\\\/#website\",\"url\":\"https:\\\/\\\/www.casaldelsinfants.org\\\/es\\\/\",\"name\":\"Casal dels Infants\",\"description\":\"\",\"publisher\":{\"@id\":\"https:\\\/\\\/www.casaldelsinfants.org\\\/es\\\/#organization\"},\"potentialAction\":[{\"@type\":\"SearchAction\",\"target\":{\"@type\":\"EntryPoint\",\"urlTemplate\":\"https:\\\/\\\/www.casaldelsinfants.org\\\/es\\\/?s={search_term_string}\"},\"query-input\":{\"@type\":\"PropertyValueSpecification\",\"valueRequired\":true,\"valueName\":\"search_term_string\"}}],\"inLanguage\":\"es\"},{\"@type\":\"Organization\",\"@id\":\"https:\\\/\\\/www.casaldelsinfants.org\\\/es\\\/#organization\",\"name\":\"Casal dels Infants\",\"url\":\"https:\\\/\\\/www.casaldelsinfants.org\\\/es\\\/\",\"logo\":{\"@type\":\"ImageObject\",\"inLanguage\":\"es\",\"@id\":\"https:\\\/\\\/www.casaldelsinfants.org\\\/es\\\/#\\\/schema\\\/logo\\\/image\\\/\",\"url\":\"https:\\\/\\\/www.casaldelsinfants.org\\\/wp-content\\\/uploads\\\/logo-mail.png\",\"contentUrl\":\"https:\\\/\\\/www.casaldelsinfants.org\\\/wp-content\\\/uploads\\\/logo-mail.png\",\"width\":380,\"height\":158,\"caption\":\"Casal dels Infants\"},\"image\":{\"@id\":\"https:\\\/\\\/www.casaldelsinfants.org\\\/es\\\/#\\\/schema\\\/logo\\\/image\\\/\"},\"sameAs\":[\"https:\\\/\\\/www.facebook.com\\\/casalinfants\",\"https:\\\/\\\/x.com\\\/casalinfants\",\"https:\\\/\\\/www.youtube.com\\\/user\\\/CasaldelsInfants1\",\"https:\\\/\\\/www.instagram.com\\\/casalinfants\\\/\",\"https:\\\/\\\/www.linkedin.com\\\/company\\\/casaldelsinfants?trk=organization-update_share-update_actor-text\"]},{\"@type\":\"Person\",\"@id\":\"https:\\\/\\\/www.casaldelsinfants.org\\\/es\\\/#\\\/schema\\\/person\\\/97707fc8c64900cf36891127dbf9fba8\",\"name\":\"cdiAdmin\",\"sameAs\":[\"https:\\\/\\\/casaldelsinfants.org\"]}]}<\/script>\n<!-- \/ Yoast SEO plugin. -->","yoast_head_json":{"title":"Nuevo curso, deberes pendientes (II): las prioridades en la atenci\u00f3n a la infancia, las familias y la juventud en riesgo - Casal dels Infants","robots":{"index":"index","follow":"follow","max-snippet":"max-snippet:-1","max-image-preview":"max-image-preview:large","max-video-preview":"max-video-preview:-1"},"canonical":"https:\/\/www.casaldelsinfants.org\/es\/actualidad\/deberes-pendientes-prioridades-atencion-infancia-en-riesgo\/","og_locale":"es_ES","og_type":"article","og_title":"Nuevo curso, deberes pendientes (II): las prioridades en la atenci\u00f3n a la infancia, las familias y la juventud en riesgo - Casal dels Infants","og_description":"\u00a0  El inicio del nuevo curso escolar debe\u00a0servir para poner de una vez por todas a la infancia en el centro de las medidas urgentes para combatir la crisis socioecon\u00f3mica de la Covid-19. El derecho a la educaci\u00f3n en igualdad de condiciones centra el debate estos d\u00edas, y es necesario que sea una prioridad, pero tambi\u00e9n es imprescindible garantizar y fortalecer los servicios de atenci\u00f3n y prevenci\u00f3n de las situaciones de riesgo de exclusi\u00f3n social entre los ni\u00f1os y ni\u00f1as. Hacen falta, as\u00ed mismo, m\u00e1s recursos y agilidad administrativa para que las familias con hijos e hijas a carga que est\u00e1n con el agua al cuello puedan salir adelante. En cuanto a los j\u00f3venes, es necesario destinar esfuerzos para que su itinerario hacia la adultez no se vea truncado, y esto pasa por que puedan continuar estudiando y prepar\u00e1ndose para el mundo laboral. La atenci\u00f3n en clave de emergencia no nos debe hacer perder de vista la situaci\u00f3n de partida antes de la pandemia: urgen pol\u00edticas p\u00fablicas contra las desigualdades estructurales ya arrastr\u00e1bamos.","og_url":"https:\/\/www.casaldelsinfants.org\/es\/actualidad\/deberes-pendientes-prioridades-atencion-infancia-en-riesgo\/","og_site_name":"Casal dels Infants","article_publisher":"https:\/\/www.facebook.com\/casalinfants","article_published_time":"2020-09-15T05:41:11+00:00","article_modified_time":"2023-04-04T11:10:14+00:00","og_image":[{"width":2560,"height":1922,"url":"https:\/\/www.casaldelsinfants.org\/wp-content\/uploads\/casal_dels_infants_aula_badalona-scaled.jpg","type":"image\/jpeg"}],"author":"cdiAdmin","twitter_card":"summary_large_image","twitter_creator":"@casalinfants","twitter_site":"@casalinfants","twitter_misc":{"Escrito por":"cdiAdmin","Tiempo de lectura":"10 minutos"},"schema":{"@context":"https:\/\/schema.org","@graph":[{"@type":"Article","@id":"https:\/\/www.casaldelsinfants.org\/es\/actualidad\/deberes-pendientes-prioridades-atencion-infancia-en-riesgo\/#article","isPartOf":{"@id":"https:\/\/www.casaldelsinfants.org\/es\/actualidad\/deberes-pendientes-prioridades-atencion-infancia-en-riesgo\/"},"author":{"name":"cdiAdmin","@id":"https:\/\/www.casaldelsinfants.org\/es\/#\/schema\/person\/97707fc8c64900cf36891127dbf9fba8"},"headline":"Nuevo curso, deberes pendientes (II): las prioridades en la atenci\u00f3n a la infancia, las familias y la juventud en riesgo","datePublished":"2020-09-15T05:41:11+00:00","dateModified":"2023-04-04T11:10:14+00:00","mainEntityOfPage":{"@id":"https:\/\/www.casaldelsinfants.org\/es\/actualidad\/deberes-pendientes-prioridades-atencion-infancia-en-riesgo\/"},"wordCount":1709,"commentCount":0,"publisher":{"@id":"https:\/\/www.casaldelsinfants.org\/es\/#organization"},"image":{"@id":"https:\/\/www.casaldelsinfants.org\/es\/actualidad\/deberes-pendientes-prioridades-atencion-infancia-en-riesgo\/#primaryimage"},"thumbnailUrl":"https:\/\/www.casaldelsinfants.org\/wp-content\/uploads\/casal_dels_infants_aula_badalona-scaled.jpg","articleSection":["Reportaje"],"inLanguage":"es","potentialAction":[{"@type":"CommentAction","name":"Comment","target":["https:\/\/www.casaldelsinfants.org\/es\/actualidad\/deberes-pendientes-prioridades-atencion-infancia-en-riesgo\/#respond"]}]},{"@type":"WebPage","@id":"https:\/\/www.casaldelsinfants.org\/es\/actualidad\/deberes-pendientes-prioridades-atencion-infancia-en-riesgo\/","url":"https:\/\/www.casaldelsinfants.org\/es\/actualidad\/deberes-pendientes-prioridades-atencion-infancia-en-riesgo\/","name":"Nuevo curso, deberes pendientes (II): las prioridades en la atenci\u00f3n a la infancia, las familias y la juventud en riesgo - Casal dels Infants","isPartOf":{"@id":"https:\/\/www.casaldelsinfants.org\/es\/#website"},"primaryImageOfPage":{"@id":"https:\/\/www.casaldelsinfants.org\/es\/actualidad\/deberes-pendientes-prioridades-atencion-infancia-en-riesgo\/#primaryimage"},"image":{"@id":"https:\/\/www.casaldelsinfants.org\/es\/actualidad\/deberes-pendientes-prioridades-atencion-infancia-en-riesgo\/#primaryimage"},"thumbnailUrl":"https:\/\/www.casaldelsinfants.org\/wp-content\/uploads\/casal_dels_infants_aula_badalona-scaled.jpg","datePublished":"2020-09-15T05:41:11+00:00","dateModified":"2023-04-04T11:10:14+00:00","breadcrumb":{"@id":"https:\/\/www.casaldelsinfants.org\/es\/actualidad\/deberes-pendientes-prioridades-atencion-infancia-en-riesgo\/#breadcrumb"},"inLanguage":"es","potentialAction":[{"@type":"ReadAction","target":["https:\/\/www.casaldelsinfants.org\/es\/actualidad\/deberes-pendientes-prioridades-atencion-infancia-en-riesgo\/"]}]},{"@type":"ImageObject","inLanguage":"es","@id":"https:\/\/www.casaldelsinfants.org\/es\/actualidad\/deberes-pendientes-prioridades-atencion-infancia-en-riesgo\/#primaryimage","url":"https:\/\/www.casaldelsinfants.org\/wp-content\/uploads\/casal_dels_infants_aula_badalona-scaled.jpg","contentUrl":"https:\/\/www.casaldelsinfants.org\/wp-content\/uploads\/casal_dels_infants_aula_badalona-scaled.jpg","width":2560,"height":1922,"caption":"Monitor explicant"},{"@type":"BreadcrumbList","@id":"https:\/\/www.casaldelsinfants.org\/es\/actualidad\/deberes-pendientes-prioridades-atencion-infancia-en-riesgo\/#breadcrumb","itemListElement":[{"@type":"ListItem","position":1,"name":"Inici","item":"https:\/\/www.casaldelsinfants.org\/es\/"},{"@type":"ListItem","position":2,"name":"Nuevo curso, deberes pendientes (II): las prioridades en la atenci\u00f3n a la infancia, las familias y la juventud en riesgo"}]},{"@type":"WebSite","@id":"https:\/\/www.casaldelsinfants.org\/es\/#website","url":"https:\/\/www.casaldelsinfants.org\/es\/","name":"Casal dels Infants","description":"","publisher":{"@id":"https:\/\/www.casaldelsinfants.org\/es\/#organization"},"potentialAction":[{"@type":"SearchAction","target":{"@type":"EntryPoint","urlTemplate":"https:\/\/www.casaldelsinfants.org\/es\/?s={search_term_string}"},"query-input":{"@type":"PropertyValueSpecification","valueRequired":true,"valueName":"search_term_string"}}],"inLanguage":"es"},{"@type":"Organization","@id":"https:\/\/www.casaldelsinfants.org\/es\/#organization","name":"Casal dels Infants","url":"https:\/\/www.casaldelsinfants.org\/es\/","logo":{"@type":"ImageObject","inLanguage":"es","@id":"https:\/\/www.casaldelsinfants.org\/es\/#\/schema\/logo\/image\/","url":"https:\/\/www.casaldelsinfants.org\/wp-content\/uploads\/logo-mail.png","contentUrl":"https:\/\/www.casaldelsinfants.org\/wp-content\/uploads\/logo-mail.png","width":380,"height":158,"caption":"Casal dels Infants"},"image":{"@id":"https:\/\/www.casaldelsinfants.org\/es\/#\/schema\/logo\/image\/"},"sameAs":["https:\/\/www.facebook.com\/casalinfants","https:\/\/x.com\/casalinfants","https:\/\/www.youtube.com\/user\/CasaldelsInfants1","https:\/\/www.instagram.com\/casalinfants\/","https:\/\/www.linkedin.com\/company\/casaldelsinfants?trk=organization-update_share-update_actor-text"]},{"@type":"Person","@id":"https:\/\/www.casaldelsinfants.org\/es\/#\/schema\/person\/97707fc8c64900cf36891127dbf9fba8","name":"cdiAdmin","sameAs":["https:\/\/casaldelsinfants.org"]}]}},"publishpress_future_action":{"enabled":false,"date":"2026-05-08 07:05:39","action":"change-status","newStatus":"draft","terms":[],"taxonomy":"category","extraData":[]},"publishpress_future_workflow_manual_trigger":{"enabledWorkflows":[]},"_links":{"self":[{"href":"https:\/\/www.casaldelsinfants.org\/es\/wp-json\/wp\/v2\/posts\/4346","targetHints":{"allow":["GET"]}}],"collection":[{"href":"https:\/\/www.casaldelsinfants.org\/es\/wp-json\/wp\/v2\/posts"}],"about":[{"href":"https:\/\/www.casaldelsinfants.org\/es\/wp-json\/wp\/v2\/types\/post"}],"author":[{"embeddable":true,"href":"https:\/\/www.casaldelsinfants.org\/es\/wp-json\/wp\/v2\/users\/1"}],"replies":[{"embeddable":true,"href":"https:\/\/www.casaldelsinfants.org\/es\/wp-json\/wp\/v2\/comments?post=4346"}],"version-history":[{"count":2,"href":"https:\/\/www.casaldelsinfants.org\/es\/wp-json\/wp\/v2\/posts\/4346\/revisions"}],"predecessor-version":[{"id":9571,"href":"https:\/\/www.casaldelsinfants.org\/es\/wp-json\/wp\/v2\/posts\/4346\/revisions\/9571"}],"wp:featuredmedia":[{"embeddable":true,"href":"https:\/\/www.casaldelsinfants.org\/es\/wp-json\/wp\/v2\/media\/3177"}],"wp:attachment":[{"href":"https:\/\/www.casaldelsinfants.org\/es\/wp-json\/wp\/v2\/media?parent=4346"}],"wp:term":[{"taxonomy":"category","embeddable":true,"href":"https:\/\/www.casaldelsinfants.org\/es\/wp-json\/wp\/v2\/categories?post=4346"},{"taxonomy":"post_tag","embeddable":true,"href":"https:\/\/www.casaldelsinfants.org\/es\/wp-json\/wp\/v2\/tags?post=4346"},{"taxonomy":"seus","embeddable":true,"href":"https:\/\/www.casaldelsinfants.org\/es\/wp-json\/wp\/v2\/seus?post=4346"},{"taxonomy":"eixos","embeddable":true,"href":"https:\/\/www.casaldelsinfants.org\/es\/wp-json\/wp\/v2\/eixos?post=4346"}],"curies":[{"name":"wp","href":"https:\/\/api.w.org\/{rel}","templated":true}]}}