{"id":4347,"date":"2020-08-21T08:45:24","date_gmt":"2020-08-21T06:45:24","guid":{"rendered":"https:\/\/casal.puntzero.cat\/noticies\/ingressos-inassolibles-renovar-la-residencia-lenesima-vulneracio-dels-drets-del-jovent\/"},"modified":"2022-08-17T11:18:33","modified_gmt":"2022-08-17T09:18:33","slug":"ingressos-inassolibles-renovar-la-residencia-lenesima-vulneracio-dels-drets-del-jovent","status":"publish","type":"post","link":"https:\/\/www.casaldelsinfants.org\/es\/actualidad\/renovar-residencia-derechos-jovenes\/","title":{"rendered":"Ingresos inalcanzables para renovar la residencia: la en\u00e9sima vulneraci\u00f3n de los derechos de la juventud migrada"},"content":{"rendered":"<p class=\"text-align-center\"><u>Lee el comunicado de FEPA, FEDAIA y ECAS que denuncia el endurecimiento de los criterios para renovar la residencia a j\u00f3venes mayores de 18 a\u00f1os (en catal<\/u>\u00e1n)<\/p>\n<p>\u00a0<\/p>\n<p><span style=\"color:#000000;\">Nos encontramos con Moha y Abdel en el piso de nuestro Servicio de Transici\u00f3n a la Autonom\u00eda (STA) que comparten en el barrio del Poblenou con otros dos compa\u00f1eros. Nos acompa\u00f1a Hammid, educador del STA, y a Andr\u00e9s y Malena, que preparan un reportaje para el Diario de Barcelona. Nos sentamos en el comedor y charlamos sobre la situaci\u00f3n de Moha y Abdel: qui\u00e9nes son, de donde vienen, c\u00f3mo han pasado el confinamiento, qu\u00e9 tal les va el verano\u2026 Pero la conversaci\u00f3n enseguida choca con un muro al hablar del futuro: los papeles, el problema de siempre.<\/span><\/p>\n<p><span style=\"color:#000000;\">\u201cMe he pasado casi seis a\u00f1os en un centro de menores y ahora no tengo el permiso de trabajo y se me acaba el de residencia en octubre\u201d, explica Abdel. Tiene 20 a\u00f1os y lleg\u00f3 solo de Marruecos siendo menor de edad. Cuando sali\u00f3 del centro de menores, vivi\u00f3 un tiempo con una amiga. En mayo empez\u00f3 a participar en el STA, que acompa\u00f1a a j\u00f3venes mayores de edad que no tienen vivienda o no la tienen de forma estable, en muchos casos migrantes. Los chicos y chicas acuerdan con el equipo educativo un itinerario formativo y de inserci\u00f3n laboral, y pasan a compartir uno de los seis pisos del servicio con otros j\u00f3venes. El objetivo es que adquieran las herramientas para llegar a valerse por si mismos y llevar una vida independiente, en un itinerario que de media dura unos 18 meses y durante el cual tambi\u00e9n reciben apoyo emocional y asesoramiento del equipo.<\/span><\/p>\n<p><span style=\"color:#000000;\">Hammid explica que los chicos y chicas migrados cada vez tienen m\u00e1s claro a donde vienen y los esfuerzos que tienen que hacer para triunfar, pero que la normativa vigente cada vez se lo pone m\u00e1s dif\u00edcil: \u201cConseguir los papeles es, desde hace muchos a\u00f1os, el factor cr\u00edtico que dificulta que los itinerarios de los j\u00f3venes salgan adelante. La ley ha cambiado cada vez a peor\u201d.<\/span><\/p>\n<p><span style=\"color:#000000;\">El \u00faltimo cambio, en este caso un nuevo criterio de interpretaci\u00f3n de la Ley de extranjer\u00eda que ha fijado una sentencia del Tribunal Supremos, es una estocada definitiva. A partir de ahora, para renovar el permiso de residencia no lucrativa \u2014el que no autoriza a trabajar\u2014, las y los j\u00f3venes migrados necesitar\u00e1n acreditar unos ingresos propios de un m\u00ednimo del 100% del Indicador P\u00fablico de Renda de Efectos M\u00faltiples (IPREM), que equivale a 540 euros al mes. En e caso de las segundas renovaciones, el requisito es el 400% del IPREM, 2.100 euros mensuales.<\/span><\/p>\n<p><span style=\"color:#000000;\">Estos ingresos ya no podr\u00e1n venir de prestaciones sociales o ayudas sociales, como se pod\u00eda acreditar hasta ahora. En el STA, por ejemplo, los chicos y chicas tienen el alquiler del piso pagado y una beca para afrontar necesidades b\u00e1sicas como la alimentaci\u00f3n, una ayuda que hasta ahora se pod\u00eda contabilizar como ingresos de los j\u00f3venes a la hora de renovar el permiso de residencia. Los que reciben una prestaci\u00f3n del \u00c0rea de Suport als Joves Tutelats i Extutelats (ASJTET) tampoco podr\u00e1n acreditarla como ingresos propios. \u201cEs absurdo, incongruente y surrealista pedirle a un joven que no tiene permiso para trabajar unos ingresos propios de 540 o 2100 euros, porque no los puede conseguir de ninguna manera\u201d, valora Hammid.<\/span><\/p>\n<p>\u00a0<\/p>\n<figure role=\"group\" class=\"align-center\">\n<img decoding=\"async\" alt=\"En Hammid, durant la conversa amb l'Andr\u00e9s i la Malena\" data-entity-type=\"file\" data-entity-uuid=\"5d1683ff-8339-4bc0-9d57-90eabc9ae86a\" data-image-style=\"large\" height=\"360\" src=\"\/wp-content\/uploads\/inline-images\/WhatsApp%20Image%202020-08-06%20at%2017.38.23%20%284%29.jpeg\" typeof=\"foaf:Image\" width=\"480\" \/><figcaption>En Hammid, durant la conversa amb l&#8217;Andr\u00e9s i la Malena<\/figcaption><\/figure>\n<p>\u00a0<\/p>\n<p class=\"destacat-noticia\">Hammid Benhamou, educador del Casal dels Infants: <span style=\"color:#000000;\">\u201cEs absurdo, incongruente y surrealista pedirle a un joven que no tiene permiso para trabajar unos ingresos propios de 540 o 2100 euros, porque no los puede conseguir de ninguna manera\u201d<\/span><\/p>\n<p>\u00a0<\/p>\n<p><span style=\"color:#000000;\">Desde que se estableci\u00f3 la nueva interpretaci\u00f3n de la ley, tres j\u00f3venes que participan en el STA han visto denegada su solicitud de renovaci\u00f3n del permiso de residencia debido a este requisito de ingresos propios. \u201cAhora nos toca presentar un recurso a la Oficina de Extranjer\u00eda, y si nos lo deniegan, uno contencioso-administrativo. Este proceso puede durar un a\u00f1o y medio, y mientas no podemos derivar a los j\u00f3venes a una formaci\u00f3n o a cualquier otro reurso porque no tienen el permiso de residencia\u201d.<\/span><\/p>\n<p><span style=\"color:#000000;\">En el caso de Abdel, en octubre tendr\u00e1 que hacer el tr\u00e1mite de la renovaci\u00f3n, justo cuando empieza un Programa de Formaci\u00f3n e Inserci\u00f3n (PFI) en carnicer\u00eda. \u201c\u00bfC\u00f3mo quiere que consiga el dinero que me piden? No, no me considero una ciudadano con los mismos derechos que cualquier otro. Y hasta que no consiga el permiso de residencia con autorizaci\u00f3n para trabajar, no me creer\u00e9 que esta es mi tierra para siempre\u201d, nos explica \u00e9l mismo.<\/span><\/p>\n<p>\u00a0<\/p>\n<figure role=\"group\" class=\"align-center\">\n<img decoding=\"async\" alt=\"L'Abdel al pis que comparteix al Servei de Transici\u00f3 a l'Autonomia\" data-entity-type=\"file\" data-entity-uuid=\"8c95077f-e9cc-43f9-8a3e-a43606ff3b08\" data-image-style=\"large\" height=\"360\" src=\"\/wp-content\/uploads\/inline-images\/WhatsApp%20Image%202020-08-06%20at%2017.38.23%20%282%29.jpeg\" typeof=\"foaf:Image\" width=\"480\" \/><figcaption>L&#8217;Abdel al pis que comparteix al Servei de Transici\u00f3 a l&#8217;Autonomia<\/figcaption><\/figure>\n<p>\u00a0<\/p>\n<p class=\"destacat-noticia\">Adbel Dermouni, participant del Casal dels Infants:<span style=\"color:#000000;\"> \u00abNo me considero una ciudadano con los mismos derechos que cualquier otro\u00bb<\/span><\/p>\n<p><strong>El permiso de trabajo<\/strong><\/p>\n<p><span style=\"color:#000000;\">Moha s\u00ed que ha conseguido el permiso de residencia y trabajo, pero le ha costado sudor y l\u00e1grimas y es casi un milagro. Tiene 21 a\u00f1os y hace cinco que lleg\u00f3 al Estado. Tras un tiempo en Melilla, vino solo hacia Barcelona, donde poco despu\u00e9s empez\u00f3 a participar en el STA. Hizo un primer curso de electricidad, pero acab\u00f3 descubriendo su vocaci\u00f3n de cocinero en el Aula de Hosteler\u00eda del Casal dels Infants, una formaci\u00f3n que complement\u00f3 haciendo un PFI en hosteler\u00eda.<\/span><\/p>\n<p><span style=\"color:#000000;\">Hace unos meses hizo pr\u00e1cticas en un restaurante de Bellaterra, y quedaron muy contentos con \u00e9l. Para conseguir la autorizaci\u00f3n para trabajar, tal como establece la Ley de extranjer\u00eda, Moha necesitaba encontrar una empresa que le ofreciera un contrato de trabajo de un a\u00f1o con un sueldo que superar el salario m\u00ednimo a jornada completa, entre otros requisitos.<\/span><\/p>\n<p><span style=\"color:#000000;\">En el restaurante estaban tan satisfechos con \u00e9l que se las apa\u00f1aron para hacerle una oferta que cumpliera con los requisitos. Todo se complic\u00f3 con la Covid-19 y el estallido de la crisis econ\u00f3mica que provoc\u00f3: a los responsables del restaurante no les cuadraron los n\u00fameros, y le dijeron que ten\u00eda que esperar unos meses para poder contratarlo. Ahora, finalmente, han podido volver a hacerle la oferta, y Moha ha empezado los tr\u00e1mites para conseguir el permiso de residencia y trabajo.<\/span><\/p>\n<p><span style=\"color:#000000;\">Historias como las de Moha, sin embargo, son una excepci\u00f3n, explica Hammid: \u201cHay que tener en cuenta que la juventud tiene poca experiencia profesional y muy pocas oportunidades de trabajo \u2014el paro es del 28% en Catalunya para quienes tienen entre 16 y 24 a\u00f1os\u2014.\u201d Y si hablamos de los y las j\u00f3venes migrados, que tienen menos competencias ling\u00fc\u00edsticas, es todav\u00eda m\u00e1s complicado. \u201cSi una empresa, pese a todo, decide apostar por alguien extranjero y ofrecerle los 13.000 euros anuales del salario m\u00ednimo, tendr\u00e1 que esperar meses, incluso un a\u00f1o, a que la Oficina de Extranjer\u00eda acabe el tr\u00e1mite y conceda el permiso de trabajo. Pocos empresarios pueden esperar tanto tiempo\u2026\u201d.<\/span><\/p>\n<p><strong>M\u00e1s all\u00e1 de la ley, voluntad pol\u00edtica<\/strong><\/p>\n<p><span style=\"color:#000000;\">Que los j\u00f3venes tengan que hacer esta cursa de obst\u00e1culos para intentar tener los papeles en regla, sin embargo, no es solo culpa de la legislaci\u00f3n. \u201cEs un problema de voluntad pol\u00edtica. Mientras los j\u00f3venes est\u00e1n tutelados, la Direcci\u00f3 General d\u2019Atenci\u00f3 a la Inf\u00e0ncia i l\u2019Adolesc\u00e8ncia podr\u00eda tamitar-les el permiso de trabajo, pero no lo hace\u201d, se\u00f1ala Hammid. \u201cLa integraci\u00f3n se fomenta en la igualdad, y no se da cuando estos chicos y chicas no pueden trabajar, mientras cualquier otra persona de su edad s\u00ed que puede\u201d, a\u00f1ade.<\/span><\/p>\n<p><span style=\"color:#000000;\">\u201cPara m\u00ed, salir del centro de menores sin permiso de trabajo fue una p\u00e9rdida de tiempo. Yo lo que quer\u00eda era trabajar. Me obligaron a sacarme la ESO mientras estaba dentro. \u00bfY para qu\u00e9? Ahora no puedo trabajar\u201d, dice Abdel. Moha lo ve del mismo modo: \u201cEstudiar y formarte s\u00f3lo tiene sentido cuando sabes que tendr\u00e1s una oportunidad para trabajar, y a nosotros nos lo ponen muy dif\u00edcil\u201d.<\/span><\/p>\n<p><span style=\"color:#000000;\">M\u00e1s all\u00e1 de tramitar el permiso de trabajo mientras los j\u00f3venes est\u00e1n tutelados, Hammid insiste en que los centros de menores implementen programas de autonom\u00eda para j\u00f3venes de 16 a 18 a\u00f1os: \u201cLos chicos y chicas tendr\u00edan que estar aprendiendo a administrar dinero, a tener cuidado del hogar, y otras competencias para la vida independiente, pero nos llegan sin saber c\u00f3mo funciona un cajero o c\u00f3mo pagar una multa\u2026 Cuando llegan aqu\u00ed tenemos que hacer mucho trabajo que se podr\u00eda haber hecho antes\u201d.<\/span><\/p>\n<p><strong>Denuncia de FEPA, FEDAIA y\u00a0ECAS<\/strong><\/p>\n<p><span style=\"color:#000000;\">FEPA, FEDAIA y ECAS, las entidades de segundo nivel que impulsan la Alianza por la mejora del sistema de protecci\u00f3n de la infancia, la adolescencia y la juventud en situaci\u00f3n de vulnerabilidad, hicieron p\u00fablico el 21 de julio un comunicado denunciando que esta situaci\u00f3n \u201caboca a la irregularidad y la exclusi\u00f3n\u201d al colectivo de j\u00f3venes migrados solos.<\/span><\/p>\n<p><span style=\"color:#000000;\">As\u00ed mismo, el documento exige:<\/span><\/p>\n<p><span style=\"color:#000000;\">Modificar el Reglamento de Extranjer\u00eda y flexibilizar los criterios por parte de la Generalitat de Catalunya para que las personas menores de edad y en situaci\u00f3n de tutela obtengan el permiso de residencia y trabajo antes de cumplir los 18 a\u00f1os y salgan del sistema de atenci\u00f3n a la infancia y la adolescencia con posibilidades de emancipaci\u00f3n e integraci\u00f3n social y laboral.<\/span><\/p>\n<p><span style=\"color:#000000;\">Aplicar a las personas j\u00f3venes mayores de 18 a\u00f1os la excepcionalidad que nos consta que las instituciones del Gobierno espa\u00f1ol y sus Delegaciones y Subdelegaciones pueden aplicar para conceder las renovaciones del permiso de residencia y trabajo.<\/span><\/p>\n<p><span style=\"color:#000000;\">Procurar un cambio legislativo en el Parlamento de Catalunya para que se cambie la condici\u00f3n de disponer de residencia vigente para poder gozar de los servicios de la ASJTET.<\/span><\/p>\n<p>\u00a0<\/p>\n<blockquote>\n<p><strong>En el Casal dels Infants queremos seguir incidiendo para que se garanticen los derechos de la infancia, la juventud y las familias.<\/strong><\/p>\n<p><strong>Hazlo posible:<\/strong><\/p>\n<p><strong>Haz un donativo:\u00a0<\/strong><a href=\"https:\/\/www.casaldelsinfants.org\/es\/que-puedes-hacer-tu\/haz-un-donativo\/\">https:\/\/www.casaldelsinfants.org\/es\/que-puedes-hacer-tu\/haz-un-donativo\/<\/a><\/p>\n<p><strong>Haz voluntariado:<\/strong>\u00a0<a href=\"https:\/\/www.casaldelsinfants.org\/es\/que-puedes-hacer-tu\/voluntariado\/\">https:\/\/www.casaldelsinfants.org\/es\/que-puedes-hacer-tu\/voluntariado\/<\/a><\/p>\n<\/blockquote>\n","protected":false},"excerpt":{"rendered":"<p class=\"text-align-center\">\u00a0<\/p>\n<p class=\"text-align-center\">Una sentencia del Tribunal Supremo ha endurecido la interpretaci\u00f3n de la Ley de extranjer\u00eda, estableciendo requisitos inalcanzables para los y las j\u00f3venes migrados renueven el permiso de residencia. Una nueva vulneraci\u00f3n de sus derechos que llega en plena crisis econ\u00f3mica a ra\u00edz de la Covid-19. Pese a no generar, ni mucho menos, el alarmismo que provoc\u00f3 en los \u00faltimos veranos el aumento de llegadas de ni\u00f1os extranjeros sin red de apoyo, perpet\u00faa su estigmatizaci\u00f3n y discriminaci\u00f3n. Al marge de la ley, no hay suficiente voluntad pol\u00edtica para garantizar que estos chicos y chicas salgan de los centros de menores con el permiso de trabajo y otras herramientas para salir adelante con autonom\u00eda. Hablamos de ello con Moha y Abdel, participantes del Servicio de Transici\u00f3n a la Autonom\u00eda, y con Hammid, uno de sus educadores.<\/p>\n","protected":false},"author":1,"featured_media":3180,"comment_status":"open","ping_status":"open","sticky":false,"template":"","format":"standard","meta":{"_acf_changed":false,"_et_pb_use_builder":"","_et_pb_old_content":"","_et_gb_content_width":"","inline_featured_image":false,"footnotes":""},"categories":[105],"tags":[],"seus":[],"eixos":[102],"class_list":["post-4347","post","type-post","status-publish","format-standard","has-post-thumbnail","hentry","category-reportaje","eixos-jovenes"],"acf":[],"yoast_head":"<!-- This site is optimized with the Yoast SEO plugin v27.4 - https:\/\/yoast.com\/product\/yoast-seo-wordpress\/ -->\n<title>Ingresos inalcanzables para renovar la residencia: la en\u00e9sima vulneraci\u00f3n de los derechos de la juventud migrada - Casal dels Infants<\/title>\n<meta name=\"robots\" content=\"index, follow, max-snippet:-1, max-image-preview:large, max-video-preview:-1\" \/>\n<link rel=\"canonical\" href=\"https:\/\/www.casaldelsinfants.org\/es\/actualidad\/renovar-residencia-derechos-jovenes\/\" \/>\n<meta property=\"og:locale\" content=\"es_ES\" \/>\n<meta property=\"og:type\" content=\"article\" \/>\n<meta property=\"og:title\" content=\"Ingresos inalcanzables para renovar la residencia: la en\u00e9sima vulneraci\u00f3n de los derechos de la juventud migrada - Casal dels Infants\" \/>\n<meta property=\"og:description\" content=\"\u00a0 Una sentencia del Tribunal Supremo ha endurecido la interpretaci\u00f3n de la Ley de extranjer\u00eda, estableciendo requisitos inalcanzables para los y las j\u00f3venes migrados renueven el permiso de residencia. Una nueva vulneraci\u00f3n de sus derechos que llega en plena crisis econ\u00f3mica a ra\u00edz de la Covid-19. Pese a no generar, ni mucho menos, el alarmismo que provoc\u00f3 en los \u00faltimos veranos el aumento de llegadas de ni\u00f1os extranjeros sin red de apoyo, perpet\u00faa su estigmatizaci\u00f3n y discriminaci\u00f3n. Al marge de la ley, no hay suficiente voluntad pol\u00edtica para garantizar que estos chicos y chicas salgan de los centros de menores con el permiso de trabajo y otras herramientas para salir adelante con autonom\u00eda. Hablamos de ello con Moha y Abdel, participantes del Servicio de Transici\u00f3n a la Autonom\u00eda, y con Hammid, uno de sus educadores.\" \/>\n<meta property=\"og:url\" content=\"https:\/\/www.casaldelsinfants.org\/es\/actualidad\/renovar-residencia-derechos-jovenes\/\" \/>\n<meta property=\"og:site_name\" content=\"Casal dels Infants\" \/>\n<meta property=\"article:publisher\" content=\"https:\/\/www.facebook.com\/casalinfants\" \/>\n<meta property=\"article:published_time\" content=\"2020-08-21T06:45:24+00:00\" \/>\n<meta property=\"article:modified_time\" content=\"2022-08-17T09:18:33+00:00\" \/>\n<meta property=\"og:image\" content=\"https:\/\/www.casaldelsinfants.org\/wp-content\/uploads\/whatsapp_image_2020-08-06_at_17.38.23_3.jpeg\" \/>\n\t<meta property=\"og:image:width\" content=\"1600\" \/>\n\t<meta property=\"og:image:height\" content=\"1201\" \/>\n\t<meta property=\"og:image:type\" content=\"image\/jpeg\" \/>\n<meta name=\"author\" content=\"cdiAdmin\" \/>\n<meta name=\"twitter:card\" content=\"summary_large_image\" \/>\n<meta name=\"twitter:creator\" content=\"@casalinfants\" \/>\n<meta name=\"twitter:site\" content=\"@casalinfants\" \/>\n<meta name=\"twitter:label1\" content=\"Escrito por\" \/>\n\t<meta name=\"twitter:data1\" content=\"cdiAdmin\" \/>\n\t<meta name=\"twitter:label2\" content=\"Tiempo de lectura\" \/>\n\t<meta name=\"twitter:data2\" content=\"9 minutos\" \/>\n<script type=\"application\/ld+json\" class=\"yoast-schema-graph\">{\"@context\":\"https:\\\/\\\/schema.org\",\"@graph\":[{\"@type\":\"Article\",\"@id\":\"https:\\\/\\\/www.casaldelsinfants.org\\\/es\\\/actualidad\\\/renovar-residencia-derechos-jovenes\\\/#article\",\"isPartOf\":{\"@id\":\"https:\\\/\\\/www.casaldelsinfants.org\\\/es\\\/actualidad\\\/renovar-residencia-derechos-jovenes\\\/\"},\"author\":{\"name\":\"cdiAdmin\",\"@id\":\"https:\\\/\\\/www.casaldelsinfants.org\\\/es\\\/#\\\/schema\\\/person\\\/97707fc8c64900cf36891127dbf9fba8\"},\"headline\":\"Ingresos inalcanzables para renovar la residencia: la en\u00e9sima vulneraci\u00f3n de los derechos de la juventud migrada\",\"datePublished\":\"2020-08-21T06:45:24+00:00\",\"dateModified\":\"2022-08-17T09:18:33+00:00\",\"mainEntityOfPage\":{\"@id\":\"https:\\\/\\\/www.casaldelsinfants.org\\\/es\\\/actualidad\\\/renovar-residencia-derechos-jovenes\\\/\"},\"wordCount\":1746,\"commentCount\":0,\"publisher\":{\"@id\":\"https:\\\/\\\/www.casaldelsinfants.org\\\/es\\\/#organization\"},\"image\":{\"@id\":\"https:\\\/\\\/www.casaldelsinfants.org\\\/es\\\/actualidad\\\/renovar-residencia-derechos-jovenes\\\/#primaryimage\"},\"thumbnailUrl\":\"https:\\\/\\\/www.casaldelsinfants.org\\\/wp-content\\\/uploads\\\/whatsapp_image_2020-08-06_at_17.38.23_3.jpeg\",\"articleSection\":[\"Reportaje\"],\"inLanguage\":\"es\",\"potentialAction\":[{\"@type\":\"CommentAction\",\"name\":\"Comment\",\"target\":[\"https:\\\/\\\/www.casaldelsinfants.org\\\/es\\\/actualidad\\\/renovar-residencia-derechos-jovenes\\\/#respond\"]}]},{\"@type\":\"WebPage\",\"@id\":\"https:\\\/\\\/www.casaldelsinfants.org\\\/es\\\/actualidad\\\/renovar-residencia-derechos-jovenes\\\/\",\"url\":\"https:\\\/\\\/www.casaldelsinfants.org\\\/es\\\/actualidad\\\/renovar-residencia-derechos-jovenes\\\/\",\"name\":\"Ingresos inalcanzables para renovar la residencia: la en\u00e9sima vulneraci\u00f3n de los derechos de la juventud migrada - Casal dels Infants\",\"isPartOf\":{\"@id\":\"https:\\\/\\\/www.casaldelsinfants.org\\\/es\\\/#website\"},\"primaryImageOfPage\":{\"@id\":\"https:\\\/\\\/www.casaldelsinfants.org\\\/es\\\/actualidad\\\/renovar-residencia-derechos-jovenes\\\/#primaryimage\"},\"image\":{\"@id\":\"https:\\\/\\\/www.casaldelsinfants.org\\\/es\\\/actualidad\\\/renovar-residencia-derechos-jovenes\\\/#primaryimage\"},\"thumbnailUrl\":\"https:\\\/\\\/www.casaldelsinfants.org\\\/wp-content\\\/uploads\\\/whatsapp_image_2020-08-06_at_17.38.23_3.jpeg\",\"datePublished\":\"2020-08-21T06:45:24+00:00\",\"dateModified\":\"2022-08-17T09:18:33+00:00\",\"breadcrumb\":{\"@id\":\"https:\\\/\\\/www.casaldelsinfants.org\\\/es\\\/actualidad\\\/renovar-residencia-derechos-jovenes\\\/#breadcrumb\"},\"inLanguage\":\"es\",\"potentialAction\":[{\"@type\":\"ReadAction\",\"target\":[\"https:\\\/\\\/www.casaldelsinfants.org\\\/es\\\/actualidad\\\/renovar-residencia-derechos-jovenes\\\/\"]}]},{\"@type\":\"ImageObject\",\"inLanguage\":\"es\",\"@id\":\"https:\\\/\\\/www.casaldelsinfants.org\\\/es\\\/actualidad\\\/renovar-residencia-derechos-jovenes\\\/#primaryimage\",\"url\":\"https:\\\/\\\/www.casaldelsinfants.org\\\/wp-content\\\/uploads\\\/whatsapp_image_2020-08-06_at_17.38.23_3.jpeg\",\"contentUrl\":\"https:\\\/\\\/www.casaldelsinfants.org\\\/wp-content\\\/uploads\\\/whatsapp_image_2020-08-06_at_17.38.23_3.jpeg\",\"width\":1600,\"height\":1201,\"caption\":\"Joves migrants parlant amb el seu educador Hamid\"},{\"@type\":\"BreadcrumbList\",\"@id\":\"https:\\\/\\\/www.casaldelsinfants.org\\\/es\\\/actualidad\\\/renovar-residencia-derechos-jovenes\\\/#breadcrumb\",\"itemListElement\":[{\"@type\":\"ListItem\",\"position\":1,\"name\":\"Inici\",\"item\":\"https:\\\/\\\/www.casaldelsinfants.org\\\/es\\\/\"},{\"@type\":\"ListItem\",\"position\":2,\"name\":\"Ingresos inalcanzables para renovar la residencia: la en\u00e9sima vulneraci\u00f3n de los derechos de la juventud migrada\"}]},{\"@type\":\"WebSite\",\"@id\":\"https:\\\/\\\/www.casaldelsinfants.org\\\/es\\\/#website\",\"url\":\"https:\\\/\\\/www.casaldelsinfants.org\\\/es\\\/\",\"name\":\"Casal dels Infants\",\"description\":\"\",\"publisher\":{\"@id\":\"https:\\\/\\\/www.casaldelsinfants.org\\\/es\\\/#organization\"},\"potentialAction\":[{\"@type\":\"SearchAction\",\"target\":{\"@type\":\"EntryPoint\",\"urlTemplate\":\"https:\\\/\\\/www.casaldelsinfants.org\\\/es\\\/?s={search_term_string}\"},\"query-input\":{\"@type\":\"PropertyValueSpecification\",\"valueRequired\":true,\"valueName\":\"search_term_string\"}}],\"inLanguage\":\"es\"},{\"@type\":\"Organization\",\"@id\":\"https:\\\/\\\/www.casaldelsinfants.org\\\/es\\\/#organization\",\"name\":\"Casal dels Infants\",\"url\":\"https:\\\/\\\/www.casaldelsinfants.org\\\/es\\\/\",\"logo\":{\"@type\":\"ImageObject\",\"inLanguage\":\"es\",\"@id\":\"https:\\\/\\\/www.casaldelsinfants.org\\\/es\\\/#\\\/schema\\\/logo\\\/image\\\/\",\"url\":\"https:\\\/\\\/www.casaldelsinfants.org\\\/wp-content\\\/uploads\\\/logo-mail.png\",\"contentUrl\":\"https:\\\/\\\/www.casaldelsinfants.org\\\/wp-content\\\/uploads\\\/logo-mail.png\",\"width\":380,\"height\":158,\"caption\":\"Casal dels Infants\"},\"image\":{\"@id\":\"https:\\\/\\\/www.casaldelsinfants.org\\\/es\\\/#\\\/schema\\\/logo\\\/image\\\/\"},\"sameAs\":[\"https:\\\/\\\/www.facebook.com\\\/casalinfants\",\"https:\\\/\\\/x.com\\\/casalinfants\",\"https:\\\/\\\/www.youtube.com\\\/user\\\/CasaldelsInfants1\",\"https:\\\/\\\/www.instagram.com\\\/casalinfants\\\/\",\"https:\\\/\\\/www.linkedin.com\\\/company\\\/casaldelsinfants?trk=organization-update_share-update_actor-text\"]},{\"@type\":\"Person\",\"@id\":\"https:\\\/\\\/www.casaldelsinfants.org\\\/es\\\/#\\\/schema\\\/person\\\/97707fc8c64900cf36891127dbf9fba8\",\"name\":\"cdiAdmin\",\"sameAs\":[\"https:\\\/\\\/casaldelsinfants.org\"]}]}<\/script>\n<!-- \/ Yoast SEO plugin. -->","yoast_head_json":{"title":"Ingresos inalcanzables para renovar la residencia: la en\u00e9sima vulneraci\u00f3n de los derechos de la juventud migrada - Casal dels Infants","robots":{"index":"index","follow":"follow","max-snippet":"max-snippet:-1","max-image-preview":"max-image-preview:large","max-video-preview":"max-video-preview:-1"},"canonical":"https:\/\/www.casaldelsinfants.org\/es\/actualidad\/renovar-residencia-derechos-jovenes\/","og_locale":"es_ES","og_type":"article","og_title":"Ingresos inalcanzables para renovar la residencia: la en\u00e9sima vulneraci\u00f3n de los derechos de la juventud migrada - Casal dels Infants","og_description":"\u00a0 Una sentencia del Tribunal Supremo ha endurecido la interpretaci\u00f3n de la Ley de extranjer\u00eda, estableciendo requisitos inalcanzables para los y las j\u00f3venes migrados renueven el permiso de residencia. Una nueva vulneraci\u00f3n de sus derechos que llega en plena crisis econ\u00f3mica a ra\u00edz de la Covid-19. Pese a no generar, ni mucho menos, el alarmismo que provoc\u00f3 en los \u00faltimos veranos el aumento de llegadas de ni\u00f1os extranjeros sin red de apoyo, perpet\u00faa su estigmatizaci\u00f3n y discriminaci\u00f3n. Al marge de la ley, no hay suficiente voluntad pol\u00edtica para garantizar que estos chicos y chicas salgan de los centros de menores con el permiso de trabajo y otras herramientas para salir adelante con autonom\u00eda. Hablamos de ello con Moha y Abdel, participantes del Servicio de Transici\u00f3n a la Autonom\u00eda, y con Hammid, uno de sus educadores.","og_url":"https:\/\/www.casaldelsinfants.org\/es\/actualidad\/renovar-residencia-derechos-jovenes\/","og_site_name":"Casal dels Infants","article_publisher":"https:\/\/www.facebook.com\/casalinfants","article_published_time":"2020-08-21T06:45:24+00:00","article_modified_time":"2022-08-17T09:18:33+00:00","og_image":[{"width":1600,"height":1201,"url":"https:\/\/www.casaldelsinfants.org\/wp-content\/uploads\/whatsapp_image_2020-08-06_at_17.38.23_3.jpeg","type":"image\/jpeg"}],"author":"cdiAdmin","twitter_card":"summary_large_image","twitter_creator":"@casalinfants","twitter_site":"@casalinfants","twitter_misc":{"Escrito por":"cdiAdmin","Tiempo de lectura":"9 minutos"},"schema":{"@context":"https:\/\/schema.org","@graph":[{"@type":"Article","@id":"https:\/\/www.casaldelsinfants.org\/es\/actualidad\/renovar-residencia-derechos-jovenes\/#article","isPartOf":{"@id":"https:\/\/www.casaldelsinfants.org\/es\/actualidad\/renovar-residencia-derechos-jovenes\/"},"author":{"name":"cdiAdmin","@id":"https:\/\/www.casaldelsinfants.org\/es\/#\/schema\/person\/97707fc8c64900cf36891127dbf9fba8"},"headline":"Ingresos inalcanzables para renovar la residencia: la en\u00e9sima vulneraci\u00f3n de los derechos de la juventud migrada","datePublished":"2020-08-21T06:45:24+00:00","dateModified":"2022-08-17T09:18:33+00:00","mainEntityOfPage":{"@id":"https:\/\/www.casaldelsinfants.org\/es\/actualidad\/renovar-residencia-derechos-jovenes\/"},"wordCount":1746,"commentCount":0,"publisher":{"@id":"https:\/\/www.casaldelsinfants.org\/es\/#organization"},"image":{"@id":"https:\/\/www.casaldelsinfants.org\/es\/actualidad\/renovar-residencia-derechos-jovenes\/#primaryimage"},"thumbnailUrl":"https:\/\/www.casaldelsinfants.org\/wp-content\/uploads\/whatsapp_image_2020-08-06_at_17.38.23_3.jpeg","articleSection":["Reportaje"],"inLanguage":"es","potentialAction":[{"@type":"CommentAction","name":"Comment","target":["https:\/\/www.casaldelsinfants.org\/es\/actualidad\/renovar-residencia-derechos-jovenes\/#respond"]}]},{"@type":"WebPage","@id":"https:\/\/www.casaldelsinfants.org\/es\/actualidad\/renovar-residencia-derechos-jovenes\/","url":"https:\/\/www.casaldelsinfants.org\/es\/actualidad\/renovar-residencia-derechos-jovenes\/","name":"Ingresos inalcanzables para renovar la residencia: la en\u00e9sima vulneraci\u00f3n de los derechos de la juventud migrada - Casal dels Infants","isPartOf":{"@id":"https:\/\/www.casaldelsinfants.org\/es\/#website"},"primaryImageOfPage":{"@id":"https:\/\/www.casaldelsinfants.org\/es\/actualidad\/renovar-residencia-derechos-jovenes\/#primaryimage"},"image":{"@id":"https:\/\/www.casaldelsinfants.org\/es\/actualidad\/renovar-residencia-derechos-jovenes\/#primaryimage"},"thumbnailUrl":"https:\/\/www.casaldelsinfants.org\/wp-content\/uploads\/whatsapp_image_2020-08-06_at_17.38.23_3.jpeg","datePublished":"2020-08-21T06:45:24+00:00","dateModified":"2022-08-17T09:18:33+00:00","breadcrumb":{"@id":"https:\/\/www.casaldelsinfants.org\/es\/actualidad\/renovar-residencia-derechos-jovenes\/#breadcrumb"},"inLanguage":"es","potentialAction":[{"@type":"ReadAction","target":["https:\/\/www.casaldelsinfants.org\/es\/actualidad\/renovar-residencia-derechos-jovenes\/"]}]},{"@type":"ImageObject","inLanguage":"es","@id":"https:\/\/www.casaldelsinfants.org\/es\/actualidad\/renovar-residencia-derechos-jovenes\/#primaryimage","url":"https:\/\/www.casaldelsinfants.org\/wp-content\/uploads\/whatsapp_image_2020-08-06_at_17.38.23_3.jpeg","contentUrl":"https:\/\/www.casaldelsinfants.org\/wp-content\/uploads\/whatsapp_image_2020-08-06_at_17.38.23_3.jpeg","width":1600,"height":1201,"caption":"Joves migrants parlant amb el seu educador Hamid"},{"@type":"BreadcrumbList","@id":"https:\/\/www.casaldelsinfants.org\/es\/actualidad\/renovar-residencia-derechos-jovenes\/#breadcrumb","itemListElement":[{"@type":"ListItem","position":1,"name":"Inici","item":"https:\/\/www.casaldelsinfants.org\/es\/"},{"@type":"ListItem","position":2,"name":"Ingresos inalcanzables para renovar la residencia: la en\u00e9sima vulneraci\u00f3n de los derechos de la juventud migrada"}]},{"@type":"WebSite","@id":"https:\/\/www.casaldelsinfants.org\/es\/#website","url":"https:\/\/www.casaldelsinfants.org\/es\/","name":"Casal dels Infants","description":"","publisher":{"@id":"https:\/\/www.casaldelsinfants.org\/es\/#organization"},"potentialAction":[{"@type":"SearchAction","target":{"@type":"EntryPoint","urlTemplate":"https:\/\/www.casaldelsinfants.org\/es\/?s={search_term_string}"},"query-input":{"@type":"PropertyValueSpecification","valueRequired":true,"valueName":"search_term_string"}}],"inLanguage":"es"},{"@type":"Organization","@id":"https:\/\/www.casaldelsinfants.org\/es\/#organization","name":"Casal dels Infants","url":"https:\/\/www.casaldelsinfants.org\/es\/","logo":{"@type":"ImageObject","inLanguage":"es","@id":"https:\/\/www.casaldelsinfants.org\/es\/#\/schema\/logo\/image\/","url":"https:\/\/www.casaldelsinfants.org\/wp-content\/uploads\/logo-mail.png","contentUrl":"https:\/\/www.casaldelsinfants.org\/wp-content\/uploads\/logo-mail.png","width":380,"height":158,"caption":"Casal dels Infants"},"image":{"@id":"https:\/\/www.casaldelsinfants.org\/es\/#\/schema\/logo\/image\/"},"sameAs":["https:\/\/www.facebook.com\/casalinfants","https:\/\/x.com\/casalinfants","https:\/\/www.youtube.com\/user\/CasaldelsInfants1","https:\/\/www.instagram.com\/casalinfants\/","https:\/\/www.linkedin.com\/company\/casaldelsinfants?trk=organization-update_share-update_actor-text"]},{"@type":"Person","@id":"https:\/\/www.casaldelsinfants.org\/es\/#\/schema\/person\/97707fc8c64900cf36891127dbf9fba8","name":"cdiAdmin","sameAs":["https:\/\/casaldelsinfants.org"]}]}},"publishpress_future_action":{"enabled":false,"date":"2026-05-06 07:44:00","action":"change-status","newStatus":"draft","terms":[],"taxonomy":"category","extraData":[]},"publishpress_future_workflow_manual_trigger":{"enabledWorkflows":[]},"_links":{"self":[{"href":"https:\/\/www.casaldelsinfants.org\/es\/wp-json\/wp\/v2\/posts\/4347","targetHints":{"allow":["GET"]}}],"collection":[{"href":"https:\/\/www.casaldelsinfants.org\/es\/wp-json\/wp\/v2\/posts"}],"about":[{"href":"https:\/\/www.casaldelsinfants.org\/es\/wp-json\/wp\/v2\/types\/post"}],"author":[{"embeddable":true,"href":"https:\/\/www.casaldelsinfants.org\/es\/wp-json\/wp\/v2\/users\/1"}],"replies":[{"embeddable":true,"href":"https:\/\/www.casaldelsinfants.org\/es\/wp-json\/wp\/v2\/comments?post=4347"}],"version-history":[{"count":1,"href":"https:\/\/www.casaldelsinfants.org\/es\/wp-json\/wp\/v2\/posts\/4347\/revisions"}],"predecessor-version":[{"id":6306,"href":"https:\/\/www.casaldelsinfants.org\/es\/wp-json\/wp\/v2\/posts\/4347\/revisions\/6306"}],"wp:featuredmedia":[{"embeddable":true,"href":"https:\/\/www.casaldelsinfants.org\/es\/wp-json\/wp\/v2\/media\/3180"}],"wp:attachment":[{"href":"https:\/\/www.casaldelsinfants.org\/es\/wp-json\/wp\/v2\/media?parent=4347"}],"wp:term":[{"taxonomy":"category","embeddable":true,"href":"https:\/\/www.casaldelsinfants.org\/es\/wp-json\/wp\/v2\/categories?post=4347"},{"taxonomy":"post_tag","embeddable":true,"href":"https:\/\/www.casaldelsinfants.org\/es\/wp-json\/wp\/v2\/tags?post=4347"},{"taxonomy":"seus","embeddable":true,"href":"https:\/\/www.casaldelsinfants.org\/es\/wp-json\/wp\/v2\/seus?post=4347"},{"taxonomy":"eixos","embeddable":true,"href":"https:\/\/www.casaldelsinfants.org\/es\/wp-json\/wp\/v2\/eixos?post=4347"}],"curies":[{"name":"wp","href":"https:\/\/api.w.org\/{rel}","templated":true}]}}