{"id":4351,"date":"2020-07-30T08:14:56","date_gmt":"2020-07-30T06:14:56","guid":{"rendered":"https:\/\/casal.puntzero.cat\/noticies\/els-infants-del-barri-gaudeixen-del-culturnautes-i-senten-que-el-cccb-tambe-es-seu\/"},"modified":"2023-06-08T12:44:47","modified_gmt":"2023-06-08T10:44:47","slug":"els-infants-del-barri-gaudeixen-del-culturnautes-i-senten-que-el-cccb-tambe-es-seu","status":"publish","type":"post","link":"https:\/\/www.casaldelsinfants.org\/es\/actualidad\/ninos-barrio-disfrutan-culturnautes-ccc\/","title":{"rendered":"\u201cLos ni\u00f1os y ni\u00f1as del barrio disfrutan del \u201cCulturnautes\u201d y sienten que el CCCB tambi\u00e9n es suyo\u201d"},"content":{"rendered":"<p>\u00a0<\/p>\n<p><meta charset=\"utf-8\" \/><b id=\"docs-internal-guid-d53fbf35-7fff-841b-85ce-7c125aa38d67\">\u00bfEn qu\u00e9 consiste \u201cCulturnautes\u201d?<\/b><\/p>\n<p><span style=\"color:#000000;\">Es un casal de verano que organiza el CCCB y que este a\u00f1o celebra su sexta edici\u00f3n, seguramente la m\u00e1s especial. Agrupa simult\u00e1neamente a 30 ni\u00f1os y ni\u00f1as de entre 6 y 14 a\u00f1os de la Fundaci\u00f3n Esperan\u00e7a y del Casal dels Infants \u2014en el caso del Casal dels Infants, participan dos grupos de 20 ni\u00f1os y ni\u00f1as repartidos en semanas alternas\u2014.<\/span><\/p>\n<p><meta charset=\"utf-8\" \/><b id=\"docs-internal-guid-8c8d1726-7fff-3676-9a87-aedce1dd6334\">\u00bfQu\u00e9 actividades realizan los ni\u00f1os y ni\u00f1as?<\/b><\/p>\n<p><span style=\"color:#000000;\">\u201cCulturnautes\u201d se organiza alrededor de algunos ejes de programaci\u00f3n del CCCB. Este a\u00f1o, por ejemplo, reflexionar\u00e1n en torno a Marte, el cuerpo y la exploraci\u00f3n de las sombras y las luces, entre otros aspectos. \u00a0Trabajan con colectivos de artistas, divulgadores cient\u00edficos y fil\u00f3sofos, en cinco laboratorios de creaci\u00f3n en los que los ni\u00f1os y ni\u00f1as trabajan proyectos art\u00edsticos.<\/span><\/p>\n<p>\u00a0<\/p>\n<div class=\"video-embed-field-responsive-video form-group\"><iframe loading=\"lazy\" width=\"854\" height=\"480\" frameborder=\"0\" allowfullscreen=\"allowfullscreen\" src=\"https:\/\/www.youtube.com\/embed\/kr0jLHTBrrU?autoplay=0&amp;start=0&amp;rel=0\"><\/iframe>\n<\/div>\n<p><meta charset=\"utf-8\" \/><b id=\"docs-internal-guid-4daaaf5e-7fff-e561-82ac-6ac4e1295d68\">\u00bfPor qu\u00e9 es importante que \u201cCulturnautes\u201d se abra a ni\u00f1os y ni\u00f1as del barrio?<\/b><\/p>\n<p><span style=\"color:#000000;\">Siempre ha tenido entre un 10% y un 15% de las plazas dedicadas con gratuidad a los ni\u00f1os y ni\u00f1as de Ciutat Vella. Este a\u00f1o, pero, con la situaci\u00f3n tan excepcional generada por la crisis del coronavirus, despu\u00e9s de estos meses de encierro en casa, de desvinculaci\u00f3n con su entorno social y de ocio, hemos pensado que era imprescindible que una instituci\u00f3n como el CCCB ofreciera un programa cultural de calidad a los ni\u00f1os y ni\u00f1as del barrio.<\/span><\/p>\n<p><meta charset=\"utf-8\" \/><b id=\"docs-internal-guid-62e67c2c-7fff-7109-4af9-41b0f57ea70d\">\u00bfC\u00f3mo valor\u00e1is el resultado? <\/b><\/p>\n<p><span style=\"color:#000000;\">Estamos realmente contentos. No olvidemos que esto es una instituci\u00f3n p\u00fablica, que es de todos. La reacci\u00f3n de los ni\u00f1os y ni\u00f1as es disfrutar y sentir que est\u00e1n en un sitio que tambi\u00e9n es suyo, y esto es lo que nos interesa como instituci\u00f3n.<\/span><\/p>\n<p>\u00a0<\/p>\n<p><em><span style=\"color:#000000;\">Esta no es la \u00fanica colaboraci\u00f3n entre el CCCB y el Casal dels Infants. <\/span><a href=\"https:\/\/www.casaldelsinfants.org\/es\/actualidad\/pretty-tired-faces-cccb-historias-mujeres-casal-infants\/\"><span style=\"color:#000000;\">Hace meses, el grupo de mujeres \u00abEl hilo del Casal\u00bb del Casal Familiar de Santa Coloma de Gramenet expuso en el centro la exposici\u00f3n de autoretratos t\u00e9xtiles \u00abPretty tired faces\u00bb<\/span><\/a><span style=\"color:#000000;\">, para dar a conocer sus historias de vida y experiencias compartidas.<\/span><\/em><\/p>\n<p>\u00a0<\/p>\n<div class=\"video-embed-field-responsive-video form-group\"><iframe loading=\"lazy\" width=\"854\" height=\"480\" frameborder=\"0\" allowfullscreen=\"allowfullscreen\" src=\"https:\/\/www.youtube.com\/embed\/JcqUrxfgr-8?autoplay=0&amp;start=0&amp;rel=0\"><\/iframe>\n<\/div>\n<p>\u00a0<\/p>\n<blockquote>\n<p><span style=\"color:#000000;\"><strong>Haz posible que 1.6000 ni\u00f1os, ni\u00f1as y j\u00f3venes sigan disfrutando del ocio educativo durante el verano:\u00a0<\/strong><\/span><\/p>\n<p><strong>Haz un donativo<\/strong>: <a href=\"https:\/\/www.casaldelsinfants.org\/es\/que-puedes-hacer-tu\/haz-un-donativo\/\">https:\/\/www.casaldelsinfants.org\/es\/que-puedes-hacer-tu\/haz-un-donativo\/<\/a><\/p>\n<p><strong>Haz voluntariado:<\/strong>\u00a0<a href=\"https:\/\/www.casaldelsinfants.org\/es\/que-puedes-hacer-tu\/voluntariado\/\">https:\/\/www.casaldelsinfants.org\/es\/que-puedes-hacer-tu\/voluntariado\/<\/a><\/p>\n<\/blockquote>\n","protected":false},"excerpt":{"rendered":"<div class=\"video-embed-field-responsive-video form-group\"><iframe loading=\"lazy\" width=\"854\" height=\"480\" frameborder=\"0\" allowfullscreen=\"allowfullscreen\" src=\"https:\/\/www.youtube.com\/embed\/Oyf7JR8NKEk?autoplay=0&amp;start=0&amp;rel=0\"><\/iframe>\n<\/div>\n<p class=\"text-align-center\">40 ni\u00f1os y ni\u00f1as del Casal dels Infants y otros de la Fundaci\u00f3 de l&#8217;Esperan\u00e7a participan este julio en la sexta edici\u00f3n de \u201cCulturnautes\u201d, el casal de verano del CCCB. Hablamos con Susana Arias, jefa de Mediaci\u00f3n del centro, de c\u00f3mo est\u00e1n disfrutando y apropi\u00e1ndose de un universo de propuestas culturales sin salir del barrio.\u00a0<\/p>\n","protected":false},"author":1,"featured_media":0,"comment_status":"open","ping_status":"open","sticky":false,"template":"","format":"standard","meta":{"_acf_changed":false,"_et_pb_use_builder":"","_et_pb_old_content":"","_et_gb_content_width":"","inline_featured_image":false,"footnotes":""},"categories":[127],"tags":[],"seus":[157],"eixos":[110],"class_list":["post-4351","post","type-post","status-publish","format-standard","hentry","category-entrevista","seus-el-raval","eixos-comunidad-casal-dels-infants"],"acf":[],"yoast_head":"<!-- This site is optimized with the Yoast SEO plugin v27.4 - https:\/\/yoast.com\/product\/yoast-seo-wordpress\/ -->\n<title>\u201cLos ni\u00f1os y ni\u00f1as del barrio disfrutan del \u201cCulturnautes\u201d y sienten que el CCCB tambi\u00e9n es suyo\u201d - Casal dels Infants<\/title>\n<meta name=\"robots\" content=\"index, follow, max-snippet:-1, max-image-preview:large, max-video-preview:-1\" \/>\n<link rel=\"canonical\" href=\"https:\/\/www.casaldelsinfants.org\/es\/actualidad\/ninos-barrio-disfrutan-culturnautes-ccc\/\" \/>\n<meta property=\"og:locale\" content=\"es_ES\" \/>\n<meta property=\"og:type\" content=\"article\" \/>\n<meta property=\"og:title\" content=\"\u201cLos ni\u00f1os y ni\u00f1as del barrio disfrutan del \u201cCulturnautes\u201d y sienten que el CCCB tambi\u00e9n es suyo\u201d - Casal dels Infants\" \/>\n<meta property=\"og:description\" content=\"40 ni\u00f1os y ni\u00f1as del Casal dels Infants y otros de la Fundaci\u00f3 de l&#039;Esperan\u00e7a participan este julio en la sexta edici\u00f3n de \u201cCulturnautes\u201d, el casal de verano del CCCB. Hablamos con Susana Arias, jefa de Mediaci\u00f3n del centro, de c\u00f3mo est\u00e1n disfrutando y apropi\u00e1ndose de un universo de propuestas culturales sin salir del barrio.\u00a0\" \/>\n<meta property=\"og:url\" content=\"https:\/\/www.casaldelsinfants.org\/es\/actualidad\/ninos-barrio-disfrutan-culturnautes-ccc\/\" \/>\n<meta property=\"og:site_name\" content=\"Casal dels Infants\" \/>\n<meta property=\"article:publisher\" content=\"https:\/\/www.facebook.com\/casalinfants\" \/>\n<meta property=\"article:published_time\" content=\"2020-07-30T06:14:56+00:00\" \/>\n<meta property=\"article:modified_time\" content=\"2023-06-08T10:44:47+00:00\" \/>\n<meta name=\"author\" content=\"cdiAdmin\" \/>\n<meta name=\"twitter:card\" content=\"summary_large_image\" \/>\n<meta name=\"twitter:creator\" content=\"@casalinfants\" \/>\n<meta name=\"twitter:site\" content=\"@casalinfants\" \/>\n<meta name=\"twitter:label1\" content=\"Escrito por\" \/>\n\t<meta name=\"twitter:data1\" content=\"cdiAdmin\" \/>\n\t<meta name=\"twitter:label2\" content=\"Tiempo de lectura\" \/>\n\t<meta name=\"twitter:data2\" content=\"2 minutos\" \/>\n<script type=\"application\/ld+json\" class=\"yoast-schema-graph\">{\"@context\":\"https:\\\/\\\/schema.org\",\"@graph\":[{\"@type\":\"Article\",\"@id\":\"https:\\\/\\\/www.casaldelsinfants.org\\\/es\\\/actualidad\\\/ninos-barrio-disfrutan-culturnautes-ccc\\\/#article\",\"isPartOf\":{\"@id\":\"https:\\\/\\\/www.casaldelsinfants.org\\\/es\\\/actualidad\\\/ninos-barrio-disfrutan-culturnautes-ccc\\\/\"},\"author\":{\"name\":\"cdiAdmin\",\"@id\":\"https:\\\/\\\/www.casaldelsinfants.org\\\/es\\\/#\\\/schema\\\/person\\\/97707fc8c64900cf36891127dbf9fba8\"},\"headline\":\"\u201cLos ni\u00f1os y ni\u00f1as del barrio disfrutan del \u201cCulturnautes\u201d y sienten que el CCCB tambi\u00e9n es suyo\u201d\",\"datePublished\":\"2020-07-30T06:14:56+00:00\",\"dateModified\":\"2023-06-08T10:44:47+00:00\",\"mainEntityOfPage\":{\"@id\":\"https:\\\/\\\/www.casaldelsinfants.org\\\/es\\\/actualidad\\\/ninos-barrio-disfrutan-culturnautes-ccc\\\/\"},\"wordCount\":424,\"commentCount\":0,\"publisher\":{\"@id\":\"https:\\\/\\\/www.casaldelsinfants.org\\\/es\\\/#organization\"},\"articleSection\":[\"Entrevista\"],\"inLanguage\":\"es\",\"potentialAction\":[{\"@type\":\"CommentAction\",\"name\":\"Comment\",\"target\":[\"https:\\\/\\\/www.casaldelsinfants.org\\\/es\\\/actualidad\\\/ninos-barrio-disfrutan-culturnautes-ccc\\\/#respond\"]}]},{\"@type\":\"WebPage\",\"@id\":\"https:\\\/\\\/www.casaldelsinfants.org\\\/es\\\/actualidad\\\/ninos-barrio-disfrutan-culturnautes-ccc\\\/\",\"url\":\"https:\\\/\\\/www.casaldelsinfants.org\\\/es\\\/actualidad\\\/ninos-barrio-disfrutan-culturnautes-ccc\\\/\",\"name\":\"\u201cLos ni\u00f1os y ni\u00f1as del barrio disfrutan del \u201cCulturnautes\u201d y sienten que el CCCB tambi\u00e9n es suyo\u201d - Casal dels Infants\",\"isPartOf\":{\"@id\":\"https:\\\/\\\/www.casaldelsinfants.org\\\/es\\\/#website\"},\"datePublished\":\"2020-07-30T06:14:56+00:00\",\"dateModified\":\"2023-06-08T10:44:47+00:00\",\"breadcrumb\":{\"@id\":\"https:\\\/\\\/www.casaldelsinfants.org\\\/es\\\/actualidad\\\/ninos-barrio-disfrutan-culturnautes-ccc\\\/#breadcrumb\"},\"inLanguage\":\"es\",\"potentialAction\":[{\"@type\":\"ReadAction\",\"target\":[\"https:\\\/\\\/www.casaldelsinfants.org\\\/es\\\/actualidad\\\/ninos-barrio-disfrutan-culturnautes-ccc\\\/\"]}]},{\"@type\":\"BreadcrumbList\",\"@id\":\"https:\\\/\\\/www.casaldelsinfants.org\\\/es\\\/actualidad\\\/ninos-barrio-disfrutan-culturnautes-ccc\\\/#breadcrumb\",\"itemListElement\":[{\"@type\":\"ListItem\",\"position\":1,\"name\":\"Inici\",\"item\":\"https:\\\/\\\/www.casaldelsinfants.org\\\/es\\\/\"},{\"@type\":\"ListItem\",\"position\":2,\"name\":\"\u201cLos ni\u00f1os y ni\u00f1as del barrio disfrutan del \u201cCulturnautes\u201d y sienten que el CCCB tambi\u00e9n es suyo\u201d\"}]},{\"@type\":\"WebSite\",\"@id\":\"https:\\\/\\\/www.casaldelsinfants.org\\\/es\\\/#website\",\"url\":\"https:\\\/\\\/www.casaldelsinfants.org\\\/es\\\/\",\"name\":\"Casal dels Infants\",\"description\":\"\",\"publisher\":{\"@id\":\"https:\\\/\\\/www.casaldelsinfants.org\\\/es\\\/#organization\"},\"potentialAction\":[{\"@type\":\"SearchAction\",\"target\":{\"@type\":\"EntryPoint\",\"urlTemplate\":\"https:\\\/\\\/www.casaldelsinfants.org\\\/es\\\/?s={search_term_string}\"},\"query-input\":{\"@type\":\"PropertyValueSpecification\",\"valueRequired\":true,\"valueName\":\"search_term_string\"}}],\"inLanguage\":\"es\"},{\"@type\":\"Organization\",\"@id\":\"https:\\\/\\\/www.casaldelsinfants.org\\\/es\\\/#organization\",\"name\":\"Casal dels Infants\",\"url\":\"https:\\\/\\\/www.casaldelsinfants.org\\\/es\\\/\",\"logo\":{\"@type\":\"ImageObject\",\"inLanguage\":\"es\",\"@id\":\"https:\\\/\\\/www.casaldelsinfants.org\\\/es\\\/#\\\/schema\\\/logo\\\/image\\\/\",\"url\":\"https:\\\/\\\/www.casaldelsinfants.org\\\/wp-content\\\/uploads\\\/logo-mail.png\",\"contentUrl\":\"https:\\\/\\\/www.casaldelsinfants.org\\\/wp-content\\\/uploads\\\/logo-mail.png\",\"width\":380,\"height\":158,\"caption\":\"Casal dels Infants\"},\"image\":{\"@id\":\"https:\\\/\\\/www.casaldelsinfants.org\\\/es\\\/#\\\/schema\\\/logo\\\/image\\\/\"},\"sameAs\":[\"https:\\\/\\\/www.facebook.com\\\/casalinfants\",\"https:\\\/\\\/x.com\\\/casalinfants\",\"https:\\\/\\\/www.youtube.com\\\/user\\\/CasaldelsInfants1\",\"https:\\\/\\\/www.instagram.com\\\/casalinfants\\\/\",\"https:\\\/\\\/www.linkedin.com\\\/company\\\/casaldelsinfants?trk=organization-update_share-update_actor-text\"]},{\"@type\":\"Person\",\"@id\":\"https:\\\/\\\/www.casaldelsinfants.org\\\/es\\\/#\\\/schema\\\/person\\\/97707fc8c64900cf36891127dbf9fba8\",\"name\":\"cdiAdmin\",\"sameAs\":[\"https:\\\/\\\/casaldelsinfants.org\"]}]}<\/script>\n<!-- \/ Yoast SEO plugin. -->","yoast_head_json":{"title":"\u201cLos ni\u00f1os y ni\u00f1as del barrio disfrutan del \u201cCulturnautes\u201d y sienten que el CCCB tambi\u00e9n es suyo\u201d - Casal dels Infants","robots":{"index":"index","follow":"follow","max-snippet":"max-snippet:-1","max-image-preview":"max-image-preview:large","max-video-preview":"max-video-preview:-1"},"canonical":"https:\/\/www.casaldelsinfants.org\/es\/actualidad\/ninos-barrio-disfrutan-culturnautes-ccc\/","og_locale":"es_ES","og_type":"article","og_title":"\u201cLos ni\u00f1os y ni\u00f1as del barrio disfrutan del \u201cCulturnautes\u201d y sienten que el CCCB tambi\u00e9n es suyo\u201d - Casal dels Infants","og_description":"40 ni\u00f1os y ni\u00f1as del Casal dels Infants y otros de la Fundaci\u00f3 de l'Esperan\u00e7a participan este julio en la sexta edici\u00f3n de \u201cCulturnautes\u201d, el casal de verano del CCCB. Hablamos con Susana Arias, jefa de Mediaci\u00f3n del centro, de c\u00f3mo est\u00e1n disfrutando y apropi\u00e1ndose de un universo de propuestas culturales sin salir del barrio.\u00a0","og_url":"https:\/\/www.casaldelsinfants.org\/es\/actualidad\/ninos-barrio-disfrutan-culturnautes-ccc\/","og_site_name":"Casal dels Infants","article_publisher":"https:\/\/www.facebook.com\/casalinfants","article_published_time":"2020-07-30T06:14:56+00:00","article_modified_time":"2023-06-08T10:44:47+00:00","author":"cdiAdmin","twitter_card":"summary_large_image","twitter_creator":"@casalinfants","twitter_site":"@casalinfants","twitter_misc":{"Escrito por":"cdiAdmin","Tiempo de lectura":"2 minutos"},"schema":{"@context":"https:\/\/schema.org","@graph":[{"@type":"Article","@id":"https:\/\/www.casaldelsinfants.org\/es\/actualidad\/ninos-barrio-disfrutan-culturnautes-ccc\/#article","isPartOf":{"@id":"https:\/\/www.casaldelsinfants.org\/es\/actualidad\/ninos-barrio-disfrutan-culturnautes-ccc\/"},"author":{"name":"cdiAdmin","@id":"https:\/\/www.casaldelsinfants.org\/es\/#\/schema\/person\/97707fc8c64900cf36891127dbf9fba8"},"headline":"\u201cLos ni\u00f1os y ni\u00f1as del barrio disfrutan del \u201cCulturnautes\u201d y sienten que el CCCB tambi\u00e9n es suyo\u201d","datePublished":"2020-07-30T06:14:56+00:00","dateModified":"2023-06-08T10:44:47+00:00","mainEntityOfPage":{"@id":"https:\/\/www.casaldelsinfants.org\/es\/actualidad\/ninos-barrio-disfrutan-culturnautes-ccc\/"},"wordCount":424,"commentCount":0,"publisher":{"@id":"https:\/\/www.casaldelsinfants.org\/es\/#organization"},"articleSection":["Entrevista"],"inLanguage":"es","potentialAction":[{"@type":"CommentAction","name":"Comment","target":["https:\/\/www.casaldelsinfants.org\/es\/actualidad\/ninos-barrio-disfrutan-culturnautes-ccc\/#respond"]}]},{"@type":"WebPage","@id":"https:\/\/www.casaldelsinfants.org\/es\/actualidad\/ninos-barrio-disfrutan-culturnautes-ccc\/","url":"https:\/\/www.casaldelsinfants.org\/es\/actualidad\/ninos-barrio-disfrutan-culturnautes-ccc\/","name":"\u201cLos ni\u00f1os y ni\u00f1as del barrio disfrutan del \u201cCulturnautes\u201d y sienten que el CCCB tambi\u00e9n es suyo\u201d - Casal dels Infants","isPartOf":{"@id":"https:\/\/www.casaldelsinfants.org\/es\/#website"},"datePublished":"2020-07-30T06:14:56+00:00","dateModified":"2023-06-08T10:44:47+00:00","breadcrumb":{"@id":"https:\/\/www.casaldelsinfants.org\/es\/actualidad\/ninos-barrio-disfrutan-culturnautes-ccc\/#breadcrumb"},"inLanguage":"es","potentialAction":[{"@type":"ReadAction","target":["https:\/\/www.casaldelsinfants.org\/es\/actualidad\/ninos-barrio-disfrutan-culturnautes-ccc\/"]}]},{"@type":"BreadcrumbList","@id":"https:\/\/www.casaldelsinfants.org\/es\/actualidad\/ninos-barrio-disfrutan-culturnautes-ccc\/#breadcrumb","itemListElement":[{"@type":"ListItem","position":1,"name":"Inici","item":"https:\/\/www.casaldelsinfants.org\/es\/"},{"@type":"ListItem","position":2,"name":"\u201cLos ni\u00f1os y ni\u00f1as del barrio disfrutan del \u201cCulturnautes\u201d y sienten que el CCCB tambi\u00e9n es suyo\u201d"}]},{"@type":"WebSite","@id":"https:\/\/www.casaldelsinfants.org\/es\/#website","url":"https:\/\/www.casaldelsinfants.org\/es\/","name":"Casal dels Infants","description":"","publisher":{"@id":"https:\/\/www.casaldelsinfants.org\/es\/#organization"},"potentialAction":[{"@type":"SearchAction","target":{"@type":"EntryPoint","urlTemplate":"https:\/\/www.casaldelsinfants.org\/es\/?s={search_term_string}"},"query-input":{"@type":"PropertyValueSpecification","valueRequired":true,"valueName":"search_term_string"}}],"inLanguage":"es"},{"@type":"Organization","@id":"https:\/\/www.casaldelsinfants.org\/es\/#organization","name":"Casal dels Infants","url":"https:\/\/www.casaldelsinfants.org\/es\/","logo":{"@type":"ImageObject","inLanguage":"es","@id":"https:\/\/www.casaldelsinfants.org\/es\/#\/schema\/logo\/image\/","url":"https:\/\/www.casaldelsinfants.org\/wp-content\/uploads\/logo-mail.png","contentUrl":"https:\/\/www.casaldelsinfants.org\/wp-content\/uploads\/logo-mail.png","width":380,"height":158,"caption":"Casal dels Infants"},"image":{"@id":"https:\/\/www.casaldelsinfants.org\/es\/#\/schema\/logo\/image\/"},"sameAs":["https:\/\/www.facebook.com\/casalinfants","https:\/\/x.com\/casalinfants","https:\/\/www.youtube.com\/user\/CasaldelsInfants1","https:\/\/www.instagram.com\/casalinfants\/","https:\/\/www.linkedin.com\/company\/casaldelsinfants?trk=organization-update_share-update_actor-text"]},{"@type":"Person","@id":"https:\/\/www.casaldelsinfants.org\/es\/#\/schema\/person\/97707fc8c64900cf36891127dbf9fba8","name":"cdiAdmin","sameAs":["https:\/\/casaldelsinfants.org"]}]}},"publishpress_future_action":{"enabled":false,"date":"2026-05-09 02:57:32","action":"change-status","newStatus":"draft","terms":[],"taxonomy":"category","extraData":[]},"publishpress_future_workflow_manual_trigger":{"enabledWorkflows":[]},"_links":{"self":[{"href":"https:\/\/www.casaldelsinfants.org\/es\/wp-json\/wp\/v2\/posts\/4351","targetHints":{"allow":["GET"]}}],"collection":[{"href":"https:\/\/www.casaldelsinfants.org\/es\/wp-json\/wp\/v2\/posts"}],"about":[{"href":"https:\/\/www.casaldelsinfants.org\/es\/wp-json\/wp\/v2\/types\/post"}],"author":[{"embeddable":true,"href":"https:\/\/www.casaldelsinfants.org\/es\/wp-json\/wp\/v2\/users\/1"}],"replies":[{"embeddable":true,"href":"https:\/\/www.casaldelsinfants.org\/es\/wp-json\/wp\/v2\/comments?post=4351"}],"version-history":[{"count":1,"href":"https:\/\/www.casaldelsinfants.org\/es\/wp-json\/wp\/v2\/posts\/4351\/revisions"}],"predecessor-version":[{"id":6309,"href":"https:\/\/www.casaldelsinfants.org\/es\/wp-json\/wp\/v2\/posts\/4351\/revisions\/6309"}],"wp:attachment":[{"href":"https:\/\/www.casaldelsinfants.org\/es\/wp-json\/wp\/v2\/media?parent=4351"}],"wp:term":[{"taxonomy":"category","embeddable":true,"href":"https:\/\/www.casaldelsinfants.org\/es\/wp-json\/wp\/v2\/categories?post=4351"},{"taxonomy":"post_tag","embeddable":true,"href":"https:\/\/www.casaldelsinfants.org\/es\/wp-json\/wp\/v2\/tags?post=4351"},{"taxonomy":"seus","embeddable":true,"href":"https:\/\/www.casaldelsinfants.org\/es\/wp-json\/wp\/v2\/seus?post=4351"},{"taxonomy":"eixos","embeddable":true,"href":"https:\/\/www.casaldelsinfants.org\/es\/wp-json\/wp\/v2\/eixos?post=4351"}],"curies":[{"name":"wp","href":"https:\/\/api.w.org\/{rel}","templated":true}]}}