{"id":4354,"date":"2020-07-29T14:11:36","date_gmt":"2020-07-29T12:11:36","guid":{"rendered":"https:\/\/casal.puntzero.cat\/noticies\/un-mati-de-lestiu-mes-necessari\/"},"modified":"2022-08-17T11:18:38","modified_gmt":"2022-08-17T09:18:38","slug":"un-mati-de-lestiu-mes-necessari","status":"publish","type":"post","link":"https:\/\/www.casaldelsinfants.org\/es\/actualidad\/una-manana-del-verano-mas-necesario\/","title":{"rendered":"Una ma\u00f1ana del verano m\u00e1s necesario"},"content":{"rendered":"<p><span style=\"color:#000000;\">Son las 9h de un viernes bochornoso. Ten\u00eda que caer un chaparr\u00f3n, pero el sol se empe\u00f1a en calentar el patio de la escuela Les Deveses de Salt, donde el grupo de mayores del Centro Abierto Infantil mantiene las distancias de seguridad y se saca el sue\u00f1o de las orejas. Bajo el porche, el altavoz y Lourdes, la educadora del servicio, marcan el ritmo: \u00a0\u201c1, 2, 3, 4&#8230; \u00a1Bajamos!\u201d.\u00a0<\/span><\/p>\n<p>\n<span style=\"color:#000000;\">Le llaman \u201c\u00a1Act\u00edvate!\u201d, una actividad deportiva que les hace empezar las ma\u00f1anas con energ\u00eda. Tambi\u00e9n les va bien para recuperar h\u00e1bitos saludables que con el confinamiento hab\u00edan perdido un poco, a pesar de los ejercicios que iban haciendo por videollamada con el equipo educativo. Acaban los ejercicios, hacen estiramientos y se dedican unos aplausos por el esfuerzo compartido. Despu\u00e9s de desayunar, se dividir\u00e1n en grupos de 10, las famosas unidades de convivencia, para hacer un rato de refuerzo escolar.<\/span><\/p>\n<p>\u00a0<\/p>\n<div class=\"video-embed-field-responsive-video form-group\"><iframe loading=\"lazy\" width=\"854\" height=\"480\" frameborder=\"0\" allowfullscreen=\"allowfullscreen\" src=\"https:\/\/www.youtube.com\/embed\/0lthAWEgfWI?autoplay=0&amp;start=0&amp;rel=0\"><\/iframe>\n<\/div>\n<p>\u00a0<\/p>\n<p><span style=\"color:#000000;\">Los peque\u00f1os ya tienen la barriga llena y han hecho los grupitos. Unos cuantos suben a un aula con \u00darbez, el educador, y antes de sacar el cuaderno de verano, dedican un rato a explicarse cuentos que tra\u00edan pensados de casa. El resto se ha puesto el ba\u00f1ador y baja hacia el patio con Paula, otra de las educadoras, para hacer juegos de agua. LLenan la pista de gritos de emoci\u00f3n y ganas de remojarse. Paula explica las normas y empieza el primer juego, aqu\u00ed pod\u00e9is ver c\u00f3mo acaba.<\/span><\/p>\n<p>\u00a0<\/p>\n<div class=\"video-embed-field-responsive-video form-group\"><iframe loading=\"lazy\" width=\"854\" height=\"480\" frameborder=\"0\" allowfullscreen=\"allowfullscreen\" src=\"https:\/\/www.youtube.com\/embed\/7KQ9K-O-0iw?autoplay=0&amp;start=0&amp;rel=0\"><\/iframe>\n<\/div>\n<p>\u00a0<\/p>\n<p><strong>Julaba y Abdoulaye<\/strong><\/p>\n<p><span style=\"color:#000000;\">Volvemos con unos de los grupos de mayores, que hace refuerzo escolar en unas mesas bajo la sombra de los plataneros. Mientras se van rellenando los cuadernos de verano, aprovechamos para charlar con Julaba, que tiene 10 a\u00f1os y muchas cosas que contarnos. Dice que el casal de verano la ha ayudado mucho para estar \u201cm\u00e1s divertida\u201d, despu\u00e9s del confinamiento.\u00a0<\/span><\/p>\n<p><span style=\"color:#000000;\">Fueron semanas en las que se sinti\u00f3 muy sola con su hermano, pero la imaginaci\u00f3n y el contacto con el Casal le sirvieron de ayuda: \u201cNos sent\u00edamos como si estuvi\u00e9ramos en el Casal, porque jug\u00e1bamos a los mismos juegos, y tambi\u00e9n hicimos un grupo del Casal donde \u00edbamos hablando por videollamada con los compa\u00f1eros y compa\u00f1eras y las educadoras\u201d. Por si faltaban buenas palabras para el equipo educativo, a\u00f1ade: \u201cLos educadores y las educadoras son muy respetuosos y nos educan. Nos gusta mucho estar con ellos y ellas, porque es un momento feliz para nosotros\u201d.\u00a0<br \/>\n\u00a0<\/span><\/p>\n<div class=\"video-embed-field-responsive-video form-group\"><iframe loading=\"lazy\" width=\"854\" height=\"480\" frameborder=\"0\" allowfullscreen=\"allowfullscreen\" src=\"https:\/\/www.youtube.com\/embed\/Ngd_kOcoCFM?autoplay=0&amp;start=0&amp;rel=0\"><\/iframe>\n<\/div>\n<p class=\"destacat-noticia\"><span style=\"color:#000000;\">Julaba: \u00abEste\u00a0Casal de verano me ha ayudado mucho a estar m\u00e1s\u00a0<em>divertida<\/em>\u00ab<\/span><\/p>\n<p>\u00a0<\/p>\n<p><span style=\"color:#000000;\">Ahora quien habla es Abdoulay, a quien no le gusta el confinamiento porque dice que engord\u00f3 un poco y no pudo terminar el curso en la escuela y despedirse de los amigos. Pero tambi\u00e9n se conectaba para hablar con el grupo del Casal. Por videollamada hac\u00edan deporte, mates\u2026 Viene al Casal desde tercero de primaria, y puede recitar todos los nombres de los educadores y educadoras que ha tenido hasta ahora. Su mejor recuerdo de lo que llevamos de Casal de verano es la excursi\u00f3n al r\u00edo. Parece ser que en un momento resbal\u00f3 y cay\u00f3, y cada vez que piensa en ello le da un ataque de risa. \u00bfY qui\u00e9n no se ba\u00f1ar\u00eda en el r\u00edo ahora que estamos a mediod\u00eda y el calor no da tregua? Nos despedimos de los ni\u00f1os y ni\u00f1as de Salt para ir a ver qu\u00e9 hacen los de Sant Roc.<\/span><\/p>\n<p>\u00a0<\/p>\n<div class=\"video-embed-field-responsive-video form-group\"><iframe loading=\"lazy\" width=\"854\" height=\"480\" frameborder=\"0\" allowfullscreen=\"allowfullscreen\" src=\"https:\/\/www.youtube.com\/embed\/HPWh7erfYIE?autoplay=0&amp;start=0&amp;rel=0\"><\/iframe>\n<\/div>\n<p class=\"destacat-noticia\"><span style=\"color:#000000;\">Abdoulaye: \u00abMe gusta el Casal porque hay educadoras buenas y puedes tener muchos amigos\u00bb<\/span><\/p>\n<p>\u00a0<\/p>\n<p><strong>V\u00edctor y\u00a0F\u00e1tima<\/strong><\/p>\n<p><span style=\"color:#000000;\">Nos encontramos entre los bosques del Maresme, en Canyamars. Como muchos otros chicos y chicas del Casal dels Infants, est\u00e1n de colonias. Nos topamos primero con la piscina, donde se ba\u00f1an los y las adolescentes del Espacio Socioeducativo Sant Roc. Para terminar de darnos envidia, nos reciben con un salto al agua al grito de \u201c\u00a1Casal de verano!\u201d.<\/span><\/p>\n<p><span style=\"color:#000000;\">Buscamos a alguien que quiera explicar en un v\u00eddeo c\u00f3mo est\u00e1n yendo las colonias, y hay tantos voluntarios que la selecci\u00f3n se acaba resolviendo con una partida de piedra, papel, tijeras. La gana V\u00edctor, que se nos acerca chorreando agua y mucho amor: no para de decir que quiere mucho a los educadores y educadoras, a sus compa\u00f1eros y compa\u00f1eras\u2026 Tampoco puede evitar alabar al equipo de cocina del albergue Mas Silvestre: \u201cNos lo estamos pasando genial, y aqu\u00ed se come muy bien. Me quedar\u00eda a vivir aqu\u00ed\u201d.\u00a0<\/span><\/p>\n<p><span style=\"color:#000000;\">El domingo les tocar\u00e1 hacer las maletas y volver hacia Badalona, y eso pone a V\u00edctor un poco nost\u00e1lgico: \u201cCuando estaba en casa y me llamaron diciendo que habr\u00eda colonias me alegr\u00e9 mucho\u2026 Hac\u00eda mucho que no nos ve\u00edamos y el reencuentro fue muy emotivo.\u201d No hay que sufrir, todav\u00eda quedar\u00e1n unos cuantos d\u00edas de casal de verano\u2026\u00a0<\/span><br \/>\n\u00a0<\/p>\n<div class=\"video-embed-field-responsive-video form-group\"><iframe loading=\"lazy\" width=\"854\" height=\"480\" frameborder=\"0\" allowfullscreen=\"allowfullscreen\" src=\"https:\/\/www.youtube.com\/embed\/osoTaM-hzzY?autoplay=0&amp;start=0&amp;rel=0\"><\/iframe>\n<\/div>\n<p>\u00a0<\/p>\n<p class=\"destacat-noticia\"><span style=\"color:#000000;\">V\u00edctor: \u201cCuando estaba en casa y me llamaron diciendo que habr\u00eda colonias me alegr\u00e9 mucho&#8230;\u00bb<\/span><\/p>\n<p class=\"verd\">\u00a0<\/p>\n<p><span style=\"color:#000000;\">Dejamos el grupo en remojo y subimos hacia el jard\u00edn de Mas Silvestre. Los ni\u00f1os y ni\u00f1as del Centro Abierto Infantil est\u00e1n en el tiempo libre, y nos los encontramos repartidos en grupitos. La mesa de ping-pong agrupa a los y las deportistas, en un rinc\u00f3n hay quien juega en c\u00edrculo intentando evitar la mirada de un asesino, y por los m\u00e1rgenes del bosque se ven cabezas agachadas buscando insectos.\u00a0<\/span><\/p>\n<p><span style=\"color:#000000;\">Sacamos un rato de la partida del asesino a F\u00e1tima, que dice que ahora tendr\u00eda que estar en Marruecos con su familia, pero que el confinamiento le ha cambiado los planes: \u201cAl menos he podido venir de colonias con mis amigos y amigas, y estoy contenta porque este es el \u00faltimo verano que estoy con el grupo de peque\u00f1os\u201d \u2014tiene 12 a\u00f1os, el curso que viene le toca hacer el salto al Espacio Socioeducativo\u2014.<\/span><\/p>\n<p>\u00a0<\/p>\n<div class=\"video-embed-field-responsive-video form-group\"><iframe loading=\"lazy\" width=\"854\" height=\"480\" frameborder=\"0\" allowfullscreen=\"allowfullscreen\" src=\"https:\/\/www.youtube.com\/embed\/GdUaey8wsHI?autoplay=0&amp;start=0&amp;rel=0\"><\/iframe>\n<\/div>\n<p class=\"verd\">\u00a0<\/p>\n<p class=\"destacat-noticia\"><span style=\"color:#000000;\">F\u00e1tima: \u00abEstoy contenta de haber venido de colonias, porque es mi \u00faltima a\u00f1o con el grupo de peque\u00f1os\u00bb<\/span><\/p>\n<p>\u00a0<\/p>\n<p><span style=\"color:#000000;\">Cuando el domingo vea a sus padres les explicar\u00e1 todos los animales que ha visto, entre los que destaca a las vacas, y que se lo pasa muy bien en la piscina. Quiz\u00e1s porque sabe que est\u00e1n a punto de llamarla para ir a comer, nos hace una confidencia: dormir\u00e1 un poco m\u00e1s tranquila por las noches, porque la oscuridad de la monta\u00f1a le da bastante miedo. Quiz\u00e1s cuando vuelva a irse de colonias el a\u00f1o que viene no le dar\u00e1 tanto. Ahora s\u00ed, a comer y a seguir disfrutando del ocio durante la tarde.<\/span><\/p>\n<p>\u00a0<\/p>\n<p>\u00a0<\/p>\n<blockquote>\n<p><span style=\"color:#000000;\"><strong>Haz posible que 1.600 ni\u00f1os, ni\u00f1as y j\u00f3venes sigan disfrutando del derecho al ocio educativo este verano:<\/strong><\/span><\/p>\n<p><strong>Haz un donativo<\/strong>:\u00a0<a href=\"https:\/\/www.casaldelsinfants.org\/es\/que-puedes-hacer-tu\/haz-un-donativo\/\">https:\/\/www.casaldelsinfants.org\/es\/que-puedes-hacer-tu\/haz-un-donativo\/<\/a><\/p>\n<p><strong>Haz voluntariado<\/strong>:\u00a0<a href=\"https:\/\/www.casaldelsinfants.org\/es\/que-puedes-hacer-tu\/voluntariado\/\">https:\/\/www.casaldelsinfants.org\/es\/que-puedes-hacer-tu\/voluntariado\/<\/a><\/p>\n<\/blockquote>\n","protected":false},"excerpt":{"rendered":"<p class=\"text-align-center\">\u00a0<\/p>\n<p class=\"text-align-center\">Muchas personas est\u00e1is colaborando en hacer posible un verano lleno de ocio educativo en el Casal dels Infants. Para mostraros una peque\u00f1a cata, os invitamos a sacar la cabeza en una de las ma\u00f1anas de julio, que empezaremos en el casal de verano del Centro Abierto Infantil de Salt y terminaremos en las colonias del Espacio Socioeducativo de Sant Roc. Unas horas en las que hablaremos con Julaba, Abdulaye, V\u00edctor y F\u00e1tima para que nos expliquen c\u00f3mo se sienten compartiendo esta aventura veraniega despu\u00e9s de los meses dif\u00edciles del confinamiento.<\/p>\n<p class=\"text-align-center\">\u00a0<\/p>\n","protected":false},"author":1,"featured_media":3191,"comment_status":"open","ping_status":"open","sticky":false,"template":"","format":"standard","meta":{"_acf_changed":false,"_et_pb_use_builder":"","_et_pb_old_content":"","_et_gb_content_width":"","inline_featured_image":false,"footnotes":""},"categories":[105],"tags":[],"seus":[],"eixos":[99],"class_list":["post-4354","post","type-post","status-publish","format-standard","has-post-thumbnail","hentry","category-reportaje","eixos-infancia-y-adolescencia"],"acf":[],"yoast_head":"<!-- This site is optimized with the Yoast SEO plugin v27.4 - https:\/\/yoast.com\/product\/yoast-seo-wordpress\/ -->\n<title>Una ma\u00f1ana del verano m\u00e1s necesario - Casal dels Infants<\/title>\n<meta name=\"robots\" content=\"index, follow, max-snippet:-1, max-image-preview:large, max-video-preview:-1\" \/>\n<link rel=\"canonical\" href=\"https:\/\/www.casaldelsinfants.org\/es\/actualidad\/una-manana-del-verano-mas-necesario\/\" \/>\n<meta property=\"og:locale\" content=\"es_ES\" \/>\n<meta property=\"og:type\" content=\"article\" \/>\n<meta property=\"og:title\" content=\"Una ma\u00f1ana del verano m\u00e1s necesario - Casal dels Infants\" \/>\n<meta property=\"og:description\" content=\"\u00a0 Muchas personas est\u00e1is colaborando en hacer posible un verano lleno de ocio educativo en el Casal dels Infants. Para mostraros una peque\u00f1a cata, os invitamos a sacar la cabeza en una de las ma\u00f1anas de julio, que empezaremos en el casal de verano del Centro Abierto Infantil de Salt y terminaremos en las colonias del Espacio Socioeducativo de Sant Roc. Unas horas en las que hablaremos con Julaba, Abdulaye, V\u00edctor y F\u00e1tima para que nos expliquen c\u00f3mo se sienten compartiendo esta aventura veraniega despu\u00e9s de los meses dif\u00edciles del confinamiento. \u00a0\" \/>\n<meta property=\"og:url\" content=\"https:\/\/www.casaldelsinfants.org\/es\/actualidad\/una-manana-del-verano-mas-necesario\/\" \/>\n<meta property=\"og:site_name\" content=\"Casal dels Infants\" \/>\n<meta property=\"article:publisher\" content=\"https:\/\/www.facebook.com\/casalinfants\" \/>\n<meta property=\"article:published_time\" content=\"2020-07-29T12:11:36+00:00\" \/>\n<meta property=\"article:modified_time\" content=\"2022-08-17T09:18:38+00:00\" \/>\n<meta property=\"og:image\" content=\"https:\/\/www.casaldelsinfants.org\/wp-content\/uploads\/gif_casal_destiu_salt_i_colonies_sant_roc_casal_dels_infants.gif\" \/>\n\t<meta property=\"og:image:width\" content=\"1000\" \/>\n\t<meta property=\"og:image:height\" content=\"667\" \/>\n\t<meta property=\"og:image:type\" content=\"image\/gif\" \/>\n<meta name=\"author\" content=\"cdiAdmin\" \/>\n<meta name=\"twitter:card\" content=\"summary_large_image\" \/>\n<meta name=\"twitter:creator\" content=\"@casalinfants\" \/>\n<meta name=\"twitter:site\" content=\"@casalinfants\" \/>\n<meta name=\"twitter:label1\" content=\"Escrito por\" \/>\n\t<meta name=\"twitter:data1\" content=\"cdiAdmin\" \/>\n\t<meta name=\"twitter:label2\" content=\"Tiempo de lectura\" \/>\n\t<meta name=\"twitter:data2\" content=\"6 minutos\" \/>\n<script type=\"application\/ld+json\" class=\"yoast-schema-graph\">{\"@context\":\"https:\\\/\\\/schema.org\",\"@graph\":[{\"@type\":\"Article\",\"@id\":\"https:\\\/\\\/www.casaldelsinfants.org\\\/es\\\/actualidad\\\/una-manana-del-verano-mas-necesario\\\/#article\",\"isPartOf\":{\"@id\":\"https:\\\/\\\/www.casaldelsinfants.org\\\/es\\\/actualidad\\\/una-manana-del-verano-mas-necesario\\\/\"},\"author\":{\"name\":\"cdiAdmin\",\"@id\":\"https:\\\/\\\/www.casaldelsinfants.org\\\/es\\\/#\\\/schema\\\/person\\\/97707fc8c64900cf36891127dbf9fba8\"},\"headline\":\"Una ma\u00f1ana del verano m\u00e1s necesario\",\"datePublished\":\"2020-07-29T12:11:36+00:00\",\"dateModified\":\"2022-08-17T09:18:38+00:00\",\"mainEntityOfPage\":{\"@id\":\"https:\\\/\\\/www.casaldelsinfants.org\\\/es\\\/actualidad\\\/una-manana-del-verano-mas-necesario\\\/\"},\"wordCount\":1170,\"commentCount\":0,\"publisher\":{\"@id\":\"https:\\\/\\\/www.casaldelsinfants.org\\\/es\\\/#organization\"},\"image\":{\"@id\":\"https:\\\/\\\/www.casaldelsinfants.org\\\/es\\\/actualidad\\\/una-manana-del-verano-mas-necesario\\\/#primaryimage\"},\"thumbnailUrl\":\"https:\\\/\\\/www.casaldelsinfants.org\\\/wp-content\\\/uploads\\\/gif_casal_destiu_salt_i_colonies_sant_roc_casal_dels_infants.gif\",\"articleSection\":[\"Reportaje\"],\"inLanguage\":\"es\",\"potentialAction\":[{\"@type\":\"CommentAction\",\"name\":\"Comment\",\"target\":[\"https:\\\/\\\/www.casaldelsinfants.org\\\/es\\\/actualidad\\\/una-manana-del-verano-mas-necesario\\\/#respond\"]}]},{\"@type\":\"WebPage\",\"@id\":\"https:\\\/\\\/www.casaldelsinfants.org\\\/es\\\/actualidad\\\/una-manana-del-verano-mas-necesario\\\/\",\"url\":\"https:\\\/\\\/www.casaldelsinfants.org\\\/es\\\/actualidad\\\/una-manana-del-verano-mas-necesario\\\/\",\"name\":\"Una ma\u00f1ana del verano m\u00e1s necesario - Casal dels Infants\",\"isPartOf\":{\"@id\":\"https:\\\/\\\/www.casaldelsinfants.org\\\/es\\\/#website\"},\"primaryImageOfPage\":{\"@id\":\"https:\\\/\\\/www.casaldelsinfants.org\\\/es\\\/actualidad\\\/una-manana-del-verano-mas-necesario\\\/#primaryimage\"},\"image\":{\"@id\":\"https:\\\/\\\/www.casaldelsinfants.org\\\/es\\\/actualidad\\\/una-manana-del-verano-mas-necesario\\\/#primaryimage\"},\"thumbnailUrl\":\"https:\\\/\\\/www.casaldelsinfants.org\\\/wp-content\\\/uploads\\\/gif_casal_destiu_salt_i_colonies_sant_roc_casal_dels_infants.gif\",\"datePublished\":\"2020-07-29T12:11:36+00:00\",\"dateModified\":\"2022-08-17T09:18:38+00:00\",\"breadcrumb\":{\"@id\":\"https:\\\/\\\/www.casaldelsinfants.org\\\/es\\\/actualidad\\\/una-manana-del-verano-mas-necesario\\\/#breadcrumb\"},\"inLanguage\":\"es\",\"potentialAction\":[{\"@type\":\"ReadAction\",\"target\":[\"https:\\\/\\\/www.casaldelsinfants.org\\\/es\\\/actualidad\\\/una-manana-del-verano-mas-necesario\\\/\"]}]},{\"@type\":\"ImageObject\",\"inLanguage\":\"es\",\"@id\":\"https:\\\/\\\/www.casaldelsinfants.org\\\/es\\\/actualidad\\\/una-manana-del-verano-mas-necesario\\\/#primaryimage\",\"url\":\"https:\\\/\\\/www.casaldelsinfants.org\\\/wp-content\\\/uploads\\\/gif_casal_destiu_salt_i_colonies_sant_roc_casal_dels_infants.gif\",\"contentUrl\":\"https:\\\/\\\/www.casaldelsinfants.org\\\/wp-content\\\/uploads\\\/gif_casal_destiu_salt_i_colonies_sant_roc_casal_dels_infants.gif\",\"width\":1000,\"height\":667,\"caption\":\"Gif amb activitats del Casal d'estiu\"},{\"@type\":\"BreadcrumbList\",\"@id\":\"https:\\\/\\\/www.casaldelsinfants.org\\\/es\\\/actualidad\\\/una-manana-del-verano-mas-necesario\\\/#breadcrumb\",\"itemListElement\":[{\"@type\":\"ListItem\",\"position\":1,\"name\":\"Inici\",\"item\":\"https:\\\/\\\/www.casaldelsinfants.org\\\/es\\\/\"},{\"@type\":\"ListItem\",\"position\":2,\"name\":\"Una ma\u00f1ana del verano m\u00e1s necesario\"}]},{\"@type\":\"WebSite\",\"@id\":\"https:\\\/\\\/www.casaldelsinfants.org\\\/es\\\/#website\",\"url\":\"https:\\\/\\\/www.casaldelsinfants.org\\\/es\\\/\",\"name\":\"Casal dels Infants\",\"description\":\"\",\"publisher\":{\"@id\":\"https:\\\/\\\/www.casaldelsinfants.org\\\/es\\\/#organization\"},\"potentialAction\":[{\"@type\":\"SearchAction\",\"target\":{\"@type\":\"EntryPoint\",\"urlTemplate\":\"https:\\\/\\\/www.casaldelsinfants.org\\\/es\\\/?s={search_term_string}\"},\"query-input\":{\"@type\":\"PropertyValueSpecification\",\"valueRequired\":true,\"valueName\":\"search_term_string\"}}],\"inLanguage\":\"es\"},{\"@type\":\"Organization\",\"@id\":\"https:\\\/\\\/www.casaldelsinfants.org\\\/es\\\/#organization\",\"name\":\"Casal dels Infants\",\"url\":\"https:\\\/\\\/www.casaldelsinfants.org\\\/es\\\/\",\"logo\":{\"@type\":\"ImageObject\",\"inLanguage\":\"es\",\"@id\":\"https:\\\/\\\/www.casaldelsinfants.org\\\/es\\\/#\\\/schema\\\/logo\\\/image\\\/\",\"url\":\"https:\\\/\\\/www.casaldelsinfants.org\\\/wp-content\\\/uploads\\\/logo-mail.png\",\"contentUrl\":\"https:\\\/\\\/www.casaldelsinfants.org\\\/wp-content\\\/uploads\\\/logo-mail.png\",\"width\":380,\"height\":158,\"caption\":\"Casal dels Infants\"},\"image\":{\"@id\":\"https:\\\/\\\/www.casaldelsinfants.org\\\/es\\\/#\\\/schema\\\/logo\\\/image\\\/\"},\"sameAs\":[\"https:\\\/\\\/www.facebook.com\\\/casalinfants\",\"https:\\\/\\\/x.com\\\/casalinfants\",\"https:\\\/\\\/www.youtube.com\\\/user\\\/CasaldelsInfants1\",\"https:\\\/\\\/www.instagram.com\\\/casalinfants\\\/\",\"https:\\\/\\\/www.linkedin.com\\\/company\\\/casaldelsinfants?trk=organization-update_share-update_actor-text\"]},{\"@type\":\"Person\",\"@id\":\"https:\\\/\\\/www.casaldelsinfants.org\\\/es\\\/#\\\/schema\\\/person\\\/97707fc8c64900cf36891127dbf9fba8\",\"name\":\"cdiAdmin\",\"sameAs\":[\"https:\\\/\\\/casaldelsinfants.org\"]}]}<\/script>\n<!-- \/ Yoast SEO plugin. -->","yoast_head_json":{"title":"Una ma\u00f1ana del verano m\u00e1s necesario - Casal dels Infants","robots":{"index":"index","follow":"follow","max-snippet":"max-snippet:-1","max-image-preview":"max-image-preview:large","max-video-preview":"max-video-preview:-1"},"canonical":"https:\/\/www.casaldelsinfants.org\/es\/actualidad\/una-manana-del-verano-mas-necesario\/","og_locale":"es_ES","og_type":"article","og_title":"Una ma\u00f1ana del verano m\u00e1s necesario - Casal dels Infants","og_description":"\u00a0 Muchas personas est\u00e1is colaborando en hacer posible un verano lleno de ocio educativo en el Casal dels Infants. Para mostraros una peque\u00f1a cata, os invitamos a sacar la cabeza en una de las ma\u00f1anas de julio, que empezaremos en el casal de verano del Centro Abierto Infantil de Salt y terminaremos en las colonias del Espacio Socioeducativo de Sant Roc. Unas horas en las que hablaremos con Julaba, Abdulaye, V\u00edctor y F\u00e1tima para que nos expliquen c\u00f3mo se sienten compartiendo esta aventura veraniega despu\u00e9s de los meses dif\u00edciles del confinamiento. \u00a0","og_url":"https:\/\/www.casaldelsinfants.org\/es\/actualidad\/una-manana-del-verano-mas-necesario\/","og_site_name":"Casal dels Infants","article_publisher":"https:\/\/www.facebook.com\/casalinfants","article_published_time":"2020-07-29T12:11:36+00:00","article_modified_time":"2022-08-17T09:18:38+00:00","og_image":[{"width":1000,"height":667,"url":"https:\/\/www.casaldelsinfants.org\/wp-content\/uploads\/gif_casal_destiu_salt_i_colonies_sant_roc_casal_dels_infants.gif","type":"image\/gif"}],"author":"cdiAdmin","twitter_card":"summary_large_image","twitter_creator":"@casalinfants","twitter_site":"@casalinfants","twitter_misc":{"Escrito por":"cdiAdmin","Tiempo de lectura":"6 minutos"},"schema":{"@context":"https:\/\/schema.org","@graph":[{"@type":"Article","@id":"https:\/\/www.casaldelsinfants.org\/es\/actualidad\/una-manana-del-verano-mas-necesario\/#article","isPartOf":{"@id":"https:\/\/www.casaldelsinfants.org\/es\/actualidad\/una-manana-del-verano-mas-necesario\/"},"author":{"name":"cdiAdmin","@id":"https:\/\/www.casaldelsinfants.org\/es\/#\/schema\/person\/97707fc8c64900cf36891127dbf9fba8"},"headline":"Una ma\u00f1ana del verano m\u00e1s necesario","datePublished":"2020-07-29T12:11:36+00:00","dateModified":"2022-08-17T09:18:38+00:00","mainEntityOfPage":{"@id":"https:\/\/www.casaldelsinfants.org\/es\/actualidad\/una-manana-del-verano-mas-necesario\/"},"wordCount":1170,"commentCount":0,"publisher":{"@id":"https:\/\/www.casaldelsinfants.org\/es\/#organization"},"image":{"@id":"https:\/\/www.casaldelsinfants.org\/es\/actualidad\/una-manana-del-verano-mas-necesario\/#primaryimage"},"thumbnailUrl":"https:\/\/www.casaldelsinfants.org\/wp-content\/uploads\/gif_casal_destiu_salt_i_colonies_sant_roc_casal_dels_infants.gif","articleSection":["Reportaje"],"inLanguage":"es","potentialAction":[{"@type":"CommentAction","name":"Comment","target":["https:\/\/www.casaldelsinfants.org\/es\/actualidad\/una-manana-del-verano-mas-necesario\/#respond"]}]},{"@type":"WebPage","@id":"https:\/\/www.casaldelsinfants.org\/es\/actualidad\/una-manana-del-verano-mas-necesario\/","url":"https:\/\/www.casaldelsinfants.org\/es\/actualidad\/una-manana-del-verano-mas-necesario\/","name":"Una ma\u00f1ana del verano m\u00e1s necesario - Casal dels Infants","isPartOf":{"@id":"https:\/\/www.casaldelsinfants.org\/es\/#website"},"primaryImageOfPage":{"@id":"https:\/\/www.casaldelsinfants.org\/es\/actualidad\/una-manana-del-verano-mas-necesario\/#primaryimage"},"image":{"@id":"https:\/\/www.casaldelsinfants.org\/es\/actualidad\/una-manana-del-verano-mas-necesario\/#primaryimage"},"thumbnailUrl":"https:\/\/www.casaldelsinfants.org\/wp-content\/uploads\/gif_casal_destiu_salt_i_colonies_sant_roc_casal_dels_infants.gif","datePublished":"2020-07-29T12:11:36+00:00","dateModified":"2022-08-17T09:18:38+00:00","breadcrumb":{"@id":"https:\/\/www.casaldelsinfants.org\/es\/actualidad\/una-manana-del-verano-mas-necesario\/#breadcrumb"},"inLanguage":"es","potentialAction":[{"@type":"ReadAction","target":["https:\/\/www.casaldelsinfants.org\/es\/actualidad\/una-manana-del-verano-mas-necesario\/"]}]},{"@type":"ImageObject","inLanguage":"es","@id":"https:\/\/www.casaldelsinfants.org\/es\/actualidad\/una-manana-del-verano-mas-necesario\/#primaryimage","url":"https:\/\/www.casaldelsinfants.org\/wp-content\/uploads\/gif_casal_destiu_salt_i_colonies_sant_roc_casal_dels_infants.gif","contentUrl":"https:\/\/www.casaldelsinfants.org\/wp-content\/uploads\/gif_casal_destiu_salt_i_colonies_sant_roc_casal_dels_infants.gif","width":1000,"height":667,"caption":"Gif amb activitats del Casal d'estiu"},{"@type":"BreadcrumbList","@id":"https:\/\/www.casaldelsinfants.org\/es\/actualidad\/una-manana-del-verano-mas-necesario\/#breadcrumb","itemListElement":[{"@type":"ListItem","position":1,"name":"Inici","item":"https:\/\/www.casaldelsinfants.org\/es\/"},{"@type":"ListItem","position":2,"name":"Una ma\u00f1ana del verano m\u00e1s necesario"}]},{"@type":"WebSite","@id":"https:\/\/www.casaldelsinfants.org\/es\/#website","url":"https:\/\/www.casaldelsinfants.org\/es\/","name":"Casal dels Infants","description":"","publisher":{"@id":"https:\/\/www.casaldelsinfants.org\/es\/#organization"},"potentialAction":[{"@type":"SearchAction","target":{"@type":"EntryPoint","urlTemplate":"https:\/\/www.casaldelsinfants.org\/es\/?s={search_term_string}"},"query-input":{"@type":"PropertyValueSpecification","valueRequired":true,"valueName":"search_term_string"}}],"inLanguage":"es"},{"@type":"Organization","@id":"https:\/\/www.casaldelsinfants.org\/es\/#organization","name":"Casal dels Infants","url":"https:\/\/www.casaldelsinfants.org\/es\/","logo":{"@type":"ImageObject","inLanguage":"es","@id":"https:\/\/www.casaldelsinfants.org\/es\/#\/schema\/logo\/image\/","url":"https:\/\/www.casaldelsinfants.org\/wp-content\/uploads\/logo-mail.png","contentUrl":"https:\/\/www.casaldelsinfants.org\/wp-content\/uploads\/logo-mail.png","width":380,"height":158,"caption":"Casal dels Infants"},"image":{"@id":"https:\/\/www.casaldelsinfants.org\/es\/#\/schema\/logo\/image\/"},"sameAs":["https:\/\/www.facebook.com\/casalinfants","https:\/\/x.com\/casalinfants","https:\/\/www.youtube.com\/user\/CasaldelsInfants1","https:\/\/www.instagram.com\/casalinfants\/","https:\/\/www.linkedin.com\/company\/casaldelsinfants?trk=organization-update_share-update_actor-text"]},{"@type":"Person","@id":"https:\/\/www.casaldelsinfants.org\/es\/#\/schema\/person\/97707fc8c64900cf36891127dbf9fba8","name":"cdiAdmin","sameAs":["https:\/\/casaldelsinfants.org"]}]}},"publishpress_future_action":{"enabled":false,"date":"2026-05-08 15:35:22","action":"change-status","newStatus":"draft","terms":[],"taxonomy":"category","extraData":[]},"publishpress_future_workflow_manual_trigger":{"enabledWorkflows":[]},"_links":{"self":[{"href":"https:\/\/www.casaldelsinfants.org\/es\/wp-json\/wp\/v2\/posts\/4354","targetHints":{"allow":["GET"]}}],"collection":[{"href":"https:\/\/www.casaldelsinfants.org\/es\/wp-json\/wp\/v2\/posts"}],"about":[{"href":"https:\/\/www.casaldelsinfants.org\/es\/wp-json\/wp\/v2\/types\/post"}],"author":[{"embeddable":true,"href":"https:\/\/www.casaldelsinfants.org\/es\/wp-json\/wp\/v2\/users\/1"}],"replies":[{"embeddable":true,"href":"https:\/\/www.casaldelsinfants.org\/es\/wp-json\/wp\/v2\/comments?post=4354"}],"version-history":[{"count":1,"href":"https:\/\/www.casaldelsinfants.org\/es\/wp-json\/wp\/v2\/posts\/4354\/revisions"}],"predecessor-version":[{"id":6311,"href":"https:\/\/www.casaldelsinfants.org\/es\/wp-json\/wp\/v2\/posts\/4354\/revisions\/6311"}],"wp:featuredmedia":[{"embeddable":true,"href":"https:\/\/www.casaldelsinfants.org\/es\/wp-json\/wp\/v2\/media\/3191"}],"wp:attachment":[{"href":"https:\/\/www.casaldelsinfants.org\/es\/wp-json\/wp\/v2\/media?parent=4354"}],"wp:term":[{"taxonomy":"category","embeddable":true,"href":"https:\/\/www.casaldelsinfants.org\/es\/wp-json\/wp\/v2\/categories?post=4354"},{"taxonomy":"post_tag","embeddable":true,"href":"https:\/\/www.casaldelsinfants.org\/es\/wp-json\/wp\/v2\/tags?post=4354"},{"taxonomy":"seus","embeddable":true,"href":"https:\/\/www.casaldelsinfants.org\/es\/wp-json\/wp\/v2\/seus?post=4354"},{"taxonomy":"eixos","embeddable":true,"href":"https:\/\/www.casaldelsinfants.org\/es\/wp-json\/wp\/v2\/eixos?post=4354"}],"curies":[{"name":"wp","href":"https:\/\/api.w.org\/{rel}","templated":true}]}}