{"id":4357,"date":"2020-07-02T07:51:30","date_gmt":"2020-07-02T05:51:30","guid":{"rendered":"https:\/\/casal.puntzero.cat\/noticies\/el-cccb-obre-les-portes-aquest-estiu-40-nens-i-nenes-del-casal-dels-infants\/"},"modified":"2023-06-08T12:28:27","modified_gmt":"2023-06-08T10:28:27","slug":"el-cccb-obre-les-portes-aquest-estiu-40-nens-i-nenes-del-casal-dels-infants","status":"publish","type":"post","link":"https:\/\/www.casaldelsinfants.org\/es\/actualidad\/cccb-abre-puertas-verano-ninos-casal-infant\/","title":{"rendered":"El CCCB abre las puertas este verano a 40 ni\u00f1os y ni\u00f1as del Casal dels Infants"},"content":{"rendered":"<p><span style=\"color:#000000;\">El <strong>Centre de Cultura Contempor\u00e0nia de Barcelona (CCCB)\u00a0<\/strong>ofrecer\u00e1 este a\u00f1o todas las plazas de su casal de verano \u00abCulturnautas\u00bb a ni\u00f1os y ni\u00f1as participantes del Casal dels Infants y de la Fundaci\u00f3 de l&#8217;Esperan\u00e7a. El CCCB apuesta as\u00ed por \u00abaligerar el peso de un verano que ser\u00e1 extraordinariamente dif\u00edcil para algunas familias\u00bb del barrio del Raval, como explica en su web.<\/span><\/p>\n<p><font color=\"#000000\">El \u00abCulturnautes\u00bb ser\u00e1 un viaje por la galaxia de la cultura contempor\u00e1nea para estos ni\u00f1os y ni\u00f1as. A trav\u00e9s de las propuestas de varios colectivos descubrir\u00e1n la arquitectura, el urbanismo, la participaci\u00f3n ciudadana, la danza y distintas formas de creaci\u00f3n art\u00edstica.<\/font><\/p>\n<p><span style=\"color:#000000;\">Por parte del Casal dels Infants, participar\u00e1n 40 ni\u00f1os y ni\u00f1as de 8 a 12 a\u00f1os apuntados al CatEstiu, un servicio que cada verano tienen como objetivo reforzar las competencias en lengua catalana y competencias instrumentales, como las matem\u00e1ticas. Este apoyo en el aprendizaje se combina con actividades de ocio educativo, que este a\u00f1o ser\u00e1n las del \u00abCulturnautes\u00bb del CCCB.<\/span><\/p>\n<p><font color=\"#000000\">Los ni\u00f1os y ni\u00f1as del CatEstiu alternar\u00e1n las semanas de actividades en el CCCB\u00a0<\/font><span style=\"color:#000000;\">\u2014dos los de 3o y 4o y tres los de 5o y 6o\u2014 con semanas en las que har\u00e1n refuerzo educativo en las aulas del CEIP Labour\u00e9. Adem\u00e1s, las actividades incluir\u00e1n el almuerzo en las instalaciones del CCCb.<\/span><\/p>\n<p><span style=\"color:#000000;\">Desde el Casal dels Infants celebramos que un equipamiento cultural de referencia como el CCCB abra sus puertas a la infancia del barrio en un momento en el que es fundamental que disfruten del ocio educativo y la cultura. Esta colaboraci\u00f3n tambi<\/span>\u00e9n facilita que el servicio CatEstiu puede aplicar las medidas de distanciamiento necesarias para la prevenci\u00f3n de la Covid-19, ya que contar con\u00a0los espacios del CCCB permiten la organizaci\u00f3n en grupos de convivencia de 10 ni\u00f1os y ni\u00f1as.<br \/>\n\u00a0<\/p>\n","protected":false},"excerpt":{"rendered":"<p>El Centre de Cultura Contempor\u00e0nia de Barcelona (CCCB)\u00a0ofrecer\u00e1 este a\u00f1o todas las plazas de su casal de verano \u00abCulturnautas\u00bb a ni\u00f1os y ni\u00f1as participantes del Casal dels Infants y de la Fundaci\u00f3 de l&#8217;Esperan\u00e7a. El CCCB apuesta as\u00ed por \u00abaligerar el peso de un verano que ser\u00e1 extraordinariamente dif\u00edcil para algunas familias\u00bb del barrio del [&hellip;]<\/p>\n","protected":false},"author":1,"featured_media":3200,"comment_status":"open","ping_status":"open","sticky":false,"template":"","format":"standard","meta":{"_acf_changed":false,"_et_pb_use_builder":"","_et_pb_old_content":"","_et_gb_content_width":"","inline_featured_image":false,"footnotes":""},"categories":[125],"tags":[],"seus":[157],"eixos":[99],"class_list":["post-4357","post","type-post","status-publish","format-standard","has-post-thumbnail","hentry","category-noticias","seus-el-raval","eixos-infancia-y-adolescencia"],"acf":[],"yoast_head":"<!-- This site is optimized with the Yoast SEO plugin v27.4 - https:\/\/yoast.com\/product\/yoast-seo-wordpress\/ -->\n<title>CCCB 40 infants estiu Casal dels Infants<\/title>\n<meta name=\"description\" content=\"El Centre de Cultura Contempor\u00e0nia de Barcelona (CCCB) oferir\u00e0 enguany totes les places del seu casal d\u2019estiu \u201cCulturnautes\u201d a nens i nenes participants del Casal dels Infants (40 infants) i de la Fundaci\u00f3 de l\u2019Esperan\u00e7a\" \/>\n<meta name=\"robots\" content=\"index, follow, max-snippet:-1, max-image-preview:large, max-video-preview:-1\" \/>\n<link rel=\"canonical\" href=\"https:\/\/www.casaldelsinfants.org\/es\/actualidad\/cccb-abre-puertas-verano-ninos-casal-infant\/\" \/>\n<meta property=\"og:locale\" content=\"es_ES\" \/>\n<meta property=\"og:type\" content=\"article\" \/>\n<meta property=\"og:title\" content=\"CCCB 40 infants estiu Casal dels Infants\" \/>\n<meta property=\"og:description\" content=\"El Centre de Cultura Contempor\u00e0nia de Barcelona (CCCB) oferir\u00e0 enguany totes les places del seu casal d\u2019estiu \u201cCulturnautes\u201d a nens i nenes participants del Casal dels Infants (40 infants) i de la Fundaci\u00f3 de l\u2019Esperan\u00e7a\" \/>\n<meta property=\"og:url\" content=\"https:\/\/www.casaldelsinfants.org\/es\/actualidad\/cccb-abre-puertas-verano-ninos-casal-infant\/\" \/>\n<meta property=\"og:site_name\" content=\"Casal dels Infants\" \/>\n<meta property=\"article:publisher\" content=\"https:\/\/www.facebook.com\/casalinfants\" \/>\n<meta property=\"article:published_time\" content=\"2020-07-02T05:51:30+00:00\" \/>\n<meta property=\"article:modified_time\" content=\"2023-06-08T10:28:27+00:00\" \/>\n<meta property=\"og:image\" content=\"https:\/\/www.casaldelsinfants.org\/wp-content\/uploads\/culturnautes_banner.jpg\" \/>\n\t<meta property=\"og:image:width\" content=\"1000\" \/>\n\t<meta property=\"og:image:height\" content=\"560\" \/>\n\t<meta property=\"og:image:type\" content=\"image\/jpeg\" \/>\n<meta name=\"author\" content=\"cdiAdmin\" \/>\n<meta name=\"twitter:card\" content=\"summary_large_image\" \/>\n<meta name=\"twitter:creator\" content=\"@casalinfants\" \/>\n<meta name=\"twitter:site\" content=\"@casalinfants\" \/>\n<meta name=\"twitter:label1\" content=\"Escrito por\" \/>\n\t<meta name=\"twitter:data1\" content=\"cdiAdmin\" \/>\n\t<meta name=\"twitter:label2\" content=\"Tiempo de lectura\" \/>\n\t<meta name=\"twitter:data2\" content=\"2 minutos\" \/>\n<script type=\"application\/ld+json\" class=\"yoast-schema-graph\">{\"@context\":\"https:\\\/\\\/schema.org\",\"@graph\":[{\"@type\":\"Article\",\"@id\":\"https:\\\/\\\/www.casaldelsinfants.org\\\/es\\\/actualidad\\\/cccb-abre-puertas-verano-ninos-casal-infant\\\/#article\",\"isPartOf\":{\"@id\":\"https:\\\/\\\/www.casaldelsinfants.org\\\/es\\\/actualidad\\\/cccb-abre-puertas-verano-ninos-casal-infant\\\/\"},\"author\":{\"name\":\"cdiAdmin\",\"@id\":\"https:\\\/\\\/www.casaldelsinfants.org\\\/es\\\/#\\\/schema\\\/person\\\/97707fc8c64900cf36891127dbf9fba8\"},\"headline\":\"El CCCB abre las puertas este verano a 40 ni\u00f1os y ni\u00f1as del Casal dels Infants\",\"datePublished\":\"2020-07-02T05:51:30+00:00\",\"dateModified\":\"2023-06-08T10:28:27+00:00\",\"mainEntityOfPage\":{\"@id\":\"https:\\\/\\\/www.casaldelsinfants.org\\\/es\\\/actualidad\\\/cccb-abre-puertas-verano-ninos-casal-infant\\\/\"},\"wordCount\":342,\"commentCount\":0,\"publisher\":{\"@id\":\"https:\\\/\\\/www.casaldelsinfants.org\\\/es\\\/#organization\"},\"image\":{\"@id\":\"https:\\\/\\\/www.casaldelsinfants.org\\\/es\\\/actualidad\\\/cccb-abre-puertas-verano-ninos-casal-infant\\\/#primaryimage\"},\"thumbnailUrl\":\"https:\\\/\\\/www.casaldelsinfants.org\\\/wp-content\\\/uploads\\\/culturnautes_banner.jpg\",\"articleSection\":[\"Noticia\"],\"inLanguage\":\"es\",\"potentialAction\":[{\"@type\":\"CommentAction\",\"name\":\"Comment\",\"target\":[\"https:\\\/\\\/www.casaldelsinfants.org\\\/es\\\/actualidad\\\/cccb-abre-puertas-verano-ninos-casal-infant\\\/#respond\"]}]},{\"@type\":\"WebPage\",\"@id\":\"https:\\\/\\\/www.casaldelsinfants.org\\\/es\\\/actualidad\\\/cccb-abre-puertas-verano-ninos-casal-infant\\\/\",\"url\":\"https:\\\/\\\/www.casaldelsinfants.org\\\/es\\\/actualidad\\\/cccb-abre-puertas-verano-ninos-casal-infant\\\/\",\"name\":\"CCCB 40 infants estiu Casal dels Infants\",\"isPartOf\":{\"@id\":\"https:\\\/\\\/www.casaldelsinfants.org\\\/es\\\/#website\"},\"primaryImageOfPage\":{\"@id\":\"https:\\\/\\\/www.casaldelsinfants.org\\\/es\\\/actualidad\\\/cccb-abre-puertas-verano-ninos-casal-infant\\\/#primaryimage\"},\"image\":{\"@id\":\"https:\\\/\\\/www.casaldelsinfants.org\\\/es\\\/actualidad\\\/cccb-abre-puertas-verano-ninos-casal-infant\\\/#primaryimage\"},\"thumbnailUrl\":\"https:\\\/\\\/www.casaldelsinfants.org\\\/wp-content\\\/uploads\\\/culturnautes_banner.jpg\",\"datePublished\":\"2020-07-02T05:51:30+00:00\",\"dateModified\":\"2023-06-08T10:28:27+00:00\",\"description\":\"El Centre de Cultura Contempor\u00e0nia de Barcelona (CCCB) oferir\u00e0 enguany totes les places del seu casal d\u2019estiu \u201cCulturnautes\u201d a nens i nenes participants del Casal dels Infants (40 infants) i de la Fundaci\u00f3 de l\u2019Esperan\u00e7a\",\"breadcrumb\":{\"@id\":\"https:\\\/\\\/www.casaldelsinfants.org\\\/es\\\/actualidad\\\/cccb-abre-puertas-verano-ninos-casal-infant\\\/#breadcrumb\"},\"inLanguage\":\"es\",\"potentialAction\":[{\"@type\":\"ReadAction\",\"target\":[\"https:\\\/\\\/www.casaldelsinfants.org\\\/es\\\/actualidad\\\/cccb-abre-puertas-verano-ninos-casal-infant\\\/\"]}]},{\"@type\":\"ImageObject\",\"inLanguage\":\"es\",\"@id\":\"https:\\\/\\\/www.casaldelsinfants.org\\\/es\\\/actualidad\\\/cccb-abre-puertas-verano-ninos-casal-infant\\\/#primaryimage\",\"url\":\"https:\\\/\\\/www.casaldelsinfants.org\\\/wp-content\\\/uploads\\\/culturnautes_banner.jpg\",\"contentUrl\":\"https:\\\/\\\/www.casaldelsinfants.org\\\/wp-content\\\/uploads\\\/culturnautes_banner.jpg\",\"width\":1000,\"height\":560,\"caption\":\"El CCCB obre les portes aquest estiu a 40 nens i nenes del Casal dels Infants\"},{\"@type\":\"BreadcrumbList\",\"@id\":\"https:\\\/\\\/www.casaldelsinfants.org\\\/es\\\/actualidad\\\/cccb-abre-puertas-verano-ninos-casal-infant\\\/#breadcrumb\",\"itemListElement\":[{\"@type\":\"ListItem\",\"position\":1,\"name\":\"Inici\",\"item\":\"https:\\\/\\\/www.casaldelsinfants.org\\\/es\\\/\"},{\"@type\":\"ListItem\",\"position\":2,\"name\":\"El CCCB abre las puertas este verano a 40 ni\u00f1os y ni\u00f1as del Casal dels Infants\"}]},{\"@type\":\"WebSite\",\"@id\":\"https:\\\/\\\/www.casaldelsinfants.org\\\/es\\\/#website\",\"url\":\"https:\\\/\\\/www.casaldelsinfants.org\\\/es\\\/\",\"name\":\"Casal dels Infants\",\"description\":\"\",\"publisher\":{\"@id\":\"https:\\\/\\\/www.casaldelsinfants.org\\\/es\\\/#organization\"},\"potentialAction\":[{\"@type\":\"SearchAction\",\"target\":{\"@type\":\"EntryPoint\",\"urlTemplate\":\"https:\\\/\\\/www.casaldelsinfants.org\\\/es\\\/?s={search_term_string}\"},\"query-input\":{\"@type\":\"PropertyValueSpecification\",\"valueRequired\":true,\"valueName\":\"search_term_string\"}}],\"inLanguage\":\"es\"},{\"@type\":\"Organization\",\"@id\":\"https:\\\/\\\/www.casaldelsinfants.org\\\/es\\\/#organization\",\"name\":\"Casal dels Infants\",\"url\":\"https:\\\/\\\/www.casaldelsinfants.org\\\/es\\\/\",\"logo\":{\"@type\":\"ImageObject\",\"inLanguage\":\"es\",\"@id\":\"https:\\\/\\\/www.casaldelsinfants.org\\\/es\\\/#\\\/schema\\\/logo\\\/image\\\/\",\"url\":\"https:\\\/\\\/www.casaldelsinfants.org\\\/wp-content\\\/uploads\\\/logo-mail.png\",\"contentUrl\":\"https:\\\/\\\/www.casaldelsinfants.org\\\/wp-content\\\/uploads\\\/logo-mail.png\",\"width\":380,\"height\":158,\"caption\":\"Casal dels Infants\"},\"image\":{\"@id\":\"https:\\\/\\\/www.casaldelsinfants.org\\\/es\\\/#\\\/schema\\\/logo\\\/image\\\/\"},\"sameAs\":[\"https:\\\/\\\/www.facebook.com\\\/casalinfants\",\"https:\\\/\\\/x.com\\\/casalinfants\",\"https:\\\/\\\/www.youtube.com\\\/user\\\/CasaldelsInfants1\",\"https:\\\/\\\/www.instagram.com\\\/casalinfants\\\/\",\"https:\\\/\\\/www.linkedin.com\\\/company\\\/casaldelsinfants?trk=organization-update_share-update_actor-text\"]},{\"@type\":\"Person\",\"@id\":\"https:\\\/\\\/www.casaldelsinfants.org\\\/es\\\/#\\\/schema\\\/person\\\/97707fc8c64900cf36891127dbf9fba8\",\"name\":\"cdiAdmin\",\"sameAs\":[\"https:\\\/\\\/casaldelsinfants.org\"]}]}<\/script>\n<!-- \/ Yoast SEO plugin. -->","yoast_head_json":{"title":"CCCB 40 infants estiu Casal dels Infants","description":"El Centre de Cultura Contempor\u00e0nia de Barcelona (CCCB) oferir\u00e0 enguany totes les places del seu casal d\u2019estiu \u201cCulturnautes\u201d a nens i nenes participants del Casal dels Infants (40 infants) i de la Fundaci\u00f3 de l\u2019Esperan\u00e7a","robots":{"index":"index","follow":"follow","max-snippet":"max-snippet:-1","max-image-preview":"max-image-preview:large","max-video-preview":"max-video-preview:-1"},"canonical":"https:\/\/www.casaldelsinfants.org\/es\/actualidad\/cccb-abre-puertas-verano-ninos-casal-infant\/","og_locale":"es_ES","og_type":"article","og_title":"CCCB 40 infants estiu Casal dels Infants","og_description":"El Centre de Cultura Contempor\u00e0nia de Barcelona (CCCB) oferir\u00e0 enguany totes les places del seu casal d\u2019estiu \u201cCulturnautes\u201d a nens i nenes participants del Casal dels Infants (40 infants) i de la Fundaci\u00f3 de l\u2019Esperan\u00e7a","og_url":"https:\/\/www.casaldelsinfants.org\/es\/actualidad\/cccb-abre-puertas-verano-ninos-casal-infant\/","og_site_name":"Casal dels Infants","article_publisher":"https:\/\/www.facebook.com\/casalinfants","article_published_time":"2020-07-02T05:51:30+00:00","article_modified_time":"2023-06-08T10:28:27+00:00","og_image":[{"width":1000,"height":560,"url":"https:\/\/www.casaldelsinfants.org\/wp-content\/uploads\/culturnautes_banner.jpg","type":"image\/jpeg"}],"author":"cdiAdmin","twitter_card":"summary_large_image","twitter_creator":"@casalinfants","twitter_site":"@casalinfants","twitter_misc":{"Escrito por":"cdiAdmin","Tiempo de lectura":"2 minutos"},"schema":{"@context":"https:\/\/schema.org","@graph":[{"@type":"Article","@id":"https:\/\/www.casaldelsinfants.org\/es\/actualidad\/cccb-abre-puertas-verano-ninos-casal-infant\/#article","isPartOf":{"@id":"https:\/\/www.casaldelsinfants.org\/es\/actualidad\/cccb-abre-puertas-verano-ninos-casal-infant\/"},"author":{"name":"cdiAdmin","@id":"https:\/\/www.casaldelsinfants.org\/es\/#\/schema\/person\/97707fc8c64900cf36891127dbf9fba8"},"headline":"El CCCB abre las puertas este verano a 40 ni\u00f1os y ni\u00f1as del Casal dels Infants","datePublished":"2020-07-02T05:51:30+00:00","dateModified":"2023-06-08T10:28:27+00:00","mainEntityOfPage":{"@id":"https:\/\/www.casaldelsinfants.org\/es\/actualidad\/cccb-abre-puertas-verano-ninos-casal-infant\/"},"wordCount":342,"commentCount":0,"publisher":{"@id":"https:\/\/www.casaldelsinfants.org\/es\/#organization"},"image":{"@id":"https:\/\/www.casaldelsinfants.org\/es\/actualidad\/cccb-abre-puertas-verano-ninos-casal-infant\/#primaryimage"},"thumbnailUrl":"https:\/\/www.casaldelsinfants.org\/wp-content\/uploads\/culturnautes_banner.jpg","articleSection":["Noticia"],"inLanguage":"es","potentialAction":[{"@type":"CommentAction","name":"Comment","target":["https:\/\/www.casaldelsinfants.org\/es\/actualidad\/cccb-abre-puertas-verano-ninos-casal-infant\/#respond"]}]},{"@type":"WebPage","@id":"https:\/\/www.casaldelsinfants.org\/es\/actualidad\/cccb-abre-puertas-verano-ninos-casal-infant\/","url":"https:\/\/www.casaldelsinfants.org\/es\/actualidad\/cccb-abre-puertas-verano-ninos-casal-infant\/","name":"CCCB 40 infants estiu Casal dels Infants","isPartOf":{"@id":"https:\/\/www.casaldelsinfants.org\/es\/#website"},"primaryImageOfPage":{"@id":"https:\/\/www.casaldelsinfants.org\/es\/actualidad\/cccb-abre-puertas-verano-ninos-casal-infant\/#primaryimage"},"image":{"@id":"https:\/\/www.casaldelsinfants.org\/es\/actualidad\/cccb-abre-puertas-verano-ninos-casal-infant\/#primaryimage"},"thumbnailUrl":"https:\/\/www.casaldelsinfants.org\/wp-content\/uploads\/culturnautes_banner.jpg","datePublished":"2020-07-02T05:51:30+00:00","dateModified":"2023-06-08T10:28:27+00:00","description":"El Centre de Cultura Contempor\u00e0nia de Barcelona (CCCB) oferir\u00e0 enguany totes les places del seu casal d\u2019estiu \u201cCulturnautes\u201d a nens i nenes participants del Casal dels Infants (40 infants) i de la Fundaci\u00f3 de l\u2019Esperan\u00e7a","breadcrumb":{"@id":"https:\/\/www.casaldelsinfants.org\/es\/actualidad\/cccb-abre-puertas-verano-ninos-casal-infant\/#breadcrumb"},"inLanguage":"es","potentialAction":[{"@type":"ReadAction","target":["https:\/\/www.casaldelsinfants.org\/es\/actualidad\/cccb-abre-puertas-verano-ninos-casal-infant\/"]}]},{"@type":"ImageObject","inLanguage":"es","@id":"https:\/\/www.casaldelsinfants.org\/es\/actualidad\/cccb-abre-puertas-verano-ninos-casal-infant\/#primaryimage","url":"https:\/\/www.casaldelsinfants.org\/wp-content\/uploads\/culturnautes_banner.jpg","contentUrl":"https:\/\/www.casaldelsinfants.org\/wp-content\/uploads\/culturnautes_banner.jpg","width":1000,"height":560,"caption":"El CCCB obre les portes aquest estiu a 40 nens i nenes del Casal dels Infants"},{"@type":"BreadcrumbList","@id":"https:\/\/www.casaldelsinfants.org\/es\/actualidad\/cccb-abre-puertas-verano-ninos-casal-infant\/#breadcrumb","itemListElement":[{"@type":"ListItem","position":1,"name":"Inici","item":"https:\/\/www.casaldelsinfants.org\/es\/"},{"@type":"ListItem","position":2,"name":"El CCCB abre las puertas este verano a 40 ni\u00f1os y ni\u00f1as del Casal dels Infants"}]},{"@type":"WebSite","@id":"https:\/\/www.casaldelsinfants.org\/es\/#website","url":"https:\/\/www.casaldelsinfants.org\/es\/","name":"Casal dels Infants","description":"","publisher":{"@id":"https:\/\/www.casaldelsinfants.org\/es\/#organization"},"potentialAction":[{"@type":"SearchAction","target":{"@type":"EntryPoint","urlTemplate":"https:\/\/www.casaldelsinfants.org\/es\/?s={search_term_string}"},"query-input":{"@type":"PropertyValueSpecification","valueRequired":true,"valueName":"search_term_string"}}],"inLanguage":"es"},{"@type":"Organization","@id":"https:\/\/www.casaldelsinfants.org\/es\/#organization","name":"Casal dels Infants","url":"https:\/\/www.casaldelsinfants.org\/es\/","logo":{"@type":"ImageObject","inLanguage":"es","@id":"https:\/\/www.casaldelsinfants.org\/es\/#\/schema\/logo\/image\/","url":"https:\/\/www.casaldelsinfants.org\/wp-content\/uploads\/logo-mail.png","contentUrl":"https:\/\/www.casaldelsinfants.org\/wp-content\/uploads\/logo-mail.png","width":380,"height":158,"caption":"Casal dels Infants"},"image":{"@id":"https:\/\/www.casaldelsinfants.org\/es\/#\/schema\/logo\/image\/"},"sameAs":["https:\/\/www.facebook.com\/casalinfants","https:\/\/x.com\/casalinfants","https:\/\/www.youtube.com\/user\/CasaldelsInfants1","https:\/\/www.instagram.com\/casalinfants\/","https:\/\/www.linkedin.com\/company\/casaldelsinfants?trk=organization-update_share-update_actor-text"]},{"@type":"Person","@id":"https:\/\/www.casaldelsinfants.org\/es\/#\/schema\/person\/97707fc8c64900cf36891127dbf9fba8","name":"cdiAdmin","sameAs":["https:\/\/casaldelsinfants.org"]}]}},"publishpress_future_action":{"enabled":false,"date":"2026-05-08 10:16:14","action":"change-status","newStatus":"draft","terms":[],"taxonomy":"category","extraData":[]},"publishpress_future_workflow_manual_trigger":{"enabledWorkflows":[]},"_links":{"self":[{"href":"https:\/\/www.casaldelsinfants.org\/es\/wp-json\/wp\/v2\/posts\/4357","targetHints":{"allow":["GET"]}}],"collection":[{"href":"https:\/\/www.casaldelsinfants.org\/es\/wp-json\/wp\/v2\/posts"}],"about":[{"href":"https:\/\/www.casaldelsinfants.org\/es\/wp-json\/wp\/v2\/types\/post"}],"author":[{"embeddable":true,"href":"https:\/\/www.casaldelsinfants.org\/es\/wp-json\/wp\/v2\/users\/1"}],"replies":[{"embeddable":true,"href":"https:\/\/www.casaldelsinfants.org\/es\/wp-json\/wp\/v2\/comments?post=4357"}],"version-history":[{"count":2,"href":"https:\/\/www.casaldelsinfants.org\/es\/wp-json\/wp\/v2\/posts\/4357\/revisions"}],"predecessor-version":[{"id":11944,"href":"https:\/\/www.casaldelsinfants.org\/es\/wp-json\/wp\/v2\/posts\/4357\/revisions\/11944"}],"wp:featuredmedia":[{"embeddable":true,"href":"https:\/\/www.casaldelsinfants.org\/es\/wp-json\/wp\/v2\/media\/3200"}],"wp:attachment":[{"href":"https:\/\/www.casaldelsinfants.org\/es\/wp-json\/wp\/v2\/media?parent=4357"}],"wp:term":[{"taxonomy":"category","embeddable":true,"href":"https:\/\/www.casaldelsinfants.org\/es\/wp-json\/wp\/v2\/categories?post=4357"},{"taxonomy":"post_tag","embeddable":true,"href":"https:\/\/www.casaldelsinfants.org\/es\/wp-json\/wp\/v2\/tags?post=4357"},{"taxonomy":"seus","embeddable":true,"href":"https:\/\/www.casaldelsinfants.org\/es\/wp-json\/wp\/v2\/seus?post=4357"},{"taxonomy":"eixos","embeddable":true,"href":"https:\/\/www.casaldelsinfants.org\/es\/wp-json\/wp\/v2\/eixos?post=4357"}],"curies":[{"name":"wp","href":"https:\/\/api.w.org\/{rel}","templated":true}]}}