{"id":4358,"date":"2020-07-01T15:41:28","date_gmt":"2020-07-01T13:41:28","guid":{"rendered":"https:\/\/casal.puntzero.cat\/noticies\/lestiu-mes-necessari-que-farem-i-com-pots-fer-ho-possible\/"},"modified":"2023-11-06T15:06:09","modified_gmt":"2023-11-06T13:06:09","slug":"lestiu-mes-necessari-que-farem-i-com-pots-fer-ho-possible","status":"publish","type":"post","link":"https:\/\/www.casaldelsinfants.org\/es\/actualidad\/lestiu-mes-necessari-que-farem-i-com-pots-fer-ho-possible\/","title":{"rendered":"El verano m\u00e1s necesario: \u00bfqu\u00e9 haremos y c\u00f3mo puedes hacerlo posible?"},"content":{"rendered":"<p><span style=\"color: #000000;\">\u00a1En el Casal dels Infants ya hemos empezado nuestras actividades de verano! Desde el 29 de junio hasta el 28 de agosto nuestro objetivo es que 1.600 ni\u00f1os, ni\u00f1as y j\u00f3venes en situaci\u00f3n de vulnerabilidad disfruten de actividades de ocio educativo. Lo hacemos con el convencimiento de que este verano es m\u00e1s necesario que nunca que disfruten del tiempo libre, porque es uno de sus derechos y porque han vivido el confinamiento en condiciones especialmente adversas.\u00a0<\/span><\/p>\n<p><span style=\"color: #000000;\">Esta semana ya hemos empezado los casales de verano y el proyecto de refuerzo del catal\u00e1n CAT-Estiu, y pronto llegar\u00e1n las colonias, los campamentos y los campos de trabajo. Las inscripciones son, de media, para cuatro semanas, pero muchos ni\u00f1os, ni\u00f1as y j\u00f3venes participar\u00e1n en ellos m\u00e1s tiempo, dado que las situaciones de vulnerabilidad de sus familias lo hacen necesario.<\/span><\/p>\n<blockquote><p><span style=\"color: #000000;\">Llevar a cabo estas actividades requiere la suma de muchos esfuerzos.<\/span><\/p>\n<p><strong>\u00bfC\u00f3mo puedes aportar el tuyo?\u00a0\u00a0<\/strong><\/p>\n<p><a href=\"https:\/\/www.casaldelsinfants.org\/es\/dona-ahora\/\"><u><strong>Haz un donativo!<\/strong><\/u><\/a> <span style=\"color: #000000;\">Por ejemplo, con un donativo de 25 euros garantizar\u00e1s un d\u00eda de excursi\u00f3n a la naturaleza de un ni\u00f1o o ni\u00f1a; con 130 euros, cubrir\u00e1s una semana de casal de verano para un ni\u00f1o o ni\u00f1a; con una aportaci\u00f3n de 250 euros har\u00e1s posible que un adolescente pueda ir una semana de campamentos, y con una de 360 euros, que haga una semana de colonias.<\/span><\/p>\n<p><a title=\"https:\/\/www.casaldelsinfants.org\/es\/que-puedes-hacer-tu\/voluntariado\/\" href=\"https:\/\/www.casaldelsinfants.org\/es\/que-puedes-hacer-tu\/voluntariado\/\"><strong><u>Haz voluntariado!<\/u><\/strong> <\/a><span style=\"color: #000000;\">Suma tu compromiso a nuestro equipo y, junto a nuestros educadores y educadoras, contribuir\u00e1s a hacer posible que muchos chicos y chicas disfruten de las vacaciones. Apuntarte es muy sencillo: <strong>env\u00edanos un WhatsApp al 682 20 09 11<\/strong> o inf\u00f3rmate <a href=\"https:\/\/www.casaldelsinfants.org\/es\/que-puedes-hacer-tu\/voluntariado\/\">aqu\u00ed<\/a>.<\/span><\/p><\/blockquote>\n<p><span style=\"color: #000000;\"><strong>Ocio y naturaleza<\/strong><\/span><\/p>\n<p><span style=\"color: #000000;\">En el casal de verano haremos actividades divertidas y educativas, juegos de agua, salidas\u2026 Y tambi\u00e9n ofreceremos el desayuno y la comida a los chicos y chicas. Para que rompan con la rutina y salgan de sus entornos, hemos planificado dos tandas de colonias, una en julio y otra en agosto. Se trata de estancias de entre cuatro y seis noches en casas de colonias repartidas en 11 comarcas de las cuatro provincias catalanas.<\/span><\/p>\n<p><span style=\"color: #000000;\">Por lo que se refiere a los campamentos para adolescentes y j\u00f3venes, este a\u00f1o los organizaremos en el pueblo de Tavascan, perteneciente al municipio de Lladorre, en el Pallars Sobir\u00e1. Un rinc\u00f3n de la Vall de Card\u00f3s con un entorno natural excepcional, <u>donde hemos realizado estancias con adolescentes y j\u00f3venes desde 1994<\/u>. En los campos de trabajo para j\u00f3venes de 16 a 21 a\u00f1os, que tambi\u00e9n se realizar\u00e1n en Tavascan, los chicos y chicas desbrozar\u00e1n bosques y caminos y realizar\u00e1n otras tareas comunitarias en colaboraci\u00f3n con la brigada del Ayuntamiento de Lladorre. <\/span><\/p>\n<p><span style=\"color: #000000;\">Por otro lado, durante toda la estancia en Tavascan, ocho j\u00f3venes mayores de edad participantes del Casal se sumar\u00e1n al equipo educativo como voluntarios y asumiendo tambi\u00e9n tareas de log\u00edstica de los campamentos.\u00a0<\/span><\/p>\n<p><strong>Atenci\u00f3n a las familias y refuerzo educativo<\/strong><\/p>\n<p><span style=\"color: #000000;\">M\u00e1s all\u00e1 de la oferta de las actividades de verano, en el Casal dels Infants seguiremos movilizando nuestros recursos y equipo para <strong>atender las necesidades de las familias<\/strong> que m\u00e1s han sufrido el golpe de la crisis econ\u00f3mica de la Covid-19, <a href=\"https:\/\/www.casaldelsinfants.org\/es\/actualidad\/kits-emergencia-educativos-infantes-situacion-vulnerabilidad\/\">como hemos hecho durante el confinamiento<\/a>. Mantendremos las prestaciones de emergencia con fondos propios para las familias en situaci\u00f3n de vulnerabilidad m\u00e1s grave. As\u00ed mismo, reforzaremos los espacios de atenci\u00f3n a las familias para apoyarles en la tramitaci\u00f3n de las prestaciones sociales, facilitarles las gestiones con los servicios sociales y otras redes de apoyo y ofrecerles un acompa\u00f1amiento emocional.\u00a0<\/span><\/p>\n<p><span style=\"color: #000000;\">Por otro lado, el refuerzo educativo ser\u00e1 uno de los ejes de nuestras actividades de verano. El objetivo es que, con el apoyo de los educadores y educadoras y de las personas voluntarias,<strong> los ni\u00f1os, ni\u00f1as y j\u00f3venes recuperen las rutinas de su proceso de aprendizaje<\/strong> y consoliden conocimientos y competencias antes de que empiece el nuevo curso.\u00a0<\/span><\/p>\n<p>El servicio que m\u00e1s se focalizar\u00e1 en el refuerzo educativo es <strong>CAT-Estiu<\/strong> que la asociaci\u00f3n ofrece en el barrio del Raval de Barcelona, y que un verano m\u00e1s reforzar\u00e1 los conocimientos del catal\u00e1n y otras competencias instrumentales, como las matem\u00e1ticas, de los ni\u00f1os y ni\u00f1as que participen en \u00e9l. Este a\u00f1o, pero, el Cat-Estiu ir\u00e1 mucho m\u00e1s all\u00e1 gracias a la <strong>colaboraci\u00f3n del Centre de Cultura Contempor\u00e0nia de Barcelona (CCCB)<\/strong>, que ofrecer\u00e1 todas las plazas de su casal de verano \u201cCulturnautes\u201d a ni\u00f1os y ni\u00f1as del CAT-Estiu del Casal i de la Fundaci\u00f3n la Esperanza. Aqu\u00ed te lo explicamos.<\/p>\n<p><span style=\"color: #000000;\">Para tirar adelante sus actividades de verano, en el Casal dels Infants tambi\u00e9n hemos contado con el apoyo de la <strong>Fundaci\u00f3 MABCA<\/strong>; el <strong>MACBA<\/strong>; <strong>Caprabo<\/strong>; <strong>Boehringuer<\/strong>; <strong>Abantia Group<\/strong> y el restaurante <strong>Red Fish<\/strong>.<\/span><\/p>\n","protected":false},"excerpt":{"rendered":"<p>\u00a1En el Casal dels Infants ya hemos empezado nuestras actividades de verano! Desde el 29 de junio hasta el 28 de agosto nuestro objetivo es que 1.600 ni\u00f1os, ni\u00f1as y j\u00f3venes en situaci\u00f3n de vulnerabilidad disfruten de actividades de ocio educativo. Lo hacemos con el convencimiento de que este verano es m\u00e1s necesario que nunca [&hellip;]<\/p>\n","protected":false},"author":1,"featured_media":3203,"comment_status":"open","ping_status":"open","sticky":false,"template":"","format":"standard","meta":{"_acf_changed":false,"_et_pb_use_builder":"","_et_pb_old_content":"","_et_gb_content_width":"","inline_featured_image":false,"footnotes":""},"categories":[125],"tags":[],"seus":[],"eixos":[],"class_list":["post-4358","post","type-post","status-publish","format-standard","has-post-thumbnail","hentry","category-noticias"],"acf":[],"yoast_head":"<!-- This site is optimized with the Yoast SEO plugin v27.4 - https:\/\/yoast.com\/product\/yoast-seo-wordpress\/ -->\n<title>El verano m\u00e1s necesario: \u00bfqu\u00e9 haremos y c\u00f3mo puedes hacerlo posible? - Casal dels Infants<\/title>\n<meta name=\"robots\" content=\"index, follow, max-snippet:-1, max-image-preview:large, max-video-preview:-1\" \/>\n<link rel=\"canonical\" href=\"https:\/\/www.casaldelsinfants.org\/es\/actualidad\/lestiu-mes-necessari-que-farem-i-com-pots-fer-ho-possible\/\" \/>\n<meta property=\"og:locale\" content=\"es_ES\" \/>\n<meta property=\"og:type\" content=\"article\" \/>\n<meta property=\"og:title\" content=\"El verano m\u00e1s necesario: \u00bfqu\u00e9 haremos y c\u00f3mo puedes hacerlo posible? - Casal dels Infants\" \/>\n<meta property=\"og:description\" content=\"\u00a1En el Casal dels Infants ya hemos empezado nuestras actividades de verano! Desde el 29 de junio hasta el 28 de agosto nuestro objetivo es que 1.600 ni\u00f1os, ni\u00f1as y j\u00f3venes en situaci\u00f3n de vulnerabilidad disfruten de actividades de ocio educativo. Lo hacemos con el convencimiento de que este verano es m\u00e1s necesario que nunca [&hellip;]\" \/>\n<meta property=\"og:url\" content=\"https:\/\/www.casaldelsinfants.org\/es\/actualidad\/lestiu-mes-necessari-que-farem-i-com-pots-fer-ho-possible\/\" \/>\n<meta property=\"og:site_name\" content=\"Casal dels Infants\" \/>\n<meta property=\"article:publisher\" content=\"https:\/\/www.facebook.com\/casalinfants\" \/>\n<meta property=\"article:published_time\" content=\"2020-07-01T13:41:28+00:00\" \/>\n<meta property=\"article:modified_time\" content=\"2023-11-06T13:06:09+00:00\" \/>\n<meta property=\"og:image\" content=\"https:\/\/www.casaldelsinfants.org\/wp-content\/uploads\/dsc07119.jpg\" \/>\n\t<meta property=\"og:image:width\" content=\"1616\" \/>\n\t<meta property=\"og:image:height\" content=\"1080\" \/>\n\t<meta property=\"og:image:type\" content=\"image\/jpeg\" \/>\n<meta name=\"author\" content=\"cdiAdmin\" \/>\n<meta name=\"twitter:card\" content=\"summary_large_image\" \/>\n<meta name=\"twitter:creator\" content=\"@casalinfants\" \/>\n<meta name=\"twitter:site\" content=\"@casalinfants\" \/>\n<meta name=\"twitter:label1\" content=\"Escrito por\" \/>\n\t<meta name=\"twitter:data1\" content=\"cdiAdmin\" \/>\n\t<meta name=\"twitter:label2\" content=\"Tiempo de lectura\" \/>\n\t<meta name=\"twitter:data2\" content=\"4 minutos\" \/>\n<script type=\"application\/ld+json\" class=\"yoast-schema-graph\">{\"@context\":\"https:\\\/\\\/schema.org\",\"@graph\":[{\"@type\":\"Article\",\"@id\":\"https:\\\/\\\/www.casaldelsinfants.org\\\/es\\\/actualidad\\\/lestiu-mes-necessari-que-farem-i-com-pots-fer-ho-possible\\\/#article\",\"isPartOf\":{\"@id\":\"https:\\\/\\\/www.casaldelsinfants.org\\\/es\\\/actualidad\\\/lestiu-mes-necessari-que-farem-i-com-pots-fer-ho-possible\\\/\"},\"author\":{\"name\":\"cdiAdmin\",\"@id\":\"https:\\\/\\\/www.casaldelsinfants.org\\\/es\\\/#\\\/schema\\\/person\\\/97707fc8c64900cf36891127dbf9fba8\"},\"headline\":\"El verano m\u00e1s necesario: \u00bfqu\u00e9 haremos y c\u00f3mo puedes hacerlo posible?\",\"datePublished\":\"2020-07-01T13:41:28+00:00\",\"dateModified\":\"2023-11-06T13:06:09+00:00\",\"mainEntityOfPage\":{\"@id\":\"https:\\\/\\\/www.casaldelsinfants.org\\\/es\\\/actualidad\\\/lestiu-mes-necessari-que-farem-i-com-pots-fer-ho-possible\\\/\"},\"wordCount\":830,\"commentCount\":0,\"publisher\":{\"@id\":\"https:\\\/\\\/www.casaldelsinfants.org\\\/es\\\/#organization\"},\"image\":{\"@id\":\"https:\\\/\\\/www.casaldelsinfants.org\\\/es\\\/actualidad\\\/lestiu-mes-necessari-que-farem-i-com-pots-fer-ho-possible\\\/#primaryimage\"},\"thumbnailUrl\":\"https:\\\/\\\/www.casaldelsinfants.org\\\/wp-content\\\/uploads\\\/dsc07119.jpg\",\"articleSection\":[\"Noticia\"],\"inLanguage\":\"es\",\"potentialAction\":[{\"@type\":\"CommentAction\",\"name\":\"Comment\",\"target\":[\"https:\\\/\\\/www.casaldelsinfants.org\\\/es\\\/actualidad\\\/lestiu-mes-necessari-que-farem-i-com-pots-fer-ho-possible\\\/#respond\"]}]},{\"@type\":\"WebPage\",\"@id\":\"https:\\\/\\\/www.casaldelsinfants.org\\\/es\\\/actualidad\\\/lestiu-mes-necessari-que-farem-i-com-pots-fer-ho-possible\\\/\",\"url\":\"https:\\\/\\\/www.casaldelsinfants.org\\\/es\\\/actualidad\\\/lestiu-mes-necessari-que-farem-i-com-pots-fer-ho-possible\\\/\",\"name\":\"El verano m\u00e1s necesario: \u00bfqu\u00e9 haremos y c\u00f3mo puedes hacerlo posible? - Casal dels Infants\",\"isPartOf\":{\"@id\":\"https:\\\/\\\/www.casaldelsinfants.org\\\/es\\\/#website\"},\"primaryImageOfPage\":{\"@id\":\"https:\\\/\\\/www.casaldelsinfants.org\\\/es\\\/actualidad\\\/lestiu-mes-necessari-que-farem-i-com-pots-fer-ho-possible\\\/#primaryimage\"},\"image\":{\"@id\":\"https:\\\/\\\/www.casaldelsinfants.org\\\/es\\\/actualidad\\\/lestiu-mes-necessari-que-farem-i-com-pots-fer-ho-possible\\\/#primaryimage\"},\"thumbnailUrl\":\"https:\\\/\\\/www.casaldelsinfants.org\\\/wp-content\\\/uploads\\\/dsc07119.jpg\",\"datePublished\":\"2020-07-01T13:41:28+00:00\",\"dateModified\":\"2023-11-06T13:06:09+00:00\",\"breadcrumb\":{\"@id\":\"https:\\\/\\\/www.casaldelsinfants.org\\\/es\\\/actualidad\\\/lestiu-mes-necessari-que-farem-i-com-pots-fer-ho-possible\\\/#breadcrumb\"},\"inLanguage\":\"es\",\"potentialAction\":[{\"@type\":\"ReadAction\",\"target\":[\"https:\\\/\\\/www.casaldelsinfants.org\\\/es\\\/actualidad\\\/lestiu-mes-necessari-que-farem-i-com-pots-fer-ho-possible\\\/\"]}]},{\"@type\":\"ImageObject\",\"inLanguage\":\"es\",\"@id\":\"https:\\\/\\\/www.casaldelsinfants.org\\\/es\\\/actualidad\\\/lestiu-mes-necessari-que-farem-i-com-pots-fer-ho-possible\\\/#primaryimage\",\"url\":\"https:\\\/\\\/www.casaldelsinfants.org\\\/wp-content\\\/uploads\\\/dsc07119.jpg\",\"contentUrl\":\"https:\\\/\\\/www.casaldelsinfants.org\\\/wp-content\\\/uploads\\\/dsc07119.jpg\",\"width\":1616,\"height\":1080,\"caption\":\"Dos infants amb mascareta.\"},{\"@type\":\"BreadcrumbList\",\"@id\":\"https:\\\/\\\/www.casaldelsinfants.org\\\/es\\\/actualidad\\\/lestiu-mes-necessari-que-farem-i-com-pots-fer-ho-possible\\\/#breadcrumb\",\"itemListElement\":[{\"@type\":\"ListItem\",\"position\":1,\"name\":\"Inici\",\"item\":\"https:\\\/\\\/www.casaldelsinfants.org\\\/es\\\/\"},{\"@type\":\"ListItem\",\"position\":2,\"name\":\"El verano m\u00e1s necesario: \u00bfqu\u00e9 haremos y c\u00f3mo puedes hacerlo posible?\"}]},{\"@type\":\"WebSite\",\"@id\":\"https:\\\/\\\/www.casaldelsinfants.org\\\/es\\\/#website\",\"url\":\"https:\\\/\\\/www.casaldelsinfants.org\\\/es\\\/\",\"name\":\"Casal dels Infants\",\"description\":\"\",\"publisher\":{\"@id\":\"https:\\\/\\\/www.casaldelsinfants.org\\\/es\\\/#organization\"},\"potentialAction\":[{\"@type\":\"SearchAction\",\"target\":{\"@type\":\"EntryPoint\",\"urlTemplate\":\"https:\\\/\\\/www.casaldelsinfants.org\\\/es\\\/?s={search_term_string}\"},\"query-input\":{\"@type\":\"PropertyValueSpecification\",\"valueRequired\":true,\"valueName\":\"search_term_string\"}}],\"inLanguage\":\"es\"},{\"@type\":\"Organization\",\"@id\":\"https:\\\/\\\/www.casaldelsinfants.org\\\/es\\\/#organization\",\"name\":\"Casal dels Infants\",\"url\":\"https:\\\/\\\/www.casaldelsinfants.org\\\/es\\\/\",\"logo\":{\"@type\":\"ImageObject\",\"inLanguage\":\"es\",\"@id\":\"https:\\\/\\\/www.casaldelsinfants.org\\\/es\\\/#\\\/schema\\\/logo\\\/image\\\/\",\"url\":\"https:\\\/\\\/www.casaldelsinfants.org\\\/wp-content\\\/uploads\\\/logo-mail.png\",\"contentUrl\":\"https:\\\/\\\/www.casaldelsinfants.org\\\/wp-content\\\/uploads\\\/logo-mail.png\",\"width\":380,\"height\":158,\"caption\":\"Casal dels Infants\"},\"image\":{\"@id\":\"https:\\\/\\\/www.casaldelsinfants.org\\\/es\\\/#\\\/schema\\\/logo\\\/image\\\/\"},\"sameAs\":[\"https:\\\/\\\/www.facebook.com\\\/casalinfants\",\"https:\\\/\\\/x.com\\\/casalinfants\",\"https:\\\/\\\/www.youtube.com\\\/user\\\/CasaldelsInfants1\",\"https:\\\/\\\/www.instagram.com\\\/casalinfants\\\/\",\"https:\\\/\\\/www.linkedin.com\\\/company\\\/casaldelsinfants?trk=organization-update_share-update_actor-text\"]},{\"@type\":\"Person\",\"@id\":\"https:\\\/\\\/www.casaldelsinfants.org\\\/es\\\/#\\\/schema\\\/person\\\/97707fc8c64900cf36891127dbf9fba8\",\"name\":\"cdiAdmin\",\"sameAs\":[\"https:\\\/\\\/casaldelsinfants.org\"]}]}<\/script>\n<!-- \/ Yoast SEO plugin. -->","yoast_head_json":{"title":"El verano m\u00e1s necesario: \u00bfqu\u00e9 haremos y c\u00f3mo puedes hacerlo posible? - Casal dels Infants","robots":{"index":"index","follow":"follow","max-snippet":"max-snippet:-1","max-image-preview":"max-image-preview:large","max-video-preview":"max-video-preview:-1"},"canonical":"https:\/\/www.casaldelsinfants.org\/es\/actualidad\/lestiu-mes-necessari-que-farem-i-com-pots-fer-ho-possible\/","og_locale":"es_ES","og_type":"article","og_title":"El verano m\u00e1s necesario: \u00bfqu\u00e9 haremos y c\u00f3mo puedes hacerlo posible? - Casal dels Infants","og_description":"\u00a1En el Casal dels Infants ya hemos empezado nuestras actividades de verano! Desde el 29 de junio hasta el 28 de agosto nuestro objetivo es que 1.600 ni\u00f1os, ni\u00f1as y j\u00f3venes en situaci\u00f3n de vulnerabilidad disfruten de actividades de ocio educativo. Lo hacemos con el convencimiento de que este verano es m\u00e1s necesario que nunca [&hellip;]","og_url":"https:\/\/www.casaldelsinfants.org\/es\/actualidad\/lestiu-mes-necessari-que-farem-i-com-pots-fer-ho-possible\/","og_site_name":"Casal dels Infants","article_publisher":"https:\/\/www.facebook.com\/casalinfants","article_published_time":"2020-07-01T13:41:28+00:00","article_modified_time":"2023-11-06T13:06:09+00:00","og_image":[{"width":1616,"height":1080,"url":"https:\/\/www.casaldelsinfants.org\/wp-content\/uploads\/dsc07119.jpg","type":"image\/jpeg"}],"author":"cdiAdmin","twitter_card":"summary_large_image","twitter_creator":"@casalinfants","twitter_site":"@casalinfants","twitter_misc":{"Escrito por":"cdiAdmin","Tiempo de lectura":"4 minutos"},"schema":{"@context":"https:\/\/schema.org","@graph":[{"@type":"Article","@id":"https:\/\/www.casaldelsinfants.org\/es\/actualidad\/lestiu-mes-necessari-que-farem-i-com-pots-fer-ho-possible\/#article","isPartOf":{"@id":"https:\/\/www.casaldelsinfants.org\/es\/actualidad\/lestiu-mes-necessari-que-farem-i-com-pots-fer-ho-possible\/"},"author":{"name":"cdiAdmin","@id":"https:\/\/www.casaldelsinfants.org\/es\/#\/schema\/person\/97707fc8c64900cf36891127dbf9fba8"},"headline":"El verano m\u00e1s necesario: \u00bfqu\u00e9 haremos y c\u00f3mo puedes hacerlo posible?","datePublished":"2020-07-01T13:41:28+00:00","dateModified":"2023-11-06T13:06:09+00:00","mainEntityOfPage":{"@id":"https:\/\/www.casaldelsinfants.org\/es\/actualidad\/lestiu-mes-necessari-que-farem-i-com-pots-fer-ho-possible\/"},"wordCount":830,"commentCount":0,"publisher":{"@id":"https:\/\/www.casaldelsinfants.org\/es\/#organization"},"image":{"@id":"https:\/\/www.casaldelsinfants.org\/es\/actualidad\/lestiu-mes-necessari-que-farem-i-com-pots-fer-ho-possible\/#primaryimage"},"thumbnailUrl":"https:\/\/www.casaldelsinfants.org\/wp-content\/uploads\/dsc07119.jpg","articleSection":["Noticia"],"inLanguage":"es","potentialAction":[{"@type":"CommentAction","name":"Comment","target":["https:\/\/www.casaldelsinfants.org\/es\/actualidad\/lestiu-mes-necessari-que-farem-i-com-pots-fer-ho-possible\/#respond"]}]},{"@type":"WebPage","@id":"https:\/\/www.casaldelsinfants.org\/es\/actualidad\/lestiu-mes-necessari-que-farem-i-com-pots-fer-ho-possible\/","url":"https:\/\/www.casaldelsinfants.org\/es\/actualidad\/lestiu-mes-necessari-que-farem-i-com-pots-fer-ho-possible\/","name":"El verano m\u00e1s necesario: \u00bfqu\u00e9 haremos y c\u00f3mo puedes hacerlo posible? - Casal dels Infants","isPartOf":{"@id":"https:\/\/www.casaldelsinfants.org\/es\/#website"},"primaryImageOfPage":{"@id":"https:\/\/www.casaldelsinfants.org\/es\/actualidad\/lestiu-mes-necessari-que-farem-i-com-pots-fer-ho-possible\/#primaryimage"},"image":{"@id":"https:\/\/www.casaldelsinfants.org\/es\/actualidad\/lestiu-mes-necessari-que-farem-i-com-pots-fer-ho-possible\/#primaryimage"},"thumbnailUrl":"https:\/\/www.casaldelsinfants.org\/wp-content\/uploads\/dsc07119.jpg","datePublished":"2020-07-01T13:41:28+00:00","dateModified":"2023-11-06T13:06:09+00:00","breadcrumb":{"@id":"https:\/\/www.casaldelsinfants.org\/es\/actualidad\/lestiu-mes-necessari-que-farem-i-com-pots-fer-ho-possible\/#breadcrumb"},"inLanguage":"es","potentialAction":[{"@type":"ReadAction","target":["https:\/\/www.casaldelsinfants.org\/es\/actualidad\/lestiu-mes-necessari-que-farem-i-com-pots-fer-ho-possible\/"]}]},{"@type":"ImageObject","inLanguage":"es","@id":"https:\/\/www.casaldelsinfants.org\/es\/actualidad\/lestiu-mes-necessari-que-farem-i-com-pots-fer-ho-possible\/#primaryimage","url":"https:\/\/www.casaldelsinfants.org\/wp-content\/uploads\/dsc07119.jpg","contentUrl":"https:\/\/www.casaldelsinfants.org\/wp-content\/uploads\/dsc07119.jpg","width":1616,"height":1080,"caption":"Dos infants amb mascareta."},{"@type":"BreadcrumbList","@id":"https:\/\/www.casaldelsinfants.org\/es\/actualidad\/lestiu-mes-necessari-que-farem-i-com-pots-fer-ho-possible\/#breadcrumb","itemListElement":[{"@type":"ListItem","position":1,"name":"Inici","item":"https:\/\/www.casaldelsinfants.org\/es\/"},{"@type":"ListItem","position":2,"name":"El verano m\u00e1s necesario: \u00bfqu\u00e9 haremos y c\u00f3mo puedes hacerlo posible?"}]},{"@type":"WebSite","@id":"https:\/\/www.casaldelsinfants.org\/es\/#website","url":"https:\/\/www.casaldelsinfants.org\/es\/","name":"Casal dels Infants","description":"","publisher":{"@id":"https:\/\/www.casaldelsinfants.org\/es\/#organization"},"potentialAction":[{"@type":"SearchAction","target":{"@type":"EntryPoint","urlTemplate":"https:\/\/www.casaldelsinfants.org\/es\/?s={search_term_string}"},"query-input":{"@type":"PropertyValueSpecification","valueRequired":true,"valueName":"search_term_string"}}],"inLanguage":"es"},{"@type":"Organization","@id":"https:\/\/www.casaldelsinfants.org\/es\/#organization","name":"Casal dels Infants","url":"https:\/\/www.casaldelsinfants.org\/es\/","logo":{"@type":"ImageObject","inLanguage":"es","@id":"https:\/\/www.casaldelsinfants.org\/es\/#\/schema\/logo\/image\/","url":"https:\/\/www.casaldelsinfants.org\/wp-content\/uploads\/logo-mail.png","contentUrl":"https:\/\/www.casaldelsinfants.org\/wp-content\/uploads\/logo-mail.png","width":380,"height":158,"caption":"Casal dels Infants"},"image":{"@id":"https:\/\/www.casaldelsinfants.org\/es\/#\/schema\/logo\/image\/"},"sameAs":["https:\/\/www.facebook.com\/casalinfants","https:\/\/x.com\/casalinfants","https:\/\/www.youtube.com\/user\/CasaldelsInfants1","https:\/\/www.instagram.com\/casalinfants\/","https:\/\/www.linkedin.com\/company\/casaldelsinfants?trk=organization-update_share-update_actor-text"]},{"@type":"Person","@id":"https:\/\/www.casaldelsinfants.org\/es\/#\/schema\/person\/97707fc8c64900cf36891127dbf9fba8","name":"cdiAdmin","sameAs":["https:\/\/casaldelsinfants.org"]}]}},"publishpress_future_action":{"enabled":false,"date":"2026-05-08 09:08:16","action":"change-status","newStatus":"draft","terms":[],"taxonomy":"category","extraData":[]},"publishpress_future_workflow_manual_trigger":{"enabledWorkflows":[]},"_links":{"self":[{"href":"https:\/\/www.casaldelsinfants.org\/es\/wp-json\/wp\/v2\/posts\/4358","targetHints":{"allow":["GET"]}}],"collection":[{"href":"https:\/\/www.casaldelsinfants.org\/es\/wp-json\/wp\/v2\/posts"}],"about":[{"href":"https:\/\/www.casaldelsinfants.org\/es\/wp-json\/wp\/v2\/types\/post"}],"author":[{"embeddable":true,"href":"https:\/\/www.casaldelsinfants.org\/es\/wp-json\/wp\/v2\/users\/1"}],"replies":[{"embeddable":true,"href":"https:\/\/www.casaldelsinfants.org\/es\/wp-json\/wp\/v2\/comments?post=4358"}],"version-history":[{"count":4,"href":"https:\/\/www.casaldelsinfants.org\/es\/wp-json\/wp\/v2\/posts\/4358\/revisions"}],"predecessor-version":[{"id":15397,"href":"https:\/\/www.casaldelsinfants.org\/es\/wp-json\/wp\/v2\/posts\/4358\/revisions\/15397"}],"wp:featuredmedia":[{"embeddable":true,"href":"https:\/\/www.casaldelsinfants.org\/es\/wp-json\/wp\/v2\/media\/3203"}],"wp:attachment":[{"href":"https:\/\/www.casaldelsinfants.org\/es\/wp-json\/wp\/v2\/media?parent=4358"}],"wp:term":[{"taxonomy":"category","embeddable":true,"href":"https:\/\/www.casaldelsinfants.org\/es\/wp-json\/wp\/v2\/categories?post=4358"},{"taxonomy":"post_tag","embeddable":true,"href":"https:\/\/www.casaldelsinfants.org\/es\/wp-json\/wp\/v2\/tags?post=4358"},{"taxonomy":"seus","embeddable":true,"href":"https:\/\/www.casaldelsinfants.org\/es\/wp-json\/wp\/v2\/seus?post=4358"},{"taxonomy":"eixos","embeddable":true,"href":"https:\/\/www.casaldelsinfants.org\/es\/wp-json\/wp\/v2\/eixos?post=4358"}],"curies":[{"name":"wp","href":"https:\/\/api.w.org\/{rel}","templated":true}]}}