{"id":4360,"date":"2020-05-29T10:52:14","date_gmt":"2020-05-29T08:52:14","guid":{"rendered":"https:\/\/casal.puntzero.cat\/noticies\/enfortint-habits-saludables-i-vincles-afectius-al-casal-obert-infantil-de-salt\/"},"modified":"2023-05-01T17:50:41","modified_gmt":"2023-05-01T15:50:41","slug":"enfortint-habits-saludables-i-vincles-afectius-al-casal-obert-infantil-de-salt","status":"publish","type":"post","link":"https:\/\/www.casaldelsinfants.org\/es\/actualidad\/fortalecer-habitos-saludables-casal-abierto-infantil-salt\/","title":{"rendered":"Fortaleciendo h\u00e1bitos saludables y v\u00ednculos afectivos en el Casal Obert Infantil de Salt"},"content":{"rendered":"<p><span style=\"color:#000000;\">Cuando los ni\u00f1os y ni\u00f1as llegan al Casal dels Infants despu\u00e9s de la escuela, saben que tienen que hacer fila frente a los lavabos para lavarse las manos antes de merendar. Este es uno de los h\u00e1bitos para mantener una buena salud que les inculcamos habitualmente y que ahora, en estos d\u00edas en los que tenemos que cuidarnos m\u00e1s que nunca, hacemos que refuercen.<\/span><\/p>\n<p><span style=\"color:#000000;\">En el Casal Obert Infantil de Salt, los ni\u00f1os y ni\u00f1as han podido seguir el mejor ejemplo, tal y como explica Cristina Artacho, educadora del servicio: \u00abContactamos con el Hospital Sant Jaume de Calella, y Raquel, una de las enfermeras, nos envi\u00f3 un v\u00eddeo ense\u00f1\u00e1ndonos c\u00f3mo lavarnos bien las manos: moj\u00e1rnoslas;\u00a0enjabonarlas bien; fregarnos las palmas; fregarnos los dorsos; repasar el espacio entre los dedos; fregar las u\u00f1as contra las palmas en c\u00edrculos; fregarlos los pulgares; fregarnos las mu\u00f1ecas; enjuagar a conciencia y secarnos bien\u00bb.<\/span><\/p>\n<p><span style=\"color:#000000;\">Aqu\u00ed pod\u00e9is ver el v\u00eddeo en el que Raquel ense\u00f1a el proceso, y a continuaci\u00f3n los educadores y educadoras del Casal Obert Infantil ense\u00f1an c\u00f3mo se lavan las manos en casa en distintos momentos del d\u00eda.<\/span><\/p>\n<p><span style=\"color:#000000;\">Lavarse bien las manos es uno de los retos que el equipo educativo ha llamado Fem Salut, peque\u00f1as acciones e indicaciones que han enviado telematicamente a las familias y que los ni\u00f1os y ni\u00f1as han tenido que demostrar que segu\u00edan desde casa. Todo ello para mantener y mejorar los h\u00e1bitos saludables: \u00abEn otros v\u00eddeos les hemos animado a hacer actividad f\u00edsica en casa, les hemos recordado la importancia de beber agua durante el d\u00eda, especialmente cuando realizamos de porte; hemos insistido en que es muy importante mantener una dieta equilibrada y menos cal\u00f3rica cuando nos movemos menos, y tambi\u00e9n en que se tienen que poner protecci\u00f3n solar, ahora que vuelven a salir a la calle\u00bb, explica Cristina.<\/span><\/p>\n<p>\u00a0<\/p>\n<p><strong>Necesidades b\u00e1sicas, gesti\u00f3n emocional y echarse de menos<\/strong><\/p>\n<p><span style=\"color:#000000;\">A parte de los retos Fem Salut, en las \u00faltimas semanas el equipo educativo ha mantenido un contacto constante con las familias, por tel\u00e9fono o a trav\u00e9s de distintas aplicaciones. La crisis de la Covid-19 ha supuesto que las situaciones de vulnerabilidad de muchas de ellas se agravaran, y ha sido necesario actuar: \u00abBuscamos y movilizamos recursos alternativos para dar respuesta a las que m\u00e1s est\u00e1n sufriendo\u00bb, explica Cristina.<\/span><\/p>\n<p class=\"destacat-noticia\"><span style=\"color:#000000;\">Cristina Artacho: \u00abBuscamos y movilizamos recursos alternativos para dar respuesta a las familias que m\u00e1s est\u00e1n sufriendo\u00bb<\/span><\/p>\n<p class=\"verd\">\u00a0<\/p>\n<div class=\"video-embed-field-responsive-video form-group\"><iframe loading=\"lazy\" width=\"854\" height=\"480\" frameborder=\"0\" allowfullscreen=\"allowfullscreen\" src=\"https:\/\/www.youtube.com\/embed\/mzb4WBMgXc0?autoplay=0&amp;start=0&amp;rel=0\"><\/iframe>\n<\/div>\n<p class=\"verd\">\u00a0<\/p>\n<p class=\"verd\"><span style=\"color:#000000;\">Estos recursos han sido los kits de emergencia y educativos desplegados des de el Casal, as\u00ed como la colaboraci\u00f3n en el reparto de las tarjetas monedero que suplen las becas comedor de los ni\u00f1os y ni\u00f1as. Por otro lado, hemos hecho llegar algunas de las 65 tablets donadas por Amazon a las familias que m\u00e1s las necesitaban, as\u00ed como conexi\u00f3n a internet durante 6 meses para algunos hogares que no dispon\u00edan de acceso a la red, gracias a la colaboraci\u00f3n con Parlem Telecom.<\/span><\/p>\n<p class=\"verd\"><span style=\"color:#000000;\">En este contexto de dificultades sobrevenidas, una de las prioridades del equipo ha sido el acompa\u00f1amiento emocional a los ni\u00f1os, ni\u00f1as y familias, comenta Cristina: \u00abLas familias necesitan saber que estamos ah\u00ed. Hemos tenido que hacernos muy presentes. Aunque de un d\u00eda para el otro tuvimos que cerrar el local, hemos seguido a su lado a trav\u00e9s de las llamadas y videollamadas\u00bb.<\/span><\/p>\n<p class=\"destacat-noticia\"><span style=\"color:#000000;\">Cristina Artacho: \u00abLes familias necesitan saber que estamos ah\u00ed\u00bb<\/span><\/p>\n<p><span style=\"color:#000000;\">Es precisamente debido a este contacto permanente que los v\u00ednculos entre los ni\u00f1os, ni\u00f1as, las familias y el equipo educativo se han estrechado m\u00e1s que nunca, a\u00f1ade: \u00abPercibimos que nos echamos de menos. Para nosotras es muy grande, y nos sucede lo mismo. Es bonito ver que tenemos la necesidad de volvernos a encontrar, es decir, que valoramos lo que hasta ahora hac\u00edamos. Hasta ahora ellos y ellas ven\u00edan al Casal, y ahora nos dejan entrar en su casa con mucho agradecimiento\u00bb.<\/span><\/p>\n<p class=\"destacat-noticia\"><span style=\"color:#000000;\">Cristina Artacho: \u00abEs bonito ver que tenemos la necesidad de volvernos a encontrar, que valoramos lo que hasta ahora hac\u00edamos\u00bb<\/span><\/p>\n<p class=\"verd\">\u00a0<\/p>\n<div class=\"video-embed-field-responsive-video form-group\"><iframe loading=\"lazy\" width=\"854\" height=\"480\" frameborder=\"0\" allowfullscreen=\"allowfullscreen\" src=\"https:\/\/www.youtube.com\/embed\/JFEQskSgCIc?autoplay=0&amp;start=0&amp;rel=0\"><\/iframe>\n<\/div>\n<p class=\"verd\">\u00a0<\/p>\n<p><span style=\"color:#000000;\">Pod\u00e9is ver la conversaci\u00f3n entera con Cristina Artacho <\/span><a href=\"https:\/\/www.youtube.com\/watch?v=z4RivP2PQ64&amp;list=PLt2vkGsi9kM6DMKFNkGyypggLmrdSiOCA\"><span style=\"color:#000000;\"><strong><u>aqu\u00ed<\/u><\/strong><\/span><\/a><span style=\"color:#000000;\">.<\/span><br \/>\n\u00a0<\/p>\n<blockquote>\n<p><b>Te necesitamos para hacer posible un gran verano:<\/b><br \/>\n&#8211; Ven a hacer<strong>\u00a0<a href=\"https:\/\/www.casaldelsinfants.org\/es\/que-puedes-hacer-tu\/voluntariado\/\"><u>voluntariado<\/u><\/a><\/strong><br \/>\n&#8211; Haz\u00a0un<strong>\u00a0<\/strong><strong><u><a href=\"https:\/\/www.casaldelsinfants.org\/es\/que-puedes-hacer-tu\/haz-un-donativo\/\">donati<\/a><\/u><\/strong><a href=\"https:\/\/www.casaldelsinfants.org\/es\/que-puedes-hacer-tu\/haz-un-donativo\/\"><strong><u>vo<\/u><\/strong><\/a><a href=\"https:\/\/www.casaldelsinfants.org\/es\/que-puedes-hacer-tu\/haz-un-donativo\/\"><u>\u00a0<\/u><\/a><\/p>\n<\/blockquote>\n","protected":false},"excerpt":{"rendered":"<p>Cuando los ni\u00f1os y ni\u00f1as llegan al Casal dels Infants despu\u00e9s de la escuela, saben que tienen que hacer fila frente a los lavabos para lavarse las manos antes de merendar. Este es uno de los h\u00e1bitos para mantener una buena salud que les inculcamos habitualmente y que ahora, en estos d\u00edas en los que [&hellip;]<\/p>\n","protected":false},"author":1,"featured_media":3209,"comment_status":"open","ping_status":"open","sticky":false,"template":"","format":"standard","meta":{"_acf_changed":false,"_et_pb_use_builder":"","_et_pb_old_content":"","_et_gb_content_width":"","inline_featured_image":false,"footnotes":""},"categories":[125],"tags":[],"seus":[18,159],"eixos":[99,207],"class_list":{"0":"post-4360","1":"post","2":"type-post","3":"status-publish","4":"format-standard","5":"has-post-thumbnail","6":"hentry","7":"category-noticias","8":"seus-salt","10":"eixos-infancia-y-adolescencia","11":"eixos-infancia-i-adolescencia-es-2"},"acf":[],"yoast_head":"<!-- This site is optimized with the Yoast SEO plugin v27.4 - https:\/\/yoast.com\/product\/yoast-seo-wordpress\/ -->\n<title>Casal Obert Infantil Salt h\u00e0bits saludables vincles afectius<\/title>\n<meta name=\"description\" content=\"Durant les setmanes de confinament, l&#039;equip educatiu del Casal Obert Infantil de Salt est\u00e0 refor\u00e7ant els h\u00e0bits saludables dels infants enviant-los reptes telem\u00e0tics. El contacte permanent amb les fam\u00edlies ha enfortit el vincle entre aquestes i els educadors i educadores del servei.\" \/>\n<meta name=\"robots\" content=\"index, follow, max-snippet:-1, max-image-preview:large, max-video-preview:-1\" \/>\n<link rel=\"canonical\" href=\"https:\/\/www.casaldelsinfants.org\/es\/actualidad\/fortalecer-habitos-saludables-casal-abierto-infantil-salt\/\" \/>\n<meta property=\"og:locale\" content=\"es_ES\" \/>\n<meta property=\"og:type\" content=\"article\" \/>\n<meta property=\"og:title\" content=\"Casal Obert Infantil Salt h\u00e0bits saludables vincles afectius\" \/>\n<meta property=\"og:description\" content=\"Durant les setmanes de confinament, l&#039;equip educatiu del Casal Obert Infantil de Salt est\u00e0 refor\u00e7ant els h\u00e0bits saludables dels infants enviant-los reptes telem\u00e0tics. El contacte permanent amb les fam\u00edlies ha enfortit el vincle entre aquestes i els educadors i educadores del servei.\" \/>\n<meta property=\"og:url\" content=\"https:\/\/www.casaldelsinfants.org\/es\/actualidad\/fortalecer-habitos-saludables-casal-abierto-infantil-salt\/\" \/>\n<meta property=\"og:site_name\" content=\"Casal dels Infants\" \/>\n<meta property=\"article:publisher\" content=\"https:\/\/www.facebook.com\/casalinfants\" \/>\n<meta property=\"article:published_time\" content=\"2020-05-29T08:52:14+00:00\" \/>\n<meta property=\"article:modified_time\" content=\"2023-05-01T15:50:41+00:00\" \/>\n<meta property=\"og:image\" content=\"https:\/\/www.casaldelsinfants.org\/wp-content\/uploads\/repte_fem_salut._ens_rentem_be_les_mans.mp4_.00_00_16_06.imagen_fija001.jpg\" \/>\n\t<meta property=\"og:image:width\" content=\"1280\" \/>\n\t<meta property=\"og:image:height\" content=\"720\" \/>\n\t<meta property=\"og:image:type\" content=\"image\/jpeg\" \/>\n<meta name=\"author\" content=\"cdiAdmin\" \/>\n<meta name=\"twitter:card\" content=\"summary_large_image\" \/>\n<meta name=\"twitter:creator\" content=\"@casalinfants\" \/>\n<meta name=\"twitter:site\" content=\"@casalinfants\" \/>\n<meta name=\"twitter:label1\" content=\"Escrito por\" \/>\n\t<meta name=\"twitter:data1\" content=\"cdiAdmin\" \/>\n\t<meta name=\"twitter:label2\" content=\"Tiempo de lectura\" \/>\n\t<meta name=\"twitter:data2\" content=\"4 minutos\" \/>\n<script type=\"application\/ld+json\" class=\"yoast-schema-graph\">{\"@context\":\"https:\\\/\\\/schema.org\",\"@graph\":[{\"@type\":\"Article\",\"@id\":\"https:\\\/\\\/www.casaldelsinfants.org\\\/es\\\/actualidad\\\/fortalecer-habitos-saludables-casal-abierto-infantil-salt\\\/#article\",\"isPartOf\":{\"@id\":\"https:\\\/\\\/www.casaldelsinfants.org\\\/es\\\/actualidad\\\/fortalecer-habitos-saludables-casal-abierto-infantil-salt\\\/\"},\"author\":{\"name\":\"cdiAdmin\",\"@id\":\"https:\\\/\\\/www.casaldelsinfants.org\\\/es\\\/#\\\/schema\\\/person\\\/97707fc8c64900cf36891127dbf9fba8\"},\"headline\":\"Fortaleciendo h\u00e1bitos saludables y v\u00ednculos afectivos en el Casal Obert Infantil de Salt\",\"datePublished\":\"2020-05-29T08:52:14+00:00\",\"dateModified\":\"2023-05-01T15:50:41+00:00\",\"mainEntityOfPage\":{\"@id\":\"https:\\\/\\\/www.casaldelsinfants.org\\\/es\\\/actualidad\\\/fortalecer-habitos-saludables-casal-abierto-infantil-salt\\\/\"},\"wordCount\":755,\"commentCount\":0,\"publisher\":{\"@id\":\"https:\\\/\\\/www.casaldelsinfants.org\\\/es\\\/#organization\"},\"image\":{\"@id\":\"https:\\\/\\\/www.casaldelsinfants.org\\\/es\\\/actualidad\\\/fortalecer-habitos-saludables-casal-abierto-infantil-salt\\\/#primaryimage\"},\"thumbnailUrl\":\"https:\\\/\\\/www.casaldelsinfants.org\\\/wp-content\\\/uploads\\\/repte_fem_salut._ens_rentem_be_les_mans.mp4_.00_00_16_06.imagen_fija001.jpg\",\"articleSection\":[\"Noticia\"],\"inLanguage\":\"es\",\"potentialAction\":[{\"@type\":\"CommentAction\",\"name\":\"Comment\",\"target\":[\"https:\\\/\\\/www.casaldelsinfants.org\\\/es\\\/actualidad\\\/fortalecer-habitos-saludables-casal-abierto-infantil-salt\\\/#respond\"]}]},{\"@type\":\"WebPage\",\"@id\":\"https:\\\/\\\/www.casaldelsinfants.org\\\/es\\\/actualidad\\\/fortalecer-habitos-saludables-casal-abierto-infantil-salt\\\/\",\"url\":\"https:\\\/\\\/www.casaldelsinfants.org\\\/es\\\/actualidad\\\/fortalecer-habitos-saludables-casal-abierto-infantil-salt\\\/\",\"name\":\"Casal Obert Infantil Salt h\u00e0bits saludables vincles afectius\",\"isPartOf\":{\"@id\":\"https:\\\/\\\/www.casaldelsinfants.org\\\/es\\\/#website\"},\"primaryImageOfPage\":{\"@id\":\"https:\\\/\\\/www.casaldelsinfants.org\\\/es\\\/actualidad\\\/fortalecer-habitos-saludables-casal-abierto-infantil-salt\\\/#primaryimage\"},\"image\":{\"@id\":\"https:\\\/\\\/www.casaldelsinfants.org\\\/es\\\/actualidad\\\/fortalecer-habitos-saludables-casal-abierto-infantil-salt\\\/#primaryimage\"},\"thumbnailUrl\":\"https:\\\/\\\/www.casaldelsinfants.org\\\/wp-content\\\/uploads\\\/repte_fem_salut._ens_rentem_be_les_mans.mp4_.00_00_16_06.imagen_fija001.jpg\",\"datePublished\":\"2020-05-29T08:52:14+00:00\",\"dateModified\":\"2023-05-01T15:50:41+00:00\",\"description\":\"Durant les setmanes de confinament, l'equip educatiu del Casal Obert Infantil de Salt est\u00e0 refor\u00e7ant els h\u00e0bits saludables dels infants enviant-los reptes telem\u00e0tics. El contacte permanent amb les fam\u00edlies ha enfortit el vincle entre aquestes i els educadors i educadores del servei.\",\"breadcrumb\":{\"@id\":\"https:\\\/\\\/www.casaldelsinfants.org\\\/es\\\/actualidad\\\/fortalecer-habitos-saludables-casal-abierto-infantil-salt\\\/#breadcrumb\"},\"inLanguage\":\"es\",\"potentialAction\":[{\"@type\":\"ReadAction\",\"target\":[\"https:\\\/\\\/www.casaldelsinfants.org\\\/es\\\/actualidad\\\/fortalecer-habitos-saludables-casal-abierto-infantil-salt\\\/\"]}]},{\"@type\":\"ImageObject\",\"inLanguage\":\"es\",\"@id\":\"https:\\\/\\\/www.casaldelsinfants.org\\\/es\\\/actualidad\\\/fortalecer-habitos-saludables-casal-abierto-infantil-salt\\\/#primaryimage\",\"url\":\"https:\\\/\\\/www.casaldelsinfants.org\\\/wp-content\\\/uploads\\\/repte_fem_salut._ens_rentem_be_les_mans.mp4_.00_00_16_06.imagen_fija001.jpg\",\"contentUrl\":\"https:\\\/\\\/www.casaldelsinfants.org\\\/wp-content\\\/uploads\\\/repte_fem_salut._ens_rentem_be_les_mans.mp4_.00_00_16_06.imagen_fija001.jpg\",\"width\":1280,\"height\":720,\"caption\":\"Noia rentant-se les mans al servei de Vincles de Salt\"},{\"@type\":\"BreadcrumbList\",\"@id\":\"https:\\\/\\\/www.casaldelsinfants.org\\\/es\\\/actualidad\\\/fortalecer-habitos-saludables-casal-abierto-infantil-salt\\\/#breadcrumb\",\"itemListElement\":[{\"@type\":\"ListItem\",\"position\":1,\"name\":\"Inici\",\"item\":\"https:\\\/\\\/www.casaldelsinfants.org\\\/es\\\/\"},{\"@type\":\"ListItem\",\"position\":2,\"name\":\"Fortaleciendo h\u00e1bitos saludables y v\u00ednculos afectivos en el Casal Obert Infantil de Salt\"}]},{\"@type\":\"WebSite\",\"@id\":\"https:\\\/\\\/www.casaldelsinfants.org\\\/es\\\/#website\",\"url\":\"https:\\\/\\\/www.casaldelsinfants.org\\\/es\\\/\",\"name\":\"Casal dels Infants\",\"description\":\"\",\"publisher\":{\"@id\":\"https:\\\/\\\/www.casaldelsinfants.org\\\/es\\\/#organization\"},\"potentialAction\":[{\"@type\":\"SearchAction\",\"target\":{\"@type\":\"EntryPoint\",\"urlTemplate\":\"https:\\\/\\\/www.casaldelsinfants.org\\\/es\\\/?s={search_term_string}\"},\"query-input\":{\"@type\":\"PropertyValueSpecification\",\"valueRequired\":true,\"valueName\":\"search_term_string\"}}],\"inLanguage\":\"es\"},{\"@type\":\"Organization\",\"@id\":\"https:\\\/\\\/www.casaldelsinfants.org\\\/es\\\/#organization\",\"name\":\"Casal dels Infants\",\"url\":\"https:\\\/\\\/www.casaldelsinfants.org\\\/es\\\/\",\"logo\":{\"@type\":\"ImageObject\",\"inLanguage\":\"es\",\"@id\":\"https:\\\/\\\/www.casaldelsinfants.org\\\/es\\\/#\\\/schema\\\/logo\\\/image\\\/\",\"url\":\"https:\\\/\\\/www.casaldelsinfants.org\\\/wp-content\\\/uploads\\\/logo-mail.png\",\"contentUrl\":\"https:\\\/\\\/www.casaldelsinfants.org\\\/wp-content\\\/uploads\\\/logo-mail.png\",\"width\":380,\"height\":158,\"caption\":\"Casal dels Infants\"},\"image\":{\"@id\":\"https:\\\/\\\/www.casaldelsinfants.org\\\/es\\\/#\\\/schema\\\/logo\\\/image\\\/\"},\"sameAs\":[\"https:\\\/\\\/www.facebook.com\\\/casalinfants\",\"https:\\\/\\\/x.com\\\/casalinfants\",\"https:\\\/\\\/www.youtube.com\\\/user\\\/CasaldelsInfants1\",\"https:\\\/\\\/www.instagram.com\\\/casalinfants\\\/\",\"https:\\\/\\\/www.linkedin.com\\\/company\\\/casaldelsinfants?trk=organization-update_share-update_actor-text\"]},{\"@type\":\"Person\",\"@id\":\"https:\\\/\\\/www.casaldelsinfants.org\\\/es\\\/#\\\/schema\\\/person\\\/97707fc8c64900cf36891127dbf9fba8\",\"name\":\"cdiAdmin\",\"sameAs\":[\"https:\\\/\\\/casaldelsinfants.org\"]}]}<\/script>\n<!-- \/ Yoast SEO plugin. -->","yoast_head_json":{"title":"Casal Obert Infantil Salt h\u00e0bits saludables vincles afectius","description":"Durant les setmanes de confinament, l'equip educatiu del Casal Obert Infantil de Salt est\u00e0 refor\u00e7ant els h\u00e0bits saludables dels infants enviant-los reptes telem\u00e0tics. El contacte permanent amb les fam\u00edlies ha enfortit el vincle entre aquestes i els educadors i educadores del servei.","robots":{"index":"index","follow":"follow","max-snippet":"max-snippet:-1","max-image-preview":"max-image-preview:large","max-video-preview":"max-video-preview:-1"},"canonical":"https:\/\/www.casaldelsinfants.org\/es\/actualidad\/fortalecer-habitos-saludables-casal-abierto-infantil-salt\/","og_locale":"es_ES","og_type":"article","og_title":"Casal Obert Infantil Salt h\u00e0bits saludables vincles afectius","og_description":"Durant les setmanes de confinament, l'equip educatiu del Casal Obert Infantil de Salt est\u00e0 refor\u00e7ant els h\u00e0bits saludables dels infants enviant-los reptes telem\u00e0tics. El contacte permanent amb les fam\u00edlies ha enfortit el vincle entre aquestes i els educadors i educadores del servei.","og_url":"https:\/\/www.casaldelsinfants.org\/es\/actualidad\/fortalecer-habitos-saludables-casal-abierto-infantil-salt\/","og_site_name":"Casal dels Infants","article_publisher":"https:\/\/www.facebook.com\/casalinfants","article_published_time":"2020-05-29T08:52:14+00:00","article_modified_time":"2023-05-01T15:50:41+00:00","og_image":[{"width":1280,"height":720,"url":"https:\/\/www.casaldelsinfants.org\/wp-content\/uploads\/repte_fem_salut._ens_rentem_be_les_mans.mp4_.00_00_16_06.imagen_fija001.jpg","type":"image\/jpeg"}],"author":"cdiAdmin","twitter_card":"summary_large_image","twitter_creator":"@casalinfants","twitter_site":"@casalinfants","twitter_misc":{"Escrito por":"cdiAdmin","Tiempo de lectura":"4 minutos"},"schema":{"@context":"https:\/\/schema.org","@graph":[{"@type":"Article","@id":"https:\/\/www.casaldelsinfants.org\/es\/actualidad\/fortalecer-habitos-saludables-casal-abierto-infantil-salt\/#article","isPartOf":{"@id":"https:\/\/www.casaldelsinfants.org\/es\/actualidad\/fortalecer-habitos-saludables-casal-abierto-infantil-salt\/"},"author":{"name":"cdiAdmin","@id":"https:\/\/www.casaldelsinfants.org\/es\/#\/schema\/person\/97707fc8c64900cf36891127dbf9fba8"},"headline":"Fortaleciendo h\u00e1bitos saludables y v\u00ednculos afectivos en el Casal Obert Infantil de Salt","datePublished":"2020-05-29T08:52:14+00:00","dateModified":"2023-05-01T15:50:41+00:00","mainEntityOfPage":{"@id":"https:\/\/www.casaldelsinfants.org\/es\/actualidad\/fortalecer-habitos-saludables-casal-abierto-infantil-salt\/"},"wordCount":755,"commentCount":0,"publisher":{"@id":"https:\/\/www.casaldelsinfants.org\/es\/#organization"},"image":{"@id":"https:\/\/www.casaldelsinfants.org\/es\/actualidad\/fortalecer-habitos-saludables-casal-abierto-infantil-salt\/#primaryimage"},"thumbnailUrl":"https:\/\/www.casaldelsinfants.org\/wp-content\/uploads\/repte_fem_salut._ens_rentem_be_les_mans.mp4_.00_00_16_06.imagen_fija001.jpg","articleSection":["Noticia"],"inLanguage":"es","potentialAction":[{"@type":"CommentAction","name":"Comment","target":["https:\/\/www.casaldelsinfants.org\/es\/actualidad\/fortalecer-habitos-saludables-casal-abierto-infantil-salt\/#respond"]}]},{"@type":"WebPage","@id":"https:\/\/www.casaldelsinfants.org\/es\/actualidad\/fortalecer-habitos-saludables-casal-abierto-infantil-salt\/","url":"https:\/\/www.casaldelsinfants.org\/es\/actualidad\/fortalecer-habitos-saludables-casal-abierto-infantil-salt\/","name":"Casal Obert Infantil Salt h\u00e0bits saludables vincles afectius","isPartOf":{"@id":"https:\/\/www.casaldelsinfants.org\/es\/#website"},"primaryImageOfPage":{"@id":"https:\/\/www.casaldelsinfants.org\/es\/actualidad\/fortalecer-habitos-saludables-casal-abierto-infantil-salt\/#primaryimage"},"image":{"@id":"https:\/\/www.casaldelsinfants.org\/es\/actualidad\/fortalecer-habitos-saludables-casal-abierto-infantil-salt\/#primaryimage"},"thumbnailUrl":"https:\/\/www.casaldelsinfants.org\/wp-content\/uploads\/repte_fem_salut._ens_rentem_be_les_mans.mp4_.00_00_16_06.imagen_fija001.jpg","datePublished":"2020-05-29T08:52:14+00:00","dateModified":"2023-05-01T15:50:41+00:00","description":"Durant les setmanes de confinament, l'equip educatiu del Casal Obert Infantil de Salt est\u00e0 refor\u00e7ant els h\u00e0bits saludables dels infants enviant-los reptes telem\u00e0tics. El contacte permanent amb les fam\u00edlies ha enfortit el vincle entre aquestes i els educadors i educadores del servei.","breadcrumb":{"@id":"https:\/\/www.casaldelsinfants.org\/es\/actualidad\/fortalecer-habitos-saludables-casal-abierto-infantil-salt\/#breadcrumb"},"inLanguage":"es","potentialAction":[{"@type":"ReadAction","target":["https:\/\/www.casaldelsinfants.org\/es\/actualidad\/fortalecer-habitos-saludables-casal-abierto-infantil-salt\/"]}]},{"@type":"ImageObject","inLanguage":"es","@id":"https:\/\/www.casaldelsinfants.org\/es\/actualidad\/fortalecer-habitos-saludables-casal-abierto-infantil-salt\/#primaryimage","url":"https:\/\/www.casaldelsinfants.org\/wp-content\/uploads\/repte_fem_salut._ens_rentem_be_les_mans.mp4_.00_00_16_06.imagen_fija001.jpg","contentUrl":"https:\/\/www.casaldelsinfants.org\/wp-content\/uploads\/repte_fem_salut._ens_rentem_be_les_mans.mp4_.00_00_16_06.imagen_fija001.jpg","width":1280,"height":720,"caption":"Noia rentant-se les mans al servei de Vincles de Salt"},{"@type":"BreadcrumbList","@id":"https:\/\/www.casaldelsinfants.org\/es\/actualidad\/fortalecer-habitos-saludables-casal-abierto-infantil-salt\/#breadcrumb","itemListElement":[{"@type":"ListItem","position":1,"name":"Inici","item":"https:\/\/www.casaldelsinfants.org\/es\/"},{"@type":"ListItem","position":2,"name":"Fortaleciendo h\u00e1bitos saludables y v\u00ednculos afectivos en el Casal Obert Infantil de Salt"}]},{"@type":"WebSite","@id":"https:\/\/www.casaldelsinfants.org\/es\/#website","url":"https:\/\/www.casaldelsinfants.org\/es\/","name":"Casal dels Infants","description":"","publisher":{"@id":"https:\/\/www.casaldelsinfants.org\/es\/#organization"},"potentialAction":[{"@type":"SearchAction","target":{"@type":"EntryPoint","urlTemplate":"https:\/\/www.casaldelsinfants.org\/es\/?s={search_term_string}"},"query-input":{"@type":"PropertyValueSpecification","valueRequired":true,"valueName":"search_term_string"}}],"inLanguage":"es"},{"@type":"Organization","@id":"https:\/\/www.casaldelsinfants.org\/es\/#organization","name":"Casal dels Infants","url":"https:\/\/www.casaldelsinfants.org\/es\/","logo":{"@type":"ImageObject","inLanguage":"es","@id":"https:\/\/www.casaldelsinfants.org\/es\/#\/schema\/logo\/image\/","url":"https:\/\/www.casaldelsinfants.org\/wp-content\/uploads\/logo-mail.png","contentUrl":"https:\/\/www.casaldelsinfants.org\/wp-content\/uploads\/logo-mail.png","width":380,"height":158,"caption":"Casal dels Infants"},"image":{"@id":"https:\/\/www.casaldelsinfants.org\/es\/#\/schema\/logo\/image\/"},"sameAs":["https:\/\/www.facebook.com\/casalinfants","https:\/\/x.com\/casalinfants","https:\/\/www.youtube.com\/user\/CasaldelsInfants1","https:\/\/www.instagram.com\/casalinfants\/","https:\/\/www.linkedin.com\/company\/casaldelsinfants?trk=organization-update_share-update_actor-text"]},{"@type":"Person","@id":"https:\/\/www.casaldelsinfants.org\/es\/#\/schema\/person\/97707fc8c64900cf36891127dbf9fba8","name":"cdiAdmin","sameAs":["https:\/\/casaldelsinfants.org"]}]}},"publishpress_future_action":{"enabled":false,"date":"2026-05-06 21:46:15","action":"change-status","newStatus":"draft","terms":[],"taxonomy":"category","extraData":[]},"publishpress_future_workflow_manual_trigger":{"enabledWorkflows":[]},"_links":{"self":[{"href":"https:\/\/www.casaldelsinfants.org\/es\/wp-json\/wp\/v2\/posts\/4360","targetHints":{"allow":["GET"]}}],"collection":[{"href":"https:\/\/www.casaldelsinfants.org\/es\/wp-json\/wp\/v2\/posts"}],"about":[{"href":"https:\/\/www.casaldelsinfants.org\/es\/wp-json\/wp\/v2\/types\/post"}],"author":[{"embeddable":true,"href":"https:\/\/www.casaldelsinfants.org\/es\/wp-json\/wp\/v2\/users\/1"}],"replies":[{"embeddable":true,"href":"https:\/\/www.casaldelsinfants.org\/es\/wp-json\/wp\/v2\/comments?post=4360"}],"version-history":[{"count":1,"href":"https:\/\/www.casaldelsinfants.org\/es\/wp-json\/wp\/v2\/posts\/4360\/revisions"}],"predecessor-version":[{"id":6317,"href":"https:\/\/www.casaldelsinfants.org\/es\/wp-json\/wp\/v2\/posts\/4360\/revisions\/6317"}],"wp:featuredmedia":[{"embeddable":true,"href":"https:\/\/www.casaldelsinfants.org\/es\/wp-json\/wp\/v2\/media\/3209"}],"wp:attachment":[{"href":"https:\/\/www.casaldelsinfants.org\/es\/wp-json\/wp\/v2\/media?parent=4360"}],"wp:term":[{"taxonomy":"category","embeddable":true,"href":"https:\/\/www.casaldelsinfants.org\/es\/wp-json\/wp\/v2\/categories?post=4360"},{"taxonomy":"post_tag","embeddable":true,"href":"https:\/\/www.casaldelsinfants.org\/es\/wp-json\/wp\/v2\/tags?post=4360"},{"taxonomy":"seus","embeddable":true,"href":"https:\/\/www.casaldelsinfants.org\/es\/wp-json\/wp\/v2\/seus?post=4360"},{"taxonomy":"eixos","embeddable":true,"href":"https:\/\/www.casaldelsinfants.org\/es\/wp-json\/wp\/v2\/eixos?post=4360"}],"curies":[{"name":"wp","href":"https:\/\/api.w.org\/{rel}","templated":true}]}}