{"id":4364,"date":"2020-05-25T10:31:17","date_gmt":"2020-05-25T08:31:17","guid":{"rendered":"https:\/\/casal.puntzero.cat\/noticies\/7a-i-8a-setmana-de-confinament-clam-una-renda-vital-preocupacio-les-angoixes-dels-joves-i\/"},"modified":"2023-05-01T17:50:56","modified_gmt":"2023-05-01T15:50:56","slug":"7a-i-8a-setmana-de-confinament-clam-una-renda-vital-preocupacio-les-angoixes-dels-joves-i","status":"publish","type":"post","link":"https:\/\/www.casaldelsinfants.org\/es\/actualidad\/ingreso-vital-preocupacion-angustias-jovenes\/","title":{"rendered":"7\u00b0 y 8\u00b0 semana de confinamiento: Clamor por una renta vital, preocupaci\u00f3n por las angustias de los j\u00f3venes y preparativos para un gran verano"},"content":{"rendered":"<p><span style=\"color:#000000;\">Dejamos atr\u00e1s la s\u00e9ptima y octava semana de confinamiento y, una vez m\u00e1s, compartimos los aspectos destacados en los que nos hemos centrado en los \u00faltimos d\u00edas para continuar ofreciendo apoyo a la infancia, j\u00f3venes y familias del Casal.\u00a0<\/span><\/p>\n<p><strong><span style=\"color:#000000;\">Necesidades b\u00e1sicas<\/span><\/strong><\/p>\n<p><span style=\"color:#000000;\">Ante la falta de ingresos en muchos hogares, nos sumamos a las voces que reivindican una renta vital urgente. Esta situaci\u00f3n ha sido s\u00fabita para muchas familias y no deja de agravarse, haciendo m\u00e1s grande la brecha de las desigualdades. A d\u00eda de hoy, una renta vital no se puede posponer. Las necesidades se disparan, y lo vemos d\u00eda a d\u00eda con las demandas de alimentaci\u00f3n que realizan las familias. Incidimos, pues, para que se apruebe esta medida lo antes posible.\u00a0<\/span><\/p>\n<p><span style=\"color:#000000;\">Por otro lado, en los \u00faltimos d\u00edas hemos realizado nuevos repartos de kits de emergencia y educativos en los barrios, como ya ven\u00edamos haciendo. Adem\u00e1s, esta semana hemos entregado 78 tablets entre familias del Casal que las necesitaban, gracias a la fundaci\u00f3n ProFuturo y a la colaboraci\u00f3n del programa CaixaProinfancia, en el Raval, en Santa Coloma de Gramenet, en Badalona y en la Mina.<\/span><\/p>\n<p><span style=\"color:#000000;\">En cuanto al tr\u00e1mite para conseguir la prestaci\u00f3n de 200\u20ac para suministros b\u00e1sicos para personas que han sufrido un ERTO, que ha aprobado la Generalitat, es complejo y est\u00e1 requeriendo un apoyo del equipo educativo. Como ejemplo, s\u00f3lo ocho personas han conseguido obtenerla en el Raval, i contando con la ayuda del equipo para tramitarla.\u00a0<\/span><\/p>\n<p><strong><span style=\"color:#000000;\">Adolescentes y j\u00f3venes\u00a0<\/span><\/strong><\/p>\n<p><span style=\"color:#000000;\">Nos preocupan los adolescentes y j\u00f3venes que han realizado un gran esfuerzo para seguir una formaci\u00f3n postobligatoria y que en este contexto de excepcionalidad se juegan la continuidad en su formaci\u00f3n. Algunos tienen dificultades para estudiar y hacer trabajos desde casa, han asumido el cuidado de sus hermanos peque\u00f1os mientras sus padres trabajan, tienen que compartir el ordenador con otros miembros de la familia o deben ayudar a sus padres con tr\u00e1mites del d\u00eda a d\u00eda (pedir ayudas, pagar facturas, etc.). Hay profesores que s\u00ed tienen en cuenta estas situaciones a la hora de exigir a los j\u00f3venes entregas de trabajos, pero tambi\u00e9n los hay que no. Estos problemas, sumados a la incerteza de c\u00f3mo podr\u00e1n enderezar sus itinerarios, les genera mucha angustia.\u00a0<\/span><\/p>\n<p><span style=\"color:#000000;\">Lo mismo sucede con esos j\u00f3venes que ten\u00edan bien encarada una oportunidad laboral, bien porque estaban pendientes de formalizar el contrato o porque hab\u00edan realizado una entrevista que les hab\u00eda ido bien, y que ahora ven c\u00f3mo esta opci\u00f3n no ha seguido adelante. Para muchos, el trabajo tambi\u00e9n es un condicionante para poder regularizar su situaci\u00f3n administrativa.\u00a0<\/span><\/p>\n<p><strong><span style=\"color:#000000;\">Incidencia\u00a0<\/span><\/strong><\/p>\n<p><span style=\"color:#000000;\">La semana pasada Rosa Balaguer particip\u00f3 en una nueva videoconferencia con el presidente Torra, en la que le traslad\u00f3 c\u00f3mo mantenemos nuestro acompa\u00f1amiento durante el confinamiento y qu\u00e9 necesidades observamos en el d\u00eda a d\u00eda de las familias, as\u00ed como los temas que nos preocupan relacionados con las condiciones de vida y acceso a la educaci\u00f3n, que marcar\u00e1n los pr\u00f3ximos tiempos de infancia y j\u00f3venes.\u00a0<\/span><\/p>\n<p><span style=\"color:#000000;\">Tambi\u00e9n durante la semana pasada, los centros abiertos de Badalona hicimos p\u00fablico un posicionamiento conjunto frente a la emergencia social que est\u00e1 generando la crisis por el Covid-19 en la ciudad, destacando c\u00f3mo estamos cubriendo servicios b\u00e1sicos, b\u00e1sicamente con financiaci\u00f3n privada. Ante esta situaci\u00f3n, el comunicado reclama liderazgo pol\u00edtico del Ayuntamiento de Badalona, independientemente de qui\u00e9n gobierne a partir de ahora, la aplicaci\u00f3n inmediata de un plan de emergencia en la ciudad y el trabajo coordinado con las entidades que ya estamos realizando servicios de ayuda a las familias vulnerables. \u00a0<\/span><\/p>\n<p><span style=\"color:#000000;\">As\u00ed mismo, en Santa Coloma de Gramenet mantuvimos una reuni\u00f3n con la alcaldesa, N\u00faria Parl\u00f3n, en representaci\u00f3n de la Mesa por los Derechos de la Ciudadan\u00eda, para abordar la participaci\u00f3n de las entidades en el programa de construcci\u00f3n de ciudad, dentro el plan para la reconstrucci\u00f3n econ\u00f3mica, social y cultural de Santa Coloma que prepara el Ayuntamiento.\u00a0<\/span><\/p>\n<p><span style=\"color:#000000;\">Aprovechamos esa conversaci\u00f3n para ponernos a su disposici\u00f3n y exponerle que estamos realizando una recopilaci\u00f3n sobre las necesidades que vamos detectando las diferentes entidades, en funci\u00f3n de nuestro \u00e1mbito de intervenci\u00f3n, para compartir nuestras visiones y preocupaciones.\u00a0<\/span><\/p>\n<p><strong><span style=\"color:#000000;\">Derecho a un gran verano\u00a0<\/span><\/strong><\/p>\n<p><span style=\"color:#000000;\">Se nos acerca el verano y este a\u00f1o es m\u00e1s importante que nunca garantizar a los ni\u00f1os, ni\u00f1as y adolescentes el derecho a gozar de las vacaciones. Seguimos atentamente todas las informaciones oficiales sobre las actividades de verano y, de acuerdo con lo que hemos podido ir conociendo, que es poco detallado y provisional, intuimos que uno de los elementos clave ser\u00e1 poder trabajar con seguridad divididos en grupos m\u00e1s peque\u00f1os.\u00a0<\/span><\/p>\n<p><span style=\"color:#000000;\">As\u00ed pues, necesitaremos mucho espacio para cumplir los requerimientos de dividirnos en grupos y respetar las distancias que se establezcan: iniciamos el trabajo de coordinaci\u00f3n con las escuelas y los institutos para garantizar escuelas abiertas este verano.<\/span><\/p>\n<p><span style=\"color:#000000;\">Nos preparamos para movilizar todo el equipo de cara a organizar y llevar a cabo las actividades de verano, con el objetivo de conseguir que ni\u00f1os, ni\u00f1as, adolescentes y j\u00f3venes recuperen energ\u00edas, gocen al aire libre y puedan pas\u00e1rselo muy bien.\u00a0<\/span><\/p>\n<p>\u00a0<\/p>\n<blockquote>\n<p><strong>Te necesitamos para hacer posible un gran verano:<\/strong><br \/>\n&#8211; Ven a hacer<strong>\u00a0<a href=\"https:\/\/www.casaldelsinfants.org\/es\/que-puedes-hacer-tu\/voluntariado\/\"><u>voluntariado<\/u><\/a><\/strong><br \/>\n&#8211; Haz\u00a0un<strong>\u00a0<u><a href=\"https:\/\/www.casaldelsinfants.org\/es\/que-puedes-hacer-tu\/haz-un-donativo\/\">donati<\/a><\/u><a href=\"https:\/\/www.casaldelsinfants.org\/es\/que-puedes-hacer-tu\/haz-un-donativo\/\"><u>vo<\/u><\/a><\/strong>\u00a0<\/p>\n<\/blockquote>\n","protected":false},"excerpt":{"rendered":"<p>Dejamos atr\u00e1s la s\u00e9ptima y octava semana de confinamiento y, una vez m\u00e1s, compartimos los aspectos destacados en los que nos hemos centrado en los \u00faltimos d\u00edas para continuar ofreciendo apoyo a la infancia, j\u00f3venes y familias del Casal.\u00a0 Necesidades b\u00e1sicas Ante la falta de ingresos en muchos hogares, nos sumamos a las voces que [&hellip;]<\/p>\n","protected":false},"author":1,"featured_media":3221,"comment_status":"open","ping_status":"open","sticky":false,"template":"","format":"standard","meta":{"_acf_changed":false,"_et_pb_use_builder":"","_et_pb_old_content":"","_et_gb_content_width":"","inline_featured_image":false,"footnotes":""},"categories":[125],"tags":[],"seus":[],"eixos":[207,99],"class_list":["post-4364","post","type-post","status-publish","format-standard","has-post-thumbnail","hentry","category-noticias","eixos-infancia-i-adolescencia-es-2","eixos-infancia-y-adolescencia"],"acf":[],"yoast_head":"<!-- This site is optimized with the Yoast SEO plugin v27.4 - https:\/\/yoast.com\/product\/yoast-seo-wordpress\/ -->\n<title>7\u00b0 y 8\u00b0 semana de confinamiento: Clamor por una renta vital, preocupaci\u00f3n por las angustias de los j\u00f3venes y preparativos para un gran verano - Casal dels Infants<\/title>\n<meta name=\"robots\" content=\"index, follow, max-snippet:-1, max-image-preview:large, max-video-preview:-1\" \/>\n<link rel=\"canonical\" href=\"https:\/\/www.casaldelsinfants.org\/es\/actualidad\/ingreso-vital-preocupacion-angustias-jovenes\/\" \/>\n<meta property=\"og:locale\" content=\"es_ES\" \/>\n<meta property=\"og:type\" content=\"article\" \/>\n<meta property=\"og:title\" content=\"7\u00b0 y 8\u00b0 semana de confinamiento: Clamor por una renta vital, preocupaci\u00f3n por las angustias de los j\u00f3venes y preparativos para un gran verano - Casal dels Infants\" \/>\n<meta property=\"og:description\" content=\"Dejamos atr\u00e1s la s\u00e9ptima y octava semana de confinamiento y, una vez m\u00e1s, compartimos los aspectos destacados en los que nos hemos centrado en los \u00faltimos d\u00edas para continuar ofreciendo apoyo a la infancia, j\u00f3venes y familias del Casal.\u00a0 Necesidades b\u00e1sicas Ante la falta de ingresos en muchos hogares, nos sumamos a las voces que [&hellip;]\" \/>\n<meta property=\"og:url\" content=\"https:\/\/www.casaldelsinfants.org\/es\/actualidad\/ingreso-vital-preocupacion-angustias-jovenes\/\" \/>\n<meta property=\"og:site_name\" content=\"Casal dels Infants\" \/>\n<meta property=\"article:publisher\" content=\"https:\/\/www.facebook.com\/casalinfants\" \/>\n<meta property=\"article:published_time\" content=\"2020-05-25T08:31:17+00:00\" \/>\n<meta property=\"article:modified_time\" content=\"2023-05-01T15:50:56+00:00\" \/>\n<meta property=\"og:image\" content=\"https:\/\/www.casaldelsinfants.org\/wp-content\/uploads\/7a_i_8a_setmana_de_confinament-scaled.jpg\" \/>\n\t<meta property=\"og:image:width\" content=\"2560\" \/>\n\t<meta property=\"og:image:height\" content=\"1929\" \/>\n\t<meta property=\"og:image:type\" content=\"image\/jpeg\" \/>\n<meta name=\"author\" content=\"cdiAdmin\" \/>\n<meta name=\"twitter:card\" content=\"summary_large_image\" \/>\n<meta name=\"twitter:creator\" content=\"@casalinfants\" \/>\n<meta name=\"twitter:site\" content=\"@casalinfants\" \/>\n<meta name=\"twitter:label1\" content=\"Escrito por\" \/>\n\t<meta name=\"twitter:data1\" content=\"cdiAdmin\" \/>\n\t<meta name=\"twitter:label2\" content=\"Tiempo de lectura\" \/>\n\t<meta name=\"twitter:data2\" content=\"5 minutos\" \/>\n<script type=\"application\/ld+json\" class=\"yoast-schema-graph\">{\"@context\":\"https:\\\/\\\/schema.org\",\"@graph\":[{\"@type\":\"Article\",\"@id\":\"https:\\\/\\\/www.casaldelsinfants.org\\\/es\\\/actualidad\\\/ingreso-vital-preocupacion-angustias-jovenes\\\/#article\",\"isPartOf\":{\"@id\":\"https:\\\/\\\/www.casaldelsinfants.org\\\/es\\\/actualidad\\\/ingreso-vital-preocupacion-angustias-jovenes\\\/\"},\"author\":{\"name\":\"cdiAdmin\",\"@id\":\"https:\\\/\\\/www.casaldelsinfants.org\\\/es\\\/#\\\/schema\\\/person\\\/97707fc8c64900cf36891127dbf9fba8\"},\"headline\":\"7\u00b0 y 8\u00b0 semana de confinamiento: Clamor por una renta vital, preocupaci\u00f3n por las angustias de los j\u00f3venes y preparativos para un gran verano\",\"datePublished\":\"2020-05-25T08:31:17+00:00\",\"dateModified\":\"2023-05-01T15:50:56+00:00\",\"mainEntityOfPage\":{\"@id\":\"https:\\\/\\\/www.casaldelsinfants.org\\\/es\\\/actualidad\\\/ingreso-vital-preocupacion-angustias-jovenes\\\/\"},\"wordCount\":954,\"commentCount\":0,\"publisher\":{\"@id\":\"https:\\\/\\\/www.casaldelsinfants.org\\\/es\\\/#organization\"},\"image\":{\"@id\":\"https:\\\/\\\/www.casaldelsinfants.org\\\/es\\\/actualidad\\\/ingreso-vital-preocupacion-angustias-jovenes\\\/#primaryimage\"},\"thumbnailUrl\":\"https:\\\/\\\/www.casaldelsinfants.org\\\/wp-content\\\/uploads\\\/7a_i_8a_setmana_de_confinament-scaled.jpg\",\"articleSection\":[\"Noticia\"],\"inLanguage\":\"es\",\"potentialAction\":[{\"@type\":\"CommentAction\",\"name\":\"Comment\",\"target\":[\"https:\\\/\\\/www.casaldelsinfants.org\\\/es\\\/actualidad\\\/ingreso-vital-preocupacion-angustias-jovenes\\\/#respond\"]}]},{\"@type\":\"WebPage\",\"@id\":\"https:\\\/\\\/www.casaldelsinfants.org\\\/es\\\/actualidad\\\/ingreso-vital-preocupacion-angustias-jovenes\\\/\",\"url\":\"https:\\\/\\\/www.casaldelsinfants.org\\\/es\\\/actualidad\\\/ingreso-vital-preocupacion-angustias-jovenes\\\/\",\"name\":\"7\u00b0 y 8\u00b0 semana de confinamiento: Clamor por una renta vital, preocupaci\u00f3n por las angustias de los j\u00f3venes y preparativos para un gran verano - Casal dels Infants\",\"isPartOf\":{\"@id\":\"https:\\\/\\\/www.casaldelsinfants.org\\\/es\\\/#website\"},\"primaryImageOfPage\":{\"@id\":\"https:\\\/\\\/www.casaldelsinfants.org\\\/es\\\/actualidad\\\/ingreso-vital-preocupacion-angustias-jovenes\\\/#primaryimage\"},\"image\":{\"@id\":\"https:\\\/\\\/www.casaldelsinfants.org\\\/es\\\/actualidad\\\/ingreso-vital-preocupacion-angustias-jovenes\\\/#primaryimage\"},\"thumbnailUrl\":\"https:\\\/\\\/www.casaldelsinfants.org\\\/wp-content\\\/uploads\\\/7a_i_8a_setmana_de_confinament-scaled.jpg\",\"datePublished\":\"2020-05-25T08:31:17+00:00\",\"dateModified\":\"2023-05-01T15:50:56+00:00\",\"breadcrumb\":{\"@id\":\"https:\\\/\\\/www.casaldelsinfants.org\\\/es\\\/actualidad\\\/ingreso-vital-preocupacion-angustias-jovenes\\\/#breadcrumb\"},\"inLanguage\":\"es\",\"potentialAction\":[{\"@type\":\"ReadAction\",\"target\":[\"https:\\\/\\\/www.casaldelsinfants.org\\\/es\\\/actualidad\\\/ingreso-vital-preocupacion-angustias-jovenes\\\/\"]}]},{\"@type\":\"ImageObject\",\"inLanguage\":\"es\",\"@id\":\"https:\\\/\\\/www.casaldelsinfants.org\\\/es\\\/actualidad\\\/ingreso-vital-preocupacion-angustias-jovenes\\\/#primaryimage\",\"url\":\"https:\\\/\\\/www.casaldelsinfants.org\\\/wp-content\\\/uploads\\\/7a_i_8a_setmana_de_confinament-scaled.jpg\",\"contentUrl\":\"https:\\\/\\\/www.casaldelsinfants.org\\\/wp-content\\\/uploads\\\/7a_i_8a_setmana_de_confinament-scaled.jpg\",\"width\":2560,\"height\":1929,\"caption\":\"7a i 8a setmana de confinament\"},{\"@type\":\"BreadcrumbList\",\"@id\":\"https:\\\/\\\/www.casaldelsinfants.org\\\/es\\\/actualidad\\\/ingreso-vital-preocupacion-angustias-jovenes\\\/#breadcrumb\",\"itemListElement\":[{\"@type\":\"ListItem\",\"position\":1,\"name\":\"Inici\",\"item\":\"https:\\\/\\\/www.casaldelsinfants.org\\\/es\\\/\"},{\"@type\":\"ListItem\",\"position\":2,\"name\":\"7\u00b0 y 8\u00b0 semana de confinamiento: Clamor por una renta vital, preocupaci\u00f3n por las angustias de los j\u00f3venes y preparativos para un gran verano\"}]},{\"@type\":\"WebSite\",\"@id\":\"https:\\\/\\\/www.casaldelsinfants.org\\\/es\\\/#website\",\"url\":\"https:\\\/\\\/www.casaldelsinfants.org\\\/es\\\/\",\"name\":\"Casal dels Infants\",\"description\":\"\",\"publisher\":{\"@id\":\"https:\\\/\\\/www.casaldelsinfants.org\\\/es\\\/#organization\"},\"potentialAction\":[{\"@type\":\"SearchAction\",\"target\":{\"@type\":\"EntryPoint\",\"urlTemplate\":\"https:\\\/\\\/www.casaldelsinfants.org\\\/es\\\/?s={search_term_string}\"},\"query-input\":{\"@type\":\"PropertyValueSpecification\",\"valueRequired\":true,\"valueName\":\"search_term_string\"}}],\"inLanguage\":\"es\"},{\"@type\":\"Organization\",\"@id\":\"https:\\\/\\\/www.casaldelsinfants.org\\\/es\\\/#organization\",\"name\":\"Casal dels Infants\",\"url\":\"https:\\\/\\\/www.casaldelsinfants.org\\\/es\\\/\",\"logo\":{\"@type\":\"ImageObject\",\"inLanguage\":\"es\",\"@id\":\"https:\\\/\\\/www.casaldelsinfants.org\\\/es\\\/#\\\/schema\\\/logo\\\/image\\\/\",\"url\":\"https:\\\/\\\/www.casaldelsinfants.org\\\/wp-content\\\/uploads\\\/logo-mail.png\",\"contentUrl\":\"https:\\\/\\\/www.casaldelsinfants.org\\\/wp-content\\\/uploads\\\/logo-mail.png\",\"width\":380,\"height\":158,\"caption\":\"Casal dels Infants\"},\"image\":{\"@id\":\"https:\\\/\\\/www.casaldelsinfants.org\\\/es\\\/#\\\/schema\\\/logo\\\/image\\\/\"},\"sameAs\":[\"https:\\\/\\\/www.facebook.com\\\/casalinfants\",\"https:\\\/\\\/x.com\\\/casalinfants\",\"https:\\\/\\\/www.youtube.com\\\/user\\\/CasaldelsInfants1\",\"https:\\\/\\\/www.instagram.com\\\/casalinfants\\\/\",\"https:\\\/\\\/www.linkedin.com\\\/company\\\/casaldelsinfants?trk=organization-update_share-update_actor-text\"]},{\"@type\":\"Person\",\"@id\":\"https:\\\/\\\/www.casaldelsinfants.org\\\/es\\\/#\\\/schema\\\/person\\\/97707fc8c64900cf36891127dbf9fba8\",\"name\":\"cdiAdmin\",\"sameAs\":[\"https:\\\/\\\/casaldelsinfants.org\"]}]}<\/script>\n<!-- \/ Yoast SEO plugin. -->","yoast_head_json":{"title":"7\u00b0 y 8\u00b0 semana de confinamiento: Clamor por una renta vital, preocupaci\u00f3n por las angustias de los j\u00f3venes y preparativos para un gran verano - Casal dels Infants","robots":{"index":"index","follow":"follow","max-snippet":"max-snippet:-1","max-image-preview":"max-image-preview:large","max-video-preview":"max-video-preview:-1"},"canonical":"https:\/\/www.casaldelsinfants.org\/es\/actualidad\/ingreso-vital-preocupacion-angustias-jovenes\/","og_locale":"es_ES","og_type":"article","og_title":"7\u00b0 y 8\u00b0 semana de confinamiento: Clamor por una renta vital, preocupaci\u00f3n por las angustias de los j\u00f3venes y preparativos para un gran verano - Casal dels Infants","og_description":"Dejamos atr\u00e1s la s\u00e9ptima y octava semana de confinamiento y, una vez m\u00e1s, compartimos los aspectos destacados en los que nos hemos centrado en los \u00faltimos d\u00edas para continuar ofreciendo apoyo a la infancia, j\u00f3venes y familias del Casal.\u00a0 Necesidades b\u00e1sicas Ante la falta de ingresos en muchos hogares, nos sumamos a las voces que [&hellip;]","og_url":"https:\/\/www.casaldelsinfants.org\/es\/actualidad\/ingreso-vital-preocupacion-angustias-jovenes\/","og_site_name":"Casal dels Infants","article_publisher":"https:\/\/www.facebook.com\/casalinfants","article_published_time":"2020-05-25T08:31:17+00:00","article_modified_time":"2023-05-01T15:50:56+00:00","og_image":[{"width":2560,"height":1929,"url":"https:\/\/www.casaldelsinfants.org\/wp-content\/uploads\/7a_i_8a_setmana_de_confinament-scaled.jpg","type":"image\/jpeg"}],"author":"cdiAdmin","twitter_card":"summary_large_image","twitter_creator":"@casalinfants","twitter_site":"@casalinfants","twitter_misc":{"Escrito por":"cdiAdmin","Tiempo de lectura":"5 minutos"},"schema":{"@context":"https:\/\/schema.org","@graph":[{"@type":"Article","@id":"https:\/\/www.casaldelsinfants.org\/es\/actualidad\/ingreso-vital-preocupacion-angustias-jovenes\/#article","isPartOf":{"@id":"https:\/\/www.casaldelsinfants.org\/es\/actualidad\/ingreso-vital-preocupacion-angustias-jovenes\/"},"author":{"name":"cdiAdmin","@id":"https:\/\/www.casaldelsinfants.org\/es\/#\/schema\/person\/97707fc8c64900cf36891127dbf9fba8"},"headline":"7\u00b0 y 8\u00b0 semana de confinamiento: Clamor por una renta vital, preocupaci\u00f3n por las angustias de los j\u00f3venes y preparativos para un gran verano","datePublished":"2020-05-25T08:31:17+00:00","dateModified":"2023-05-01T15:50:56+00:00","mainEntityOfPage":{"@id":"https:\/\/www.casaldelsinfants.org\/es\/actualidad\/ingreso-vital-preocupacion-angustias-jovenes\/"},"wordCount":954,"commentCount":0,"publisher":{"@id":"https:\/\/www.casaldelsinfants.org\/es\/#organization"},"image":{"@id":"https:\/\/www.casaldelsinfants.org\/es\/actualidad\/ingreso-vital-preocupacion-angustias-jovenes\/#primaryimage"},"thumbnailUrl":"https:\/\/www.casaldelsinfants.org\/wp-content\/uploads\/7a_i_8a_setmana_de_confinament-scaled.jpg","articleSection":["Noticia"],"inLanguage":"es","potentialAction":[{"@type":"CommentAction","name":"Comment","target":["https:\/\/www.casaldelsinfants.org\/es\/actualidad\/ingreso-vital-preocupacion-angustias-jovenes\/#respond"]}]},{"@type":"WebPage","@id":"https:\/\/www.casaldelsinfants.org\/es\/actualidad\/ingreso-vital-preocupacion-angustias-jovenes\/","url":"https:\/\/www.casaldelsinfants.org\/es\/actualidad\/ingreso-vital-preocupacion-angustias-jovenes\/","name":"7\u00b0 y 8\u00b0 semana de confinamiento: Clamor por una renta vital, preocupaci\u00f3n por las angustias de los j\u00f3venes y preparativos para un gran verano - Casal dels Infants","isPartOf":{"@id":"https:\/\/www.casaldelsinfants.org\/es\/#website"},"primaryImageOfPage":{"@id":"https:\/\/www.casaldelsinfants.org\/es\/actualidad\/ingreso-vital-preocupacion-angustias-jovenes\/#primaryimage"},"image":{"@id":"https:\/\/www.casaldelsinfants.org\/es\/actualidad\/ingreso-vital-preocupacion-angustias-jovenes\/#primaryimage"},"thumbnailUrl":"https:\/\/www.casaldelsinfants.org\/wp-content\/uploads\/7a_i_8a_setmana_de_confinament-scaled.jpg","datePublished":"2020-05-25T08:31:17+00:00","dateModified":"2023-05-01T15:50:56+00:00","breadcrumb":{"@id":"https:\/\/www.casaldelsinfants.org\/es\/actualidad\/ingreso-vital-preocupacion-angustias-jovenes\/#breadcrumb"},"inLanguage":"es","potentialAction":[{"@type":"ReadAction","target":["https:\/\/www.casaldelsinfants.org\/es\/actualidad\/ingreso-vital-preocupacion-angustias-jovenes\/"]}]},{"@type":"ImageObject","inLanguage":"es","@id":"https:\/\/www.casaldelsinfants.org\/es\/actualidad\/ingreso-vital-preocupacion-angustias-jovenes\/#primaryimage","url":"https:\/\/www.casaldelsinfants.org\/wp-content\/uploads\/7a_i_8a_setmana_de_confinament-scaled.jpg","contentUrl":"https:\/\/www.casaldelsinfants.org\/wp-content\/uploads\/7a_i_8a_setmana_de_confinament-scaled.jpg","width":2560,"height":1929,"caption":"7a i 8a setmana de confinament"},{"@type":"BreadcrumbList","@id":"https:\/\/www.casaldelsinfants.org\/es\/actualidad\/ingreso-vital-preocupacion-angustias-jovenes\/#breadcrumb","itemListElement":[{"@type":"ListItem","position":1,"name":"Inici","item":"https:\/\/www.casaldelsinfants.org\/es\/"},{"@type":"ListItem","position":2,"name":"7\u00b0 y 8\u00b0 semana de confinamiento: Clamor por una renta vital, preocupaci\u00f3n por las angustias de los j\u00f3venes y preparativos para un gran verano"}]},{"@type":"WebSite","@id":"https:\/\/www.casaldelsinfants.org\/es\/#website","url":"https:\/\/www.casaldelsinfants.org\/es\/","name":"Casal dels Infants","description":"","publisher":{"@id":"https:\/\/www.casaldelsinfants.org\/es\/#organization"},"potentialAction":[{"@type":"SearchAction","target":{"@type":"EntryPoint","urlTemplate":"https:\/\/www.casaldelsinfants.org\/es\/?s={search_term_string}"},"query-input":{"@type":"PropertyValueSpecification","valueRequired":true,"valueName":"search_term_string"}}],"inLanguage":"es"},{"@type":"Organization","@id":"https:\/\/www.casaldelsinfants.org\/es\/#organization","name":"Casal dels Infants","url":"https:\/\/www.casaldelsinfants.org\/es\/","logo":{"@type":"ImageObject","inLanguage":"es","@id":"https:\/\/www.casaldelsinfants.org\/es\/#\/schema\/logo\/image\/","url":"https:\/\/www.casaldelsinfants.org\/wp-content\/uploads\/logo-mail.png","contentUrl":"https:\/\/www.casaldelsinfants.org\/wp-content\/uploads\/logo-mail.png","width":380,"height":158,"caption":"Casal dels Infants"},"image":{"@id":"https:\/\/www.casaldelsinfants.org\/es\/#\/schema\/logo\/image\/"},"sameAs":["https:\/\/www.facebook.com\/casalinfants","https:\/\/x.com\/casalinfants","https:\/\/www.youtube.com\/user\/CasaldelsInfants1","https:\/\/www.instagram.com\/casalinfants\/","https:\/\/www.linkedin.com\/company\/casaldelsinfants?trk=organization-update_share-update_actor-text"]},{"@type":"Person","@id":"https:\/\/www.casaldelsinfants.org\/es\/#\/schema\/person\/97707fc8c64900cf36891127dbf9fba8","name":"cdiAdmin","sameAs":["https:\/\/casaldelsinfants.org"]}]}},"publishpress_future_action":{"enabled":false,"date":"2026-05-07 10:05:53","action":"change-status","newStatus":"draft","terms":[],"taxonomy":"category","extraData":[]},"publishpress_future_workflow_manual_trigger":{"enabledWorkflows":[]},"_links":{"self":[{"href":"https:\/\/www.casaldelsinfants.org\/es\/wp-json\/wp\/v2\/posts\/4364","targetHints":{"allow":["GET"]}}],"collection":[{"href":"https:\/\/www.casaldelsinfants.org\/es\/wp-json\/wp\/v2\/posts"}],"about":[{"href":"https:\/\/www.casaldelsinfants.org\/es\/wp-json\/wp\/v2\/types\/post"}],"author":[{"embeddable":true,"href":"https:\/\/www.casaldelsinfants.org\/es\/wp-json\/wp\/v2\/users\/1"}],"replies":[{"embeddable":true,"href":"https:\/\/www.casaldelsinfants.org\/es\/wp-json\/wp\/v2\/comments?post=4364"}],"version-history":[{"count":1,"href":"https:\/\/www.casaldelsinfants.org\/es\/wp-json\/wp\/v2\/posts\/4364\/revisions"}],"predecessor-version":[{"id":6321,"href":"https:\/\/www.casaldelsinfants.org\/es\/wp-json\/wp\/v2\/posts\/4364\/revisions\/6321"}],"wp:featuredmedia":[{"embeddable":true,"href":"https:\/\/www.casaldelsinfants.org\/es\/wp-json\/wp\/v2\/media\/3221"}],"wp:attachment":[{"href":"https:\/\/www.casaldelsinfants.org\/es\/wp-json\/wp\/v2\/media?parent=4364"}],"wp:term":[{"taxonomy":"category","embeddable":true,"href":"https:\/\/www.casaldelsinfants.org\/es\/wp-json\/wp\/v2\/categories?post=4364"},{"taxonomy":"post_tag","embeddable":true,"href":"https:\/\/www.casaldelsinfants.org\/es\/wp-json\/wp\/v2\/tags?post=4364"},{"taxonomy":"seus","embeddable":true,"href":"https:\/\/www.casaldelsinfants.org\/es\/wp-json\/wp\/v2\/seus?post=4364"},{"taxonomy":"eixos","embeddable":true,"href":"https:\/\/www.casaldelsinfants.org\/es\/wp-json\/wp\/v2\/eixos?post=4364"}],"curies":[{"name":"wp","href":"https:\/\/api.w.org\/{rel}","templated":true}]}}