{"id":4365,"date":"2020-05-25T10:28:49","date_gmt":"2020-05-25T08:28:49","guid":{"rendered":"https:\/\/casal.puntzero.cat\/noticies\/els-centres-oberts-de-badalona-denunciem-una-greu-emergencia-social-pel-coronavirus\/"},"modified":"2023-05-01T17:51:01","modified_gmt":"2023-05-01T15:51:01","slug":"els-centres-oberts-de-badalona-denunciem-una-greu-emergencia-social-pel-coronavirus","status":"publish","type":"post","link":"https:\/\/www.casaldelsinfants.org\/es\/actualidad\/centros-badalona-denunciamos-emergencia-social-coronavirus\/","title":{"rendered":"Los centros abiertos de Badalona denunciamos una grave emergencia social por el coronavirus"},"content":{"rendered":"<p><span style=\"color:#000000;\">Las entidades firmantes; Casal dels Infants, Fundaci\u00f3n Ateneu de Sant Roc, Fundaci\u00f3n Carles Blanch, Fundaci\u00f3n Germina, Fundaci\u00f3n Salut Alta y la Cooperativa ISOM queremos alertar: <\/span><\/p>\n<p><span style=\"color:#000000;\">\u2022 Que la emergencia social derivada de la crisis del COVID 19 est\u00e1 golpeando Badalona con mucha intensidad. Hemos detectado un crecimiento exponencial de la demanda de servicios b\u00e1sicos (alimentaci\u00f3n, vivienda, educaci\u00f3n) por parte de centenares de familias de toda la ciudad. Esta situaci\u00f3n es especialmente grave para los colectivos que ya eran sensibles: personas mayores sin apoyo familiar, familias vulnerables, infancia y j\u00f3venes a cargo y personas sin hogar. <\/span><\/p>\n<p>\u00a0<\/p>\n<p><span style=\"color:#000000;\">\u2022 Los Centros Abiertos estamos cubriendo, principalmente con financiaci\u00f3n privada, servicios b\u00e1sicos de una parte importante de la poblaci\u00f3n. <\/span><\/p>\n<p><span style=\"color:#000000;\">1.541 comidas entregadas a familias vulnerables s\u00f3lo este fin de semana.<\/span><\/p>\n<p><span style=\"color:#000000;\">550 comidas repartidas diariamente desde hace semanas.<\/span><\/p>\n<p><span style=\"color:#000000;\">550 bolsas de alimentos y tarjetas con dinero entregadas cada d\u00eda. <\/span><\/p>\n<p><span style=\"color:#000000;\">739 familias atendidas en apoyo emocional, actividades infantiles, etc. <\/span><\/p>\n<p><span style=\"color:#000000;\">214 ordenadores con conexi\u00f3n a internet distribuidos. <\/span><\/p>\n<p><span style=\"color:#000000;\">166 personas implicadas en el contacto con las familias. <\/span><\/p>\n<p><span style=\"color:#000000;\">Tambi\u00e9n se ha hecho entrega de medicamentos, material escolar y l\u00fadico. <\/span><\/p>\n<p><span style=\"color:#000000;\">\u2022 Vemos con preocupaci\u00f3n la falta de implicaci\u00f3n de todas las Administraciones y de liderazgo institucional del Ayuntamiento de Badalona en la organizaci\u00f3n asistencial de estas familias vulnerables y muchas otras. Constatamos la incapacidad pol\u00edtica para dar respuesta r\u00e1pida y coordinada a la crisis. <\/span><\/p>\n<p><span style=\"color:#000000;\">\u2022 Han aparecido redes ciudadanas de apoyo comunitario, como la Red Solidaria de Badalona, que tambi\u00e9n est\u00e1n desbordadas por la demanda de ayuda. <\/span><\/p>\n<p><span style=\"color:#000000;\">\u2022 Las personas voluntarias y profesionales de todas estas acciones de ayuda trabajan con equipos de protecci\u00f3n que NO han llegado de la administraci\u00f3n, sino de las propias entidades. <\/span><\/p>\n<p><span style=\"color:#000000;\">Por todo esto, PEDIMOS: <\/span><\/p>\n<p><span style=\"color:#000000;\">1- El liderazgo pol\u00edtico del Ayuntamiento de Badalona, sea quien sea quien gobierne a partir de las pr\u00f3ximas semanas. <\/span><\/p>\n<p><span style=\"color:#000000;\">2- La aplicaci\u00f3n de un plan de emergencia social inmediato en la ciudad. <\/span><\/p>\n<p><span style=\"color:#000000;\">3- El trabajo coordinado con las entidades que ya estamos realizando servicios de ayuda a las familias vulnerables. Tenemos detectadas muchas necesidades y tenemos propuestas de acci\u00f3n. Trabajar conjuntamente es una oportunidad para conseguir paliar esta crisis. <\/span><\/p>\n<p><img decoding=\"async\" alt=\"Logos de les entitats signants del comunicat en noms dels centres oberts de Badalona\" data-entity-type=\"file\" data-entity-uuid=\"fbf3b8ce-c869-4e54-869a-752332357ebe\" data-image-style=\"large\" src=\"\/wp-content\/uploads\/inline-images\/logos%20comunicat%20centres%20oberts%20Badalona.png\" width=\"480\" height=\"228\" typeof=\"foaf:Image\" class=\"align-center\" \/><\/p>\n<p>\u00a0<\/p>\n<blockquote>\n<p><strong>Te necesitamos para hacer posible un gran verano:<\/strong><br \/>\n&#8211; Ven a hacer<strong>\u00a0<a href=\"https:\/\/www.casaldelsinfants.org\/es\/que-puedes-hacer-tu\/voluntariado\/\"><u>voluntariado<\/u><\/a><\/strong><br \/>\n&#8211; Haz\u00a0un<strong>\u00a0<u><a href=\"https:\/\/www.casaldelsinfants.org\/es\/que-puedes-hacer-tu\/haz-un-donativo\/\">donati<\/a><\/u><a href=\"https:\/\/www.casaldelsinfants.org\/es\/que-puedes-hacer-tu\/haz-un-donativo\/\"><u>vo<\/u><\/a><\/strong>\u00a0<\/p>\n<\/blockquote>\n","protected":false},"excerpt":{"rendered":"<blockquote>\n<p>\u00a0<\/p>\n<\/blockquote>\n","protected":false},"author":1,"featured_media":3224,"comment_status":"open","ping_status":"open","sticky":false,"template":"","format":"standard","meta":{"_acf_changed":false,"_et_pb_use_builder":"","_et_pb_old_content":"","_et_gb_content_width":"","inline_featured_image":false,"footnotes":""},"categories":[125],"tags":[],"seus":[15,155],"eixos":[99,203,207],"class_list":{"0":"post-4365","1":"post","2":"type-post","3":"status-publish","4":"format-standard","5":"has-post-thumbnail","6":"hentry","7":"category-noticias","8":"seus-badalona","10":"eixos-infancia-y-adolescencia","11":"eixos-infancia-i-adolescencia-es","12":"eixos-infancia-i-adolescencia-es-2"},"acf":[],"yoast_head":"<!-- This site is optimized with the Yoast SEO plugin v27.4 - https:\/\/yoast.com\/product\/yoast-seo-wordpress\/ -->\n<title>Los centros abiertos de Badalona denunciamos una grave emergencia social por el coronavirus - Casal dels Infants<\/title>\n<meta name=\"robots\" content=\"index, follow, max-snippet:-1, max-image-preview:large, max-video-preview:-1\" \/>\n<link rel=\"canonical\" href=\"https:\/\/www.casaldelsinfants.org\/es\/actualidad\/centros-badalona-denunciamos-emergencia-social-coronavirus\/\" \/>\n<meta property=\"og:locale\" content=\"es_ES\" \/>\n<meta property=\"og:type\" content=\"article\" \/>\n<meta property=\"og:title\" content=\"Los centros abiertos de Badalona denunciamos una grave emergencia social por el coronavirus - Casal dels Infants\" \/>\n<meta property=\"og:description\" content=\"\u00a0\" \/>\n<meta property=\"og:url\" content=\"https:\/\/www.casaldelsinfants.org\/es\/actualidad\/centros-badalona-denunciamos-emergencia-social-coronavirus\/\" \/>\n<meta property=\"og:site_name\" content=\"Casal dels Infants\" \/>\n<meta property=\"article:publisher\" content=\"https:\/\/www.facebook.com\/casalinfants\" \/>\n<meta property=\"article:published_time\" content=\"2020-05-25T08:28:49+00:00\" \/>\n<meta property=\"article:modified_time\" content=\"2023-05-01T15:51:01+00:00\" \/>\n<meta property=\"og:image\" content=\"https:\/\/www.casaldelsinfants.org\/wp-content\/uploads\/centre_obert_badalona_casal_dels_infants.jpg\" \/>\n\t<meta property=\"og:image:width\" content=\"600\" \/>\n\t<meta property=\"og:image:height\" content=\"450\" \/>\n\t<meta property=\"og:image:type\" content=\"image\/jpeg\" \/>\n<meta name=\"author\" content=\"cdiAdmin\" \/>\n<meta name=\"twitter:card\" content=\"summary_large_image\" \/>\n<meta name=\"twitter:creator\" content=\"@casalinfants\" \/>\n<meta name=\"twitter:site\" content=\"@casalinfants\" \/>\n<meta name=\"twitter:label1\" content=\"Escrito por\" \/>\n\t<meta name=\"twitter:data1\" content=\"cdiAdmin\" \/>\n\t<meta name=\"twitter:label2\" content=\"Tiempo de lectura\" \/>\n\t<meta name=\"twitter:data2\" content=\"2 minutos\" \/>\n<script type=\"application\/ld+json\" class=\"yoast-schema-graph\">{\"@context\":\"https:\\\/\\\/schema.org\",\"@graph\":[{\"@type\":\"Article\",\"@id\":\"https:\\\/\\\/www.casaldelsinfants.org\\\/es\\\/actualidad\\\/centros-badalona-denunciamos-emergencia-social-coronavirus\\\/#article\",\"isPartOf\":{\"@id\":\"https:\\\/\\\/www.casaldelsinfants.org\\\/es\\\/actualidad\\\/centros-badalona-denunciamos-emergencia-social-coronavirus\\\/\"},\"author\":{\"name\":\"cdiAdmin\",\"@id\":\"https:\\\/\\\/www.casaldelsinfants.org\\\/es\\\/#\\\/schema\\\/person\\\/97707fc8c64900cf36891127dbf9fba8\"},\"headline\":\"Los centros abiertos de Badalona denunciamos una grave emergencia social por el coronavirus\",\"datePublished\":\"2020-05-25T08:28:49+00:00\",\"dateModified\":\"2023-05-01T15:51:01+00:00\",\"mainEntityOfPage\":{\"@id\":\"https:\\\/\\\/www.casaldelsinfants.org\\\/es\\\/actualidad\\\/centros-badalona-denunciamos-emergencia-social-coronavirus\\\/\"},\"wordCount\":397,\"commentCount\":0,\"publisher\":{\"@id\":\"https:\\\/\\\/www.casaldelsinfants.org\\\/es\\\/#organization\"},\"image\":{\"@id\":\"https:\\\/\\\/www.casaldelsinfants.org\\\/es\\\/actualidad\\\/centros-badalona-denunciamos-emergencia-social-coronavirus\\\/#primaryimage\"},\"thumbnailUrl\":\"https:\\\/\\\/www.casaldelsinfants.org\\\/wp-content\\\/uploads\\\/centre_obert_badalona_casal_dels_infants.jpg\",\"articleSection\":[\"Noticia\"],\"inLanguage\":\"es\",\"potentialAction\":[{\"@type\":\"CommentAction\",\"name\":\"Comment\",\"target\":[\"https:\\\/\\\/www.casaldelsinfants.org\\\/es\\\/actualidad\\\/centros-badalona-denunciamos-emergencia-social-coronavirus\\\/#respond\"]}]},{\"@type\":\"WebPage\",\"@id\":\"https:\\\/\\\/www.casaldelsinfants.org\\\/es\\\/actualidad\\\/centros-badalona-denunciamos-emergencia-social-coronavirus\\\/\",\"url\":\"https:\\\/\\\/www.casaldelsinfants.org\\\/es\\\/actualidad\\\/centros-badalona-denunciamos-emergencia-social-coronavirus\\\/\",\"name\":\"Los centros abiertos de Badalona denunciamos una grave emergencia social por el coronavirus - Casal dels Infants\",\"isPartOf\":{\"@id\":\"https:\\\/\\\/www.casaldelsinfants.org\\\/es\\\/#website\"},\"primaryImageOfPage\":{\"@id\":\"https:\\\/\\\/www.casaldelsinfants.org\\\/es\\\/actualidad\\\/centros-badalona-denunciamos-emergencia-social-coronavirus\\\/#primaryimage\"},\"image\":{\"@id\":\"https:\\\/\\\/www.casaldelsinfants.org\\\/es\\\/actualidad\\\/centros-badalona-denunciamos-emergencia-social-coronavirus\\\/#primaryimage\"},\"thumbnailUrl\":\"https:\\\/\\\/www.casaldelsinfants.org\\\/wp-content\\\/uploads\\\/centre_obert_badalona_casal_dels_infants.jpg\",\"datePublished\":\"2020-05-25T08:28:49+00:00\",\"dateModified\":\"2023-05-01T15:51:01+00:00\",\"breadcrumb\":{\"@id\":\"https:\\\/\\\/www.casaldelsinfants.org\\\/es\\\/actualidad\\\/centros-badalona-denunciamos-emergencia-social-coronavirus\\\/#breadcrumb\"},\"inLanguage\":\"es\",\"potentialAction\":[{\"@type\":\"ReadAction\",\"target\":[\"https:\\\/\\\/www.casaldelsinfants.org\\\/es\\\/actualidad\\\/centros-badalona-denunciamos-emergencia-social-coronavirus\\\/\"]}]},{\"@type\":\"ImageObject\",\"inLanguage\":\"es\",\"@id\":\"https:\\\/\\\/www.casaldelsinfants.org\\\/es\\\/actualidad\\\/centros-badalona-denunciamos-emergencia-social-coronavirus\\\/#primaryimage\",\"url\":\"https:\\\/\\\/www.casaldelsinfants.org\\\/wp-content\\\/uploads\\\/centre_obert_badalona_casal_dels_infants.jpg\",\"contentUrl\":\"https:\\\/\\\/www.casaldelsinfants.org\\\/wp-content\\\/uploads\\\/centre_obert_badalona_casal_dels_infants.jpg\",\"width\":600,\"height\":450,\"caption\":\"Centr obert badalona Casal dels infants\"},{\"@type\":\"BreadcrumbList\",\"@id\":\"https:\\\/\\\/www.casaldelsinfants.org\\\/es\\\/actualidad\\\/centros-badalona-denunciamos-emergencia-social-coronavirus\\\/#breadcrumb\",\"itemListElement\":[{\"@type\":\"ListItem\",\"position\":1,\"name\":\"Inici\",\"item\":\"https:\\\/\\\/www.casaldelsinfants.org\\\/es\\\/\"},{\"@type\":\"ListItem\",\"position\":2,\"name\":\"Los centros abiertos de Badalona denunciamos una grave emergencia social por el coronavirus\"}]},{\"@type\":\"WebSite\",\"@id\":\"https:\\\/\\\/www.casaldelsinfants.org\\\/es\\\/#website\",\"url\":\"https:\\\/\\\/www.casaldelsinfants.org\\\/es\\\/\",\"name\":\"Casal dels Infants\",\"description\":\"\",\"publisher\":{\"@id\":\"https:\\\/\\\/www.casaldelsinfants.org\\\/es\\\/#organization\"},\"potentialAction\":[{\"@type\":\"SearchAction\",\"target\":{\"@type\":\"EntryPoint\",\"urlTemplate\":\"https:\\\/\\\/www.casaldelsinfants.org\\\/es\\\/?s={search_term_string}\"},\"query-input\":{\"@type\":\"PropertyValueSpecification\",\"valueRequired\":true,\"valueName\":\"search_term_string\"}}],\"inLanguage\":\"es\"},{\"@type\":\"Organization\",\"@id\":\"https:\\\/\\\/www.casaldelsinfants.org\\\/es\\\/#organization\",\"name\":\"Casal dels Infants\",\"url\":\"https:\\\/\\\/www.casaldelsinfants.org\\\/es\\\/\",\"logo\":{\"@type\":\"ImageObject\",\"inLanguage\":\"es\",\"@id\":\"https:\\\/\\\/www.casaldelsinfants.org\\\/es\\\/#\\\/schema\\\/logo\\\/image\\\/\",\"url\":\"https:\\\/\\\/www.casaldelsinfants.org\\\/wp-content\\\/uploads\\\/logo-mail.png\",\"contentUrl\":\"https:\\\/\\\/www.casaldelsinfants.org\\\/wp-content\\\/uploads\\\/logo-mail.png\",\"width\":380,\"height\":158,\"caption\":\"Casal dels Infants\"},\"image\":{\"@id\":\"https:\\\/\\\/www.casaldelsinfants.org\\\/es\\\/#\\\/schema\\\/logo\\\/image\\\/\"},\"sameAs\":[\"https:\\\/\\\/www.facebook.com\\\/casalinfants\",\"https:\\\/\\\/x.com\\\/casalinfants\",\"https:\\\/\\\/www.youtube.com\\\/user\\\/CasaldelsInfants1\",\"https:\\\/\\\/www.instagram.com\\\/casalinfants\\\/\",\"https:\\\/\\\/www.linkedin.com\\\/company\\\/casaldelsinfants?trk=organization-update_share-update_actor-text\"]},{\"@type\":\"Person\",\"@id\":\"https:\\\/\\\/www.casaldelsinfants.org\\\/es\\\/#\\\/schema\\\/person\\\/97707fc8c64900cf36891127dbf9fba8\",\"name\":\"cdiAdmin\",\"sameAs\":[\"https:\\\/\\\/casaldelsinfants.org\"]}]}<\/script>\n<!-- \/ Yoast SEO plugin. -->","yoast_head_json":{"title":"Los centros abiertos de Badalona denunciamos una grave emergencia social por el coronavirus - Casal dels Infants","robots":{"index":"index","follow":"follow","max-snippet":"max-snippet:-1","max-image-preview":"max-image-preview:large","max-video-preview":"max-video-preview:-1"},"canonical":"https:\/\/www.casaldelsinfants.org\/es\/actualidad\/centros-badalona-denunciamos-emergencia-social-coronavirus\/","og_locale":"es_ES","og_type":"article","og_title":"Los centros abiertos de Badalona denunciamos una grave emergencia social por el coronavirus - Casal dels Infants","og_description":"\u00a0","og_url":"https:\/\/www.casaldelsinfants.org\/es\/actualidad\/centros-badalona-denunciamos-emergencia-social-coronavirus\/","og_site_name":"Casal dels Infants","article_publisher":"https:\/\/www.facebook.com\/casalinfants","article_published_time":"2020-05-25T08:28:49+00:00","article_modified_time":"2023-05-01T15:51:01+00:00","og_image":[{"width":600,"height":450,"url":"https:\/\/www.casaldelsinfants.org\/wp-content\/uploads\/centre_obert_badalona_casal_dels_infants.jpg","type":"image\/jpeg"}],"author":"cdiAdmin","twitter_card":"summary_large_image","twitter_creator":"@casalinfants","twitter_site":"@casalinfants","twitter_misc":{"Escrito por":"cdiAdmin","Tiempo de lectura":"2 minutos"},"schema":{"@context":"https:\/\/schema.org","@graph":[{"@type":"Article","@id":"https:\/\/www.casaldelsinfants.org\/es\/actualidad\/centros-badalona-denunciamos-emergencia-social-coronavirus\/#article","isPartOf":{"@id":"https:\/\/www.casaldelsinfants.org\/es\/actualidad\/centros-badalona-denunciamos-emergencia-social-coronavirus\/"},"author":{"name":"cdiAdmin","@id":"https:\/\/www.casaldelsinfants.org\/es\/#\/schema\/person\/97707fc8c64900cf36891127dbf9fba8"},"headline":"Los centros abiertos de Badalona denunciamos una grave emergencia social por el coronavirus","datePublished":"2020-05-25T08:28:49+00:00","dateModified":"2023-05-01T15:51:01+00:00","mainEntityOfPage":{"@id":"https:\/\/www.casaldelsinfants.org\/es\/actualidad\/centros-badalona-denunciamos-emergencia-social-coronavirus\/"},"wordCount":397,"commentCount":0,"publisher":{"@id":"https:\/\/www.casaldelsinfants.org\/es\/#organization"},"image":{"@id":"https:\/\/www.casaldelsinfants.org\/es\/actualidad\/centros-badalona-denunciamos-emergencia-social-coronavirus\/#primaryimage"},"thumbnailUrl":"https:\/\/www.casaldelsinfants.org\/wp-content\/uploads\/centre_obert_badalona_casal_dels_infants.jpg","articleSection":["Noticia"],"inLanguage":"es","potentialAction":[{"@type":"CommentAction","name":"Comment","target":["https:\/\/www.casaldelsinfants.org\/es\/actualidad\/centros-badalona-denunciamos-emergencia-social-coronavirus\/#respond"]}]},{"@type":"WebPage","@id":"https:\/\/www.casaldelsinfants.org\/es\/actualidad\/centros-badalona-denunciamos-emergencia-social-coronavirus\/","url":"https:\/\/www.casaldelsinfants.org\/es\/actualidad\/centros-badalona-denunciamos-emergencia-social-coronavirus\/","name":"Los centros abiertos de Badalona denunciamos una grave emergencia social por el coronavirus - Casal dels Infants","isPartOf":{"@id":"https:\/\/www.casaldelsinfants.org\/es\/#website"},"primaryImageOfPage":{"@id":"https:\/\/www.casaldelsinfants.org\/es\/actualidad\/centros-badalona-denunciamos-emergencia-social-coronavirus\/#primaryimage"},"image":{"@id":"https:\/\/www.casaldelsinfants.org\/es\/actualidad\/centros-badalona-denunciamos-emergencia-social-coronavirus\/#primaryimage"},"thumbnailUrl":"https:\/\/www.casaldelsinfants.org\/wp-content\/uploads\/centre_obert_badalona_casal_dels_infants.jpg","datePublished":"2020-05-25T08:28:49+00:00","dateModified":"2023-05-01T15:51:01+00:00","breadcrumb":{"@id":"https:\/\/www.casaldelsinfants.org\/es\/actualidad\/centros-badalona-denunciamos-emergencia-social-coronavirus\/#breadcrumb"},"inLanguage":"es","potentialAction":[{"@type":"ReadAction","target":["https:\/\/www.casaldelsinfants.org\/es\/actualidad\/centros-badalona-denunciamos-emergencia-social-coronavirus\/"]}]},{"@type":"ImageObject","inLanguage":"es","@id":"https:\/\/www.casaldelsinfants.org\/es\/actualidad\/centros-badalona-denunciamos-emergencia-social-coronavirus\/#primaryimage","url":"https:\/\/www.casaldelsinfants.org\/wp-content\/uploads\/centre_obert_badalona_casal_dels_infants.jpg","contentUrl":"https:\/\/www.casaldelsinfants.org\/wp-content\/uploads\/centre_obert_badalona_casal_dels_infants.jpg","width":600,"height":450,"caption":"Centr obert badalona Casal dels infants"},{"@type":"BreadcrumbList","@id":"https:\/\/www.casaldelsinfants.org\/es\/actualidad\/centros-badalona-denunciamos-emergencia-social-coronavirus\/#breadcrumb","itemListElement":[{"@type":"ListItem","position":1,"name":"Inici","item":"https:\/\/www.casaldelsinfants.org\/es\/"},{"@type":"ListItem","position":2,"name":"Los centros abiertos de Badalona denunciamos una grave emergencia social por el coronavirus"}]},{"@type":"WebSite","@id":"https:\/\/www.casaldelsinfants.org\/es\/#website","url":"https:\/\/www.casaldelsinfants.org\/es\/","name":"Casal dels Infants","description":"","publisher":{"@id":"https:\/\/www.casaldelsinfants.org\/es\/#organization"},"potentialAction":[{"@type":"SearchAction","target":{"@type":"EntryPoint","urlTemplate":"https:\/\/www.casaldelsinfants.org\/es\/?s={search_term_string}"},"query-input":{"@type":"PropertyValueSpecification","valueRequired":true,"valueName":"search_term_string"}}],"inLanguage":"es"},{"@type":"Organization","@id":"https:\/\/www.casaldelsinfants.org\/es\/#organization","name":"Casal dels Infants","url":"https:\/\/www.casaldelsinfants.org\/es\/","logo":{"@type":"ImageObject","inLanguage":"es","@id":"https:\/\/www.casaldelsinfants.org\/es\/#\/schema\/logo\/image\/","url":"https:\/\/www.casaldelsinfants.org\/wp-content\/uploads\/logo-mail.png","contentUrl":"https:\/\/www.casaldelsinfants.org\/wp-content\/uploads\/logo-mail.png","width":380,"height":158,"caption":"Casal dels Infants"},"image":{"@id":"https:\/\/www.casaldelsinfants.org\/es\/#\/schema\/logo\/image\/"},"sameAs":["https:\/\/www.facebook.com\/casalinfants","https:\/\/x.com\/casalinfants","https:\/\/www.youtube.com\/user\/CasaldelsInfants1","https:\/\/www.instagram.com\/casalinfants\/","https:\/\/www.linkedin.com\/company\/casaldelsinfants?trk=organization-update_share-update_actor-text"]},{"@type":"Person","@id":"https:\/\/www.casaldelsinfants.org\/es\/#\/schema\/person\/97707fc8c64900cf36891127dbf9fba8","name":"cdiAdmin","sameAs":["https:\/\/casaldelsinfants.org"]}]}},"publishpress_future_action":{"enabled":false,"date":"2026-05-07 15:20:25","action":"change-status","newStatus":"draft","terms":[],"taxonomy":"category","extraData":[]},"publishpress_future_workflow_manual_trigger":{"enabledWorkflows":[]},"_links":{"self":[{"href":"https:\/\/www.casaldelsinfants.org\/es\/wp-json\/wp\/v2\/posts\/4365","targetHints":{"allow":["GET"]}}],"collection":[{"href":"https:\/\/www.casaldelsinfants.org\/es\/wp-json\/wp\/v2\/posts"}],"about":[{"href":"https:\/\/www.casaldelsinfants.org\/es\/wp-json\/wp\/v2\/types\/post"}],"author":[{"embeddable":true,"href":"https:\/\/www.casaldelsinfants.org\/es\/wp-json\/wp\/v2\/users\/1"}],"replies":[{"embeddable":true,"href":"https:\/\/www.casaldelsinfants.org\/es\/wp-json\/wp\/v2\/comments?post=4365"}],"version-history":[{"count":1,"href":"https:\/\/www.casaldelsinfants.org\/es\/wp-json\/wp\/v2\/posts\/4365\/revisions"}],"predecessor-version":[{"id":6322,"href":"https:\/\/www.casaldelsinfants.org\/es\/wp-json\/wp\/v2\/posts\/4365\/revisions\/6322"}],"wp:featuredmedia":[{"embeddable":true,"href":"https:\/\/www.casaldelsinfants.org\/es\/wp-json\/wp\/v2\/media\/3224"}],"wp:attachment":[{"href":"https:\/\/www.casaldelsinfants.org\/es\/wp-json\/wp\/v2\/media?parent=4365"}],"wp:term":[{"taxonomy":"category","embeddable":true,"href":"https:\/\/www.casaldelsinfants.org\/es\/wp-json\/wp\/v2\/categories?post=4365"},{"taxonomy":"post_tag","embeddable":true,"href":"https:\/\/www.casaldelsinfants.org\/es\/wp-json\/wp\/v2\/tags?post=4365"},{"taxonomy":"seus","embeddable":true,"href":"https:\/\/www.casaldelsinfants.org\/es\/wp-json\/wp\/v2\/seus?post=4365"},{"taxonomy":"eixos","embeddable":true,"href":"https:\/\/www.casaldelsinfants.org\/es\/wp-json\/wp\/v2\/eixos?post=4365"}],"curies":[{"name":"wp","href":"https:\/\/api.w.org\/{rel}","templated":true}]}}