{"id":4366,"date":"2020-04-30T14:11:55","date_gmt":"2020-04-30T12:11:55","guid":{"rendered":"https:\/\/casal.puntzero.cat\/noticies\/mares-i-pares-del-casal-dels-infants-se-sumen-una-xarxa-solidaria-cosir-mascaretes-serveis\/"},"modified":"2023-05-01T17:51:09","modified_gmt":"2023-05-01T15:51:09","slug":"mares-i-pares-del-casal-dels-infants-se-sumen-una-xarxa-solidaria-cosir-mascaretes-serveis","status":"publish","type":"post","link":"https:\/\/www.casaldelsinfants.org\/es\/actualidad\/madres-padres-casal-dels-infants-red-solidaria-mascara\/","title":{"rendered":"Madres y padres del Casal dels Infants cosen mascarillas con una red solidaria de Santa Coloma de Gramenet"},"content":{"rendered":"<p>Un grupo de cuatro madres y un padre del Casal Familiar del Casal dels Infants de Santa Coloma de Gramenet se ha sumado a una red de personas voluntarias colomenses movilizadas para coser mascarillas para servicios b\u00e1sicos de la ciudad amte la crisis del Covid-19.<\/p>\n<p>Se trata de una iniciativa impulsada por el Punto de Voluntariado del Ayuntamiento de Santa Coloma de Gramenet, en la que se ha movilizado una red de m\u00e1s de 35 personas, todas de Santa Coloma y en su mayor\u00eda mujeres. Hasta el momento se han confeccionado 10.000 mascarillas que, tras un proceso posterior de esterilizaci\u00f3n, se han distribuido entre las seis residencias para gente mayor de la ciudad, farmacias, centros abiertos, bancos de alimentos, el Centre Dr. Emili Riba y en mercados municipales, entre otros puntos.<\/p>\n<p><font color=\"#000000\">Las cuatro madres y el padre del grupo del Casal dels Infants tienen experiencia en la confecci\u00f3n t\u00e9xtil y disponen de m\u00e1squinas de coses en casa. Son Nass<\/font><span style=\"color:#000000;\">\u00a0<strong>Nassem Kousar, Shahanaz Begum, Tanzina Akhter, Fikri Ahouchi y Gurwinder Kaurs<\/strong>, se sumaron a la iniciativa al volver de Semana Santa y hasta el momento han cosido m\u00e1s de 500 mascarillas. Pese a encontrarse en una situaci\u00f3n de vulnerabilidad agravada por la crisis del Covid-10, han querido desde un primer momento solidarizarse con gente que tambi\u00e9n lucha para hacer frente a la pandemia.\u00a0<\/span><\/p>\n<p>\u00a0<\/p>\n<figure role=\"group\" class=\"align-center\">\n<img decoding=\"async\" alt=\"La Gurwinder amb una mascareta posada.\" data-entity-type=\"file\" data-entity-uuid=\"b41b73ab-49e9-45af-9241-7abf27c6e7d1\" data-image-style=\"large\" height=\"480\" src=\"\/wp-content\/uploads\/inline-images\/WhatsApp%20Image%202020-04-17%20at%2016.19.37%20%282%29.jpeg\" typeof=\"foaf:Image\" width=\"369\" \/><figcaption>Nassem con una mascarilla puesta.<\/figcaption><\/figure>\n<p>\u00abPar m\u00ed es muy importante hacer estas mascarillas porque son una manera de dar tranquilidad quien est\u00e1 trabajando en los centros de salud o a cualquier otra personas que las\u00a0necesita\u00bb, comenta Shahanaz. \u00abTambi\u00e9n me ha permitido estar distra\u00edda durante el confinamiento y hacer una actividad en familia, porque mi hijo Noman, que tiene 12 a\u00f1os, me ha ayudado a hacer las mascarillas\u00bb, a\u00f1ade.<\/p>\n<p>\u00a0<\/p>\n<figure role=\"group\" class=\"align-center\">\n<img decoding=\"async\" alt=\"Shahanaz i el seu fill Noman amb dues de les mascaretes ja cosides.\" data-entity-type=\"file\" data-entity-uuid=\"5f326a7a-3eb9-42e5-8b30-fb9859978aad\" data-image-style=\"large\" height=\"480\" src=\"\/wp-content\/uploads\/inline-images\/WhatsApp%20Image%202020-04-17%20at%2016.19.38%20%281%29.jpeg\" typeof=\"foaf:Image\" width=\"360\" \/><figcaption>Shahanaz i el seu fill Noman amb dues de les mascaretes ja cosides.<\/figcaption><\/figure>\n<p class=\"destacat-noticia\">\u00a0<\/p>\n<p class=\"destacat-noticia\">Shahanaz Begum:\u00a0\u00abPar m\u00ed es muy importante hacer estas mascarillas porque son una manera de dar tranquilidad quien est\u00e1 trabajando en los centros de salud o a cualquier otra personas que las\u00a0necesita\u00bb<\/p>\n<p>Fikri, que es sastre, se siente orgullo de que su oficio de que su oficio le haya permitido aportar alguna cosa a favor de la salud de las personas en un momento tan excpecional: \u00abPara m\u00ed es un honor hacer una cosa as\u00ed para Santa Coloma, mi ciudad desde hace muchos a\u00f1os\u00bb.<\/p>\n<p>\u00a0<\/p>\n<figure role=\"group\" class=\"align-center\">\n<img decoding=\"async\" alt=\"En Fikri confeccionant una mascareta a casa seva.\" data-entity-type=\"file\" data-entity-uuid=\"f0372c8c-7c2e-4888-be4e-ca8c733d2914\" data-image-style=\"large\" height=\"480\" src=\"\/wp-content\/uploads\/inline-images\/WhatsApp%20Image%202020-04-17%20at%2016.20.50.jpeg\" typeof=\"foaf:Image\" width=\"360\" \/><figcaption>En Fikri confeccionant una mascareta a casa seva.<\/figcaption><\/figure>\n<p class=\"destacat-noticia\"><strong>Fikri Ahouchi:\u00a0<\/strong>\u00abPara m\u00ed es un honor hacer una cosa as\u00ed para Santa Coloma, mi ciudad desde hace muchos a\u00f1os\u00bb<\/p>\n<figure role=\"group\" class=\"align-center\">\n<img decoding=\"async\" alt=\"La Gurwinder cosint una mascareta amb la seva maquina de cosir.\" data-entity-type=\"file\" data-entity-uuid=\"c97ad9e1-46d5-4a28-823b-eb630e7933b1\" data-image-style=\"large\" height=\"480\" src=\"\/wp-content\/uploads\/inline-images\/WhatsApp%20Image%202020-04-22%20at%2017.34.46.jpg\" typeof=\"foaf:Image\" width=\"282\" \/><figcaption>La Gurwinder cosint una mascareta amb la seva maquina de cosir.<\/figcaption><\/figure>\n<p>\u00a0<\/p>\n<p>Todos los participantes de la iniciativa han recibido el material necesario para confeccionar las mascarillas, que son ign\u00edfugas y se pueden reutilizar lav\u00e1ndolas a 60 grados. Tambi\u00e9n han recibido un video en el que se explican los pasos para coserlas a m\u00e1quina.<\/p>\n<p>La labor y el compromiso de las 35 personas involucradas en la confecci\u00f3n de las mascarillas ha recibido el reconocimiento del Ayuntamiento en nombre de toda la ciudad a trav\u00e9s de la escaldesa, N\u00faria Parl\u00f3n, y de la tenienta de alcaldesa de Derechos Sociales y Ciudad Educadora, B\u00e1rbara Ferrer: \u00abOs agradecemos mucho todo el trabajo y las horas que est\u00e1is dedicando a confeccionar mascarillas. Sin vosotras, tendr\u00edamos sin mascarillas a muchos servicios esenciales de la ciudad\u00bb, les ha transmitido Ferrer.<\/p>\n","protected":false},"excerpt":{"rendered":"<p>Un grupo de cuatro madres y un padre del Casal Familiar del Casal dels Infants de Santa Coloma de Gramenet se ha sumado a una red de personas voluntarias colomenses movilizadas para coser mascarillas para servicios b\u00e1sicos de la ciudad amte la crisis del Covid-19. Se trata de una iniciativa impulsada por el Punto de [&hellip;]<\/p>\n","protected":false},"author":1,"featured_media":3227,"comment_status":"open","ping_status":"open","sticky":false,"template":"","format":"standard","meta":{"_acf_changed":false,"_et_pb_use_builder":"","_et_pb_old_content":"","_et_gb_content_width":"","inline_featured_image":false,"footnotes":""},"categories":[125],"tags":[],"seus":[19],"eixos":[110],"class_list":["post-4366","post","type-post","status-publish","format-standard","has-post-thumbnail","hentry","category-noticias","seus-santa-coloma-de-gramenet","eixos-comunidad-casal-dels-infants"],"acf":[],"yoast_head":"<!-- This site is optimized with the Yoast SEO plugin v27.4 - https:\/\/yoast.com\/product\/yoast-seo-wordpress\/ -->\n<title>Madres y padres del Casal dels Infants cosen mascarillas con una red solidaria de Santa Coloma de Gramenet - Casal dels Infants<\/title>\n<meta name=\"robots\" content=\"index, follow, max-snippet:-1, max-image-preview:large, max-video-preview:-1\" \/>\n<link rel=\"canonical\" href=\"https:\/\/www.casaldelsinfants.org\/es\/actualidad\/madres-padres-casal-dels-infants-red-solidaria-mascara\/\" \/>\n<meta property=\"og:locale\" content=\"es_ES\" \/>\n<meta property=\"og:type\" content=\"article\" \/>\n<meta property=\"og:title\" content=\"Madres y padres del Casal dels Infants cosen mascarillas con una red solidaria de Santa Coloma de Gramenet - Casal dels Infants\" \/>\n<meta property=\"og:description\" content=\"Un grupo de cuatro madres y un padre del Casal Familiar del Casal dels Infants de Santa Coloma de Gramenet se ha sumado a una red de personas voluntarias colomenses movilizadas para coser mascarillas para servicios b\u00e1sicos de la ciudad amte la crisis del Covid-19. Se trata de una iniciativa impulsada por el Punto de [&hellip;]\" \/>\n<meta property=\"og:url\" content=\"https:\/\/www.casaldelsinfants.org\/es\/actualidad\/madres-padres-casal-dels-infants-red-solidaria-mascara\/\" \/>\n<meta property=\"og:site_name\" content=\"Casal dels Infants\" \/>\n<meta property=\"article:publisher\" content=\"https:\/\/www.facebook.com\/casalinfants\" \/>\n<meta property=\"article:published_time\" content=\"2020-04-30T12:11:55+00:00\" \/>\n<meta property=\"article:modified_time\" content=\"2023-05-01T15:51:09+00:00\" \/>\n<meta property=\"og:image\" content=\"https:\/\/www.casaldelsinfants.org\/wp-content\/uploads\/whatsapp_image_2020-04-17_at_16.19.37_3.jpeg\" \/>\n\t<meta property=\"og:image:width\" content=\"1200\" \/>\n\t<meta property=\"og:image:height\" content=\"1600\" \/>\n\t<meta property=\"og:image:type\" content=\"image\/jpeg\" \/>\n<meta name=\"author\" content=\"cdiAdmin\" \/>\n<meta name=\"twitter:card\" content=\"summary_large_image\" \/>\n<meta name=\"twitter:creator\" content=\"@casalinfants\" \/>\n<meta name=\"twitter:site\" content=\"@casalinfants\" \/>\n<meta name=\"twitter:label1\" content=\"Escrito por\" \/>\n\t<meta name=\"twitter:data1\" content=\"cdiAdmin\" \/>\n\t<meta name=\"twitter:label2\" content=\"Tiempo de lectura\" \/>\n\t<meta name=\"twitter:data2\" content=\"3 minutos\" \/>\n<script type=\"application\/ld+json\" class=\"yoast-schema-graph\">{\"@context\":\"https:\\\/\\\/schema.org\",\"@graph\":[{\"@type\":\"Article\",\"@id\":\"https:\\\/\\\/www.casaldelsinfants.org\\\/es\\\/actualidad\\\/madres-padres-casal-dels-infants-red-solidaria-mascara\\\/#article\",\"isPartOf\":{\"@id\":\"https:\\\/\\\/www.casaldelsinfants.org\\\/es\\\/actualidad\\\/madres-padres-casal-dels-infants-red-solidaria-mascara\\\/\"},\"author\":{\"name\":\"cdiAdmin\",\"@id\":\"https:\\\/\\\/www.casaldelsinfants.org\\\/es\\\/#\\\/schema\\\/person\\\/97707fc8c64900cf36891127dbf9fba8\"},\"headline\":\"Madres y padres del Casal dels Infants cosen mascarillas con una red solidaria de Santa Coloma de Gramenet\",\"datePublished\":\"2020-04-30T12:11:55+00:00\",\"dateModified\":\"2023-05-01T15:51:09+00:00\",\"mainEntityOfPage\":{\"@id\":\"https:\\\/\\\/www.casaldelsinfants.org\\\/es\\\/actualidad\\\/madres-padres-casal-dels-infants-red-solidaria-mascara\\\/\"},\"wordCount\":589,\"commentCount\":0,\"publisher\":{\"@id\":\"https:\\\/\\\/www.casaldelsinfants.org\\\/es\\\/#organization\"},\"image\":{\"@id\":\"https:\\\/\\\/www.casaldelsinfants.org\\\/es\\\/actualidad\\\/madres-padres-casal-dels-infants-red-solidaria-mascara\\\/#primaryimage\"},\"thumbnailUrl\":\"https:\\\/\\\/www.casaldelsinfants.org\\\/wp-content\\\/uploads\\\/whatsapp_image_2020-04-17_at_16.19.37_3.jpeg\",\"articleSection\":[\"Noticia\"],\"inLanguage\":\"es\",\"potentialAction\":[{\"@type\":\"CommentAction\",\"name\":\"Comment\",\"target\":[\"https:\\\/\\\/www.casaldelsinfants.org\\\/es\\\/actualidad\\\/madres-padres-casal-dels-infants-red-solidaria-mascara\\\/#respond\"]}]},{\"@type\":\"WebPage\",\"@id\":\"https:\\\/\\\/www.casaldelsinfants.org\\\/es\\\/actualidad\\\/madres-padres-casal-dels-infants-red-solidaria-mascara\\\/\",\"url\":\"https:\\\/\\\/www.casaldelsinfants.org\\\/es\\\/actualidad\\\/madres-padres-casal-dels-infants-red-solidaria-mascara\\\/\",\"name\":\"Madres y padres del Casal dels Infants cosen mascarillas con una red solidaria de Santa Coloma de Gramenet - Casal dels Infants\",\"isPartOf\":{\"@id\":\"https:\\\/\\\/www.casaldelsinfants.org\\\/es\\\/#website\"},\"primaryImageOfPage\":{\"@id\":\"https:\\\/\\\/www.casaldelsinfants.org\\\/es\\\/actualidad\\\/madres-padres-casal-dels-infants-red-solidaria-mascara\\\/#primaryimage\"},\"image\":{\"@id\":\"https:\\\/\\\/www.casaldelsinfants.org\\\/es\\\/actualidad\\\/madres-padres-casal-dels-infants-red-solidaria-mascara\\\/#primaryimage\"},\"thumbnailUrl\":\"https:\\\/\\\/www.casaldelsinfants.org\\\/wp-content\\\/uploads\\\/whatsapp_image_2020-04-17_at_16.19.37_3.jpeg\",\"datePublished\":\"2020-04-30T12:11:55+00:00\",\"dateModified\":\"2023-05-01T15:51:09+00:00\",\"breadcrumb\":{\"@id\":\"https:\\\/\\\/www.casaldelsinfants.org\\\/es\\\/actualidad\\\/madres-padres-casal-dels-infants-red-solidaria-mascara\\\/#breadcrumb\"},\"inLanguage\":\"es\",\"potentialAction\":[{\"@type\":\"ReadAction\",\"target\":[\"https:\\\/\\\/www.casaldelsinfants.org\\\/es\\\/actualidad\\\/madres-padres-casal-dels-infants-red-solidaria-mascara\\\/\"]}]},{\"@type\":\"ImageObject\",\"inLanguage\":\"es\",\"@id\":\"https:\\\/\\\/www.casaldelsinfants.org\\\/es\\\/actualidad\\\/madres-padres-casal-dels-infants-red-solidaria-mascara\\\/#primaryimage\",\"url\":\"https:\\\/\\\/www.casaldelsinfants.org\\\/wp-content\\\/uploads\\\/whatsapp_image_2020-04-17_at_16.19.37_3.jpeg\",\"contentUrl\":\"https:\\\/\\\/www.casaldelsinfants.org\\\/wp-content\\\/uploads\\\/whatsapp_image_2020-04-17_at_16.19.37_3.jpeg\",\"width\":1200,\"height\":1600,\"caption\":\"Participant del Casal dels Infants amb una m\u00e0quina de cosir\"},{\"@type\":\"BreadcrumbList\",\"@id\":\"https:\\\/\\\/www.casaldelsinfants.org\\\/es\\\/actualidad\\\/madres-padres-casal-dels-infants-red-solidaria-mascara\\\/#breadcrumb\",\"itemListElement\":[{\"@type\":\"ListItem\",\"position\":1,\"name\":\"Inici\",\"item\":\"https:\\\/\\\/www.casaldelsinfants.org\\\/es\\\/\"},{\"@type\":\"ListItem\",\"position\":2,\"name\":\"Madres y padres del Casal dels Infants cosen mascarillas con una red solidaria de Santa Coloma de Gramenet\"}]},{\"@type\":\"WebSite\",\"@id\":\"https:\\\/\\\/www.casaldelsinfants.org\\\/es\\\/#website\",\"url\":\"https:\\\/\\\/www.casaldelsinfants.org\\\/es\\\/\",\"name\":\"Casal dels Infants\",\"description\":\"\",\"publisher\":{\"@id\":\"https:\\\/\\\/www.casaldelsinfants.org\\\/es\\\/#organization\"},\"potentialAction\":[{\"@type\":\"SearchAction\",\"target\":{\"@type\":\"EntryPoint\",\"urlTemplate\":\"https:\\\/\\\/www.casaldelsinfants.org\\\/es\\\/?s={search_term_string}\"},\"query-input\":{\"@type\":\"PropertyValueSpecification\",\"valueRequired\":true,\"valueName\":\"search_term_string\"}}],\"inLanguage\":\"es\"},{\"@type\":\"Organization\",\"@id\":\"https:\\\/\\\/www.casaldelsinfants.org\\\/es\\\/#organization\",\"name\":\"Casal dels Infants\",\"url\":\"https:\\\/\\\/www.casaldelsinfants.org\\\/es\\\/\",\"logo\":{\"@type\":\"ImageObject\",\"inLanguage\":\"es\",\"@id\":\"https:\\\/\\\/www.casaldelsinfants.org\\\/es\\\/#\\\/schema\\\/logo\\\/image\\\/\",\"url\":\"https:\\\/\\\/www.casaldelsinfants.org\\\/wp-content\\\/uploads\\\/logo-mail.png\",\"contentUrl\":\"https:\\\/\\\/www.casaldelsinfants.org\\\/wp-content\\\/uploads\\\/logo-mail.png\",\"width\":380,\"height\":158,\"caption\":\"Casal dels Infants\"},\"image\":{\"@id\":\"https:\\\/\\\/www.casaldelsinfants.org\\\/es\\\/#\\\/schema\\\/logo\\\/image\\\/\"},\"sameAs\":[\"https:\\\/\\\/www.facebook.com\\\/casalinfants\",\"https:\\\/\\\/x.com\\\/casalinfants\",\"https:\\\/\\\/www.youtube.com\\\/user\\\/CasaldelsInfants1\",\"https:\\\/\\\/www.instagram.com\\\/casalinfants\\\/\",\"https:\\\/\\\/www.linkedin.com\\\/company\\\/casaldelsinfants?trk=organization-update_share-update_actor-text\"]},{\"@type\":\"Person\",\"@id\":\"https:\\\/\\\/www.casaldelsinfants.org\\\/es\\\/#\\\/schema\\\/person\\\/97707fc8c64900cf36891127dbf9fba8\",\"name\":\"cdiAdmin\",\"sameAs\":[\"https:\\\/\\\/casaldelsinfants.org\"]}]}<\/script>\n<!-- \/ Yoast SEO plugin. -->","yoast_head_json":{"title":"Madres y padres del Casal dels Infants cosen mascarillas con una red solidaria de Santa Coloma de Gramenet - Casal dels Infants","robots":{"index":"index","follow":"follow","max-snippet":"max-snippet:-1","max-image-preview":"max-image-preview:large","max-video-preview":"max-video-preview:-1"},"canonical":"https:\/\/www.casaldelsinfants.org\/es\/actualidad\/madres-padres-casal-dels-infants-red-solidaria-mascara\/","og_locale":"es_ES","og_type":"article","og_title":"Madres y padres del Casal dels Infants cosen mascarillas con una red solidaria de Santa Coloma de Gramenet - Casal dels Infants","og_description":"Un grupo de cuatro madres y un padre del Casal Familiar del Casal dels Infants de Santa Coloma de Gramenet se ha sumado a una red de personas voluntarias colomenses movilizadas para coser mascarillas para servicios b\u00e1sicos de la ciudad amte la crisis del Covid-19. Se trata de una iniciativa impulsada por el Punto de [&hellip;]","og_url":"https:\/\/www.casaldelsinfants.org\/es\/actualidad\/madres-padres-casal-dels-infants-red-solidaria-mascara\/","og_site_name":"Casal dels Infants","article_publisher":"https:\/\/www.facebook.com\/casalinfants","article_published_time":"2020-04-30T12:11:55+00:00","article_modified_time":"2023-05-01T15:51:09+00:00","og_image":[{"width":1200,"height":1600,"url":"https:\/\/www.casaldelsinfants.org\/wp-content\/uploads\/whatsapp_image_2020-04-17_at_16.19.37_3.jpeg","type":"image\/jpeg"}],"author":"cdiAdmin","twitter_card":"summary_large_image","twitter_creator":"@casalinfants","twitter_site":"@casalinfants","twitter_misc":{"Escrito por":"cdiAdmin","Tiempo de lectura":"3 minutos"},"schema":{"@context":"https:\/\/schema.org","@graph":[{"@type":"Article","@id":"https:\/\/www.casaldelsinfants.org\/es\/actualidad\/madres-padres-casal-dels-infants-red-solidaria-mascara\/#article","isPartOf":{"@id":"https:\/\/www.casaldelsinfants.org\/es\/actualidad\/madres-padres-casal-dels-infants-red-solidaria-mascara\/"},"author":{"name":"cdiAdmin","@id":"https:\/\/www.casaldelsinfants.org\/es\/#\/schema\/person\/97707fc8c64900cf36891127dbf9fba8"},"headline":"Madres y padres del Casal dels Infants cosen mascarillas con una red solidaria de Santa Coloma de Gramenet","datePublished":"2020-04-30T12:11:55+00:00","dateModified":"2023-05-01T15:51:09+00:00","mainEntityOfPage":{"@id":"https:\/\/www.casaldelsinfants.org\/es\/actualidad\/madres-padres-casal-dels-infants-red-solidaria-mascara\/"},"wordCount":589,"commentCount":0,"publisher":{"@id":"https:\/\/www.casaldelsinfants.org\/es\/#organization"},"image":{"@id":"https:\/\/www.casaldelsinfants.org\/es\/actualidad\/madres-padres-casal-dels-infants-red-solidaria-mascara\/#primaryimage"},"thumbnailUrl":"https:\/\/www.casaldelsinfants.org\/wp-content\/uploads\/whatsapp_image_2020-04-17_at_16.19.37_3.jpeg","articleSection":["Noticia"],"inLanguage":"es","potentialAction":[{"@type":"CommentAction","name":"Comment","target":["https:\/\/www.casaldelsinfants.org\/es\/actualidad\/madres-padres-casal-dels-infants-red-solidaria-mascara\/#respond"]}]},{"@type":"WebPage","@id":"https:\/\/www.casaldelsinfants.org\/es\/actualidad\/madres-padres-casal-dels-infants-red-solidaria-mascara\/","url":"https:\/\/www.casaldelsinfants.org\/es\/actualidad\/madres-padres-casal-dels-infants-red-solidaria-mascara\/","name":"Madres y padres del Casal dels Infants cosen mascarillas con una red solidaria de Santa Coloma de Gramenet - Casal dels Infants","isPartOf":{"@id":"https:\/\/www.casaldelsinfants.org\/es\/#website"},"primaryImageOfPage":{"@id":"https:\/\/www.casaldelsinfants.org\/es\/actualidad\/madres-padres-casal-dels-infants-red-solidaria-mascara\/#primaryimage"},"image":{"@id":"https:\/\/www.casaldelsinfants.org\/es\/actualidad\/madres-padres-casal-dels-infants-red-solidaria-mascara\/#primaryimage"},"thumbnailUrl":"https:\/\/www.casaldelsinfants.org\/wp-content\/uploads\/whatsapp_image_2020-04-17_at_16.19.37_3.jpeg","datePublished":"2020-04-30T12:11:55+00:00","dateModified":"2023-05-01T15:51:09+00:00","breadcrumb":{"@id":"https:\/\/www.casaldelsinfants.org\/es\/actualidad\/madres-padres-casal-dels-infants-red-solidaria-mascara\/#breadcrumb"},"inLanguage":"es","potentialAction":[{"@type":"ReadAction","target":["https:\/\/www.casaldelsinfants.org\/es\/actualidad\/madres-padres-casal-dels-infants-red-solidaria-mascara\/"]}]},{"@type":"ImageObject","inLanguage":"es","@id":"https:\/\/www.casaldelsinfants.org\/es\/actualidad\/madres-padres-casal-dels-infants-red-solidaria-mascara\/#primaryimage","url":"https:\/\/www.casaldelsinfants.org\/wp-content\/uploads\/whatsapp_image_2020-04-17_at_16.19.37_3.jpeg","contentUrl":"https:\/\/www.casaldelsinfants.org\/wp-content\/uploads\/whatsapp_image_2020-04-17_at_16.19.37_3.jpeg","width":1200,"height":1600,"caption":"Participant del Casal dels Infants amb una m\u00e0quina de cosir"},{"@type":"BreadcrumbList","@id":"https:\/\/www.casaldelsinfants.org\/es\/actualidad\/madres-padres-casal-dels-infants-red-solidaria-mascara\/#breadcrumb","itemListElement":[{"@type":"ListItem","position":1,"name":"Inici","item":"https:\/\/www.casaldelsinfants.org\/es\/"},{"@type":"ListItem","position":2,"name":"Madres y padres del Casal dels Infants cosen mascarillas con una red solidaria de Santa Coloma de Gramenet"}]},{"@type":"WebSite","@id":"https:\/\/www.casaldelsinfants.org\/es\/#website","url":"https:\/\/www.casaldelsinfants.org\/es\/","name":"Casal dels Infants","description":"","publisher":{"@id":"https:\/\/www.casaldelsinfants.org\/es\/#organization"},"potentialAction":[{"@type":"SearchAction","target":{"@type":"EntryPoint","urlTemplate":"https:\/\/www.casaldelsinfants.org\/es\/?s={search_term_string}"},"query-input":{"@type":"PropertyValueSpecification","valueRequired":true,"valueName":"search_term_string"}}],"inLanguage":"es"},{"@type":"Organization","@id":"https:\/\/www.casaldelsinfants.org\/es\/#organization","name":"Casal dels Infants","url":"https:\/\/www.casaldelsinfants.org\/es\/","logo":{"@type":"ImageObject","inLanguage":"es","@id":"https:\/\/www.casaldelsinfants.org\/es\/#\/schema\/logo\/image\/","url":"https:\/\/www.casaldelsinfants.org\/wp-content\/uploads\/logo-mail.png","contentUrl":"https:\/\/www.casaldelsinfants.org\/wp-content\/uploads\/logo-mail.png","width":380,"height":158,"caption":"Casal dels Infants"},"image":{"@id":"https:\/\/www.casaldelsinfants.org\/es\/#\/schema\/logo\/image\/"},"sameAs":["https:\/\/www.facebook.com\/casalinfants","https:\/\/x.com\/casalinfants","https:\/\/www.youtube.com\/user\/CasaldelsInfants1","https:\/\/www.instagram.com\/casalinfants\/","https:\/\/www.linkedin.com\/company\/casaldelsinfants?trk=organization-update_share-update_actor-text"]},{"@type":"Person","@id":"https:\/\/www.casaldelsinfants.org\/es\/#\/schema\/person\/97707fc8c64900cf36891127dbf9fba8","name":"cdiAdmin","sameAs":["https:\/\/casaldelsinfants.org"]}]}},"publishpress_future_action":{"enabled":false,"date":"2026-05-07 08:51:12","action":"change-status","newStatus":"draft","terms":[],"taxonomy":"category","extraData":[]},"publishpress_future_workflow_manual_trigger":{"enabledWorkflows":[]},"_links":{"self":[{"href":"https:\/\/www.casaldelsinfants.org\/es\/wp-json\/wp\/v2\/posts\/4366","targetHints":{"allow":["GET"]}}],"collection":[{"href":"https:\/\/www.casaldelsinfants.org\/es\/wp-json\/wp\/v2\/posts"}],"about":[{"href":"https:\/\/www.casaldelsinfants.org\/es\/wp-json\/wp\/v2\/types\/post"}],"author":[{"embeddable":true,"href":"https:\/\/www.casaldelsinfants.org\/es\/wp-json\/wp\/v2\/users\/1"}],"replies":[{"embeddable":true,"href":"https:\/\/www.casaldelsinfants.org\/es\/wp-json\/wp\/v2\/comments?post=4366"}],"version-history":[{"count":1,"href":"https:\/\/www.casaldelsinfants.org\/es\/wp-json\/wp\/v2\/posts\/4366\/revisions"}],"predecessor-version":[{"id":6323,"href":"https:\/\/www.casaldelsinfants.org\/es\/wp-json\/wp\/v2\/posts\/4366\/revisions\/6323"}],"wp:featuredmedia":[{"embeddable":true,"href":"https:\/\/www.casaldelsinfants.org\/es\/wp-json\/wp\/v2\/media\/3227"}],"wp:attachment":[{"href":"https:\/\/www.casaldelsinfants.org\/es\/wp-json\/wp\/v2\/media?parent=4366"}],"wp:term":[{"taxonomy":"category","embeddable":true,"href":"https:\/\/www.casaldelsinfants.org\/es\/wp-json\/wp\/v2\/categories?post=4366"},{"taxonomy":"post_tag","embeddable":true,"href":"https:\/\/www.casaldelsinfants.org\/es\/wp-json\/wp\/v2\/tags?post=4366"},{"taxonomy":"seus","embeddable":true,"href":"https:\/\/www.casaldelsinfants.org\/es\/wp-json\/wp\/v2\/seus?post=4366"},{"taxonomy":"eixos","embeddable":true,"href":"https:\/\/www.casaldelsinfants.org\/es\/wp-json\/wp\/v2\/eixos?post=4366"}],"curies":[{"name":"wp","href":"https:\/\/api.w.org\/{rel}","templated":true}]}}