{"id":4367,"date":"2020-04-30T13:03:54","date_gmt":"2020-04-30T11:03:54","guid":{"rendered":"https:\/\/casal.puntzero.cat\/noticies\/el-programa-de-formacio-i-insercio-laboral-entra-les-cases\/"},"modified":"2023-05-01T17:51:17","modified_gmt":"2023-05-01T15:51:17","slug":"el-programa-de-formacio-i-insercio-laboral-entra-les-cases","status":"publish","type":"post","link":"https:\/\/www.casaldelsinfants.org\/es\/actualidad\/el-programa-de-formacion-e-insercion-laboral-entra-en-las-casas\/","title":{"rendered":"El programa de Formaci\u00f3n e Inserci\u00f3n Laboral entra en las casas"},"content":{"rendered":"<p>\u00a0<\/p>\n<p><meta charset=\"utf-8\" \/><\/p>\n<p dir=\"ltr\"><span style=\"color:#000000;\">Nuestros esfuerzos para dar apoyo a los j\u00f3venes que buscan trabajo, as\u00ed como a familias que con el rev\u00e9s de la crisis del Covid-19 han perdido el trabajo, no se paran. Desde el 16 de marzo nuestro Programa de Formaci\u00f3n e Inserci\u00f3n Laboral (FIL) ha gestionado 119 ofertas laborales, 91 participantes de la asociaci\u00f3n han realizado una entrevista de trabajo o est\u00e1n pendientes de realizarla y, por ahora, 21 personas han sido contratadas. Tambi\u00e9n se han tramitado nueve ofertas de trabajo para padres y madres del Casal Familiar del barrio del Raval.\u00a0<\/span><\/p>\n<p dir=\"ltr\"><span style=\"color:#000000;\">Nos centramos en las c\u00e1psulas formativas a trav\u00e9s de internet, tanto para trabajar competencias transversales como para mejorar aspectos t\u00e9cnicos de diferentes \u00e1mbitos profesionales. Para hacerlo contamos, como siempre, con la implicaci\u00f3n imprescindible de las empresas colaboradoras y otras personas voluntarias.\u00a0<\/span><\/p>\n<p dir=\"ltr\"><span style=\"color:#000000;\">Algunos ejemplos de estas c\u00e1psulas son los v\u00eddeos que el servicio Rumb a la feina ha realizado en el marco del curso \u201cB\u00fasqueda de trabajo con el tel\u00e9fono\u201d, donde se aprende a descargar y gestionar aplicaciones orientadas a la inserci\u00f3n laboral, entre otras competencias.\u00a0<\/span><\/p>\n<div class=\"video-embed-field-responsive-video form-group\"><iframe loading=\"lazy\" width=\"854\" height=\"480\" frameborder=\"0\" allowfullscreen=\"allowfullscreen\" src=\"https:\/\/www.youtube.com\/embed\/D-N1hgnjDkc?autoplay=0&amp;start=0&amp;rel=0\"><\/iframe>\n<\/div>\n<p><span style=\"color:#000000;\"><meta charset=\"utf-8\" \/>Desde el Aula de Hosteler\u00eda una de las propuestas formativas es una c\u00e1psula para aprender a hacer pan, explicada por un profesional del sector, Bruno Sempere, en representaci\u00f3n del grupo Pepa Tomate y su panader\u00eda The Forner. <\/span><\/p>\n<div class=\"video-embed-field-responsive-video form-group\"><iframe loading=\"lazy\" width=\"854\" height=\"480\" frameborder=\"0\" allowfullscreen=\"allowfullscreen\" src=\"https:\/\/www.youtube.com\/embed\/CTzaDWBxTIs?autoplay=0&amp;start=0&amp;rel=0\"><\/iframe>\n<\/div>\n<p><span style=\"color:#000000;\"><meta charset=\"utf-8\" \/>Para quienes quieren aprovechar el confinamiento para prepararse mejor las entrevistas de trabajo, Daniel Orobitg, voluntario del Casal dels Infants i manager del grupo Sagardi, explica en esta c\u00e1psula estrategias para conseguirlo. <\/span><\/p>\n<div class=\"video-embed-field-responsive-video form-group\"><iframe loading=\"lazy\" width=\"854\" height=\"480\" frameborder=\"0\" allowfullscreen=\"allowfullscreen\" src=\"https:\/\/www.youtube.com\/embed\/3f-gENHCxUY?autoplay=0&amp;start=0&amp;rel=0\"><\/iframe>\n<\/div>\n","protected":false},"excerpt":{"rendered":"<p>\u00a0 Nuestros esfuerzos para dar apoyo a los j\u00f3venes que buscan trabajo, as\u00ed como a familias que con el rev\u00e9s de la crisis del Covid-19 han perdido el trabajo, no se paran. Desde el 16 de marzo nuestro Programa de Formaci\u00f3n e Inserci\u00f3n Laboral (FIL) ha gestionado 119 ofertas laborales, 91 participantes de la asociaci\u00f3n [&hellip;]<\/p>\n","protected":false},"author":1,"featured_media":0,"comment_status":"open","ping_status":"open","sticky":false,"template":"","format":"standard","meta":{"_acf_changed":false,"_et_pb_use_builder":"","_et_pb_old_content":"","_et_gb_content_width":"","inline_featured_image":false,"footnotes":""},"categories":[125],"tags":[],"seus":[],"eixos":[102],"class_list":["post-4367","post","type-post","status-publish","format-standard","hentry","category-noticias","eixos-jovenes"],"acf":[],"yoast_head":"<!-- This site is optimized with the Yoast SEO plugin v27.4 - https:\/\/yoast.com\/product\/yoast-seo-wordpress\/ -->\n<title>El programa de Formaci\u00f3n e Inserci\u00f3n Laboral entra en las casas - Casal dels Infants<\/title>\n<meta name=\"robots\" content=\"index, follow, max-snippet:-1, max-image-preview:large, max-video-preview:-1\" \/>\n<link rel=\"canonical\" href=\"https:\/\/www.casaldelsinfants.org\/es\/actualidad\/el-programa-de-formacion-e-insercion-laboral-entra-en-las-casas\/\" \/>\n<meta property=\"og:locale\" content=\"es_ES\" \/>\n<meta property=\"og:type\" content=\"article\" \/>\n<meta property=\"og:title\" content=\"El programa de Formaci\u00f3n e Inserci\u00f3n Laboral entra en las casas - Casal dels Infants\" \/>\n<meta property=\"og:description\" content=\"\u00a0 Nuestros esfuerzos para dar apoyo a los j\u00f3venes que buscan trabajo, as\u00ed como a familias que con el rev\u00e9s de la crisis del Covid-19 han perdido el trabajo, no se paran. Desde el 16 de marzo nuestro Programa de Formaci\u00f3n e Inserci\u00f3n Laboral (FIL) ha gestionado 119 ofertas laborales, 91 participantes de la asociaci\u00f3n [&hellip;]\" \/>\n<meta property=\"og:url\" content=\"https:\/\/www.casaldelsinfants.org\/es\/actualidad\/el-programa-de-formacion-e-insercion-laboral-entra-en-las-casas\/\" \/>\n<meta property=\"og:site_name\" content=\"Casal dels Infants\" \/>\n<meta property=\"article:publisher\" content=\"https:\/\/www.facebook.com\/casalinfants\" \/>\n<meta property=\"article:published_time\" content=\"2020-04-30T11:03:54+00:00\" \/>\n<meta property=\"article:modified_time\" content=\"2023-05-01T15:51:17+00:00\" \/>\n<meta name=\"author\" content=\"cdiAdmin\" \/>\n<meta name=\"twitter:card\" content=\"summary_large_image\" \/>\n<meta name=\"twitter:creator\" content=\"@casalinfants\" \/>\n<meta name=\"twitter:site\" content=\"@casalinfants\" \/>\n<meta name=\"twitter:label1\" content=\"Escrito por\" \/>\n\t<meta name=\"twitter:data1\" content=\"cdiAdmin\" \/>\n\t<meta name=\"twitter:label2\" content=\"Tiempo de lectura\" \/>\n\t<meta name=\"twitter:data2\" content=\"1 minuto\" \/>\n<script type=\"application\/ld+json\" class=\"yoast-schema-graph\">{\"@context\":\"https:\\\/\\\/schema.org\",\"@graph\":[{\"@type\":\"Article\",\"@id\":\"https:\\\/\\\/www.casaldelsinfants.org\\\/es\\\/actualidad\\\/el-programa-de-formacion-e-insercion-laboral-entra-en-las-casas\\\/#article\",\"isPartOf\":{\"@id\":\"https:\\\/\\\/www.casaldelsinfants.org\\\/es\\\/actualidad\\\/el-programa-de-formacion-e-insercion-laboral-entra-en-las-casas\\\/\"},\"author\":{\"name\":\"cdiAdmin\",\"@id\":\"https:\\\/\\\/www.casaldelsinfants.org\\\/es\\\/#\\\/schema\\\/person\\\/97707fc8c64900cf36891127dbf9fba8\"},\"headline\":\"El programa de Formaci\u00f3n e Inserci\u00f3n Laboral entra en las casas\",\"datePublished\":\"2020-04-30T11:03:54+00:00\",\"dateModified\":\"2023-05-01T15:51:17+00:00\",\"mainEntityOfPage\":{\"@id\":\"https:\\\/\\\/www.casaldelsinfants.org\\\/es\\\/actualidad\\\/el-programa-de-formacion-e-insercion-laboral-entra-en-las-casas\\\/\"},\"wordCount\":276,\"commentCount\":0,\"publisher\":{\"@id\":\"https:\\\/\\\/www.casaldelsinfants.org\\\/es\\\/#organization\"},\"articleSection\":[\"Noticia\"],\"inLanguage\":\"es\",\"potentialAction\":[{\"@type\":\"CommentAction\",\"name\":\"Comment\",\"target\":[\"https:\\\/\\\/www.casaldelsinfants.org\\\/es\\\/actualidad\\\/el-programa-de-formacion-e-insercion-laboral-entra-en-las-casas\\\/#respond\"]}]},{\"@type\":\"WebPage\",\"@id\":\"https:\\\/\\\/www.casaldelsinfants.org\\\/es\\\/actualidad\\\/el-programa-de-formacion-e-insercion-laboral-entra-en-las-casas\\\/\",\"url\":\"https:\\\/\\\/www.casaldelsinfants.org\\\/es\\\/actualidad\\\/el-programa-de-formacion-e-insercion-laboral-entra-en-las-casas\\\/\",\"name\":\"El programa de Formaci\u00f3n e Inserci\u00f3n Laboral entra en las casas - Casal dels Infants\",\"isPartOf\":{\"@id\":\"https:\\\/\\\/www.casaldelsinfants.org\\\/es\\\/#website\"},\"datePublished\":\"2020-04-30T11:03:54+00:00\",\"dateModified\":\"2023-05-01T15:51:17+00:00\",\"breadcrumb\":{\"@id\":\"https:\\\/\\\/www.casaldelsinfants.org\\\/es\\\/actualidad\\\/el-programa-de-formacion-e-insercion-laboral-entra-en-las-casas\\\/#breadcrumb\"},\"inLanguage\":\"es\",\"potentialAction\":[{\"@type\":\"ReadAction\",\"target\":[\"https:\\\/\\\/www.casaldelsinfants.org\\\/es\\\/actualidad\\\/el-programa-de-formacion-e-insercion-laboral-entra-en-las-casas\\\/\"]}]},{\"@type\":\"BreadcrumbList\",\"@id\":\"https:\\\/\\\/www.casaldelsinfants.org\\\/es\\\/actualidad\\\/el-programa-de-formacion-e-insercion-laboral-entra-en-las-casas\\\/#breadcrumb\",\"itemListElement\":[{\"@type\":\"ListItem\",\"position\":1,\"name\":\"Inici\",\"item\":\"https:\\\/\\\/www.casaldelsinfants.org\\\/es\\\/\"},{\"@type\":\"ListItem\",\"position\":2,\"name\":\"El programa de Formaci\u00f3n e Inserci\u00f3n Laboral entra en las casas\"}]},{\"@type\":\"WebSite\",\"@id\":\"https:\\\/\\\/www.casaldelsinfants.org\\\/es\\\/#website\",\"url\":\"https:\\\/\\\/www.casaldelsinfants.org\\\/es\\\/\",\"name\":\"Casal dels Infants\",\"description\":\"\",\"publisher\":{\"@id\":\"https:\\\/\\\/www.casaldelsinfants.org\\\/es\\\/#organization\"},\"potentialAction\":[{\"@type\":\"SearchAction\",\"target\":{\"@type\":\"EntryPoint\",\"urlTemplate\":\"https:\\\/\\\/www.casaldelsinfants.org\\\/es\\\/?s={search_term_string}\"},\"query-input\":{\"@type\":\"PropertyValueSpecification\",\"valueRequired\":true,\"valueName\":\"search_term_string\"}}],\"inLanguage\":\"es\"},{\"@type\":\"Organization\",\"@id\":\"https:\\\/\\\/www.casaldelsinfants.org\\\/es\\\/#organization\",\"name\":\"Casal dels Infants\",\"url\":\"https:\\\/\\\/www.casaldelsinfants.org\\\/es\\\/\",\"logo\":{\"@type\":\"ImageObject\",\"inLanguage\":\"es\",\"@id\":\"https:\\\/\\\/www.casaldelsinfants.org\\\/es\\\/#\\\/schema\\\/logo\\\/image\\\/\",\"url\":\"https:\\\/\\\/www.casaldelsinfants.org\\\/wp-content\\\/uploads\\\/logo-mail.png\",\"contentUrl\":\"https:\\\/\\\/www.casaldelsinfants.org\\\/wp-content\\\/uploads\\\/logo-mail.png\",\"width\":380,\"height\":158,\"caption\":\"Casal dels Infants\"},\"image\":{\"@id\":\"https:\\\/\\\/www.casaldelsinfants.org\\\/es\\\/#\\\/schema\\\/logo\\\/image\\\/\"},\"sameAs\":[\"https:\\\/\\\/www.facebook.com\\\/casalinfants\",\"https:\\\/\\\/x.com\\\/casalinfants\",\"https:\\\/\\\/www.youtube.com\\\/user\\\/CasaldelsInfants1\",\"https:\\\/\\\/www.instagram.com\\\/casalinfants\\\/\",\"https:\\\/\\\/www.linkedin.com\\\/company\\\/casaldelsinfants?trk=organization-update_share-update_actor-text\"]},{\"@type\":\"Person\",\"@id\":\"https:\\\/\\\/www.casaldelsinfants.org\\\/es\\\/#\\\/schema\\\/person\\\/97707fc8c64900cf36891127dbf9fba8\",\"name\":\"cdiAdmin\",\"sameAs\":[\"https:\\\/\\\/casaldelsinfants.org\"]}]}<\/script>\n<!-- \/ Yoast SEO plugin. -->","yoast_head_json":{"title":"El programa de Formaci\u00f3n e Inserci\u00f3n Laboral entra en las casas - Casal dels Infants","robots":{"index":"index","follow":"follow","max-snippet":"max-snippet:-1","max-image-preview":"max-image-preview:large","max-video-preview":"max-video-preview:-1"},"canonical":"https:\/\/www.casaldelsinfants.org\/es\/actualidad\/el-programa-de-formacion-e-insercion-laboral-entra-en-las-casas\/","og_locale":"es_ES","og_type":"article","og_title":"El programa de Formaci\u00f3n e Inserci\u00f3n Laboral entra en las casas - Casal dels Infants","og_description":"\u00a0 Nuestros esfuerzos para dar apoyo a los j\u00f3venes que buscan trabajo, as\u00ed como a familias que con el rev\u00e9s de la crisis del Covid-19 han perdido el trabajo, no se paran. Desde el 16 de marzo nuestro Programa de Formaci\u00f3n e Inserci\u00f3n Laboral (FIL) ha gestionado 119 ofertas laborales, 91 participantes de la asociaci\u00f3n [&hellip;]","og_url":"https:\/\/www.casaldelsinfants.org\/es\/actualidad\/el-programa-de-formacion-e-insercion-laboral-entra-en-las-casas\/","og_site_name":"Casal dels Infants","article_publisher":"https:\/\/www.facebook.com\/casalinfants","article_published_time":"2020-04-30T11:03:54+00:00","article_modified_time":"2023-05-01T15:51:17+00:00","author":"cdiAdmin","twitter_card":"summary_large_image","twitter_creator":"@casalinfants","twitter_site":"@casalinfants","twitter_misc":{"Escrito por":"cdiAdmin","Tiempo de lectura":"1 minuto"},"schema":{"@context":"https:\/\/schema.org","@graph":[{"@type":"Article","@id":"https:\/\/www.casaldelsinfants.org\/es\/actualidad\/el-programa-de-formacion-e-insercion-laboral-entra-en-las-casas\/#article","isPartOf":{"@id":"https:\/\/www.casaldelsinfants.org\/es\/actualidad\/el-programa-de-formacion-e-insercion-laboral-entra-en-las-casas\/"},"author":{"name":"cdiAdmin","@id":"https:\/\/www.casaldelsinfants.org\/es\/#\/schema\/person\/97707fc8c64900cf36891127dbf9fba8"},"headline":"El programa de Formaci\u00f3n e Inserci\u00f3n Laboral entra en las casas","datePublished":"2020-04-30T11:03:54+00:00","dateModified":"2023-05-01T15:51:17+00:00","mainEntityOfPage":{"@id":"https:\/\/www.casaldelsinfants.org\/es\/actualidad\/el-programa-de-formacion-e-insercion-laboral-entra-en-las-casas\/"},"wordCount":276,"commentCount":0,"publisher":{"@id":"https:\/\/www.casaldelsinfants.org\/es\/#organization"},"articleSection":["Noticia"],"inLanguage":"es","potentialAction":[{"@type":"CommentAction","name":"Comment","target":["https:\/\/www.casaldelsinfants.org\/es\/actualidad\/el-programa-de-formacion-e-insercion-laboral-entra-en-las-casas\/#respond"]}]},{"@type":"WebPage","@id":"https:\/\/www.casaldelsinfants.org\/es\/actualidad\/el-programa-de-formacion-e-insercion-laboral-entra-en-las-casas\/","url":"https:\/\/www.casaldelsinfants.org\/es\/actualidad\/el-programa-de-formacion-e-insercion-laboral-entra-en-las-casas\/","name":"El programa de Formaci\u00f3n e Inserci\u00f3n Laboral entra en las casas - Casal dels Infants","isPartOf":{"@id":"https:\/\/www.casaldelsinfants.org\/es\/#website"},"datePublished":"2020-04-30T11:03:54+00:00","dateModified":"2023-05-01T15:51:17+00:00","breadcrumb":{"@id":"https:\/\/www.casaldelsinfants.org\/es\/actualidad\/el-programa-de-formacion-e-insercion-laboral-entra-en-las-casas\/#breadcrumb"},"inLanguage":"es","potentialAction":[{"@type":"ReadAction","target":["https:\/\/www.casaldelsinfants.org\/es\/actualidad\/el-programa-de-formacion-e-insercion-laboral-entra-en-las-casas\/"]}]},{"@type":"BreadcrumbList","@id":"https:\/\/www.casaldelsinfants.org\/es\/actualidad\/el-programa-de-formacion-e-insercion-laboral-entra-en-las-casas\/#breadcrumb","itemListElement":[{"@type":"ListItem","position":1,"name":"Inici","item":"https:\/\/www.casaldelsinfants.org\/es\/"},{"@type":"ListItem","position":2,"name":"El programa de Formaci\u00f3n e Inserci\u00f3n Laboral entra en las casas"}]},{"@type":"WebSite","@id":"https:\/\/www.casaldelsinfants.org\/es\/#website","url":"https:\/\/www.casaldelsinfants.org\/es\/","name":"Casal dels Infants","description":"","publisher":{"@id":"https:\/\/www.casaldelsinfants.org\/es\/#organization"},"potentialAction":[{"@type":"SearchAction","target":{"@type":"EntryPoint","urlTemplate":"https:\/\/www.casaldelsinfants.org\/es\/?s={search_term_string}"},"query-input":{"@type":"PropertyValueSpecification","valueRequired":true,"valueName":"search_term_string"}}],"inLanguage":"es"},{"@type":"Organization","@id":"https:\/\/www.casaldelsinfants.org\/es\/#organization","name":"Casal dels Infants","url":"https:\/\/www.casaldelsinfants.org\/es\/","logo":{"@type":"ImageObject","inLanguage":"es","@id":"https:\/\/www.casaldelsinfants.org\/es\/#\/schema\/logo\/image\/","url":"https:\/\/www.casaldelsinfants.org\/wp-content\/uploads\/logo-mail.png","contentUrl":"https:\/\/www.casaldelsinfants.org\/wp-content\/uploads\/logo-mail.png","width":380,"height":158,"caption":"Casal dels Infants"},"image":{"@id":"https:\/\/www.casaldelsinfants.org\/es\/#\/schema\/logo\/image\/"},"sameAs":["https:\/\/www.facebook.com\/casalinfants","https:\/\/x.com\/casalinfants","https:\/\/www.youtube.com\/user\/CasaldelsInfants1","https:\/\/www.instagram.com\/casalinfants\/","https:\/\/www.linkedin.com\/company\/casaldelsinfants?trk=organization-update_share-update_actor-text"]},{"@type":"Person","@id":"https:\/\/www.casaldelsinfants.org\/es\/#\/schema\/person\/97707fc8c64900cf36891127dbf9fba8","name":"cdiAdmin","sameAs":["https:\/\/casaldelsinfants.org"]}]}},"publishpress_future_action":{"enabled":false,"date":"2026-05-07 15:19:09","action":"change-status","newStatus":"draft","terms":[],"taxonomy":"category","extraData":[]},"publishpress_future_workflow_manual_trigger":{"enabledWorkflows":[]},"_links":{"self":[{"href":"https:\/\/www.casaldelsinfants.org\/es\/wp-json\/wp\/v2\/posts\/4367","targetHints":{"allow":["GET"]}}],"collection":[{"href":"https:\/\/www.casaldelsinfants.org\/es\/wp-json\/wp\/v2\/posts"}],"about":[{"href":"https:\/\/www.casaldelsinfants.org\/es\/wp-json\/wp\/v2\/types\/post"}],"author":[{"embeddable":true,"href":"https:\/\/www.casaldelsinfants.org\/es\/wp-json\/wp\/v2\/users\/1"}],"replies":[{"embeddable":true,"href":"https:\/\/www.casaldelsinfants.org\/es\/wp-json\/wp\/v2\/comments?post=4367"}],"version-history":[{"count":1,"href":"https:\/\/www.casaldelsinfants.org\/es\/wp-json\/wp\/v2\/posts\/4367\/revisions"}],"predecessor-version":[{"id":6324,"href":"https:\/\/www.casaldelsinfants.org\/es\/wp-json\/wp\/v2\/posts\/4367\/revisions\/6324"}],"wp:attachment":[{"href":"https:\/\/www.casaldelsinfants.org\/es\/wp-json\/wp\/v2\/media?parent=4367"}],"wp:term":[{"taxonomy":"category","embeddable":true,"href":"https:\/\/www.casaldelsinfants.org\/es\/wp-json\/wp\/v2\/categories?post=4367"},{"taxonomy":"post_tag","embeddable":true,"href":"https:\/\/www.casaldelsinfants.org\/es\/wp-json\/wp\/v2\/tags?post=4367"},{"taxonomy":"seus","embeddable":true,"href":"https:\/\/www.casaldelsinfants.org\/es\/wp-json\/wp\/v2\/seus?post=4367"},{"taxonomy":"eixos","embeddable":true,"href":"https:\/\/www.casaldelsinfants.org\/es\/wp-json\/wp\/v2\/eixos?post=4367"}],"curies":[{"name":"wp","href":"https:\/\/api.w.org\/{rel}","templated":true}]}}