{"id":4369,"date":"2020-04-30T12:49:34","date_gmt":"2020-04-30T10:49:34","guid":{"rendered":"https:\/\/casal.puntzero.cat\/noticies\/irene-ramos-ens-hem-apropat-molt-les-families-i-elles-dediquen-mes-espais-les-activitats\/"},"modified":"2023-05-01T17:51:25","modified_gmt":"2023-05-01T15:51:25","slug":"irene-ramos-ens-hem-apropat-molt-les-families-i-elles-dediquen-mes-espais-les-activitats","status":"publish","type":"post","link":"https:\/\/www.casaldelsinfants.org\/es\/actualidad\/irene-ramos-acercamiento-familias-actividades-hijos\/","title":{"rendered":"Irene Ramos: \u201cNos hemos acercado mucho a las familias, y ellas dedican m\u00e1s espacios a las actividades con sus hijos e hijas"},"content":{"rendered":"<p class=\"verd\"><strong><span style=\"color:#000000;\">Para alguien que no lo sepa: \u00bfqu\u00e9 acompa\u00f1amiento ofrec\u00e9is en Vincles y al grupo de peque\u00f1os del centro abierto, donde eres educadora?\u00a0<\/span><\/strong><\/p>\n<p><span style=\"color:#000000;\">Vincles es un proyecto maternoinfantil en el que trabajamos con madres, ni\u00f1os y ni\u00f1as de 0 a 3 a\u00f1os, y nuestra intervenci\u00f3n diaria es ofrecer actividades compartidas para las madres y los hijos, para que creen red, refuercen su v\u00ednculo, adquieran lenguaje y ganen una serie de habilidades y competencias que les ayudan a mejorar la relaci\u00f3n con sus hijos. En el caso de los Peque\u00f1os, que es el grupo de centro abierto de 3 a 5 a\u00f1os, nuestra intervenci\u00f3n se basa b\u00e1sicamente en los ni\u00f1os y ni\u00f1as, en ofrecerles actividades socioeducativas durante las tardes, pero tambi\u00e9n en gran parte en la implicaci\u00f3n de las familias, que forman parte del cotidiano de estos ni\u00f1os y ni\u00f1as.<\/span><\/p>\n<p class=\"pregunta-entrevista\">\u00a0<\/p>\n<p class=\"pregunta-entrevista\"><meta charset=\"utf-8\" \/><\/p>\n<p dir=\"ltr\"><strong><span style=\"color:#000000;\">\u00bfC\u00f3mo se ha visto alterada esta rutina con el confinamiento?\u00a0<\/span><\/strong><\/p>\n<p dir=\"ltr\"><span style=\"color:#000000;\">Con el tema del confinamiento, toda esta actividad se ha parado, y ahora, sobretodo, a trav\u00e9s de los m\u00f3viles que nos facilitaron, nuestra v\u00eda de comunicaci\u00f3n con las familias y los ni\u00f1os y ni\u00f1as es el tel\u00e9fono. Desde el primer momento les hemos informado de que est\u00e1bamos aqu\u00ed, que, aunque los locales del Casal cerrasen, nosotros segu\u00edamos trabajando, que ten\u00edamos un tel\u00e9fono de contacto y har\u00edamos un seguimiento con ellas para ver c\u00f3mo estaban y qu\u00e9 situaci\u00f3n ten\u00edan.\u00a0<\/span><\/p>\n<p dir=\"ltr\"><strong><span style=\"color:#000000;\">Y a ra\u00edz de estas llamadas, \u00bfqu\u00e9 situaciones hab\u00e9is detectado en las familias que acompa\u00f1\u00e1is?\u00a0<\/span><\/strong><\/p>\n<p dir=\"ltr\"><span style=\"color:#000000;\">Nos hemos dado cuenta de que hab\u00eda familias que m\u00e1s o menos iban tirando, en su d\u00eda a d\u00eda, con su trabajo, su econom\u00eda sumergida, sus ingresos, pudiendo pagar sus alquileres, los gastos de la casa\u2026 \u00bfY qu\u00e9 ha pasado? Que con el confinamiento su actividad econ\u00f3mica se ha parado y nos hemos encontrado con familias que de un d\u00eda para otro se han quedado con cero ingresos. Y, sobretodo, estas familias que trabajaban sin contrato, sin ayudas. Estas familias han sido nuestra prioridad. No ten\u00edan ning\u00fan tipo de referencia por parte de servicios sociales, porque, m\u00e1s o menos, iban tirando. <\/span><\/p>\n<div class=\"video-embed-field-responsive-video form-group\"><iframe loading=\"lazy\" width=\"854\" height=\"480\" frameborder=\"0\" allowfullscreen=\"allowfullscreen\" src=\"https:\/\/www.youtube.com\/embed\/OWywxS0H5oQ?autoplay=0&amp;start=0&amp;rel=0\"><\/iframe>\n<\/div>\n<p class=\"pregunta-entrevista\">\u00a0<\/p>\n<p class=\"pregunta-entrevista\">\u00a0<\/p>\n<p class=\"pregunta-entrevista\"><strong><meta charset=\"utf-8\" \/><\/strong><\/p>\n<p dir=\"ltr\"><strong><strong><span style=\"color:#000000;\">Ante estas situaciones de emergencia, \u00bfqu\u00e9 respuesta hemos podido dar desde el Casal dels Infants?\u00a0<\/span><\/strong><\/strong><\/p>\n<p dir=\"ltr\">\u00a0<\/p>\n<p dir=\"ltr\"><span style=\"color:#000000;\">Ante estas situaciones que nos hemos ido encontrando, desde el Casal se han ofrecido distintas ayudas. Una de ellas han sido los kits educativos, con material escolar, manualidades y juguetes, para esas familias con hijos e hijas que se han encontrado que en casa no ten\u00edan nada de eso. Se ha ayudado a repartir las tarjetas, porque servicios sociales o la administraci\u00f3n no dan abasto. Tambi\u00e9n se ha podido ayudar, en algunos casos, a nivel econ\u00f3mico a las familias que m\u00e1s lo necesitaban. De cara a los ni\u00f1os y ni\u00f1as que van a la escuela y a los adolescentes, en Badalona se han repartido algunas de las 65 tables dadas por Amazon entre esos j\u00f3venes y adolescentes que no ten\u00edan ninguna herramienta para poder seguir el ritmo de la escuela o conectarse con nosotros porque no ten\u00edan estos dispositivos. Porque s\u00ed que nos hemos encontrado con muchas familias que, a nivel de medios tecnol\u00f3gicos o acceso a internet, no lo ten\u00edan. Desde el Casal hemos podido ayudar. No a todos, pero s\u00ed a bastantes familias. <\/span><\/p>\n<div class=\"video-embed-field-responsive-video form-group\"><iframe loading=\"lazy\" width=\"854\" height=\"480\" frameborder=\"0\" allowfullscreen=\"allowfullscreen\" src=\"https:\/\/www.youtube.com\/embed\/fA5_t4trxvw?autoplay=0&amp;start=0&amp;rel=0\"><\/iframe>\n<\/div>\n<p class=\"pregunta-entrevista\">\u00a0<\/p>\n<p class=\"pregunta-entrevista\"><meta charset=\"utf-8\" \/><\/p>\n<p dir=\"ltr\"><strong><span style=\"color:#000000;\">\u00bfC\u00f3mo hab\u00e9is adaptado las actividades cotidianas durante el confinamiento?<\/span><\/strong><\/p>\n<p dir=\"ltr\"><span style=\"color:#000000;\">En un primer momento, desde los diferentes servicios, tanto Vincles como centro abierto, creamos blogs con actividades para que las familias se pudieran conectar, envi\u00e1bamos v\u00eddeos, links\u2026 Pero luego vimos que faltaba m\u00e1s este contacto y esa relaci\u00f3n m\u00e1s directa. Desde hace dos semanas, hemos empezado a realizar actividades en directo con los ni\u00f1os y ni\u00f1as y las familias, para que se conecten, para que nos vean, para poder preguntar \u201cqu\u00e9 tal\u201d&#8230; Nos estamos colando en sus casas, ellos se cuelan en la nuestra\u2026 Una vez por semana, con el grupo de 3 a 5 a\u00f1os nos conectamos y un d\u00eda hacemos actividades deportivas, otro manualidades\u2026 Y tambi\u00e9n hemos creado el caf\u00e9 con las familias, porque, a ra\u00edz de los directos con los ni\u00f1os y ni\u00f1as, s\u00ed que ve\u00edamos que las fam\u00edlias ten\u00edan mucha necesidad de hablar, de charlar entre ellas, de preguntarnos, de contar\u2026 y a veces colapsaban un poco el espacio para los ni\u00f1os y ni\u00f1as. Ahora estamos ofreciendo un espacio donde nos conectamos, resolvemos dudas, las familias hacen red, se ayudan\u2026 Damos mucha informaci\u00f3n, como si pueden o no salir a la calle. Nuestra prioridad ahora es sobretodo esto: continuar realizando un seguimiento telef\u00f3nico con las familias para ver c\u00f3mo est\u00e1n, tanto a nivel econ\u00f3mico como emocional. Muchas de ellas tienen poca red de apoyo y necesitan llamarte.<\/span><\/p>\n<div class=\"video-embed-field-responsive-video form-group\"><iframe loading=\"lazy\" width=\"854\" height=\"480\" frameborder=\"0\" allowfullscreen=\"allowfullscreen\" src=\"https:\/\/www.youtube.com\/embed\/RBjsoyGHAaA?autoplay=0&amp;start=0&amp;rel=0\"><\/iframe>\n<\/div>\n<p class=\"pregunta-entrevista\">\u00a0<\/p>\n<p class=\"pregunta-entrevista\"><meta charset=\"utf-8\" \/><\/p>\n<p dir=\"ltr\"><span style=\"color:#000000;\"><strong>\u00bfCrees que han sacado alguna cosa positiva los ni\u00f1os, ni\u00f1as y familias, de esta crisis?<\/strong><\/span><\/p>\n<p dir=\"ltr\"><span style=\"color:#000000;\">S\u00ed, que muchos padres y madres est\u00e1n buscando espacios para realizar actividades compartidas con sus hijos que hasta ahora no hac\u00edan. Est\u00e1n haciendo manualidades, cocinando, haciendo pasteles, galletas, pan, ejercicio\u2026 Y quiz\u00e1s antes, en su d\u00eda a d\u00eda, estos espacios no los ten\u00edan, porque era llegar a casa, ducharse y a dormir\u2026 Como mucho, el fin de semana sal\u00edan al parque. Muchas lo dicen: \u201cAntes esto no lo hac\u00edamos y ahora lo estamos haciendo\u201d. Y est\u00e1n creando, con el poco material que tienen en casa: hacen manualidades, aprovechan material reciclable\u2026 Nosotras, como educadoras, parece mentira, pero a trav\u00e9s del m\u00f3vil y de internet nos estamos acercando mucho a nuestras familias, y ellas a nosotras. Nos preocupamos por ellas, y ellas por nosotras. A mi me llaman, y cuando no contesto un WhatsApp me dicen: \u201c\u00bfPero qu\u00e9 te ha pasado Irene? \u00bfEst\u00e1s bien?\u201d Como para muchas eres la \u00fanica v\u00eda de conexi\u00f3n con el exterior, se crea una red y un v\u00ednculo que es bonito. Esperamos que esto contin\u00fae una vez podamos volver a la actividad normal.<\/span><\/p>\n<div class=\"video-embed-field-responsive-video form-group\"><iframe loading=\"lazy\" width=\"854\" height=\"480\" frameborder=\"0\" allowfullscreen=\"allowfullscreen\" src=\"https:\/\/www.youtube.com\/embed\/r5d783LPO-g?autoplay=0&amp;start=0&amp;rel=0\"><\/iframe>\n<\/div>\n","protected":false},"excerpt":{"rendered":"<p class=\"text-align-center\">\u00a0<\/p>\n<p class=\"text-align-center\"><u>Irene Ramos, educadora de Vincles y del grupo de peque\u00f1os del centro abierto de Llefi\u00e0<\/u><\/p>\n<p class=\"text-align-center\">\u00a0<\/p>\n<p class=\"text-align-center\">El confinamiento ha agravado de manera s\u00fabita la situaci\u00f3n de muchas familias, para las cuales desde el Casal dels Infants tratamos de movilizar todos los apoyos posibles, en coordinaci\u00f3n con las administraciones y las redes de solidaridad. La brecha de las desigualdades estructurales del sistema se hace m\u00e1s grande. A pesar de la angustia, Irene Ramos explica c\u00f3mo las familias est\u00e1n fortaleciendo \u00a0la relaci\u00f3n de apoyo m\u00fatuo entre ellas y generando nuevos espacios de relaci\u00f3n con sus hijos e hijas.<\/p>\n","protected":false},"author":1,"featured_media":3231,"comment_status":"open","ping_status":"open","sticky":false,"template":"","format":"standard","meta":{"_acf_changed":false,"_et_pb_use_builder":"","_et_pb_old_content":"","_et_gb_content_width":"","inline_featured_image":false,"footnotes":""},"categories":[127],"tags":[],"seus":[15],"eixos":[107],"class_list":["post-4369","post","type-post","status-publish","format-standard","has-post-thumbnail","hentry","category-entrevista","seus-badalona","eixos-pequena-infancia"],"acf":[],"yoast_head":"<!-- This site is optimized with the Yoast SEO plugin v27.4 - https:\/\/yoast.com\/product\/yoast-seo-wordpress\/ -->\n<title>Irene Ramos: \u201cNos hemos acercado mucho a las familias, y ellas dedican m\u00e1s espacios a las actividades con sus hijos e hijas - Casal dels Infants<\/title>\n<meta name=\"robots\" content=\"index, follow, max-snippet:-1, max-image-preview:large, max-video-preview:-1\" \/>\n<link rel=\"canonical\" href=\"https:\/\/www.casaldelsinfants.org\/es\/actualidad\/irene-ramos-acercamiento-familias-actividades-hijos\/\" \/>\n<meta property=\"og:locale\" content=\"es_ES\" \/>\n<meta property=\"og:type\" content=\"article\" \/>\n<meta property=\"og:title\" content=\"Irene Ramos: \u201cNos hemos acercado mucho a las familias, y ellas dedican m\u00e1s espacios a las actividades con sus hijos e hijas - Casal dels Infants\" \/>\n<meta property=\"og:description\" content=\"\u00a0 Irene Ramos, educadora de Vincles y del grupo de peque\u00f1os del centro abierto de Llefi\u00e0 \u00a0 El confinamiento ha agravado de manera s\u00fabita la situaci\u00f3n de muchas familias, para las cuales desde el Casal dels Infants tratamos de movilizar todos los apoyos posibles, en coordinaci\u00f3n con las administraciones y las redes de solidaridad. La brecha de las desigualdades estructurales del sistema se hace m\u00e1s grande. A pesar de la angustia, Irene Ramos explica c\u00f3mo las familias est\u00e1n fortaleciendo \u00a0la relaci\u00f3n de apoyo m\u00fatuo entre ellas y generando nuevos espacios de relaci\u00f3n con sus hijos e hijas.\" \/>\n<meta property=\"og:url\" content=\"https:\/\/www.casaldelsinfants.org\/es\/actualidad\/irene-ramos-acercamiento-familias-actividades-hijos\/\" \/>\n<meta property=\"og:site_name\" content=\"Casal dels Infants\" \/>\n<meta property=\"article:publisher\" content=\"https:\/\/www.facebook.com\/casalinfants\" \/>\n<meta property=\"article:published_time\" content=\"2020-04-30T10:49:34+00:00\" \/>\n<meta property=\"article:modified_time\" content=\"2023-05-01T15:51:25+00:00\" \/>\n<meta property=\"og:image\" content=\"https:\/\/www.casaldelsinfants.org\/wp-content\/uploads\/irene_ramos_cara.jpg\" \/>\n\t<meta property=\"og:image:width\" content=\"1280\" \/>\n\t<meta property=\"og:image:height\" content=\"720\" \/>\n\t<meta property=\"og:image:type\" content=\"image\/jpeg\" \/>\n<meta name=\"author\" content=\"cdiAdmin\" \/>\n<meta name=\"twitter:card\" content=\"summary_large_image\" \/>\n<meta name=\"twitter:creator\" content=\"@casalinfants\" \/>\n<meta name=\"twitter:site\" content=\"@casalinfants\" \/>\n<meta name=\"twitter:label1\" content=\"Escrito por\" \/>\n\t<meta name=\"twitter:data1\" content=\"cdiAdmin\" \/>\n\t<meta name=\"twitter:label2\" content=\"Tiempo de lectura\" \/>\n\t<meta name=\"twitter:data2\" content=\"5 minutos\" \/>\n<script type=\"application\/ld+json\" class=\"yoast-schema-graph\">{\"@context\":\"https:\\\/\\\/schema.org\",\"@graph\":[{\"@type\":\"Article\",\"@id\":\"https:\\\/\\\/www.casaldelsinfants.org\\\/es\\\/actualidad\\\/irene-ramos-acercamiento-familias-actividades-hijos\\\/#article\",\"isPartOf\":{\"@id\":\"https:\\\/\\\/www.casaldelsinfants.org\\\/es\\\/actualidad\\\/irene-ramos-acercamiento-familias-actividades-hijos\\\/\"},\"author\":{\"name\":\"cdiAdmin\",\"@id\":\"https:\\\/\\\/www.casaldelsinfants.org\\\/es\\\/#\\\/schema\\\/person\\\/97707fc8c64900cf36891127dbf9fba8\"},\"headline\":\"Irene Ramos: \u201cNos hemos acercado mucho a las familias, y ellas dedican m\u00e1s espacios a las actividades con sus hijos e hijas\",\"datePublished\":\"2020-04-30T10:49:34+00:00\",\"dateModified\":\"2023-05-01T15:51:25+00:00\",\"mainEntityOfPage\":{\"@id\":\"https:\\\/\\\/www.casaldelsinfants.org\\\/es\\\/actualidad\\\/irene-ramos-acercamiento-familias-actividades-hijos\\\/\"},\"wordCount\":1073,\"commentCount\":0,\"publisher\":{\"@id\":\"https:\\\/\\\/www.casaldelsinfants.org\\\/es\\\/#organization\"},\"image\":{\"@id\":\"https:\\\/\\\/www.casaldelsinfants.org\\\/es\\\/actualidad\\\/irene-ramos-acercamiento-familias-actividades-hijos\\\/#primaryimage\"},\"thumbnailUrl\":\"https:\\\/\\\/www.casaldelsinfants.org\\\/wp-content\\\/uploads\\\/irene_ramos_cara.jpg\",\"articleSection\":[\"Entrevista\"],\"inLanguage\":\"es\",\"potentialAction\":[{\"@type\":\"CommentAction\",\"name\":\"Comment\",\"target\":[\"https:\\\/\\\/www.casaldelsinfants.org\\\/es\\\/actualidad\\\/irene-ramos-acercamiento-familias-actividades-hijos\\\/#respond\"]}]},{\"@type\":\"WebPage\",\"@id\":\"https:\\\/\\\/www.casaldelsinfants.org\\\/es\\\/actualidad\\\/irene-ramos-acercamiento-familias-actividades-hijos\\\/\",\"url\":\"https:\\\/\\\/www.casaldelsinfants.org\\\/es\\\/actualidad\\\/irene-ramos-acercamiento-familias-actividades-hijos\\\/\",\"name\":\"Irene Ramos: \u201cNos hemos acercado mucho a las familias, y ellas dedican m\u00e1s espacios a las actividades con sus hijos e hijas - Casal dels Infants\",\"isPartOf\":{\"@id\":\"https:\\\/\\\/www.casaldelsinfants.org\\\/es\\\/#website\"},\"primaryImageOfPage\":{\"@id\":\"https:\\\/\\\/www.casaldelsinfants.org\\\/es\\\/actualidad\\\/irene-ramos-acercamiento-familias-actividades-hijos\\\/#primaryimage\"},\"image\":{\"@id\":\"https:\\\/\\\/www.casaldelsinfants.org\\\/es\\\/actualidad\\\/irene-ramos-acercamiento-familias-actividades-hijos\\\/#primaryimage\"},\"thumbnailUrl\":\"https:\\\/\\\/www.casaldelsinfants.org\\\/wp-content\\\/uploads\\\/irene_ramos_cara.jpg\",\"datePublished\":\"2020-04-30T10:49:34+00:00\",\"dateModified\":\"2023-05-01T15:51:25+00:00\",\"breadcrumb\":{\"@id\":\"https:\\\/\\\/www.casaldelsinfants.org\\\/es\\\/actualidad\\\/irene-ramos-acercamiento-familias-actividades-hijos\\\/#breadcrumb\"},\"inLanguage\":\"es\",\"potentialAction\":[{\"@type\":\"ReadAction\",\"target\":[\"https:\\\/\\\/www.casaldelsinfants.org\\\/es\\\/actualidad\\\/irene-ramos-acercamiento-familias-actividades-hijos\\\/\"]}]},{\"@type\":\"ImageObject\",\"inLanguage\":\"es\",\"@id\":\"https:\\\/\\\/www.casaldelsinfants.org\\\/es\\\/actualidad\\\/irene-ramos-acercamiento-familias-actividades-hijos\\\/#primaryimage\",\"url\":\"https:\\\/\\\/www.casaldelsinfants.org\\\/wp-content\\\/uploads\\\/irene_ramos_cara.jpg\",\"contentUrl\":\"https:\\\/\\\/www.casaldelsinfants.org\\\/wp-content\\\/uploads\\\/irene_ramos_cara.jpg\",\"width\":1280,\"height\":720,\"caption\":\"Irene Ramos: \u00abEns hem apropat molt a les fam\u00edlies, i elles dediquen m\u00e9s espais a les activitats amb els seus infants\u00bb\"},{\"@type\":\"BreadcrumbList\",\"@id\":\"https:\\\/\\\/www.casaldelsinfants.org\\\/es\\\/actualidad\\\/irene-ramos-acercamiento-familias-actividades-hijos\\\/#breadcrumb\",\"itemListElement\":[{\"@type\":\"ListItem\",\"position\":1,\"name\":\"Inici\",\"item\":\"https:\\\/\\\/www.casaldelsinfants.org\\\/es\\\/\"},{\"@type\":\"ListItem\",\"position\":2,\"name\":\"Irene Ramos: \u201cNos hemos acercado mucho a las familias, y ellas dedican m\u00e1s espacios a las actividades con sus hijos e hijas\"}]},{\"@type\":\"WebSite\",\"@id\":\"https:\\\/\\\/www.casaldelsinfants.org\\\/es\\\/#website\",\"url\":\"https:\\\/\\\/www.casaldelsinfants.org\\\/es\\\/\",\"name\":\"Casal dels Infants\",\"description\":\"\",\"publisher\":{\"@id\":\"https:\\\/\\\/www.casaldelsinfants.org\\\/es\\\/#organization\"},\"potentialAction\":[{\"@type\":\"SearchAction\",\"target\":{\"@type\":\"EntryPoint\",\"urlTemplate\":\"https:\\\/\\\/www.casaldelsinfants.org\\\/es\\\/?s={search_term_string}\"},\"query-input\":{\"@type\":\"PropertyValueSpecification\",\"valueRequired\":true,\"valueName\":\"search_term_string\"}}],\"inLanguage\":\"es\"},{\"@type\":\"Organization\",\"@id\":\"https:\\\/\\\/www.casaldelsinfants.org\\\/es\\\/#organization\",\"name\":\"Casal dels Infants\",\"url\":\"https:\\\/\\\/www.casaldelsinfants.org\\\/es\\\/\",\"logo\":{\"@type\":\"ImageObject\",\"inLanguage\":\"es\",\"@id\":\"https:\\\/\\\/www.casaldelsinfants.org\\\/es\\\/#\\\/schema\\\/logo\\\/image\\\/\",\"url\":\"https:\\\/\\\/www.casaldelsinfants.org\\\/wp-content\\\/uploads\\\/logo-mail.png\",\"contentUrl\":\"https:\\\/\\\/www.casaldelsinfants.org\\\/wp-content\\\/uploads\\\/logo-mail.png\",\"width\":380,\"height\":158,\"caption\":\"Casal dels Infants\"},\"image\":{\"@id\":\"https:\\\/\\\/www.casaldelsinfants.org\\\/es\\\/#\\\/schema\\\/logo\\\/image\\\/\"},\"sameAs\":[\"https:\\\/\\\/www.facebook.com\\\/casalinfants\",\"https:\\\/\\\/x.com\\\/casalinfants\",\"https:\\\/\\\/www.youtube.com\\\/user\\\/CasaldelsInfants1\",\"https:\\\/\\\/www.instagram.com\\\/casalinfants\\\/\",\"https:\\\/\\\/www.linkedin.com\\\/company\\\/casaldelsinfants?trk=organization-update_share-update_actor-text\"]},{\"@type\":\"Person\",\"@id\":\"https:\\\/\\\/www.casaldelsinfants.org\\\/es\\\/#\\\/schema\\\/person\\\/97707fc8c64900cf36891127dbf9fba8\",\"name\":\"cdiAdmin\",\"sameAs\":[\"https:\\\/\\\/casaldelsinfants.org\"]}]}<\/script>\n<!-- \/ Yoast SEO plugin. -->","yoast_head_json":{"title":"Irene Ramos: \u201cNos hemos acercado mucho a las familias, y ellas dedican m\u00e1s espacios a las actividades con sus hijos e hijas - Casal dels Infants","robots":{"index":"index","follow":"follow","max-snippet":"max-snippet:-1","max-image-preview":"max-image-preview:large","max-video-preview":"max-video-preview:-1"},"canonical":"https:\/\/www.casaldelsinfants.org\/es\/actualidad\/irene-ramos-acercamiento-familias-actividades-hijos\/","og_locale":"es_ES","og_type":"article","og_title":"Irene Ramos: \u201cNos hemos acercado mucho a las familias, y ellas dedican m\u00e1s espacios a las actividades con sus hijos e hijas - Casal dels Infants","og_description":"\u00a0 Irene Ramos, educadora de Vincles y del grupo de peque\u00f1os del centro abierto de Llefi\u00e0 \u00a0 El confinamiento ha agravado de manera s\u00fabita la situaci\u00f3n de muchas familias, para las cuales desde el Casal dels Infants tratamos de movilizar todos los apoyos posibles, en coordinaci\u00f3n con las administraciones y las redes de solidaridad. La brecha de las desigualdades estructurales del sistema se hace m\u00e1s grande. A pesar de la angustia, Irene Ramos explica c\u00f3mo las familias est\u00e1n fortaleciendo \u00a0la relaci\u00f3n de apoyo m\u00fatuo entre ellas y generando nuevos espacios de relaci\u00f3n con sus hijos e hijas.","og_url":"https:\/\/www.casaldelsinfants.org\/es\/actualidad\/irene-ramos-acercamiento-familias-actividades-hijos\/","og_site_name":"Casal dels Infants","article_publisher":"https:\/\/www.facebook.com\/casalinfants","article_published_time":"2020-04-30T10:49:34+00:00","article_modified_time":"2023-05-01T15:51:25+00:00","og_image":[{"width":1280,"height":720,"url":"https:\/\/www.casaldelsinfants.org\/wp-content\/uploads\/irene_ramos_cara.jpg","type":"image\/jpeg"}],"author":"cdiAdmin","twitter_card":"summary_large_image","twitter_creator":"@casalinfants","twitter_site":"@casalinfants","twitter_misc":{"Escrito por":"cdiAdmin","Tiempo de lectura":"5 minutos"},"schema":{"@context":"https:\/\/schema.org","@graph":[{"@type":"Article","@id":"https:\/\/www.casaldelsinfants.org\/es\/actualidad\/irene-ramos-acercamiento-familias-actividades-hijos\/#article","isPartOf":{"@id":"https:\/\/www.casaldelsinfants.org\/es\/actualidad\/irene-ramos-acercamiento-familias-actividades-hijos\/"},"author":{"name":"cdiAdmin","@id":"https:\/\/www.casaldelsinfants.org\/es\/#\/schema\/person\/97707fc8c64900cf36891127dbf9fba8"},"headline":"Irene Ramos: \u201cNos hemos acercado mucho a las familias, y ellas dedican m\u00e1s espacios a las actividades con sus hijos e hijas","datePublished":"2020-04-30T10:49:34+00:00","dateModified":"2023-05-01T15:51:25+00:00","mainEntityOfPage":{"@id":"https:\/\/www.casaldelsinfants.org\/es\/actualidad\/irene-ramos-acercamiento-familias-actividades-hijos\/"},"wordCount":1073,"commentCount":0,"publisher":{"@id":"https:\/\/www.casaldelsinfants.org\/es\/#organization"},"image":{"@id":"https:\/\/www.casaldelsinfants.org\/es\/actualidad\/irene-ramos-acercamiento-familias-actividades-hijos\/#primaryimage"},"thumbnailUrl":"https:\/\/www.casaldelsinfants.org\/wp-content\/uploads\/irene_ramos_cara.jpg","articleSection":["Entrevista"],"inLanguage":"es","potentialAction":[{"@type":"CommentAction","name":"Comment","target":["https:\/\/www.casaldelsinfants.org\/es\/actualidad\/irene-ramos-acercamiento-familias-actividades-hijos\/#respond"]}]},{"@type":"WebPage","@id":"https:\/\/www.casaldelsinfants.org\/es\/actualidad\/irene-ramos-acercamiento-familias-actividades-hijos\/","url":"https:\/\/www.casaldelsinfants.org\/es\/actualidad\/irene-ramos-acercamiento-familias-actividades-hijos\/","name":"Irene Ramos: \u201cNos hemos acercado mucho a las familias, y ellas dedican m\u00e1s espacios a las actividades con sus hijos e hijas - Casal dels Infants","isPartOf":{"@id":"https:\/\/www.casaldelsinfants.org\/es\/#website"},"primaryImageOfPage":{"@id":"https:\/\/www.casaldelsinfants.org\/es\/actualidad\/irene-ramos-acercamiento-familias-actividades-hijos\/#primaryimage"},"image":{"@id":"https:\/\/www.casaldelsinfants.org\/es\/actualidad\/irene-ramos-acercamiento-familias-actividades-hijos\/#primaryimage"},"thumbnailUrl":"https:\/\/www.casaldelsinfants.org\/wp-content\/uploads\/irene_ramos_cara.jpg","datePublished":"2020-04-30T10:49:34+00:00","dateModified":"2023-05-01T15:51:25+00:00","breadcrumb":{"@id":"https:\/\/www.casaldelsinfants.org\/es\/actualidad\/irene-ramos-acercamiento-familias-actividades-hijos\/#breadcrumb"},"inLanguage":"es","potentialAction":[{"@type":"ReadAction","target":["https:\/\/www.casaldelsinfants.org\/es\/actualidad\/irene-ramos-acercamiento-familias-actividades-hijos\/"]}]},{"@type":"ImageObject","inLanguage":"es","@id":"https:\/\/www.casaldelsinfants.org\/es\/actualidad\/irene-ramos-acercamiento-familias-actividades-hijos\/#primaryimage","url":"https:\/\/www.casaldelsinfants.org\/wp-content\/uploads\/irene_ramos_cara.jpg","contentUrl":"https:\/\/www.casaldelsinfants.org\/wp-content\/uploads\/irene_ramos_cara.jpg","width":1280,"height":720,"caption":"Irene Ramos: \u00abEns hem apropat molt a les fam\u00edlies, i elles dediquen m\u00e9s espais a les activitats amb els seus infants\u00bb"},{"@type":"BreadcrumbList","@id":"https:\/\/www.casaldelsinfants.org\/es\/actualidad\/irene-ramos-acercamiento-familias-actividades-hijos\/#breadcrumb","itemListElement":[{"@type":"ListItem","position":1,"name":"Inici","item":"https:\/\/www.casaldelsinfants.org\/es\/"},{"@type":"ListItem","position":2,"name":"Irene Ramos: \u201cNos hemos acercado mucho a las familias, y ellas dedican m\u00e1s espacios a las actividades con sus hijos e hijas"}]},{"@type":"WebSite","@id":"https:\/\/www.casaldelsinfants.org\/es\/#website","url":"https:\/\/www.casaldelsinfants.org\/es\/","name":"Casal dels Infants","description":"","publisher":{"@id":"https:\/\/www.casaldelsinfants.org\/es\/#organization"},"potentialAction":[{"@type":"SearchAction","target":{"@type":"EntryPoint","urlTemplate":"https:\/\/www.casaldelsinfants.org\/es\/?s={search_term_string}"},"query-input":{"@type":"PropertyValueSpecification","valueRequired":true,"valueName":"search_term_string"}}],"inLanguage":"es"},{"@type":"Organization","@id":"https:\/\/www.casaldelsinfants.org\/es\/#organization","name":"Casal dels Infants","url":"https:\/\/www.casaldelsinfants.org\/es\/","logo":{"@type":"ImageObject","inLanguage":"es","@id":"https:\/\/www.casaldelsinfants.org\/es\/#\/schema\/logo\/image\/","url":"https:\/\/www.casaldelsinfants.org\/wp-content\/uploads\/logo-mail.png","contentUrl":"https:\/\/www.casaldelsinfants.org\/wp-content\/uploads\/logo-mail.png","width":380,"height":158,"caption":"Casal dels Infants"},"image":{"@id":"https:\/\/www.casaldelsinfants.org\/es\/#\/schema\/logo\/image\/"},"sameAs":["https:\/\/www.facebook.com\/casalinfants","https:\/\/x.com\/casalinfants","https:\/\/www.youtube.com\/user\/CasaldelsInfants1","https:\/\/www.instagram.com\/casalinfants\/","https:\/\/www.linkedin.com\/company\/casaldelsinfants?trk=organization-update_share-update_actor-text"]},{"@type":"Person","@id":"https:\/\/www.casaldelsinfants.org\/es\/#\/schema\/person\/97707fc8c64900cf36891127dbf9fba8","name":"cdiAdmin","sameAs":["https:\/\/casaldelsinfants.org"]}]}},"publishpress_future_action":{"enabled":false,"date":"2026-05-07 15:19:58","action":"change-status","newStatus":"draft","terms":[],"taxonomy":"category","extraData":[]},"publishpress_future_workflow_manual_trigger":{"enabledWorkflows":[]},"_links":{"self":[{"href":"https:\/\/www.casaldelsinfants.org\/es\/wp-json\/wp\/v2\/posts\/4369","targetHints":{"allow":["GET"]}}],"collection":[{"href":"https:\/\/www.casaldelsinfants.org\/es\/wp-json\/wp\/v2\/posts"}],"about":[{"href":"https:\/\/www.casaldelsinfants.org\/es\/wp-json\/wp\/v2\/types\/post"}],"author":[{"embeddable":true,"href":"https:\/\/www.casaldelsinfants.org\/es\/wp-json\/wp\/v2\/users\/1"}],"replies":[{"embeddable":true,"href":"https:\/\/www.casaldelsinfants.org\/es\/wp-json\/wp\/v2\/comments?post=4369"}],"version-history":[{"count":1,"href":"https:\/\/www.casaldelsinfants.org\/es\/wp-json\/wp\/v2\/posts\/4369\/revisions"}],"predecessor-version":[{"id":6325,"href":"https:\/\/www.casaldelsinfants.org\/es\/wp-json\/wp\/v2\/posts\/4369\/revisions\/6325"}],"wp:featuredmedia":[{"embeddable":true,"href":"https:\/\/www.casaldelsinfants.org\/es\/wp-json\/wp\/v2\/media\/3231"}],"wp:attachment":[{"href":"https:\/\/www.casaldelsinfants.org\/es\/wp-json\/wp\/v2\/media?parent=4369"}],"wp:term":[{"taxonomy":"category","embeddable":true,"href":"https:\/\/www.casaldelsinfants.org\/es\/wp-json\/wp\/v2\/categories?post=4369"},{"taxonomy":"post_tag","embeddable":true,"href":"https:\/\/www.casaldelsinfants.org\/es\/wp-json\/wp\/v2\/tags?post=4369"},{"taxonomy":"seus","embeddable":true,"href":"https:\/\/www.casaldelsinfants.org\/es\/wp-json\/wp\/v2\/seus?post=4369"},{"taxonomy":"eixos","embeddable":true,"href":"https:\/\/www.casaldelsinfants.org\/es\/wp-json\/wp\/v2\/eixos?post=4369"}],"curies":[{"name":"wp","href":"https:\/\/api.w.org\/{rel}","templated":true}]}}