{"id":4371,"date":"2020-04-23T10:16:55","date_gmt":"2020-04-23T08:16:55","guid":{"rendered":"https:\/\/casal.puntzero.cat\/noticies\/com-viu-lequip-educatiu-del-nostre-centre-obert-del-raval-la-situacio-de-confinament-de\/"},"modified":"2023-05-01T17:51:41","modified_gmt":"2023-05-01T15:51:41","slug":"com-viu-lequip-educatiu-del-nostre-centre-obert-del-raval-la-situacio-de-confinament-de","status":"publish","type":"post","link":"https:\/\/www.casaldelsinfants.org\/es\/actualidad\/equipo-educativo-centro-abierto-raval-situacion-confinamiento\/","title":{"rendered":"\u00bfC\u00f3mo vive el equipo educativo de nuestro centro abierto del Raval la situaci\u00f3n de confinamiento de las familias?"},"content":{"rendered":"<p align=\"justify\" class=\"western\" style=\"margin-bottom:0cm; text-align:left\"><span style=\"color:#000000;\"><span style=\"font-size:11pt\"><span style=\"line-height:115%\"><span style=\"font-family:Arial,serif\">Estos d\u00edas estamos viviendo una situaci\u00f3n excepcional, nueva en muchos aspectos, llena de incertidumbre pero tambi\u00e9n de oportunidades. Y es f\u00e1cil decirse \u201cahora que estoy en casa podr\u00eda empezar a hacer todo aquello que he ido aparcando durante los a\u00f1os: volver a tocar la guitarra, aprender un idioma nuevo, escribir y leer mucho&#8230;\u201d. Pero, pese al intento constante de mantenernos con el \u00e1nimo alto, con buena actitud, es imposible no pensar en todas aquellas personas cuyo objetivo durante el confinamiento es sobrevivir.<\/span><\/span><\/span><\/span><\/p>\n<p align=\"justify\" class=\"western\" style=\"margin-bottom:0cm; text-align:left\"><span style=\"color:#000000;\"><span style=\"font-size:11pt\"><span style=\"line-height:115%\"><span style=\"font-family:Arial,serif\">Y no, nadie se esperaba este desenlace de confinamiento, pero ellas tampoco se imaginaban la situaci\u00f3n en la que se encuentran ahora a causa del par\u00f3n general. Sabemos que es necesaria, pero a la vez est\u00e1 acentuando la precariedad. Muchas hab\u00edan conseguido a base de esfuerzo mantenerse a un nivel que les permita respirar m\u00ednimamente.<\/span><\/span><\/span><\/span><\/p>\n<p align=\"justify\" class=\"western\" style=\"margin-bottom:0cm; text-align:left\"><span style=\"color:#000000;\"><span style=\"font-size:11pt\"><span style=\"line-height:115%\"><span style=\"font-family:Arial,serif\">Muchas familias que no estaban en un riesgo extremo porque estaban en un proceso de inserci\u00f3n sociolaboral, pero que todav\u00eda acompa\u00f1\u00e1bamos para hacerles un seguimiento, actualmente han perdido sus trabajos. En este sentido, nos encontramos ante muchos casos en los que las empresas no pueden o no saben c\u00f3mo justificar los despidos, y las familias desconocen cu\u00e1l es su situaci\u00f3n: no saben si les han hecho un despido definitivo, un ERTO o si est\u00e1n haciendo las vacaciones que les corresponden. Es indignante. Las familias no saben si cobrar\u00e1n a final de mes, ni qu\u00e9 cantidad. \u00bfC\u00f3mo pagar\u00e1n sus alquileres? \u00bfY la comida? \u00bfY si no disponen de ayudas porque estaban trabajando antes del Covid-10 y no necesitaban la Renta Garantizada o otros tipos de ayudas? \u00bfO si directamente no estaban dadas de alta en la Seguridad Social?<\/span><\/span><\/span><\/span><\/p>\n<p align=\"justify\" class=\"western\" style=\"margin-bottom:0cm; text-align:left\"><span style=\"color:#000000;\"><span style=\"font-size:11pt\"><span style=\"line-height:115%\"><span style=\"font-family:Arial,serif\">Familias que sabemos que est\u00e1n viviendo con su maltratador, contextos familiares de violencia que afectan directamente al desarrollo de los ni\u00f1os, ni\u00f1as y adolescentes; condiciones de vivienda que no permiten vivir nada que se parezca a un confinamiento id\u00edlico, porque no, en muchos casos no tienen ni balc\u00f3n, e incluso muchas viven en una sola habitaci\u00f3n. <\/span><\/span><\/span><\/span><\/p>\n<p align=\"justify\" class=\"western\" style=\"margin-bottom:0cm; text-align:left\"><span style=\"color:#000000;\"><span style=\"font-size:11pt\"><span style=\"line-height:115%\"><span style=\"font-family:Arial,serif\">Y el tiempo\u2026 Tener tiempo tambi\u00e9n hace pensar, y pensar a veces aporta soluciones pero a veces tambi\u00e9n aporta realidad. Una realidad realmente angustiante.<\/span><\/span><\/span><\/span><\/p>\n<p align=\"justify\" class=\"western\" style=\"margin-bottom:0cm; text-align:left\"><span style=\"color:#000000;\"><span style=\"font-size:11pt\"><span style=\"line-height:115%\"><span style=\"font-family:Arial,serif\">No sabemos si escribimos esto para obtener una respuesta, pero s\u00ed que lo escribimos a modo de denuncia. \u00a1Estas situaciones est\u00e1n presentes SIEMPRE! \u00a1En la actualidad se ven AGRAVADAS ENORMEMENTE! \u00a1El confinamiento NO ES BONITO en muchas casas! Tener nacionalidad espa\u00f1ola, tener un contrato de trabajo en condiciones, tener una vivienda digna, tener ingresos econ\u00f3micos asegurados, tener balc\u00f3n, jard\u00edn o terrza y que te toque el sol estando dentro de casa\u2026 TODO ESTO SON PRIVILEGIOS Y NO DEBER\u00cdAN SERLO.<\/span><\/span><\/span><\/span><\/p>\n<p align=\"justify\" class=\"western\" style=\"margin-bottom:0cm; text-align:left\"><span style=\"color:#000000;\"><span style=\"font-size:11pt\"><span style=\"line-height:115%\"><span style=\"page-break-inside:auto\"><span style=\"orphans:2\"><span style=\"widows:2\"><span style=\"page-break-after:avoid\"><span style=\"font-family:Arial,serif\">Estos d\u00edas es muy complicado gestionar las emociones y los sentimientos hacia nuestro trabajo. Como educadores de centro abierto, estamos haciendo realmente todo lo que podemos, aunque por mala suerte nunca sea suficiente. Antes, con una sonrisa, un abrazo, un post-it o una simple pregunta de \u201c\u00bfc\u00f3mo ha ido la tarde? Todo se hac\u00eda mucho m\u00e1s f\u00e1cil. Y ahora, esto no lo tenemos.<\/span><\/span><\/span><\/span><\/span><\/span><\/span><\/span><\/p>\n<p align=\"justify\" class=\"western\" style=\"margin-bottom:0cm; text-align:left\"><span style=\"color:#000000;\"><span style=\"font-size:11pt\"><span style=\"line-height:115%\"><span style=\"orphans:2\"><span style=\"widows:2\"><span style=\"font-family:Arial,serif\">No se tiene en cuenta la carga emocional que comparta ser educadora social y todav\u00eda menos en estos d\u00edas en los que no podemos tener, como antes, el apoyo de nuestras compa\u00f1eras. Por suerte, encontramos estrategias para sentirnos cerca y apoyarnos, tanto a nivel personal como a nivel profesional. Muchos pensamientos nos vienen a la cabeza diariamente, y pensamos en los dem\u00e1s: \u201c\u00bfc\u00f3mo estar\u00e1n?\u201d, \u201c\u00bfc\u00f3mo se las apa\u00f1ar\u00e1n?\u201d, \u201c\u00bfestoy bien?\u201d.<\/span><\/span><\/span><\/span><\/span><\/span><\/p>\n<p align=\"justify\" class=\"western\" style=\"margin-bottom:0cm; text-align:left\"><span style=\"color:#000000;\"><span style=\"font-size:11pt\"><span style=\"line-height:115%\"><span style=\"orphans:2\"><span style=\"widows:2\"><span style=\"font-family:Arial,serif\">Con el deseo de compartir, nos ayudamos para poder ayudar. La acci\u00f3n muchas veces se ve oprimida por los miedos y las dudas. Desde nuestra posici\u00f3n tenemos que tomar decisiones dif\u00edciles, y lo primero que tenemos que hacer es respirar, pensar mejor y accionar todos los recursos que tenemos. Todo para que pueda llegar una peque\u00f1a parte de lo que nos gustar\u00eda, siendo nuestra aportaci\u00f3n una llamada, un \u201chola\u201d y un \u201cc\u00f3mo est\u00e1s\u201d.<\/span><\/span><\/span><\/span><\/span><\/span><\/p>\n<p align=\"justify\" class=\"western\" style=\"margin-bottom:0cm; text-align:left\"><span style=\"color:#000000;\"><span style=\"font-size:11pt\"><span style=\"line-height:115%\"><span style=\"orphans:2\"><span style=\"widows:2\"><span style=\"font-family:Arial,serif\">Y sus agradecimientos, sin parar. Millones de \u201cgracias\u201d por los recursos, pero sobre todo, por estas llamadas, por preguntar c\u00f3mo est\u00e1n y c\u00f3mo se sienten. Y nosotras, que nos quedamos sin saber qu\u00e9 decir ante los agradecimientos, y que nos vienen ganas de llorar con solo pensar que no se tendr\u00eda que agradecer nada cuando lo que falta es justicia social.<\/span><\/span><\/span><\/span><\/span><\/span><\/p>\n<p align=\"justify\" class=\"western\" style=\"margin-bottom:0cm; text-align:left\"><span style=\"color:#000000;\"><span style=\"font-size:11pt\"><span style=\"line-height:115%\"><span style=\"orphans:2\"><span style=\"widows:2\"><span style=\"font-family:Arial,serif\">Porque\u2026<\/span><\/span><\/span><\/span><\/span><\/span><\/p>\n<p align=\"justify\" class=\"western\" lang=\"es-ES\" style=\"margin-bottom:0cm; text-align:left\" xml_lang=\"es-ES\"><em><span style=\"color:#000000;\"><span style=\"font-size:11pt\"><span style=\"line-height:115%\"><span style=\"orphans:2\"><span style=\"widows:2\"><span style=\"font-family:Arial,serif\">Ahora que se ci\u00f1en las sogas de la realidad,<\/span><\/span><\/span><\/span><\/span><\/span><\/em><\/p>\n<p align=\"justify\" class=\"western\" lang=\"es-ES\" style=\"margin-bottom:0cm; text-align:left\" xml_lang=\"es-ES\"><em><span style=\"color:#000000;\"><span style=\"font-size:11pt\"><span style=\"line-height:115%\"><span style=\"orphans:2\"><span style=\"widows:2\"><span style=\"font-family:Arial,serif\">Ahora que el camino resbala m\u00e1s que nunca,<\/span><\/span><\/span><\/span><\/span><\/span><\/em><\/p>\n<p align=\"justify\" class=\"western\" lang=\"es-ES\" style=\"margin-bottom:0cm; text-align:left\" xml_lang=\"es-ES\"><em><span style=\"color:#000000;\"><span style=\"font-size:11pt\"><span style=\"line-height:115%\"><span style=\"orphans:2\"><span style=\"widows:2\"><span style=\"font-family:Arial,serif\">Ahora que cada vez hay m\u00e1s \u00e1rboles delgados,<\/span><\/span><\/span><\/span><\/span><\/span><\/em><\/p>\n<p align=\"justify\" class=\"western\" lang=\"es-ES\" style=\"margin-bottom:0cm; text-align:left\" xml_lang=\"es-ES\"><em><span style=\"color:#000000;\"><span style=\"font-size:11pt\"><span style=\"line-height:115%\"><span style=\"orphans:2\"><span style=\"widows:2\"><span style=\"font-family:Arial,serif\">Ahora que la nieve se acumula sin parar y cada vez la bola se hace mas grande,<\/span><\/span><\/span><\/span><\/span><\/span><\/em><\/p>\n<p align=\"justify\" class=\"western\" lang=\"es-ES\" style=\"margin-bottom:0cm; text-align:left\" xml_lang=\"es-ES\">\u00a0<\/p>\n<p align=\"justify\" class=\"western\" lang=\"es-ES\" style=\"margin-bottom:0cm; text-align:left\" xml_lang=\"es-ES\"><em><span style=\"color:#000000;\"><span style=\"font-size:11pt\"><span style=\"line-height:115%\"><span style=\"orphans:2\"><span style=\"widows:2\"><span style=\"font-family:Arial,serif\">\u00bfSe puede saber qui\u00e9n saldr\u00e1 a detenerla?<\/span><\/span><\/span><\/span><\/span><\/span><\/em><\/p>\n<p align=\"justify\" class=\"western\" lang=\"es-ES\" style=\"margin-bottom:0cm; text-align:left\" xml_lang=\"es-ES\"><span style=\"color:#000000;\"><span style=\"font-size:11pt\"><span style=\"line-height:115%\"><span style=\"orphans:2\"><span style=\"widows:2\"><span style=\"font-family:Arial,serif\">Nosotras estamos aqu\u00ed, s\u00ed, pero est\u00e1 claro que solas no podemos generar el cambio que se necesita.<\/span><\/span><\/span><\/span><\/span><\/span><\/p>\n<p align=\"justify\" class=\"western\" lang=\"es-ES\" style=\"margin-bottom:0cm; text-align:left\" xml_lang=\"es-ES\"><span style=\"color:#000000;\"><span style=\"font-size:11pt\"><span style=\"line-height:115%\"><span style=\"orphans:2\"><span style=\"widows:2\"><span style=\"font-family:Arial,serif\">\u00bfQu\u00e9 podemos hacer para detener un sistema que oprime e impide salir de \u00e9l?<\/span><\/span><\/span><\/span><\/span><\/span><\/p>\n<p align=\"justify\" class=\"western\" lang=\"es-ES\" style=\"margin-bottom:0cm; text-align:left\" xml_lang=\"es-ES\"><span style=\"color:#000000;\"><span style=\"font-size:11pt\"><span style=\"line-height:115%\"><span style=\"orphans:2\"><span style=\"widows:2\"><span style=\"font-family:Arial,serif\">Ahora m\u00e1s que nunca, necesitamos una sociedad CONSCIENTE de las desigualdades y ORGANIZADA para enfrontarlas.<\/span><\/span><\/span><\/span><\/span><\/span><br \/>\n\u00a0<\/p>\n<blockquote>\n<p align=\"right\" class=\"western\" style=\"margin-bottom:0.28cm; text-align:left\"><span style=\"color:#000000;\"><span style=\"font-size:11pt\"><span style=\"line-height:115%\"><span style=\"font-family:Arial,serif\">EQUIPO DEL CENTRO ABIERTO DEL CASAL DELS INFANTS DEL BARRIO DEL RAVAL <\/span><\/span><\/span><\/span><\/p>\n<\/blockquote>\n","protected":false},"excerpt":{"rendered":"<p>Estos d\u00edas estamos viviendo una situaci\u00f3n excepcional, nueva en muchos aspectos, llena de incertidumbre pero tambi\u00e9n de oportunidades. Y es f\u00e1cil decirse \u201cahora que estoy en casa podr\u00eda empezar a hacer todo aquello que he ido aparcando durante los a\u00f1os: volver a tocar la guitarra, aprender un idioma nuevo, escribir y leer mucho&#8230;\u201d. Pero, pese [&hellip;]<\/p>\n","protected":false},"author":1,"featured_media":3237,"comment_status":"open","ping_status":"open","sticky":false,"template":"","format":"standard","meta":{"_acf_changed":false,"_et_pb_use_builder":"","_et_pb_old_content":"","_et_gb_content_width":"","inline_featured_image":false,"footnotes":""},"categories":[125],"tags":[],"seus":[16],"eixos":[99],"class_list":["post-4371","post","type-post","status-publish","format-standard","has-post-thumbnail","hentry","category-noticias","seus-el-raval","eixos-infancia-y-adolescencia"],"acf":[],"yoast_head":"<!-- This site is optimized with the Yoast SEO plugin v27.4 - https:\/\/yoast.com\/product\/yoast-seo-wordpress\/ -->\n<title>\u00bfC\u00f3mo vive el equipo educativo de nuestro centro abierto del Raval la situaci\u00f3n de confinamiento de las familias?<\/title>\n<meta name=\"description\" content=\"Las educadoras y los educadores del centro abierto del Casal dels Infants del barrio del Raval explican c\u00f3mo est\u00e1n viviendo las familias el confinamiento y hacen una llamado para que la ciudadan\u00eda se organice para combatir las desigualdades.\" \/>\n<meta name=\"robots\" content=\"index, follow, max-snippet:-1, max-image-preview:large, max-video-preview:-1\" \/>\n<link rel=\"canonical\" href=\"https:\/\/www.casaldelsinfants.org\/es\/actualidad\/equipo-educativo-centro-abierto-raval-situacion-confinamiento\/\" \/>\n<meta property=\"og:locale\" content=\"es_ES\" \/>\n<meta property=\"og:type\" content=\"article\" \/>\n<meta property=\"og:title\" content=\"\u00bfC\u00f3mo vive el equipo educativo de nuestro centro abierto del Raval la situaci\u00f3n de confinamiento de las familias?\" \/>\n<meta property=\"og:description\" content=\"Las educadoras y los educadores del centro abierto del Casal dels Infants del barrio del Raval explican c\u00f3mo est\u00e1n viviendo las familias el confinamiento y hacen una llamado para que la ciudadan\u00eda se organice para combatir las desigualdades.\" \/>\n<meta property=\"og:url\" content=\"https:\/\/www.casaldelsinfants.org\/es\/actualidad\/equipo-educativo-centro-abierto-raval-situacion-confinamiento\/\" \/>\n<meta property=\"og:site_name\" content=\"Casal dels Infants\" \/>\n<meta property=\"article:publisher\" content=\"https:\/\/www.facebook.com\/casalinfants\" \/>\n<meta property=\"article:published_time\" content=\"2020-04-23T08:16:55+00:00\" \/>\n<meta property=\"article:modified_time\" content=\"2023-05-01T15:51:41+00:00\" \/>\n<meta property=\"og:image\" content=\"https:\/\/www.casaldelsinfants.org\/wp-content\/uploads\/whatsapp_image_2020-04-22_at_18.40.57.jpeg\" \/>\n\t<meta property=\"og:image:width\" content=\"2016\" \/>\n\t<meta property=\"og:image:height\" content=\"1512\" \/>\n\t<meta property=\"og:image:type\" content=\"image\/jpeg\" \/>\n<meta name=\"author\" content=\"cdiAdmin\" \/>\n<meta name=\"twitter:card\" content=\"summary_large_image\" \/>\n<meta name=\"twitter:creator\" content=\"@casalinfants\" \/>\n<meta name=\"twitter:site\" content=\"@casalinfants\" \/>\n<meta name=\"twitter:label1\" content=\"Escrito por\" \/>\n\t<meta name=\"twitter:data1\" content=\"cdiAdmin\" \/>\n\t<meta name=\"twitter:label2\" content=\"Tiempo de lectura\" \/>\n\t<meta name=\"twitter:data2\" content=\"4 minutos\" \/>\n<script type=\"application\/ld+json\" class=\"yoast-schema-graph\">{\"@context\":\"https:\\\/\\\/schema.org\",\"@graph\":[{\"@type\":\"Article\",\"@id\":\"https:\\\/\\\/www.casaldelsinfants.org\\\/es\\\/actualidad\\\/equipo-educativo-centro-abierto-raval-situacion-confinamiento\\\/#article\",\"isPartOf\":{\"@id\":\"https:\\\/\\\/www.casaldelsinfants.org\\\/es\\\/actualidad\\\/equipo-educativo-centro-abierto-raval-situacion-confinamiento\\\/\"},\"author\":{\"name\":\"cdiAdmin\",\"@id\":\"https:\\\/\\\/www.casaldelsinfants.org\\\/es\\\/#\\\/schema\\\/person\\\/97707fc8c64900cf36891127dbf9fba8\"},\"headline\":\"\u00bfC\u00f3mo vive el equipo educativo de nuestro centro abierto del Raval la situaci\u00f3n de confinamiento de las familias?\",\"datePublished\":\"2020-04-23T08:16:55+00:00\",\"dateModified\":\"2023-05-01T15:51:41+00:00\",\"mainEntityOfPage\":{\"@id\":\"https:\\\/\\\/www.casaldelsinfants.org\\\/es\\\/actualidad\\\/equipo-educativo-centro-abierto-raval-situacion-confinamiento\\\/\"},\"wordCount\":893,\"commentCount\":0,\"publisher\":{\"@id\":\"https:\\\/\\\/www.casaldelsinfants.org\\\/es\\\/#organization\"},\"image\":{\"@id\":\"https:\\\/\\\/www.casaldelsinfants.org\\\/es\\\/actualidad\\\/equipo-educativo-centro-abierto-raval-situacion-confinamiento\\\/#primaryimage\"},\"thumbnailUrl\":\"https:\\\/\\\/www.casaldelsinfants.org\\\/wp-content\\\/uploads\\\/whatsapp_image_2020-04-22_at_18.40.57.jpeg\",\"articleSection\":[\"Noticia\"],\"inLanguage\":\"es\",\"potentialAction\":[{\"@type\":\"CommentAction\",\"name\":\"Comment\",\"target\":[\"https:\\\/\\\/www.casaldelsinfants.org\\\/es\\\/actualidad\\\/equipo-educativo-centro-abierto-raval-situacion-confinamiento\\\/#respond\"]}]},{\"@type\":\"WebPage\",\"@id\":\"https:\\\/\\\/www.casaldelsinfants.org\\\/es\\\/actualidad\\\/equipo-educativo-centro-abierto-raval-situacion-confinamiento\\\/\",\"url\":\"https:\\\/\\\/www.casaldelsinfants.org\\\/es\\\/actualidad\\\/equipo-educativo-centro-abierto-raval-situacion-confinamiento\\\/\",\"name\":\"\u00bfC\u00f3mo vive el equipo educativo de nuestro centro abierto del Raval la situaci\u00f3n de confinamiento de las familias?\",\"isPartOf\":{\"@id\":\"https:\\\/\\\/www.casaldelsinfants.org\\\/es\\\/#website\"},\"primaryImageOfPage\":{\"@id\":\"https:\\\/\\\/www.casaldelsinfants.org\\\/es\\\/actualidad\\\/equipo-educativo-centro-abierto-raval-situacion-confinamiento\\\/#primaryimage\"},\"image\":{\"@id\":\"https:\\\/\\\/www.casaldelsinfants.org\\\/es\\\/actualidad\\\/equipo-educativo-centro-abierto-raval-situacion-confinamiento\\\/#primaryimage\"},\"thumbnailUrl\":\"https:\\\/\\\/www.casaldelsinfants.org\\\/wp-content\\\/uploads\\\/whatsapp_image_2020-04-22_at_18.40.57.jpeg\",\"datePublished\":\"2020-04-23T08:16:55+00:00\",\"dateModified\":\"2023-05-01T15:51:41+00:00\",\"description\":\"Las educadoras y los educadores del centro abierto del Casal dels Infants del barrio del Raval explican c\u00f3mo est\u00e1n viviendo las familias el confinamiento y hacen una llamado para que la ciudadan\u00eda se organice para combatir las desigualdades.\",\"breadcrumb\":{\"@id\":\"https:\\\/\\\/www.casaldelsinfants.org\\\/es\\\/actualidad\\\/equipo-educativo-centro-abierto-raval-situacion-confinamiento\\\/#breadcrumb\"},\"inLanguage\":\"es\",\"potentialAction\":[{\"@type\":\"ReadAction\",\"target\":[\"https:\\\/\\\/www.casaldelsinfants.org\\\/es\\\/actualidad\\\/equipo-educativo-centro-abierto-raval-situacion-confinamiento\\\/\"]}]},{\"@type\":\"ImageObject\",\"inLanguage\":\"es\",\"@id\":\"https:\\\/\\\/www.casaldelsinfants.org\\\/es\\\/actualidad\\\/equipo-educativo-centro-abierto-raval-situacion-confinamiento\\\/#primaryimage\",\"url\":\"https:\\\/\\\/www.casaldelsinfants.org\\\/wp-content\\\/uploads\\\/whatsapp_image_2020-04-22_at_18.40.57.jpeg\",\"contentUrl\":\"https:\\\/\\\/www.casaldelsinfants.org\\\/wp-content\\\/uploads\\\/whatsapp_image_2020-04-22_at_18.40.57.jpeg\",\"width\":2016,\"height\":1512,\"caption\":\"Equip educatiu del centre obert del Raval.\"},{\"@type\":\"BreadcrumbList\",\"@id\":\"https:\\\/\\\/www.casaldelsinfants.org\\\/es\\\/actualidad\\\/equipo-educativo-centro-abierto-raval-situacion-confinamiento\\\/#breadcrumb\",\"itemListElement\":[{\"@type\":\"ListItem\",\"position\":1,\"name\":\"Inici\",\"item\":\"https:\\\/\\\/www.casaldelsinfants.org\\\/es\\\/\"},{\"@type\":\"ListItem\",\"position\":2,\"name\":\"\u00bfC\u00f3mo vive el equipo educativo de nuestro centro abierto del Raval la situaci\u00f3n de confinamiento de las familias?\"}]},{\"@type\":\"WebSite\",\"@id\":\"https:\\\/\\\/www.casaldelsinfants.org\\\/es\\\/#website\",\"url\":\"https:\\\/\\\/www.casaldelsinfants.org\\\/es\\\/\",\"name\":\"Casal dels Infants\",\"description\":\"\",\"publisher\":{\"@id\":\"https:\\\/\\\/www.casaldelsinfants.org\\\/es\\\/#organization\"},\"potentialAction\":[{\"@type\":\"SearchAction\",\"target\":{\"@type\":\"EntryPoint\",\"urlTemplate\":\"https:\\\/\\\/www.casaldelsinfants.org\\\/es\\\/?s={search_term_string}\"},\"query-input\":{\"@type\":\"PropertyValueSpecification\",\"valueRequired\":true,\"valueName\":\"search_term_string\"}}],\"inLanguage\":\"es\"},{\"@type\":\"Organization\",\"@id\":\"https:\\\/\\\/www.casaldelsinfants.org\\\/es\\\/#organization\",\"name\":\"Casal dels Infants\",\"url\":\"https:\\\/\\\/www.casaldelsinfants.org\\\/es\\\/\",\"logo\":{\"@type\":\"ImageObject\",\"inLanguage\":\"es\",\"@id\":\"https:\\\/\\\/www.casaldelsinfants.org\\\/es\\\/#\\\/schema\\\/logo\\\/image\\\/\",\"url\":\"https:\\\/\\\/www.casaldelsinfants.org\\\/wp-content\\\/uploads\\\/logo-mail.png\",\"contentUrl\":\"https:\\\/\\\/www.casaldelsinfants.org\\\/wp-content\\\/uploads\\\/logo-mail.png\",\"width\":380,\"height\":158,\"caption\":\"Casal dels Infants\"},\"image\":{\"@id\":\"https:\\\/\\\/www.casaldelsinfants.org\\\/es\\\/#\\\/schema\\\/logo\\\/image\\\/\"},\"sameAs\":[\"https:\\\/\\\/www.facebook.com\\\/casalinfants\",\"https:\\\/\\\/x.com\\\/casalinfants\",\"https:\\\/\\\/www.youtube.com\\\/user\\\/CasaldelsInfants1\",\"https:\\\/\\\/www.instagram.com\\\/casalinfants\\\/\",\"https:\\\/\\\/www.linkedin.com\\\/company\\\/casaldelsinfants?trk=organization-update_share-update_actor-text\"]},{\"@type\":\"Person\",\"@id\":\"https:\\\/\\\/www.casaldelsinfants.org\\\/es\\\/#\\\/schema\\\/person\\\/97707fc8c64900cf36891127dbf9fba8\",\"name\":\"cdiAdmin\",\"sameAs\":[\"https:\\\/\\\/casaldelsinfants.org\"]}]}<\/script>\n<!-- \/ Yoast SEO plugin. -->","yoast_head_json":{"title":"\u00bfC\u00f3mo vive el equipo educativo de nuestro centro abierto del Raval la situaci\u00f3n de confinamiento de las familias?","description":"Las educadoras y los educadores del centro abierto del Casal dels Infants del barrio del Raval explican c\u00f3mo est\u00e1n viviendo las familias el confinamiento y hacen una llamado para que la ciudadan\u00eda se organice para combatir las desigualdades.","robots":{"index":"index","follow":"follow","max-snippet":"max-snippet:-1","max-image-preview":"max-image-preview:large","max-video-preview":"max-video-preview:-1"},"canonical":"https:\/\/www.casaldelsinfants.org\/es\/actualidad\/equipo-educativo-centro-abierto-raval-situacion-confinamiento\/","og_locale":"es_ES","og_type":"article","og_title":"\u00bfC\u00f3mo vive el equipo educativo de nuestro centro abierto del Raval la situaci\u00f3n de confinamiento de las familias?","og_description":"Las educadoras y los educadores del centro abierto del Casal dels Infants del barrio del Raval explican c\u00f3mo est\u00e1n viviendo las familias el confinamiento y hacen una llamado para que la ciudadan\u00eda se organice para combatir las desigualdades.","og_url":"https:\/\/www.casaldelsinfants.org\/es\/actualidad\/equipo-educativo-centro-abierto-raval-situacion-confinamiento\/","og_site_name":"Casal dels Infants","article_publisher":"https:\/\/www.facebook.com\/casalinfants","article_published_time":"2020-04-23T08:16:55+00:00","article_modified_time":"2023-05-01T15:51:41+00:00","og_image":[{"width":2016,"height":1512,"url":"https:\/\/www.casaldelsinfants.org\/wp-content\/uploads\/whatsapp_image_2020-04-22_at_18.40.57.jpeg","type":"image\/jpeg"}],"author":"cdiAdmin","twitter_card":"summary_large_image","twitter_creator":"@casalinfants","twitter_site":"@casalinfants","twitter_misc":{"Escrito por":"cdiAdmin","Tiempo de lectura":"4 minutos"},"schema":{"@context":"https:\/\/schema.org","@graph":[{"@type":"Article","@id":"https:\/\/www.casaldelsinfants.org\/es\/actualidad\/equipo-educativo-centro-abierto-raval-situacion-confinamiento\/#article","isPartOf":{"@id":"https:\/\/www.casaldelsinfants.org\/es\/actualidad\/equipo-educativo-centro-abierto-raval-situacion-confinamiento\/"},"author":{"name":"cdiAdmin","@id":"https:\/\/www.casaldelsinfants.org\/es\/#\/schema\/person\/97707fc8c64900cf36891127dbf9fba8"},"headline":"\u00bfC\u00f3mo vive el equipo educativo de nuestro centro abierto del Raval la situaci\u00f3n de confinamiento de las familias?","datePublished":"2020-04-23T08:16:55+00:00","dateModified":"2023-05-01T15:51:41+00:00","mainEntityOfPage":{"@id":"https:\/\/www.casaldelsinfants.org\/es\/actualidad\/equipo-educativo-centro-abierto-raval-situacion-confinamiento\/"},"wordCount":893,"commentCount":0,"publisher":{"@id":"https:\/\/www.casaldelsinfants.org\/es\/#organization"},"image":{"@id":"https:\/\/www.casaldelsinfants.org\/es\/actualidad\/equipo-educativo-centro-abierto-raval-situacion-confinamiento\/#primaryimage"},"thumbnailUrl":"https:\/\/www.casaldelsinfants.org\/wp-content\/uploads\/whatsapp_image_2020-04-22_at_18.40.57.jpeg","articleSection":["Noticia"],"inLanguage":"es","potentialAction":[{"@type":"CommentAction","name":"Comment","target":["https:\/\/www.casaldelsinfants.org\/es\/actualidad\/equipo-educativo-centro-abierto-raval-situacion-confinamiento\/#respond"]}]},{"@type":"WebPage","@id":"https:\/\/www.casaldelsinfants.org\/es\/actualidad\/equipo-educativo-centro-abierto-raval-situacion-confinamiento\/","url":"https:\/\/www.casaldelsinfants.org\/es\/actualidad\/equipo-educativo-centro-abierto-raval-situacion-confinamiento\/","name":"\u00bfC\u00f3mo vive el equipo educativo de nuestro centro abierto del Raval la situaci\u00f3n de confinamiento de las familias?","isPartOf":{"@id":"https:\/\/www.casaldelsinfants.org\/es\/#website"},"primaryImageOfPage":{"@id":"https:\/\/www.casaldelsinfants.org\/es\/actualidad\/equipo-educativo-centro-abierto-raval-situacion-confinamiento\/#primaryimage"},"image":{"@id":"https:\/\/www.casaldelsinfants.org\/es\/actualidad\/equipo-educativo-centro-abierto-raval-situacion-confinamiento\/#primaryimage"},"thumbnailUrl":"https:\/\/www.casaldelsinfants.org\/wp-content\/uploads\/whatsapp_image_2020-04-22_at_18.40.57.jpeg","datePublished":"2020-04-23T08:16:55+00:00","dateModified":"2023-05-01T15:51:41+00:00","description":"Las educadoras y los educadores del centro abierto del Casal dels Infants del barrio del Raval explican c\u00f3mo est\u00e1n viviendo las familias el confinamiento y hacen una llamado para que la ciudadan\u00eda se organice para combatir las desigualdades.","breadcrumb":{"@id":"https:\/\/www.casaldelsinfants.org\/es\/actualidad\/equipo-educativo-centro-abierto-raval-situacion-confinamiento\/#breadcrumb"},"inLanguage":"es","potentialAction":[{"@type":"ReadAction","target":["https:\/\/www.casaldelsinfants.org\/es\/actualidad\/equipo-educativo-centro-abierto-raval-situacion-confinamiento\/"]}]},{"@type":"ImageObject","inLanguage":"es","@id":"https:\/\/www.casaldelsinfants.org\/es\/actualidad\/equipo-educativo-centro-abierto-raval-situacion-confinamiento\/#primaryimage","url":"https:\/\/www.casaldelsinfants.org\/wp-content\/uploads\/whatsapp_image_2020-04-22_at_18.40.57.jpeg","contentUrl":"https:\/\/www.casaldelsinfants.org\/wp-content\/uploads\/whatsapp_image_2020-04-22_at_18.40.57.jpeg","width":2016,"height":1512,"caption":"Equip educatiu del centre obert del Raval."},{"@type":"BreadcrumbList","@id":"https:\/\/www.casaldelsinfants.org\/es\/actualidad\/equipo-educativo-centro-abierto-raval-situacion-confinamiento\/#breadcrumb","itemListElement":[{"@type":"ListItem","position":1,"name":"Inici","item":"https:\/\/www.casaldelsinfants.org\/es\/"},{"@type":"ListItem","position":2,"name":"\u00bfC\u00f3mo vive el equipo educativo de nuestro centro abierto del Raval la situaci\u00f3n de confinamiento de las familias?"}]},{"@type":"WebSite","@id":"https:\/\/www.casaldelsinfants.org\/es\/#website","url":"https:\/\/www.casaldelsinfants.org\/es\/","name":"Casal dels Infants","description":"","publisher":{"@id":"https:\/\/www.casaldelsinfants.org\/es\/#organization"},"potentialAction":[{"@type":"SearchAction","target":{"@type":"EntryPoint","urlTemplate":"https:\/\/www.casaldelsinfants.org\/es\/?s={search_term_string}"},"query-input":{"@type":"PropertyValueSpecification","valueRequired":true,"valueName":"search_term_string"}}],"inLanguage":"es"},{"@type":"Organization","@id":"https:\/\/www.casaldelsinfants.org\/es\/#organization","name":"Casal dels Infants","url":"https:\/\/www.casaldelsinfants.org\/es\/","logo":{"@type":"ImageObject","inLanguage":"es","@id":"https:\/\/www.casaldelsinfants.org\/es\/#\/schema\/logo\/image\/","url":"https:\/\/www.casaldelsinfants.org\/wp-content\/uploads\/logo-mail.png","contentUrl":"https:\/\/www.casaldelsinfants.org\/wp-content\/uploads\/logo-mail.png","width":380,"height":158,"caption":"Casal dels Infants"},"image":{"@id":"https:\/\/www.casaldelsinfants.org\/es\/#\/schema\/logo\/image\/"},"sameAs":["https:\/\/www.facebook.com\/casalinfants","https:\/\/x.com\/casalinfants","https:\/\/www.youtube.com\/user\/CasaldelsInfants1","https:\/\/www.instagram.com\/casalinfants\/","https:\/\/www.linkedin.com\/company\/casaldelsinfants?trk=organization-update_share-update_actor-text"]},{"@type":"Person","@id":"https:\/\/www.casaldelsinfants.org\/es\/#\/schema\/person\/97707fc8c64900cf36891127dbf9fba8","name":"cdiAdmin","sameAs":["https:\/\/casaldelsinfants.org"]}]}},"publishpress_future_action":{"enabled":false,"date":"2026-05-07 15:19:32","action":"change-status","newStatus":"draft","terms":[],"taxonomy":"category","extraData":[]},"publishpress_future_workflow_manual_trigger":{"enabledWorkflows":[]},"_links":{"self":[{"href":"https:\/\/www.casaldelsinfants.org\/es\/wp-json\/wp\/v2\/posts\/4371","targetHints":{"allow":["GET"]}}],"collection":[{"href":"https:\/\/www.casaldelsinfants.org\/es\/wp-json\/wp\/v2\/posts"}],"about":[{"href":"https:\/\/www.casaldelsinfants.org\/es\/wp-json\/wp\/v2\/types\/post"}],"author":[{"embeddable":true,"href":"https:\/\/www.casaldelsinfants.org\/es\/wp-json\/wp\/v2\/users\/1"}],"replies":[{"embeddable":true,"href":"https:\/\/www.casaldelsinfants.org\/es\/wp-json\/wp\/v2\/comments?post=4371"}],"version-history":[{"count":1,"href":"https:\/\/www.casaldelsinfants.org\/es\/wp-json\/wp\/v2\/posts\/4371\/revisions"}],"predecessor-version":[{"id":6327,"href":"https:\/\/www.casaldelsinfants.org\/es\/wp-json\/wp\/v2\/posts\/4371\/revisions\/6327"}],"wp:featuredmedia":[{"embeddable":true,"href":"https:\/\/www.casaldelsinfants.org\/es\/wp-json\/wp\/v2\/media\/3237"}],"wp:attachment":[{"href":"https:\/\/www.casaldelsinfants.org\/es\/wp-json\/wp\/v2\/media?parent=4371"}],"wp:term":[{"taxonomy":"category","embeddable":true,"href":"https:\/\/www.casaldelsinfants.org\/es\/wp-json\/wp\/v2\/categories?post=4371"},{"taxonomy":"post_tag","embeddable":true,"href":"https:\/\/www.casaldelsinfants.org\/es\/wp-json\/wp\/v2\/tags?post=4371"},{"taxonomy":"seus","embeddable":true,"href":"https:\/\/www.casaldelsinfants.org\/es\/wp-json\/wp\/v2\/seus?post=4371"},{"taxonomy":"eixos","embeddable":true,"href":"https:\/\/www.casaldelsinfants.org\/es\/wp-json\/wp\/v2\/eixos?post=4371"}],"curies":[{"name":"wp","href":"https:\/\/api.w.org\/{rel}","templated":true}]}}