{"id":4372,"date":"2020-04-21T14:37:48","date_gmt":"2020-04-21T12:37:48","guid":{"rendered":"https:\/\/casal.puntzero.cat\/noticies\/5a-setmana-de-confinament-seguim-responent-lemergencia-ens-fem-sentir-i-preparem-un-gran\/"},"modified":"2023-05-01T17:51:48","modified_gmt":"2023-05-01T15:51:48","slug":"5a-setmana-de-confinament-seguim-responent-lemergencia-ens-fem-sentir-i-preparem-un-gran","status":"publish","type":"post","link":"https:\/\/www.casaldelsinfants.org\/es\/actualidad\/5a-semana-confinamiento-seguimos-respondiendo-emergencia\/","title":{"rendered":"5a semana de confinamiento: seguimos respondiendo a la emergencia, nos hacemos o\u00edr y preparamos un gran verano"},"content":{"rendered":"<p><span style=\"color:#000000;\">Finalizada la quina semana de confinamiento, seguimos implementando acciones de emergencia y defendiendo una salida digna de esta crisis para los ni\u00f1os, ni\u00f1as, j\u00f3venes y familias que acompa\u00f1amos. Sintetizamos, como cada semana, en qu\u00e9 hemos centrado nuestros esfuerzos en los \u00faltimos d\u00edas para seguir apoyando a 2.575 ni\u00f1os, ni\u00f1as, j\u00f3venes y familias en situaci\u00f3n de vulnerabilidad.<\/span><\/p>\n<p>\n<strong>Necesidades b\u00e1sicas<\/strong><\/p>\n<p><span style=\"color:#000000;\">El los \u00faltimos 15 d\u00edas hemos empezado a repartir kits de emergencia y kits educativos para las familias del Casal que m\u00e1s lo necesitan, as\u00ed como 65 tables donadas por Amazon entre aquellos ni\u00f1os, ni\u00f1as y adolescentes que participan en la asociaci\u00f3n y las necesitan para seguir el curso escolar o otros procesos formativos. Aprovechando que distribuimos estos kits, tambi\u00e9n hemos repartido las tarjetas monedero que suplen la beca comedor y tambi\u00e9n las que suplen la merienda de los Centros Abiertos, para hacerlas llegas a las familias que todav\u00eda no las hab\u00edan recibido. Ya hemos realizado repartos en todos los barrios donde actuamos y hareemos m\u00e1s, cuando haga falta, en las pr\u00f3ximas semanas.<\/span><\/p>\n<p><strong>Wifi gratuito durante seis meses<\/strong><\/p>\n<p><span style=\"color:#000000;\">Esperando que las administraciones lleven a cabo medidas para garantizar la conexi\u00f3n a internet y los dispositivos electr\u00f3nicos necesarios a las m\u00e1s de 53.000 familias sin acceso digital en Catalunya, desde el principio de la emergencia sanitaria hemos trabajado coordinadamente con la empresa de telefon\u00eda Parlem Telecom para poder conectar a la red wifi a aquellos hogares con ni\u00f1os, ni\u00f1as y j\u00f3venes que acumulan factores de riesgo y para quienes tener wifi puede mejorar mucho su situaci\u00f3n durante el confinamiento. Fruto de esta coordinaci\u00f3n, 50 familias vinculadas a los servicios de los diferentes barrios donde el Casal dels Infants act\u00faa podr\u00e1n tener wifi en casa durante seis meses sin asumir ning\u00fan coste por el servicio.<\/span><\/p>\n<p><span style=\"color:#000000;\">Se trata de una ayuda puntual que no soluciona la brecha digital, una situaci\u00f3n que ya conoc\u00edamos y que se ha evidenciado como una de las grandes desventajas cuando hablamos de las condiciones educativas de la infancia y reivindicamos igualdad de oportunidades para todos los ni\u00f1os y ni\u00f1as. Es importante poder garantizar acceso al mundo digital y acompa\u00f1amiento en las herramientas y canales para no dejar a nadie todav\u00eda m\u00e1s atr\u00e1s.<\/span><\/p>\n<p><strong>Hacemos o\u00edr nuestra voz en todos los espacios<\/strong><\/p>\n<p><span style=\"color:#000000;\">Participamos peri\u00f3dicamente en reuniones con diferentes administraciones para trasladar nuestra visi\u00f3n y proponemos medidas concretas que pueden posibilitar una mejora de la situaci\u00f3n para las familias, ni\u00f1os, ni\u00f1as y j\u00f3venes en situaci\u00f3n de vulnerabilidad.<\/span><\/p>\n<p><span style=\"color:#000000;\">1. Proponemos una renda por ni\u00f1o o ni\u00f1a a cargo, para superar la crisis en los pr\u00f3ximos meses y hacer frente a la p\u00e9rdida del empleo por part4e de muchas familias, a la falta de prestaciones para todas ellas y al agotamiento de sus ahorros.<\/span><\/p>\n<p><span style=\"color:#000000;\">2. Reclamamos adoptar la mirada de la infancia en todas las deficiones, sobre todo en las que la afectan m\u00e1s.<\/span><\/p>\n<ul>\n<li>Tener presenta a la infancia que vive en condiciones inadecuadas en el desarrollo inicial del desconfinamiento<\/li>\n<li><span style=\"color:#000000;\">Mantener la conexi\u00f3n de los ni\u00f1os y ni\u00f1as con los procesos escolares, en este \u00faltimo trimestre, garantiz\u00e1ndoles acompa\u00f1amiento. Hay que tener en cuenta a los que no cuentan con las condiciones materiales necesarias y cuyos padres y madres no tienen suficiencias competencias para apoyarlos.<\/span><\/li>\n<li><span style=\"color:#000000;\">Prever actividades de verano y actividades educativas y l\u00fadicas que garanticen a los ni\u00f1os y ni\u00f1as m\u00e1s vulnerables el derecho a la educaci\u00f3n y a disfrutar del tiempo libre durante las vacaciones.\u00a0<\/span><\/li>\n<\/ul>\n<p><span style=\"color:#000000;\">\u00a0<br \/>\n3- Ponemos especial atenci\u00f3n a los padres y madres que necesitan conciliar para poder activarse en la b\u00fasqueda de empleo. Muchos no cuentan con apoyo de redes familiares o han visto como este se ha debilitado, una situaci\u00f3n que se agravar\u00e1. Muchas m\u00e1s familias tendr\u00e1n que volver a empezar, porque se han visto abocadas al paro, con o sin prestaci\u00f3n. Necesitar\u00e1n espacios de apoyo y cuidado de sus hijos e hijas desde el momento en que salgan del confinamiento.<br \/>\n\u00a0<\/span><br \/>\n<strong>Nos organizamos para el desconfinamiento y para garantizar un gran verano<\/strong><\/p>\n<p><span style=\"color:#000000;\">Seguimos puntualmente todas las informaciones oficiales referentes a posibles escenarios de desconfinamiento para poder adaptarnos a ellos con las medidas de prevenci\u00f3n que sean necesarias. Trabajamos y nos organizamos para seguir respondiendo al aumento de las situaciones de vulnerabilidad entre los ni\u00f1os, ni\u00f1as, j\u00f3venes y familias que ha provocado la crisis.\u00a0<\/span><\/p>\n<p><span style=\"color:#000000;\">Al mismo tiempo, avanzamos hacia un verano que no ser\u00e1 como cualquier otro: creemos que, por poco que se pueda, debemos ofrecer actividades educativas, de ocio y saludables que permitan a los ni\u00f1os, ni\u00f1as y j\u00f3venes recargar energ\u00edas, disfrutar, recuperar tiempo educativo y readaptarse gradualmente a sus rutinas. Queremos reforzar el acompa\u00f1amiento de referencia diario que les ofrecemos desde el Casal dels Infants para garantizar su bienestar emocional y sus necesidades.<\/span><\/p>\n<p><strong>\u00a1Te necesitamos para hacerlo posible!<\/strong><\/p>\n<p><strong>\u00a1Hazte voluntario\/a<\/strong> para hacer posible este gran verano! <u>Cont\u00e1ctanos aqu\u00ed<\/u>.<\/p>\n<p><strong>Haz un donativo<\/strong> <u>aqu\u00ed<\/u>.<\/p>\n","protected":false},"excerpt":{"rendered":"<p>Finalizada la quina semana de confinamiento, seguimos implementando acciones de emergencia y defendiendo una salida digna de esta crisis para los ni\u00f1os, ni\u00f1as, j\u00f3venes y familias que acompa\u00f1amos. Sintetizamos, como cada semana, en qu\u00e9 hemos centrado nuestros esfuerzos en los \u00faltimos d\u00edas para seguir apoyando a 2.575 ni\u00f1os, ni\u00f1as, j\u00f3venes y familias en situaci\u00f3n de [&hellip;]<\/p>\n","protected":false},"author":1,"featured_media":3240,"comment_status":"open","ping_status":"open","sticky":false,"template":"","format":"standard","meta":{"_acf_changed":false,"_et_pb_use_builder":"","_et_pb_old_content":"","_et_gb_content_width":"","inline_featured_image":false,"footnotes":""},"categories":[125],"tags":[],"seus":[],"eixos":[107],"class_list":["post-4372","post","type-post","status-publish","format-standard","has-post-thumbnail","hentry","category-noticias","eixos-pequena-infancia"],"acf":[],"yoast_head":"<!-- This site is optimized with the Yoast SEO plugin v27.4 - https:\/\/yoast.com\/product\/yoast-seo-wordpress\/ -->\n<title>5a semana de confinamiento Casal dels Infants<\/title>\n<meta name=\"description\" content=\"Superada la 5a semana de confinamiento en el Casal dels Infants, confinament al Casal dels Infants, seguimos respondiendo a la emergencia, nos hacemos o\u00edr y preparamos un gran verano.\" \/>\n<meta name=\"robots\" content=\"index, follow, max-snippet:-1, max-image-preview:large, max-video-preview:-1\" \/>\n<link rel=\"canonical\" href=\"https:\/\/www.casaldelsinfants.org\/es\/actualidad\/5a-semana-confinamiento-seguimos-respondiendo-emergencia\/\" \/>\n<meta property=\"og:locale\" content=\"es_ES\" \/>\n<meta property=\"og:type\" content=\"article\" \/>\n<meta property=\"og:title\" content=\"5a semana de confinamiento Casal dels Infants\" \/>\n<meta property=\"og:description\" content=\"Superada la 5a semana de confinamiento en el Casal dels Infants, confinament al Casal dels Infants, seguimos respondiendo a la emergencia, nos hacemos o\u00edr y preparamos un gran verano.\" \/>\n<meta property=\"og:url\" content=\"https:\/\/www.casaldelsinfants.org\/es\/actualidad\/5a-semana-confinamiento-seguimos-respondiendo-emergencia\/\" \/>\n<meta property=\"og:site_name\" content=\"Casal dels Infants\" \/>\n<meta property=\"article:publisher\" content=\"https:\/\/www.facebook.com\/casalinfants\" \/>\n<meta property=\"article:published_time\" content=\"2020-04-21T12:37:48+00:00\" \/>\n<meta property=\"article:modified_time\" content=\"2023-05-01T15:51:48+00:00\" \/>\n<meta property=\"og:image\" content=\"https:\/\/www.casaldelsinfants.org\/wp-content\/uploads\/5a_setmana.jpg\" \/>\n\t<meta property=\"og:image:width\" content=\"1081\" \/>\n\t<meta property=\"og:image:height\" content=\"814\" \/>\n\t<meta property=\"og:image:type\" content=\"image\/jpeg\" \/>\n<meta name=\"author\" content=\"cdiAdmin\" \/>\n<meta name=\"twitter:card\" content=\"summary_large_image\" \/>\n<meta name=\"twitter:creator\" content=\"@casalinfants\" \/>\n<meta name=\"twitter:site\" content=\"@casalinfants\" \/>\n<meta name=\"twitter:label1\" content=\"Escrito por\" \/>\n\t<meta name=\"twitter:data1\" content=\"cdiAdmin\" \/>\n\t<meta name=\"twitter:label2\" content=\"Tiempo de lectura\" \/>\n\t<meta name=\"twitter:data2\" content=\"4 minutos\" \/>\n<script type=\"application\/ld+json\" class=\"yoast-schema-graph\">{\"@context\":\"https:\\\/\\\/schema.org\",\"@graph\":[{\"@type\":\"Article\",\"@id\":\"https:\\\/\\\/www.casaldelsinfants.org\\\/es\\\/actualidad\\\/5a-semana-confinamiento-seguimos-respondiendo-emergencia\\\/#article\",\"isPartOf\":{\"@id\":\"https:\\\/\\\/www.casaldelsinfants.org\\\/es\\\/actualidad\\\/5a-semana-confinamiento-seguimos-respondiendo-emergencia\\\/\"},\"author\":{\"name\":\"cdiAdmin\",\"@id\":\"https:\\\/\\\/www.casaldelsinfants.org\\\/es\\\/#\\\/schema\\\/person\\\/97707fc8c64900cf36891127dbf9fba8\"},\"headline\":\"5a semana de confinamiento: seguimos respondiendo a la emergencia, nos hacemos o\u00edr y preparamos un gran verano\",\"datePublished\":\"2020-04-21T12:37:48+00:00\",\"dateModified\":\"2023-05-01T15:51:48+00:00\",\"mainEntityOfPage\":{\"@id\":\"https:\\\/\\\/www.casaldelsinfants.org\\\/es\\\/actualidad\\\/5a-semana-confinamiento-seguimos-respondiendo-emergencia\\\/\"},\"wordCount\":886,\"commentCount\":0,\"publisher\":{\"@id\":\"https:\\\/\\\/www.casaldelsinfants.org\\\/es\\\/#organization\"},\"image\":{\"@id\":\"https:\\\/\\\/www.casaldelsinfants.org\\\/es\\\/actualidad\\\/5a-semana-confinamiento-seguimos-respondiendo-emergencia\\\/#primaryimage\"},\"thumbnailUrl\":\"https:\\\/\\\/www.casaldelsinfants.org\\\/wp-content\\\/uploads\\\/5a_setmana.jpg\",\"articleSection\":[\"Noticia\"],\"inLanguage\":\"es\",\"potentialAction\":[{\"@type\":\"CommentAction\",\"name\":\"Comment\",\"target\":[\"https:\\\/\\\/www.casaldelsinfants.org\\\/es\\\/actualidad\\\/5a-semana-confinamiento-seguimos-respondiendo-emergencia\\\/#respond\"]}]},{\"@type\":\"WebPage\",\"@id\":\"https:\\\/\\\/www.casaldelsinfants.org\\\/es\\\/actualidad\\\/5a-semana-confinamiento-seguimos-respondiendo-emergencia\\\/\",\"url\":\"https:\\\/\\\/www.casaldelsinfants.org\\\/es\\\/actualidad\\\/5a-semana-confinamiento-seguimos-respondiendo-emergencia\\\/\",\"name\":\"5a semana de confinamiento Casal dels Infants\",\"isPartOf\":{\"@id\":\"https:\\\/\\\/www.casaldelsinfants.org\\\/es\\\/#website\"},\"primaryImageOfPage\":{\"@id\":\"https:\\\/\\\/www.casaldelsinfants.org\\\/es\\\/actualidad\\\/5a-semana-confinamiento-seguimos-respondiendo-emergencia\\\/#primaryimage\"},\"image\":{\"@id\":\"https:\\\/\\\/www.casaldelsinfants.org\\\/es\\\/actualidad\\\/5a-semana-confinamiento-seguimos-respondiendo-emergencia\\\/#primaryimage\"},\"thumbnailUrl\":\"https:\\\/\\\/www.casaldelsinfants.org\\\/wp-content\\\/uploads\\\/5a_setmana.jpg\",\"datePublished\":\"2020-04-21T12:37:48+00:00\",\"dateModified\":\"2023-05-01T15:51:48+00:00\",\"description\":\"Superada la 5a semana de confinamiento en el Casal dels Infants, confinament al Casal dels Infants, seguimos respondiendo a la emergencia, nos hacemos o\u00edr y preparamos un gran verano.\",\"breadcrumb\":{\"@id\":\"https:\\\/\\\/www.casaldelsinfants.org\\\/es\\\/actualidad\\\/5a-semana-confinamiento-seguimos-respondiendo-emergencia\\\/#breadcrumb\"},\"inLanguage\":\"es\",\"potentialAction\":[{\"@type\":\"ReadAction\",\"target\":[\"https:\\\/\\\/www.casaldelsinfants.org\\\/es\\\/actualidad\\\/5a-semana-confinamiento-seguimos-respondiendo-emergencia\\\/\"]}]},{\"@type\":\"ImageObject\",\"inLanguage\":\"es\",\"@id\":\"https:\\\/\\\/www.casaldelsinfants.org\\\/es\\\/actualidad\\\/5a-semana-confinamiento-seguimos-respondiendo-emergencia\\\/#primaryimage\",\"url\":\"https:\\\/\\\/www.casaldelsinfants.org\\\/wp-content\\\/uploads\\\/5a_setmana.jpg\",\"contentUrl\":\"https:\\\/\\\/www.casaldelsinfants.org\\\/wp-content\\\/uploads\\\/5a_setmana.jpg\",\"width\":1081,\"height\":814,\"caption\":\"5a setmana de confinament\"},{\"@type\":\"BreadcrumbList\",\"@id\":\"https:\\\/\\\/www.casaldelsinfants.org\\\/es\\\/actualidad\\\/5a-semana-confinamiento-seguimos-respondiendo-emergencia\\\/#breadcrumb\",\"itemListElement\":[{\"@type\":\"ListItem\",\"position\":1,\"name\":\"Inici\",\"item\":\"https:\\\/\\\/www.casaldelsinfants.org\\\/es\\\/\"},{\"@type\":\"ListItem\",\"position\":2,\"name\":\"5a semana de confinamiento: seguimos respondiendo a la emergencia, nos hacemos o\u00edr y preparamos un gran verano\"}]},{\"@type\":\"WebSite\",\"@id\":\"https:\\\/\\\/www.casaldelsinfants.org\\\/es\\\/#website\",\"url\":\"https:\\\/\\\/www.casaldelsinfants.org\\\/es\\\/\",\"name\":\"Casal dels Infants\",\"description\":\"\",\"publisher\":{\"@id\":\"https:\\\/\\\/www.casaldelsinfants.org\\\/es\\\/#organization\"},\"potentialAction\":[{\"@type\":\"SearchAction\",\"target\":{\"@type\":\"EntryPoint\",\"urlTemplate\":\"https:\\\/\\\/www.casaldelsinfants.org\\\/es\\\/?s={search_term_string}\"},\"query-input\":{\"@type\":\"PropertyValueSpecification\",\"valueRequired\":true,\"valueName\":\"search_term_string\"}}],\"inLanguage\":\"es\"},{\"@type\":\"Organization\",\"@id\":\"https:\\\/\\\/www.casaldelsinfants.org\\\/es\\\/#organization\",\"name\":\"Casal dels Infants\",\"url\":\"https:\\\/\\\/www.casaldelsinfants.org\\\/es\\\/\",\"logo\":{\"@type\":\"ImageObject\",\"inLanguage\":\"es\",\"@id\":\"https:\\\/\\\/www.casaldelsinfants.org\\\/es\\\/#\\\/schema\\\/logo\\\/image\\\/\",\"url\":\"https:\\\/\\\/www.casaldelsinfants.org\\\/wp-content\\\/uploads\\\/logo-mail.png\",\"contentUrl\":\"https:\\\/\\\/www.casaldelsinfants.org\\\/wp-content\\\/uploads\\\/logo-mail.png\",\"width\":380,\"height\":158,\"caption\":\"Casal dels Infants\"},\"image\":{\"@id\":\"https:\\\/\\\/www.casaldelsinfants.org\\\/es\\\/#\\\/schema\\\/logo\\\/image\\\/\"},\"sameAs\":[\"https:\\\/\\\/www.facebook.com\\\/casalinfants\",\"https:\\\/\\\/x.com\\\/casalinfants\",\"https:\\\/\\\/www.youtube.com\\\/user\\\/CasaldelsInfants1\",\"https:\\\/\\\/www.instagram.com\\\/casalinfants\\\/\",\"https:\\\/\\\/www.linkedin.com\\\/company\\\/casaldelsinfants?trk=organization-update_share-update_actor-text\"]},{\"@type\":\"Person\",\"@id\":\"https:\\\/\\\/www.casaldelsinfants.org\\\/es\\\/#\\\/schema\\\/person\\\/97707fc8c64900cf36891127dbf9fba8\",\"name\":\"cdiAdmin\",\"sameAs\":[\"https:\\\/\\\/casaldelsinfants.org\"]}]}<\/script>\n<!-- \/ Yoast SEO plugin. -->","yoast_head_json":{"title":"5a semana de confinamiento Casal dels Infants","description":"Superada la 5a semana de confinamiento en el Casal dels Infants, confinament al Casal dels Infants, seguimos respondiendo a la emergencia, nos hacemos o\u00edr y preparamos un gran verano.","robots":{"index":"index","follow":"follow","max-snippet":"max-snippet:-1","max-image-preview":"max-image-preview:large","max-video-preview":"max-video-preview:-1"},"canonical":"https:\/\/www.casaldelsinfants.org\/es\/actualidad\/5a-semana-confinamiento-seguimos-respondiendo-emergencia\/","og_locale":"es_ES","og_type":"article","og_title":"5a semana de confinamiento Casal dels Infants","og_description":"Superada la 5a semana de confinamiento en el Casal dels Infants, confinament al Casal dels Infants, seguimos respondiendo a la emergencia, nos hacemos o\u00edr y preparamos un gran verano.","og_url":"https:\/\/www.casaldelsinfants.org\/es\/actualidad\/5a-semana-confinamiento-seguimos-respondiendo-emergencia\/","og_site_name":"Casal dels Infants","article_publisher":"https:\/\/www.facebook.com\/casalinfants","article_published_time":"2020-04-21T12:37:48+00:00","article_modified_time":"2023-05-01T15:51:48+00:00","og_image":[{"width":1081,"height":814,"url":"https:\/\/www.casaldelsinfants.org\/wp-content\/uploads\/5a_setmana.jpg","type":"image\/jpeg"}],"author":"cdiAdmin","twitter_card":"summary_large_image","twitter_creator":"@casalinfants","twitter_site":"@casalinfants","twitter_misc":{"Escrito por":"cdiAdmin","Tiempo de lectura":"4 minutos"},"schema":{"@context":"https:\/\/schema.org","@graph":[{"@type":"Article","@id":"https:\/\/www.casaldelsinfants.org\/es\/actualidad\/5a-semana-confinamiento-seguimos-respondiendo-emergencia\/#article","isPartOf":{"@id":"https:\/\/www.casaldelsinfants.org\/es\/actualidad\/5a-semana-confinamiento-seguimos-respondiendo-emergencia\/"},"author":{"name":"cdiAdmin","@id":"https:\/\/www.casaldelsinfants.org\/es\/#\/schema\/person\/97707fc8c64900cf36891127dbf9fba8"},"headline":"5a semana de confinamiento: seguimos respondiendo a la emergencia, nos hacemos o\u00edr y preparamos un gran verano","datePublished":"2020-04-21T12:37:48+00:00","dateModified":"2023-05-01T15:51:48+00:00","mainEntityOfPage":{"@id":"https:\/\/www.casaldelsinfants.org\/es\/actualidad\/5a-semana-confinamiento-seguimos-respondiendo-emergencia\/"},"wordCount":886,"commentCount":0,"publisher":{"@id":"https:\/\/www.casaldelsinfants.org\/es\/#organization"},"image":{"@id":"https:\/\/www.casaldelsinfants.org\/es\/actualidad\/5a-semana-confinamiento-seguimos-respondiendo-emergencia\/#primaryimage"},"thumbnailUrl":"https:\/\/www.casaldelsinfants.org\/wp-content\/uploads\/5a_setmana.jpg","articleSection":["Noticia"],"inLanguage":"es","potentialAction":[{"@type":"CommentAction","name":"Comment","target":["https:\/\/www.casaldelsinfants.org\/es\/actualidad\/5a-semana-confinamiento-seguimos-respondiendo-emergencia\/#respond"]}]},{"@type":"WebPage","@id":"https:\/\/www.casaldelsinfants.org\/es\/actualidad\/5a-semana-confinamiento-seguimos-respondiendo-emergencia\/","url":"https:\/\/www.casaldelsinfants.org\/es\/actualidad\/5a-semana-confinamiento-seguimos-respondiendo-emergencia\/","name":"5a semana de confinamiento Casal dels Infants","isPartOf":{"@id":"https:\/\/www.casaldelsinfants.org\/es\/#website"},"primaryImageOfPage":{"@id":"https:\/\/www.casaldelsinfants.org\/es\/actualidad\/5a-semana-confinamiento-seguimos-respondiendo-emergencia\/#primaryimage"},"image":{"@id":"https:\/\/www.casaldelsinfants.org\/es\/actualidad\/5a-semana-confinamiento-seguimos-respondiendo-emergencia\/#primaryimage"},"thumbnailUrl":"https:\/\/www.casaldelsinfants.org\/wp-content\/uploads\/5a_setmana.jpg","datePublished":"2020-04-21T12:37:48+00:00","dateModified":"2023-05-01T15:51:48+00:00","description":"Superada la 5a semana de confinamiento en el Casal dels Infants, confinament al Casal dels Infants, seguimos respondiendo a la emergencia, nos hacemos o\u00edr y preparamos un gran verano.","breadcrumb":{"@id":"https:\/\/www.casaldelsinfants.org\/es\/actualidad\/5a-semana-confinamiento-seguimos-respondiendo-emergencia\/#breadcrumb"},"inLanguage":"es","potentialAction":[{"@type":"ReadAction","target":["https:\/\/www.casaldelsinfants.org\/es\/actualidad\/5a-semana-confinamiento-seguimos-respondiendo-emergencia\/"]}]},{"@type":"ImageObject","inLanguage":"es","@id":"https:\/\/www.casaldelsinfants.org\/es\/actualidad\/5a-semana-confinamiento-seguimos-respondiendo-emergencia\/#primaryimage","url":"https:\/\/www.casaldelsinfants.org\/wp-content\/uploads\/5a_setmana.jpg","contentUrl":"https:\/\/www.casaldelsinfants.org\/wp-content\/uploads\/5a_setmana.jpg","width":1081,"height":814,"caption":"5a setmana de confinament"},{"@type":"BreadcrumbList","@id":"https:\/\/www.casaldelsinfants.org\/es\/actualidad\/5a-semana-confinamiento-seguimos-respondiendo-emergencia\/#breadcrumb","itemListElement":[{"@type":"ListItem","position":1,"name":"Inici","item":"https:\/\/www.casaldelsinfants.org\/es\/"},{"@type":"ListItem","position":2,"name":"5a semana de confinamiento: seguimos respondiendo a la emergencia, nos hacemos o\u00edr y preparamos un gran verano"}]},{"@type":"WebSite","@id":"https:\/\/www.casaldelsinfants.org\/es\/#website","url":"https:\/\/www.casaldelsinfants.org\/es\/","name":"Casal dels Infants","description":"","publisher":{"@id":"https:\/\/www.casaldelsinfants.org\/es\/#organization"},"potentialAction":[{"@type":"SearchAction","target":{"@type":"EntryPoint","urlTemplate":"https:\/\/www.casaldelsinfants.org\/es\/?s={search_term_string}"},"query-input":{"@type":"PropertyValueSpecification","valueRequired":true,"valueName":"search_term_string"}}],"inLanguage":"es"},{"@type":"Organization","@id":"https:\/\/www.casaldelsinfants.org\/es\/#organization","name":"Casal dels Infants","url":"https:\/\/www.casaldelsinfants.org\/es\/","logo":{"@type":"ImageObject","inLanguage":"es","@id":"https:\/\/www.casaldelsinfants.org\/es\/#\/schema\/logo\/image\/","url":"https:\/\/www.casaldelsinfants.org\/wp-content\/uploads\/logo-mail.png","contentUrl":"https:\/\/www.casaldelsinfants.org\/wp-content\/uploads\/logo-mail.png","width":380,"height":158,"caption":"Casal dels Infants"},"image":{"@id":"https:\/\/www.casaldelsinfants.org\/es\/#\/schema\/logo\/image\/"},"sameAs":["https:\/\/www.facebook.com\/casalinfants","https:\/\/x.com\/casalinfants","https:\/\/www.youtube.com\/user\/CasaldelsInfants1","https:\/\/www.instagram.com\/casalinfants\/","https:\/\/www.linkedin.com\/company\/casaldelsinfants?trk=organization-update_share-update_actor-text"]},{"@type":"Person","@id":"https:\/\/www.casaldelsinfants.org\/es\/#\/schema\/person\/97707fc8c64900cf36891127dbf9fba8","name":"cdiAdmin","sameAs":["https:\/\/casaldelsinfants.org"]}]}},"publishpress_future_action":{"enabled":false,"date":"2026-05-07 15:19:32","action":"change-status","newStatus":"draft","terms":[],"taxonomy":"category","extraData":[]},"publishpress_future_workflow_manual_trigger":{"enabledWorkflows":[]},"_links":{"self":[{"href":"https:\/\/www.casaldelsinfants.org\/es\/wp-json\/wp\/v2\/posts\/4372","targetHints":{"allow":["GET"]}}],"collection":[{"href":"https:\/\/www.casaldelsinfants.org\/es\/wp-json\/wp\/v2\/posts"}],"about":[{"href":"https:\/\/www.casaldelsinfants.org\/es\/wp-json\/wp\/v2\/types\/post"}],"author":[{"embeddable":true,"href":"https:\/\/www.casaldelsinfants.org\/es\/wp-json\/wp\/v2\/users\/1"}],"replies":[{"embeddable":true,"href":"https:\/\/www.casaldelsinfants.org\/es\/wp-json\/wp\/v2\/comments?post=4372"}],"version-history":[{"count":1,"href":"https:\/\/www.casaldelsinfants.org\/es\/wp-json\/wp\/v2\/posts\/4372\/revisions"}],"predecessor-version":[{"id":6328,"href":"https:\/\/www.casaldelsinfants.org\/es\/wp-json\/wp\/v2\/posts\/4372\/revisions\/6328"}],"wp:featuredmedia":[{"embeddable":true,"href":"https:\/\/www.casaldelsinfants.org\/es\/wp-json\/wp\/v2\/media\/3240"}],"wp:attachment":[{"href":"https:\/\/www.casaldelsinfants.org\/es\/wp-json\/wp\/v2\/media?parent=4372"}],"wp:term":[{"taxonomy":"category","embeddable":true,"href":"https:\/\/www.casaldelsinfants.org\/es\/wp-json\/wp\/v2\/categories?post=4372"},{"taxonomy":"post_tag","embeddable":true,"href":"https:\/\/www.casaldelsinfants.org\/es\/wp-json\/wp\/v2\/tags?post=4372"},{"taxonomy":"seus","embeddable":true,"href":"https:\/\/www.casaldelsinfants.org\/es\/wp-json\/wp\/v2\/seus?post=4372"},{"taxonomy":"eixos","embeddable":true,"href":"https:\/\/www.casaldelsinfants.org\/es\/wp-json\/wp\/v2\/eixos?post=4372"}],"curies":[{"name":"wp","href":"https:\/\/api.w.org\/{rel}","templated":true}]}}