{"id":4373,"date":"2020-04-21T11:20:34","date_gmt":"2020-04-21T09:20:34","guid":{"rendered":"https:\/\/casal.puntzero.cat\/noticies\/parlem-telecom-i-el-casal-dels-infants-fem-arribar-internet-50-families-en-situacio-dalta\/"},"modified":"2023-05-01T17:51:55","modified_gmt":"2023-05-01T15:51:55","slug":"parlem-telecom-i-el-casal-dels-infants-fem-arribar-internet-50-families-en-situacio-dalta","status":"publish","type":"post","link":"https:\/\/www.casaldelsinfants.org\/es\/actualidad\/parlem-telecom-y-el-casal-dels-infants-conectamos-internet-50-familias-en-situacion-de\/","title":{"rendered":"Parlem Telecom y el Casal dels Infants conectamos a internet a 50 familias en situaci\u00f3n de alta vulnerabilidad"},"content":{"rendered":"<p><span style=\"color:#000000;\">Desde el principio de la emergencia sanitaria, Parlem Telecom y el Casal dels Infants trabajamos conjuntamente para proporcionar conexi\u00f3n a Internet a hogares de familias con ni\u00f1os y ni\u00f1as en edat escolar, que se encuentran en una situaci\u00f3n econ\u00f3mica fr\u00e1gil o muy debilitada por el la crisis del Covid-19. En concreto, con la operadora de telecomunicaciones haremos llegar wifi a un total de 50 familias en situaci\u00f3n de alta vulnerabilidad social del territorio catal\u00e1n.\u00a0<\/span><\/p>\n<p><span style=\"color:#000000;\">El servicio gratuito para estos hogares contempla el env\u00edo por parte de Parlem Telecom de un router a los domicilios, el apoyo t\u00e9cnico telef\u00f3nico de un operador y el mantenimiento de la conexi\u00f3n durante 6 meses. La iniciativa llega a familias con imposibilidad de hacer frente a cualquier gasto extraordinario, seleccionadas seg\u00fan criterios de necesidad social desde el Casal dels Infants, desde donde les ofrecemos un acompa\u00f1amiento y seguimiento espec\u00edfico online. La progresiva instalaci\u00f3n de la red de Internet ya se ha efectuado en viviendas de los municipios donde la asociaci\u00f3n actua: Barcelona, Badalona, Sant Adri\u00e0 de Bes\u00f2s, Santa Coloma de Gramenet y Salt.<\/span><\/p>\n<p><span style=\"color:#000000;\">La conexi\u00f3n a la red se dirige especialmente a hogares con ni\u00f1os y ni\u00f1as en edad escolar para que puedan seguir con su formaci\u00f3n, pero tambi\u00e9n est\u00e1 llegando a j\u00f3venes que cursan bachilleratos o ciclos formativos, que para continuar sus estudios requieren apoyo educativo y social des de la entidad. En la selecci\u00f3n de las 50 familias, se han priorizado aquellas ya vinculadas previamente al Casal dels Infants, con las que se podr\u00e1 conservar una relaci\u00f3n cercana para acompa\u00f1arlas en la gesti\u00f3n cotidiana del confinamiento, animarlas a participar en las actividades educativas de la entidad y ayudarlas a seguir online este tercer trimestre. Finalmente, es importante destacar que mucha informaci\u00f3n y tr\u00e1mites se deben realizar por v\u00eda telem\u00e1tica, y que esta tambi\u00e9n es una necesidad de las familias: tener una ventana abierta a la informaci\u00f3n y el acceso para gestionarla.<\/span><\/p>\n<p><span style=\"color:#000000;\">La alianza de Parlem Telecom y el Casal dels Infants supondr\u00e1 un apoyo importante para garantizar mejores condiciones a 50 familias en situaci\u00f3n de vulnerabilidad durante unos meses, pero tanto desde la operadora de telecomunicaciones como desde la asociaci\u00f3n coincidimos en advertir que todav\u00eda son necesarios muchos esfuerzos para superar la brecha digital, que se ha hecho m\u00e1s visible a ra\u00edz de esta emergencia sanitaria. El mundo educativo debe garantizar la igualdad de oportunidades para todos los ni\u00f1os y ni\u00f1as y, para conseguirlo, el acceso al mundo digital y el acompa\u00f1amiento en las herramientas y canales online es imprescindible para no dejar a nadie todav\u00eda m\u00e1s atr\u00e1s.<\/span><\/p>\n<p><span style=\"color:#000000;\">M\u00e1s all\u00e1 de esta iniciativa, Parlem Telecom ha aportado este mes de abril un total de tarjetas SIM para una acci\u00f3n solidaria del Col\u00b7legi de Metges de Barcelona (CoMB) y de la red de voluntariado Omplim els Magatzems, impulsada durante la crisis del Covid-19. Esto permite que pacientes ingresados en hospitales catalanes puedan comunicarse, mediante tablets y m\u00f3viles, con sus familias a trav\u00e9s de la red 4G. La acci\u00f3n ya est\u00e1 operativa en hospitales de Barcelona, Vilafranca del Pened\u00e8s, Martorell, Granollers, Igualada, Lleida, Matar\u00f3, Berga, Badalona, Esplugues de Llobregat, Mollet o Vic.<\/span><\/p>\n<p><span style=\"color:#000000;\">Por parte del Casal dels Infants, trabajamos coordinadamente a cada municipio donde actuamos para acompa\u00f1ar en todo lo que puedan necesitar los ni\u00f1os y ni\u00f1as, j\u00f3venes y familias de los barrios donde actuamos en Barcelona, Badalona, Sant Adri\u00e0 de Bes\u00f2s, Santa Coloma de Gramenet y Salt. El objetivo es garantizar la cobertura de las necesidades b\u00e1sicas de muchas familias, repartiendo kits de emergencia econ\u00f3mica para aquellas que se encuentran en una situaci\u00f3n de vulnerabilidad m\u00e1s grave. Tambi\u00e9n hemos repartido kits educativos (material escolar, juegos, libros, cuentos, etc.) como apoyo para los procesos de aprendizaje y formativos de ni\u00f1os, ni\u00f1as y adolescentes.<\/span><\/p>\n","protected":false},"excerpt":{"rendered":"<p>Desde el principio de la emergencia sanitaria, Parlem Telecom y el Casal dels Infants trabajamos conjuntamente para proporcionar conexi\u00f3n a Internet a hogares de familias con ni\u00f1os y ni\u00f1as en edat escolar, que se encuentran en una situaci\u00f3n econ\u00f3mica fr\u00e1gil o muy debilitada por el la crisis del Covid-19. En concreto, con la operadora de [&hellip;]<\/p>\n","protected":false},"author":1,"featured_media":3243,"comment_status":"open","ping_status":"open","sticky":false,"template":"","format":"standard","meta":{"_acf_changed":false,"_et_pb_use_builder":"","_et_pb_old_content":"","_et_gb_content_width":"","inline_featured_image":false,"footnotes":""},"categories":[125],"tags":[],"seus":[],"eixos":[],"class_list":["post-4373","post","type-post","status-publish","format-standard","has-post-thumbnail","hentry","category-noticias"],"acf":[],"yoast_head":"<!-- This site is optimized with the Yoast SEO plugin v27.4 - https:\/\/yoast.com\/product\/yoast-seo-wordpress\/ -->\n<title>Parlem Telecom y el Casal dels Infants conectamos a internet a 50 familias en situaci\u00f3n de alta vulnerabilidad - Casal dels Infants<\/title>\n<meta name=\"robots\" content=\"index, follow, max-snippet:-1, max-image-preview:large, max-video-preview:-1\" \/>\n<link rel=\"canonical\" href=\"https:\/\/www.casaldelsinfants.org\/es\/actualidad\/parlem-telecom-y-el-casal-dels-infants-conectamos-internet-50-familias-en-situacion-de\/\" \/>\n<meta property=\"og:locale\" content=\"es_ES\" \/>\n<meta property=\"og:type\" content=\"article\" \/>\n<meta property=\"og:title\" content=\"Parlem Telecom y el Casal dels Infants conectamos a internet a 50 familias en situaci\u00f3n de alta vulnerabilidad - Casal dels Infants\" \/>\n<meta property=\"og:description\" content=\"Desde el principio de la emergencia sanitaria, Parlem Telecom y el Casal dels Infants trabajamos conjuntamente para proporcionar conexi\u00f3n a Internet a hogares de familias con ni\u00f1os y ni\u00f1as en edat escolar, que se encuentran en una situaci\u00f3n econ\u00f3mica fr\u00e1gil o muy debilitada por el la crisis del Covid-19. En concreto, con la operadora de [&hellip;]\" \/>\n<meta property=\"og:url\" content=\"https:\/\/www.casaldelsinfants.org\/es\/actualidad\/parlem-telecom-y-el-casal-dels-infants-conectamos-internet-50-familias-en-situacion-de\/\" \/>\n<meta property=\"og:site_name\" content=\"Casal dels Infants\" \/>\n<meta property=\"article:publisher\" content=\"https:\/\/www.facebook.com\/casalinfants\" \/>\n<meta property=\"article:published_time\" content=\"2020-04-21T09:20:34+00:00\" \/>\n<meta property=\"article:modified_time\" content=\"2023-05-01T15:51:55+00:00\" \/>\n<meta property=\"og:image\" content=\"https:\/\/www.casaldelsinfants.org\/wp-content\/uploads\/img_5224-scaled.jpg\" \/>\n\t<meta property=\"og:image:width\" content=\"2560\" \/>\n\t<meta property=\"og:image:height\" content=\"1707\" \/>\n\t<meta property=\"og:image:type\" content=\"image\/jpeg\" \/>\n<meta name=\"author\" content=\"cdiAdmin\" \/>\n<meta name=\"twitter:card\" content=\"summary_large_image\" \/>\n<meta name=\"twitter:creator\" content=\"@casalinfants\" \/>\n<meta name=\"twitter:site\" content=\"@casalinfants\" \/>\n<meta name=\"twitter:label1\" content=\"Escrito por\" \/>\n\t<meta name=\"twitter:data1\" content=\"cdiAdmin\" \/>\n\t<meta name=\"twitter:label2\" content=\"Tiempo de lectura\" \/>\n\t<meta name=\"twitter:data2\" content=\"3 minutos\" \/>\n<script type=\"application\/ld+json\" class=\"yoast-schema-graph\">{\"@context\":\"https:\\\/\\\/schema.org\",\"@graph\":[{\"@type\":\"Article\",\"@id\":\"https:\\\/\\\/www.casaldelsinfants.org\\\/es\\\/actualidad\\\/parlem-telecom-y-el-casal-dels-infants-conectamos-internet-50-familias-en-situacion-de\\\/#article\",\"isPartOf\":{\"@id\":\"https:\\\/\\\/www.casaldelsinfants.org\\\/es\\\/actualidad\\\/parlem-telecom-y-el-casal-dels-infants-conectamos-internet-50-familias-en-situacion-de\\\/\"},\"author\":{\"name\":\"cdiAdmin\",\"@id\":\"https:\\\/\\\/www.casaldelsinfants.org\\\/es\\\/#\\\/schema\\\/person\\\/97707fc8c64900cf36891127dbf9fba8\"},\"headline\":\"Parlem Telecom y el Casal dels Infants conectamos a internet a 50 familias en situaci\u00f3n de alta vulnerabilidad\",\"datePublished\":\"2020-04-21T09:20:34+00:00\",\"dateModified\":\"2023-05-01T15:51:55+00:00\",\"mainEntityOfPage\":{\"@id\":\"https:\\\/\\\/www.casaldelsinfants.org\\\/es\\\/actualidad\\\/parlem-telecom-y-el-casal-dels-infants-conectamos-internet-50-familias-en-situacion-de\\\/\"},\"wordCount\":696,\"commentCount\":0,\"publisher\":{\"@id\":\"https:\\\/\\\/www.casaldelsinfants.org\\\/es\\\/#organization\"},\"image\":{\"@id\":\"https:\\\/\\\/www.casaldelsinfants.org\\\/es\\\/actualidad\\\/parlem-telecom-y-el-casal-dels-infants-conectamos-internet-50-familias-en-situacion-de\\\/#primaryimage\"},\"thumbnailUrl\":\"https:\\\/\\\/www.casaldelsinfants.org\\\/wp-content\\\/uploads\\\/img_5224-scaled.jpg\",\"articleSection\":[\"Noticia\"],\"inLanguage\":\"es\",\"potentialAction\":[{\"@type\":\"CommentAction\",\"name\":\"Comment\",\"target\":[\"https:\\\/\\\/www.casaldelsinfants.org\\\/es\\\/actualidad\\\/parlem-telecom-y-el-casal-dels-infants-conectamos-internet-50-familias-en-situacion-de\\\/#respond\"]}]},{\"@type\":\"WebPage\",\"@id\":\"https:\\\/\\\/www.casaldelsinfants.org\\\/es\\\/actualidad\\\/parlem-telecom-y-el-casal-dels-infants-conectamos-internet-50-familias-en-situacion-de\\\/\",\"url\":\"https:\\\/\\\/www.casaldelsinfants.org\\\/es\\\/actualidad\\\/parlem-telecom-y-el-casal-dels-infants-conectamos-internet-50-familias-en-situacion-de\\\/\",\"name\":\"Parlem Telecom y el Casal dels Infants conectamos a internet a 50 familias en situaci\u00f3n de alta vulnerabilidad - Casal dels Infants\",\"isPartOf\":{\"@id\":\"https:\\\/\\\/www.casaldelsinfants.org\\\/es\\\/#website\"},\"primaryImageOfPage\":{\"@id\":\"https:\\\/\\\/www.casaldelsinfants.org\\\/es\\\/actualidad\\\/parlem-telecom-y-el-casal-dels-infants-conectamos-internet-50-familias-en-situacion-de\\\/#primaryimage\"},\"image\":{\"@id\":\"https:\\\/\\\/www.casaldelsinfants.org\\\/es\\\/actualidad\\\/parlem-telecom-y-el-casal-dels-infants-conectamos-internet-50-familias-en-situacion-de\\\/#primaryimage\"},\"thumbnailUrl\":\"https:\\\/\\\/www.casaldelsinfants.org\\\/wp-content\\\/uploads\\\/img_5224-scaled.jpg\",\"datePublished\":\"2020-04-21T09:20:34+00:00\",\"dateModified\":\"2023-05-01T15:51:55+00:00\",\"breadcrumb\":{\"@id\":\"https:\\\/\\\/www.casaldelsinfants.org\\\/es\\\/actualidad\\\/parlem-telecom-y-el-casal-dels-infants-conectamos-internet-50-familias-en-situacion-de\\\/#breadcrumb\"},\"inLanguage\":\"es\",\"potentialAction\":[{\"@type\":\"ReadAction\",\"target\":[\"https:\\\/\\\/www.casaldelsinfants.org\\\/es\\\/actualidad\\\/parlem-telecom-y-el-casal-dels-infants-conectamos-internet-50-familias-en-situacion-de\\\/\"]}]},{\"@type\":\"ImageObject\",\"inLanguage\":\"es\",\"@id\":\"https:\\\/\\\/www.casaldelsinfants.org\\\/es\\\/actualidad\\\/parlem-telecom-y-el-casal-dels-infants-conectamos-internet-50-familias-en-situacion-de\\\/#primaryimage\",\"url\":\"https:\\\/\\\/www.casaldelsinfants.org\\\/wp-content\\\/uploads\\\/img_5224-scaled.jpg\",\"contentUrl\":\"https:\\\/\\\/www.casaldelsinfants.org\\\/wp-content\\\/uploads\\\/img_5224-scaled.jpg\",\"width\":2560,\"height\":1707,\"caption\":\"Jove davant d'un ordinador navegant per Internet de parlem Telecom.\"},{\"@type\":\"BreadcrumbList\",\"@id\":\"https:\\\/\\\/www.casaldelsinfants.org\\\/es\\\/actualidad\\\/parlem-telecom-y-el-casal-dels-infants-conectamos-internet-50-familias-en-situacion-de\\\/#breadcrumb\",\"itemListElement\":[{\"@type\":\"ListItem\",\"position\":1,\"name\":\"Inici\",\"item\":\"https:\\\/\\\/www.casaldelsinfants.org\\\/es\\\/\"},{\"@type\":\"ListItem\",\"position\":2,\"name\":\"Parlem Telecom y el Casal dels Infants conectamos a internet a 50 familias en situaci\u00f3n de alta vulnerabilidad\"}]},{\"@type\":\"WebSite\",\"@id\":\"https:\\\/\\\/www.casaldelsinfants.org\\\/es\\\/#website\",\"url\":\"https:\\\/\\\/www.casaldelsinfants.org\\\/es\\\/\",\"name\":\"Casal dels Infants\",\"description\":\"\",\"publisher\":{\"@id\":\"https:\\\/\\\/www.casaldelsinfants.org\\\/es\\\/#organization\"},\"potentialAction\":[{\"@type\":\"SearchAction\",\"target\":{\"@type\":\"EntryPoint\",\"urlTemplate\":\"https:\\\/\\\/www.casaldelsinfants.org\\\/es\\\/?s={search_term_string}\"},\"query-input\":{\"@type\":\"PropertyValueSpecification\",\"valueRequired\":true,\"valueName\":\"search_term_string\"}}],\"inLanguage\":\"es\"},{\"@type\":\"Organization\",\"@id\":\"https:\\\/\\\/www.casaldelsinfants.org\\\/es\\\/#organization\",\"name\":\"Casal dels Infants\",\"url\":\"https:\\\/\\\/www.casaldelsinfants.org\\\/es\\\/\",\"logo\":{\"@type\":\"ImageObject\",\"inLanguage\":\"es\",\"@id\":\"https:\\\/\\\/www.casaldelsinfants.org\\\/es\\\/#\\\/schema\\\/logo\\\/image\\\/\",\"url\":\"https:\\\/\\\/www.casaldelsinfants.org\\\/wp-content\\\/uploads\\\/logo-mail.png\",\"contentUrl\":\"https:\\\/\\\/www.casaldelsinfants.org\\\/wp-content\\\/uploads\\\/logo-mail.png\",\"width\":380,\"height\":158,\"caption\":\"Casal dels Infants\"},\"image\":{\"@id\":\"https:\\\/\\\/www.casaldelsinfants.org\\\/es\\\/#\\\/schema\\\/logo\\\/image\\\/\"},\"sameAs\":[\"https:\\\/\\\/www.facebook.com\\\/casalinfants\",\"https:\\\/\\\/x.com\\\/casalinfants\",\"https:\\\/\\\/www.youtube.com\\\/user\\\/CasaldelsInfants1\",\"https:\\\/\\\/www.instagram.com\\\/casalinfants\\\/\",\"https:\\\/\\\/www.linkedin.com\\\/company\\\/casaldelsinfants?trk=organization-update_share-update_actor-text\"]},{\"@type\":\"Person\",\"@id\":\"https:\\\/\\\/www.casaldelsinfants.org\\\/es\\\/#\\\/schema\\\/person\\\/97707fc8c64900cf36891127dbf9fba8\",\"name\":\"cdiAdmin\",\"sameAs\":[\"https:\\\/\\\/casaldelsinfants.org\"]}]}<\/script>\n<!-- \/ Yoast SEO plugin. -->","yoast_head_json":{"title":"Parlem Telecom y el Casal dels Infants conectamos a internet a 50 familias en situaci\u00f3n de alta vulnerabilidad - Casal dels Infants","robots":{"index":"index","follow":"follow","max-snippet":"max-snippet:-1","max-image-preview":"max-image-preview:large","max-video-preview":"max-video-preview:-1"},"canonical":"https:\/\/www.casaldelsinfants.org\/es\/actualidad\/parlem-telecom-y-el-casal-dels-infants-conectamos-internet-50-familias-en-situacion-de\/","og_locale":"es_ES","og_type":"article","og_title":"Parlem Telecom y el Casal dels Infants conectamos a internet a 50 familias en situaci\u00f3n de alta vulnerabilidad - Casal dels Infants","og_description":"Desde el principio de la emergencia sanitaria, Parlem Telecom y el Casal dels Infants trabajamos conjuntamente para proporcionar conexi\u00f3n a Internet a hogares de familias con ni\u00f1os y ni\u00f1as en edat escolar, que se encuentran en una situaci\u00f3n econ\u00f3mica fr\u00e1gil o muy debilitada por el la crisis del Covid-19. En concreto, con la operadora de [&hellip;]","og_url":"https:\/\/www.casaldelsinfants.org\/es\/actualidad\/parlem-telecom-y-el-casal-dels-infants-conectamos-internet-50-familias-en-situacion-de\/","og_site_name":"Casal dels Infants","article_publisher":"https:\/\/www.facebook.com\/casalinfants","article_published_time":"2020-04-21T09:20:34+00:00","article_modified_time":"2023-05-01T15:51:55+00:00","og_image":[{"width":2560,"height":1707,"url":"https:\/\/www.casaldelsinfants.org\/wp-content\/uploads\/img_5224-scaled.jpg","type":"image\/jpeg"}],"author":"cdiAdmin","twitter_card":"summary_large_image","twitter_creator":"@casalinfants","twitter_site":"@casalinfants","twitter_misc":{"Escrito por":"cdiAdmin","Tiempo de lectura":"3 minutos"},"schema":{"@context":"https:\/\/schema.org","@graph":[{"@type":"Article","@id":"https:\/\/www.casaldelsinfants.org\/es\/actualidad\/parlem-telecom-y-el-casal-dels-infants-conectamos-internet-50-familias-en-situacion-de\/#article","isPartOf":{"@id":"https:\/\/www.casaldelsinfants.org\/es\/actualidad\/parlem-telecom-y-el-casal-dels-infants-conectamos-internet-50-familias-en-situacion-de\/"},"author":{"name":"cdiAdmin","@id":"https:\/\/www.casaldelsinfants.org\/es\/#\/schema\/person\/97707fc8c64900cf36891127dbf9fba8"},"headline":"Parlem Telecom y el Casal dels Infants conectamos a internet a 50 familias en situaci\u00f3n de alta vulnerabilidad","datePublished":"2020-04-21T09:20:34+00:00","dateModified":"2023-05-01T15:51:55+00:00","mainEntityOfPage":{"@id":"https:\/\/www.casaldelsinfants.org\/es\/actualidad\/parlem-telecom-y-el-casal-dels-infants-conectamos-internet-50-familias-en-situacion-de\/"},"wordCount":696,"commentCount":0,"publisher":{"@id":"https:\/\/www.casaldelsinfants.org\/es\/#organization"},"image":{"@id":"https:\/\/www.casaldelsinfants.org\/es\/actualidad\/parlem-telecom-y-el-casal-dels-infants-conectamos-internet-50-familias-en-situacion-de\/#primaryimage"},"thumbnailUrl":"https:\/\/www.casaldelsinfants.org\/wp-content\/uploads\/img_5224-scaled.jpg","articleSection":["Noticia"],"inLanguage":"es","potentialAction":[{"@type":"CommentAction","name":"Comment","target":["https:\/\/www.casaldelsinfants.org\/es\/actualidad\/parlem-telecom-y-el-casal-dels-infants-conectamos-internet-50-familias-en-situacion-de\/#respond"]}]},{"@type":"WebPage","@id":"https:\/\/www.casaldelsinfants.org\/es\/actualidad\/parlem-telecom-y-el-casal-dels-infants-conectamos-internet-50-familias-en-situacion-de\/","url":"https:\/\/www.casaldelsinfants.org\/es\/actualidad\/parlem-telecom-y-el-casal-dels-infants-conectamos-internet-50-familias-en-situacion-de\/","name":"Parlem Telecom y el Casal dels Infants conectamos a internet a 50 familias en situaci\u00f3n de alta vulnerabilidad - Casal dels Infants","isPartOf":{"@id":"https:\/\/www.casaldelsinfants.org\/es\/#website"},"primaryImageOfPage":{"@id":"https:\/\/www.casaldelsinfants.org\/es\/actualidad\/parlem-telecom-y-el-casal-dels-infants-conectamos-internet-50-familias-en-situacion-de\/#primaryimage"},"image":{"@id":"https:\/\/www.casaldelsinfants.org\/es\/actualidad\/parlem-telecom-y-el-casal-dels-infants-conectamos-internet-50-familias-en-situacion-de\/#primaryimage"},"thumbnailUrl":"https:\/\/www.casaldelsinfants.org\/wp-content\/uploads\/img_5224-scaled.jpg","datePublished":"2020-04-21T09:20:34+00:00","dateModified":"2023-05-01T15:51:55+00:00","breadcrumb":{"@id":"https:\/\/www.casaldelsinfants.org\/es\/actualidad\/parlem-telecom-y-el-casal-dels-infants-conectamos-internet-50-familias-en-situacion-de\/#breadcrumb"},"inLanguage":"es","potentialAction":[{"@type":"ReadAction","target":["https:\/\/www.casaldelsinfants.org\/es\/actualidad\/parlem-telecom-y-el-casal-dels-infants-conectamos-internet-50-familias-en-situacion-de\/"]}]},{"@type":"ImageObject","inLanguage":"es","@id":"https:\/\/www.casaldelsinfants.org\/es\/actualidad\/parlem-telecom-y-el-casal-dels-infants-conectamos-internet-50-familias-en-situacion-de\/#primaryimage","url":"https:\/\/www.casaldelsinfants.org\/wp-content\/uploads\/img_5224-scaled.jpg","contentUrl":"https:\/\/www.casaldelsinfants.org\/wp-content\/uploads\/img_5224-scaled.jpg","width":2560,"height":1707,"caption":"Jove davant d'un ordinador navegant per Internet de parlem Telecom."},{"@type":"BreadcrumbList","@id":"https:\/\/www.casaldelsinfants.org\/es\/actualidad\/parlem-telecom-y-el-casal-dels-infants-conectamos-internet-50-familias-en-situacion-de\/#breadcrumb","itemListElement":[{"@type":"ListItem","position":1,"name":"Inici","item":"https:\/\/www.casaldelsinfants.org\/es\/"},{"@type":"ListItem","position":2,"name":"Parlem Telecom y el Casal dels Infants conectamos a internet a 50 familias en situaci\u00f3n de alta vulnerabilidad"}]},{"@type":"WebSite","@id":"https:\/\/www.casaldelsinfants.org\/es\/#website","url":"https:\/\/www.casaldelsinfants.org\/es\/","name":"Casal dels Infants","description":"","publisher":{"@id":"https:\/\/www.casaldelsinfants.org\/es\/#organization"},"potentialAction":[{"@type":"SearchAction","target":{"@type":"EntryPoint","urlTemplate":"https:\/\/www.casaldelsinfants.org\/es\/?s={search_term_string}"},"query-input":{"@type":"PropertyValueSpecification","valueRequired":true,"valueName":"search_term_string"}}],"inLanguage":"es"},{"@type":"Organization","@id":"https:\/\/www.casaldelsinfants.org\/es\/#organization","name":"Casal dels Infants","url":"https:\/\/www.casaldelsinfants.org\/es\/","logo":{"@type":"ImageObject","inLanguage":"es","@id":"https:\/\/www.casaldelsinfants.org\/es\/#\/schema\/logo\/image\/","url":"https:\/\/www.casaldelsinfants.org\/wp-content\/uploads\/logo-mail.png","contentUrl":"https:\/\/www.casaldelsinfants.org\/wp-content\/uploads\/logo-mail.png","width":380,"height":158,"caption":"Casal dels Infants"},"image":{"@id":"https:\/\/www.casaldelsinfants.org\/es\/#\/schema\/logo\/image\/"},"sameAs":["https:\/\/www.facebook.com\/casalinfants","https:\/\/x.com\/casalinfants","https:\/\/www.youtube.com\/user\/CasaldelsInfants1","https:\/\/www.instagram.com\/casalinfants\/","https:\/\/www.linkedin.com\/company\/casaldelsinfants?trk=organization-update_share-update_actor-text"]},{"@type":"Person","@id":"https:\/\/www.casaldelsinfants.org\/es\/#\/schema\/person\/97707fc8c64900cf36891127dbf9fba8","name":"cdiAdmin","sameAs":["https:\/\/casaldelsinfants.org"]}]}},"publishpress_future_action":{"enabled":false,"date":"2026-05-06 22:52:07","action":"change-status","newStatus":"draft","terms":[],"taxonomy":"category","extraData":[]},"publishpress_future_workflow_manual_trigger":{"enabledWorkflows":[]},"_links":{"self":[{"href":"https:\/\/www.casaldelsinfants.org\/es\/wp-json\/wp\/v2\/posts\/4373","targetHints":{"allow":["GET"]}}],"collection":[{"href":"https:\/\/www.casaldelsinfants.org\/es\/wp-json\/wp\/v2\/posts"}],"about":[{"href":"https:\/\/www.casaldelsinfants.org\/es\/wp-json\/wp\/v2\/types\/post"}],"author":[{"embeddable":true,"href":"https:\/\/www.casaldelsinfants.org\/es\/wp-json\/wp\/v2\/users\/1"}],"replies":[{"embeddable":true,"href":"https:\/\/www.casaldelsinfants.org\/es\/wp-json\/wp\/v2\/comments?post=4373"}],"version-history":[{"count":1,"href":"https:\/\/www.casaldelsinfants.org\/es\/wp-json\/wp\/v2\/posts\/4373\/revisions"}],"predecessor-version":[{"id":6329,"href":"https:\/\/www.casaldelsinfants.org\/es\/wp-json\/wp\/v2\/posts\/4373\/revisions\/6329"}],"wp:featuredmedia":[{"embeddable":true,"href":"https:\/\/www.casaldelsinfants.org\/es\/wp-json\/wp\/v2\/media\/3243"}],"wp:attachment":[{"href":"https:\/\/www.casaldelsinfants.org\/es\/wp-json\/wp\/v2\/media?parent=4373"}],"wp:term":[{"taxonomy":"category","embeddable":true,"href":"https:\/\/www.casaldelsinfants.org\/es\/wp-json\/wp\/v2\/categories?post=4373"},{"taxonomy":"post_tag","embeddable":true,"href":"https:\/\/www.casaldelsinfants.org\/es\/wp-json\/wp\/v2\/tags?post=4373"},{"taxonomy":"seus","embeddable":true,"href":"https:\/\/www.casaldelsinfants.org\/es\/wp-json\/wp\/v2\/seus?post=4373"},{"taxonomy":"eixos","embeddable":true,"href":"https:\/\/www.casaldelsinfants.org\/es\/wp-json\/wp\/v2\/eixos?post=4373"}],"curies":[{"name":"wp","href":"https:\/\/api.w.org\/{rel}","templated":true}]}}