{"id":4374,"date":"2020-04-16T12:48:54","date_gmt":"2020-04-16T10:48:54","guid":{"rendered":"https:\/\/casal.puntzero.cat\/noticies\/com-fem-assessorament-sociojuridic-durant-el-confinament\/"},"modified":"2023-05-01T17:52:01","modified_gmt":"2023-05-01T15:52:01","slug":"com-fem-assessorament-sociojuridic-durant-el-confinament","status":"publish","type":"post","link":"https:\/\/www.casaldelsinfants.org\/es\/actualidad\/que-asesoramiento-sociojuridico-ofrecemos-durante-el-confinamiento\/","title":{"rendered":"\u00bfQu\u00e9 asesoramiento sociojur\u00eddico ofrecemos durante el confinamiento?"},"content":{"rendered":"<p><span style=\"color:#000000;\">La crisis por el Covid-19 agrava las situaciones de vulnerabilidad de muchas familias, que tienen que buscar soluciones para salir adelante. Las administraciones responden a la crisis con <strong>decretos y medidas que, a menudo, suponen cambios en los procesos administrativos y jur\u00eddicos<\/strong> a los que nos podemos acoger para ejercer nuestros derechos. La informaci\u00f3n es cambiante y compleja, sobre todo para familias con un capital socioecon\u00f3mico y cultural bajo, que arrastran muchas angustias gestionando el d\u00eda a d\u00eda y que, en muchos casos, son migradas y no tienen suficiente dominio del catal\u00e1n y el castellano.<\/span><\/p>\n<p><span style=\"color:#000000;\">Por ello, nuestro <strong>Servicio Sociojur\u00eddico Comunitario<\/strong> atiende estos d\u00edas por tel\u00e9fono a las familias del Casal dels Infants que necessitan <strong>asesoramiento jur\u00eddico y administrativo<\/strong>, y tambi\u00e9n les facilita documentos explicativos y sint\u00e9ticos sobre temas concretos que les afectar. Un acompa\u00f1amiento que el servicio ofrece durante todo el a\u00f1o y que, en estos d\u00edas excepcionales, es indispensable.<\/span><\/p>\n<p><strong>Asesoramiento laboral<\/strong><\/p>\n<p><span style=\"color:#000000;\">Con el confinamiento, los obst\u00e1culos en el \u00e1mbito laboral de muchas familias se han visto agravados. Ante el aumento de los expedientes de regulaci\u00f3n temporal de ocupaci\u00f3n (ERTO), desde el Servicio Sociojur\u00eddico Comunitario hemos explicado a las familias qu\u00e9 es este procedimiento y qu\u00e9 implicaciones tiene. Les hemos transmitido que son una medida m\u00e1s beneficiosa para los trabajadores si los comparamos con un expediente de regulaci\u00f3n de ocupaci\u00f3n (ERO) o un despido objetivo, porque en estos \u00faltimos casos se da por finalizada la relaci\u00f3n contractual.\u00a0<\/span><\/p>\n<p><span style=\"color:#000000;\">Nos preocupa la situaci\u00f3n de muchas mujeres con hijos o hijas a cargo trabajadoras del hogar que han sido despedidas. Si estaban aseguradas, el r\u00e9gimen especial de este sector profesional no les da derecho a cobrar la prestaci\u00f3n de desempleo. Ante esta situaci\u00f3n, el gobierno del Estado ha establecido un subsidio para trabajadoras del hogar dadas de alta de la Seguridad Social que hayan sido despedidas o hayan visto reducida su jornada laboral a ra\u00edz de la crisis por el Covid-19. Lo hemos dado a conocer, pero es evidente que \u00a0es necesario encontrar salidas para muchas trabajadoras del hogar que no est\u00e1n aseguradas y, por lo tanto, quedan excluidas de esta y otras prestaciones. Una situaci\u00f3n en la que tambi\u00e9n se encuentran muchas familias que subsisten mediante la econom\u00eda sumergida.\u00a0<\/span><\/p>\n<p><span style=\"color:#000000;\">Por otro lado, tambi\u00e9n hemos atendido peticiones de asesoramiento por parte de trabajadores y trabajadoras que se han encontrado que sus empresas no les ofrecen los equipos de protecci\u00f3n individuales necesarios y\/o reciben presiones en caso de negarse a trabajar sin estos equipos, en una clara vulneraci\u00f3n de sus derechos.<\/span><\/p>\n<p><strong>Vivienda<\/strong><\/p>\n<p><span style=\"color:#000000;\">Las dificultades laborales y la disminuci\u00f3n de ingresos traen muchos problemas a las familias a la hora de pagar el alquiler o la hipoteca. Muchas ya ve\u00edan vulnerado el derecho a la vivienda ante el aumento de los precios del alquiler, y ahora requieren medidas de apoyo urgentes.<\/span><\/p>\n<p><span style=\"color:#000000;\">Desde el Servicio Sociojur\u00eddico Comunitario les hemos informado de que en estos momentos no pueden sufrir ning\u00fan desahucio, ni tampoco durante los seis meses siguientes a la finalizaci\u00f3n del estado de alarma. Les hemos explicado las ayudas para el alquiler aprobadas y c\u00f3mo se ajustan a cada caso, recomend\u00e1ndoles informar por escrito a la persona propietaria en caso de no poder pagar la mensualidad. Tambi\u00e9n hemos compartido c\u00f3mo se puede tramitar una moratoria de la hipoteca, seg\u00fan las medidas aprobadas, detallando los requisitos, plazos y qu\u00e9 documentaci\u00f3n se debe presentar al banco.<\/span><\/p>\n<p><span style=\"color:#000000;\">En cuanto a los suministros b\u00e1sicos, aunque se ha establecido que durante el estado de alarma no se puede cortar la luz, el agua ni el gas a nadie, hay familias en situaci\u00f3n de ocupaci\u00f3n que antes del confinamiento ya viv\u00edan sin acceso a luz o agua. Ahora, en la situaci\u00f3n extrema de no poder salir de sus casas, sufren m\u00e1s que nunca esta grave vulneraci\u00f3n de sus derechos. Estos d\u00edas incidimos en las administraciones p\u00fablicas para que tomen medidas que garanticen los suministros en estos casos.<\/span><\/p>\n<p><strong>Violencia contra las mujeres<\/strong><\/p>\n<p><span style=\"color:#000000;\">El confinamiento pone en riesgo la integridad de muchas mujeres ante la lacra de la violencia machista. Esta es una de las situaciones de riesgo que nuestros educadores y educadoras tratan de detectar mediante el contacto telef\u00f3nico constante que mantienen con las familias. Ante situaciones de este tipo, las derivan a los servicios y recursos de atenci\u00f3n en el \u00e1mbito de la violencia machista.<\/span><\/p>\n<p><span style=\"color:#000000;\">En este aspecto, el Servicio Sociojur\u00eddico Comunitario se encarga de recordar que los servicios de emergencia para actuar ante la violencia machista siguen operativos. El ministerio de Servicios Sociales, Sanidad e Igualdad mantiene el tel\u00e9fono de atenci\u00f3n 016 y ha abierto las l\u00edneas de WhatsApp 682916136 y 682508507 para el acompa\u00f1amiento psicol\u00f3gico. Por parte del gobierno de la Generalitat, el Institut Catal\u00e0 de les Dones ha reforzado la atenci\u00f3n permanente a los casos de violencia machista a trav\u00e9s del tel\u00e9fono 900120120 y el n\u00famero de WhatsApp 671778540.<\/span><\/p>\n<p><span style=\"color:#000000;\">Tambi\u00e9n se recuerda que todas las mujeres que denuncien casos de violencia en el \u00e1mbito de la pareja tienen derecho a la justicia gratuita, a un abogado y a un procurador de oficio. Se les hace saber, as\u00ed mismo, que se est\u00e1n facilitando alojamiento a las mujeres que durante el confinamiento denuncian maltratos.\u00a0<\/span><\/p>\n<p><strong>Tr\u00e1mites administrativos digitales<\/strong><\/p>\n<p><span style=\"color:#000000;\">El confinamiento frena muchos tr\u00e1mites administrativos, algunos de los cuales son importantes para ejercer derechos b\u00e1sicos. Para conseguir que estas gestiones no se dilaten demasiado en el tiempo y tarden en resolverse, desde el Servicio Sociojur\u00eddico Comunitaria se est\u00e1 informando a los j\u00f3venes y familias del Casal dels Infants para obtengan la credencial electr\u00f3nica de identificaci\u00f3n para usar el sistema telem\u00e1tico <a href=\"mailto:Cl@ve\">Cl@ve<\/a>.<\/span><\/p>\n<p><span style=\"color:#000000;\">El sistema <a href=\"mailto:Cl@ve\">Cl@ve<\/a> puede ser \u00fatil para muchos j\u00f3venes que tienen que realizar tr\u00e1mites de extranjer\u00eda, como por ejemplo solicitar o renovar autorizaciones de residencia o trabajo, pagar tasas, aportar documentaci\u00f3n de pedir cita previa. Tambi\u00e9n agiliza gestiones con la Seguridad Social o la Direcci\u00f3n General de Tr\u00e1fico. M\u00e1s all\u00e1 de ganar tiempo, hacer los tr\u00e1mites telem\u00e1ticamente evita gastos en asesor\u00eda jur\u00eddica y permite un mejor control de los expedientes.<\/span><\/p>\n<p><span style=\"color:#000000;\">El sistema\u00a0<a href=\"mailto:Cl@ave\">Cl@ave<\/a>\u00a0pot ser \u00fatil per a moltes joves del Casal dels Infants que han de fer\u00a0tr\u00e0mits d&#8217;estrangeria, com ara sol\u00b7licitar o renovar autoritzacions de resid\u00e8ncia o treball, pagar taxes, aportar documentaci\u00f3 o demanar cita pr\u00e8via. Tamb\u00e9 agilitza\u00a0gestions amb la Seguretat Social o amb la Direcci\u00f3 General de Tr\u00e0nsit. M\u00e9s enll\u00e0 de guanyar temps, fer els tr\u00e0mits telem\u00e0tics\u00a0evita despeses en assessoria jur\u00eddica i permet un millor control dels expedients.<\/span><\/p>\n<blockquote>\n<p>Necesitamos m\u00e1s que nunca poder mantener el acompa\u00f1amiento diario de nuestro equipo educativo a ni\u00f1os, ni\u00f1as, j\u00f3venes y familias, y responder a las situaciones de riesgo con kits de emergenica. Ap\u00f3yanos\u00a0<a href=\"https:\/\/www.casaldelsinfants.org\/es\/que-puedes-hacer-tu\/haz-un-donativo\/\"><u><strong>haciendo\u00a0un donativo aqu\u00ed<\/strong><\/u><\/a>.<\/p>\n<\/blockquote>\n","protected":false},"excerpt":{"rendered":"<p>[node:summary]<\/p>\n","protected":false},"author":1,"featured_media":3246,"comment_status":"open","ping_status":"open","sticky":false,"template":"","format":"standard","meta":{"_acf_changed":false,"_et_pb_use_builder":"","_et_pb_old_content":"","_et_gb_content_width":"","inline_featured_image":false,"footnotes":""},"categories":[125],"tags":[],"seus":[],"eixos":[110],"class_list":["post-4374","post","type-post","status-publish","format-standard","has-post-thumbnail","hentry","category-noticias","eixos-comunidad-casal-dels-infants"],"acf":[],"yoast_head":"<!-- This site is optimized with the Yoast SEO plugin v27.4 - https:\/\/yoast.com\/product\/yoast-seo-wordpress\/ -->\n<title>Casal dels Infants assessorament sociojur\u00eddic confinament<\/title>\n<meta name=\"description\" content=\"El Servei Sociojur\u00eddic Comunitari del Casal dels Infants ofereix assessorament a les fam\u00edlies durant el confinament pel Covid-19 en l&#039;\u00e0mbit laboral, de l&#039;habitatge, de la viol\u00e8ncia contra les dones i dels tr\u00e0mits telem\u00e0tics.\" \/>\n<meta name=\"robots\" content=\"index, follow, max-snippet:-1, max-image-preview:large, max-video-preview:-1\" \/>\n<link rel=\"canonical\" href=\"https:\/\/www.casaldelsinfants.org\/es\/actualidad\/que-asesoramiento-sociojuridico-ofrecemos-durante-el-confinamiento\/\" \/>\n<meta property=\"og:locale\" content=\"es_ES\" \/>\n<meta property=\"og:type\" content=\"article\" \/>\n<meta property=\"og:title\" content=\"Casal dels Infants assessorament sociojur\u00eddic confinament\" \/>\n<meta property=\"og:description\" content=\"El Servei Sociojur\u00eddic Comunitari del Casal dels Infants ofereix assessorament a les fam\u00edlies durant el confinament pel Covid-19 en l&#039;\u00e0mbit laboral, de l&#039;habitatge, de la viol\u00e8ncia contra les dones i dels tr\u00e0mits telem\u00e0tics.\" \/>\n<meta property=\"og:url\" content=\"https:\/\/www.casaldelsinfants.org\/es\/actualidad\/que-asesoramiento-sociojuridico-ofrecemos-durante-el-confinamiento\/\" \/>\n<meta property=\"og:site_name\" content=\"Casal dels Infants\" \/>\n<meta property=\"article:publisher\" content=\"https:\/\/www.facebook.com\/casalinfants\" \/>\n<meta property=\"article:published_time\" content=\"2020-04-16T10:48:54+00:00\" \/>\n<meta property=\"article:modified_time\" content=\"2023-05-01T15:52:01+00:00\" \/>\n<meta property=\"og:image\" content=\"https:\/\/www.casaldelsinfants.org\/wp-content\/uploads\/familia_ssjc.jpg\" \/>\n\t<meta property=\"og:image:width\" content=\"2453\" \/>\n\t<meta property=\"og:image:height\" content=\"1635\" \/>\n\t<meta property=\"og:image:type\" content=\"image\/jpeg\" \/>\n<meta name=\"author\" content=\"cdiAdmin\" \/>\n<meta name=\"twitter:card\" content=\"summary_large_image\" \/>\n<meta name=\"twitter:creator\" content=\"@casalinfants\" \/>\n<meta name=\"twitter:site\" content=\"@casalinfants\" \/>\n<meta name=\"twitter:label1\" content=\"Escrito por\" \/>\n\t<meta name=\"twitter:data1\" content=\"cdiAdmin\" \/>\n\t<meta name=\"twitter:label2\" content=\"Tiempo de lectura\" \/>\n\t<meta name=\"twitter:data2\" content=\"6 minutos\" \/>\n<script type=\"application\/ld+json\" class=\"yoast-schema-graph\">{\"@context\":\"https:\\\/\\\/schema.org\",\"@graph\":[{\"@type\":\"Article\",\"@id\":\"https:\\\/\\\/www.casaldelsinfants.org\\\/es\\\/actualidad\\\/que-asesoramiento-sociojuridico-ofrecemos-durante-el-confinamiento\\\/#article\",\"isPartOf\":{\"@id\":\"https:\\\/\\\/www.casaldelsinfants.org\\\/es\\\/actualidad\\\/que-asesoramiento-sociojuridico-ofrecemos-durante-el-confinamiento\\\/\"},\"author\":{\"name\":\"cdiAdmin\",\"@id\":\"https:\\\/\\\/www.casaldelsinfants.org\\\/es\\\/#\\\/schema\\\/person\\\/97707fc8c64900cf36891127dbf9fba8\"},\"headline\":\"\u00bfQu\u00e9 asesoramiento sociojur\u00eddico ofrecemos durante el confinamiento?\",\"datePublished\":\"2020-04-16T10:48:54+00:00\",\"dateModified\":\"2023-05-01T15:52:01+00:00\",\"mainEntityOfPage\":{\"@id\":\"https:\\\/\\\/www.casaldelsinfants.org\\\/es\\\/actualidad\\\/que-asesoramiento-sociojuridico-ofrecemos-durante-el-confinamiento\\\/\"},\"wordCount\":1209,\"commentCount\":0,\"publisher\":{\"@id\":\"https:\\\/\\\/www.casaldelsinfants.org\\\/es\\\/#organization\"},\"image\":{\"@id\":\"https:\\\/\\\/www.casaldelsinfants.org\\\/es\\\/actualidad\\\/que-asesoramiento-sociojuridico-ofrecemos-durante-el-confinamiento\\\/#primaryimage\"},\"thumbnailUrl\":\"https:\\\/\\\/www.casaldelsinfants.org\\\/wp-content\\\/uploads\\\/familia_ssjc.jpg\",\"articleSection\":[\"Noticia\"],\"inLanguage\":\"es\",\"potentialAction\":[{\"@type\":\"CommentAction\",\"name\":\"Comment\",\"target\":[\"https:\\\/\\\/www.casaldelsinfants.org\\\/es\\\/actualidad\\\/que-asesoramiento-sociojuridico-ofrecemos-durante-el-confinamiento\\\/#respond\"]}]},{\"@type\":\"WebPage\",\"@id\":\"https:\\\/\\\/www.casaldelsinfants.org\\\/es\\\/actualidad\\\/que-asesoramiento-sociojuridico-ofrecemos-durante-el-confinamiento\\\/\",\"url\":\"https:\\\/\\\/www.casaldelsinfants.org\\\/es\\\/actualidad\\\/que-asesoramiento-sociojuridico-ofrecemos-durante-el-confinamiento\\\/\",\"name\":\"Casal dels Infants assessorament sociojur\u00eddic confinament\",\"isPartOf\":{\"@id\":\"https:\\\/\\\/www.casaldelsinfants.org\\\/es\\\/#website\"},\"primaryImageOfPage\":{\"@id\":\"https:\\\/\\\/www.casaldelsinfants.org\\\/es\\\/actualidad\\\/que-asesoramiento-sociojuridico-ofrecemos-durante-el-confinamiento\\\/#primaryimage\"},\"image\":{\"@id\":\"https:\\\/\\\/www.casaldelsinfants.org\\\/es\\\/actualidad\\\/que-asesoramiento-sociojuridico-ofrecemos-durante-el-confinamiento\\\/#primaryimage\"},\"thumbnailUrl\":\"https:\\\/\\\/www.casaldelsinfants.org\\\/wp-content\\\/uploads\\\/familia_ssjc.jpg\",\"datePublished\":\"2020-04-16T10:48:54+00:00\",\"dateModified\":\"2023-05-01T15:52:01+00:00\",\"description\":\"El Servei Sociojur\u00eddic Comunitari del Casal dels Infants ofereix assessorament a les fam\u00edlies durant el confinament pel Covid-19 en l'\u00e0mbit laboral, de l'habitatge, de la viol\u00e8ncia contra les dones i dels tr\u00e0mits telem\u00e0tics.\",\"breadcrumb\":{\"@id\":\"https:\\\/\\\/www.casaldelsinfants.org\\\/es\\\/actualidad\\\/que-asesoramiento-sociojuridico-ofrecemos-durante-el-confinamiento\\\/#breadcrumb\"},\"inLanguage\":\"es\",\"potentialAction\":[{\"@type\":\"ReadAction\",\"target\":[\"https:\\\/\\\/www.casaldelsinfants.org\\\/es\\\/actualidad\\\/que-asesoramiento-sociojuridico-ofrecemos-durante-el-confinamiento\\\/\"]}]},{\"@type\":\"ImageObject\",\"inLanguage\":\"es\",\"@id\":\"https:\\\/\\\/www.casaldelsinfants.org\\\/es\\\/actualidad\\\/que-asesoramiento-sociojuridico-ofrecemos-durante-el-confinamiento\\\/#primaryimage\",\"url\":\"https:\\\/\\\/www.casaldelsinfants.org\\\/wp-content\\\/uploads\\\/familia_ssjc.jpg\",\"contentUrl\":\"https:\\\/\\\/www.casaldelsinfants.org\\\/wp-content\\\/uploads\\\/familia_ssjc.jpg\",\"width\":2453,\"height\":1635,\"caption\":\"Fam\u00edlia amb dos nens\"},{\"@type\":\"BreadcrumbList\",\"@id\":\"https:\\\/\\\/www.casaldelsinfants.org\\\/es\\\/actualidad\\\/que-asesoramiento-sociojuridico-ofrecemos-durante-el-confinamiento\\\/#breadcrumb\",\"itemListElement\":[{\"@type\":\"ListItem\",\"position\":1,\"name\":\"Inici\",\"item\":\"https:\\\/\\\/www.casaldelsinfants.org\\\/es\\\/\"},{\"@type\":\"ListItem\",\"position\":2,\"name\":\"\u00bfQu\u00e9 asesoramiento sociojur\u00eddico ofrecemos durante el confinamiento?\"}]},{\"@type\":\"WebSite\",\"@id\":\"https:\\\/\\\/www.casaldelsinfants.org\\\/es\\\/#website\",\"url\":\"https:\\\/\\\/www.casaldelsinfants.org\\\/es\\\/\",\"name\":\"Casal dels Infants\",\"description\":\"\",\"publisher\":{\"@id\":\"https:\\\/\\\/www.casaldelsinfants.org\\\/es\\\/#organization\"},\"potentialAction\":[{\"@type\":\"SearchAction\",\"target\":{\"@type\":\"EntryPoint\",\"urlTemplate\":\"https:\\\/\\\/www.casaldelsinfants.org\\\/es\\\/?s={search_term_string}\"},\"query-input\":{\"@type\":\"PropertyValueSpecification\",\"valueRequired\":true,\"valueName\":\"search_term_string\"}}],\"inLanguage\":\"es\"},{\"@type\":\"Organization\",\"@id\":\"https:\\\/\\\/www.casaldelsinfants.org\\\/es\\\/#organization\",\"name\":\"Casal dels Infants\",\"url\":\"https:\\\/\\\/www.casaldelsinfants.org\\\/es\\\/\",\"logo\":{\"@type\":\"ImageObject\",\"inLanguage\":\"es\",\"@id\":\"https:\\\/\\\/www.casaldelsinfants.org\\\/es\\\/#\\\/schema\\\/logo\\\/image\\\/\",\"url\":\"https:\\\/\\\/www.casaldelsinfants.org\\\/wp-content\\\/uploads\\\/logo-mail.png\",\"contentUrl\":\"https:\\\/\\\/www.casaldelsinfants.org\\\/wp-content\\\/uploads\\\/logo-mail.png\",\"width\":380,\"height\":158,\"caption\":\"Casal dels Infants\"},\"image\":{\"@id\":\"https:\\\/\\\/www.casaldelsinfants.org\\\/es\\\/#\\\/schema\\\/logo\\\/image\\\/\"},\"sameAs\":[\"https:\\\/\\\/www.facebook.com\\\/casalinfants\",\"https:\\\/\\\/x.com\\\/casalinfants\",\"https:\\\/\\\/www.youtube.com\\\/user\\\/CasaldelsInfants1\",\"https:\\\/\\\/www.instagram.com\\\/casalinfants\\\/\",\"https:\\\/\\\/www.linkedin.com\\\/company\\\/casaldelsinfants?trk=organization-update_share-update_actor-text\"]},{\"@type\":\"Person\",\"@id\":\"https:\\\/\\\/www.casaldelsinfants.org\\\/es\\\/#\\\/schema\\\/person\\\/97707fc8c64900cf36891127dbf9fba8\",\"name\":\"cdiAdmin\",\"sameAs\":[\"https:\\\/\\\/casaldelsinfants.org\"]}]}<\/script>\n<!-- \/ Yoast SEO plugin. -->","yoast_head_json":{"title":"Casal dels Infants assessorament sociojur\u00eddic confinament","description":"El Servei Sociojur\u00eddic Comunitari del Casal dels Infants ofereix assessorament a les fam\u00edlies durant el confinament pel Covid-19 en l'\u00e0mbit laboral, de l'habitatge, de la viol\u00e8ncia contra les dones i dels tr\u00e0mits telem\u00e0tics.","robots":{"index":"index","follow":"follow","max-snippet":"max-snippet:-1","max-image-preview":"max-image-preview:large","max-video-preview":"max-video-preview:-1"},"canonical":"https:\/\/www.casaldelsinfants.org\/es\/actualidad\/que-asesoramiento-sociojuridico-ofrecemos-durante-el-confinamiento\/","og_locale":"es_ES","og_type":"article","og_title":"Casal dels Infants assessorament sociojur\u00eddic confinament","og_description":"El Servei Sociojur\u00eddic Comunitari del Casal dels Infants ofereix assessorament a les fam\u00edlies durant el confinament pel Covid-19 en l'\u00e0mbit laboral, de l'habitatge, de la viol\u00e8ncia contra les dones i dels tr\u00e0mits telem\u00e0tics.","og_url":"https:\/\/www.casaldelsinfants.org\/es\/actualidad\/que-asesoramiento-sociojuridico-ofrecemos-durante-el-confinamiento\/","og_site_name":"Casal dels Infants","article_publisher":"https:\/\/www.facebook.com\/casalinfants","article_published_time":"2020-04-16T10:48:54+00:00","article_modified_time":"2023-05-01T15:52:01+00:00","og_image":[{"width":2453,"height":1635,"url":"https:\/\/www.casaldelsinfants.org\/wp-content\/uploads\/familia_ssjc.jpg","type":"image\/jpeg"}],"author":"cdiAdmin","twitter_card":"summary_large_image","twitter_creator":"@casalinfants","twitter_site":"@casalinfants","twitter_misc":{"Escrito por":"cdiAdmin","Tiempo de lectura":"6 minutos"},"schema":{"@context":"https:\/\/schema.org","@graph":[{"@type":"Article","@id":"https:\/\/www.casaldelsinfants.org\/es\/actualidad\/que-asesoramiento-sociojuridico-ofrecemos-durante-el-confinamiento\/#article","isPartOf":{"@id":"https:\/\/www.casaldelsinfants.org\/es\/actualidad\/que-asesoramiento-sociojuridico-ofrecemos-durante-el-confinamiento\/"},"author":{"name":"cdiAdmin","@id":"https:\/\/www.casaldelsinfants.org\/es\/#\/schema\/person\/97707fc8c64900cf36891127dbf9fba8"},"headline":"\u00bfQu\u00e9 asesoramiento sociojur\u00eddico ofrecemos durante el confinamiento?","datePublished":"2020-04-16T10:48:54+00:00","dateModified":"2023-05-01T15:52:01+00:00","mainEntityOfPage":{"@id":"https:\/\/www.casaldelsinfants.org\/es\/actualidad\/que-asesoramiento-sociojuridico-ofrecemos-durante-el-confinamiento\/"},"wordCount":1209,"commentCount":0,"publisher":{"@id":"https:\/\/www.casaldelsinfants.org\/es\/#organization"},"image":{"@id":"https:\/\/www.casaldelsinfants.org\/es\/actualidad\/que-asesoramiento-sociojuridico-ofrecemos-durante-el-confinamiento\/#primaryimage"},"thumbnailUrl":"https:\/\/www.casaldelsinfants.org\/wp-content\/uploads\/familia_ssjc.jpg","articleSection":["Noticia"],"inLanguage":"es","potentialAction":[{"@type":"CommentAction","name":"Comment","target":["https:\/\/www.casaldelsinfants.org\/es\/actualidad\/que-asesoramiento-sociojuridico-ofrecemos-durante-el-confinamiento\/#respond"]}]},{"@type":"WebPage","@id":"https:\/\/www.casaldelsinfants.org\/es\/actualidad\/que-asesoramiento-sociojuridico-ofrecemos-durante-el-confinamiento\/","url":"https:\/\/www.casaldelsinfants.org\/es\/actualidad\/que-asesoramiento-sociojuridico-ofrecemos-durante-el-confinamiento\/","name":"Casal dels Infants assessorament sociojur\u00eddic confinament","isPartOf":{"@id":"https:\/\/www.casaldelsinfants.org\/es\/#website"},"primaryImageOfPage":{"@id":"https:\/\/www.casaldelsinfants.org\/es\/actualidad\/que-asesoramiento-sociojuridico-ofrecemos-durante-el-confinamiento\/#primaryimage"},"image":{"@id":"https:\/\/www.casaldelsinfants.org\/es\/actualidad\/que-asesoramiento-sociojuridico-ofrecemos-durante-el-confinamiento\/#primaryimage"},"thumbnailUrl":"https:\/\/www.casaldelsinfants.org\/wp-content\/uploads\/familia_ssjc.jpg","datePublished":"2020-04-16T10:48:54+00:00","dateModified":"2023-05-01T15:52:01+00:00","description":"El Servei Sociojur\u00eddic Comunitari del Casal dels Infants ofereix assessorament a les fam\u00edlies durant el confinament pel Covid-19 en l'\u00e0mbit laboral, de l'habitatge, de la viol\u00e8ncia contra les dones i dels tr\u00e0mits telem\u00e0tics.","breadcrumb":{"@id":"https:\/\/www.casaldelsinfants.org\/es\/actualidad\/que-asesoramiento-sociojuridico-ofrecemos-durante-el-confinamiento\/#breadcrumb"},"inLanguage":"es","potentialAction":[{"@type":"ReadAction","target":["https:\/\/www.casaldelsinfants.org\/es\/actualidad\/que-asesoramiento-sociojuridico-ofrecemos-durante-el-confinamiento\/"]}]},{"@type":"ImageObject","inLanguage":"es","@id":"https:\/\/www.casaldelsinfants.org\/es\/actualidad\/que-asesoramiento-sociojuridico-ofrecemos-durante-el-confinamiento\/#primaryimage","url":"https:\/\/www.casaldelsinfants.org\/wp-content\/uploads\/familia_ssjc.jpg","contentUrl":"https:\/\/www.casaldelsinfants.org\/wp-content\/uploads\/familia_ssjc.jpg","width":2453,"height":1635,"caption":"Fam\u00edlia amb dos nens"},{"@type":"BreadcrumbList","@id":"https:\/\/www.casaldelsinfants.org\/es\/actualidad\/que-asesoramiento-sociojuridico-ofrecemos-durante-el-confinamiento\/#breadcrumb","itemListElement":[{"@type":"ListItem","position":1,"name":"Inici","item":"https:\/\/www.casaldelsinfants.org\/es\/"},{"@type":"ListItem","position":2,"name":"\u00bfQu\u00e9 asesoramiento sociojur\u00eddico ofrecemos durante el confinamiento?"}]},{"@type":"WebSite","@id":"https:\/\/www.casaldelsinfants.org\/es\/#website","url":"https:\/\/www.casaldelsinfants.org\/es\/","name":"Casal dels Infants","description":"","publisher":{"@id":"https:\/\/www.casaldelsinfants.org\/es\/#organization"},"potentialAction":[{"@type":"SearchAction","target":{"@type":"EntryPoint","urlTemplate":"https:\/\/www.casaldelsinfants.org\/es\/?s={search_term_string}"},"query-input":{"@type":"PropertyValueSpecification","valueRequired":true,"valueName":"search_term_string"}}],"inLanguage":"es"},{"@type":"Organization","@id":"https:\/\/www.casaldelsinfants.org\/es\/#organization","name":"Casal dels Infants","url":"https:\/\/www.casaldelsinfants.org\/es\/","logo":{"@type":"ImageObject","inLanguage":"es","@id":"https:\/\/www.casaldelsinfants.org\/es\/#\/schema\/logo\/image\/","url":"https:\/\/www.casaldelsinfants.org\/wp-content\/uploads\/logo-mail.png","contentUrl":"https:\/\/www.casaldelsinfants.org\/wp-content\/uploads\/logo-mail.png","width":380,"height":158,"caption":"Casal dels Infants"},"image":{"@id":"https:\/\/www.casaldelsinfants.org\/es\/#\/schema\/logo\/image\/"},"sameAs":["https:\/\/www.facebook.com\/casalinfants","https:\/\/x.com\/casalinfants","https:\/\/www.youtube.com\/user\/CasaldelsInfants1","https:\/\/www.instagram.com\/casalinfants\/","https:\/\/www.linkedin.com\/company\/casaldelsinfants?trk=organization-update_share-update_actor-text"]},{"@type":"Person","@id":"https:\/\/www.casaldelsinfants.org\/es\/#\/schema\/person\/97707fc8c64900cf36891127dbf9fba8","name":"cdiAdmin","sameAs":["https:\/\/casaldelsinfants.org"]}]}},"publishpress_future_action":{"enabled":false,"date":"2026-05-09 11:18:50","action":"change-status","newStatus":"draft","terms":[],"taxonomy":"category","extraData":[]},"publishpress_future_workflow_manual_trigger":{"enabledWorkflows":[]},"_links":{"self":[{"href":"https:\/\/www.casaldelsinfants.org\/es\/wp-json\/wp\/v2\/posts\/4374","targetHints":{"allow":["GET"]}}],"collection":[{"href":"https:\/\/www.casaldelsinfants.org\/es\/wp-json\/wp\/v2\/posts"}],"about":[{"href":"https:\/\/www.casaldelsinfants.org\/es\/wp-json\/wp\/v2\/types\/post"}],"author":[{"embeddable":true,"href":"https:\/\/www.casaldelsinfants.org\/es\/wp-json\/wp\/v2\/users\/1"}],"replies":[{"embeddable":true,"href":"https:\/\/www.casaldelsinfants.org\/es\/wp-json\/wp\/v2\/comments?post=4374"}],"version-history":[{"count":1,"href":"https:\/\/www.casaldelsinfants.org\/es\/wp-json\/wp\/v2\/posts\/4374\/revisions"}],"predecessor-version":[{"id":6330,"href":"https:\/\/www.casaldelsinfants.org\/es\/wp-json\/wp\/v2\/posts\/4374\/revisions\/6330"}],"wp:featuredmedia":[{"embeddable":true,"href":"https:\/\/www.casaldelsinfants.org\/es\/wp-json\/wp\/v2\/media\/3246"}],"wp:attachment":[{"href":"https:\/\/www.casaldelsinfants.org\/es\/wp-json\/wp\/v2\/media?parent=4374"}],"wp:term":[{"taxonomy":"category","embeddable":true,"href":"https:\/\/www.casaldelsinfants.org\/es\/wp-json\/wp\/v2\/categories?post=4374"},{"taxonomy":"post_tag","embeddable":true,"href":"https:\/\/www.casaldelsinfants.org\/es\/wp-json\/wp\/v2\/tags?post=4374"},{"taxonomy":"seus","embeddable":true,"href":"https:\/\/www.casaldelsinfants.org\/es\/wp-json\/wp\/v2\/seus?post=4374"},{"taxonomy":"eixos","embeddable":true,"href":"https:\/\/www.casaldelsinfants.org\/es\/wp-json\/wp\/v2\/eixos?post=4374"}],"curies":[{"name":"wp","href":"https:\/\/api.w.org\/{rel}","templated":true}]}}