{"id":4375,"date":"2020-04-16T12:33:53","date_gmt":"2020-04-16T10:33:53","guid":{"rendered":"https:\/\/casal.puntzero.cat\/noticies\/un-mes-fent-costat-als-i-les-joves-durant-el-confinament\/"},"modified":"2023-05-01T17:52:07","modified_gmt":"2023-05-01T15:52:07","slug":"un-mes-fent-costat-als-i-les-joves-durant-el-confinament","status":"publish","type":"post","link":"https:\/\/www.casaldelsinfants.org\/es\/actualidad\/un-mes-apoyando-los-y-las-jovenes-durante-el-confinamiento\/","title":{"rendered":"Un mes apoyando a los y las j\u00f3venes durante el confinamiento"},"content":{"rendered":"<p><span style=\"color:#000000;\">Tras un mes de confinamiento, seguimos adelante con nuestro acompa\u00f1amiento a los y las j\u00f3venes que participan en nuestros servicios, manteniendo un contacto directo con ellos y ellas, estando al corriente de su situaci\u00f3n y tratando que pasen estas semanas en casa de la mejor manera posible. Estos son los \u00e1mbitos principales en los que actuamos desde la distancia.<\/span><\/p>\n<p><strong>Necesidades b\u00e1sicas<\/strong><\/p>\n<p><span style=\"color:#000000;\">Como hemos hecho en todos los servicios de la asociaci\u00f3n, la priodad ha sido detectar aquellos casos en los que se han agravado los problemas para salir adelante. Los padres y madres de muchos y muchas j\u00f3venes han perdido el trabajo y tienen problemas econ\u00f3micos. Muchos chicos y chicas no cuentan con ayudas y ahora necesitan v\u00edas de apoyo, que tratamos de garantizar coordin\u00e1ndonos con con los servicios sociales y distintas redes de solidaridad.<\/span><\/p>\n<p><strong>Espacios de encuentro virtuales<\/strong><\/p>\n<p><span style=\"color:#000000;\">Los ratos compartidos en el Casal Jove no se han perdido. Aunque no sea lo mismo que verse en persona, las redes permiten a los y las j\u00f3venes reunirse por las tardes, mantener vivo el sentimiento de pertenencia al grupo y no perder la referencia de los educadores y educadoras. En el Casal Jove Atles Raval han establecido la merienda virtual, que comparten entre las 17.30 h y las 19 h. En Santa Coloma de Gramanet y Badalona tambi\u00e9n se ven por videoconferencia y el equipo educativo les env\u00eda v\u00eddeos con recetas cada semana.<\/span><\/p>\n<p><strong>Estudios, formaci\u00f3n y orientaci\u00f3n acad\u00e9mica<\/strong><\/p>\n<p><span style=\"color:#000000;\">Los espacios de estudio de los Casals Joves tambi\u00e9n se han digitalizado. Herramientas como Google Drive permiten compartir con los chicos y chicas materiales de apoyo. En algunos incluso hemos llegado a hacer clases de refuerzo por videoconferencia. Se han hecho llegar algunas de las 65 tablets donadas por Amazon al Casal a quienes no cuentan con dispositivos tecnol\u00f2gicos adecuados para seguir sus estudios.<\/span><\/p>\n<p><span style=\"color:#000000;\">Otro punto clave es la orientaci\u00f3n acad\u00e9mica de cara al pr\u00f3ximo curso, que los equipos est\u00e1n ofreciendo por videoconferencia. Damos apoyo y acompa\u00f1amiento en las inscripciones telem\u00e1ticas, y en algunos casos los y las j\u00f3venes han contado con asesoramiento de servicios especializados como el Punto de Informaci\u00f3n Juvenil (PIJ) de Ciutat Vella.<\/span><\/p>\n<p><span style=\"color:#000000;\">En cuanto al Programa de Formaci\u00f3n e Inserci\u00f3n Laboral, el equipo suma esfuerzos para superar el golpe del confinamiento enviando c\u00e1psulas formativas digitales. Tambi\u00e9n potencia los perfiles que encajan en las demandas de trabajo que surgen con la crisis del Covid-19. Se ha conseguido inserir j\u00f3venes en hoteles que alojan personal sanitario durante estos d\u00edas, por ejemplo.<\/span><\/p>\n<p><strong>Gesti\u00f3n emocional<\/strong><\/p>\n<p><span style=\"color:#000000;\">Seguir el confinamiento es una responsabilidad colectiva, pero no es f\u00e1cil, sobre todo si se arrastran situaciones de vulnerabilidad. Hay j\u00f3venes que tienen relaciones dif\u00edciles en el entorno familias con las que tienen que convivir las 24 horas. Las viviendas, a menudo en condiciones inadecuadas, tambi\u00e9n complican su d\u00eda a d\u00eda. Hay quien se siente deprimido o angustiado. El v\u00ednculo con los educadores y educadoras y el contacto con el grupo es un apoyo importante para salir adelante.<\/span><\/p>\n<p><strong>Servicio de Transici\u00f3n a la Autonom\u00eda<\/strong><\/p>\n<p><span style=\"color:#000000;\">Nuestro Servicio de Transici\u00f3n a la Autonom\u00eda (STA) acompa\u00f1a durante todo el a\u00f1o a j\u00f3venes mayores de edad en situaci\u00f3n de vivienda inestable, que pasan a vivir en unos de los cinco pisos compartidos del servicio, se vincular a un proceso de formaci\u00f3n e inserci\u00f3n laboral y definen un itinerario para poder acabar siendo aut\u00f3nomos en un futuro.<\/span><\/p>\n<p><span style=\"color:#000000;\">Durante estos d\u00edas de confinamiento, el equipo del STA ha reforzado el contacto directo con los y las j\u00f3venes, con quien comparten asambleas por teleconferencia peri\u00f3dicamente, talleres para la gesti\u00f3n emocional y tutor\u00edas. El resultado est\u00e0 siendo el mantenimiento de una convivencia positiva e incluso una mejora de la cohesi\u00f3n entre los y las j\u00f3venes.<\/span><\/p>\n<p><span style=\"color:#000000;\">Muchos de estos chicos y chicas han vivido procesos migratorios y est\u00e1n pendientes de tr\u00e1mites de extranjer\u00eda, como solicitar o renovar autorizaciones de residencia o trabajo, pagar tasas, aportar documentaci\u00f3n o pedir cita previa. Son tr\u00e1mites que en los \u00faltimos meses ya se hab\u00edan alargado mucho, y que si se detienen impiden ejercer derechos b\u00e1sicos. \u00a0<\/span><\/p>\n<p><span style=\"color:#000000;\">Es por ello que desde el Servicio Sociojur\u00eddico Comunitario les estamos asesorando par aque agilicen por que los agilicen de manera telem\u00e1tica da trav\u00e9s del sistema @Clave.<\/span><\/p>\n<p><span style=\"color:#000000;\">Nos preocupa tambi\u00e9n que el escenario posterior a la crisis del Covid-19 comporte menos oportunidades de inserci\u00f3n laboral para estos j\u00f3venes. Trabajamos para que puedan seguir encontrando itinerarios de ocupaci\u00f3n e inserci\u00f3n, e incidiremos en las administraciones para que as\u00ed lo garanticen.<\/span><\/p>\n<blockquote>\n<p><span style=\"font-size:18px;\">Necesitamos m\u00e1s que nunca poder mantener el acompa\u00f1amiento diario de nuestro equipo educativo a ni\u00f1os, ni\u00f1as, j\u00f3venes y familias, y responder a las situaciones de riesgo con kits de emergenica. Ap\u00f3yanos <a href=\"https:\/\/www.casaldelsinfants.org\/es\/que-puedes-hacer-tu\/haz-un-donativo\/\"><u><strong>haciendo\u00a0un donativo aqu\u00ed<\/strong><\/u><\/a>.<\/span><\/p>\n<\/blockquote>\n","protected":false},"excerpt":{"rendered":"<p>Tras un mes de confinamiento, seguimos adelante con nuestro acompa\u00f1amiento a los y las j\u00f3venes que participan en nuestros servicios, manteniendo un contacto directo con ellos y ellas, estando al corriente de su situaci\u00f3n y tratando que pasen estas semanas en casa de la mejor manera posible. Estos son los \u00e1mbitos principales en los que [&hellip;]<\/p>\n","protected":false},"author":1,"featured_media":3249,"comment_status":"open","ping_status":"open","sticky":false,"template":"","format":"standard","meta":{"_acf_changed":false,"_et_pb_use_builder":"","_et_pb_old_content":"","_et_gb_content_width":"","inline_featured_image":false,"footnotes":""},"categories":[125],"tags":[],"seus":[],"eixos":[102],"class_list":["post-4375","post","type-post","status-publish","format-standard","has-post-thumbnail","hentry","category-noticias","eixos-jovenes"],"acf":[],"yoast_head":"<!-- This site is optimized with the Yoast SEO plugin v27.4 - https:\/\/yoast.com\/product\/yoast-seo-wordpress\/ -->\n<title>Un mes joves confinament<\/title>\n<meta name=\"description\" content=\"Al Casal dels Infants els nostres Casals Joves, el Programa de Formaci\u00f3 i Inserci\u00f3 Laboral i el Servei de Transici\u00f3 a l&#039;Autonomia porten un mes fent costat als i les joves durant el confinament des de la dist\u00e0ncia.\" \/>\n<meta name=\"robots\" content=\"index, follow, max-snippet:-1, max-image-preview:large, max-video-preview:-1\" \/>\n<link rel=\"canonical\" href=\"https:\/\/www.casaldelsinfants.org\/es\/actualidad\/un-mes-apoyando-los-y-las-jovenes-durante-el-confinamiento\/\" \/>\n<meta property=\"og:locale\" content=\"es_ES\" \/>\n<meta property=\"og:type\" content=\"article\" \/>\n<meta property=\"og:title\" content=\"Un mes joves confinament\" \/>\n<meta property=\"og:description\" content=\"Al Casal dels Infants els nostres Casals Joves, el Programa de Formaci\u00f3 i Inserci\u00f3 Laboral i el Servei de Transici\u00f3 a l&#039;Autonomia porten un mes fent costat als i les joves durant el confinament des de la dist\u00e0ncia.\" \/>\n<meta property=\"og:url\" content=\"https:\/\/www.casaldelsinfants.org\/es\/actualidad\/un-mes-apoyando-los-y-las-jovenes-durante-el-confinamiento\/\" \/>\n<meta property=\"og:site_name\" content=\"Casal dels Infants\" \/>\n<meta property=\"article:publisher\" content=\"https:\/\/www.facebook.com\/casalinfants\" \/>\n<meta property=\"article:published_time\" content=\"2020-04-16T10:33:53+00:00\" \/>\n<meta property=\"article:modified_time\" content=\"2023-05-01T15:52:07+00:00\" \/>\n<meta property=\"og:image\" content=\"https:\/\/www.casaldelsinfants.org\/wp-content\/uploads\/whatsapp_image_2020-04-05_at_12.01.43.jpeg\" \/>\n\t<meta property=\"og:image:width\" content=\"1024\" \/>\n\t<meta property=\"og:image:height\" content=\"768\" \/>\n\t<meta property=\"og:image:type\" content=\"image\/jpeg\" \/>\n<meta name=\"author\" content=\"cdiAdmin\" \/>\n<meta name=\"twitter:card\" content=\"summary_large_image\" \/>\n<meta name=\"twitter:creator\" content=\"@casalinfants\" \/>\n<meta name=\"twitter:site\" content=\"@casalinfants\" \/>\n<meta name=\"twitter:label1\" content=\"Escrito por\" \/>\n\t<meta name=\"twitter:data1\" content=\"cdiAdmin\" \/>\n\t<meta name=\"twitter:label2\" content=\"Tiempo de lectura\" \/>\n\t<meta name=\"twitter:data2\" content=\"4 minutos\" \/>\n<script type=\"application\/ld+json\" class=\"yoast-schema-graph\">{\"@context\":\"https:\\\/\\\/schema.org\",\"@graph\":[{\"@type\":\"Article\",\"@id\":\"https:\\\/\\\/www.casaldelsinfants.org\\\/es\\\/actualidad\\\/un-mes-apoyando-los-y-las-jovenes-durante-el-confinamiento\\\/#article\",\"isPartOf\":{\"@id\":\"https:\\\/\\\/www.casaldelsinfants.org\\\/es\\\/actualidad\\\/un-mes-apoyando-los-y-las-jovenes-durante-el-confinamiento\\\/\"},\"author\":{\"name\":\"cdiAdmin\",\"@id\":\"https:\\\/\\\/www.casaldelsinfants.org\\\/es\\\/#\\\/schema\\\/person\\\/97707fc8c64900cf36891127dbf9fba8\"},\"headline\":\"Un mes apoyando a los y las j\u00f3venes durante el confinamiento\",\"datePublished\":\"2020-04-16T10:33:53+00:00\",\"dateModified\":\"2023-05-01T15:52:07+00:00\",\"mainEntityOfPage\":{\"@id\":\"https:\\\/\\\/www.casaldelsinfants.org\\\/es\\\/actualidad\\\/un-mes-apoyando-los-y-las-jovenes-durante-el-confinamiento\\\/\"},\"wordCount\":856,\"commentCount\":0,\"publisher\":{\"@id\":\"https:\\\/\\\/www.casaldelsinfants.org\\\/es\\\/#organization\"},\"image\":{\"@id\":\"https:\\\/\\\/www.casaldelsinfants.org\\\/es\\\/actualidad\\\/un-mes-apoyando-los-y-las-jovenes-durante-el-confinamiento\\\/#primaryimage\"},\"thumbnailUrl\":\"https:\\\/\\\/www.casaldelsinfants.org\\\/wp-content\\\/uploads\\\/whatsapp_image_2020-04-05_at_12.01.43.jpeg\",\"articleSection\":[\"Noticia\"],\"inLanguage\":\"es\",\"potentialAction\":[{\"@type\":\"CommentAction\",\"name\":\"Comment\",\"target\":[\"https:\\\/\\\/www.casaldelsinfants.org\\\/es\\\/actualidad\\\/un-mes-apoyando-los-y-las-jovenes-durante-el-confinamiento\\\/#respond\"]}]},{\"@type\":\"WebPage\",\"@id\":\"https:\\\/\\\/www.casaldelsinfants.org\\\/es\\\/actualidad\\\/un-mes-apoyando-los-y-las-jovenes-durante-el-confinamiento\\\/\",\"url\":\"https:\\\/\\\/www.casaldelsinfants.org\\\/es\\\/actualidad\\\/un-mes-apoyando-los-y-las-jovenes-durante-el-confinamiento\\\/\",\"name\":\"Un mes joves confinament\",\"isPartOf\":{\"@id\":\"https:\\\/\\\/www.casaldelsinfants.org\\\/es\\\/#website\"},\"primaryImageOfPage\":{\"@id\":\"https:\\\/\\\/www.casaldelsinfants.org\\\/es\\\/actualidad\\\/un-mes-apoyando-los-y-las-jovenes-durante-el-confinamiento\\\/#primaryimage\"},\"image\":{\"@id\":\"https:\\\/\\\/www.casaldelsinfants.org\\\/es\\\/actualidad\\\/un-mes-apoyando-los-y-las-jovenes-durante-el-confinamiento\\\/#primaryimage\"},\"thumbnailUrl\":\"https:\\\/\\\/www.casaldelsinfants.org\\\/wp-content\\\/uploads\\\/whatsapp_image_2020-04-05_at_12.01.43.jpeg\",\"datePublished\":\"2020-04-16T10:33:53+00:00\",\"dateModified\":\"2023-05-01T15:52:07+00:00\",\"description\":\"Al Casal dels Infants els nostres Casals Joves, el Programa de Formaci\u00f3 i Inserci\u00f3 Laboral i el Servei de Transici\u00f3 a l'Autonomia porten un mes fent costat als i les joves durant el confinament des de la dist\u00e0ncia.\",\"breadcrumb\":{\"@id\":\"https:\\\/\\\/www.casaldelsinfants.org\\\/es\\\/actualidad\\\/un-mes-apoyando-los-y-las-jovenes-durante-el-confinamiento\\\/#breadcrumb\"},\"inLanguage\":\"es\",\"potentialAction\":[{\"@type\":\"ReadAction\",\"target\":[\"https:\\\/\\\/www.casaldelsinfants.org\\\/es\\\/actualidad\\\/un-mes-apoyando-los-y-las-jovenes-durante-el-confinamiento\\\/\"]}]},{\"@type\":\"ImageObject\",\"inLanguage\":\"es\",\"@id\":\"https:\\\/\\\/www.casaldelsinfants.org\\\/es\\\/actualidad\\\/un-mes-apoyando-los-y-las-jovenes-durante-el-confinamiento\\\/#primaryimage\",\"url\":\"https:\\\/\\\/www.casaldelsinfants.org\\\/wp-content\\\/uploads\\\/whatsapp_image_2020-04-05_at_12.01.43.jpeg\",\"contentUrl\":\"https:\\\/\\\/www.casaldelsinfants.org\\\/wp-content\\\/uploads\\\/whatsapp_image_2020-04-05_at_12.01.43.jpeg\",\"width\":1024,\"height\":768,\"caption\":\"Quatre persones en una videoconf\u00e8rencia\"},{\"@type\":\"BreadcrumbList\",\"@id\":\"https:\\\/\\\/www.casaldelsinfants.org\\\/es\\\/actualidad\\\/un-mes-apoyando-los-y-las-jovenes-durante-el-confinamiento\\\/#breadcrumb\",\"itemListElement\":[{\"@type\":\"ListItem\",\"position\":1,\"name\":\"Inici\",\"item\":\"https:\\\/\\\/www.casaldelsinfants.org\\\/es\\\/\"},{\"@type\":\"ListItem\",\"position\":2,\"name\":\"Un mes apoyando a los y las j\u00f3venes durante el confinamiento\"}]},{\"@type\":\"WebSite\",\"@id\":\"https:\\\/\\\/www.casaldelsinfants.org\\\/es\\\/#website\",\"url\":\"https:\\\/\\\/www.casaldelsinfants.org\\\/es\\\/\",\"name\":\"Casal dels Infants\",\"description\":\"\",\"publisher\":{\"@id\":\"https:\\\/\\\/www.casaldelsinfants.org\\\/es\\\/#organization\"},\"potentialAction\":[{\"@type\":\"SearchAction\",\"target\":{\"@type\":\"EntryPoint\",\"urlTemplate\":\"https:\\\/\\\/www.casaldelsinfants.org\\\/es\\\/?s={search_term_string}\"},\"query-input\":{\"@type\":\"PropertyValueSpecification\",\"valueRequired\":true,\"valueName\":\"search_term_string\"}}],\"inLanguage\":\"es\"},{\"@type\":\"Organization\",\"@id\":\"https:\\\/\\\/www.casaldelsinfants.org\\\/es\\\/#organization\",\"name\":\"Casal dels Infants\",\"url\":\"https:\\\/\\\/www.casaldelsinfants.org\\\/es\\\/\",\"logo\":{\"@type\":\"ImageObject\",\"inLanguage\":\"es\",\"@id\":\"https:\\\/\\\/www.casaldelsinfants.org\\\/es\\\/#\\\/schema\\\/logo\\\/image\\\/\",\"url\":\"https:\\\/\\\/www.casaldelsinfants.org\\\/wp-content\\\/uploads\\\/logo-mail.png\",\"contentUrl\":\"https:\\\/\\\/www.casaldelsinfants.org\\\/wp-content\\\/uploads\\\/logo-mail.png\",\"width\":380,\"height\":158,\"caption\":\"Casal dels Infants\"},\"image\":{\"@id\":\"https:\\\/\\\/www.casaldelsinfants.org\\\/es\\\/#\\\/schema\\\/logo\\\/image\\\/\"},\"sameAs\":[\"https:\\\/\\\/www.facebook.com\\\/casalinfants\",\"https:\\\/\\\/x.com\\\/casalinfants\",\"https:\\\/\\\/www.youtube.com\\\/user\\\/CasaldelsInfants1\",\"https:\\\/\\\/www.instagram.com\\\/casalinfants\\\/\",\"https:\\\/\\\/www.linkedin.com\\\/company\\\/casaldelsinfants?trk=organization-update_share-update_actor-text\"]},{\"@type\":\"Person\",\"@id\":\"https:\\\/\\\/www.casaldelsinfants.org\\\/es\\\/#\\\/schema\\\/person\\\/97707fc8c64900cf36891127dbf9fba8\",\"name\":\"cdiAdmin\",\"sameAs\":[\"https:\\\/\\\/casaldelsinfants.org\"]}]}<\/script>\n<!-- \/ Yoast SEO plugin. -->","yoast_head_json":{"title":"Un mes joves confinament","description":"Al Casal dels Infants els nostres Casals Joves, el Programa de Formaci\u00f3 i Inserci\u00f3 Laboral i el Servei de Transici\u00f3 a l'Autonomia porten un mes fent costat als i les joves durant el confinament des de la dist\u00e0ncia.","robots":{"index":"index","follow":"follow","max-snippet":"max-snippet:-1","max-image-preview":"max-image-preview:large","max-video-preview":"max-video-preview:-1"},"canonical":"https:\/\/www.casaldelsinfants.org\/es\/actualidad\/un-mes-apoyando-los-y-las-jovenes-durante-el-confinamiento\/","og_locale":"es_ES","og_type":"article","og_title":"Un mes joves confinament","og_description":"Al Casal dels Infants els nostres Casals Joves, el Programa de Formaci\u00f3 i Inserci\u00f3 Laboral i el Servei de Transici\u00f3 a l'Autonomia porten un mes fent costat als i les joves durant el confinament des de la dist\u00e0ncia.","og_url":"https:\/\/www.casaldelsinfants.org\/es\/actualidad\/un-mes-apoyando-los-y-las-jovenes-durante-el-confinamiento\/","og_site_name":"Casal dels Infants","article_publisher":"https:\/\/www.facebook.com\/casalinfants","article_published_time":"2020-04-16T10:33:53+00:00","article_modified_time":"2023-05-01T15:52:07+00:00","og_image":[{"width":1024,"height":768,"url":"https:\/\/www.casaldelsinfants.org\/wp-content\/uploads\/whatsapp_image_2020-04-05_at_12.01.43.jpeg","type":"image\/jpeg"}],"author":"cdiAdmin","twitter_card":"summary_large_image","twitter_creator":"@casalinfants","twitter_site":"@casalinfants","twitter_misc":{"Escrito por":"cdiAdmin","Tiempo de lectura":"4 minutos"},"schema":{"@context":"https:\/\/schema.org","@graph":[{"@type":"Article","@id":"https:\/\/www.casaldelsinfants.org\/es\/actualidad\/un-mes-apoyando-los-y-las-jovenes-durante-el-confinamiento\/#article","isPartOf":{"@id":"https:\/\/www.casaldelsinfants.org\/es\/actualidad\/un-mes-apoyando-los-y-las-jovenes-durante-el-confinamiento\/"},"author":{"name":"cdiAdmin","@id":"https:\/\/www.casaldelsinfants.org\/es\/#\/schema\/person\/97707fc8c64900cf36891127dbf9fba8"},"headline":"Un mes apoyando a los y las j\u00f3venes durante el confinamiento","datePublished":"2020-04-16T10:33:53+00:00","dateModified":"2023-05-01T15:52:07+00:00","mainEntityOfPage":{"@id":"https:\/\/www.casaldelsinfants.org\/es\/actualidad\/un-mes-apoyando-los-y-las-jovenes-durante-el-confinamiento\/"},"wordCount":856,"commentCount":0,"publisher":{"@id":"https:\/\/www.casaldelsinfants.org\/es\/#organization"},"image":{"@id":"https:\/\/www.casaldelsinfants.org\/es\/actualidad\/un-mes-apoyando-los-y-las-jovenes-durante-el-confinamiento\/#primaryimage"},"thumbnailUrl":"https:\/\/www.casaldelsinfants.org\/wp-content\/uploads\/whatsapp_image_2020-04-05_at_12.01.43.jpeg","articleSection":["Noticia"],"inLanguage":"es","potentialAction":[{"@type":"CommentAction","name":"Comment","target":["https:\/\/www.casaldelsinfants.org\/es\/actualidad\/un-mes-apoyando-los-y-las-jovenes-durante-el-confinamiento\/#respond"]}]},{"@type":"WebPage","@id":"https:\/\/www.casaldelsinfants.org\/es\/actualidad\/un-mes-apoyando-los-y-las-jovenes-durante-el-confinamiento\/","url":"https:\/\/www.casaldelsinfants.org\/es\/actualidad\/un-mes-apoyando-los-y-las-jovenes-durante-el-confinamiento\/","name":"Un mes joves confinament","isPartOf":{"@id":"https:\/\/www.casaldelsinfants.org\/es\/#website"},"primaryImageOfPage":{"@id":"https:\/\/www.casaldelsinfants.org\/es\/actualidad\/un-mes-apoyando-los-y-las-jovenes-durante-el-confinamiento\/#primaryimage"},"image":{"@id":"https:\/\/www.casaldelsinfants.org\/es\/actualidad\/un-mes-apoyando-los-y-las-jovenes-durante-el-confinamiento\/#primaryimage"},"thumbnailUrl":"https:\/\/www.casaldelsinfants.org\/wp-content\/uploads\/whatsapp_image_2020-04-05_at_12.01.43.jpeg","datePublished":"2020-04-16T10:33:53+00:00","dateModified":"2023-05-01T15:52:07+00:00","description":"Al Casal dels Infants els nostres Casals Joves, el Programa de Formaci\u00f3 i Inserci\u00f3 Laboral i el Servei de Transici\u00f3 a l'Autonomia porten un mes fent costat als i les joves durant el confinament des de la dist\u00e0ncia.","breadcrumb":{"@id":"https:\/\/www.casaldelsinfants.org\/es\/actualidad\/un-mes-apoyando-los-y-las-jovenes-durante-el-confinamiento\/#breadcrumb"},"inLanguage":"es","potentialAction":[{"@type":"ReadAction","target":["https:\/\/www.casaldelsinfants.org\/es\/actualidad\/un-mes-apoyando-los-y-las-jovenes-durante-el-confinamiento\/"]}]},{"@type":"ImageObject","inLanguage":"es","@id":"https:\/\/www.casaldelsinfants.org\/es\/actualidad\/un-mes-apoyando-los-y-las-jovenes-durante-el-confinamiento\/#primaryimage","url":"https:\/\/www.casaldelsinfants.org\/wp-content\/uploads\/whatsapp_image_2020-04-05_at_12.01.43.jpeg","contentUrl":"https:\/\/www.casaldelsinfants.org\/wp-content\/uploads\/whatsapp_image_2020-04-05_at_12.01.43.jpeg","width":1024,"height":768,"caption":"Quatre persones en una videoconf\u00e8rencia"},{"@type":"BreadcrumbList","@id":"https:\/\/www.casaldelsinfants.org\/es\/actualidad\/un-mes-apoyando-los-y-las-jovenes-durante-el-confinamiento\/#breadcrumb","itemListElement":[{"@type":"ListItem","position":1,"name":"Inici","item":"https:\/\/www.casaldelsinfants.org\/es\/"},{"@type":"ListItem","position":2,"name":"Un mes apoyando a los y las j\u00f3venes durante el confinamiento"}]},{"@type":"WebSite","@id":"https:\/\/www.casaldelsinfants.org\/es\/#website","url":"https:\/\/www.casaldelsinfants.org\/es\/","name":"Casal dels Infants","description":"","publisher":{"@id":"https:\/\/www.casaldelsinfants.org\/es\/#organization"},"potentialAction":[{"@type":"SearchAction","target":{"@type":"EntryPoint","urlTemplate":"https:\/\/www.casaldelsinfants.org\/es\/?s={search_term_string}"},"query-input":{"@type":"PropertyValueSpecification","valueRequired":true,"valueName":"search_term_string"}}],"inLanguage":"es"},{"@type":"Organization","@id":"https:\/\/www.casaldelsinfants.org\/es\/#organization","name":"Casal dels Infants","url":"https:\/\/www.casaldelsinfants.org\/es\/","logo":{"@type":"ImageObject","inLanguage":"es","@id":"https:\/\/www.casaldelsinfants.org\/es\/#\/schema\/logo\/image\/","url":"https:\/\/www.casaldelsinfants.org\/wp-content\/uploads\/logo-mail.png","contentUrl":"https:\/\/www.casaldelsinfants.org\/wp-content\/uploads\/logo-mail.png","width":380,"height":158,"caption":"Casal dels Infants"},"image":{"@id":"https:\/\/www.casaldelsinfants.org\/es\/#\/schema\/logo\/image\/"},"sameAs":["https:\/\/www.facebook.com\/casalinfants","https:\/\/x.com\/casalinfants","https:\/\/www.youtube.com\/user\/CasaldelsInfants1","https:\/\/www.instagram.com\/casalinfants\/","https:\/\/www.linkedin.com\/company\/casaldelsinfants?trk=organization-update_share-update_actor-text"]},{"@type":"Person","@id":"https:\/\/www.casaldelsinfants.org\/es\/#\/schema\/person\/97707fc8c64900cf36891127dbf9fba8","name":"cdiAdmin","sameAs":["https:\/\/casaldelsinfants.org"]}]}},"publishpress_future_action":{"enabled":false,"date":"2026-05-07 08:09:55","action":"change-status","newStatus":"draft","terms":[],"taxonomy":"category","extraData":[]},"publishpress_future_workflow_manual_trigger":{"enabledWorkflows":[]},"_links":{"self":[{"href":"https:\/\/www.casaldelsinfants.org\/es\/wp-json\/wp\/v2\/posts\/4375","targetHints":{"allow":["GET"]}}],"collection":[{"href":"https:\/\/www.casaldelsinfants.org\/es\/wp-json\/wp\/v2\/posts"}],"about":[{"href":"https:\/\/www.casaldelsinfants.org\/es\/wp-json\/wp\/v2\/types\/post"}],"author":[{"embeddable":true,"href":"https:\/\/www.casaldelsinfants.org\/es\/wp-json\/wp\/v2\/users\/1"}],"replies":[{"embeddable":true,"href":"https:\/\/www.casaldelsinfants.org\/es\/wp-json\/wp\/v2\/comments?post=4375"}],"version-history":[{"count":1,"href":"https:\/\/www.casaldelsinfants.org\/es\/wp-json\/wp\/v2\/posts\/4375\/revisions"}],"predecessor-version":[{"id":6331,"href":"https:\/\/www.casaldelsinfants.org\/es\/wp-json\/wp\/v2\/posts\/4375\/revisions\/6331"}],"wp:featuredmedia":[{"embeddable":true,"href":"https:\/\/www.casaldelsinfants.org\/es\/wp-json\/wp\/v2\/media\/3249"}],"wp:attachment":[{"href":"https:\/\/www.casaldelsinfants.org\/es\/wp-json\/wp\/v2\/media?parent=4375"}],"wp:term":[{"taxonomy":"category","embeddable":true,"href":"https:\/\/www.casaldelsinfants.org\/es\/wp-json\/wp\/v2\/categories?post=4375"},{"taxonomy":"post_tag","embeddable":true,"href":"https:\/\/www.casaldelsinfants.org\/es\/wp-json\/wp\/v2\/tags?post=4375"},{"taxonomy":"seus","embeddable":true,"href":"https:\/\/www.casaldelsinfants.org\/es\/wp-json\/wp\/v2\/seus?post=4375"},{"taxonomy":"eixos","embeddable":true,"href":"https:\/\/www.casaldelsinfants.org\/es\/wp-json\/wp\/v2\/eixos?post=4375"}],"curies":[{"name":"wp","href":"https:\/\/api.w.org\/{rel}","templated":true}]}}