{"id":4376,"date":"2020-04-07T12:08:44","date_gmt":"2020-04-07T10:08:44","guid":{"rendered":"https:\/\/casal.puntzero.cat\/noticies\/despleguem-kits-demergencia-i-educatius-infants-en-situacio-de-vulnerabilitat\/"},"modified":"2023-05-01T17:52:17","modified_gmt":"2023-05-01T15:52:17","slug":"despleguem-kits-demergencia-i-educatius-infants-en-situacio-de-vulnerabilitat","status":"publish","type":"post","link":"https:\/\/www.casaldelsinfants.org\/es\/actualidad\/kits-emergencia-educativos-infantes-situacion-vulnerabilidad\/","title":{"rendered":"Repartimos kits de emergencia y educativos para ni\u00f1os y ni\u00f1as en situaci\u00f3n de vulnerabilidad"},"content":{"rendered":"<p><span style=\"color:#000000;\">Tras tres semanas de confinamiento, y ante una situaci\u00f3n en la que las necesidades b\u00e1sicas de muchas familias todav\u00eda no est\u00e1n cubiertas, desde el Casal dels Infants hemos empezado a desplegar kits de emergencia y kits educativos para aquellas familias que participan en la asociaci\u00f3n que se encuentran en una situaci\u00f3n de vulnerabilidad m\u00e1s grave. Se trata de una medida urgente, en respuesta a las necesidades detectadas con el acompa\u00f1amiento telef\u00f3nico constante que mantenemos con 2.572 ni\u00f1os, ni\u00f1as, j\u00f3venes y familias.<\/span><\/p>\n<p><span style=\"color:#000000;\">Los kits de emergencia consisten en una prestaci\u00f3n econ\u00f3mica con fondos de la asociaci\u00f3n para que las familias que m\u00e1s lo necesitan hagan frente a necesidades alimentarias no cubierta. La ayuda es de un importe medio de 140 euros semanales para una familia de 4 miembros, pero se ajusta en funci\u00f3n de la situaci\u00f3n de cada familia y su evoluci\u00f3n. Se realiza un seguimiento de cada caso por si podemos gestionar respuestas de urgencia con los servicios sociales y un plan de seguimiento intensivo para evitar que la situaci\u00f3n de riesgo se agrave. <\/span><\/p>\n<p><span style=\"color:#000000;\">Aunque el Departament de Treball, Afers Socials i Fam\u00edlies ha creado tarjetas monedero para suplir la prestaci\u00f3n de las becas comedor, unas tarjetas que deben repartir los Ayuntamientos y los Consejos Comarcales, nos encontramos que hay familias que todav\u00eda no las han recibido. Es un situaci\u00f3n compleja y el reparto no es sencillo, pero reclamamos a todas las administraciones p\u00fablicas respuestas m\u00e1s \u00e1giles, cuando se trata de garantizar derechos b\u00e1sicos de ni\u00f1os y ni\u00f1as en situaci\u00f3n de vulnerabilidad.<\/span><\/p>\n<p><span style=\"color:#000000;\">Los kits educativos incluyen materiales para actividades de aprendizaje (l\u00e1pices, gomas, colores, hojas, libretas y materiales para manualidades), as\u00ed como juegos y juguetes. Por otro lado, Amazon nos ha realizado un donativo de 63 tablets que distribuiremos entre aquellos ni\u00f1os, ni\u00f1as y adolescentes del Casal dels Infants que m\u00e1s los necesitan para seguir el curso escolar u otros procesos formativos. Buscamos alianzas con otras empresas para contar con m\u00e1s dispositivos que permitan a m\u00e1s chicos y chicas estar conectados.<\/span><\/p>\n<p><span style=\"color:#000000;\">El primer reparto de estos kits educativos se ha realizado este martes para familias del barrio del Raval de Barcelona, y los siguientes se llevar\u00e1n a cabo en los pr\u00f3ximos d\u00edas en Badalona, Santa Coloma de Gramenet, Sant Adri\u00e0 y Salt.<\/span><\/p>\n<p><span style=\"color:#000000;\">Aprovechando este reparto, tambi\u00e9n hemos ofrecido a las administraciones p\u00fablicas colaborar en la distribuci\u00f3n de las tarjetas monedero que suplen las becas comedor a todas aquellas familias del Casal dels Infants que todav\u00eda no las hayan recibido. De hecho, ya hemos repartido algunas en estas tres primeras semanas de confinamiento, en algunos municipios. Tambi\u00e9n nos hemos ofrecido para distribuir las tarjetas monedero que suplen la merienda que los ni\u00f1os y ni\u00f1as reciben en los Centros Abiertos, una medida que las administraciones p\u00fablicas tambi\u00e9n han activado.<\/span><\/p>\n<p>\u00a0<\/p>\n<blockquote>\n<p><span style=\"font-size:18px;\"><strong>Necesitamos m\u00e1s que nunca poder mantener el acompa\u00f1amiento cotidiano de nuestro equipo educativo a ni\u00f1os, ni\u00f1as, j\u00f3venes y familias, y responder a las situaciones de riesgo con kits de emergencia. <a href=\"https:\/\/www.casaldelsinfants.org\/es\/que-puedes-hacer-tu\/haz-un-donativo\/\"><u>Ap\u00f3yanos haciendo un donativo aqu\u00ed.<\/u><\/a><\/strong><\/span><\/p>\n<\/blockquote>\n","protected":false},"excerpt":{"rendered":"<p>Tras tres semanas de confinamiento, y ante una situaci\u00f3n en la que las necesidades b\u00e1sicas de muchas familias todav\u00eda no est\u00e1n cubiertas, desde el Casal dels Infants hemos empezado a desplegar kits de emergencia y kits educativos para aquellas familias que participan en la asociaci\u00f3n que se encuentran en una situaci\u00f3n de vulnerabilidad m\u00e1s grave. [&hellip;]<\/p>\n","protected":false},"author":1,"featured_media":3252,"comment_status":"open","ping_status":"open","sticky":false,"template":"","format":"standard","meta":{"_acf_changed":false,"_et_pb_use_builder":"","_et_pb_old_content":"","_et_gb_content_width":"","inline_featured_image":false,"footnotes":""},"categories":[125],"tags":[],"seus":[],"eixos":[99],"class_list":["post-4376","post","type-post","status-publish","format-standard","has-post-thumbnail","hentry","category-noticias","eixos-infancia-y-adolescencia"],"acf":[],"yoast_head":"<!-- This site is optimized with the Yoast SEO plugin v27.4 - https:\/\/yoast.com\/product\/yoast-seo-wordpress\/ -->\n<title>Repartimos kits de emergencia y educativos para ni\u00f1os y ni\u00f1as en situaci\u00f3n de vulnerabilidad - Casal dels Infants<\/title>\n<meta name=\"robots\" content=\"index, follow, max-snippet:-1, max-image-preview:large, max-video-preview:-1\" \/>\n<link rel=\"canonical\" href=\"https:\/\/www.casaldelsinfants.org\/es\/actualidad\/kits-emergencia-educativos-infantes-situacion-vulnerabilidad\/\" \/>\n<meta property=\"og:locale\" content=\"es_ES\" \/>\n<meta property=\"og:type\" content=\"article\" \/>\n<meta property=\"og:title\" content=\"Repartimos kits de emergencia y educativos para ni\u00f1os y ni\u00f1as en situaci\u00f3n de vulnerabilidad - Casal dels Infants\" \/>\n<meta property=\"og:description\" content=\"Tras tres semanas de confinamiento, y ante una situaci\u00f3n en la que las necesidades b\u00e1sicas de muchas familias todav\u00eda no est\u00e1n cubiertas, desde el Casal dels Infants hemos empezado a desplegar kits de emergencia y kits educativos para aquellas familias que participan en la asociaci\u00f3n que se encuentran en una situaci\u00f3n de vulnerabilidad m\u00e1s grave. [&hellip;]\" \/>\n<meta property=\"og:url\" content=\"https:\/\/www.casaldelsinfants.org\/es\/actualidad\/kits-emergencia-educativos-infantes-situacion-vulnerabilidad\/\" \/>\n<meta property=\"og:site_name\" content=\"Casal dels Infants\" \/>\n<meta property=\"article:publisher\" content=\"https:\/\/www.facebook.com\/casalinfants\" \/>\n<meta property=\"article:published_time\" content=\"2020-04-07T10:08:44+00:00\" \/>\n<meta property=\"article:modified_time\" content=\"2023-05-01T15:52:17+00:00\" \/>\n<meta property=\"og:image\" content=\"https:\/\/www.casaldelsinfants.org\/wp-content\/uploads\/casal_dels_infants_repartiment_kits.jpeg\" \/>\n\t<meta property=\"og:image:width\" content=\"1600\" \/>\n\t<meta property=\"og:image:height\" content=\"1200\" \/>\n\t<meta property=\"og:image:type\" content=\"image\/jpeg\" \/>\n<meta name=\"author\" content=\"cdiAdmin\" \/>\n<meta name=\"twitter:card\" content=\"summary_large_image\" \/>\n<meta name=\"twitter:creator\" content=\"@casalinfants\" \/>\n<meta name=\"twitter:site\" content=\"@casalinfants\" \/>\n<meta name=\"twitter:label1\" content=\"Escrito por\" \/>\n\t<meta name=\"twitter:data1\" content=\"cdiAdmin\" \/>\n\t<meta name=\"twitter:label2\" content=\"Tiempo de lectura\" \/>\n\t<meta name=\"twitter:data2\" content=\"3 minutos\" \/>\n<script type=\"application\/ld+json\" class=\"yoast-schema-graph\">{\"@context\":\"https:\\\/\\\/schema.org\",\"@graph\":[{\"@type\":\"Article\",\"@id\":\"https:\\\/\\\/www.casaldelsinfants.org\\\/es\\\/actualidad\\\/kits-emergencia-educativos-infantes-situacion-vulnerabilidad\\\/#article\",\"isPartOf\":{\"@id\":\"https:\\\/\\\/www.casaldelsinfants.org\\\/es\\\/actualidad\\\/kits-emergencia-educativos-infantes-situacion-vulnerabilidad\\\/\"},\"author\":{\"name\":\"cdiAdmin\",\"@id\":\"https:\\\/\\\/www.casaldelsinfants.org\\\/es\\\/#\\\/schema\\\/person\\\/97707fc8c64900cf36891127dbf9fba8\"},\"headline\":\"Repartimos kits de emergencia y educativos para ni\u00f1os y ni\u00f1as en situaci\u00f3n de vulnerabilidad\",\"datePublished\":\"2020-04-07T10:08:44+00:00\",\"dateModified\":\"2023-05-01T15:52:17+00:00\",\"mainEntityOfPage\":{\"@id\":\"https:\\\/\\\/www.casaldelsinfants.org\\\/es\\\/actualidad\\\/kits-emergencia-educativos-infantes-situacion-vulnerabilidad\\\/\"},\"wordCount\":559,\"commentCount\":0,\"publisher\":{\"@id\":\"https:\\\/\\\/www.casaldelsinfants.org\\\/es\\\/#organization\"},\"image\":{\"@id\":\"https:\\\/\\\/www.casaldelsinfants.org\\\/es\\\/actualidad\\\/kits-emergencia-educativos-infantes-situacion-vulnerabilidad\\\/#primaryimage\"},\"thumbnailUrl\":\"https:\\\/\\\/www.casaldelsinfants.org\\\/wp-content\\\/uploads\\\/casal_dels_infants_repartiment_kits.jpeg\",\"articleSection\":[\"Noticia\"],\"inLanguage\":\"es\",\"potentialAction\":[{\"@type\":\"CommentAction\",\"name\":\"Comment\",\"target\":[\"https:\\\/\\\/www.casaldelsinfants.org\\\/es\\\/actualidad\\\/kits-emergencia-educativos-infantes-situacion-vulnerabilidad\\\/#respond\"]}]},{\"@type\":\"WebPage\",\"@id\":\"https:\\\/\\\/www.casaldelsinfants.org\\\/es\\\/actualidad\\\/kits-emergencia-educativos-infantes-situacion-vulnerabilidad\\\/\",\"url\":\"https:\\\/\\\/www.casaldelsinfants.org\\\/es\\\/actualidad\\\/kits-emergencia-educativos-infantes-situacion-vulnerabilidad\\\/\",\"name\":\"Repartimos kits de emergencia y educativos para ni\u00f1os y ni\u00f1as en situaci\u00f3n de vulnerabilidad - Casal dels Infants\",\"isPartOf\":{\"@id\":\"https:\\\/\\\/www.casaldelsinfants.org\\\/es\\\/#website\"},\"primaryImageOfPage\":{\"@id\":\"https:\\\/\\\/www.casaldelsinfants.org\\\/es\\\/actualidad\\\/kits-emergencia-educativos-infantes-situacion-vulnerabilidad\\\/#primaryimage\"},\"image\":{\"@id\":\"https:\\\/\\\/www.casaldelsinfants.org\\\/es\\\/actualidad\\\/kits-emergencia-educativos-infantes-situacion-vulnerabilidad\\\/#primaryimage\"},\"thumbnailUrl\":\"https:\\\/\\\/www.casaldelsinfants.org\\\/wp-content\\\/uploads\\\/casal_dels_infants_repartiment_kits.jpeg\",\"datePublished\":\"2020-04-07T10:08:44+00:00\",\"dateModified\":\"2023-05-01T15:52:17+00:00\",\"breadcrumb\":{\"@id\":\"https:\\\/\\\/www.casaldelsinfants.org\\\/es\\\/actualidad\\\/kits-emergencia-educativos-infantes-situacion-vulnerabilidad\\\/#breadcrumb\"},\"inLanguage\":\"es\",\"potentialAction\":[{\"@type\":\"ReadAction\",\"target\":[\"https:\\\/\\\/www.casaldelsinfants.org\\\/es\\\/actualidad\\\/kits-emergencia-educativos-infantes-situacion-vulnerabilidad\\\/\"]}]},{\"@type\":\"ImageObject\",\"inLanguage\":\"es\",\"@id\":\"https:\\\/\\\/www.casaldelsinfants.org\\\/es\\\/actualidad\\\/kits-emergencia-educativos-infantes-situacion-vulnerabilidad\\\/#primaryimage\",\"url\":\"https:\\\/\\\/www.casaldelsinfants.org\\\/wp-content\\\/uploads\\\/casal_dels_infants_repartiment_kits.jpeg\",\"contentUrl\":\"https:\\\/\\\/www.casaldelsinfants.org\\\/wp-content\\\/uploads\\\/casal_dels_infants_repartiment_kits.jpeg\",\"width\":1600,\"height\":1200,\"caption\":\"Repartiment de Kits al Casal dels Infants\"},{\"@type\":\"BreadcrumbList\",\"@id\":\"https:\\\/\\\/www.casaldelsinfants.org\\\/es\\\/actualidad\\\/kits-emergencia-educativos-infantes-situacion-vulnerabilidad\\\/#breadcrumb\",\"itemListElement\":[{\"@type\":\"ListItem\",\"position\":1,\"name\":\"Inici\",\"item\":\"https:\\\/\\\/www.casaldelsinfants.org\\\/es\\\/\"},{\"@type\":\"ListItem\",\"position\":2,\"name\":\"Repartimos kits de emergencia y educativos para ni\u00f1os y ni\u00f1as en situaci\u00f3n de vulnerabilidad\"}]},{\"@type\":\"WebSite\",\"@id\":\"https:\\\/\\\/www.casaldelsinfants.org\\\/es\\\/#website\",\"url\":\"https:\\\/\\\/www.casaldelsinfants.org\\\/es\\\/\",\"name\":\"Casal dels Infants\",\"description\":\"\",\"publisher\":{\"@id\":\"https:\\\/\\\/www.casaldelsinfants.org\\\/es\\\/#organization\"},\"potentialAction\":[{\"@type\":\"SearchAction\",\"target\":{\"@type\":\"EntryPoint\",\"urlTemplate\":\"https:\\\/\\\/www.casaldelsinfants.org\\\/es\\\/?s={search_term_string}\"},\"query-input\":{\"@type\":\"PropertyValueSpecification\",\"valueRequired\":true,\"valueName\":\"search_term_string\"}}],\"inLanguage\":\"es\"},{\"@type\":\"Organization\",\"@id\":\"https:\\\/\\\/www.casaldelsinfants.org\\\/es\\\/#organization\",\"name\":\"Casal dels Infants\",\"url\":\"https:\\\/\\\/www.casaldelsinfants.org\\\/es\\\/\",\"logo\":{\"@type\":\"ImageObject\",\"inLanguage\":\"es\",\"@id\":\"https:\\\/\\\/www.casaldelsinfants.org\\\/es\\\/#\\\/schema\\\/logo\\\/image\\\/\",\"url\":\"https:\\\/\\\/www.casaldelsinfants.org\\\/wp-content\\\/uploads\\\/logo-mail.png\",\"contentUrl\":\"https:\\\/\\\/www.casaldelsinfants.org\\\/wp-content\\\/uploads\\\/logo-mail.png\",\"width\":380,\"height\":158,\"caption\":\"Casal dels Infants\"},\"image\":{\"@id\":\"https:\\\/\\\/www.casaldelsinfants.org\\\/es\\\/#\\\/schema\\\/logo\\\/image\\\/\"},\"sameAs\":[\"https:\\\/\\\/www.facebook.com\\\/casalinfants\",\"https:\\\/\\\/x.com\\\/casalinfants\",\"https:\\\/\\\/www.youtube.com\\\/user\\\/CasaldelsInfants1\",\"https:\\\/\\\/www.instagram.com\\\/casalinfants\\\/\",\"https:\\\/\\\/www.linkedin.com\\\/company\\\/casaldelsinfants?trk=organization-update_share-update_actor-text\"]},{\"@type\":\"Person\",\"@id\":\"https:\\\/\\\/www.casaldelsinfants.org\\\/es\\\/#\\\/schema\\\/person\\\/97707fc8c64900cf36891127dbf9fba8\",\"name\":\"cdiAdmin\",\"sameAs\":[\"https:\\\/\\\/casaldelsinfants.org\"]}]}<\/script>\n<!-- \/ Yoast SEO plugin. -->","yoast_head_json":{"title":"Repartimos kits de emergencia y educativos para ni\u00f1os y ni\u00f1as en situaci\u00f3n de vulnerabilidad - Casal dels Infants","robots":{"index":"index","follow":"follow","max-snippet":"max-snippet:-1","max-image-preview":"max-image-preview:large","max-video-preview":"max-video-preview:-1"},"canonical":"https:\/\/www.casaldelsinfants.org\/es\/actualidad\/kits-emergencia-educativos-infantes-situacion-vulnerabilidad\/","og_locale":"es_ES","og_type":"article","og_title":"Repartimos kits de emergencia y educativos para ni\u00f1os y ni\u00f1as en situaci\u00f3n de vulnerabilidad - Casal dels Infants","og_description":"Tras tres semanas de confinamiento, y ante una situaci\u00f3n en la que las necesidades b\u00e1sicas de muchas familias todav\u00eda no est\u00e1n cubiertas, desde el Casal dels Infants hemos empezado a desplegar kits de emergencia y kits educativos para aquellas familias que participan en la asociaci\u00f3n que se encuentran en una situaci\u00f3n de vulnerabilidad m\u00e1s grave. [&hellip;]","og_url":"https:\/\/www.casaldelsinfants.org\/es\/actualidad\/kits-emergencia-educativos-infantes-situacion-vulnerabilidad\/","og_site_name":"Casal dels Infants","article_publisher":"https:\/\/www.facebook.com\/casalinfants","article_published_time":"2020-04-07T10:08:44+00:00","article_modified_time":"2023-05-01T15:52:17+00:00","og_image":[{"width":1600,"height":1200,"url":"https:\/\/www.casaldelsinfants.org\/wp-content\/uploads\/casal_dels_infants_repartiment_kits.jpeg","type":"image\/jpeg"}],"author":"cdiAdmin","twitter_card":"summary_large_image","twitter_creator":"@casalinfants","twitter_site":"@casalinfants","twitter_misc":{"Escrito por":"cdiAdmin","Tiempo de lectura":"3 minutos"},"schema":{"@context":"https:\/\/schema.org","@graph":[{"@type":"Article","@id":"https:\/\/www.casaldelsinfants.org\/es\/actualidad\/kits-emergencia-educativos-infantes-situacion-vulnerabilidad\/#article","isPartOf":{"@id":"https:\/\/www.casaldelsinfants.org\/es\/actualidad\/kits-emergencia-educativos-infantes-situacion-vulnerabilidad\/"},"author":{"name":"cdiAdmin","@id":"https:\/\/www.casaldelsinfants.org\/es\/#\/schema\/person\/97707fc8c64900cf36891127dbf9fba8"},"headline":"Repartimos kits de emergencia y educativos para ni\u00f1os y ni\u00f1as en situaci\u00f3n de vulnerabilidad","datePublished":"2020-04-07T10:08:44+00:00","dateModified":"2023-05-01T15:52:17+00:00","mainEntityOfPage":{"@id":"https:\/\/www.casaldelsinfants.org\/es\/actualidad\/kits-emergencia-educativos-infantes-situacion-vulnerabilidad\/"},"wordCount":559,"commentCount":0,"publisher":{"@id":"https:\/\/www.casaldelsinfants.org\/es\/#organization"},"image":{"@id":"https:\/\/www.casaldelsinfants.org\/es\/actualidad\/kits-emergencia-educativos-infantes-situacion-vulnerabilidad\/#primaryimage"},"thumbnailUrl":"https:\/\/www.casaldelsinfants.org\/wp-content\/uploads\/casal_dels_infants_repartiment_kits.jpeg","articleSection":["Noticia"],"inLanguage":"es","potentialAction":[{"@type":"CommentAction","name":"Comment","target":["https:\/\/www.casaldelsinfants.org\/es\/actualidad\/kits-emergencia-educativos-infantes-situacion-vulnerabilidad\/#respond"]}]},{"@type":"WebPage","@id":"https:\/\/www.casaldelsinfants.org\/es\/actualidad\/kits-emergencia-educativos-infantes-situacion-vulnerabilidad\/","url":"https:\/\/www.casaldelsinfants.org\/es\/actualidad\/kits-emergencia-educativos-infantes-situacion-vulnerabilidad\/","name":"Repartimos kits de emergencia y educativos para ni\u00f1os y ni\u00f1as en situaci\u00f3n de vulnerabilidad - Casal dels Infants","isPartOf":{"@id":"https:\/\/www.casaldelsinfants.org\/es\/#website"},"primaryImageOfPage":{"@id":"https:\/\/www.casaldelsinfants.org\/es\/actualidad\/kits-emergencia-educativos-infantes-situacion-vulnerabilidad\/#primaryimage"},"image":{"@id":"https:\/\/www.casaldelsinfants.org\/es\/actualidad\/kits-emergencia-educativos-infantes-situacion-vulnerabilidad\/#primaryimage"},"thumbnailUrl":"https:\/\/www.casaldelsinfants.org\/wp-content\/uploads\/casal_dels_infants_repartiment_kits.jpeg","datePublished":"2020-04-07T10:08:44+00:00","dateModified":"2023-05-01T15:52:17+00:00","breadcrumb":{"@id":"https:\/\/www.casaldelsinfants.org\/es\/actualidad\/kits-emergencia-educativos-infantes-situacion-vulnerabilidad\/#breadcrumb"},"inLanguage":"es","potentialAction":[{"@type":"ReadAction","target":["https:\/\/www.casaldelsinfants.org\/es\/actualidad\/kits-emergencia-educativos-infantes-situacion-vulnerabilidad\/"]}]},{"@type":"ImageObject","inLanguage":"es","@id":"https:\/\/www.casaldelsinfants.org\/es\/actualidad\/kits-emergencia-educativos-infantes-situacion-vulnerabilidad\/#primaryimage","url":"https:\/\/www.casaldelsinfants.org\/wp-content\/uploads\/casal_dels_infants_repartiment_kits.jpeg","contentUrl":"https:\/\/www.casaldelsinfants.org\/wp-content\/uploads\/casal_dels_infants_repartiment_kits.jpeg","width":1600,"height":1200,"caption":"Repartiment de Kits al Casal dels Infants"},{"@type":"BreadcrumbList","@id":"https:\/\/www.casaldelsinfants.org\/es\/actualidad\/kits-emergencia-educativos-infantes-situacion-vulnerabilidad\/#breadcrumb","itemListElement":[{"@type":"ListItem","position":1,"name":"Inici","item":"https:\/\/www.casaldelsinfants.org\/es\/"},{"@type":"ListItem","position":2,"name":"Repartimos kits de emergencia y educativos para ni\u00f1os y ni\u00f1as en situaci\u00f3n de vulnerabilidad"}]},{"@type":"WebSite","@id":"https:\/\/www.casaldelsinfants.org\/es\/#website","url":"https:\/\/www.casaldelsinfants.org\/es\/","name":"Casal dels Infants","description":"","publisher":{"@id":"https:\/\/www.casaldelsinfants.org\/es\/#organization"},"potentialAction":[{"@type":"SearchAction","target":{"@type":"EntryPoint","urlTemplate":"https:\/\/www.casaldelsinfants.org\/es\/?s={search_term_string}"},"query-input":{"@type":"PropertyValueSpecification","valueRequired":true,"valueName":"search_term_string"}}],"inLanguage":"es"},{"@type":"Organization","@id":"https:\/\/www.casaldelsinfants.org\/es\/#organization","name":"Casal dels Infants","url":"https:\/\/www.casaldelsinfants.org\/es\/","logo":{"@type":"ImageObject","inLanguage":"es","@id":"https:\/\/www.casaldelsinfants.org\/es\/#\/schema\/logo\/image\/","url":"https:\/\/www.casaldelsinfants.org\/wp-content\/uploads\/logo-mail.png","contentUrl":"https:\/\/www.casaldelsinfants.org\/wp-content\/uploads\/logo-mail.png","width":380,"height":158,"caption":"Casal dels Infants"},"image":{"@id":"https:\/\/www.casaldelsinfants.org\/es\/#\/schema\/logo\/image\/"},"sameAs":["https:\/\/www.facebook.com\/casalinfants","https:\/\/x.com\/casalinfants","https:\/\/www.youtube.com\/user\/CasaldelsInfants1","https:\/\/www.instagram.com\/casalinfants\/","https:\/\/www.linkedin.com\/company\/casaldelsinfants?trk=organization-update_share-update_actor-text"]},{"@type":"Person","@id":"https:\/\/www.casaldelsinfants.org\/es\/#\/schema\/person\/97707fc8c64900cf36891127dbf9fba8","name":"cdiAdmin","sameAs":["https:\/\/casaldelsinfants.org"]}]}},"publishpress_future_action":{"enabled":false,"date":"2026-05-07 09:53:08","action":"change-status","newStatus":"draft","terms":[],"taxonomy":"category","extraData":[]},"publishpress_future_workflow_manual_trigger":{"enabledWorkflows":[]},"_links":{"self":[{"href":"https:\/\/www.casaldelsinfants.org\/es\/wp-json\/wp\/v2\/posts\/4376","targetHints":{"allow":["GET"]}}],"collection":[{"href":"https:\/\/www.casaldelsinfants.org\/es\/wp-json\/wp\/v2\/posts"}],"about":[{"href":"https:\/\/www.casaldelsinfants.org\/es\/wp-json\/wp\/v2\/types\/post"}],"author":[{"embeddable":true,"href":"https:\/\/www.casaldelsinfants.org\/es\/wp-json\/wp\/v2\/users\/1"}],"replies":[{"embeddable":true,"href":"https:\/\/www.casaldelsinfants.org\/es\/wp-json\/wp\/v2\/comments?post=4376"}],"version-history":[{"count":1,"href":"https:\/\/www.casaldelsinfants.org\/es\/wp-json\/wp\/v2\/posts\/4376\/revisions"}],"predecessor-version":[{"id":6332,"href":"https:\/\/www.casaldelsinfants.org\/es\/wp-json\/wp\/v2\/posts\/4376\/revisions\/6332"}],"wp:featuredmedia":[{"embeddable":true,"href":"https:\/\/www.casaldelsinfants.org\/es\/wp-json\/wp\/v2\/media\/3252"}],"wp:attachment":[{"href":"https:\/\/www.casaldelsinfants.org\/es\/wp-json\/wp\/v2\/media?parent=4376"}],"wp:term":[{"taxonomy":"category","embeddable":true,"href":"https:\/\/www.casaldelsinfants.org\/es\/wp-json\/wp\/v2\/categories?post=4376"},{"taxonomy":"post_tag","embeddable":true,"href":"https:\/\/www.casaldelsinfants.org\/es\/wp-json\/wp\/v2\/tags?post=4376"},{"taxonomy":"seus","embeddable":true,"href":"https:\/\/www.casaldelsinfants.org\/es\/wp-json\/wp\/v2\/seus?post=4376"},{"taxonomy":"eixos","embeddable":true,"href":"https:\/\/www.casaldelsinfants.org\/es\/wp-json\/wp\/v2\/eixos?post=4376"}],"curies":[{"name":"wp","href":"https:\/\/api.w.org\/{rel}","templated":true}]}}