{"id":4380,"date":"2020-03-25T17:02:15","date_gmt":"2020-03-25T15:02:15","guid":{"rendered":"https:\/\/casal.puntzero.cat\/noticies\/yoga-sin-fronteras-exercici-i-relaxacio-de-la-ma-del-voluntariat\/"},"modified":"2022-08-17T11:19:22","modified_gmt":"2022-08-17T09:19:22","slug":"yoga-sin-fronteras-exercici-i-relaxacio-de-la-ma-del-voluntariat","status":"publish","type":"post","link":"https:\/\/www.casaldelsinfants.org\/es\/actualidad\/yoga-sin-fronteras-ejercicio-y-relajacion-de-la-mano-del-voluntariado\/","title":{"rendered":"Yoga sin fronteras: ejercicio y relajaci\u00f3n de la mano del voluntariado"},"content":{"rendered":"<p><span style=\"color:#000000;\">A principios de curso el <strong>yoga<\/strong> entr\u00f3 con fuerza en el Casal dels Infants. Y lo hizo de la mano de voluntarios y voluntarias de<a href=\"https:\/\/yogasinfronteras.org\/\" rel=\"nofollow\"><strong> Yoga sin fronteras<\/strong><\/a>, una asociaci\u00f3n que cofundaron hace 10 meses <strong>Meritxell Martorell<\/strong> y <strong>Adri\u00e0 Sala<\/strong> para ofrecer clases de yoga gratuitas a colectivos en situaci\u00f3n de vulnerabilidad y\/o en riesgo de exclusi\u00f3n social.<\/span><\/p>\n<p><span style=\"color:#000000;\">La colaboraci\u00f3n arranc\u00f3 en septiembre, con clases semanas de una hora en el Casal dels Infants del barrio del <strong>Raval<\/strong>, en el de <strong>Santa Coloma de Gramenet<\/strong> y en el del<strong> Bes\u00f2s y la Mina<\/strong>. El <strong>confinamiento para contener el Covid-19<\/strong> las ha parado, como toda la actividad del Casal, pero Yoga sin fronteras no se detiene y est\u00e1 publicando estos d\u00edas clases y peque\u00f1os v\u00eddeos en su cuenta de Instagram. Un recurso que puede ser muy \u00fatil para el bienestar de los ni\u00f1os, ni\u00f1as, adolescentes y familias que participan en el Casal, ahora que hay que quedarse en casa. En el siguiente v\u00eddeo, Adri\u00e0 les propone una clase de 20 minutos para hacer estos d\u00edas.<\/span><\/p>\n<div class=\"video-embed-field-responsive-video form-group\"><iframe loading=\"lazy\" width=\"854\" height=\"480\" frameborder=\"0\" allowfullscreen=\"allowfullscreen\" src=\"https:\/\/www.youtube.com\/embed\/ssA6XZUqoJ4?autoplay=0&amp;start=0&amp;rel=0\"><\/iframe>\n<\/div>\n<p><span style=\"color:#000000;\">Adri\u00e0 explica que la idea de hacer clases de yoga en el Casal dels Infants le surgi\u00f3 porque su hermana hab\u00eda sido voluntaria de la asociaci\u00f3n. \u201cSab\u00eda que en el Casal se hac\u00eda buen trabajo y que el yoga ser\u00eda \u00fatil. Para los chicos y chicas y sus familias es un ejercicio f\u00edsico completo, les ayuda a relajarse y, s\u00ed, puede ser una herramienta de inclusi\u00f3n social\u201d, explica.<\/span><\/p>\n<p><span style=\"color:#000000;\">Tras estos primeros meses, el equip de Yoga sin fronteras quiere hacer un seguimiento del impacto que han tenido las clases en el bienestar de quienes participan en el Casal. En este v\u00eddeo pod\u00e9is ver c\u00f3mo las valoran los y las adolescentes del Centro Abierto del Casal dels Infants del barrio del Raval.<\/span><\/p>\n<div class=\"video-embed-field-responsive-video form-group\"><iframe loading=\"lazy\" width=\"854\" height=\"480\" frameborder=\"0\" allowfullscreen=\"allowfullscreen\" src=\"https:\/\/www.youtube.com\/embed\/0yTAnimj_Ak?autoplay=0&amp;start=0&amp;rel=0\"><\/iframe>\n<\/div>\n","protected":false},"excerpt":{"rendered":"<p>A principios de curso el yoga entr\u00f3 con fuerza en el Casal dels Infants. Y lo hizo de la mano de voluntarios y voluntarias de Yoga sin fronteras, una asociaci\u00f3n que cofundaron hace 10 meses Meritxell Martorell y Adri\u00e0 Sala para ofrecer clases de yoga gratuitas a colectivos en situaci\u00f3n de vulnerabilidad y\/o en riesgo [&hellip;]<\/p>\n","protected":false},"author":1,"featured_media":3264,"comment_status":"open","ping_status":"open","sticky":false,"template":"","format":"standard","meta":{"_acf_changed":false,"_et_pb_use_builder":"","_et_pb_old_content":"","_et_gb_content_width":"","inline_featured_image":false,"footnotes":""},"categories":[125,105],"tags":[],"seus":[],"eixos":[],"class_list":["post-4380","post","type-post","status-publish","format-standard","has-post-thumbnail","hentry","category-noticias","category-reportaje"],"acf":[],"yoast_head":"<!-- This site is optimized with the Yoast SEO plugin v27.4 - https:\/\/yoast.com\/product\/yoast-seo-wordpress\/ -->\n<title>Yoga sin fronteras Casal dels Infants<\/title>\n<meta name=\"description\" content=\"Yoga sin fronteras ofrece clases de yoga semanales a ni\u00f1os, ni\u00f1as, adolescentes y familias en situaci\u00f3n de vulnerabilidad del Casal dels Infants.\" \/>\n<meta name=\"robots\" content=\"index, follow, max-snippet:-1, max-image-preview:large, max-video-preview:-1\" \/>\n<link rel=\"canonical\" href=\"https:\/\/www.casaldelsinfants.org\/es\/actualidad\/yoga-sin-fronteras-ejercicio-y-relajacion-de-la-mano-del-voluntariado\/\" \/>\n<meta property=\"og:locale\" content=\"es_ES\" \/>\n<meta property=\"og:type\" content=\"article\" \/>\n<meta property=\"og:title\" content=\"Yoga sin fronteras Casal dels Infants\" \/>\n<meta property=\"og:description\" content=\"Yoga sin fronteras ofrece clases de yoga semanales a ni\u00f1os, ni\u00f1as, adolescentes y familias en situaci\u00f3n de vulnerabilidad del Casal dels Infants.\" \/>\n<meta property=\"og:url\" content=\"https:\/\/www.casaldelsinfants.org\/es\/actualidad\/yoga-sin-fronteras-ejercicio-y-relajacion-de-la-mano-del-voluntariado\/\" \/>\n<meta property=\"og:site_name\" content=\"Casal dels Infants\" \/>\n<meta property=\"article:publisher\" content=\"https:\/\/www.facebook.com\/casalinfants\" \/>\n<meta property=\"article:published_time\" content=\"2020-03-25T15:02:15+00:00\" \/>\n<meta property=\"article:modified_time\" content=\"2022-08-17T09:19:22+00:00\" \/>\n<meta property=\"og:image\" content=\"https:\/\/www.casaldelsinfants.org\/wp-content\/uploads\/20200303191819_mg_6574-scaled.jpg\" \/>\n\t<meta property=\"og:image:width\" content=\"2560\" \/>\n\t<meta property=\"og:image:height\" content=\"1707\" \/>\n\t<meta property=\"og:image:type\" content=\"image\/jpeg\" \/>\n<meta name=\"author\" content=\"cdiAdmin\" \/>\n<meta name=\"twitter:card\" content=\"summary_large_image\" \/>\n<meta name=\"twitter:creator\" content=\"@casalinfants\" \/>\n<meta name=\"twitter:site\" content=\"@casalinfants\" \/>\n<meta name=\"twitter:label1\" content=\"Escrito por\" \/>\n\t<meta name=\"twitter:data1\" content=\"cdiAdmin\" \/>\n\t<meta name=\"twitter:label2\" content=\"Tiempo de lectura\" \/>\n\t<meta name=\"twitter:data2\" content=\"2 minutos\" \/>\n<script type=\"application\/ld+json\" class=\"yoast-schema-graph\">{\"@context\":\"https:\\\/\\\/schema.org\",\"@graph\":[{\"@type\":\"Article\",\"@id\":\"https:\\\/\\\/www.casaldelsinfants.org\\\/es\\\/actualidad\\\/yoga-sin-fronteras-ejercicio-y-relajacion-de-la-mano-del-voluntariado\\\/#article\",\"isPartOf\":{\"@id\":\"https:\\\/\\\/www.casaldelsinfants.org\\\/es\\\/actualidad\\\/yoga-sin-fronteras-ejercicio-y-relajacion-de-la-mano-del-voluntariado\\\/\"},\"author\":{\"name\":\"cdiAdmin\",\"@id\":\"https:\\\/\\\/www.casaldelsinfants.org\\\/es\\\/#\\\/schema\\\/person\\\/97707fc8c64900cf36891127dbf9fba8\"},\"headline\":\"Yoga sin fronteras: ejercicio y relajaci\u00f3n de la mano del voluntariado\",\"datePublished\":\"2020-03-25T15:02:15+00:00\",\"dateModified\":\"2022-08-17T09:19:22+00:00\",\"mainEntityOfPage\":{\"@id\":\"https:\\\/\\\/www.casaldelsinfants.org\\\/es\\\/actualidad\\\/yoga-sin-fronteras-ejercicio-y-relajacion-de-la-mano-del-voluntariado\\\/\"},\"wordCount\":328,\"commentCount\":0,\"publisher\":{\"@id\":\"https:\\\/\\\/www.casaldelsinfants.org\\\/es\\\/#organization\"},\"image\":{\"@id\":\"https:\\\/\\\/www.casaldelsinfants.org\\\/es\\\/actualidad\\\/yoga-sin-fronteras-ejercicio-y-relajacion-de-la-mano-del-voluntariado\\\/#primaryimage\"},\"thumbnailUrl\":\"https:\\\/\\\/www.casaldelsinfants.org\\\/wp-content\\\/uploads\\\/20200303191819_mg_6574-scaled.jpg\",\"articleSection\":[\"Noticia\",\"Reportaje\"],\"inLanguage\":\"es\",\"potentialAction\":[{\"@type\":\"CommentAction\",\"name\":\"Comment\",\"target\":[\"https:\\\/\\\/www.casaldelsinfants.org\\\/es\\\/actualidad\\\/yoga-sin-fronteras-ejercicio-y-relajacion-de-la-mano-del-voluntariado\\\/#respond\"]}]},{\"@type\":\"WebPage\",\"@id\":\"https:\\\/\\\/www.casaldelsinfants.org\\\/es\\\/actualidad\\\/yoga-sin-fronteras-ejercicio-y-relajacion-de-la-mano-del-voluntariado\\\/\",\"url\":\"https:\\\/\\\/www.casaldelsinfants.org\\\/es\\\/actualidad\\\/yoga-sin-fronteras-ejercicio-y-relajacion-de-la-mano-del-voluntariado\\\/\",\"name\":\"Yoga sin fronteras Casal dels Infants\",\"isPartOf\":{\"@id\":\"https:\\\/\\\/www.casaldelsinfants.org\\\/es\\\/#website\"},\"primaryImageOfPage\":{\"@id\":\"https:\\\/\\\/www.casaldelsinfants.org\\\/es\\\/actualidad\\\/yoga-sin-fronteras-ejercicio-y-relajacion-de-la-mano-del-voluntariado\\\/#primaryimage\"},\"image\":{\"@id\":\"https:\\\/\\\/www.casaldelsinfants.org\\\/es\\\/actualidad\\\/yoga-sin-fronteras-ejercicio-y-relajacion-de-la-mano-del-voluntariado\\\/#primaryimage\"},\"thumbnailUrl\":\"https:\\\/\\\/www.casaldelsinfants.org\\\/wp-content\\\/uploads\\\/20200303191819_mg_6574-scaled.jpg\",\"datePublished\":\"2020-03-25T15:02:15+00:00\",\"dateModified\":\"2022-08-17T09:19:22+00:00\",\"description\":\"Yoga sin fronteras ofrece clases de yoga semanales a ni\u00f1os, ni\u00f1as, adolescentes y familias en situaci\u00f3n de vulnerabilidad del Casal dels Infants.\",\"breadcrumb\":{\"@id\":\"https:\\\/\\\/www.casaldelsinfants.org\\\/es\\\/actualidad\\\/yoga-sin-fronteras-ejercicio-y-relajacion-de-la-mano-del-voluntariado\\\/#breadcrumb\"},\"inLanguage\":\"es\",\"potentialAction\":[{\"@type\":\"ReadAction\",\"target\":[\"https:\\\/\\\/www.casaldelsinfants.org\\\/es\\\/actualidad\\\/yoga-sin-fronteras-ejercicio-y-relajacion-de-la-mano-del-voluntariado\\\/\"]}]},{\"@type\":\"ImageObject\",\"inLanguage\":\"es\",\"@id\":\"https:\\\/\\\/www.casaldelsinfants.org\\\/es\\\/actualidad\\\/yoga-sin-fronteras-ejercicio-y-relajacion-de-la-mano-del-voluntariado\\\/#primaryimage\",\"url\":\"https:\\\/\\\/www.casaldelsinfants.org\\\/wp-content\\\/uploads\\\/20200303191819_mg_6574-scaled.jpg\",\"contentUrl\":\"https:\\\/\\\/www.casaldelsinfants.org\\\/wp-content\\\/uploads\\\/20200303191819_mg_6574-scaled.jpg\",\"width\":2560,\"height\":1707,\"caption\":\"Dos nens i dues noies joves fent una classe de ioga a una espai del Caal dels Infants\"},{\"@type\":\"BreadcrumbList\",\"@id\":\"https:\\\/\\\/www.casaldelsinfants.org\\\/es\\\/actualidad\\\/yoga-sin-fronteras-ejercicio-y-relajacion-de-la-mano-del-voluntariado\\\/#breadcrumb\",\"itemListElement\":[{\"@type\":\"ListItem\",\"position\":1,\"name\":\"Inici\",\"item\":\"https:\\\/\\\/www.casaldelsinfants.org\\\/es\\\/\"},{\"@type\":\"ListItem\",\"position\":2,\"name\":\"Yoga sin fronteras: ejercicio y relajaci\u00f3n de la mano del voluntariado\"}]},{\"@type\":\"WebSite\",\"@id\":\"https:\\\/\\\/www.casaldelsinfants.org\\\/es\\\/#website\",\"url\":\"https:\\\/\\\/www.casaldelsinfants.org\\\/es\\\/\",\"name\":\"Casal dels Infants\",\"description\":\"\",\"publisher\":{\"@id\":\"https:\\\/\\\/www.casaldelsinfants.org\\\/es\\\/#organization\"},\"potentialAction\":[{\"@type\":\"SearchAction\",\"target\":{\"@type\":\"EntryPoint\",\"urlTemplate\":\"https:\\\/\\\/www.casaldelsinfants.org\\\/es\\\/?s={search_term_string}\"},\"query-input\":{\"@type\":\"PropertyValueSpecification\",\"valueRequired\":true,\"valueName\":\"search_term_string\"}}],\"inLanguage\":\"es\"},{\"@type\":\"Organization\",\"@id\":\"https:\\\/\\\/www.casaldelsinfants.org\\\/es\\\/#organization\",\"name\":\"Casal dels Infants\",\"url\":\"https:\\\/\\\/www.casaldelsinfants.org\\\/es\\\/\",\"logo\":{\"@type\":\"ImageObject\",\"inLanguage\":\"es\",\"@id\":\"https:\\\/\\\/www.casaldelsinfants.org\\\/es\\\/#\\\/schema\\\/logo\\\/image\\\/\",\"url\":\"https:\\\/\\\/www.casaldelsinfants.org\\\/wp-content\\\/uploads\\\/logo-mail.png\",\"contentUrl\":\"https:\\\/\\\/www.casaldelsinfants.org\\\/wp-content\\\/uploads\\\/logo-mail.png\",\"width\":380,\"height\":158,\"caption\":\"Casal dels Infants\"},\"image\":{\"@id\":\"https:\\\/\\\/www.casaldelsinfants.org\\\/es\\\/#\\\/schema\\\/logo\\\/image\\\/\"},\"sameAs\":[\"https:\\\/\\\/www.facebook.com\\\/casalinfants\",\"https:\\\/\\\/x.com\\\/casalinfants\",\"https:\\\/\\\/www.youtube.com\\\/user\\\/CasaldelsInfants1\",\"https:\\\/\\\/www.instagram.com\\\/casalinfants\\\/\",\"https:\\\/\\\/www.linkedin.com\\\/company\\\/casaldelsinfants?trk=organization-update_share-update_actor-text\"]},{\"@type\":\"Person\",\"@id\":\"https:\\\/\\\/www.casaldelsinfants.org\\\/es\\\/#\\\/schema\\\/person\\\/97707fc8c64900cf36891127dbf9fba8\",\"name\":\"cdiAdmin\",\"sameAs\":[\"https:\\\/\\\/casaldelsinfants.org\"]}]}<\/script>\n<!-- \/ Yoast SEO plugin. -->","yoast_head_json":{"title":"Yoga sin fronteras Casal dels Infants","description":"Yoga sin fronteras ofrece clases de yoga semanales a ni\u00f1os, ni\u00f1as, adolescentes y familias en situaci\u00f3n de vulnerabilidad del Casal dels Infants.","robots":{"index":"index","follow":"follow","max-snippet":"max-snippet:-1","max-image-preview":"max-image-preview:large","max-video-preview":"max-video-preview:-1"},"canonical":"https:\/\/www.casaldelsinfants.org\/es\/actualidad\/yoga-sin-fronteras-ejercicio-y-relajacion-de-la-mano-del-voluntariado\/","og_locale":"es_ES","og_type":"article","og_title":"Yoga sin fronteras Casal dels Infants","og_description":"Yoga sin fronteras ofrece clases de yoga semanales a ni\u00f1os, ni\u00f1as, adolescentes y familias en situaci\u00f3n de vulnerabilidad del Casal dels Infants.","og_url":"https:\/\/www.casaldelsinfants.org\/es\/actualidad\/yoga-sin-fronteras-ejercicio-y-relajacion-de-la-mano-del-voluntariado\/","og_site_name":"Casal dels Infants","article_publisher":"https:\/\/www.facebook.com\/casalinfants","article_published_time":"2020-03-25T15:02:15+00:00","article_modified_time":"2022-08-17T09:19:22+00:00","og_image":[{"width":2560,"height":1707,"url":"https:\/\/www.casaldelsinfants.org\/wp-content\/uploads\/20200303191819_mg_6574-scaled.jpg","type":"image\/jpeg"}],"author":"cdiAdmin","twitter_card":"summary_large_image","twitter_creator":"@casalinfants","twitter_site":"@casalinfants","twitter_misc":{"Escrito por":"cdiAdmin","Tiempo de lectura":"2 minutos"},"schema":{"@context":"https:\/\/schema.org","@graph":[{"@type":"Article","@id":"https:\/\/www.casaldelsinfants.org\/es\/actualidad\/yoga-sin-fronteras-ejercicio-y-relajacion-de-la-mano-del-voluntariado\/#article","isPartOf":{"@id":"https:\/\/www.casaldelsinfants.org\/es\/actualidad\/yoga-sin-fronteras-ejercicio-y-relajacion-de-la-mano-del-voluntariado\/"},"author":{"name":"cdiAdmin","@id":"https:\/\/www.casaldelsinfants.org\/es\/#\/schema\/person\/97707fc8c64900cf36891127dbf9fba8"},"headline":"Yoga sin fronteras: ejercicio y relajaci\u00f3n de la mano del voluntariado","datePublished":"2020-03-25T15:02:15+00:00","dateModified":"2022-08-17T09:19:22+00:00","mainEntityOfPage":{"@id":"https:\/\/www.casaldelsinfants.org\/es\/actualidad\/yoga-sin-fronteras-ejercicio-y-relajacion-de-la-mano-del-voluntariado\/"},"wordCount":328,"commentCount":0,"publisher":{"@id":"https:\/\/www.casaldelsinfants.org\/es\/#organization"},"image":{"@id":"https:\/\/www.casaldelsinfants.org\/es\/actualidad\/yoga-sin-fronteras-ejercicio-y-relajacion-de-la-mano-del-voluntariado\/#primaryimage"},"thumbnailUrl":"https:\/\/www.casaldelsinfants.org\/wp-content\/uploads\/20200303191819_mg_6574-scaled.jpg","articleSection":["Noticia","Reportaje"],"inLanguage":"es","potentialAction":[{"@type":"CommentAction","name":"Comment","target":["https:\/\/www.casaldelsinfants.org\/es\/actualidad\/yoga-sin-fronteras-ejercicio-y-relajacion-de-la-mano-del-voluntariado\/#respond"]}]},{"@type":"WebPage","@id":"https:\/\/www.casaldelsinfants.org\/es\/actualidad\/yoga-sin-fronteras-ejercicio-y-relajacion-de-la-mano-del-voluntariado\/","url":"https:\/\/www.casaldelsinfants.org\/es\/actualidad\/yoga-sin-fronteras-ejercicio-y-relajacion-de-la-mano-del-voluntariado\/","name":"Yoga sin fronteras Casal dels Infants","isPartOf":{"@id":"https:\/\/www.casaldelsinfants.org\/es\/#website"},"primaryImageOfPage":{"@id":"https:\/\/www.casaldelsinfants.org\/es\/actualidad\/yoga-sin-fronteras-ejercicio-y-relajacion-de-la-mano-del-voluntariado\/#primaryimage"},"image":{"@id":"https:\/\/www.casaldelsinfants.org\/es\/actualidad\/yoga-sin-fronteras-ejercicio-y-relajacion-de-la-mano-del-voluntariado\/#primaryimage"},"thumbnailUrl":"https:\/\/www.casaldelsinfants.org\/wp-content\/uploads\/20200303191819_mg_6574-scaled.jpg","datePublished":"2020-03-25T15:02:15+00:00","dateModified":"2022-08-17T09:19:22+00:00","description":"Yoga sin fronteras ofrece clases de yoga semanales a ni\u00f1os, ni\u00f1as, adolescentes y familias en situaci\u00f3n de vulnerabilidad del Casal dels Infants.","breadcrumb":{"@id":"https:\/\/www.casaldelsinfants.org\/es\/actualidad\/yoga-sin-fronteras-ejercicio-y-relajacion-de-la-mano-del-voluntariado\/#breadcrumb"},"inLanguage":"es","potentialAction":[{"@type":"ReadAction","target":["https:\/\/www.casaldelsinfants.org\/es\/actualidad\/yoga-sin-fronteras-ejercicio-y-relajacion-de-la-mano-del-voluntariado\/"]}]},{"@type":"ImageObject","inLanguage":"es","@id":"https:\/\/www.casaldelsinfants.org\/es\/actualidad\/yoga-sin-fronteras-ejercicio-y-relajacion-de-la-mano-del-voluntariado\/#primaryimage","url":"https:\/\/www.casaldelsinfants.org\/wp-content\/uploads\/20200303191819_mg_6574-scaled.jpg","contentUrl":"https:\/\/www.casaldelsinfants.org\/wp-content\/uploads\/20200303191819_mg_6574-scaled.jpg","width":2560,"height":1707,"caption":"Dos nens i dues noies joves fent una classe de ioga a una espai del Caal dels Infants"},{"@type":"BreadcrumbList","@id":"https:\/\/www.casaldelsinfants.org\/es\/actualidad\/yoga-sin-fronteras-ejercicio-y-relajacion-de-la-mano-del-voluntariado\/#breadcrumb","itemListElement":[{"@type":"ListItem","position":1,"name":"Inici","item":"https:\/\/www.casaldelsinfants.org\/es\/"},{"@type":"ListItem","position":2,"name":"Yoga sin fronteras: ejercicio y relajaci\u00f3n de la mano del voluntariado"}]},{"@type":"WebSite","@id":"https:\/\/www.casaldelsinfants.org\/es\/#website","url":"https:\/\/www.casaldelsinfants.org\/es\/","name":"Casal dels Infants","description":"","publisher":{"@id":"https:\/\/www.casaldelsinfants.org\/es\/#organization"},"potentialAction":[{"@type":"SearchAction","target":{"@type":"EntryPoint","urlTemplate":"https:\/\/www.casaldelsinfants.org\/es\/?s={search_term_string}"},"query-input":{"@type":"PropertyValueSpecification","valueRequired":true,"valueName":"search_term_string"}}],"inLanguage":"es"},{"@type":"Organization","@id":"https:\/\/www.casaldelsinfants.org\/es\/#organization","name":"Casal dels Infants","url":"https:\/\/www.casaldelsinfants.org\/es\/","logo":{"@type":"ImageObject","inLanguage":"es","@id":"https:\/\/www.casaldelsinfants.org\/es\/#\/schema\/logo\/image\/","url":"https:\/\/www.casaldelsinfants.org\/wp-content\/uploads\/logo-mail.png","contentUrl":"https:\/\/www.casaldelsinfants.org\/wp-content\/uploads\/logo-mail.png","width":380,"height":158,"caption":"Casal dels Infants"},"image":{"@id":"https:\/\/www.casaldelsinfants.org\/es\/#\/schema\/logo\/image\/"},"sameAs":["https:\/\/www.facebook.com\/casalinfants","https:\/\/x.com\/casalinfants","https:\/\/www.youtube.com\/user\/CasaldelsInfants1","https:\/\/www.instagram.com\/casalinfants\/","https:\/\/www.linkedin.com\/company\/casaldelsinfants?trk=organization-update_share-update_actor-text"]},{"@type":"Person","@id":"https:\/\/www.casaldelsinfants.org\/es\/#\/schema\/person\/97707fc8c64900cf36891127dbf9fba8","name":"cdiAdmin","sameAs":["https:\/\/casaldelsinfants.org"]}]}},"publishpress_future_action":{"enabled":false,"date":"2026-05-09 11:18:57","action":"change-status","newStatus":"draft","terms":[],"taxonomy":"category","extraData":[]},"publishpress_future_workflow_manual_trigger":{"enabledWorkflows":[]},"_links":{"self":[{"href":"https:\/\/www.casaldelsinfants.org\/es\/wp-json\/wp\/v2\/posts\/4380","targetHints":{"allow":["GET"]}}],"collection":[{"href":"https:\/\/www.casaldelsinfants.org\/es\/wp-json\/wp\/v2\/posts"}],"about":[{"href":"https:\/\/www.casaldelsinfants.org\/es\/wp-json\/wp\/v2\/types\/post"}],"author":[{"embeddable":true,"href":"https:\/\/www.casaldelsinfants.org\/es\/wp-json\/wp\/v2\/users\/1"}],"replies":[{"embeddable":true,"href":"https:\/\/www.casaldelsinfants.org\/es\/wp-json\/wp\/v2\/comments?post=4380"}],"version-history":[{"count":1,"href":"https:\/\/www.casaldelsinfants.org\/es\/wp-json\/wp\/v2\/posts\/4380\/revisions"}],"predecessor-version":[{"id":6336,"href":"https:\/\/www.casaldelsinfants.org\/es\/wp-json\/wp\/v2\/posts\/4380\/revisions\/6336"}],"wp:featuredmedia":[{"embeddable":true,"href":"https:\/\/www.casaldelsinfants.org\/es\/wp-json\/wp\/v2\/media\/3264"}],"wp:attachment":[{"href":"https:\/\/www.casaldelsinfants.org\/es\/wp-json\/wp\/v2\/media?parent=4380"}],"wp:term":[{"taxonomy":"category","embeddable":true,"href":"https:\/\/www.casaldelsinfants.org\/es\/wp-json\/wp\/v2\/categories?post=4380"},{"taxonomy":"post_tag","embeddable":true,"href":"https:\/\/www.casaldelsinfants.org\/es\/wp-json\/wp\/v2\/tags?post=4380"},{"taxonomy":"seus","embeddable":true,"href":"https:\/\/www.casaldelsinfants.org\/es\/wp-json\/wp\/v2\/seus?post=4380"},{"taxonomy":"eixos","embeddable":true,"href":"https:\/\/www.casaldelsinfants.org\/es\/wp-json\/wp\/v2\/eixos?post=4380"}],"curies":[{"name":"wp","href":"https:\/\/api.w.org\/{rel}","templated":true}]}}