{"id":4381,"date":"2020-03-19T19:26:21","date_gmt":"2020-03-19T17:26:21","guid":{"rendered":"https:\/\/casal.puntzero.cat\/noticies\/5-focus-datencio-en-aquests-primers-dies-de-confinament\/"},"modified":"2023-05-01T17:52:40","modified_gmt":"2023-05-01T15:52:40","slug":"5-focus-datencio-en-aquests-primers-dies-de-confinament","status":"publish","type":"post","link":"https:\/\/www.casaldelsinfants.org\/es\/actualidad\/5-focos-de-atencion-en-estos-primeros-dias-de-confinamiento\/","title":{"rendered":"5 focos de atenci\u00f3n en estos primeros d\u00edas de confinamiento"},"content":{"rendered":"<p><span style=\"color:#000000;\">Con nuestros locales y servicios cerrados debido al confinamiento por el Covid-10, llevamos d\u00edas dedicando todos los esfuerzos a estar en contacto con los ni\u00f1os y ni\u00f1as, j\u00f3venes y familias que habitualmente acompa\u00f1amos, darles consejos y herramientas para que pasen los d\u00edas en casa de la mejor manera posible y, sobre todo, detectar situaciones de especial riesgo que requieran respuestas inmediatas.<\/span><\/p>\n<p><span style=\"color:#000000;\">Para ello, nos coordinamos permanentemente con las administraciones p\u00fablicas, los servicios sociales y las entidades y redes de solidaridad de los barrios donde actuamos. En este contexto, \u00bfqu\u00e9 situaciones nos ocupan y preocupan especialmente?<\/span><\/p>\n<p><b id=\"docs-internal-guid-d4e0e45b-7fff-7ffa-684a-4fac6e94f8db\">Cobertura necesidades b\u00e1sicas <\/b><\/p>\n<p><span style=\"color:#000000;\">Nos encontramos con familias con hijos a cargo que, mayoritariamente, ya hac\u00edan frente a una falta de ingresos que se ha agravado con el confinamiento, especialmente cuando alg\u00fan miembro de la familia ha pasado a estar en el paro. Muchas tienen dificultades para pagar el alquiler o no pueden garantizar las comidas diarias. Trasladamos estos casos a los Servicios Sociales, y estamos recibiendo una respuesta positiva y proactiva.<\/span><\/p>\n<p><span style=\"color:#000000;\">En cuanto a garantizar la comida que la escuela cubre para quines tienen beca comedor, es urgente que se desplieguen las tarjetas monedero que permitir\u00e1n a las familias costearse esta comida, una medida que han anunciado tanto el Departament de Treball, Benestar i Fam\u00edlies como el Ayuntamiento de Barcelona.<\/span><\/p>\n<p><b id=\"docs-internal-guid-dfec5d49-7fff-9e86-6c67-9fc72a757f93\">Vivienda<\/b><\/p>\n<p><span style=\"color:#000000;\">El confinamiento de muchas familias est\u00e1 marcado por condiciones inadecuadas en su vivienda. Detectamos casos de sobreocupaci\u00f3n -muchas personas viviendo en un espacio peque\u00f1o-, familias que viven en locales sin c\u00e9dula de habitabilidad, otras en situaci\u00f3n de ocupaci\u00f3n -en algunas ocasiones sin acceso a electricidad ni agua-, o que viven en pisos con poca iluminaci\u00f3n y mala ventilaci\u00f3n. Tambi\u00e9n hay casos de familias que viven en una habitaci\u00f3n o reubicadas en una pensi\u00f3n tras haber sido desahuciadas.<\/span><\/p>\n<p><span style=\"color:#000000;\">Pasar muchos d\u00edas sin salir de este tipo de espacios genera situaciones de angustia y malestar que intentamos detectar, hacerles un seguimiento y trasladar a los servicios sociales.<\/span><\/p>\n<p><b id=\"docs-internal-guid-4ff141b0-7fff-bb17-37a8-9e3e3a6509e8\">Recursos educativos y de juego<\/b><\/p>\n<p><span style=\"color:#000000;\">Son muchos los hogares en los que los ni\u00f1os y ni\u00f1as no tienen suficiente espacio para jugar o un rinc\u00f3n apropiado para hacer los deberes, como tampoco juguetes ni herramientas de aprendizaje o acceso a internet. Las familias se ven desbordadas porque sus hijos e hijas est\u00e1n inquietos. Aqu\u00ed es clave el papel de nuestro equipo educativo, que les propone juegos, actividades y talleres para que puedan divertirse y tolerar mejor el hecho de estar en casa. Buscamos la manera de que el d\u00eda a d\u00eda de estos ni\u00f1os y ni\u00f1as en el Casal entre en su casa en estos d\u00edas excepcionales. <\/span><\/p>\n<p><b id=\"docs-internal-guid-89c7ae9a-7fff-e8dc-b08e-49d95bab0f93\">Redes de apoyo<\/b><\/p>\n<p><span style=\"color:#000000;\">Es una realidad que afecta sobretodo a las familias migradas, especialmente si son madres a cargo de una familia monoparental. La falta de redes familiares y de c\u00edrculos de apoyo mutuo hace que muchas no encuentren ayuda para las gestiones del d\u00eda a d\u00eda. Muchas mujeres asumen solas las cargas del hogar y los cuidados familiares. Desconocer el idioma y encontrarse una realidad todav\u00eda nueva para muchas familias hace que les cueste m\u00e1s entender la situaci\u00f3n de confinamiento y gestionar la incertidumbre que conlleva. La comunicaci\u00f3n que est\u00e1n manteniendo estos d\u00edas con los educadores y las educadoras del Casal dels Infants les hace sentir m\u00e1s seguras y acompa\u00f1adas.<\/span><\/p>\n<p><b id=\"docs-internal-guid-07787d91-7fff-030b-f24c-f29582148030\">Acompa\u00f1amiento emocional<\/b><\/p>\n<p><span style=\"color:#000000;\">Los padres y madres. Como tambi\u00e9n los ni\u00f1os y ni\u00f1as y los j\u00f3venes, pueden sufrir angustia a ra\u00edz del malestar, la incertidumbre y la confusi\u00f3n que generan estas situaciones l\u00edmite. Estos d\u00edas estamos muy pendientes de escuchar sus necesidades y buscarles soluciones, ya sea con recursos de nuestros equipos, deriv\u00e1ndoles a los Servicios Sociales o buscando apoyos en las redes de solidaridad vecinales.<\/span><\/p>\n<p><b id=\"docs-internal-guid-a5160b54-7fff-2ad8-92f3-52e4f5fa8ed8\">Queremos agradecer el esfuerzo extraordinario de todo el equipo y el apoyo incondicional de tantas personas que nos hac\u00e9is llegar vuestros \u00e1nimos para seguir hacia delante. No vamos a parar. Hasta que vuelvan los abrazos, trabajaremos intensamente para apoyar a ni\u00f1os, ni\u00f1as, j\u00f3venes y familias. Desde casa, pero con todo lo que podamos activar para estar m\u00e1s cerca que nunca.<\/b><\/p>\n<p>\u00a0<\/p>\n","protected":false},"excerpt":{"rendered":"<p>Con nuestros locales y servicios cerrados debido al confinamiento por el Covid-10, llevamos d\u00edas dedicando todos los esfuerzos a estar en contacto con los ni\u00f1os y ni\u00f1as, j\u00f3venes y familias que habitualmente acompa\u00f1amos, darles consejos y herramientas para que pasen los d\u00edas en casa de la mejor manera posible y, sobre todo, detectar situaciones de [&hellip;]<\/p>\n","protected":false},"author":1,"featured_media":3267,"comment_status":"open","ping_status":"open","sticky":false,"template":"","format":"standard","meta":{"_acf_changed":false,"_et_pb_use_builder":"","_et_pb_old_content":"","_et_gb_content_width":"","inline_featured_image":false,"footnotes":""},"categories":[125],"tags":[],"seus":[],"eixos":[110],"class_list":["post-4381","post","type-post","status-publish","format-standard","has-post-thumbnail","hentry","category-noticias","eixos-comunidad-casal-dels-infants"],"acf":[],"yoast_head":"<!-- This site is optimized with the Yoast SEO plugin v27.4 - https:\/\/yoast.com\/product\/yoast-seo-wordpress\/ -->\n<title>Qu\u00e9 nos ocupa y preocupa confinamiento<\/title>\n<meta name=\"description\" content=\"Ante el confinamiento, en el Casal dels Infants nos ocupa y nos preocupa la situaci\u00f3n de las familias privadas de necesidades b\u00e1sicas, los casos de infraviviendas, la falta de reursos para los ni\u00f1os en los hogares, las familias sin red de apoyo y la gesti\u00f3n emocional de estas situaciones.\" \/>\n<meta name=\"robots\" content=\"index, follow, max-snippet:-1, max-image-preview:large, max-video-preview:-1\" \/>\n<link rel=\"canonical\" href=\"https:\/\/www.casaldelsinfants.org\/es\/actualidad\/5-focos-de-atencion-en-estos-primeros-dias-de-confinamiento\/\" \/>\n<meta property=\"og:locale\" content=\"es_ES\" \/>\n<meta property=\"og:type\" content=\"article\" \/>\n<meta property=\"og:title\" content=\"Qu\u00e9 nos ocupa y preocupa confinamiento\" \/>\n<meta property=\"og:description\" content=\"Ante el confinamiento, en el Casal dels Infants nos ocupa y nos preocupa la situaci\u00f3n de las familias privadas de necesidades b\u00e1sicas, los casos de infraviviendas, la falta de reursos para los ni\u00f1os en los hogares, las familias sin red de apoyo y la gesti\u00f3n emocional de estas situaciones.\" \/>\n<meta property=\"og:url\" content=\"https:\/\/www.casaldelsinfants.org\/es\/actualidad\/5-focos-de-atencion-en-estos-primeros-dias-de-confinamiento\/\" \/>\n<meta property=\"og:site_name\" content=\"Casal dels Infants\" \/>\n<meta property=\"article:publisher\" content=\"https:\/\/www.facebook.com\/casalinfants\" \/>\n<meta property=\"article:published_time\" content=\"2020-03-19T17:26:21+00:00\" \/>\n<meta property=\"article:modified_time\" content=\"2023-05-01T15:52:40+00:00\" \/>\n<meta property=\"og:image\" content=\"https:\/\/www.casaldelsinfants.org\/wp-content\/uploads\/img-noti-covid_mesa_de_trabajo_1.png\" \/>\n\t<meta property=\"og:image:width\" content=\"1754\" \/>\n\t<meta property=\"og:image:height\" content=\"1241\" \/>\n\t<meta property=\"og:image:type\" content=\"image\/png\" \/>\n<meta name=\"author\" content=\"cdiAdmin\" \/>\n<meta name=\"twitter:card\" content=\"summary_large_image\" \/>\n<meta name=\"twitter:creator\" content=\"@casalinfants\" \/>\n<meta name=\"twitter:site\" content=\"@casalinfants\" \/>\n<meta name=\"twitter:label1\" content=\"Escrito por\" \/>\n\t<meta name=\"twitter:data1\" content=\"cdiAdmin\" \/>\n\t<meta name=\"twitter:label2\" content=\"Tiempo de lectura\" \/>\n\t<meta name=\"twitter:data2\" content=\"4 minutos\" \/>\n<script type=\"application\/ld+json\" class=\"yoast-schema-graph\">{\"@context\":\"https:\\\/\\\/schema.org\",\"@graph\":[{\"@type\":\"Article\",\"@id\":\"https:\\\/\\\/www.casaldelsinfants.org\\\/es\\\/actualidad\\\/5-focos-de-atencion-en-estos-primeros-dias-de-confinamiento\\\/#article\",\"isPartOf\":{\"@id\":\"https:\\\/\\\/www.casaldelsinfants.org\\\/es\\\/actualidad\\\/5-focos-de-atencion-en-estos-primeros-dias-de-confinamiento\\\/\"},\"author\":{\"name\":\"cdiAdmin\",\"@id\":\"https:\\\/\\\/www.casaldelsinfants.org\\\/es\\\/#\\\/schema\\\/person\\\/97707fc8c64900cf36891127dbf9fba8\"},\"headline\":\"5 focos de atenci\u00f3n en estos primeros d\u00edas de confinamiento\",\"datePublished\":\"2020-03-19T17:26:21+00:00\",\"dateModified\":\"2023-05-01T15:52:40+00:00\",\"mainEntityOfPage\":{\"@id\":\"https:\\\/\\\/www.casaldelsinfants.org\\\/es\\\/actualidad\\\/5-focos-de-atencion-en-estos-primeros-dias-de-confinamiento\\\/\"},\"wordCount\":733,\"commentCount\":0,\"publisher\":{\"@id\":\"https:\\\/\\\/www.casaldelsinfants.org\\\/es\\\/#organization\"},\"image\":{\"@id\":\"https:\\\/\\\/www.casaldelsinfants.org\\\/es\\\/actualidad\\\/5-focos-de-atencion-en-estos-primeros-dias-de-confinamiento\\\/#primaryimage\"},\"thumbnailUrl\":\"https:\\\/\\\/www.casaldelsinfants.org\\\/wp-content\\\/uploads\\\/img-noti-covid_mesa_de_trabajo_1.png\",\"articleSection\":[\"Noticia\"],\"inLanguage\":\"es\",\"potentialAction\":[{\"@type\":\"CommentAction\",\"name\":\"Comment\",\"target\":[\"https:\\\/\\\/www.casaldelsinfants.org\\\/es\\\/actualidad\\\/5-focos-de-atencion-en-estos-primeros-dias-de-confinamiento\\\/#respond\"]}]},{\"@type\":\"WebPage\",\"@id\":\"https:\\\/\\\/www.casaldelsinfants.org\\\/es\\\/actualidad\\\/5-focos-de-atencion-en-estos-primeros-dias-de-confinamiento\\\/\",\"url\":\"https:\\\/\\\/www.casaldelsinfants.org\\\/es\\\/actualidad\\\/5-focos-de-atencion-en-estos-primeros-dias-de-confinamiento\\\/\",\"name\":\"Qu\u00e9 nos ocupa y preocupa confinamiento\",\"isPartOf\":{\"@id\":\"https:\\\/\\\/www.casaldelsinfants.org\\\/es\\\/#website\"},\"primaryImageOfPage\":{\"@id\":\"https:\\\/\\\/www.casaldelsinfants.org\\\/es\\\/actualidad\\\/5-focos-de-atencion-en-estos-primeros-dias-de-confinamiento\\\/#primaryimage\"},\"image\":{\"@id\":\"https:\\\/\\\/www.casaldelsinfants.org\\\/es\\\/actualidad\\\/5-focos-de-atencion-en-estos-primeros-dias-de-confinamiento\\\/#primaryimage\"},\"thumbnailUrl\":\"https:\\\/\\\/www.casaldelsinfants.org\\\/wp-content\\\/uploads\\\/img-noti-covid_mesa_de_trabajo_1.png\",\"datePublished\":\"2020-03-19T17:26:21+00:00\",\"dateModified\":\"2023-05-01T15:52:40+00:00\",\"description\":\"Ante el confinamiento, en el Casal dels Infants nos ocupa y nos preocupa la situaci\u00f3n de las familias privadas de necesidades b\u00e1sicas, los casos de infraviviendas, la falta de reursos para los ni\u00f1os en los hogares, las familias sin red de apoyo y la gesti\u00f3n emocional de estas situaciones.\",\"breadcrumb\":{\"@id\":\"https:\\\/\\\/www.casaldelsinfants.org\\\/es\\\/actualidad\\\/5-focos-de-atencion-en-estos-primeros-dias-de-confinamiento\\\/#breadcrumb\"},\"inLanguage\":\"es\",\"potentialAction\":[{\"@type\":\"ReadAction\",\"target\":[\"https:\\\/\\\/www.casaldelsinfants.org\\\/es\\\/actualidad\\\/5-focos-de-atencion-en-estos-primeros-dias-de-confinamiento\\\/\"]}]},{\"@type\":\"ImageObject\",\"inLanguage\":\"es\",\"@id\":\"https:\\\/\\\/www.casaldelsinfants.org\\\/es\\\/actualidad\\\/5-focos-de-atencion-en-estos-primeros-dias-de-confinamiento\\\/#primaryimage\",\"url\":\"https:\\\/\\\/www.casaldelsinfants.org\\\/wp-content\\\/uploads\\\/img-noti-covid_mesa_de_trabajo_1.png\",\"contentUrl\":\"https:\\\/\\\/www.casaldelsinfants.org\\\/wp-content\\\/uploads\\\/img-noti-covid_mesa_de_trabajo_1.png\",\"width\":1754,\"height\":1241,\"caption\":\"Cartel Covid-19\"},{\"@type\":\"BreadcrumbList\",\"@id\":\"https:\\\/\\\/www.casaldelsinfants.org\\\/es\\\/actualidad\\\/5-focos-de-atencion-en-estos-primeros-dias-de-confinamiento\\\/#breadcrumb\",\"itemListElement\":[{\"@type\":\"ListItem\",\"position\":1,\"name\":\"Inici\",\"item\":\"https:\\\/\\\/www.casaldelsinfants.org\\\/es\\\/\"},{\"@type\":\"ListItem\",\"position\":2,\"name\":\"5 focos de atenci\u00f3n en estos primeros d\u00edas de confinamiento\"}]},{\"@type\":\"WebSite\",\"@id\":\"https:\\\/\\\/www.casaldelsinfants.org\\\/es\\\/#website\",\"url\":\"https:\\\/\\\/www.casaldelsinfants.org\\\/es\\\/\",\"name\":\"Casal dels Infants\",\"description\":\"\",\"publisher\":{\"@id\":\"https:\\\/\\\/www.casaldelsinfants.org\\\/es\\\/#organization\"},\"potentialAction\":[{\"@type\":\"SearchAction\",\"target\":{\"@type\":\"EntryPoint\",\"urlTemplate\":\"https:\\\/\\\/www.casaldelsinfants.org\\\/es\\\/?s={search_term_string}\"},\"query-input\":{\"@type\":\"PropertyValueSpecification\",\"valueRequired\":true,\"valueName\":\"search_term_string\"}}],\"inLanguage\":\"es\"},{\"@type\":\"Organization\",\"@id\":\"https:\\\/\\\/www.casaldelsinfants.org\\\/es\\\/#organization\",\"name\":\"Casal dels Infants\",\"url\":\"https:\\\/\\\/www.casaldelsinfants.org\\\/es\\\/\",\"logo\":{\"@type\":\"ImageObject\",\"inLanguage\":\"es\",\"@id\":\"https:\\\/\\\/www.casaldelsinfants.org\\\/es\\\/#\\\/schema\\\/logo\\\/image\\\/\",\"url\":\"https:\\\/\\\/www.casaldelsinfants.org\\\/wp-content\\\/uploads\\\/logo-mail.png\",\"contentUrl\":\"https:\\\/\\\/www.casaldelsinfants.org\\\/wp-content\\\/uploads\\\/logo-mail.png\",\"width\":380,\"height\":158,\"caption\":\"Casal dels Infants\"},\"image\":{\"@id\":\"https:\\\/\\\/www.casaldelsinfants.org\\\/es\\\/#\\\/schema\\\/logo\\\/image\\\/\"},\"sameAs\":[\"https:\\\/\\\/www.facebook.com\\\/casalinfants\",\"https:\\\/\\\/x.com\\\/casalinfants\",\"https:\\\/\\\/www.youtube.com\\\/user\\\/CasaldelsInfants1\",\"https:\\\/\\\/www.instagram.com\\\/casalinfants\\\/\",\"https:\\\/\\\/www.linkedin.com\\\/company\\\/casaldelsinfants?trk=organization-update_share-update_actor-text\"]},{\"@type\":\"Person\",\"@id\":\"https:\\\/\\\/www.casaldelsinfants.org\\\/es\\\/#\\\/schema\\\/person\\\/97707fc8c64900cf36891127dbf9fba8\",\"name\":\"cdiAdmin\",\"sameAs\":[\"https:\\\/\\\/casaldelsinfants.org\"]}]}<\/script>\n<!-- \/ Yoast SEO plugin. -->","yoast_head_json":{"title":"Qu\u00e9 nos ocupa y preocupa confinamiento","description":"Ante el confinamiento, en el Casal dels Infants nos ocupa y nos preocupa la situaci\u00f3n de las familias privadas de necesidades b\u00e1sicas, los casos de infraviviendas, la falta de reursos para los ni\u00f1os en los hogares, las familias sin red de apoyo y la gesti\u00f3n emocional de estas situaciones.","robots":{"index":"index","follow":"follow","max-snippet":"max-snippet:-1","max-image-preview":"max-image-preview:large","max-video-preview":"max-video-preview:-1"},"canonical":"https:\/\/www.casaldelsinfants.org\/es\/actualidad\/5-focos-de-atencion-en-estos-primeros-dias-de-confinamiento\/","og_locale":"es_ES","og_type":"article","og_title":"Qu\u00e9 nos ocupa y preocupa confinamiento","og_description":"Ante el confinamiento, en el Casal dels Infants nos ocupa y nos preocupa la situaci\u00f3n de las familias privadas de necesidades b\u00e1sicas, los casos de infraviviendas, la falta de reursos para los ni\u00f1os en los hogares, las familias sin red de apoyo y la gesti\u00f3n emocional de estas situaciones.","og_url":"https:\/\/www.casaldelsinfants.org\/es\/actualidad\/5-focos-de-atencion-en-estos-primeros-dias-de-confinamiento\/","og_site_name":"Casal dels Infants","article_publisher":"https:\/\/www.facebook.com\/casalinfants","article_published_time":"2020-03-19T17:26:21+00:00","article_modified_time":"2023-05-01T15:52:40+00:00","og_image":[{"width":1754,"height":1241,"url":"https:\/\/www.casaldelsinfants.org\/wp-content\/uploads\/img-noti-covid_mesa_de_trabajo_1.png","type":"image\/png"}],"author":"cdiAdmin","twitter_card":"summary_large_image","twitter_creator":"@casalinfants","twitter_site":"@casalinfants","twitter_misc":{"Escrito por":"cdiAdmin","Tiempo de lectura":"4 minutos"},"schema":{"@context":"https:\/\/schema.org","@graph":[{"@type":"Article","@id":"https:\/\/www.casaldelsinfants.org\/es\/actualidad\/5-focos-de-atencion-en-estos-primeros-dias-de-confinamiento\/#article","isPartOf":{"@id":"https:\/\/www.casaldelsinfants.org\/es\/actualidad\/5-focos-de-atencion-en-estos-primeros-dias-de-confinamiento\/"},"author":{"name":"cdiAdmin","@id":"https:\/\/www.casaldelsinfants.org\/es\/#\/schema\/person\/97707fc8c64900cf36891127dbf9fba8"},"headline":"5 focos de atenci\u00f3n en estos primeros d\u00edas de confinamiento","datePublished":"2020-03-19T17:26:21+00:00","dateModified":"2023-05-01T15:52:40+00:00","mainEntityOfPage":{"@id":"https:\/\/www.casaldelsinfants.org\/es\/actualidad\/5-focos-de-atencion-en-estos-primeros-dias-de-confinamiento\/"},"wordCount":733,"commentCount":0,"publisher":{"@id":"https:\/\/www.casaldelsinfants.org\/es\/#organization"},"image":{"@id":"https:\/\/www.casaldelsinfants.org\/es\/actualidad\/5-focos-de-atencion-en-estos-primeros-dias-de-confinamiento\/#primaryimage"},"thumbnailUrl":"https:\/\/www.casaldelsinfants.org\/wp-content\/uploads\/img-noti-covid_mesa_de_trabajo_1.png","articleSection":["Noticia"],"inLanguage":"es","potentialAction":[{"@type":"CommentAction","name":"Comment","target":["https:\/\/www.casaldelsinfants.org\/es\/actualidad\/5-focos-de-atencion-en-estos-primeros-dias-de-confinamiento\/#respond"]}]},{"@type":"WebPage","@id":"https:\/\/www.casaldelsinfants.org\/es\/actualidad\/5-focos-de-atencion-en-estos-primeros-dias-de-confinamiento\/","url":"https:\/\/www.casaldelsinfants.org\/es\/actualidad\/5-focos-de-atencion-en-estos-primeros-dias-de-confinamiento\/","name":"Qu\u00e9 nos ocupa y preocupa confinamiento","isPartOf":{"@id":"https:\/\/www.casaldelsinfants.org\/es\/#website"},"primaryImageOfPage":{"@id":"https:\/\/www.casaldelsinfants.org\/es\/actualidad\/5-focos-de-atencion-en-estos-primeros-dias-de-confinamiento\/#primaryimage"},"image":{"@id":"https:\/\/www.casaldelsinfants.org\/es\/actualidad\/5-focos-de-atencion-en-estos-primeros-dias-de-confinamiento\/#primaryimage"},"thumbnailUrl":"https:\/\/www.casaldelsinfants.org\/wp-content\/uploads\/img-noti-covid_mesa_de_trabajo_1.png","datePublished":"2020-03-19T17:26:21+00:00","dateModified":"2023-05-01T15:52:40+00:00","description":"Ante el confinamiento, en el Casal dels Infants nos ocupa y nos preocupa la situaci\u00f3n de las familias privadas de necesidades b\u00e1sicas, los casos de infraviviendas, la falta de reursos para los ni\u00f1os en los hogares, las familias sin red de apoyo y la gesti\u00f3n emocional de estas situaciones.","breadcrumb":{"@id":"https:\/\/www.casaldelsinfants.org\/es\/actualidad\/5-focos-de-atencion-en-estos-primeros-dias-de-confinamiento\/#breadcrumb"},"inLanguage":"es","potentialAction":[{"@type":"ReadAction","target":["https:\/\/www.casaldelsinfants.org\/es\/actualidad\/5-focos-de-atencion-en-estos-primeros-dias-de-confinamiento\/"]}]},{"@type":"ImageObject","inLanguage":"es","@id":"https:\/\/www.casaldelsinfants.org\/es\/actualidad\/5-focos-de-atencion-en-estos-primeros-dias-de-confinamiento\/#primaryimage","url":"https:\/\/www.casaldelsinfants.org\/wp-content\/uploads\/img-noti-covid_mesa_de_trabajo_1.png","contentUrl":"https:\/\/www.casaldelsinfants.org\/wp-content\/uploads\/img-noti-covid_mesa_de_trabajo_1.png","width":1754,"height":1241,"caption":"Cartel Covid-19"},{"@type":"BreadcrumbList","@id":"https:\/\/www.casaldelsinfants.org\/es\/actualidad\/5-focos-de-atencion-en-estos-primeros-dias-de-confinamiento\/#breadcrumb","itemListElement":[{"@type":"ListItem","position":1,"name":"Inici","item":"https:\/\/www.casaldelsinfants.org\/es\/"},{"@type":"ListItem","position":2,"name":"5 focos de atenci\u00f3n en estos primeros d\u00edas de confinamiento"}]},{"@type":"WebSite","@id":"https:\/\/www.casaldelsinfants.org\/es\/#website","url":"https:\/\/www.casaldelsinfants.org\/es\/","name":"Casal dels Infants","description":"","publisher":{"@id":"https:\/\/www.casaldelsinfants.org\/es\/#organization"},"potentialAction":[{"@type":"SearchAction","target":{"@type":"EntryPoint","urlTemplate":"https:\/\/www.casaldelsinfants.org\/es\/?s={search_term_string}"},"query-input":{"@type":"PropertyValueSpecification","valueRequired":true,"valueName":"search_term_string"}}],"inLanguage":"es"},{"@type":"Organization","@id":"https:\/\/www.casaldelsinfants.org\/es\/#organization","name":"Casal dels Infants","url":"https:\/\/www.casaldelsinfants.org\/es\/","logo":{"@type":"ImageObject","inLanguage":"es","@id":"https:\/\/www.casaldelsinfants.org\/es\/#\/schema\/logo\/image\/","url":"https:\/\/www.casaldelsinfants.org\/wp-content\/uploads\/logo-mail.png","contentUrl":"https:\/\/www.casaldelsinfants.org\/wp-content\/uploads\/logo-mail.png","width":380,"height":158,"caption":"Casal dels Infants"},"image":{"@id":"https:\/\/www.casaldelsinfants.org\/es\/#\/schema\/logo\/image\/"},"sameAs":["https:\/\/www.facebook.com\/casalinfants","https:\/\/x.com\/casalinfants","https:\/\/www.youtube.com\/user\/CasaldelsInfants1","https:\/\/www.instagram.com\/casalinfants\/","https:\/\/www.linkedin.com\/company\/casaldelsinfants?trk=organization-update_share-update_actor-text"]},{"@type":"Person","@id":"https:\/\/www.casaldelsinfants.org\/es\/#\/schema\/person\/97707fc8c64900cf36891127dbf9fba8","name":"cdiAdmin","sameAs":["https:\/\/casaldelsinfants.org"]}]}},"publishpress_future_action":{"enabled":false,"date":"2026-05-09 11:18:53","action":"change-status","newStatus":"draft","terms":[],"taxonomy":"category","extraData":[]},"publishpress_future_workflow_manual_trigger":{"enabledWorkflows":[]},"_links":{"self":[{"href":"https:\/\/www.casaldelsinfants.org\/es\/wp-json\/wp\/v2\/posts\/4381","targetHints":{"allow":["GET"]}}],"collection":[{"href":"https:\/\/www.casaldelsinfants.org\/es\/wp-json\/wp\/v2\/posts"}],"about":[{"href":"https:\/\/www.casaldelsinfants.org\/es\/wp-json\/wp\/v2\/types\/post"}],"author":[{"embeddable":true,"href":"https:\/\/www.casaldelsinfants.org\/es\/wp-json\/wp\/v2\/users\/1"}],"replies":[{"embeddable":true,"href":"https:\/\/www.casaldelsinfants.org\/es\/wp-json\/wp\/v2\/comments?post=4381"}],"version-history":[{"count":1,"href":"https:\/\/www.casaldelsinfants.org\/es\/wp-json\/wp\/v2\/posts\/4381\/revisions"}],"predecessor-version":[{"id":6337,"href":"https:\/\/www.casaldelsinfants.org\/es\/wp-json\/wp\/v2\/posts\/4381\/revisions\/6337"}],"wp:featuredmedia":[{"embeddable":true,"href":"https:\/\/www.casaldelsinfants.org\/es\/wp-json\/wp\/v2\/media\/3267"}],"wp:attachment":[{"href":"https:\/\/www.casaldelsinfants.org\/es\/wp-json\/wp\/v2\/media?parent=4381"}],"wp:term":[{"taxonomy":"category","embeddable":true,"href":"https:\/\/www.casaldelsinfants.org\/es\/wp-json\/wp\/v2\/categories?post=4381"},{"taxonomy":"post_tag","embeddable":true,"href":"https:\/\/www.casaldelsinfants.org\/es\/wp-json\/wp\/v2\/tags?post=4381"},{"taxonomy":"seus","embeddable":true,"href":"https:\/\/www.casaldelsinfants.org\/es\/wp-json\/wp\/v2\/seus?post=4381"},{"taxonomy":"eixos","embeddable":true,"href":"https:\/\/www.casaldelsinfants.org\/es\/wp-json\/wp\/v2\/eixos?post=4381"}],"curies":[{"name":"wp","href":"https:\/\/api.w.org\/{rel}","templated":true}]}}