{"id":4385,"date":"2020-02-25T10:01:55","date_gmt":"2020-02-25T08:01:55","guid":{"rendered":"https:\/\/casal.puntzero.cat\/noticies\/fedaia-reclama-afegir-130-milions-deuros-latencio-la-infancia-als-pressupostos-de-la\/"},"modified":"2023-05-01T17:52:53","modified_gmt":"2023-05-01T15:52:53","slug":"fedaia-reclama-afegir-130-milions-deuros-latencio-la-infancia-als-pressupostos-de-la","status":"publish","type":"post","link":"https:\/\/www.casaldelsinfants.org\/es\/actualidad\/fedaia-reclama-atencion-infancia-en-presupuestos\/","title":{"rendered":"Fedaia  reclama a\u00f1adir 130 millones de euros para la atenci\u00f3n a la infancia en los presupuestos de la Generalitat"},"content":{"rendered":"<p><span style=\"color:#000000;\">La <strong>Federaci\u00f3 d\u2019entitats d\u2019atenci\u00f3 a la inf\u00e0ncia i l\u2019adolesc\u00e8ncia (Fedaia)<\/strong>, de la cual el <strong>Casal dels Infants <\/strong>es miembro, lanz\u00f3 este lunes la campa\u00f1a <strong>\u201cLlenamos mochilas de oportunidades\u201d<\/strong> en un acto en la plaza dels \u00c0ngels en el que reclam\u00f3 <strong>a\u00f1adir 130 millores de euros<\/strong> a la propuesta de <strong>presupuestos de la Generalitat <\/strong>para el 2020.<\/span><\/p>\n<p><span style=\"color:#000000;\">En el acto se ley\u00f3 un <\/span><a href=\"http:\/\/www.fedaia.org\/sites\/fedaia\/files\/uploads\/CIRCULAR\/manifest.pdf\" rel=\"nofollow\"><strong>manifiesto<\/strong><\/a> <span style=\"color:#000000;\">que describe c\u00f3mo desde 2008 la crisis ha acentuado la desigualdad social y el riesgo de pobreza, y se\u00f1ala a las administraciones p\u00fablicas por haber optado por \u201crecortar servicios de atenci\u00f3n a las personas, tanto de car\u00e1cter b\u00e1sico como complementario o especializado\u201d.<\/span><\/p>\n<p><span style=\"color:#000000;\">Las entidades, afirma el manifiesto, han ampliado durante estos a\u00f1os la cobertura ofreciendo la respuesta social que se requer\u00eda, realizando proceso de mayor eficiencia para reducir gastos y poder garantizar la continuidad de los servicios, llegando a una<strong> \u201csituaci\u00f3n l\u00edmite\u201d<\/strong>.<\/span><\/p>\n<p><span style=\"color:#000000;\">Fedaia concreta la demanda de un aumento de la dotaci\u00f3n presupuestaria en <strong>90 millones de euros \u201cpara revertir los 10 a\u00f1os de p\u00e9rdidas\u201d y 40 millones para el despliegue del modelo de Servicios de Intervenci\u00f3n Socioeducativa (SIS)<\/strong>. Todo ello con el objetivo de \u201cllenar las mochilas de los ni\u00f1os, ni\u00f1as y adolescentes de herramientas e instrumentos para garantizar sus derechos y prevenir situaciones de riesgo de exclusi\u00f3n\u201d.<\/span><\/p>\n<p><span style=\"color:#000000;\">Fedaia representa a cerca de un centenar de entidades que atienden <strong>100.000 ni\u00f1os y ni\u00f1as<\/strong> en situaci\u00f3n de vulnerabilidad en Catalunya, contando con <strong>3.500 profesionales<\/strong> y <strong>4.800 personas voluntarias<\/strong>.<\/span><\/p>\n","protected":false},"excerpt":{"rendered":"<p>La Federaci\u00f3 d\u2019entitats d\u2019atenci\u00f3 a la inf\u00e0ncia i l\u2019adolesc\u00e8ncia (Fedaia), de la cual el Casal dels Infants es miembro, lanz\u00f3 este lunes la campa\u00f1a \u201cLlenamos mochilas de oportunidades\u201d en un acto en la plaza dels \u00c0ngels en el que reclam\u00f3 a\u00f1adir 130 millores de euros a la propuesta de presupuestos de la Generalitat para el [&hellip;]<\/p>\n","protected":false},"author":1,"featured_media":3274,"comment_status":"open","ping_status":"open","sticky":false,"template":"","format":"standard","meta":{"_acf_changed":false,"_et_pb_use_builder":"","_et_pb_old_content":"","_et_gb_content_width":"","inline_featured_image":false,"footnotes":""},"categories":[125],"tags":[],"seus":[],"eixos":[],"class_list":["post-4385","post","type-post","status-publish","format-standard","has-post-thumbnail","hentry","category-noticias"],"acf":[],"yoast_head":"<!-- This site is optimized with the Yoast SEO plugin v27.4 - https:\/\/yoast.com\/product\/yoast-seo-wordpress\/ -->\n<title>Fedaia reclama a\u00f1adir 130 millones de euros para la atenci\u00f3n a la infancia en los presupuestos de la Generalitat - Casal dels Infants<\/title>\n<meta name=\"robots\" content=\"index, follow, max-snippet:-1, max-image-preview:large, max-video-preview:-1\" \/>\n<link rel=\"canonical\" href=\"https:\/\/www.casaldelsinfants.org\/es\/actualidad\/fedaia-reclama-atencion-infancia-en-presupuestos\/\" \/>\n<meta property=\"og:locale\" content=\"es_ES\" \/>\n<meta property=\"og:type\" content=\"article\" \/>\n<meta property=\"og:title\" content=\"Fedaia reclama a\u00f1adir 130 millones de euros para la atenci\u00f3n a la infancia en los presupuestos de la Generalitat - Casal dels Infants\" \/>\n<meta property=\"og:description\" content=\"La Federaci\u00f3 d\u2019entitats d\u2019atenci\u00f3 a la inf\u00e0ncia i l\u2019adolesc\u00e8ncia (Fedaia), de la cual el Casal dels Infants es miembro, lanz\u00f3 este lunes la campa\u00f1a \u201cLlenamos mochilas de oportunidades\u201d en un acto en la plaza dels \u00c0ngels en el que reclam\u00f3 a\u00f1adir 130 millores de euros a la propuesta de presupuestos de la Generalitat para el [&hellip;]\" \/>\n<meta property=\"og:url\" content=\"https:\/\/www.casaldelsinfants.org\/es\/actualidad\/fedaia-reclama-atencion-infancia-en-presupuestos\/\" \/>\n<meta property=\"og:site_name\" content=\"Casal dels Infants\" \/>\n<meta property=\"article:publisher\" content=\"https:\/\/www.facebook.com\/casalinfants\" \/>\n<meta property=\"article:published_time\" content=\"2020-02-25T08:01:55+00:00\" \/>\n<meta property=\"article:modified_time\" content=\"2023-05-01T15:52:53+00:00\" \/>\n<meta property=\"og:image\" content=\"https:\/\/www.casaldelsinfants.org\/wp-content\/uploads\/fedaia_omplim_motxilles_doportunitats.jpg\" \/>\n\t<meta property=\"og:image:width\" content=\"440\" \/>\n\t<meta property=\"og:image:height\" content=\"220\" \/>\n\t<meta property=\"og:image:type\" content=\"image\/jpeg\" \/>\n<meta name=\"author\" content=\"cdiAdmin\" \/>\n<meta name=\"twitter:card\" content=\"summary_large_image\" \/>\n<meta name=\"twitter:creator\" content=\"@casalinfants\" \/>\n<meta name=\"twitter:site\" content=\"@casalinfants\" \/>\n<meta name=\"twitter:label1\" content=\"Escrito por\" \/>\n\t<meta name=\"twitter:data1\" content=\"cdiAdmin\" \/>\n\t<meta name=\"twitter:label2\" content=\"Tiempo de lectura\" \/>\n\t<meta name=\"twitter:data2\" content=\"1 minuto\" \/>\n<script type=\"application\/ld+json\" class=\"yoast-schema-graph\">{\"@context\":\"https:\\\/\\\/schema.org\",\"@graph\":[{\"@type\":\"Article\",\"@id\":\"https:\\\/\\\/www.casaldelsinfants.org\\\/es\\\/actualidad\\\/fedaia-reclama-atencion-infancia-en-presupuestos\\\/#article\",\"isPartOf\":{\"@id\":\"https:\\\/\\\/www.casaldelsinfants.org\\\/es\\\/actualidad\\\/fedaia-reclama-atencion-infancia-en-presupuestos\\\/\"},\"author\":{\"name\":\"cdiAdmin\",\"@id\":\"https:\\\/\\\/www.casaldelsinfants.org\\\/es\\\/#\\\/schema\\\/person\\\/97707fc8c64900cf36891127dbf9fba8\"},\"headline\":\"Fedaia reclama a\u00f1adir 130 millones de euros para la atenci\u00f3n a la infancia en los presupuestos de la Generalitat\",\"datePublished\":\"2020-02-25T08:01:55+00:00\",\"dateModified\":\"2023-05-01T15:52:53+00:00\",\"mainEntityOfPage\":{\"@id\":\"https:\\\/\\\/www.casaldelsinfants.org\\\/es\\\/actualidad\\\/fedaia-reclama-atencion-infancia-en-presupuestos\\\/\"},\"wordCount\":279,\"commentCount\":0,\"publisher\":{\"@id\":\"https:\\\/\\\/www.casaldelsinfants.org\\\/es\\\/#organization\"},\"image\":{\"@id\":\"https:\\\/\\\/www.casaldelsinfants.org\\\/es\\\/actualidad\\\/fedaia-reclama-atencion-infancia-en-presupuestos\\\/#primaryimage\"},\"thumbnailUrl\":\"https:\\\/\\\/www.casaldelsinfants.org\\\/wp-content\\\/uploads\\\/fedaia_omplim_motxilles_doportunitats.jpg\",\"articleSection\":[\"Noticia\"],\"inLanguage\":\"es\",\"potentialAction\":[{\"@type\":\"CommentAction\",\"name\":\"Comment\",\"target\":[\"https:\\\/\\\/www.casaldelsinfants.org\\\/es\\\/actualidad\\\/fedaia-reclama-atencion-infancia-en-presupuestos\\\/#respond\"]}]},{\"@type\":\"WebPage\",\"@id\":\"https:\\\/\\\/www.casaldelsinfants.org\\\/es\\\/actualidad\\\/fedaia-reclama-atencion-infancia-en-presupuestos\\\/\",\"url\":\"https:\\\/\\\/www.casaldelsinfants.org\\\/es\\\/actualidad\\\/fedaia-reclama-atencion-infancia-en-presupuestos\\\/\",\"name\":\"Fedaia reclama a\u00f1adir 130 millones de euros para la atenci\u00f3n a la infancia en los presupuestos de la Generalitat - Casal dels Infants\",\"isPartOf\":{\"@id\":\"https:\\\/\\\/www.casaldelsinfants.org\\\/es\\\/#website\"},\"primaryImageOfPage\":{\"@id\":\"https:\\\/\\\/www.casaldelsinfants.org\\\/es\\\/actualidad\\\/fedaia-reclama-atencion-infancia-en-presupuestos\\\/#primaryimage\"},\"image\":{\"@id\":\"https:\\\/\\\/www.casaldelsinfants.org\\\/es\\\/actualidad\\\/fedaia-reclama-atencion-infancia-en-presupuestos\\\/#primaryimage\"},\"thumbnailUrl\":\"https:\\\/\\\/www.casaldelsinfants.org\\\/wp-content\\\/uploads\\\/fedaia_omplim_motxilles_doportunitats.jpg\",\"datePublished\":\"2020-02-25T08:01:55+00:00\",\"dateModified\":\"2023-05-01T15:52:53+00:00\",\"breadcrumb\":{\"@id\":\"https:\\\/\\\/www.casaldelsinfants.org\\\/es\\\/actualidad\\\/fedaia-reclama-atencion-infancia-en-presupuestos\\\/#breadcrumb\"},\"inLanguage\":\"es\",\"potentialAction\":[{\"@type\":\"ReadAction\",\"target\":[\"https:\\\/\\\/www.casaldelsinfants.org\\\/es\\\/actualidad\\\/fedaia-reclama-atencion-infancia-en-presupuestos\\\/\"]}]},{\"@type\":\"ImageObject\",\"inLanguage\":\"es\",\"@id\":\"https:\\\/\\\/www.casaldelsinfants.org\\\/es\\\/actualidad\\\/fedaia-reclama-atencion-infancia-en-presupuestos\\\/#primaryimage\",\"url\":\"https:\\\/\\\/www.casaldelsinfants.org\\\/wp-content\\\/uploads\\\/fedaia_omplim_motxilles_doportunitats.jpg\",\"contentUrl\":\"https:\\\/\\\/www.casaldelsinfants.org\\\/wp-content\\\/uploads\\\/fedaia_omplim_motxilles_doportunitats.jpg\",\"width\":440,\"height\":220,\"caption\":\"Logotip Fedaia \\\"omplim motxilles d'oportunitats\\\"\"},{\"@type\":\"BreadcrumbList\",\"@id\":\"https:\\\/\\\/www.casaldelsinfants.org\\\/es\\\/actualidad\\\/fedaia-reclama-atencion-infancia-en-presupuestos\\\/#breadcrumb\",\"itemListElement\":[{\"@type\":\"ListItem\",\"position\":1,\"name\":\"Inici\",\"item\":\"https:\\\/\\\/www.casaldelsinfants.org\\\/es\\\/\"},{\"@type\":\"ListItem\",\"position\":2,\"name\":\"Fedaia reclama a\u00f1adir 130 millones de euros para la atenci\u00f3n a la infancia en los presupuestos de la Generalitat\"}]},{\"@type\":\"WebSite\",\"@id\":\"https:\\\/\\\/www.casaldelsinfants.org\\\/es\\\/#website\",\"url\":\"https:\\\/\\\/www.casaldelsinfants.org\\\/es\\\/\",\"name\":\"Casal dels Infants\",\"description\":\"\",\"publisher\":{\"@id\":\"https:\\\/\\\/www.casaldelsinfants.org\\\/es\\\/#organization\"},\"potentialAction\":[{\"@type\":\"SearchAction\",\"target\":{\"@type\":\"EntryPoint\",\"urlTemplate\":\"https:\\\/\\\/www.casaldelsinfants.org\\\/es\\\/?s={search_term_string}\"},\"query-input\":{\"@type\":\"PropertyValueSpecification\",\"valueRequired\":true,\"valueName\":\"search_term_string\"}}],\"inLanguage\":\"es\"},{\"@type\":\"Organization\",\"@id\":\"https:\\\/\\\/www.casaldelsinfants.org\\\/es\\\/#organization\",\"name\":\"Casal dels Infants\",\"url\":\"https:\\\/\\\/www.casaldelsinfants.org\\\/es\\\/\",\"logo\":{\"@type\":\"ImageObject\",\"inLanguage\":\"es\",\"@id\":\"https:\\\/\\\/www.casaldelsinfants.org\\\/es\\\/#\\\/schema\\\/logo\\\/image\\\/\",\"url\":\"https:\\\/\\\/www.casaldelsinfants.org\\\/wp-content\\\/uploads\\\/logo-mail.png\",\"contentUrl\":\"https:\\\/\\\/www.casaldelsinfants.org\\\/wp-content\\\/uploads\\\/logo-mail.png\",\"width\":380,\"height\":158,\"caption\":\"Casal dels Infants\"},\"image\":{\"@id\":\"https:\\\/\\\/www.casaldelsinfants.org\\\/es\\\/#\\\/schema\\\/logo\\\/image\\\/\"},\"sameAs\":[\"https:\\\/\\\/www.facebook.com\\\/casalinfants\",\"https:\\\/\\\/x.com\\\/casalinfants\",\"https:\\\/\\\/www.youtube.com\\\/user\\\/CasaldelsInfants1\",\"https:\\\/\\\/www.instagram.com\\\/casalinfants\\\/\",\"https:\\\/\\\/www.linkedin.com\\\/company\\\/casaldelsinfants?trk=organization-update_share-update_actor-text\"]},{\"@type\":\"Person\",\"@id\":\"https:\\\/\\\/www.casaldelsinfants.org\\\/es\\\/#\\\/schema\\\/person\\\/97707fc8c64900cf36891127dbf9fba8\",\"name\":\"cdiAdmin\",\"sameAs\":[\"https:\\\/\\\/casaldelsinfants.org\"]}]}<\/script>\n<!-- \/ Yoast SEO plugin. -->","yoast_head_json":{"title":"Fedaia reclama a\u00f1adir 130 millones de euros para la atenci\u00f3n a la infancia en los presupuestos de la Generalitat - Casal dels Infants","robots":{"index":"index","follow":"follow","max-snippet":"max-snippet:-1","max-image-preview":"max-image-preview:large","max-video-preview":"max-video-preview:-1"},"canonical":"https:\/\/www.casaldelsinfants.org\/es\/actualidad\/fedaia-reclama-atencion-infancia-en-presupuestos\/","og_locale":"es_ES","og_type":"article","og_title":"Fedaia reclama a\u00f1adir 130 millones de euros para la atenci\u00f3n a la infancia en los presupuestos de la Generalitat - Casal dels Infants","og_description":"La Federaci\u00f3 d\u2019entitats d\u2019atenci\u00f3 a la inf\u00e0ncia i l\u2019adolesc\u00e8ncia (Fedaia), de la cual el Casal dels Infants es miembro, lanz\u00f3 este lunes la campa\u00f1a \u201cLlenamos mochilas de oportunidades\u201d en un acto en la plaza dels \u00c0ngels en el que reclam\u00f3 a\u00f1adir 130 millores de euros a la propuesta de presupuestos de la Generalitat para el [&hellip;]","og_url":"https:\/\/www.casaldelsinfants.org\/es\/actualidad\/fedaia-reclama-atencion-infancia-en-presupuestos\/","og_site_name":"Casal dels Infants","article_publisher":"https:\/\/www.facebook.com\/casalinfants","article_published_time":"2020-02-25T08:01:55+00:00","article_modified_time":"2023-05-01T15:52:53+00:00","og_image":[{"width":440,"height":220,"url":"https:\/\/www.casaldelsinfants.org\/wp-content\/uploads\/fedaia_omplim_motxilles_doportunitats.jpg","type":"image\/jpeg"}],"author":"cdiAdmin","twitter_card":"summary_large_image","twitter_creator":"@casalinfants","twitter_site":"@casalinfants","twitter_misc":{"Escrito por":"cdiAdmin","Tiempo de lectura":"1 minuto"},"schema":{"@context":"https:\/\/schema.org","@graph":[{"@type":"Article","@id":"https:\/\/www.casaldelsinfants.org\/es\/actualidad\/fedaia-reclama-atencion-infancia-en-presupuestos\/#article","isPartOf":{"@id":"https:\/\/www.casaldelsinfants.org\/es\/actualidad\/fedaia-reclama-atencion-infancia-en-presupuestos\/"},"author":{"name":"cdiAdmin","@id":"https:\/\/www.casaldelsinfants.org\/es\/#\/schema\/person\/97707fc8c64900cf36891127dbf9fba8"},"headline":"Fedaia reclama a\u00f1adir 130 millones de euros para la atenci\u00f3n a la infancia en los presupuestos de la Generalitat","datePublished":"2020-02-25T08:01:55+00:00","dateModified":"2023-05-01T15:52:53+00:00","mainEntityOfPage":{"@id":"https:\/\/www.casaldelsinfants.org\/es\/actualidad\/fedaia-reclama-atencion-infancia-en-presupuestos\/"},"wordCount":279,"commentCount":0,"publisher":{"@id":"https:\/\/www.casaldelsinfants.org\/es\/#organization"},"image":{"@id":"https:\/\/www.casaldelsinfants.org\/es\/actualidad\/fedaia-reclama-atencion-infancia-en-presupuestos\/#primaryimage"},"thumbnailUrl":"https:\/\/www.casaldelsinfants.org\/wp-content\/uploads\/fedaia_omplim_motxilles_doportunitats.jpg","articleSection":["Noticia"],"inLanguage":"es","potentialAction":[{"@type":"CommentAction","name":"Comment","target":["https:\/\/www.casaldelsinfants.org\/es\/actualidad\/fedaia-reclama-atencion-infancia-en-presupuestos\/#respond"]}]},{"@type":"WebPage","@id":"https:\/\/www.casaldelsinfants.org\/es\/actualidad\/fedaia-reclama-atencion-infancia-en-presupuestos\/","url":"https:\/\/www.casaldelsinfants.org\/es\/actualidad\/fedaia-reclama-atencion-infancia-en-presupuestos\/","name":"Fedaia reclama a\u00f1adir 130 millones de euros para la atenci\u00f3n a la infancia en los presupuestos de la Generalitat - Casal dels Infants","isPartOf":{"@id":"https:\/\/www.casaldelsinfants.org\/es\/#website"},"primaryImageOfPage":{"@id":"https:\/\/www.casaldelsinfants.org\/es\/actualidad\/fedaia-reclama-atencion-infancia-en-presupuestos\/#primaryimage"},"image":{"@id":"https:\/\/www.casaldelsinfants.org\/es\/actualidad\/fedaia-reclama-atencion-infancia-en-presupuestos\/#primaryimage"},"thumbnailUrl":"https:\/\/www.casaldelsinfants.org\/wp-content\/uploads\/fedaia_omplim_motxilles_doportunitats.jpg","datePublished":"2020-02-25T08:01:55+00:00","dateModified":"2023-05-01T15:52:53+00:00","breadcrumb":{"@id":"https:\/\/www.casaldelsinfants.org\/es\/actualidad\/fedaia-reclama-atencion-infancia-en-presupuestos\/#breadcrumb"},"inLanguage":"es","potentialAction":[{"@type":"ReadAction","target":["https:\/\/www.casaldelsinfants.org\/es\/actualidad\/fedaia-reclama-atencion-infancia-en-presupuestos\/"]}]},{"@type":"ImageObject","inLanguage":"es","@id":"https:\/\/www.casaldelsinfants.org\/es\/actualidad\/fedaia-reclama-atencion-infancia-en-presupuestos\/#primaryimage","url":"https:\/\/www.casaldelsinfants.org\/wp-content\/uploads\/fedaia_omplim_motxilles_doportunitats.jpg","contentUrl":"https:\/\/www.casaldelsinfants.org\/wp-content\/uploads\/fedaia_omplim_motxilles_doportunitats.jpg","width":440,"height":220,"caption":"Logotip Fedaia \"omplim motxilles d'oportunitats\""},{"@type":"BreadcrumbList","@id":"https:\/\/www.casaldelsinfants.org\/es\/actualidad\/fedaia-reclama-atencion-infancia-en-presupuestos\/#breadcrumb","itemListElement":[{"@type":"ListItem","position":1,"name":"Inici","item":"https:\/\/www.casaldelsinfants.org\/es\/"},{"@type":"ListItem","position":2,"name":"Fedaia reclama a\u00f1adir 130 millones de euros para la atenci\u00f3n a la infancia en los presupuestos de la Generalitat"}]},{"@type":"WebSite","@id":"https:\/\/www.casaldelsinfants.org\/es\/#website","url":"https:\/\/www.casaldelsinfants.org\/es\/","name":"Casal dels Infants","description":"","publisher":{"@id":"https:\/\/www.casaldelsinfants.org\/es\/#organization"},"potentialAction":[{"@type":"SearchAction","target":{"@type":"EntryPoint","urlTemplate":"https:\/\/www.casaldelsinfants.org\/es\/?s={search_term_string}"},"query-input":{"@type":"PropertyValueSpecification","valueRequired":true,"valueName":"search_term_string"}}],"inLanguage":"es"},{"@type":"Organization","@id":"https:\/\/www.casaldelsinfants.org\/es\/#organization","name":"Casal dels Infants","url":"https:\/\/www.casaldelsinfants.org\/es\/","logo":{"@type":"ImageObject","inLanguage":"es","@id":"https:\/\/www.casaldelsinfants.org\/es\/#\/schema\/logo\/image\/","url":"https:\/\/www.casaldelsinfants.org\/wp-content\/uploads\/logo-mail.png","contentUrl":"https:\/\/www.casaldelsinfants.org\/wp-content\/uploads\/logo-mail.png","width":380,"height":158,"caption":"Casal dels Infants"},"image":{"@id":"https:\/\/www.casaldelsinfants.org\/es\/#\/schema\/logo\/image\/"},"sameAs":["https:\/\/www.facebook.com\/casalinfants","https:\/\/x.com\/casalinfants","https:\/\/www.youtube.com\/user\/CasaldelsInfants1","https:\/\/www.instagram.com\/casalinfants\/","https:\/\/www.linkedin.com\/company\/casaldelsinfants?trk=organization-update_share-update_actor-text"]},{"@type":"Person","@id":"https:\/\/www.casaldelsinfants.org\/es\/#\/schema\/person\/97707fc8c64900cf36891127dbf9fba8","name":"cdiAdmin","sameAs":["https:\/\/casaldelsinfants.org"]}]}},"publishpress_future_action":{"enabled":false,"date":"2026-05-09 10:27:01","action":"change-status","newStatus":"draft","terms":[],"taxonomy":"category","extraData":[]},"publishpress_future_workflow_manual_trigger":{"enabledWorkflows":[]},"_links":{"self":[{"href":"https:\/\/www.casaldelsinfants.org\/es\/wp-json\/wp\/v2\/posts\/4385","targetHints":{"allow":["GET"]}}],"collection":[{"href":"https:\/\/www.casaldelsinfants.org\/es\/wp-json\/wp\/v2\/posts"}],"about":[{"href":"https:\/\/www.casaldelsinfants.org\/es\/wp-json\/wp\/v2\/types\/post"}],"author":[{"embeddable":true,"href":"https:\/\/www.casaldelsinfants.org\/es\/wp-json\/wp\/v2\/users\/1"}],"replies":[{"embeddable":true,"href":"https:\/\/www.casaldelsinfants.org\/es\/wp-json\/wp\/v2\/comments?post=4385"}],"version-history":[{"count":1,"href":"https:\/\/www.casaldelsinfants.org\/es\/wp-json\/wp\/v2\/posts\/4385\/revisions"}],"predecessor-version":[{"id":6340,"href":"https:\/\/www.casaldelsinfants.org\/es\/wp-json\/wp\/v2\/posts\/4385\/revisions\/6340"}],"wp:featuredmedia":[{"embeddable":true,"href":"https:\/\/www.casaldelsinfants.org\/es\/wp-json\/wp\/v2\/media\/3274"}],"wp:attachment":[{"href":"https:\/\/www.casaldelsinfants.org\/es\/wp-json\/wp\/v2\/media?parent=4385"}],"wp:term":[{"taxonomy":"category","embeddable":true,"href":"https:\/\/www.casaldelsinfants.org\/es\/wp-json\/wp\/v2\/categories?post=4385"},{"taxonomy":"post_tag","embeddable":true,"href":"https:\/\/www.casaldelsinfants.org\/es\/wp-json\/wp\/v2\/tags?post=4385"},{"taxonomy":"seus","embeddable":true,"href":"https:\/\/www.casaldelsinfants.org\/es\/wp-json\/wp\/v2\/seus?post=4385"},{"taxonomy":"eixos","embeddable":true,"href":"https:\/\/www.casaldelsinfants.org\/es\/wp-json\/wp\/v2\/eixos?post=4385"}],"curies":[{"name":"wp","href":"https:\/\/api.w.org\/{rel}","templated":true}]}}