{"id":4389,"date":"2020-01-23T11:19:59","date_gmt":"2020-01-23T09:19:59","guid":{"rendered":"https:\/\/casal.puntzero.cat\/noticies\/la-7a-edicio-del-check-solidari-aporta-prop-de-21400-eu-al-servei-maternoinfantil-vincles\/"},"modified":"2023-05-01T17:53:13","modified_gmt":"2023-05-01T15:53:13","slug":"la-7a-edicio-del-check-solidari-aporta-prop-de-21400-eu-al-servei-maternoinfantil-vincles","status":"publish","type":"post","link":"https:\/\/www.casaldelsinfants.org\/es\/actualidad\/7a-edicion-check-solidario-aporta-21400-euros\/","title":{"rendered":"La 7a edici\u00f3n del \u201cCheck in solidari\u201d aporta cerca de 21.400\u20ac al servicio maternoinfantil Vincles del Casal dels Infants"},"content":{"rendered":"<p><span style=\"color:#000000;\">La Associaci\u00f3 d\u2019Apartaments Tur\u00edstics de Barcelona (APARTUR) y el Casal dels Infants cerraron el viernes 17 de enero la 7a\u00a0edici\u00f3n del \u201cCheck in solidari\u201d, la campa\u00f1a que durante el verano recaud\u00f3 fondos para el servicio Vincles del Casal dels Infants. En esta edici\u00f3n, la suma de la recaudaci\u00f3n alcanza los 21.397 euros y se superan los 107.900 euros en el total de los siete a\u00f1os de esta colaboraci\u00f3n. Este a\u00f1o han participado 49 empresas, que aglutinan m\u00e1s de 2.500 apartamentos tur\u00edsticos de la ciudad, y que durante la temporada de verano \u2014del 1 de julio al 30 de septiembre\u2014 han dado 1 euro por cada reserva.<\/span><\/p>\n<p><span style=\"color:#000000;\">El dinero se destinar\u00e1 al servicio maternoinfantil Vincles, que ofrece apoyo y acompa\u00f1amiento a madres con hijos e hijas de 0 a 3 a\u00f1os en situaci\u00f3n de exclusi\u00f3n social, reforzando el lazo maternofinfantil, el aprendizaje y los h\u00e1bitos de los ni\u00f1os y ni\u00f1as y la inserci\u00f3n social y laboral de las mujeres. La directora general del Casal dels Infants, Rosa Balaguer, ha agradecido la aportaci\u00f3n del \u201cCheck in solidari\u201d y ha destacado la importancia de Vincles: \u201cPorque un ni\u00f1o o ni\u00f1a crezca y aprenda en igualdad de oportunidades debe contar con apoyo educativo desde que nace y una familia que pueda salir adelante y ejerza sus derechos\u201d.<\/span><\/p>\n<p><span style=\"color:#000000;\">En este sentido, el presidente de APARTUR, Enrique Alc\u00e1ntara, record\u00f3 que la campa\u00f1a se enmarca en el conjunto de iniciativas que impulsa la entidad \u201ca favor de un modelo de turismo responsable y sostenible que quiere reinvertir sus beneficios entre quienes m\u00e1s lo necesitan\u201d. El dinero aportado por APARTUR al Casal dels Infants colabora a hacer posible la atenci\u00f3n a cerca de 3.000 madres y ni\u00f1os. Algunas de las participantes de Vincles, como Tania Akter, Sabina Yeasmin y Sadia Afrog, estuvieron presentes en el acto y destacaron la importancia de Vincles en su desarrollo familiar: \u201cHemos aprendido sobre alimentaci\u00f3n, qu\u00e9 hacer cuando los ni\u00f1os est\u00e1n enfermos, hacemos clases de castellano y los ni\u00f1os se divierten con muchas actividades\u201d. Alc\u00e1ntar celebra \u201cla implicaci\u00f3n del sector en la b\u00fasqueda del beneficio com\u00fan para toda la ciudad\u201d.<\/span><\/p>\n","protected":false},"excerpt":{"rendered":"<p>La Associaci\u00f3 d\u2019Apartaments Tur\u00edstics de Barcelona (APARTUR) y el Casal dels Infants cerraron el viernes 17 de enero la 7a\u00a0edici\u00f3n del \u201cCheck in solidari\u201d, la campa\u00f1a que durante el verano recaud\u00f3 fondos para el servicio Vincles del Casal dels Infants. En esta edici\u00f3n, la suma de la recaudaci\u00f3n alcanza los 21.397 euros y se superan [&hellip;]<\/p>\n","protected":false},"author":1,"featured_media":3281,"comment_status":"open","ping_status":"open","sticky":false,"template":"","format":"standard","meta":{"_acf_changed":false,"_et_pb_use_builder":"","_et_pb_old_content":"","_et_gb_content_width":"","inline_featured_image":false,"footnotes":""},"categories":[125],"tags":[],"seus":[],"eixos":[107],"class_list":["post-4389","post","type-post","status-publish","format-standard","has-post-thumbnail","hentry","category-noticias","eixos-pequena-infancia"],"acf":[],"yoast_head":"<!-- This site is optimized with the Yoast SEO plugin v27.4 - https:\/\/yoast.com\/product\/yoast-seo-wordpress\/ -->\n<title>La 7a edici\u00f3n del \u201cCheck in solidari\u201d aporta cerca de 21.400\u20ac al servicio maternoinfantil Vincles del Casal dels Infants - Casal dels Infants<\/title>\n<meta name=\"robots\" content=\"index, follow, max-snippet:-1, max-image-preview:large, max-video-preview:-1\" \/>\n<link rel=\"canonical\" href=\"https:\/\/www.casaldelsinfants.org\/es\/actualidad\/7a-edicion-check-solidario-aporta-21400-euros\/\" \/>\n<meta property=\"og:locale\" content=\"es_ES\" \/>\n<meta property=\"og:type\" content=\"article\" \/>\n<meta property=\"og:title\" content=\"La 7a edici\u00f3n del \u201cCheck in solidari\u201d aporta cerca de 21.400\u20ac al servicio maternoinfantil Vincles del Casal dels Infants - Casal dels Infants\" \/>\n<meta property=\"og:description\" content=\"La Associaci\u00f3 d\u2019Apartaments Tur\u00edstics de Barcelona (APARTUR) y el Casal dels Infants cerraron el viernes 17 de enero la 7a\u00a0edici\u00f3n del \u201cCheck in solidari\u201d, la campa\u00f1a que durante el verano recaud\u00f3 fondos para el servicio Vincles del Casal dels Infants. En esta edici\u00f3n, la suma de la recaudaci\u00f3n alcanza los 21.397 euros y se superan [&hellip;]\" \/>\n<meta property=\"og:url\" content=\"https:\/\/www.casaldelsinfants.org\/es\/actualidad\/7a-edicion-check-solidario-aporta-21400-euros\/\" \/>\n<meta property=\"og:site_name\" content=\"Casal dels Infants\" \/>\n<meta property=\"article:publisher\" content=\"https:\/\/www.facebook.com\/casalinfants\" \/>\n<meta property=\"article:published_time\" content=\"2020-01-23T09:19:59+00:00\" \/>\n<meta property=\"article:modified_time\" content=\"2023-05-01T15:53:13+00:00\" \/>\n<meta property=\"og:image\" content=\"https:\/\/www.casaldelsinfants.org\/wp-content\/uploads\/check_in_2020.jpg\" \/>\n\t<meta property=\"og:image:width\" content=\"800\" \/>\n\t<meta property=\"og:image:height\" content=\"362\" \/>\n\t<meta property=\"og:image:type\" content=\"image\/jpeg\" \/>\n<meta name=\"author\" content=\"cdiAdmin\" \/>\n<meta name=\"twitter:card\" content=\"summary_large_image\" \/>\n<meta name=\"twitter:creator\" content=\"@casalinfants\" \/>\n<meta name=\"twitter:site\" content=\"@casalinfants\" \/>\n<meta name=\"twitter:label1\" content=\"Escrito por\" \/>\n\t<meta name=\"twitter:data1\" content=\"cdiAdmin\" \/>\n\t<meta name=\"twitter:label2\" content=\"Tiempo de lectura\" \/>\n\t<meta name=\"twitter:data2\" content=\"2 minutos\" \/>\n<script type=\"application\/ld+json\" class=\"yoast-schema-graph\">{\"@context\":\"https:\\\/\\\/schema.org\",\"@graph\":[{\"@type\":\"Article\",\"@id\":\"https:\\\/\\\/www.casaldelsinfants.org\\\/es\\\/actualidad\\\/7a-edicion-check-solidario-aporta-21400-euros\\\/#article\",\"isPartOf\":{\"@id\":\"https:\\\/\\\/www.casaldelsinfants.org\\\/es\\\/actualidad\\\/7a-edicion-check-solidario-aporta-21400-euros\\\/\"},\"author\":{\"name\":\"cdiAdmin\",\"@id\":\"https:\\\/\\\/www.casaldelsinfants.org\\\/es\\\/#\\\/schema\\\/person\\\/97707fc8c64900cf36891127dbf9fba8\"},\"headline\":\"La 7a edici\u00f3n del \u201cCheck in solidari\u201d aporta cerca de 21.400\u20ac al servicio maternoinfantil Vincles del Casal dels Infants\",\"datePublished\":\"2020-01-23T09:19:59+00:00\",\"dateModified\":\"2023-05-01T15:53:13+00:00\",\"mainEntityOfPage\":{\"@id\":\"https:\\\/\\\/www.casaldelsinfants.org\\\/es\\\/actualidad\\\/7a-edicion-check-solidario-aporta-21400-euros\\\/\"},\"wordCount\":391,\"commentCount\":0,\"publisher\":{\"@id\":\"https:\\\/\\\/www.casaldelsinfants.org\\\/es\\\/#organization\"},\"image\":{\"@id\":\"https:\\\/\\\/www.casaldelsinfants.org\\\/es\\\/actualidad\\\/7a-edicion-check-solidario-aporta-21400-euros\\\/#primaryimage\"},\"thumbnailUrl\":\"https:\\\/\\\/www.casaldelsinfants.org\\\/wp-content\\\/uploads\\\/check_in_2020.jpg\",\"articleSection\":[\"Noticia\"],\"inLanguage\":\"es\",\"potentialAction\":[{\"@type\":\"CommentAction\",\"name\":\"Comment\",\"target\":[\"https:\\\/\\\/www.casaldelsinfants.org\\\/es\\\/actualidad\\\/7a-edicion-check-solidario-aporta-21400-euros\\\/#respond\"]}]},{\"@type\":\"WebPage\",\"@id\":\"https:\\\/\\\/www.casaldelsinfants.org\\\/es\\\/actualidad\\\/7a-edicion-check-solidario-aporta-21400-euros\\\/\",\"url\":\"https:\\\/\\\/www.casaldelsinfants.org\\\/es\\\/actualidad\\\/7a-edicion-check-solidario-aporta-21400-euros\\\/\",\"name\":\"La 7a edici\u00f3n del \u201cCheck in solidari\u201d aporta cerca de 21.400\u20ac al servicio maternoinfantil Vincles del Casal dels Infants - Casal dels Infants\",\"isPartOf\":{\"@id\":\"https:\\\/\\\/www.casaldelsinfants.org\\\/es\\\/#website\"},\"primaryImageOfPage\":{\"@id\":\"https:\\\/\\\/www.casaldelsinfants.org\\\/es\\\/actualidad\\\/7a-edicion-check-solidario-aporta-21400-euros\\\/#primaryimage\"},\"image\":{\"@id\":\"https:\\\/\\\/www.casaldelsinfants.org\\\/es\\\/actualidad\\\/7a-edicion-check-solidario-aporta-21400-euros\\\/#primaryimage\"},\"thumbnailUrl\":\"https:\\\/\\\/www.casaldelsinfants.org\\\/wp-content\\\/uploads\\\/check_in_2020.jpg\",\"datePublished\":\"2020-01-23T09:19:59+00:00\",\"dateModified\":\"2023-05-01T15:53:13+00:00\",\"breadcrumb\":{\"@id\":\"https:\\\/\\\/www.casaldelsinfants.org\\\/es\\\/actualidad\\\/7a-edicion-check-solidario-aporta-21400-euros\\\/#breadcrumb\"},\"inLanguage\":\"es\",\"potentialAction\":[{\"@type\":\"ReadAction\",\"target\":[\"https:\\\/\\\/www.casaldelsinfants.org\\\/es\\\/actualidad\\\/7a-edicion-check-solidario-aporta-21400-euros\\\/\"]}]},{\"@type\":\"ImageObject\",\"inLanguage\":\"es\",\"@id\":\"https:\\\/\\\/www.casaldelsinfants.org\\\/es\\\/actualidad\\\/7a-edicion-check-solidario-aporta-21400-euros\\\/#primaryimage\",\"url\":\"https:\\\/\\\/www.casaldelsinfants.org\\\/wp-content\\\/uploads\\\/check_in_2020.jpg\",\"contentUrl\":\"https:\\\/\\\/www.casaldelsinfants.org\\\/wp-content\\\/uploads\\\/check_in_2020.jpg\",\"width\":800,\"height\":362,\"caption\":\"Setena edici\u00f3 del &quot;Check in solidari&quot; aporta prop de 21.4000 euros al servei maternoinfantil Vincles del Casal dels Infants\"},{\"@type\":\"BreadcrumbList\",\"@id\":\"https:\\\/\\\/www.casaldelsinfants.org\\\/es\\\/actualidad\\\/7a-edicion-check-solidario-aporta-21400-euros\\\/#breadcrumb\",\"itemListElement\":[{\"@type\":\"ListItem\",\"position\":1,\"name\":\"Inici\",\"item\":\"https:\\\/\\\/www.casaldelsinfants.org\\\/es\\\/\"},{\"@type\":\"ListItem\",\"position\":2,\"name\":\"La 7a edici\u00f3n del \u201cCheck in solidari\u201d aporta cerca de 21.400\u20ac al servicio maternoinfantil Vincles del Casal dels Infants\"}]},{\"@type\":\"WebSite\",\"@id\":\"https:\\\/\\\/www.casaldelsinfants.org\\\/es\\\/#website\",\"url\":\"https:\\\/\\\/www.casaldelsinfants.org\\\/es\\\/\",\"name\":\"Casal dels Infants\",\"description\":\"\",\"publisher\":{\"@id\":\"https:\\\/\\\/www.casaldelsinfants.org\\\/es\\\/#organization\"},\"potentialAction\":[{\"@type\":\"SearchAction\",\"target\":{\"@type\":\"EntryPoint\",\"urlTemplate\":\"https:\\\/\\\/www.casaldelsinfants.org\\\/es\\\/?s={search_term_string}\"},\"query-input\":{\"@type\":\"PropertyValueSpecification\",\"valueRequired\":true,\"valueName\":\"search_term_string\"}}],\"inLanguage\":\"es\"},{\"@type\":\"Organization\",\"@id\":\"https:\\\/\\\/www.casaldelsinfants.org\\\/es\\\/#organization\",\"name\":\"Casal dels Infants\",\"url\":\"https:\\\/\\\/www.casaldelsinfants.org\\\/es\\\/\",\"logo\":{\"@type\":\"ImageObject\",\"inLanguage\":\"es\",\"@id\":\"https:\\\/\\\/www.casaldelsinfants.org\\\/es\\\/#\\\/schema\\\/logo\\\/image\\\/\",\"url\":\"https:\\\/\\\/www.casaldelsinfants.org\\\/wp-content\\\/uploads\\\/logo-mail.png\",\"contentUrl\":\"https:\\\/\\\/www.casaldelsinfants.org\\\/wp-content\\\/uploads\\\/logo-mail.png\",\"width\":380,\"height\":158,\"caption\":\"Casal dels Infants\"},\"image\":{\"@id\":\"https:\\\/\\\/www.casaldelsinfants.org\\\/es\\\/#\\\/schema\\\/logo\\\/image\\\/\"},\"sameAs\":[\"https:\\\/\\\/www.facebook.com\\\/casalinfants\",\"https:\\\/\\\/x.com\\\/casalinfants\",\"https:\\\/\\\/www.youtube.com\\\/user\\\/CasaldelsInfants1\",\"https:\\\/\\\/www.instagram.com\\\/casalinfants\\\/\",\"https:\\\/\\\/www.linkedin.com\\\/company\\\/casaldelsinfants?trk=organization-update_share-update_actor-text\"]},{\"@type\":\"Person\",\"@id\":\"https:\\\/\\\/www.casaldelsinfants.org\\\/es\\\/#\\\/schema\\\/person\\\/97707fc8c64900cf36891127dbf9fba8\",\"name\":\"cdiAdmin\",\"sameAs\":[\"https:\\\/\\\/casaldelsinfants.org\"]}]}<\/script>\n<!-- \/ Yoast SEO plugin. -->","yoast_head_json":{"title":"La 7a edici\u00f3n del \u201cCheck in solidari\u201d aporta cerca de 21.400\u20ac al servicio maternoinfantil Vincles del Casal dels Infants - Casal dels Infants","robots":{"index":"index","follow":"follow","max-snippet":"max-snippet:-1","max-image-preview":"max-image-preview:large","max-video-preview":"max-video-preview:-1"},"canonical":"https:\/\/www.casaldelsinfants.org\/es\/actualidad\/7a-edicion-check-solidario-aporta-21400-euros\/","og_locale":"es_ES","og_type":"article","og_title":"La 7a edici\u00f3n del \u201cCheck in solidari\u201d aporta cerca de 21.400\u20ac al servicio maternoinfantil Vincles del Casal dels Infants - Casal dels Infants","og_description":"La Associaci\u00f3 d\u2019Apartaments Tur\u00edstics de Barcelona (APARTUR) y el Casal dels Infants cerraron el viernes 17 de enero la 7a\u00a0edici\u00f3n del \u201cCheck in solidari\u201d, la campa\u00f1a que durante el verano recaud\u00f3 fondos para el servicio Vincles del Casal dels Infants. En esta edici\u00f3n, la suma de la recaudaci\u00f3n alcanza los 21.397 euros y se superan [&hellip;]","og_url":"https:\/\/www.casaldelsinfants.org\/es\/actualidad\/7a-edicion-check-solidario-aporta-21400-euros\/","og_site_name":"Casal dels Infants","article_publisher":"https:\/\/www.facebook.com\/casalinfants","article_published_time":"2020-01-23T09:19:59+00:00","article_modified_time":"2023-05-01T15:53:13+00:00","og_image":[{"width":800,"height":362,"url":"https:\/\/www.casaldelsinfants.org\/wp-content\/uploads\/check_in_2020.jpg","type":"image\/jpeg"}],"author":"cdiAdmin","twitter_card":"summary_large_image","twitter_creator":"@casalinfants","twitter_site":"@casalinfants","twitter_misc":{"Escrito por":"cdiAdmin","Tiempo de lectura":"2 minutos"},"schema":{"@context":"https:\/\/schema.org","@graph":[{"@type":"Article","@id":"https:\/\/www.casaldelsinfants.org\/es\/actualidad\/7a-edicion-check-solidario-aporta-21400-euros\/#article","isPartOf":{"@id":"https:\/\/www.casaldelsinfants.org\/es\/actualidad\/7a-edicion-check-solidario-aporta-21400-euros\/"},"author":{"name":"cdiAdmin","@id":"https:\/\/www.casaldelsinfants.org\/es\/#\/schema\/person\/97707fc8c64900cf36891127dbf9fba8"},"headline":"La 7a edici\u00f3n del \u201cCheck in solidari\u201d aporta cerca de 21.400\u20ac al servicio maternoinfantil Vincles del Casal dels Infants","datePublished":"2020-01-23T09:19:59+00:00","dateModified":"2023-05-01T15:53:13+00:00","mainEntityOfPage":{"@id":"https:\/\/www.casaldelsinfants.org\/es\/actualidad\/7a-edicion-check-solidario-aporta-21400-euros\/"},"wordCount":391,"commentCount":0,"publisher":{"@id":"https:\/\/www.casaldelsinfants.org\/es\/#organization"},"image":{"@id":"https:\/\/www.casaldelsinfants.org\/es\/actualidad\/7a-edicion-check-solidario-aporta-21400-euros\/#primaryimage"},"thumbnailUrl":"https:\/\/www.casaldelsinfants.org\/wp-content\/uploads\/check_in_2020.jpg","articleSection":["Noticia"],"inLanguage":"es","potentialAction":[{"@type":"CommentAction","name":"Comment","target":["https:\/\/www.casaldelsinfants.org\/es\/actualidad\/7a-edicion-check-solidario-aporta-21400-euros\/#respond"]}]},{"@type":"WebPage","@id":"https:\/\/www.casaldelsinfants.org\/es\/actualidad\/7a-edicion-check-solidario-aporta-21400-euros\/","url":"https:\/\/www.casaldelsinfants.org\/es\/actualidad\/7a-edicion-check-solidario-aporta-21400-euros\/","name":"La 7a edici\u00f3n del \u201cCheck in solidari\u201d aporta cerca de 21.400\u20ac al servicio maternoinfantil Vincles del Casal dels Infants - Casal dels Infants","isPartOf":{"@id":"https:\/\/www.casaldelsinfants.org\/es\/#website"},"primaryImageOfPage":{"@id":"https:\/\/www.casaldelsinfants.org\/es\/actualidad\/7a-edicion-check-solidario-aporta-21400-euros\/#primaryimage"},"image":{"@id":"https:\/\/www.casaldelsinfants.org\/es\/actualidad\/7a-edicion-check-solidario-aporta-21400-euros\/#primaryimage"},"thumbnailUrl":"https:\/\/www.casaldelsinfants.org\/wp-content\/uploads\/check_in_2020.jpg","datePublished":"2020-01-23T09:19:59+00:00","dateModified":"2023-05-01T15:53:13+00:00","breadcrumb":{"@id":"https:\/\/www.casaldelsinfants.org\/es\/actualidad\/7a-edicion-check-solidario-aporta-21400-euros\/#breadcrumb"},"inLanguage":"es","potentialAction":[{"@type":"ReadAction","target":["https:\/\/www.casaldelsinfants.org\/es\/actualidad\/7a-edicion-check-solidario-aporta-21400-euros\/"]}]},{"@type":"ImageObject","inLanguage":"es","@id":"https:\/\/www.casaldelsinfants.org\/es\/actualidad\/7a-edicion-check-solidario-aporta-21400-euros\/#primaryimage","url":"https:\/\/www.casaldelsinfants.org\/wp-content\/uploads\/check_in_2020.jpg","contentUrl":"https:\/\/www.casaldelsinfants.org\/wp-content\/uploads\/check_in_2020.jpg","width":800,"height":362,"caption":"Setena edici\u00f3 del &quot;Check in solidari&quot; aporta prop de 21.4000 euros al servei maternoinfantil Vincles del Casal dels Infants"},{"@type":"BreadcrumbList","@id":"https:\/\/www.casaldelsinfants.org\/es\/actualidad\/7a-edicion-check-solidario-aporta-21400-euros\/#breadcrumb","itemListElement":[{"@type":"ListItem","position":1,"name":"Inici","item":"https:\/\/www.casaldelsinfants.org\/es\/"},{"@type":"ListItem","position":2,"name":"La 7a edici\u00f3n del \u201cCheck in solidari\u201d aporta cerca de 21.400\u20ac al servicio maternoinfantil Vincles del Casal dels Infants"}]},{"@type":"WebSite","@id":"https:\/\/www.casaldelsinfants.org\/es\/#website","url":"https:\/\/www.casaldelsinfants.org\/es\/","name":"Casal dels Infants","description":"","publisher":{"@id":"https:\/\/www.casaldelsinfants.org\/es\/#organization"},"potentialAction":[{"@type":"SearchAction","target":{"@type":"EntryPoint","urlTemplate":"https:\/\/www.casaldelsinfants.org\/es\/?s={search_term_string}"},"query-input":{"@type":"PropertyValueSpecification","valueRequired":true,"valueName":"search_term_string"}}],"inLanguage":"es"},{"@type":"Organization","@id":"https:\/\/www.casaldelsinfants.org\/es\/#organization","name":"Casal dels Infants","url":"https:\/\/www.casaldelsinfants.org\/es\/","logo":{"@type":"ImageObject","inLanguage":"es","@id":"https:\/\/www.casaldelsinfants.org\/es\/#\/schema\/logo\/image\/","url":"https:\/\/www.casaldelsinfants.org\/wp-content\/uploads\/logo-mail.png","contentUrl":"https:\/\/www.casaldelsinfants.org\/wp-content\/uploads\/logo-mail.png","width":380,"height":158,"caption":"Casal dels Infants"},"image":{"@id":"https:\/\/www.casaldelsinfants.org\/es\/#\/schema\/logo\/image\/"},"sameAs":["https:\/\/www.facebook.com\/casalinfants","https:\/\/x.com\/casalinfants","https:\/\/www.youtube.com\/user\/CasaldelsInfants1","https:\/\/www.instagram.com\/casalinfants\/","https:\/\/www.linkedin.com\/company\/casaldelsinfants?trk=organization-update_share-update_actor-text"]},{"@type":"Person","@id":"https:\/\/www.casaldelsinfants.org\/es\/#\/schema\/person\/97707fc8c64900cf36891127dbf9fba8","name":"cdiAdmin","sameAs":["https:\/\/casaldelsinfants.org"]}]}},"publishpress_future_action":{"enabled":false,"date":"2026-05-07 14:13:53","action":"change-status","newStatus":"draft","terms":[],"taxonomy":"category","extraData":[]},"publishpress_future_workflow_manual_trigger":{"enabledWorkflows":[]},"_links":{"self":[{"href":"https:\/\/www.casaldelsinfants.org\/es\/wp-json\/wp\/v2\/posts\/4389","targetHints":{"allow":["GET"]}}],"collection":[{"href":"https:\/\/www.casaldelsinfants.org\/es\/wp-json\/wp\/v2\/posts"}],"about":[{"href":"https:\/\/www.casaldelsinfants.org\/es\/wp-json\/wp\/v2\/types\/post"}],"author":[{"embeddable":true,"href":"https:\/\/www.casaldelsinfants.org\/es\/wp-json\/wp\/v2\/users\/1"}],"replies":[{"embeddable":true,"href":"https:\/\/www.casaldelsinfants.org\/es\/wp-json\/wp\/v2\/comments?post=4389"}],"version-history":[{"count":1,"href":"https:\/\/www.casaldelsinfants.org\/es\/wp-json\/wp\/v2\/posts\/4389\/revisions"}],"predecessor-version":[{"id":6343,"href":"https:\/\/www.casaldelsinfants.org\/es\/wp-json\/wp\/v2\/posts\/4389\/revisions\/6343"}],"wp:featuredmedia":[{"embeddable":true,"href":"https:\/\/www.casaldelsinfants.org\/es\/wp-json\/wp\/v2\/media\/3281"}],"wp:attachment":[{"href":"https:\/\/www.casaldelsinfants.org\/es\/wp-json\/wp\/v2\/media?parent=4389"}],"wp:term":[{"taxonomy":"category","embeddable":true,"href":"https:\/\/www.casaldelsinfants.org\/es\/wp-json\/wp\/v2\/categories?post=4389"},{"taxonomy":"post_tag","embeddable":true,"href":"https:\/\/www.casaldelsinfants.org\/es\/wp-json\/wp\/v2\/tags?post=4389"},{"taxonomy":"seus","embeddable":true,"href":"https:\/\/www.casaldelsinfants.org\/es\/wp-json\/wp\/v2\/seus?post=4389"},{"taxonomy":"eixos","embeddable":true,"href":"https:\/\/www.casaldelsinfants.org\/es\/wp-json\/wp\/v2\/eixos?post=4389"}],"curies":[{"name":"wp","href":"https:\/\/api.w.org\/{rel}","templated":true}]}}