{"id":4391,"date":"2020-01-09T16:53:53","date_gmt":"2020-01-09T14:53:53","guid":{"rendered":"https:\/\/casal.puntzero.cat\/noticies\/gracies-fer-possible-un-nadal-ple-dactivitats-educatives-i-de-lleure-al-casal-dels-infants\/"},"modified":"2023-08-29T16:58:38","modified_gmt":"2023-08-29T14:58:38","slug":"gracies-fer-possible-un-nadal-ple-dactivitats-educatives-i-de-lleure-al-casal-dels-infants","status":"publish","type":"post","link":"https:\/\/www.casaldelsinfants.org\/es\/actualidad\/gracies-fer-possible-un-nadal-ple-dactivitats-educatives-i-de-lleure-al-casal-dels-infants\/","title":{"rendered":"Gracias por hacer posible una Navidad llena de ocio y espacios educativos en el Casal dels Infants"},"content":{"rendered":"<p><span style=\"color: #000000;\">Empezamos el a\u00f1o retomando la din\u00e1mica habitual de nuestros servicios socioeducativos tras haber disfrutado de unos d\u00edas de fiestas llenos de actividades l\u00fadicas y educativas. Los d\u00edas 30 y 31 de diciembre y el 2 y 3 de enero mantuvimos abiertos los servicios que acompa\u00f1an a los ni\u00f1os, ni\u00f1as y familias con m\u00e1s obst\u00e1culos para salir adelante. Realizamos salidas y actividades culturales y compartimos juegos para pasar un buen rato y romper con la rutina del curso.<\/span><\/p>\n<p><span style=\"color: #000000;\">Aprovechamos para agradecer el esfuerzo de todas aquellas personas y empresas que hab\u00e9is dado una mano al Ti\u00f3 y a sus majestades los Reyes Magos colaborando con la recogida de juguetes y material escolar o deportivo para nuestros servicios. Los ni\u00f1os, ni\u00f1as y adolescentes abrieron un mont\u00f3n de regalos y seguro que har\u00e1n un buen uso de ellos.<\/span><\/p>\n<p><span style=\"color: #000000;\">Muchas gracias tambi\u00e9n a todas las personas que hab\u00e9is compartido vuestra solidaridad regalando nuestra postal solidaria de Navidad, as\u00ed como a las que hab\u00e9is aportado un donativo para mantener en funcionamiento nuestra acci\u00f3n social.<\/span><\/p>\n<p><span style=\"color: #000000;\">En cuanto al apoyo a nuestros servicios de acompa\u00f1amiento a j\u00f3venes en situaci\u00f3n de vulnerabilidad, os agradecemos mucho vuestro compromiso a quienes hab\u00e9is regalado entradas para el concierto \u201cVoces por la igualdad de oportunidades de los j\u00f3venes\u201d tributo a Queen de Play the Game, que se celebrar\u00e1 en la sala Luz de Gas el 30 de enero. Si todav\u00eda no las ten\u00e9is, <\/span><strong>\u00a1aprovechad para comprar las \u00faltimas entradas disponibles aqu\u00ed!<\/strong><\/p>\n<p><strong><span style=\"color: #000000;\">Un 2020 para luchar contra las desigualdades<\/span><\/strong><\/p>\n<p><span style=\"color: #000000;\">Ahora que las escuelas y los institutos vuelven a abrir sus puertas,\u00a0 mantendremos la apuesta por ofrecer a los ni\u00f1os, ni\u00f1as, adolescentes y j\u00f3venes espacios de refuerzo educativo, l\u00fadicos y de participaci\u00f3n comunitaria fuera del horario lectivo. Hacerlo es b\u00e1sico para garantizar que quien tiene m\u00e1s obst\u00e1culos para salir adelante tenga las mismas oportunidades para alcanzar el \u00e9xito educativo y hacer el tr\u00e1nsito a la etapa adulta con autonom\u00eda.<\/span><\/p>\n<p><span style=\"color: #000000;\">Tambi\u00e9n seguiremos apoyando a las familias. Porque velar por los derechos de los ni\u00f1os y ni\u00f1as implica necesariamente garantizar el bienestar de sus padres y madres. \u00a0Participaran activamente en nuestras actividades con sus hijos e hijas y les ofreceremos recursos para fortalecer sus competencias, as\u00ed como espacios de apoyo mutuo para salir adelante.<\/span><\/p>\n<p><span style=\"color: #000000;\">Por todo ello, os emplazamos a seguir sumando esfuerzos para que, entre todos y todas, sigamos acompa\u00f1ando los m\u00e1s de 7.000 ni\u00f1os, ni\u00f1as, j\u00f3venes y familias que cada a\u00f1o participan en el Casal dels Infants.<\/span><\/p>\n","protected":false},"excerpt":{"rendered":"<p>Empezamos el a\u00f1o retomando la din\u00e1mica habitual de nuestros servicios socioeducativos tras haber disfrutado de unos d\u00edas de fiestas llenos de actividades l\u00fadicas y educativas. Los d\u00edas 30 y 31 de diciembre y el 2 y 3 de enero mantuvimos abiertos los servicios que acompa\u00f1an a los ni\u00f1os, ni\u00f1as y familias con m\u00e1s obst\u00e1culos para [&hellip;]<\/p>\n","protected":false},"author":1,"featured_media":3287,"comment_status":"open","ping_status":"open","sticky":false,"template":"","format":"standard","meta":{"_acf_changed":false,"_et_pb_use_builder":"","_et_pb_old_content":"","_et_gb_content_width":"","inline_featured_image":false,"footnotes":""},"categories":[125],"tags":[],"seus":[],"eixos":[],"class_list":["post-4391","post","type-post","status-publish","format-standard","has-post-thumbnail","hentry","category-noticias"],"acf":[],"yoast_head":"<!-- This site is optimized with the Yoast SEO plugin v27.4 - https:\/\/yoast.com\/product\/yoast-seo-wordpress\/ -->\n<title>Gr\u00e0cies activitats educatives i de lleure Nadal<\/title>\n<meta name=\"description\" content=\"Comencem l\u2019any reprenent la din\u00e0mica habitual dels nostres serveis socioeducatius despr\u00e9s d\u2019haver gaudit d\u2019uns dies de festes plens de lleure i activitats educatives. Gr\u00e0cies a totes les persones que ho heu fet possible.\" \/>\n<meta name=\"robots\" content=\"index, follow, max-snippet:-1, max-image-preview:large, max-video-preview:-1\" \/>\n<link rel=\"canonical\" href=\"https:\/\/www.casaldelsinfants.org\/es\/actualidad\/gracies-fer-possible-un-nadal-ple-dactivitats-educatives-i-de-lleure-al-casal-dels-infants\/\" \/>\n<meta property=\"og:locale\" content=\"es_ES\" \/>\n<meta property=\"og:type\" content=\"article\" \/>\n<meta property=\"og:title\" content=\"Gr\u00e0cies activitats educatives i de lleure Nadal\" \/>\n<meta property=\"og:description\" content=\"Comencem l\u2019any reprenent la din\u00e0mica habitual dels nostres serveis socioeducatius despr\u00e9s d\u2019haver gaudit d\u2019uns dies de festes plens de lleure i activitats educatives. Gr\u00e0cies a totes les persones que ho heu fet possible.\" \/>\n<meta property=\"og:url\" content=\"https:\/\/www.casaldelsinfants.org\/es\/actualidad\/gracies-fer-possible-un-nadal-ple-dactivitats-educatives-i-de-lleure-al-casal-dels-infants\/\" \/>\n<meta property=\"og:site_name\" content=\"Casal dels Infants\" \/>\n<meta property=\"article:publisher\" content=\"https:\/\/www.facebook.com\/casalinfants\" \/>\n<meta property=\"article:published_time\" content=\"2020-01-09T14:53:53+00:00\" \/>\n<meta property=\"article:modified_time\" content=\"2023-08-29T14:58:38+00:00\" \/>\n<meta property=\"og:image\" content=\"https:\/\/www.casaldelsinfants.org\/wp-content\/uploads\/whatsapp_image_2019-12-30_at_15.57.10.jpeg\" \/>\n\t<meta property=\"og:image:width\" content=\"2048\" \/>\n\t<meta property=\"og:image:height\" content=\"1536\" \/>\n\t<meta property=\"og:image:type\" content=\"image\/jpeg\" \/>\n<meta name=\"author\" content=\"cdiAdmin\" \/>\n<meta name=\"twitter:card\" content=\"summary_large_image\" \/>\n<meta name=\"twitter:creator\" content=\"@casalinfants\" \/>\n<meta name=\"twitter:site\" content=\"@casalinfants\" \/>\n<meta name=\"twitter:label1\" content=\"Escrito por\" \/>\n\t<meta name=\"twitter:data1\" content=\"cdiAdmin\" \/>\n\t<meta name=\"twitter:label2\" content=\"Tiempo de lectura\" \/>\n\t<meta name=\"twitter:data2\" content=\"3 minutos\" \/>\n<script type=\"application\/ld+json\" class=\"yoast-schema-graph\">{\"@context\":\"https:\\\/\\\/schema.org\",\"@graph\":[{\"@type\":\"Article\",\"@id\":\"https:\\\/\\\/www.casaldelsinfants.org\\\/es\\\/actualidad\\\/gracies-fer-possible-un-nadal-ple-dactivitats-educatives-i-de-lleure-al-casal-dels-infants\\\/#article\",\"isPartOf\":{\"@id\":\"https:\\\/\\\/www.casaldelsinfants.org\\\/es\\\/actualidad\\\/gracies-fer-possible-un-nadal-ple-dactivitats-educatives-i-de-lleure-al-casal-dels-infants\\\/\"},\"author\":{\"name\":\"cdiAdmin\",\"@id\":\"https:\\\/\\\/www.casaldelsinfants.org\\\/es\\\/#\\\/schema\\\/person\\\/97707fc8c64900cf36891127dbf9fba8\"},\"headline\":\"Gracias por hacer posible una Navidad llena de ocio y espacios educativos en el Casal dels Infants\",\"datePublished\":\"2020-01-09T14:53:53+00:00\",\"dateModified\":\"2023-08-29T14:58:38+00:00\",\"mainEntityOfPage\":{\"@id\":\"https:\\\/\\\/www.casaldelsinfants.org\\\/es\\\/actualidad\\\/gracies-fer-possible-un-nadal-ple-dactivitats-educatives-i-de-lleure-al-casal-dels-infants\\\/\"},\"wordCount\":458,\"commentCount\":0,\"publisher\":{\"@id\":\"https:\\\/\\\/www.casaldelsinfants.org\\\/es\\\/#organization\"},\"image\":{\"@id\":\"https:\\\/\\\/www.casaldelsinfants.org\\\/es\\\/actualidad\\\/gracies-fer-possible-un-nadal-ple-dactivitats-educatives-i-de-lleure-al-casal-dels-infants\\\/#primaryimage\"},\"thumbnailUrl\":\"https:\\\/\\\/www.casaldelsinfants.org\\\/wp-content\\\/uploads\\\/whatsapp_image_2019-12-30_at_15.57.10.jpeg\",\"articleSection\":[\"Noticia\"],\"inLanguage\":\"es\",\"potentialAction\":[{\"@type\":\"CommentAction\",\"name\":\"Comment\",\"target\":[\"https:\\\/\\\/www.casaldelsinfants.org\\\/es\\\/actualidad\\\/gracies-fer-possible-un-nadal-ple-dactivitats-educatives-i-de-lleure-al-casal-dels-infants\\\/#respond\"]}]},{\"@type\":\"WebPage\",\"@id\":\"https:\\\/\\\/www.casaldelsinfants.org\\\/es\\\/actualidad\\\/gracies-fer-possible-un-nadal-ple-dactivitats-educatives-i-de-lleure-al-casal-dels-infants\\\/\",\"url\":\"https:\\\/\\\/www.casaldelsinfants.org\\\/es\\\/actualidad\\\/gracies-fer-possible-un-nadal-ple-dactivitats-educatives-i-de-lleure-al-casal-dels-infants\\\/\",\"name\":\"Gr\u00e0cies activitats educatives i de lleure Nadal\",\"isPartOf\":{\"@id\":\"https:\\\/\\\/www.casaldelsinfants.org\\\/es\\\/#website\"},\"primaryImageOfPage\":{\"@id\":\"https:\\\/\\\/www.casaldelsinfants.org\\\/es\\\/actualidad\\\/gracies-fer-possible-un-nadal-ple-dactivitats-educatives-i-de-lleure-al-casal-dels-infants\\\/#primaryimage\"},\"image\":{\"@id\":\"https:\\\/\\\/www.casaldelsinfants.org\\\/es\\\/actualidad\\\/gracies-fer-possible-un-nadal-ple-dactivitats-educatives-i-de-lleure-al-casal-dels-infants\\\/#primaryimage\"},\"thumbnailUrl\":\"https:\\\/\\\/www.casaldelsinfants.org\\\/wp-content\\\/uploads\\\/whatsapp_image_2019-12-30_at_15.57.10.jpeg\",\"datePublished\":\"2020-01-09T14:53:53+00:00\",\"dateModified\":\"2023-08-29T14:58:38+00:00\",\"description\":\"Comencem l\u2019any reprenent la din\u00e0mica habitual dels nostres serveis socioeducatius despr\u00e9s d\u2019haver gaudit d\u2019uns dies de festes plens de lleure i activitats educatives. Gr\u00e0cies a totes les persones que ho heu fet possible.\",\"breadcrumb\":{\"@id\":\"https:\\\/\\\/www.casaldelsinfants.org\\\/es\\\/actualidad\\\/gracies-fer-possible-un-nadal-ple-dactivitats-educatives-i-de-lleure-al-casal-dels-infants\\\/#breadcrumb\"},\"inLanguage\":\"es\",\"potentialAction\":[{\"@type\":\"ReadAction\",\"target\":[\"https:\\\/\\\/www.casaldelsinfants.org\\\/es\\\/actualidad\\\/gracies-fer-possible-un-nadal-ple-dactivitats-educatives-i-de-lleure-al-casal-dels-infants\\\/\"]}]},{\"@type\":\"ImageObject\",\"inLanguage\":\"es\",\"@id\":\"https:\\\/\\\/www.casaldelsinfants.org\\\/es\\\/actualidad\\\/gracies-fer-possible-un-nadal-ple-dactivitats-educatives-i-de-lleure-al-casal-dels-infants\\\/#primaryimage\",\"url\":\"https:\\\/\\\/www.casaldelsinfants.org\\\/wp-content\\\/uploads\\\/whatsapp_image_2019-12-30_at_15.57.10.jpeg\",\"contentUrl\":\"https:\\\/\\\/www.casaldelsinfants.org\\\/wp-content\\\/uploads\\\/whatsapp_image_2019-12-30_at_15.57.10.jpeg\",\"width\":2048,\"height\":1536,\"caption\":\"Gr\u00e0cies per fer possible un Nadal ple d'activitats educatives i de lleure al Casal dels Infants 2019\"},{\"@type\":\"BreadcrumbList\",\"@id\":\"https:\\\/\\\/www.casaldelsinfants.org\\\/es\\\/actualidad\\\/gracies-fer-possible-un-nadal-ple-dactivitats-educatives-i-de-lleure-al-casal-dels-infants\\\/#breadcrumb\",\"itemListElement\":[{\"@type\":\"ListItem\",\"position\":1,\"name\":\"Inici\",\"item\":\"https:\\\/\\\/www.casaldelsinfants.org\\\/es\\\/\"},{\"@type\":\"ListItem\",\"position\":2,\"name\":\"Gracias por hacer posible una Navidad llena de ocio y espacios educativos en el Casal dels Infants\"}]},{\"@type\":\"WebSite\",\"@id\":\"https:\\\/\\\/www.casaldelsinfants.org\\\/es\\\/#website\",\"url\":\"https:\\\/\\\/www.casaldelsinfants.org\\\/es\\\/\",\"name\":\"Casal dels Infants\",\"description\":\"\",\"publisher\":{\"@id\":\"https:\\\/\\\/www.casaldelsinfants.org\\\/es\\\/#organization\"},\"potentialAction\":[{\"@type\":\"SearchAction\",\"target\":{\"@type\":\"EntryPoint\",\"urlTemplate\":\"https:\\\/\\\/www.casaldelsinfants.org\\\/es\\\/?s={search_term_string}\"},\"query-input\":{\"@type\":\"PropertyValueSpecification\",\"valueRequired\":true,\"valueName\":\"search_term_string\"}}],\"inLanguage\":\"es\"},{\"@type\":\"Organization\",\"@id\":\"https:\\\/\\\/www.casaldelsinfants.org\\\/es\\\/#organization\",\"name\":\"Casal dels Infants\",\"url\":\"https:\\\/\\\/www.casaldelsinfants.org\\\/es\\\/\",\"logo\":{\"@type\":\"ImageObject\",\"inLanguage\":\"es\",\"@id\":\"https:\\\/\\\/www.casaldelsinfants.org\\\/es\\\/#\\\/schema\\\/logo\\\/image\\\/\",\"url\":\"https:\\\/\\\/www.casaldelsinfants.org\\\/wp-content\\\/uploads\\\/logo-mail.png\",\"contentUrl\":\"https:\\\/\\\/www.casaldelsinfants.org\\\/wp-content\\\/uploads\\\/logo-mail.png\",\"width\":380,\"height\":158,\"caption\":\"Casal dels Infants\"},\"image\":{\"@id\":\"https:\\\/\\\/www.casaldelsinfants.org\\\/es\\\/#\\\/schema\\\/logo\\\/image\\\/\"},\"sameAs\":[\"https:\\\/\\\/www.facebook.com\\\/casalinfants\",\"https:\\\/\\\/x.com\\\/casalinfants\",\"https:\\\/\\\/www.youtube.com\\\/user\\\/CasaldelsInfants1\",\"https:\\\/\\\/www.instagram.com\\\/casalinfants\\\/\",\"https:\\\/\\\/www.linkedin.com\\\/company\\\/casaldelsinfants?trk=organization-update_share-update_actor-text\"]},{\"@type\":\"Person\",\"@id\":\"https:\\\/\\\/www.casaldelsinfants.org\\\/es\\\/#\\\/schema\\\/person\\\/97707fc8c64900cf36891127dbf9fba8\",\"name\":\"cdiAdmin\",\"sameAs\":[\"https:\\\/\\\/casaldelsinfants.org\"]}]}<\/script>\n<!-- \/ Yoast SEO plugin. -->","yoast_head_json":{"title":"Gr\u00e0cies activitats educatives i de lleure Nadal","description":"Comencem l\u2019any reprenent la din\u00e0mica habitual dels nostres serveis socioeducatius despr\u00e9s d\u2019haver gaudit d\u2019uns dies de festes plens de lleure i activitats educatives. Gr\u00e0cies a totes les persones que ho heu fet possible.","robots":{"index":"index","follow":"follow","max-snippet":"max-snippet:-1","max-image-preview":"max-image-preview:large","max-video-preview":"max-video-preview:-1"},"canonical":"https:\/\/www.casaldelsinfants.org\/es\/actualidad\/gracies-fer-possible-un-nadal-ple-dactivitats-educatives-i-de-lleure-al-casal-dels-infants\/","og_locale":"es_ES","og_type":"article","og_title":"Gr\u00e0cies activitats educatives i de lleure Nadal","og_description":"Comencem l\u2019any reprenent la din\u00e0mica habitual dels nostres serveis socioeducatius despr\u00e9s d\u2019haver gaudit d\u2019uns dies de festes plens de lleure i activitats educatives. Gr\u00e0cies a totes les persones que ho heu fet possible.","og_url":"https:\/\/www.casaldelsinfants.org\/es\/actualidad\/gracies-fer-possible-un-nadal-ple-dactivitats-educatives-i-de-lleure-al-casal-dels-infants\/","og_site_name":"Casal dels Infants","article_publisher":"https:\/\/www.facebook.com\/casalinfants","article_published_time":"2020-01-09T14:53:53+00:00","article_modified_time":"2023-08-29T14:58:38+00:00","og_image":[{"width":2048,"height":1536,"url":"https:\/\/www.casaldelsinfants.org\/wp-content\/uploads\/whatsapp_image_2019-12-30_at_15.57.10.jpeg","type":"image\/jpeg"}],"author":"cdiAdmin","twitter_card":"summary_large_image","twitter_creator":"@casalinfants","twitter_site":"@casalinfants","twitter_misc":{"Escrito por":"cdiAdmin","Tiempo de lectura":"3 minutos"},"schema":{"@context":"https:\/\/schema.org","@graph":[{"@type":"Article","@id":"https:\/\/www.casaldelsinfants.org\/es\/actualidad\/gracies-fer-possible-un-nadal-ple-dactivitats-educatives-i-de-lleure-al-casal-dels-infants\/#article","isPartOf":{"@id":"https:\/\/www.casaldelsinfants.org\/es\/actualidad\/gracies-fer-possible-un-nadal-ple-dactivitats-educatives-i-de-lleure-al-casal-dels-infants\/"},"author":{"name":"cdiAdmin","@id":"https:\/\/www.casaldelsinfants.org\/es\/#\/schema\/person\/97707fc8c64900cf36891127dbf9fba8"},"headline":"Gracias por hacer posible una Navidad llena de ocio y espacios educativos en el Casal dels Infants","datePublished":"2020-01-09T14:53:53+00:00","dateModified":"2023-08-29T14:58:38+00:00","mainEntityOfPage":{"@id":"https:\/\/www.casaldelsinfants.org\/es\/actualidad\/gracies-fer-possible-un-nadal-ple-dactivitats-educatives-i-de-lleure-al-casal-dels-infants\/"},"wordCount":458,"commentCount":0,"publisher":{"@id":"https:\/\/www.casaldelsinfants.org\/es\/#organization"},"image":{"@id":"https:\/\/www.casaldelsinfants.org\/es\/actualidad\/gracies-fer-possible-un-nadal-ple-dactivitats-educatives-i-de-lleure-al-casal-dels-infants\/#primaryimage"},"thumbnailUrl":"https:\/\/www.casaldelsinfants.org\/wp-content\/uploads\/whatsapp_image_2019-12-30_at_15.57.10.jpeg","articleSection":["Noticia"],"inLanguage":"es","potentialAction":[{"@type":"CommentAction","name":"Comment","target":["https:\/\/www.casaldelsinfants.org\/es\/actualidad\/gracies-fer-possible-un-nadal-ple-dactivitats-educatives-i-de-lleure-al-casal-dels-infants\/#respond"]}]},{"@type":"WebPage","@id":"https:\/\/www.casaldelsinfants.org\/es\/actualidad\/gracies-fer-possible-un-nadal-ple-dactivitats-educatives-i-de-lleure-al-casal-dels-infants\/","url":"https:\/\/www.casaldelsinfants.org\/es\/actualidad\/gracies-fer-possible-un-nadal-ple-dactivitats-educatives-i-de-lleure-al-casal-dels-infants\/","name":"Gr\u00e0cies activitats educatives i de lleure Nadal","isPartOf":{"@id":"https:\/\/www.casaldelsinfants.org\/es\/#website"},"primaryImageOfPage":{"@id":"https:\/\/www.casaldelsinfants.org\/es\/actualidad\/gracies-fer-possible-un-nadal-ple-dactivitats-educatives-i-de-lleure-al-casal-dels-infants\/#primaryimage"},"image":{"@id":"https:\/\/www.casaldelsinfants.org\/es\/actualidad\/gracies-fer-possible-un-nadal-ple-dactivitats-educatives-i-de-lleure-al-casal-dels-infants\/#primaryimage"},"thumbnailUrl":"https:\/\/www.casaldelsinfants.org\/wp-content\/uploads\/whatsapp_image_2019-12-30_at_15.57.10.jpeg","datePublished":"2020-01-09T14:53:53+00:00","dateModified":"2023-08-29T14:58:38+00:00","description":"Comencem l\u2019any reprenent la din\u00e0mica habitual dels nostres serveis socioeducatius despr\u00e9s d\u2019haver gaudit d\u2019uns dies de festes plens de lleure i activitats educatives. Gr\u00e0cies a totes les persones que ho heu fet possible.","breadcrumb":{"@id":"https:\/\/www.casaldelsinfants.org\/es\/actualidad\/gracies-fer-possible-un-nadal-ple-dactivitats-educatives-i-de-lleure-al-casal-dels-infants\/#breadcrumb"},"inLanguage":"es","potentialAction":[{"@type":"ReadAction","target":["https:\/\/www.casaldelsinfants.org\/es\/actualidad\/gracies-fer-possible-un-nadal-ple-dactivitats-educatives-i-de-lleure-al-casal-dels-infants\/"]}]},{"@type":"ImageObject","inLanguage":"es","@id":"https:\/\/www.casaldelsinfants.org\/es\/actualidad\/gracies-fer-possible-un-nadal-ple-dactivitats-educatives-i-de-lleure-al-casal-dels-infants\/#primaryimage","url":"https:\/\/www.casaldelsinfants.org\/wp-content\/uploads\/whatsapp_image_2019-12-30_at_15.57.10.jpeg","contentUrl":"https:\/\/www.casaldelsinfants.org\/wp-content\/uploads\/whatsapp_image_2019-12-30_at_15.57.10.jpeg","width":2048,"height":1536,"caption":"Gr\u00e0cies per fer possible un Nadal ple d'activitats educatives i de lleure al Casal dels Infants 2019"},{"@type":"BreadcrumbList","@id":"https:\/\/www.casaldelsinfants.org\/es\/actualidad\/gracies-fer-possible-un-nadal-ple-dactivitats-educatives-i-de-lleure-al-casal-dels-infants\/#breadcrumb","itemListElement":[{"@type":"ListItem","position":1,"name":"Inici","item":"https:\/\/www.casaldelsinfants.org\/es\/"},{"@type":"ListItem","position":2,"name":"Gracias por hacer posible una Navidad llena de ocio y espacios educativos en el Casal dels Infants"}]},{"@type":"WebSite","@id":"https:\/\/www.casaldelsinfants.org\/es\/#website","url":"https:\/\/www.casaldelsinfants.org\/es\/","name":"Casal dels Infants","description":"","publisher":{"@id":"https:\/\/www.casaldelsinfants.org\/es\/#organization"},"potentialAction":[{"@type":"SearchAction","target":{"@type":"EntryPoint","urlTemplate":"https:\/\/www.casaldelsinfants.org\/es\/?s={search_term_string}"},"query-input":{"@type":"PropertyValueSpecification","valueRequired":true,"valueName":"search_term_string"}}],"inLanguage":"es"},{"@type":"Organization","@id":"https:\/\/www.casaldelsinfants.org\/es\/#organization","name":"Casal dels Infants","url":"https:\/\/www.casaldelsinfants.org\/es\/","logo":{"@type":"ImageObject","inLanguage":"es","@id":"https:\/\/www.casaldelsinfants.org\/es\/#\/schema\/logo\/image\/","url":"https:\/\/www.casaldelsinfants.org\/wp-content\/uploads\/logo-mail.png","contentUrl":"https:\/\/www.casaldelsinfants.org\/wp-content\/uploads\/logo-mail.png","width":380,"height":158,"caption":"Casal dels Infants"},"image":{"@id":"https:\/\/www.casaldelsinfants.org\/es\/#\/schema\/logo\/image\/"},"sameAs":["https:\/\/www.facebook.com\/casalinfants","https:\/\/x.com\/casalinfants","https:\/\/www.youtube.com\/user\/CasaldelsInfants1","https:\/\/www.instagram.com\/casalinfants\/","https:\/\/www.linkedin.com\/company\/casaldelsinfants?trk=organization-update_share-update_actor-text"]},{"@type":"Person","@id":"https:\/\/www.casaldelsinfants.org\/es\/#\/schema\/person\/97707fc8c64900cf36891127dbf9fba8","name":"cdiAdmin","sameAs":["https:\/\/casaldelsinfants.org"]}]}},"publishpress_future_action":{"enabled":false,"date":"2026-05-07 02:54:28","action":"change-status","newStatus":"draft","terms":[],"taxonomy":"category","extraData":[]},"publishpress_future_workflow_manual_trigger":{"enabledWorkflows":[]},"_links":{"self":[{"href":"https:\/\/www.casaldelsinfants.org\/es\/wp-json\/wp\/v2\/posts\/4391","targetHints":{"allow":["GET"]}}],"collection":[{"href":"https:\/\/www.casaldelsinfants.org\/es\/wp-json\/wp\/v2\/posts"}],"about":[{"href":"https:\/\/www.casaldelsinfants.org\/es\/wp-json\/wp\/v2\/types\/post"}],"author":[{"embeddable":true,"href":"https:\/\/www.casaldelsinfants.org\/es\/wp-json\/wp\/v2\/users\/1"}],"replies":[{"embeddable":true,"href":"https:\/\/www.casaldelsinfants.org\/es\/wp-json\/wp\/v2\/comments?post=4391"}],"version-history":[{"count":2,"href":"https:\/\/www.casaldelsinfants.org\/es\/wp-json\/wp\/v2\/posts\/4391\/revisions"}],"predecessor-version":[{"id":13471,"href":"https:\/\/www.casaldelsinfants.org\/es\/wp-json\/wp\/v2\/posts\/4391\/revisions\/13471"}],"wp:featuredmedia":[{"embeddable":true,"href":"https:\/\/www.casaldelsinfants.org\/es\/wp-json\/wp\/v2\/media\/3287"}],"wp:attachment":[{"href":"https:\/\/www.casaldelsinfants.org\/es\/wp-json\/wp\/v2\/media?parent=4391"}],"wp:term":[{"taxonomy":"category","embeddable":true,"href":"https:\/\/www.casaldelsinfants.org\/es\/wp-json\/wp\/v2\/categories?post=4391"},{"taxonomy":"post_tag","embeddable":true,"href":"https:\/\/www.casaldelsinfants.org\/es\/wp-json\/wp\/v2\/tags?post=4391"},{"taxonomy":"seus","embeddable":true,"href":"https:\/\/www.casaldelsinfants.org\/es\/wp-json\/wp\/v2\/seus?post=4391"},{"taxonomy":"eixos","embeddable":true,"href":"https:\/\/www.casaldelsinfants.org\/es\/wp-json\/wp\/v2\/eixos?post=4391"}],"curies":[{"name":"wp","href":"https:\/\/api.w.org\/{rel}","templated":true}]}}