{"id":4392,"date":"2020-01-09T16:34:10","date_gmt":"2020-01-09T14:34:10","guid":{"rendered":"https:\/\/casal.puntzero.cat\/noticies\/la-interculturalitat-en-paraules-dinfants\/"},"modified":"2022-08-17T11:19:37","modified_gmt":"2022-08-17T09:19:37","slug":"la-interculturalitat-en-paraules-dinfants","status":"publish","type":"post","link":"https:\/\/www.casaldelsinfants.org\/es\/actualidad\/la-interculturalidad-en-palabras-de-ninos-y-ninas\/","title":{"rendered":"La interculturalidad en palabras de ni\u00f1os y ni\u00f1as"},"content":{"rendered":"<p class=\"text-align-justify\"><span style=\"color:#000000;\">En el gimnasio de la escuela Beethoven del barrio de Fondo de Santa Coloma ed Gramenet un grupo de ni\u00f1os y ni\u00f1as est\u00e1 sentado en c\u00edrculo. Tres de ellos, Yussef, Anas y Sami, est\u00e1n depi\u00e9 a punto de responder una buena bater\u00eda de preguntas de sus compa\u00f1eros, que esperan turno con la mano alzada. La din\u00e1mica de la actividad se la saben bien, porque hace semanas que la comparten todos los lunes: cada ni\u00f1o o ni\u00f1a tiene un d\u00eda en el calendario en el que debe explicar a los dem\u00e1s c\u00f3mo es el pa\u00eds donde nacieron o de donde viene su familia \u2014lo hacen en grupos, si comparten un mismo origen\u2014. Una vez resueltas las preguntas de los compa\u00f1eros, hay quien trae alguna comida t\u00edpica del pa\u00eds en cuesti\u00f3n, otros hacen un baile, alguien prefiere ense\u00f1ar un juego popular\u2026<\/span><\/p>\n<p class=\"text-align-justify\"><span style=\"color:#000000;\">Los protagonistas de esta historia son los ni\u00f1os y ni\u00f1as de seis a 12 a\u00f1os del servicio socioeducativo Tornem Beethoven, que ofrece el Casal dels Infants de Santa Coloma en el barrio de Fondo. \u201cTodo empez\u00f3 a iniciativa de los mismos ni\u00f1os y ni\u00f1as, a principios de curso\u201d, explica Celia, la educadora del grupo juntamente con Albert. \u201cVe\u00edamos que entre ellos y ellas se hac\u00edan muchas preguntas sobre sus or\u00edgenes, y a partir de aqu\u00ed les propusimos hacer una actividad que diese respuesta a su curiosidad\u201d, a\u00f1ade. Para empezar, dedicaron algunas sesiones a trabajar qu\u00e9 es la interculturalidad: el respeto a la diferencia y a los compa\u00f1eros, la igualdad entre todos y todas y la importancia de un di\u00e1logo fluido que cohesione el grupo. Despu\u00e9s decidieron ubicarse y organizarse: se\u00f1alaron en un mapamundi todos los pa\u00edses de los que hablar\u00edan, para saber geogr\u00e1ficamente d\u00f3nde se encontraban, y establecieron en el calendario cu\u00e1ndo har\u00eda cada uno su explicaci\u00f3n. En todo este proceso tambi\u00e9n participaron Mar, Aida y Dolors, voluntarias del Tornem.<\/span><\/p>\n<figure role=\"group\" class=\"align-center\">\n<img decoding=\"async\" alt=\"Yussef, Anas y Sami haciendo su explicaci\u00f3n a los compa\u00f1eros y compa\u00f1eras\" data-entity-type=\"file\" data-entity-uuid=\"eca3e5c4-07c3-497b-80fe-a1e3fa75e4d5\" data-image-style=\"large\" height=\"270\" src=\"\/wp-content\/uploads\/inline-images\/Interculturalitat%20Anem%20i%20Tornem%20Casal%20dels%20Infants%20de%20Santa%20Coloma%201_0.jpg\" typeof=\"foaf:Image\" width=\"480\" \/><figcaption>Yussef, Anas y Sami haciendo su explicaci\u00f3n a los compa\u00f1eros y compa\u00f1eras.<\/figcaption><\/figure>\n<p class=\"text-align-justify\">\u00a0<\/p>\n<p class=\"text-align-justify\"><span style=\"color:#000000;\">\u201c\u00bfCu\u00e1l es el plato m\u00e1s t\u00edpico?\u201d, pregunta Zhander desde un rinc\u00f3n del c\u00edrculo, rompiendo el hielo. \u201cLa tajine y el cous cous\u201d, responden casi al un\u00edsono Yussef, Anas y Sami, impacientes y emocionados. La curiosidad se acumula, como las explicaciones de los tres expertos en la materia, y as\u00ed vamos descubriendo que en Marruecos hay gente que cree en Al\u00e1, el dios del Islam, que el estado marroqu\u00ed ha estado en guerra con pa\u00edses como Francia y Espa\u00f1a y que la vaca y el cordero son algunos de los animales que all\u00ed podemos encontrar. \u201cEs importante que los ni\u00f1os y ni\u00f1as pregunten lo que quieran, que no tengan prejuicios al interesarse por lo que desconocen ni miedo a sentirse juzgados y juzgadas por tener costumbres distintas. Con este di\u00e1logo basado en la libertad de expresi\u00f3n, quien explica su cultura se siente importante y reconocido\u201d, comenta Celia.<\/span><\/p>\n<p class=\"destacat-noticia\"><span style=\"color:#000000;\">Celia, educadora del Tornem Beethoven: \u00abCon este di\u00e1logo basado en la libertad de expresi\u00f3n, quien explica su cultura se siente importante y reconocido\u201d<\/span><\/p>\n<p class=\"text-align-justify\"><span style=\"color:#000000;\">\u201cNervioso, contento y alegre\u201d, dice Zhander que se sinti\u00f3 el d\u00eda que habl\u00f3 de Honduras al grupo. Aquella tarde pudo contar que all\u00ed, donde naci\u00f3, la lengua m\u00e1s hablada es el castellano, pero que tambi\u00e9n hay otras, como el gar\u00edfuna. Tambi\u00e9n trajo a sus compa\u00f1eros pastelitos que hab\u00eda preparado su madre, hechos con patata, arroz y harina de ma\u00edz. Georgina, en cambio, naci\u00f3 en Catalunya y no trajo nada para comer, pero si lo hubiera elegido la papa a la huanca\u00edna, una receta que tambi\u00e9n podr\u00edamos probar si viaj\u00e1ramos a Cochabamba, en Bolivia, donde vive toda su familia. A quien todav\u00eda no le ha llegado el turno para explicar sus or\u00edgenes es a Mohamet, que ya tiene pensado qu\u00e9 dir\u00e1: \u201cLes contar\u00e9 que nac\u00ed\u00a0aqu\u00ed pero que mis padres son de Senegal, y que all\u00ed hay personas pobres y personas ricas\u201d.<\/span><\/p>\n<p class=\"destacat-noticia\"><span style=\"color:#000000;\">Mohamet, participante del Tornem Beethoven: \u00abEl d\u00eda que me toque explicar de d\u00f3nde vengo, contar\u00e9 que nac\u00ed aqu\u00ed pero que mis\u00a0padres son de Senegal, y que all\u00ed hay personas pobres y personas ricas\u201d<\/span><\/p>\n<figure role=\"group\" class=\"align-center\">\n<img decoding=\"async\" alt=\"El grupo jugando al Kach kach, un juego popular marroqu\u00ed\" data-entity-type=\"file\" data-entity-uuid=\"f1a6f4f4-7298-4bbc-8b5c-11e78c914853\" data-image-style=\"large\" height=\"270\" src=\"\/wp-content\/uploads\/inline-images\/Interculturalitat%20Anem%20i%20Tornem%20Casal%20dels%20Infants%20de%20Santa%20Coloma%204_0.jpg\" typeof=\"foaf:Image\" width=\"480\" \/><figcaption>El grupo jugando al <em>kach kach<\/em>, un juego popular marroqu\u00ed.<\/figcaption><\/figure>\n<p class=\"text-align-justify\">\u00a0<\/p>\n<p class=\"text-align-justify\"><span style=\"color:#000000;\">El rato ha ido pasando y Sami, Yussef y Anas deciden que ha llegado la hora de romper el c\u00edrculo. Lo hacen para ense\u00f1ar a sus compa\u00f1eros a jugar al <em>kach kach<\/em>, un juego popular marroqu\u00ed muy parecido al escondite. Cierran los ojos mirando a la pared y empieza la cuenta atr\u00e1s para que todo el mundo se esconda. Unas cuantas carreras y muchas risas despu\u00e9s, ya\u00a0 han quemado las \u00faltimas energ\u00edas de la tarde. Es hora de recoger, dejar ordenado el gimnasio e irse para casa, con ganas de que llegue otro lunes y seguir conociendo y compartiendo c\u00f3mo se ve el mundo desde ojos y rincones diferentes.<\/span><\/p>\n","protected":false},"excerpt":{"rendered":"<div class=\"video-embed-field-responsive-video form-group\"><iframe loading=\"lazy\" width=\"854\" height=\"480\" frameborder=\"0\" allowfullscreen=\"allowfullscreen\" src=\"https:\/\/www.youtube.com\/embed\/JeXDR3-6SHA?autoplay=0&amp;start=0&amp;rel=0\"><\/iframe>\n<\/div>\n<p class=\"text-align-center\">\u00a0<\/p>\n<p class=\"text-align-center\">Lo sabemos y lo reivindicamos: la interacci\u00f3n entre culturas, en pie de igualdad y combatiendo cualquier forma de discriminaci\u00f3n, nos enriquece y cohesiona como sociedad. En los barrios donde actuamos, en los cuales muchas familias han vivido procesos migratorios, hay mucha de esta riqueza cultural. En el caso de los ni\u00f1os y ni\u00f1as, el hecho que en el \u00e1mbito educativo y del tiempo libre puedan dar a conocer y compartir sus culturas es un primer paso para garantizar una sociedad intercultural, as\u00ed como un gran est\u00edmulo en su proceso de aprendizaje. Tenemos una prueba de ello en nuestro servicio socioeducativo Tornem Beethoven del barrio de Fondo de Santa Coloma de Gramenet, donde los ni\u00f1os y ni\u00f1as han tomado la iniciativa para dar a conocer qui\u00e9n son y de donde vienen.<\/p>\n<p class=\"text-align-center\">\u00a0<\/p>\n","protected":false},"author":1,"featured_media":0,"comment_status":"open","ping_status":"open","sticky":false,"template":"","format":"standard","meta":{"_acf_changed":false,"_et_pb_use_builder":"","_et_pb_old_content":"","_et_gb_content_width":"","inline_featured_image":false,"footnotes":""},"categories":[105],"tags":[],"seus":[19],"eixos":[110],"class_list":["post-4392","post","type-post","status-publish","format-standard","hentry","category-reportaje","seus-santa-coloma-de-gramenet","eixos-comunidad-casal-dels-infants"],"acf":[],"yoast_head":"<!-- This site is optimized with the Yoast SEO plugin v27.4 - https:\/\/yoast.com\/product\/yoast-seo-wordpress\/ -->\n<title>Interculturalidad palabras ni\u00f1os y ni\u00f1as Santa Coloma<\/title>\n<meta name=\"description\" content=\"Ni\u00f1os y ni\u00f1as del servicio socioeducativo del Casal dels Infants Anem i tornem del barrio de Fondo de Santa Coloma de Gramenet trabajan desde principios de curso la interculturalidad la interculturalidad explic\u00e1ndose y compartiendo la cultura de sus pa\u00edses de origen.\" \/>\n<meta name=\"robots\" content=\"index, follow, max-snippet:-1, max-image-preview:large, max-video-preview:-1\" \/>\n<link rel=\"canonical\" href=\"https:\/\/www.casaldelsinfants.org\/es\/actualidad\/la-interculturalidad-en-palabras-de-ninos-y-ninas\/\" \/>\n<meta property=\"og:locale\" content=\"es_ES\" \/>\n<meta property=\"og:type\" content=\"article\" \/>\n<meta property=\"og:title\" content=\"Interculturalidad palabras ni\u00f1os y ni\u00f1as Santa Coloma\" \/>\n<meta property=\"og:description\" content=\"Ni\u00f1os y ni\u00f1as del servicio socioeducativo del Casal dels Infants Anem i tornem del barrio de Fondo de Santa Coloma de Gramenet trabajan desde principios de curso la interculturalidad la interculturalidad explic\u00e1ndose y compartiendo la cultura de sus pa\u00edses de origen.\" \/>\n<meta property=\"og:url\" content=\"https:\/\/www.casaldelsinfants.org\/es\/actualidad\/la-interculturalidad-en-palabras-de-ninos-y-ninas\/\" \/>\n<meta property=\"og:site_name\" content=\"Casal dels Infants\" \/>\n<meta property=\"article:publisher\" content=\"https:\/\/www.facebook.com\/casalinfants\" \/>\n<meta property=\"article:published_time\" content=\"2020-01-09T14:34:10+00:00\" \/>\n<meta property=\"article:modified_time\" content=\"2022-08-17T09:19:37+00:00\" \/>\n<meta name=\"author\" content=\"cdiAdmin\" \/>\n<meta name=\"twitter:card\" content=\"summary_large_image\" \/>\n<meta name=\"twitter:creator\" content=\"@casalinfants\" \/>\n<meta name=\"twitter:site\" content=\"@casalinfants\" \/>\n<meta name=\"twitter:label1\" content=\"Escrito por\" \/>\n\t<meta name=\"twitter:data1\" content=\"cdiAdmin\" \/>\n\t<meta name=\"twitter:label2\" content=\"Tiempo de lectura\" \/>\n\t<meta name=\"twitter:data2\" content=\"4 minutos\" \/>\n<script type=\"application\/ld+json\" class=\"yoast-schema-graph\">{\"@context\":\"https:\\\/\\\/schema.org\",\"@graph\":[{\"@type\":\"Article\",\"@id\":\"https:\\\/\\\/www.casaldelsinfants.org\\\/es\\\/actualidad\\\/la-interculturalidad-en-palabras-de-ninos-y-ninas\\\/#article\",\"isPartOf\":{\"@id\":\"https:\\\/\\\/www.casaldelsinfants.org\\\/es\\\/actualidad\\\/la-interculturalidad-en-palabras-de-ninos-y-ninas\\\/\"},\"author\":{\"name\":\"cdiAdmin\",\"@id\":\"https:\\\/\\\/www.casaldelsinfants.org\\\/es\\\/#\\\/schema\\\/person\\\/97707fc8c64900cf36891127dbf9fba8\"},\"headline\":\"La interculturalidad en palabras de ni\u00f1os y ni\u00f1as\",\"datePublished\":\"2020-01-09T14:34:10+00:00\",\"dateModified\":\"2022-08-17T09:19:37+00:00\",\"mainEntityOfPage\":{\"@id\":\"https:\\\/\\\/www.casaldelsinfants.org\\\/es\\\/actualidad\\\/la-interculturalidad-en-palabras-de-ninos-y-ninas\\\/\"},\"wordCount\":872,\"commentCount\":0,\"publisher\":{\"@id\":\"https:\\\/\\\/www.casaldelsinfants.org\\\/es\\\/#organization\"},\"articleSection\":[\"Reportaje\"],\"inLanguage\":\"es\",\"potentialAction\":[{\"@type\":\"CommentAction\",\"name\":\"Comment\",\"target\":[\"https:\\\/\\\/www.casaldelsinfants.org\\\/es\\\/actualidad\\\/la-interculturalidad-en-palabras-de-ninos-y-ninas\\\/#respond\"]}]},{\"@type\":\"WebPage\",\"@id\":\"https:\\\/\\\/www.casaldelsinfants.org\\\/es\\\/actualidad\\\/la-interculturalidad-en-palabras-de-ninos-y-ninas\\\/\",\"url\":\"https:\\\/\\\/www.casaldelsinfants.org\\\/es\\\/actualidad\\\/la-interculturalidad-en-palabras-de-ninos-y-ninas\\\/\",\"name\":\"Interculturalidad palabras ni\u00f1os y ni\u00f1as Santa Coloma\",\"isPartOf\":{\"@id\":\"https:\\\/\\\/www.casaldelsinfants.org\\\/es\\\/#website\"},\"datePublished\":\"2020-01-09T14:34:10+00:00\",\"dateModified\":\"2022-08-17T09:19:37+00:00\",\"description\":\"Ni\u00f1os y ni\u00f1as del servicio socioeducativo del Casal dels Infants Anem i tornem del barrio de Fondo de Santa Coloma de Gramenet trabajan desde principios de curso la interculturalidad la interculturalidad explic\u00e1ndose y compartiendo la cultura de sus pa\u00edses de origen.\",\"breadcrumb\":{\"@id\":\"https:\\\/\\\/www.casaldelsinfants.org\\\/es\\\/actualidad\\\/la-interculturalidad-en-palabras-de-ninos-y-ninas\\\/#breadcrumb\"},\"inLanguage\":\"es\",\"potentialAction\":[{\"@type\":\"ReadAction\",\"target\":[\"https:\\\/\\\/www.casaldelsinfants.org\\\/es\\\/actualidad\\\/la-interculturalidad-en-palabras-de-ninos-y-ninas\\\/\"]}]},{\"@type\":\"BreadcrumbList\",\"@id\":\"https:\\\/\\\/www.casaldelsinfants.org\\\/es\\\/actualidad\\\/la-interculturalidad-en-palabras-de-ninos-y-ninas\\\/#breadcrumb\",\"itemListElement\":[{\"@type\":\"ListItem\",\"position\":1,\"name\":\"Inici\",\"item\":\"https:\\\/\\\/www.casaldelsinfants.org\\\/es\\\/\"},{\"@type\":\"ListItem\",\"position\":2,\"name\":\"La interculturalidad en palabras de ni\u00f1os y ni\u00f1as\"}]},{\"@type\":\"WebSite\",\"@id\":\"https:\\\/\\\/www.casaldelsinfants.org\\\/es\\\/#website\",\"url\":\"https:\\\/\\\/www.casaldelsinfants.org\\\/es\\\/\",\"name\":\"Casal dels Infants\",\"description\":\"\",\"publisher\":{\"@id\":\"https:\\\/\\\/www.casaldelsinfants.org\\\/es\\\/#organization\"},\"potentialAction\":[{\"@type\":\"SearchAction\",\"target\":{\"@type\":\"EntryPoint\",\"urlTemplate\":\"https:\\\/\\\/www.casaldelsinfants.org\\\/es\\\/?s={search_term_string}\"},\"query-input\":{\"@type\":\"PropertyValueSpecification\",\"valueRequired\":true,\"valueName\":\"search_term_string\"}}],\"inLanguage\":\"es\"},{\"@type\":\"Organization\",\"@id\":\"https:\\\/\\\/www.casaldelsinfants.org\\\/es\\\/#organization\",\"name\":\"Casal dels Infants\",\"url\":\"https:\\\/\\\/www.casaldelsinfants.org\\\/es\\\/\",\"logo\":{\"@type\":\"ImageObject\",\"inLanguage\":\"es\",\"@id\":\"https:\\\/\\\/www.casaldelsinfants.org\\\/es\\\/#\\\/schema\\\/logo\\\/image\\\/\",\"url\":\"https:\\\/\\\/www.casaldelsinfants.org\\\/wp-content\\\/uploads\\\/logo-mail.png\",\"contentUrl\":\"https:\\\/\\\/www.casaldelsinfants.org\\\/wp-content\\\/uploads\\\/logo-mail.png\",\"width\":380,\"height\":158,\"caption\":\"Casal dels Infants\"},\"image\":{\"@id\":\"https:\\\/\\\/www.casaldelsinfants.org\\\/es\\\/#\\\/schema\\\/logo\\\/image\\\/\"},\"sameAs\":[\"https:\\\/\\\/www.facebook.com\\\/casalinfants\",\"https:\\\/\\\/x.com\\\/casalinfants\",\"https:\\\/\\\/www.youtube.com\\\/user\\\/CasaldelsInfants1\",\"https:\\\/\\\/www.instagram.com\\\/casalinfants\\\/\",\"https:\\\/\\\/www.linkedin.com\\\/company\\\/casaldelsinfants?trk=organization-update_share-update_actor-text\"]},{\"@type\":\"Person\",\"@id\":\"https:\\\/\\\/www.casaldelsinfants.org\\\/es\\\/#\\\/schema\\\/person\\\/97707fc8c64900cf36891127dbf9fba8\",\"name\":\"cdiAdmin\",\"sameAs\":[\"https:\\\/\\\/casaldelsinfants.org\"]}]}<\/script>\n<!-- \/ Yoast SEO plugin. -->","yoast_head_json":{"title":"Interculturalidad palabras ni\u00f1os y ni\u00f1as Santa Coloma","description":"Ni\u00f1os y ni\u00f1as del servicio socioeducativo del Casal dels Infants Anem i tornem del barrio de Fondo de Santa Coloma de Gramenet trabajan desde principios de curso la interculturalidad la interculturalidad explic\u00e1ndose y compartiendo la cultura de sus pa\u00edses de origen.","robots":{"index":"index","follow":"follow","max-snippet":"max-snippet:-1","max-image-preview":"max-image-preview:large","max-video-preview":"max-video-preview:-1"},"canonical":"https:\/\/www.casaldelsinfants.org\/es\/actualidad\/la-interculturalidad-en-palabras-de-ninos-y-ninas\/","og_locale":"es_ES","og_type":"article","og_title":"Interculturalidad palabras ni\u00f1os y ni\u00f1as Santa Coloma","og_description":"Ni\u00f1os y ni\u00f1as del servicio socioeducativo del Casal dels Infants Anem i tornem del barrio de Fondo de Santa Coloma de Gramenet trabajan desde principios de curso la interculturalidad la interculturalidad explic\u00e1ndose y compartiendo la cultura de sus pa\u00edses de origen.","og_url":"https:\/\/www.casaldelsinfants.org\/es\/actualidad\/la-interculturalidad-en-palabras-de-ninos-y-ninas\/","og_site_name":"Casal dels Infants","article_publisher":"https:\/\/www.facebook.com\/casalinfants","article_published_time":"2020-01-09T14:34:10+00:00","article_modified_time":"2022-08-17T09:19:37+00:00","author":"cdiAdmin","twitter_card":"summary_large_image","twitter_creator":"@casalinfants","twitter_site":"@casalinfants","twitter_misc":{"Escrito por":"cdiAdmin","Tiempo de lectura":"4 minutos"},"schema":{"@context":"https:\/\/schema.org","@graph":[{"@type":"Article","@id":"https:\/\/www.casaldelsinfants.org\/es\/actualidad\/la-interculturalidad-en-palabras-de-ninos-y-ninas\/#article","isPartOf":{"@id":"https:\/\/www.casaldelsinfants.org\/es\/actualidad\/la-interculturalidad-en-palabras-de-ninos-y-ninas\/"},"author":{"name":"cdiAdmin","@id":"https:\/\/www.casaldelsinfants.org\/es\/#\/schema\/person\/97707fc8c64900cf36891127dbf9fba8"},"headline":"La interculturalidad en palabras de ni\u00f1os y ni\u00f1as","datePublished":"2020-01-09T14:34:10+00:00","dateModified":"2022-08-17T09:19:37+00:00","mainEntityOfPage":{"@id":"https:\/\/www.casaldelsinfants.org\/es\/actualidad\/la-interculturalidad-en-palabras-de-ninos-y-ninas\/"},"wordCount":872,"commentCount":0,"publisher":{"@id":"https:\/\/www.casaldelsinfants.org\/es\/#organization"},"articleSection":["Reportaje"],"inLanguage":"es","potentialAction":[{"@type":"CommentAction","name":"Comment","target":["https:\/\/www.casaldelsinfants.org\/es\/actualidad\/la-interculturalidad-en-palabras-de-ninos-y-ninas\/#respond"]}]},{"@type":"WebPage","@id":"https:\/\/www.casaldelsinfants.org\/es\/actualidad\/la-interculturalidad-en-palabras-de-ninos-y-ninas\/","url":"https:\/\/www.casaldelsinfants.org\/es\/actualidad\/la-interculturalidad-en-palabras-de-ninos-y-ninas\/","name":"Interculturalidad palabras ni\u00f1os y ni\u00f1as Santa Coloma","isPartOf":{"@id":"https:\/\/www.casaldelsinfants.org\/es\/#website"},"datePublished":"2020-01-09T14:34:10+00:00","dateModified":"2022-08-17T09:19:37+00:00","description":"Ni\u00f1os y ni\u00f1as del servicio socioeducativo del Casal dels Infants Anem i tornem del barrio de Fondo de Santa Coloma de Gramenet trabajan desde principios de curso la interculturalidad la interculturalidad explic\u00e1ndose y compartiendo la cultura de sus pa\u00edses de origen.","breadcrumb":{"@id":"https:\/\/www.casaldelsinfants.org\/es\/actualidad\/la-interculturalidad-en-palabras-de-ninos-y-ninas\/#breadcrumb"},"inLanguage":"es","potentialAction":[{"@type":"ReadAction","target":["https:\/\/www.casaldelsinfants.org\/es\/actualidad\/la-interculturalidad-en-palabras-de-ninos-y-ninas\/"]}]},{"@type":"BreadcrumbList","@id":"https:\/\/www.casaldelsinfants.org\/es\/actualidad\/la-interculturalidad-en-palabras-de-ninos-y-ninas\/#breadcrumb","itemListElement":[{"@type":"ListItem","position":1,"name":"Inici","item":"https:\/\/www.casaldelsinfants.org\/es\/"},{"@type":"ListItem","position":2,"name":"La interculturalidad en palabras de ni\u00f1os y ni\u00f1as"}]},{"@type":"WebSite","@id":"https:\/\/www.casaldelsinfants.org\/es\/#website","url":"https:\/\/www.casaldelsinfants.org\/es\/","name":"Casal dels Infants","description":"","publisher":{"@id":"https:\/\/www.casaldelsinfants.org\/es\/#organization"},"potentialAction":[{"@type":"SearchAction","target":{"@type":"EntryPoint","urlTemplate":"https:\/\/www.casaldelsinfants.org\/es\/?s={search_term_string}"},"query-input":{"@type":"PropertyValueSpecification","valueRequired":true,"valueName":"search_term_string"}}],"inLanguage":"es"},{"@type":"Organization","@id":"https:\/\/www.casaldelsinfants.org\/es\/#organization","name":"Casal dels Infants","url":"https:\/\/www.casaldelsinfants.org\/es\/","logo":{"@type":"ImageObject","inLanguage":"es","@id":"https:\/\/www.casaldelsinfants.org\/es\/#\/schema\/logo\/image\/","url":"https:\/\/www.casaldelsinfants.org\/wp-content\/uploads\/logo-mail.png","contentUrl":"https:\/\/www.casaldelsinfants.org\/wp-content\/uploads\/logo-mail.png","width":380,"height":158,"caption":"Casal dels Infants"},"image":{"@id":"https:\/\/www.casaldelsinfants.org\/es\/#\/schema\/logo\/image\/"},"sameAs":["https:\/\/www.facebook.com\/casalinfants","https:\/\/x.com\/casalinfants","https:\/\/www.youtube.com\/user\/CasaldelsInfants1","https:\/\/www.instagram.com\/casalinfants\/","https:\/\/www.linkedin.com\/company\/casaldelsinfants?trk=organization-update_share-update_actor-text"]},{"@type":"Person","@id":"https:\/\/www.casaldelsinfants.org\/es\/#\/schema\/person\/97707fc8c64900cf36891127dbf9fba8","name":"cdiAdmin","sameAs":["https:\/\/casaldelsinfants.org"]}]}},"publishpress_future_action":{"enabled":false,"date":"2026-05-09 10:19:14","action":"change-status","newStatus":"draft","terms":[],"taxonomy":"category","extraData":[]},"publishpress_future_workflow_manual_trigger":{"enabledWorkflows":[]},"_links":{"self":[{"href":"https:\/\/www.casaldelsinfants.org\/es\/wp-json\/wp\/v2\/posts\/4392","targetHints":{"allow":["GET"]}}],"collection":[{"href":"https:\/\/www.casaldelsinfants.org\/es\/wp-json\/wp\/v2\/posts"}],"about":[{"href":"https:\/\/www.casaldelsinfants.org\/es\/wp-json\/wp\/v2\/types\/post"}],"author":[{"embeddable":true,"href":"https:\/\/www.casaldelsinfants.org\/es\/wp-json\/wp\/v2\/users\/1"}],"replies":[{"embeddable":true,"href":"https:\/\/www.casaldelsinfants.org\/es\/wp-json\/wp\/v2\/comments?post=4392"}],"version-history":[{"count":1,"href":"https:\/\/www.casaldelsinfants.org\/es\/wp-json\/wp\/v2\/posts\/4392\/revisions"}],"predecessor-version":[{"id":6346,"href":"https:\/\/www.casaldelsinfants.org\/es\/wp-json\/wp\/v2\/posts\/4392\/revisions\/6346"}],"wp:attachment":[{"href":"https:\/\/www.casaldelsinfants.org\/es\/wp-json\/wp\/v2\/media?parent=4392"}],"wp:term":[{"taxonomy":"category","embeddable":true,"href":"https:\/\/www.casaldelsinfants.org\/es\/wp-json\/wp\/v2\/categories?post=4392"},{"taxonomy":"post_tag","embeddable":true,"href":"https:\/\/www.casaldelsinfants.org\/es\/wp-json\/wp\/v2\/tags?post=4392"},{"taxonomy":"seus","embeddable":true,"href":"https:\/\/www.casaldelsinfants.org\/es\/wp-json\/wp\/v2\/seus?post=4392"},{"taxonomy":"eixos","embeddable":true,"href":"https:\/\/www.casaldelsinfants.org\/es\/wp-json\/wp\/v2\/eixos?post=4392"}],"curies":[{"name":"wp","href":"https:\/\/api.w.org\/{rel}","templated":true}]}}